{"id":9175,"date":"2026-04-26T07:52:06","date_gmt":"2026-04-26T10:52:06","guid":{"rendered":"https:\/\/motorista.com.br\/noticias\/2026\/04\/26\/tarifa-media-dos-passageiros-aumentou-178-em-marco-diz-anac\/"},"modified":"2026-04-26T07:52:06","modified_gmt":"2026-04-26T10:52:06","slug":"tarifa-media-dos-passageiros-aumentou-178-em-marco-diz-anac","status":"publish","type":"post","link":"https:\/\/motorista.com.br\/noticias\/2026\/04\/26\/tarifa-media-dos-passageiros-aumentou-178-em-marco-diz-anac\/","title":{"rendered":"Tarifa m\u00e9dia dos passageiros aumentou 17,8% em mar\u00e7o, diz ANAC."},"content":{"rendered":"<p><\/p>\n<p><strong>Tarifa m\u00e9dia paga por passageiros subiu 17,8% em mar\u00e7o, afirma ANAC<\/strong><\/p>\n<p>A tarifa real m\u00e9dia do setor a\u00e9reo registrou um aumento de 17,8% em mar\u00e7o em compara\u00e7\u00e3o ao mesmo per\u00edodo do ano anterior, conforme divulgado pela ANAC (Ag\u00eancia Nacional de Avia\u00e7\u00e3o Civil). O pre\u00e7o m\u00e9dio das passagens alcan\u00e7ou R$ 707,16, considerando os ajustes pelo IPCA.<\/p>\n<p>Essa alta nas tarifas reflete uma s\u00e9rie de fatores que v\u00e3o al\u00e9m da simples din\u00e2mica de oferta e demanda. A metodologia utilizada pela ANAC considera apenas o pre\u00e7o da tarifa bruta, desconsiderando outras vari\u00e1veis como franquia de bagagem e marca\u00e7\u00e3o de assentos. Al\u00e9m disso, o valor m\u00e9dio pago por quil\u00f4metro voado tamb\u00e9m teve um crescimento significativo de 19,4% quando comparado ao ano anterior, embora tenha apresentado uma leve redu\u00e7\u00e3o de 2,5% em rela\u00e7\u00e3o a 2024.<\/p>\n<p>\u00c9 importante ressaltar que a maioria dos assentos comercializados (45,4%) ficou na faixa de pre\u00e7o abaixo de R$ 500, enquanto apenas 8,2% foram vendidos por mais de R$ 1,5 mil. A regula\u00e7\u00e3o da ANAC reconhece que os aumentos registrados est\u00e3o dentro de uma margem t\u00edpica de varia\u00e7\u00e3o no setor, mesmo diante do contexto de conflitos externos que t\u00eam impactado a avia\u00e7\u00e3o em escala global.<\/p>\n<h3>Implica\u00e7\u00f5es para Motoristas e Mobilidade<\/h3>\n<p>O incremento nas tarifas a\u00e9reas pode trazer repercuss\u00f5es significativas n\u00e3o apenas para o setor de avia\u00e7\u00e3o, mas tamb\u00e9m para a mobilidade geral. Em tempos em que os pre\u00e7os sobem, um n\u00famero crescente de passageiros pode optar por alternativas de transporte terrestre, como \u00f4nibus, vans ou servi\u00e7os de carona, impactando diretamente a demanda por esses meios.<\/p>\n<p>Al\u00e9m disso, motoristas que atuam em servi\u00e7os de transporte, como aplicativos de t\u00e1xi ou carona, podem observar um aumento em sua pr\u00f3pria demanda. \u00c0 medida que as passagens a\u00e9reas se tornam menos acess\u00edveis, mais pessoas podem preferir viagens rodovi\u00e1rias para destinos mais pr\u00f3ximos, o que pode ser uma oportunidade para os motoristas incrementarem suas atividades.<\/p>\n<p>Por outro lado, a crescente press\u00e3o sobre a infraestrutura de transporte terrestre, originada por uma mudan\u00e7a no padr\u00e3o de mobilidade, pode trazer desafios. Aumentar o fluxo de ve\u00edculos nas estradas demanda melhorias na infraestrutura e planejamento urbano para evitar congestionamentos e garantir a seguran\u00e7a dos motoristas e passageiros.<\/p>\n<h3>Conclus\u00e3o<\/h3>\n<p>Portanto, o aumento nas tarifas a\u00e9reas n\u00e3o \u00e9 um fen\u00f4meno isolado; ele reverbera atrav\u00e9s de toda a rede de mobilidade. Motoristas e outras partes envolvidas no transporte devem estar atentos a essas mudan\u00e7as, adaptando suas estrat\u00e9gias e opera\u00e7\u00f5es para melhor atender \u00e0s necessidades de um p\u00fablico em transforma\u00e7\u00e3o. Essa adapta\u00e7\u00e3o n\u00e3o \u00e9 apenas uma quest\u00e3o de sobreviv\u00eancia no mundo dos neg\u00f3cios, mas tamb\u00e9m uma contribui\u00e7\u00e3o valiosa para a mobilidade sustent\u00e1vel nas cidades.<\/p>\n","protected":false},"excerpt":{"rendered":"<p>Tarifa m\u00e9dia paga por passageiros subiu 17,8% em mar\u00e7o, afirma ANAC A tarifa real m\u00e9dia do setor a\u00e9reo registrou um aumento de 17,8% em mar\u00e7o em compara\u00e7\u00e3o ao mesmo per\u00edodo do ano anterior, conforme divulgado pela ANAC (Ag\u00eancia Nacional de Avia\u00e7\u00e3o Civil). O pre\u00e7o m\u00e9dio das passagens alcan\u00e7ou R$ 707,16, considerando os ajustes pelo IPCA. &hellip;<\/p>\n","protected":false},"author":4,"featured_media":9176,"comment_status":"","ping_status":"open","sticky":false,"template":"","format":"standard","meta":{"footnotes":""},"categories":[45],"tags":[],"coauthors":[42],"class_list":["post-9175","post","type-post","status-publish","format-standard","has-post-thumbnail","hentry","category-mundo"],"yoast_head":"<!-- This site is optimized with the Yoast SEO Premium plugin v25.5 (Yoast SEO v27.4) - https:\/\/yoast.com\/product\/yoast-seo-premium-wordpress\/ -->\n<title>Tarifa m\u00e9dia dos passageiros aumentou 17,8% em mar\u00e7o, diz ANAC. - Motorista.com.br<\/title>\n<meta name=\"robots\" content=\"index, follow, max-snippet:-1, max-image-preview:large, max-video-preview:-1\" \/>\n<link rel=\"canonical\" href=\"https:\/\/motorista.com.br\/noticias\/2026\/04\/26\/tarifa-media-dos-passageiros-aumentou-178-em-marco-diz-anac\/\" \/>\n<meta property=\"og:locale\" content=\"pt_BR\" \/>\n<meta property=\"og:type\" content=\"article\" \/>\n<meta property=\"og:title\" content=\"Tarifa m\u00e9dia dos passageiros aumentou 17,8% em mar\u00e7o, diz ANAC.\" \/>\n<meta property=\"og:description\" content=\"Tarifa m\u00e9dia paga por passageiros subiu 17,8% em mar\u00e7o, afirma ANAC A tarifa real m\u00e9dia do setor a\u00e9reo registrou um aumento de 17,8% em mar\u00e7o em compara\u00e7\u00e3o ao mesmo per\u00edodo do ano anterior, conforme divulgado pela ANAC (Ag\u00eancia Nacional de Avia\u00e7\u00e3o Civil). O pre\u00e7o m\u00e9dio das passagens alcan\u00e7ou R$ 707,16, considerando os ajustes pelo IPCA. &hellip;\" \/>\n<meta property=\"og:url\" content=\"https:\/\/motorista.com.br\/noticias\/2026\/04\/26\/tarifa-media-dos-passageiros-aumentou-178-em-marco-diz-anac\/\" \/>\n<meta property=\"og:site_name\" content=\"Motorista.com.br\" \/>\n<meta property=\"article:published_time\" content=\"2026-04-26T10:52:06+00:00\" \/>\n<meta name=\"author\" content=\"Equipe Reda\u00e7\u00e3o\" \/>\n<meta name=\"twitter:card\" content=\"summary_large_image\" \/>\n<meta name=\"twitter:label1\" content=\"Escrito por\" \/>\n\t<meta name=\"twitter:data1\" content=\"Equipe Reda\u00e7\u00e3o\" \/>\n\t<meta name=\"twitter:label2\" content=\"Est. tempo de leitura\" \/>\n\t<meta name=\"twitter:data2\" content=\"2 minutos\" \/>\n\t<meta name=\"twitter:label3\" content=\"Written by\" \/>\n\t<meta name=\"twitter:data3\" content=\"Equipe Reda\u00e7\u00e3o\" \/>\n<script type=\"application\/ld+json\" class=\"yoast-schema-graph\">{\"@context\":\"https:\\\/\\\/schema.org\",\"@graph\":[{\"@type\":\"Article\",\"@id\":\"https:\\\/\\\/motorista.com.br\\\/noticias\\\/2026\\\/04\\\/26\\\/tarifa-media-dos-passageiros-aumentou-178-em-marco-diz-anac\\\/#article\",\"isPartOf\":{\"@id\":\"https:\\\/\\\/motorista.com.br\\\/noticias\\\/2026\\\/04\\\/26\\\/tarifa-media-dos-passageiros-aumentou-178-em-marco-diz-anac\\\/\"},\"author\":{\"name\":\"Equipe Reda\u00e7\u00e3o\",\"@id\":\"https:\\\/\\\/motorista.com.br\\\/noticias\\\/#\\\/schema\\\/person\\\/dc93afc2981c0e3ce6bc3c053fd847be\"},\"headline\":\"Tarifa m\u00e9dia dos passageiros aumentou 17,8% em mar\u00e7o, diz ANAC.\",\"datePublished\":\"2026-04-26T10:52:06+00:00\",\"mainEntityOfPage\":{\"@id\":\"https:\\\/\\\/motorista.com.br\\\/noticias\\\/2026\\\/04\\\/26\\\/tarifa-media-dos-passageiros-aumentou-178-em-marco-diz-anac\\\/\"},\"wordCount\":499,\"publisher\":{\"@id\":\"https:\\\/\\\/motorista.com.br\\\/noticias\\\/#organization\"},\"image\":{\"@id\":\"https:\\\/\\\/motorista.com.br\\\/noticias\\\/2026\\\/04\\\/26\\\/tarifa-media-dos-passageiros-aumentou-178-em-marco-diz-anac\\\/#primaryimage\"},\"thumbnailUrl\":\"https:\\\/\\\/motorista.com.br\\\/noticias\\\/wp-content\\\/uploads\\\/2026\\\/04\\\/aeroporto-de-brasilia-foto-marcelo-camargo-agencia-brasil.jpg\",\"articleSection\":[\"Mundo\"],\"inLanguage\":\"pt-BR\"},{\"@type\":\"WebPage\",\"@id\":\"https:\\\/\\\/motorista.com.br\\\/noticias\\\/2026\\\/04\\\/26\\\/tarifa-media-dos-passageiros-aumentou-178-em-marco-diz-anac\\\/\",\"url\":\"https:\\\/\\\/motorista.com.br\\\/noticias\\\/2026\\\/04\\\/26\\\/tarifa-media-dos-passageiros-aumentou-178-em-marco-diz-anac\\\/\",\"name\":\"Tarifa m\u00e9dia dos passageiros aumentou 17,8% em mar\u00e7o, diz ANAC. - Motorista.com.br\",\"isPartOf\":{\"@id\":\"https:\\\/\\\/motorista.com.br\\\/noticias\\\/#website\"},\"primaryImageOfPage\":{\"@id\":\"https:\\\/\\\/motorista.com.br\\\/noticias\\\/2026\\\/04\\\/26\\\/tarifa-media-dos-passageiros-aumentou-178-em-marco-diz-anac\\\/#primaryimage\"},\"image\":{\"@id\":\"https:\\\/\\\/motorista.com.br\\\/noticias\\\/2026\\\/04\\\/26\\\/tarifa-media-dos-passageiros-aumentou-178-em-marco-diz-anac\\\/#primaryimage\"},\"thumbnailUrl\":\"https:\\\/\\\/motorista.com.br\\\/noticias\\\/wp-content\\\/uploads\\\/2026\\\/04\\\/aeroporto-de-brasilia-foto-marcelo-camargo-agencia-brasil.jpg\",\"datePublished\":\"2026-04-26T10:52:06+00:00\",\"breadcrumb\":{\"@id\":\"https:\\\/\\\/motorista.com.br\\\/noticias\\\/2026\\\/04\\\/26\\\/tarifa-media-dos-passageiros-aumentou-178-em-marco-diz-anac\\\/#breadcrumb\"},\"inLanguage\":\"pt-BR\",\"potentialAction\":[{\"@type\":\"ReadAction\",\"target\":[\"https:\\\/\\\/motorista.com.br\\\/noticias\\\/2026\\\/04\\\/26\\\/tarifa-media-dos-passageiros-aumentou-178-em-marco-diz-anac\\\/\"]}]},{\"@type\":\"ImageObject\",\"inLanguage\":\"pt-BR\",\"@id\":\"https:\\\/\\\/motorista.com.br\\\/noticias\\\/2026\\\/04\\\/26\\\/tarifa-media-dos-passageiros-aumentou-178-em-marco-diz-anac\\\/#primaryimage\",\"url\":\"https:\\\/\\\/motorista.com.br\\\/noticias\\\/wp-content\\\/uploads\\\/2026\\\/04\\\/aeroporto-de-brasilia-foto-marcelo-camargo-agencia-brasil.jpg\",\"contentUrl\":\"https:\\\/\\\/motorista.com.br\\\/noticias\\\/wp-content\\\/uploads\\\/2026\\\/04\\\/aeroporto-de-brasilia-foto-marcelo-camargo-agencia-brasil.jpg\",\"width\":1280,\"height\":765},{\"@type\":\"BreadcrumbList\",\"@id\":\"https:\\\/\\\/motorista.com.br\\\/noticias\\\/2026\\\/04\\\/26\\\/tarifa-media-dos-passageiros-aumentou-178-em-marco-diz-anac\\\/#breadcrumb\",\"itemListElement\":[{\"@type\":\"ListItem\",\"position\":1,\"name\":\"In\u00edcio\",\"item\":\"https:\\\/\\\/motorista.com.br\\\/noticias\\\/\"},{\"@type\":\"ListItem\",\"position\":2,\"name\":\"Tarifa m\u00e9dia dos passageiros aumentou 17,8% em mar\u00e7o, diz ANAC.\"}]},{\"@type\":\"WebSite\",\"@id\":\"https:\\\/\\\/motorista.com.br\\\/noticias\\\/#website\",\"url\":\"https:\\\/\\\/motorista.com.br\\\/noticias\\\/\",\"name\":\"Motorista.com.br\",\"description\":\"Not\u00edcia do Motorista\",\"publisher\":{\"@id\":\"https:\\\/\\\/motorista.com.br\\\/noticias\\\/#organization\"},\"potentialAction\":[{\"@type\":\"SearchAction\",\"target\":{\"@type\":\"EntryPoint\",\"urlTemplate\":\"https:\\\/\\\/motorista.com.br\\\/noticias\\\/?s={search_term_string}\"},\"query-input\":{\"@type\":\"PropertyValueSpecification\",\"valueRequired\":true,\"valueName\":\"search_term_string\"}}],\"inLanguage\":\"pt-BR\"},{\"@type\":\"Organization\",\"@id\":\"https:\\\/\\\/motorista.com.br\\\/noticias\\\/#organization\",\"name\":\"Motorista.com.br\",\"url\":\"https:\\\/\\\/motorista.com.br\\\/noticias\\\/\",\"logo\":{\"@type\":\"ImageObject\",\"inLanguage\":\"pt-BR\",\"@id\":\"https:\\\/\\\/motorista.com.br\\\/noticias\\\/#\\\/schema\\\/logo\\\/image\\\/\",\"url\":\"https:\\\/\\\/motorista.com.br\\\/noticias\\\/wp-content\\\/uploads\\\/2025\\\/06\\\/Design-sem-nome-9.png\",\"contentUrl\":\"https:\\\/\\\/motorista.com.br\\\/noticias\\\/wp-content\\\/uploads\\\/2025\\\/06\\\/Design-sem-nome-9.png\",\"width\":150,\"height\":85,\"caption\":\"Motorista.com.br\"},\"image\":{\"@id\":\"https:\\\/\\\/motorista.com.br\\\/noticias\\\/#\\\/schema\\\/logo\\\/image\\\/\"}},{\"@type\":\"Person\",\"@id\":\"https:\\\/\\\/motorista.com.br\\\/noticias\\\/#\\\/schema\\\/person\\\/dc93afc2981c0e3ce6bc3c053fd847be\",\"name\":\"Equipe Reda\u00e7\u00e3o\",\"image\":{\"@type\":\"ImageObject\",\"inLanguage\":\"pt-BR\",\"@id\":\"https:\\\/\\\/secure.gravatar.com\\\/avatar\\\/4f525efbf18dd2bb300ccad28bfb99d95a9465a5ba268407c8c37b37e1f28d2d?s=96&d=mm&r=g9e099043a0c61e9ae27e293b9fa75ffc\",\"url\":\"https:\\\/\\\/secure.gravatar.com\\\/avatar\\\/4f525efbf18dd2bb300ccad28bfb99d95a9465a5ba268407c8c37b37e1f28d2d?s=96&d=mm&r=g\",\"contentUrl\":\"https:\\\/\\\/secure.gravatar.com\\\/avatar\\\/4f525efbf18dd2bb300ccad28bfb99d95a9465a5ba268407c8c37b37e1f28d2d?s=96&d=mm&r=g\",\"caption\":\"Equipe Reda\u00e7\u00e3o\"},\"description\":\"Equipe de reda\u00e7\u00e3o \u00e9 um grupo de profissionais que trabalham juntos para criar conte\u00fado escrito para Motorista.com.br\",\"url\":\"https:\\\/\\\/motorista.com.br\\\/noticias\\\/author\\\/equiperedacao\\\/\"}]}<\/script>\n<!-- \/ Yoast SEO Premium plugin. -->","yoast_head_json":{"title":"Tarifa m\u00e9dia dos passageiros aumentou 17,8% em mar\u00e7o, diz ANAC. - Motorista.com.br","robots":{"index":"index","follow":"follow","max-snippet":"max-snippet:-1","max-image-preview":"max-image-preview:large","max-video-preview":"max-video-preview:-1"},"canonical":"https:\/\/motorista.com.br\/noticias\/2026\/04\/26\/tarifa-media-dos-passageiros-aumentou-178-em-marco-diz-anac\/","og_locale":"pt_BR","og_type":"article","og_title":"Tarifa m\u00e9dia dos passageiros aumentou 17,8% em mar\u00e7o, diz ANAC.","og_description":"Tarifa m\u00e9dia paga por passageiros subiu 17,8% em mar\u00e7o, afirma ANAC A tarifa real m\u00e9dia do setor a\u00e9reo registrou um aumento de 17,8% em mar\u00e7o em compara\u00e7\u00e3o ao mesmo per\u00edodo do ano anterior, conforme divulgado pela ANAC (Ag\u00eancia Nacional de Avia\u00e7\u00e3o Civil). O pre\u00e7o m\u00e9dio das passagens alcan\u00e7ou R$ 707,16, considerando os ajustes pelo IPCA. &hellip;","og_url":"https:\/\/motorista.com.br\/noticias\/2026\/04\/26\/tarifa-media-dos-passageiros-aumentou-178-em-marco-diz-anac\/","og_site_name":"Motorista.com.br","article_published_time":"2026-04-26T10:52:06+00:00","author":"Equipe Reda\u00e7\u00e3o","twitter_card":"summary_large_image","twitter_misc":{"Escrito por":"Equipe Reda\u00e7\u00e3o","Est. tempo de leitura":"2 minutos","Written by":"Equipe Reda\u00e7\u00e3o"},"schema":{"@context":"https:\/\/schema.org","@graph":[{"@type":"Article","@id":"https:\/\/motorista.com.br\/noticias\/2026\/04\/26\/tarifa-media-dos-passageiros-aumentou-178-em-marco-diz-anac\/#article","isPartOf":{"@id":"https:\/\/motorista.com.br\/noticias\/2026\/04\/26\/tarifa-media-dos-passageiros-aumentou-178-em-marco-diz-anac\/"},"author":{"name":"Equipe Reda\u00e7\u00e3o","@id":"https:\/\/motorista.com.br\/noticias\/#\/schema\/person\/dc93afc2981c0e3ce6bc3c053fd847be"},"headline":"Tarifa m\u00e9dia dos passageiros aumentou 17,8% em mar\u00e7o, diz ANAC.","datePublished":"2026-04-26T10:52:06+00:00","mainEntityOfPage":{"@id":"https:\/\/motorista.com.br\/noticias\/2026\/04\/26\/tarifa-media-dos-passageiros-aumentou-178-em-marco-diz-anac\/"},"wordCount":499,"publisher":{"@id":"https:\/\/motorista.com.br\/noticias\/#organization"},"image":{"@id":"https:\/\/motorista.com.br\/noticias\/2026\/04\/26\/tarifa-media-dos-passageiros-aumentou-178-em-marco-diz-anac\/#primaryimage"},"thumbnailUrl":"https:\/\/motorista.com.br\/noticias\/wp-content\/uploads\/2026\/04\/aeroporto-de-brasilia-foto-marcelo-camargo-agencia-brasil.jpg","articleSection":["Mundo"],"inLanguage":"pt-BR"},{"@type":"WebPage","@id":"https:\/\/motorista.com.br\/noticias\/2026\/04\/26\/tarifa-media-dos-passageiros-aumentou-178-em-marco-diz-anac\/","url":"https:\/\/motorista.com.br\/noticias\/2026\/04\/26\/tarifa-media-dos-passageiros-aumentou-178-em-marco-diz-anac\/","name":"Tarifa m\u00e9dia dos passageiros aumentou 17,8% em mar\u00e7o, diz ANAC. - Motorista.com.br","isPartOf":{"@id":"https:\/\/motorista.com.br\/noticias\/#website"},"primaryImageOfPage":{"@id":"https:\/\/motorista.com.br\/noticias\/2026\/04\/26\/tarifa-media-dos-passageiros-aumentou-178-em-marco-diz-anac\/#primaryimage"},"image":{"@id":"https:\/\/motorista.com.br\/noticias\/2026\/04\/26\/tarifa-media-dos-passageiros-aumentou-178-em-marco-diz-anac\/#primaryimage"},"thumbnailUrl":"https:\/\/motorista.com.br\/noticias\/wp-content\/uploads\/2026\/04\/aeroporto-de-brasilia-foto-marcelo-camargo-agencia-brasil.jpg","datePublished":"2026-04-26T10:52:06+00:00","breadcrumb":{"@id":"https:\/\/motorista.com.br\/noticias\/2026\/04\/26\/tarifa-media-dos-passageiros-aumentou-178-em-marco-diz-anac\/#breadcrumb"},"inLanguage":"pt-BR","potentialAction":[{"@type":"ReadAction","target":["https:\/\/motorista.com.br\/noticias\/2026\/04\/26\/tarifa-media-dos-passageiros-aumentou-178-em-marco-diz-anac\/"]}]},{"@type":"ImageObject","inLanguage":"pt-BR","@id":"https:\/\/motorista.com.br\/noticias\/2026\/04\/26\/tarifa-media-dos-passageiros-aumentou-178-em-marco-diz-anac\/#primaryimage","url":"https:\/\/motorista.com.br\/noticias\/wp-content\/uploads\/2026\/04\/aeroporto-de-brasilia-foto-marcelo-camargo-agencia-brasil.jpg","contentUrl":"https:\/\/motorista.com.br\/noticias\/wp-content\/uploads\/2026\/04\/aeroporto-de-brasilia-foto-marcelo-camargo-agencia-brasil.jpg","width":1280,"height":765},{"@type":"BreadcrumbList","@id":"https:\/\/motorista.com.br\/noticias\/2026\/04\/26\/tarifa-media-dos-passageiros-aumentou-178-em-marco-diz-anac\/#breadcrumb","itemListElement":[{"@type":"ListItem","position":1,"name":"In\u00edcio","item":"https:\/\/motorista.com.br\/noticias\/"},{"@type":"ListItem","position":2,"name":"Tarifa m\u00e9dia dos passageiros aumentou 17,8% em mar\u00e7o, diz ANAC."}]},{"@type":"WebSite","@id":"https:\/\/motorista.com.br\/noticias\/#website","url":"https:\/\/motorista.com.br\/noticias\/","name":"Motorista.com.br","description":"Not\u00edcia do Motorista","publisher":{"@id":"https:\/\/motorista.com.br\/noticias\/#organization"},"potentialAction":[{"@type":"SearchAction","target":{"@type":"EntryPoint","urlTemplate":"https:\/\/motorista.com.br\/noticias\/?s={search_term_string}"},"query-input":{"@type":"PropertyValueSpecification","valueRequired":true,"valueName":"search_term_string"}}],"inLanguage":"pt-BR"},{"@type":"Organization","@id":"https:\/\/motorista.com.br\/noticias\/#organization","name":"Motorista.com.br","url":"https:\/\/motorista.com.br\/noticias\/","logo":{"@type":"ImageObject","inLanguage":"pt-BR","@id":"https:\/\/motorista.com.br\/noticias\/#\/schema\/logo\/image\/","url":"https:\/\/motorista.com.br\/noticias\/wp-content\/uploads\/2025\/06\/Design-sem-nome-9.png","contentUrl":"https:\/\/motorista.com.br\/noticias\/wp-content\/uploads\/2025\/06\/Design-sem-nome-9.png","width":150,"height":85,"caption":"Motorista.com.br"},"image":{"@id":"https:\/\/motorista.com.br\/noticias\/#\/schema\/logo\/image\/"}},{"@type":"Person","@id":"https:\/\/motorista.com.br\/noticias\/#\/schema\/person\/dc93afc2981c0e3ce6bc3c053fd847be","name":"Equipe Reda\u00e7\u00e3o","image":{"@type":"ImageObject","inLanguage":"pt-BR","@id":"https:\/\/secure.gravatar.com\/avatar\/4f525efbf18dd2bb300ccad28bfb99d95a9465a5ba268407c8c37b37e1f28d2d?s=96&d=mm&r=g9e099043a0c61e9ae27e293b9fa75ffc","url":"https:\/\/secure.gravatar.com\/avatar\/4f525efbf18dd2bb300ccad28bfb99d95a9465a5ba268407c8c37b37e1f28d2d?s=96&d=mm&r=g","contentUrl":"https:\/\/secure.gravatar.com\/avatar\/4f525efbf18dd2bb300ccad28bfb99d95a9465a5ba268407c8c37b37e1f28d2d?s=96&d=mm&r=g","caption":"Equipe Reda\u00e7\u00e3o"},"description":"Equipe de reda\u00e7\u00e3o \u00e9 um grupo de profissionais que trabalham juntos para criar conte\u00fado escrito para Motorista.com.br","url":"https:\/\/motorista.com.br\/noticias\/author\/equiperedacao\/"}]}},"_links":{"self":[{"href":"https:\/\/motorista.com.br\/noticias\/wp-json\/wp\/v2\/posts\/9175","targetHints":{"allow":["GET"]}}],"collection":[{"href":"https:\/\/motorista.com.br\/noticias\/wp-json\/wp\/v2\/posts"}],"about":[{"href":"https:\/\/motorista.com.br\/noticias\/wp-json\/wp\/v2\/types\/post"}],"author":[{"embeddable":true,"href":"https:\/\/motorista.com.br\/noticias\/wp-json\/wp\/v2\/users\/4"}],"replies":[{"embeddable":true,"href":"https:\/\/motorista.com.br\/noticias\/wp-json\/wp\/v2\/comments?post=9175"}],"version-history":[{"count":0,"href":"https:\/\/motorista.com.br\/noticias\/wp-json\/wp\/v2\/posts\/9175\/revisions"}],"wp:featuredmedia":[{"embeddable":true,"href":"https:\/\/motorista.com.br\/noticias\/wp-json\/wp\/v2\/media\/9176"}],"wp:attachment":[{"href":"https:\/\/motorista.com.br\/noticias\/wp-json\/wp\/v2\/media?parent=9175"}],"wp:term":[{"taxonomy":"category","embeddable":true,"href":"https:\/\/motorista.com.br\/noticias\/wp-json\/wp\/v2\/categories?post=9175"},{"taxonomy":"post_tag","embeddable":true,"href":"https:\/\/motorista.com.br\/noticias\/wp-json\/wp\/v2\/tags?post=9175"},{"taxonomy":"author","embeddable":true,"href":"https:\/\/motorista.com.br\/noticias\/wp-json\/wp\/v2\/coauthors?post=9175"}],"curies":[{"name":"wp","href":"https:\/\/api.w.org\/{rel}","templated":true}]}}