{"id":9174,"date":"2026-04-26T07:37:26","date_gmt":"2026-04-26T10:37:26","guid":{"rendered":"https:\/\/motorista.com.br\/noticias\/2026\/04\/26\/abcr-se-junta-ao-instituto-brasil-logistica-ibl-2\/"},"modified":"2026-04-26T07:37:26","modified_gmt":"2026-04-26T10:37:26","slug":"abcr-se-junta-ao-instituto-brasil-logistica-ibl-2","status":"publish","type":"post","link":"https:\/\/motorista.com.br\/noticias\/2026\/04\/26\/abcr-se-junta-ao-instituto-brasil-logistica-ibl-2\/","title":{"rendered":"ABCR se junta ao Instituto Brasil Log\u00edstica &#8211; IBL"},"content":{"rendered":"<p><\/p>\n<h3>A ABCR agora faz parte do Instituto Brasil Log\u00edstica \u2013 IBL: Implica\u00e7\u00f5es e Benef\u00edcios para Motoristas e Mobilidade<\/h3>\n<p>A recente incorpora\u00e7\u00e3o da Associa\u00e7\u00e3o Brasileira de Concession\u00e1rias de Rodovias (ABCR) ao Instituto Brasil Log\u00edstica (IBL) representa um passo importante para o setor de transportes no Brasil. Essa uni\u00e3o traz uma s\u00e9rie de consequ\u00eancias positivas tanto para motoristas quanto para a mobilidade urbana e rodovi\u00e1ria no pa\u00eds.<\/p>\n<h4>Aumento da Gest\u00e3o e Transpar\u00eancia<\/h4>\n<p>Um dos principais benef\u00edcios dessa nova parceria \u00e9 a potencial evolu\u00e7\u00e3o na gest\u00e3o das opera\u00e7\u00f5es de transporte. Com o IBL, h\u00e1 uma expectativa de que as pr\u00e1ticas de governan\u00e7a e compliance sejam aprimoradas. A transpar\u00eancia no tratamento de dados e informa\u00e7\u00f5es permitir\u00e1 que motoristas tenham acesso mais f\u00e1cil a dados relevantes, ajudando-os a tomar decis\u00f5es informadas sobre rotas, seguran\u00e7a e hor\u00e1rios de trabalho. Isso n\u00e3o apenas melhora a experi\u00eancia do motorista, mas tamb\u00e9m promove um fluxo de informa\u00e7\u00f5es mais eficiente nas estradas.<\/p>\n<h4>Foco na Prote\u00e7\u00e3o de Dados<\/h4>\n<p>A uni\u00e3o entre ABCR e IBL tamb\u00e9m destaca um compromisso crescente com a prote\u00e7\u00e3o de dados pessoais. Ao implementar pr\u00e1ticas s\u00f3lidas de conformidade, a parceria lan\u00e7a luz sobre o tratamento \u00e9tico e respons\u00e1vel de informa\u00e7\u00f5es, garantindo que os motoristas tenham seus direitos respeitados. Essa confian\u00e7a no sistema \u00e9 fundamental para fortalecer a rela\u00e7\u00e3o entre usu\u00e1rios e prestadores de servi\u00e7os, fomentando um ambiente mais seguro e cooperativo.<\/p>\n<h4>Fortalecimento da Mobilidade<\/h4>\n<p>Com a cria\u00e7\u00e3o de pol\u00edticas mais eficazes e integradas entre os setores privado e p\u00fablico, a mobilidade como um todo pode ser significativamente aprimorada. O IBL est\u00e1 posicionado para fomentar di\u00e1logos mais produtivos entre diferentes stakeholders, que incluir\u00e3o motoristas, concession\u00e1rias e \u00f3rg\u00e3os governamentais. A melhoria na infraestrutura vi\u00e1ria e a otimiza\u00e7\u00e3o dos servi\u00e7os de transporte resultam em trajetos mais seguros, reduzindo o tempo de viagem e aumentando a efici\u00eancia no tr\u00e2nsito.<\/p>\n<h4>Conclus\u00e3o<\/h4>\n<p>A integra\u00e7\u00e3o da ABCR ao IBL n\u00e3o \u00e9 apenas uma fus\u00e3o de entidades; \u00e9 uma oportunidade de transformar o cen\u00e1rio do transporte rodovi\u00e1rio no Brasil. Com uma abordagem centrada na transpar\u00eancia, no respeito aos dados pessoais e na melhoria da mobilidade, essa iniciativa pode beneficiar todos os motoristas, contribuindo para um setor mais organizado e respons\u00e1vel. A expectativa \u00e9 que, com esse novo alinhamento, o Brasil avance em dire\u00e7\u00e3o a um futuro mais sustent\u00e1vel e eficiente nas estradas. <\/p>\n<p><strong>Fonte: ibl<\/strong><\/p>\n","protected":false},"excerpt":{"rendered":"<p>A ABCR agora faz parte do Instituto Brasil Log\u00edstica \u2013 IBL: Implica\u00e7\u00f5es e Benef\u00edcios para Motoristas e Mobilidade A recente incorpora\u00e7\u00e3o da Associa\u00e7\u00e3o Brasileira de Concession\u00e1rias de Rodovias (ABCR) ao Instituto Brasil Log\u00edstica (IBL) representa um passo importante para o setor de transportes no Brasil. Essa uni\u00e3o traz uma s\u00e9rie de consequ\u00eancias positivas tanto para &hellip;<\/p>\n","protected":false},"author":4,"featured_media":9065,"comment_status":"","ping_status":"open","sticky":false,"template":"","format":"standard","meta":{"footnotes":""},"categories":[62],"tags":[],"coauthors":[42],"class_list":["post-9174","post","type-post","status-publish","format-standard","has-post-thumbnail","hentry","category-logistica"],"yoast_head":"<!-- This site is optimized with the Yoast SEO Premium plugin v25.5 (Yoast SEO v27.4) - https:\/\/yoast.com\/product\/yoast-seo-premium-wordpress\/ -->\n<title>ABCR se junta ao Instituto Brasil Log\u00edstica - IBL - Motorista.com.br<\/title>\n<meta name=\"robots\" content=\"index, follow, max-snippet:-1, max-image-preview:large, max-video-preview:-1\" \/>\n<link rel=\"canonical\" href=\"https:\/\/motorista.com.br\/noticias\/2026\/04\/26\/abcr-se-junta-ao-instituto-brasil-logistica-ibl-2\/\" \/>\n<meta property=\"og:locale\" content=\"pt_BR\" \/>\n<meta property=\"og:type\" content=\"article\" \/>\n<meta property=\"og:title\" content=\"ABCR se junta ao Instituto Brasil Log\u00edstica - IBL\" \/>\n<meta property=\"og:description\" content=\"A ABCR agora faz parte do Instituto Brasil Log\u00edstica \u2013 IBL: Implica\u00e7\u00f5es e Benef\u00edcios para Motoristas e Mobilidade A recente incorpora\u00e7\u00e3o da Associa\u00e7\u00e3o Brasileira de Concession\u00e1rias de Rodovias (ABCR) ao Instituto Brasil Log\u00edstica (IBL) representa um passo importante para o setor de transportes no Brasil. Essa uni\u00e3o traz uma s\u00e9rie de consequ\u00eancias positivas tanto para &hellip;\" \/>\n<meta property=\"og:url\" content=\"https:\/\/motorista.com.br\/noticias\/2026\/04\/26\/abcr-se-junta-ao-instituto-brasil-logistica-ibl-2\/\" \/>\n<meta property=\"og:site_name\" content=\"Motorista.com.br\" \/>\n<meta property=\"article:published_time\" content=\"2026-04-26T10:37:26+00:00\" \/>\n<meta name=\"author\" content=\"Equipe Reda\u00e7\u00e3o\" \/>\n<meta name=\"twitter:card\" content=\"summary_large_image\" \/>\n<meta name=\"twitter:label1\" content=\"Escrito por\" \/>\n\t<meta name=\"twitter:data1\" content=\"Equipe Reda\u00e7\u00e3o\" \/>\n\t<meta name=\"twitter:label2\" content=\"Est. tempo de leitura\" \/>\n\t<meta name=\"twitter:data2\" content=\"2 minutos\" \/>\n\t<meta name=\"twitter:label3\" content=\"Written by\" \/>\n\t<meta name=\"twitter:data3\" content=\"Equipe Reda\u00e7\u00e3o\" \/>\n<script type=\"application\/ld+json\" class=\"yoast-schema-graph\">{\"@context\":\"https:\\\/\\\/schema.org\",\"@graph\":[{\"@type\":\"Article\",\"@id\":\"https:\\\/\\\/motorista.com.br\\\/noticias\\\/2026\\\/04\\\/26\\\/abcr-se-junta-ao-instituto-brasil-logistica-ibl-2\\\/#article\",\"isPartOf\":{\"@id\":\"https:\\\/\\\/motorista.com.br\\\/noticias\\\/2026\\\/04\\\/26\\\/abcr-se-junta-ao-instituto-brasil-logistica-ibl-2\\\/\"},\"author\":{\"name\":\"Equipe Reda\u00e7\u00e3o\",\"@id\":\"https:\\\/\\\/motorista.com.br\\\/noticias\\\/#\\\/schema\\\/person\\\/dc93afc2981c0e3ce6bc3c053fd847be\"},\"headline\":\"ABCR se junta ao Instituto Brasil Log\u00edstica &#8211; IBL\",\"datePublished\":\"2026-04-26T10:37:26+00:00\",\"mainEntityOfPage\":{\"@id\":\"https:\\\/\\\/motorista.com.br\\\/noticias\\\/2026\\\/04\\\/26\\\/abcr-se-junta-ao-instituto-brasil-logistica-ibl-2\\\/\"},\"wordCount\":447,\"publisher\":{\"@id\":\"https:\\\/\\\/motorista.com.br\\\/noticias\\\/#organization\"},\"image\":{\"@id\":\"https:\\\/\\\/motorista.com.br\\\/noticias\\\/2026\\\/04\\\/26\\\/abcr-se-junta-ao-instituto-brasil-logistica-ibl-2\\\/#primaryimage\"},\"thumbnailUrl\":\"https:\\\/\\\/motorista.com.br\\\/noticias\\\/wp-content\\\/uploads\\\/2026\\\/04\\\/WhatsApp-Image-2026-04-23-at-18.44.28.jpeg\",\"articleSection\":[\"Log\u00edstica\"],\"inLanguage\":\"pt-BR\"},{\"@type\":\"WebPage\",\"@id\":\"https:\\\/\\\/motorista.com.br\\\/noticias\\\/2026\\\/04\\\/26\\\/abcr-se-junta-ao-instituto-brasil-logistica-ibl-2\\\/\",\"url\":\"https:\\\/\\\/motorista.com.br\\\/noticias\\\/2026\\\/04\\\/26\\\/abcr-se-junta-ao-instituto-brasil-logistica-ibl-2\\\/\",\"name\":\"ABCR se junta ao Instituto Brasil Log\u00edstica - IBL - Motorista.com.br\",\"isPartOf\":{\"@id\":\"https:\\\/\\\/motorista.com.br\\\/noticias\\\/#website\"},\"primaryImageOfPage\":{\"@id\":\"https:\\\/\\\/motorista.com.br\\\/noticias\\\/2026\\\/04\\\/26\\\/abcr-se-junta-ao-instituto-brasil-logistica-ibl-2\\\/#primaryimage\"},\"image\":{\"@id\":\"https:\\\/\\\/motorista.com.br\\\/noticias\\\/2026\\\/04\\\/26\\\/abcr-se-junta-ao-instituto-brasil-logistica-ibl-2\\\/#primaryimage\"},\"thumbnailUrl\":\"https:\\\/\\\/motorista.com.br\\\/noticias\\\/wp-content\\\/uploads\\\/2026\\\/04\\\/WhatsApp-Image-2026-04-23-at-18.44.28.jpeg\",\"datePublished\":\"2026-04-26T10:37:26+00:00\",\"breadcrumb\":{\"@id\":\"https:\\\/\\\/motorista.com.br\\\/noticias\\\/2026\\\/04\\\/26\\\/abcr-se-junta-ao-instituto-brasil-logistica-ibl-2\\\/#breadcrumb\"},\"inLanguage\":\"pt-BR\",\"potentialAction\":[{\"@type\":\"ReadAction\",\"target\":[\"https:\\\/\\\/motorista.com.br\\\/noticias\\\/2026\\\/04\\\/26\\\/abcr-se-junta-ao-instituto-brasil-logistica-ibl-2\\\/\"]}]},{\"@type\":\"ImageObject\",\"inLanguage\":\"pt-BR\",\"@id\":\"https:\\\/\\\/motorista.com.br\\\/noticias\\\/2026\\\/04\\\/26\\\/abcr-se-junta-ao-instituto-brasil-logistica-ibl-2\\\/#primaryimage\",\"url\":\"https:\\\/\\\/motorista.com.br\\\/noticias\\\/wp-content\\\/uploads\\\/2026\\\/04\\\/WhatsApp-Image-2026-04-23-at-18.44.28.jpeg\",\"contentUrl\":\"https:\\\/\\\/motorista.com.br\\\/noticias\\\/wp-content\\\/uploads\\\/2026\\\/04\\\/WhatsApp-Image-2026-04-23-at-18.44.28.jpeg\",\"width\":1600,\"height\":900},{\"@type\":\"BreadcrumbList\",\"@id\":\"https:\\\/\\\/motorista.com.br\\\/noticias\\\/2026\\\/04\\\/26\\\/abcr-se-junta-ao-instituto-brasil-logistica-ibl-2\\\/#breadcrumb\",\"itemListElement\":[{\"@type\":\"ListItem\",\"position\":1,\"name\":\"In\u00edcio\",\"item\":\"https:\\\/\\\/motorista.com.br\\\/noticias\\\/\"},{\"@type\":\"ListItem\",\"position\":2,\"name\":\"ABCR se junta ao Instituto Brasil Log\u00edstica &#8211; IBL\"}]},{\"@type\":\"WebSite\",\"@id\":\"https:\\\/\\\/motorista.com.br\\\/noticias\\\/#website\",\"url\":\"https:\\\/\\\/motorista.com.br\\\/noticias\\\/\",\"name\":\"Motorista.com.br\",\"description\":\"Not\u00edcia do Motorista\",\"publisher\":{\"@id\":\"https:\\\/\\\/motorista.com.br\\\/noticias\\\/#organization\"},\"potentialAction\":[{\"@type\":\"SearchAction\",\"target\":{\"@type\":\"EntryPoint\",\"urlTemplate\":\"https:\\\/\\\/motorista.com.br\\\/noticias\\\/?s={search_term_string}\"},\"query-input\":{\"@type\":\"PropertyValueSpecification\",\"valueRequired\":true,\"valueName\":\"search_term_string\"}}],\"inLanguage\":\"pt-BR\"},{\"@type\":\"Organization\",\"@id\":\"https:\\\/\\\/motorista.com.br\\\/noticias\\\/#organization\",\"name\":\"Motorista.com.br\",\"url\":\"https:\\\/\\\/motorista.com.br\\\/noticias\\\/\",\"logo\":{\"@type\":\"ImageObject\",\"inLanguage\":\"pt-BR\",\"@id\":\"https:\\\/\\\/motorista.com.br\\\/noticias\\\/#\\\/schema\\\/logo\\\/image\\\/\",\"url\":\"https:\\\/\\\/motorista.com.br\\\/noticias\\\/wp-content\\\/uploads\\\/2025\\\/06\\\/Design-sem-nome-9.png\",\"contentUrl\":\"https:\\\/\\\/motorista.com.br\\\/noticias\\\/wp-content\\\/uploads\\\/2025\\\/06\\\/Design-sem-nome-9.png\",\"width\":150,\"height\":85,\"caption\":\"Motorista.com.br\"},\"image\":{\"@id\":\"https:\\\/\\\/motorista.com.br\\\/noticias\\\/#\\\/schema\\\/logo\\\/image\\\/\"}},{\"@type\":\"Person\",\"@id\":\"https:\\\/\\\/motorista.com.br\\\/noticias\\\/#\\\/schema\\\/person\\\/dc93afc2981c0e3ce6bc3c053fd847be\",\"name\":\"Equipe Reda\u00e7\u00e3o\",\"image\":{\"@type\":\"ImageObject\",\"inLanguage\":\"pt-BR\",\"@id\":\"https:\\\/\\\/secure.gravatar.com\\\/avatar\\\/4f525efbf18dd2bb300ccad28bfb99d95a9465a5ba268407c8c37b37e1f28d2d?s=96&d=mm&r=g9e099043a0c61e9ae27e293b9fa75ffc\",\"url\":\"https:\\\/\\\/secure.gravatar.com\\\/avatar\\\/4f525efbf18dd2bb300ccad28bfb99d95a9465a5ba268407c8c37b37e1f28d2d?s=96&d=mm&r=g\",\"contentUrl\":\"https:\\\/\\\/secure.gravatar.com\\\/avatar\\\/4f525efbf18dd2bb300ccad28bfb99d95a9465a5ba268407c8c37b37e1f28d2d?s=96&d=mm&r=g\",\"caption\":\"Equipe Reda\u00e7\u00e3o\"},\"description\":\"Equipe de reda\u00e7\u00e3o \u00e9 um grupo de profissionais que trabalham juntos para criar conte\u00fado escrito para Motorista.com.br\",\"url\":\"https:\\\/\\\/motorista.com.br\\\/noticias\\\/author\\\/equiperedacao\\\/\"}]}<\/script>\n<!-- \/ Yoast SEO Premium plugin. -->","yoast_head_json":{"title":"ABCR se junta ao Instituto Brasil Log\u00edstica - IBL - Motorista.com.br","robots":{"index":"index","follow":"follow","max-snippet":"max-snippet:-1","max-image-preview":"max-image-preview:large","max-video-preview":"max-video-preview:-1"},"canonical":"https:\/\/motorista.com.br\/noticias\/2026\/04\/26\/abcr-se-junta-ao-instituto-brasil-logistica-ibl-2\/","og_locale":"pt_BR","og_type":"article","og_title":"ABCR se junta ao Instituto Brasil Log\u00edstica - IBL","og_description":"A ABCR agora faz parte do Instituto Brasil Log\u00edstica \u2013 IBL: Implica\u00e7\u00f5es e Benef\u00edcios para Motoristas e Mobilidade A recente incorpora\u00e7\u00e3o da Associa\u00e7\u00e3o Brasileira de Concession\u00e1rias de Rodovias (ABCR) ao Instituto Brasil Log\u00edstica (IBL) representa um passo importante para o setor de transportes no Brasil. Essa uni\u00e3o traz uma s\u00e9rie de consequ\u00eancias positivas tanto para &hellip;","og_url":"https:\/\/motorista.com.br\/noticias\/2026\/04\/26\/abcr-se-junta-ao-instituto-brasil-logistica-ibl-2\/","og_site_name":"Motorista.com.br","article_published_time":"2026-04-26T10:37:26+00:00","author":"Equipe Reda\u00e7\u00e3o","twitter_card":"summary_large_image","twitter_misc":{"Escrito por":"Equipe Reda\u00e7\u00e3o","Est. tempo de leitura":"2 minutos","Written by":"Equipe Reda\u00e7\u00e3o"},"schema":{"@context":"https:\/\/schema.org","@graph":[{"@type":"Article","@id":"https:\/\/motorista.com.br\/noticias\/2026\/04\/26\/abcr-se-junta-ao-instituto-brasil-logistica-ibl-2\/#article","isPartOf":{"@id":"https:\/\/motorista.com.br\/noticias\/2026\/04\/26\/abcr-se-junta-ao-instituto-brasil-logistica-ibl-2\/"},"author":{"name":"Equipe Reda\u00e7\u00e3o","@id":"https:\/\/motorista.com.br\/noticias\/#\/schema\/person\/dc93afc2981c0e3ce6bc3c053fd847be"},"headline":"ABCR se junta ao Instituto Brasil Log\u00edstica &#8211; IBL","datePublished":"2026-04-26T10:37:26+00:00","mainEntityOfPage":{"@id":"https:\/\/motorista.com.br\/noticias\/2026\/04\/26\/abcr-se-junta-ao-instituto-brasil-logistica-ibl-2\/"},"wordCount":447,"publisher":{"@id":"https:\/\/motorista.com.br\/noticias\/#organization"},"image":{"@id":"https:\/\/motorista.com.br\/noticias\/2026\/04\/26\/abcr-se-junta-ao-instituto-brasil-logistica-ibl-2\/#primaryimage"},"thumbnailUrl":"https:\/\/motorista.com.br\/noticias\/wp-content\/uploads\/2026\/04\/WhatsApp-Image-2026-04-23-at-18.44.28.jpeg","articleSection":["Log\u00edstica"],"inLanguage":"pt-BR"},{"@type":"WebPage","@id":"https:\/\/motorista.com.br\/noticias\/2026\/04\/26\/abcr-se-junta-ao-instituto-brasil-logistica-ibl-2\/","url":"https:\/\/motorista.com.br\/noticias\/2026\/04\/26\/abcr-se-junta-ao-instituto-brasil-logistica-ibl-2\/","name":"ABCR se junta ao Instituto Brasil Log\u00edstica - IBL - Motorista.com.br","isPartOf":{"@id":"https:\/\/motorista.com.br\/noticias\/#website"},"primaryImageOfPage":{"@id":"https:\/\/motorista.com.br\/noticias\/2026\/04\/26\/abcr-se-junta-ao-instituto-brasil-logistica-ibl-2\/#primaryimage"},"image":{"@id":"https:\/\/motorista.com.br\/noticias\/2026\/04\/26\/abcr-se-junta-ao-instituto-brasil-logistica-ibl-2\/#primaryimage"},"thumbnailUrl":"https:\/\/motorista.com.br\/noticias\/wp-content\/uploads\/2026\/04\/WhatsApp-Image-2026-04-23-at-18.44.28.jpeg","datePublished":"2026-04-26T10:37:26+00:00","breadcrumb":{"@id":"https:\/\/motorista.com.br\/noticias\/2026\/04\/26\/abcr-se-junta-ao-instituto-brasil-logistica-ibl-2\/#breadcrumb"},"inLanguage":"pt-BR","potentialAction":[{"@type":"ReadAction","target":["https:\/\/motorista.com.br\/noticias\/2026\/04\/26\/abcr-se-junta-ao-instituto-brasil-logistica-ibl-2\/"]}]},{"@type":"ImageObject","inLanguage":"pt-BR","@id":"https:\/\/motorista.com.br\/noticias\/2026\/04\/26\/abcr-se-junta-ao-instituto-brasil-logistica-ibl-2\/#primaryimage","url":"https:\/\/motorista.com.br\/noticias\/wp-content\/uploads\/2026\/04\/WhatsApp-Image-2026-04-23-at-18.44.28.jpeg","contentUrl":"https:\/\/motorista.com.br\/noticias\/wp-content\/uploads\/2026\/04\/WhatsApp-Image-2026-04-23-at-18.44.28.jpeg","width":1600,"height":900},{"@type":"BreadcrumbList","@id":"https:\/\/motorista.com.br\/noticias\/2026\/04\/26\/abcr-se-junta-ao-instituto-brasil-logistica-ibl-2\/#breadcrumb","itemListElement":[{"@type":"ListItem","position":1,"name":"In\u00edcio","item":"https:\/\/motorista.com.br\/noticias\/"},{"@type":"ListItem","position":2,"name":"ABCR se junta ao Instituto Brasil Log\u00edstica &#8211; IBL"}]},{"@type":"WebSite","@id":"https:\/\/motorista.com.br\/noticias\/#website","url":"https:\/\/motorista.com.br\/noticias\/","name":"Motorista.com.br","description":"Not\u00edcia do Motorista","publisher":{"@id":"https:\/\/motorista.com.br\/noticias\/#organization"},"potentialAction":[{"@type":"SearchAction","target":{"@type":"EntryPoint","urlTemplate":"https:\/\/motorista.com.br\/noticias\/?s={search_term_string}"},"query-input":{"@type":"PropertyValueSpecification","valueRequired":true,"valueName":"search_term_string"}}],"inLanguage":"pt-BR"},{"@type":"Organization","@id":"https:\/\/motorista.com.br\/noticias\/#organization","name":"Motorista.com.br","url":"https:\/\/motorista.com.br\/noticias\/","logo":{"@type":"ImageObject","inLanguage":"pt-BR","@id":"https:\/\/motorista.com.br\/noticias\/#\/schema\/logo\/image\/","url":"https:\/\/motorista.com.br\/noticias\/wp-content\/uploads\/2025\/06\/Design-sem-nome-9.png","contentUrl":"https:\/\/motorista.com.br\/noticias\/wp-content\/uploads\/2025\/06\/Design-sem-nome-9.png","width":150,"height":85,"caption":"Motorista.com.br"},"image":{"@id":"https:\/\/motorista.com.br\/noticias\/#\/schema\/logo\/image\/"}},{"@type":"Person","@id":"https:\/\/motorista.com.br\/noticias\/#\/schema\/person\/dc93afc2981c0e3ce6bc3c053fd847be","name":"Equipe Reda\u00e7\u00e3o","image":{"@type":"ImageObject","inLanguage":"pt-BR","@id":"https:\/\/secure.gravatar.com\/avatar\/4f525efbf18dd2bb300ccad28bfb99d95a9465a5ba268407c8c37b37e1f28d2d?s=96&d=mm&r=g9e099043a0c61e9ae27e293b9fa75ffc","url":"https:\/\/secure.gravatar.com\/avatar\/4f525efbf18dd2bb300ccad28bfb99d95a9465a5ba268407c8c37b37e1f28d2d?s=96&d=mm&r=g","contentUrl":"https:\/\/secure.gravatar.com\/avatar\/4f525efbf18dd2bb300ccad28bfb99d95a9465a5ba268407c8c37b37e1f28d2d?s=96&d=mm&r=g","caption":"Equipe Reda\u00e7\u00e3o"},"description":"Equipe de reda\u00e7\u00e3o \u00e9 um grupo de profissionais que trabalham juntos para criar conte\u00fado escrito para Motorista.com.br","url":"https:\/\/motorista.com.br\/noticias\/author\/equiperedacao\/"}]}},"_links":{"self":[{"href":"https:\/\/motorista.com.br\/noticias\/wp-json\/wp\/v2\/posts\/9174","targetHints":{"allow":["GET"]}}],"collection":[{"href":"https:\/\/motorista.com.br\/noticias\/wp-json\/wp\/v2\/posts"}],"about":[{"href":"https:\/\/motorista.com.br\/noticias\/wp-json\/wp\/v2\/types\/post"}],"author":[{"embeddable":true,"href":"https:\/\/motorista.com.br\/noticias\/wp-json\/wp\/v2\/users\/4"}],"replies":[{"embeddable":true,"href":"https:\/\/motorista.com.br\/noticias\/wp-json\/wp\/v2\/comments?post=9174"}],"version-history":[{"count":0,"href":"https:\/\/motorista.com.br\/noticias\/wp-json\/wp\/v2\/posts\/9174\/revisions"}],"wp:featuredmedia":[{"embeddable":true,"href":"https:\/\/motorista.com.br\/noticias\/wp-json\/wp\/v2\/media\/9065"}],"wp:attachment":[{"href":"https:\/\/motorista.com.br\/noticias\/wp-json\/wp\/v2\/media?parent=9174"}],"wp:term":[{"taxonomy":"category","embeddable":true,"href":"https:\/\/motorista.com.br\/noticias\/wp-json\/wp\/v2\/categories?post=9174"},{"taxonomy":"post_tag","embeddable":true,"href":"https:\/\/motorista.com.br\/noticias\/wp-json\/wp\/v2\/tags?post=9174"},{"taxonomy":"author","embeddable":true,"href":"https:\/\/motorista.com.br\/noticias\/wp-json\/wp\/v2\/coauthors?post=9174"}],"curies":[{"name":"wp","href":"https:\/\/api.w.org\/{rel}","templated":true}]}}