{"id":9170,"date":"2026-04-26T03:50:33","date_gmt":"2026-04-26T06:50:33","guid":{"rendered":"https:\/\/motorista.com.br\/noticias\/2026\/04\/26\/jantar-de-correspondentes-da-casa-branca-acaba-em-confusao\/"},"modified":"2026-04-26T03:50:33","modified_gmt":"2026-04-26T06:50:33","slug":"jantar-de-correspondentes-da-casa-branca-acaba-em-confusao","status":"publish","type":"post","link":"https:\/\/motorista.com.br\/noticias\/2026\/04\/26\/jantar-de-correspondentes-da-casa-branca-acaba-em-confusao\/","title":{"rendered":"Jantar de correspondentes da Casa Branca acaba em confus\u00e3o"},"content":{"rendered":"<p><\/p>\n<h3>Jantar de Correspondentes da Casa Branca Termina em Caos<\/h3>\n<p>O jantar anual da Associa\u00e7\u00e3o de Correspondentes da Casa Branca deveria ser uma noite de glamour e celebra\u00e7\u00e3o entre figuras proeminentes da pol\u00edtica e da m\u00eddia. Contudo, o evento, em que o presidente Donald Trump fazia sua estreia como anfitri\u00e3o, foi abruptamente interrompido por disparos que geraram p\u00e2nico e incerteza entre os convidados. Esse tipo de incidente n\u00e3o apenas provoca experi\u00eancias traum\u00e1ticas para os presentes, mas tamb\u00e9m levanta quest\u00f5es relevantes sobre a seguran\u00e7a e a mobilidade em eventos p\u00fablicos.<\/p>\n<p>Conforme os convidados se lan\u00e7aram ao ch\u00e3o em busca de prote\u00e7\u00e3o, o ambiente de celebra\u00e7\u00e3o rapidamente se transformou em um cen\u00e1rio de caos. O Servi\u00e7o Secreto, em resposta r\u00e1pida, evacuou Trump e garantiu a seguran\u00e7a dos demais presentes. Esse tipo de resposta ilustra a import\u00e2ncia de protocolos de seguran\u00e7a rigorosos em grandes eventos, que se tornam ainda mais vitais em um cen\u00e1rio onde amea\u00e7as ostensivas s\u00e3o uma realidade.<\/p>\n<p>Para os motoristas e o p\u00fablico em geral, a seguran\u00e7a em eventos p\u00fablicos tem um impacto direto nas opera\u00e7\u00f5es de mobilidade. A presen\u00e7a de for\u00e7as de seguran\u00e7a aumenta a vigil\u00e2ncia nas \u00e1reas adjacentes, resultando em rotas alteradas, fechamento de ruas e cria\u00e7\u00e3o de per\u00edmetros de seguran\u00e7a. Isso significa que motoristas que n\u00e3o est\u00e3o cientes do que est\u00e1 ocorrendo podem enfrentar atrasos, desvios e frustra\u00e7\u00f5es.<\/p>\n<p>Al\u00e9m disso, o evento ressaltou a import\u00e2ncia de um planejamento log\u00edstico robusto em grandes reuni\u00f5es, especialmente em \u00e1reas urbanas densas. O fluxo de ve\u00edculos e pedestres precisa ser cuidadosamente coordenado para garantir que todos possam deslocar-se de maneira eficiente e segura, mesmo diante de potenciais crises. A capacidade de resposta r\u00e1pida pode ser o diferencial entre a ordem e o caos em situa\u00e7\u00f5es inesperadas.<\/p>\n<p>Por fim, enquanto a cena dentro do sal\u00e3o de baile era de medo e incerteza, a resposta das autoridades enfatizou a relev\u00e2ncia de um sistema de seguran\u00e7a ativo, capaz de intervir rapidamente. Para motoristas e cidad\u00e3os, a seguran\u00e7a p\u00fablica deve sempre andar de m\u00e3os dadas com a mobilidade, garantindo que, mesmo em tempos de crise, o tr\u00e1fego e o transporte n\u00e3o sejam comprometidos, permitindo que a vida urbana siga em frente.<\/p>\n","protected":false},"excerpt":{"rendered":"<p>Jantar de Correspondentes da Casa Branca Termina em Caos O jantar anual da Associa\u00e7\u00e3o de Correspondentes da Casa Branca deveria ser uma noite de glamour e celebra\u00e7\u00e3o entre figuras proeminentes da pol\u00edtica e da m\u00eddia. Contudo, o evento, em que o presidente Donald Trump fazia sua estreia como anfitri\u00e3o, foi abruptamente interrompido por disparos que &hellip;<\/p>\n","protected":false},"author":4,"featured_media":9171,"comment_status":"","ping_status":"open","sticky":false,"template":"","format":"standard","meta":{"footnotes":""},"categories":[45],"tags":[],"coauthors":[42],"class_list":["post-9170","post","type-post","status-publish","format-standard","has-post-thumbnail","hentry","category-mundo"],"yoast_head":"<!-- This site is optimized with the Yoast SEO Premium plugin v25.5 (Yoast SEO v27.4) - https:\/\/yoast.com\/product\/yoast-seo-premium-wordpress\/ -->\n<title>Jantar de correspondentes da Casa Branca acaba em confus\u00e3o - Motorista.com.br<\/title>\n<meta name=\"robots\" content=\"index, follow, max-snippet:-1, max-image-preview:large, max-video-preview:-1\" \/>\n<link rel=\"canonical\" href=\"https:\/\/motorista.com.br\/noticias\/2026\/04\/26\/jantar-de-correspondentes-da-casa-branca-acaba-em-confusao\/\" \/>\n<meta property=\"og:locale\" content=\"pt_BR\" \/>\n<meta property=\"og:type\" content=\"article\" \/>\n<meta property=\"og:title\" content=\"Jantar de correspondentes da Casa Branca acaba em confus\u00e3o\" \/>\n<meta property=\"og:description\" content=\"Jantar de Correspondentes da Casa Branca Termina em Caos O jantar anual da Associa\u00e7\u00e3o de Correspondentes da Casa Branca deveria ser uma noite de glamour e celebra\u00e7\u00e3o entre figuras proeminentes da pol\u00edtica e da m\u00eddia. Contudo, o evento, em que o presidente Donald Trump fazia sua estreia como anfitri\u00e3o, foi abruptamente interrompido por disparos que &hellip;\" \/>\n<meta property=\"og:url\" content=\"https:\/\/motorista.com.br\/noticias\/2026\/04\/26\/jantar-de-correspondentes-da-casa-branca-acaba-em-confusao\/\" \/>\n<meta property=\"og:site_name\" content=\"Motorista.com.br\" \/>\n<meta property=\"article:published_time\" content=\"2026-04-26T06:50:33+00:00\" \/>\n<meta name=\"author\" content=\"Equipe Reda\u00e7\u00e3o\" \/>\n<meta name=\"twitter:card\" content=\"summary_large_image\" \/>\n<meta name=\"twitter:label1\" content=\"Escrito por\" \/>\n\t<meta name=\"twitter:data1\" content=\"Equipe Reda\u00e7\u00e3o\" \/>\n\t<meta name=\"twitter:label2\" content=\"Est. tempo de leitura\" \/>\n\t<meta name=\"twitter:data2\" content=\"2 minutos\" \/>\n\t<meta name=\"twitter:label3\" content=\"Written by\" \/>\n\t<meta name=\"twitter:data3\" content=\"Equipe Reda\u00e7\u00e3o\" \/>\n<script type=\"application\/ld+json\" class=\"yoast-schema-graph\">{\"@context\":\"https:\\\/\\\/schema.org\",\"@graph\":[{\"@type\":\"Article\",\"@id\":\"https:\\\/\\\/motorista.com.br\\\/noticias\\\/2026\\\/04\\\/26\\\/jantar-de-correspondentes-da-casa-branca-acaba-em-confusao\\\/#article\",\"isPartOf\":{\"@id\":\"https:\\\/\\\/motorista.com.br\\\/noticias\\\/2026\\\/04\\\/26\\\/jantar-de-correspondentes-da-casa-branca-acaba-em-confusao\\\/\"},\"author\":{\"name\":\"Equipe Reda\u00e7\u00e3o\",\"@id\":\"https:\\\/\\\/motorista.com.br\\\/noticias\\\/#\\\/schema\\\/person\\\/dc93afc2981c0e3ce6bc3c053fd847be\"},\"headline\":\"Jantar de correspondentes da Casa Branca acaba em confus\u00e3o\",\"datePublished\":\"2026-04-26T06:50:33+00:00\",\"mainEntityOfPage\":{\"@id\":\"https:\\\/\\\/motorista.com.br\\\/noticias\\\/2026\\\/04\\\/26\\\/jantar-de-correspondentes-da-casa-branca-acaba-em-confusao\\\/\"},\"wordCount\":421,\"publisher\":{\"@id\":\"https:\\\/\\\/motorista.com.br\\\/noticias\\\/#organization\"},\"image\":{\"@id\":\"https:\\\/\\\/motorista.com.br\\\/noticias\\\/2026\\\/04\\\/26\\\/jantar-de-correspondentes-da-casa-branca-acaba-em-confusao\\\/#primaryimage\"},\"thumbnailUrl\":\"https:\\\/\\\/motorista.com.br\\\/noticias\\\/wp-content\\\/uploads\\\/2026\\\/04\\\/EUA-1.jpg\",\"articleSection\":[\"Mundo\"],\"inLanguage\":\"pt-BR\"},{\"@type\":\"WebPage\",\"@id\":\"https:\\\/\\\/motorista.com.br\\\/noticias\\\/2026\\\/04\\\/26\\\/jantar-de-correspondentes-da-casa-branca-acaba-em-confusao\\\/\",\"url\":\"https:\\\/\\\/motorista.com.br\\\/noticias\\\/2026\\\/04\\\/26\\\/jantar-de-correspondentes-da-casa-branca-acaba-em-confusao\\\/\",\"name\":\"Jantar de correspondentes da Casa Branca acaba em confus\u00e3o - Motorista.com.br\",\"isPartOf\":{\"@id\":\"https:\\\/\\\/motorista.com.br\\\/noticias\\\/#website\"},\"primaryImageOfPage\":{\"@id\":\"https:\\\/\\\/motorista.com.br\\\/noticias\\\/2026\\\/04\\\/26\\\/jantar-de-correspondentes-da-casa-branca-acaba-em-confusao\\\/#primaryimage\"},\"image\":{\"@id\":\"https:\\\/\\\/motorista.com.br\\\/noticias\\\/2026\\\/04\\\/26\\\/jantar-de-correspondentes-da-casa-branca-acaba-em-confusao\\\/#primaryimage\"},\"thumbnailUrl\":\"https:\\\/\\\/motorista.com.br\\\/noticias\\\/wp-content\\\/uploads\\\/2026\\\/04\\\/EUA-1.jpg\",\"datePublished\":\"2026-04-26T06:50:33+00:00\",\"breadcrumb\":{\"@id\":\"https:\\\/\\\/motorista.com.br\\\/noticias\\\/2026\\\/04\\\/26\\\/jantar-de-correspondentes-da-casa-branca-acaba-em-confusao\\\/#breadcrumb\"},\"inLanguage\":\"pt-BR\",\"potentialAction\":[{\"@type\":\"ReadAction\",\"target\":[\"https:\\\/\\\/motorista.com.br\\\/noticias\\\/2026\\\/04\\\/26\\\/jantar-de-correspondentes-da-casa-branca-acaba-em-confusao\\\/\"]}]},{\"@type\":\"ImageObject\",\"inLanguage\":\"pt-BR\",\"@id\":\"https:\\\/\\\/motorista.com.br\\\/noticias\\\/2026\\\/04\\\/26\\\/jantar-de-correspondentes-da-casa-branca-acaba-em-confusao\\\/#primaryimage\",\"url\":\"https:\\\/\\\/motorista.com.br\\\/noticias\\\/wp-content\\\/uploads\\\/2026\\\/04\\\/EUA-1.jpg\",\"contentUrl\":\"https:\\\/\\\/motorista.com.br\\\/noticias\\\/wp-content\\\/uploads\\\/2026\\\/04\\\/EUA-1.jpg\",\"width\":1200,\"height\":787},{\"@type\":\"BreadcrumbList\",\"@id\":\"https:\\\/\\\/motorista.com.br\\\/noticias\\\/2026\\\/04\\\/26\\\/jantar-de-correspondentes-da-casa-branca-acaba-em-confusao\\\/#breadcrumb\",\"itemListElement\":[{\"@type\":\"ListItem\",\"position\":1,\"name\":\"In\u00edcio\",\"item\":\"https:\\\/\\\/motorista.com.br\\\/noticias\\\/\"},{\"@type\":\"ListItem\",\"position\":2,\"name\":\"Jantar de correspondentes da Casa Branca acaba em confus\u00e3o\"}]},{\"@type\":\"WebSite\",\"@id\":\"https:\\\/\\\/motorista.com.br\\\/noticias\\\/#website\",\"url\":\"https:\\\/\\\/motorista.com.br\\\/noticias\\\/\",\"name\":\"Motorista.com.br\",\"description\":\"Not\u00edcia do Motorista\",\"publisher\":{\"@id\":\"https:\\\/\\\/motorista.com.br\\\/noticias\\\/#organization\"},\"potentialAction\":[{\"@type\":\"SearchAction\",\"target\":{\"@type\":\"EntryPoint\",\"urlTemplate\":\"https:\\\/\\\/motorista.com.br\\\/noticias\\\/?s={search_term_string}\"},\"query-input\":{\"@type\":\"PropertyValueSpecification\",\"valueRequired\":true,\"valueName\":\"search_term_string\"}}],\"inLanguage\":\"pt-BR\"},{\"@type\":\"Organization\",\"@id\":\"https:\\\/\\\/motorista.com.br\\\/noticias\\\/#organization\",\"name\":\"Motorista.com.br\",\"url\":\"https:\\\/\\\/motorista.com.br\\\/noticias\\\/\",\"logo\":{\"@type\":\"ImageObject\",\"inLanguage\":\"pt-BR\",\"@id\":\"https:\\\/\\\/motorista.com.br\\\/noticias\\\/#\\\/schema\\\/logo\\\/image\\\/\",\"url\":\"https:\\\/\\\/motorista.com.br\\\/noticias\\\/wp-content\\\/uploads\\\/2025\\\/06\\\/Design-sem-nome-9.png\",\"contentUrl\":\"https:\\\/\\\/motorista.com.br\\\/noticias\\\/wp-content\\\/uploads\\\/2025\\\/06\\\/Design-sem-nome-9.png\",\"width\":150,\"height\":85,\"caption\":\"Motorista.com.br\"},\"image\":{\"@id\":\"https:\\\/\\\/motorista.com.br\\\/noticias\\\/#\\\/schema\\\/logo\\\/image\\\/\"}},{\"@type\":\"Person\",\"@id\":\"https:\\\/\\\/motorista.com.br\\\/noticias\\\/#\\\/schema\\\/person\\\/dc93afc2981c0e3ce6bc3c053fd847be\",\"name\":\"Equipe Reda\u00e7\u00e3o\",\"image\":{\"@type\":\"ImageObject\",\"inLanguage\":\"pt-BR\",\"@id\":\"https:\\\/\\\/secure.gravatar.com\\\/avatar\\\/4f525efbf18dd2bb300ccad28bfb99d95a9465a5ba268407c8c37b37e1f28d2d?s=96&d=mm&r=g9e099043a0c61e9ae27e293b9fa75ffc\",\"url\":\"https:\\\/\\\/secure.gravatar.com\\\/avatar\\\/4f525efbf18dd2bb300ccad28bfb99d95a9465a5ba268407c8c37b37e1f28d2d?s=96&d=mm&r=g\",\"contentUrl\":\"https:\\\/\\\/secure.gravatar.com\\\/avatar\\\/4f525efbf18dd2bb300ccad28bfb99d95a9465a5ba268407c8c37b37e1f28d2d?s=96&d=mm&r=g\",\"caption\":\"Equipe Reda\u00e7\u00e3o\"},\"description\":\"Equipe de reda\u00e7\u00e3o \u00e9 um grupo de profissionais que trabalham juntos para criar conte\u00fado escrito para Motorista.com.br\",\"url\":\"https:\\\/\\\/motorista.com.br\\\/noticias\\\/author\\\/equiperedacao\\\/\"}]}<\/script>\n<!-- \/ Yoast SEO Premium plugin. -->","yoast_head_json":{"title":"Jantar de correspondentes da Casa Branca acaba em confus\u00e3o - Motorista.com.br","robots":{"index":"index","follow":"follow","max-snippet":"max-snippet:-1","max-image-preview":"max-image-preview:large","max-video-preview":"max-video-preview:-1"},"canonical":"https:\/\/motorista.com.br\/noticias\/2026\/04\/26\/jantar-de-correspondentes-da-casa-branca-acaba-em-confusao\/","og_locale":"pt_BR","og_type":"article","og_title":"Jantar de correspondentes da Casa Branca acaba em confus\u00e3o","og_description":"Jantar de Correspondentes da Casa Branca Termina em Caos O jantar anual da Associa\u00e7\u00e3o de Correspondentes da Casa Branca deveria ser uma noite de glamour e celebra\u00e7\u00e3o entre figuras proeminentes da pol\u00edtica e da m\u00eddia. Contudo, o evento, em que o presidente Donald Trump fazia sua estreia como anfitri\u00e3o, foi abruptamente interrompido por disparos que &hellip;","og_url":"https:\/\/motorista.com.br\/noticias\/2026\/04\/26\/jantar-de-correspondentes-da-casa-branca-acaba-em-confusao\/","og_site_name":"Motorista.com.br","article_published_time":"2026-04-26T06:50:33+00:00","author":"Equipe Reda\u00e7\u00e3o","twitter_card":"summary_large_image","twitter_misc":{"Escrito por":"Equipe Reda\u00e7\u00e3o","Est. tempo de leitura":"2 minutos","Written by":"Equipe Reda\u00e7\u00e3o"},"schema":{"@context":"https:\/\/schema.org","@graph":[{"@type":"Article","@id":"https:\/\/motorista.com.br\/noticias\/2026\/04\/26\/jantar-de-correspondentes-da-casa-branca-acaba-em-confusao\/#article","isPartOf":{"@id":"https:\/\/motorista.com.br\/noticias\/2026\/04\/26\/jantar-de-correspondentes-da-casa-branca-acaba-em-confusao\/"},"author":{"name":"Equipe Reda\u00e7\u00e3o","@id":"https:\/\/motorista.com.br\/noticias\/#\/schema\/person\/dc93afc2981c0e3ce6bc3c053fd847be"},"headline":"Jantar de correspondentes da Casa Branca acaba em confus\u00e3o","datePublished":"2026-04-26T06:50:33+00:00","mainEntityOfPage":{"@id":"https:\/\/motorista.com.br\/noticias\/2026\/04\/26\/jantar-de-correspondentes-da-casa-branca-acaba-em-confusao\/"},"wordCount":421,"publisher":{"@id":"https:\/\/motorista.com.br\/noticias\/#organization"},"image":{"@id":"https:\/\/motorista.com.br\/noticias\/2026\/04\/26\/jantar-de-correspondentes-da-casa-branca-acaba-em-confusao\/#primaryimage"},"thumbnailUrl":"https:\/\/motorista.com.br\/noticias\/wp-content\/uploads\/2026\/04\/EUA-1.jpg","articleSection":["Mundo"],"inLanguage":"pt-BR"},{"@type":"WebPage","@id":"https:\/\/motorista.com.br\/noticias\/2026\/04\/26\/jantar-de-correspondentes-da-casa-branca-acaba-em-confusao\/","url":"https:\/\/motorista.com.br\/noticias\/2026\/04\/26\/jantar-de-correspondentes-da-casa-branca-acaba-em-confusao\/","name":"Jantar de correspondentes da Casa Branca acaba em confus\u00e3o - Motorista.com.br","isPartOf":{"@id":"https:\/\/motorista.com.br\/noticias\/#website"},"primaryImageOfPage":{"@id":"https:\/\/motorista.com.br\/noticias\/2026\/04\/26\/jantar-de-correspondentes-da-casa-branca-acaba-em-confusao\/#primaryimage"},"image":{"@id":"https:\/\/motorista.com.br\/noticias\/2026\/04\/26\/jantar-de-correspondentes-da-casa-branca-acaba-em-confusao\/#primaryimage"},"thumbnailUrl":"https:\/\/motorista.com.br\/noticias\/wp-content\/uploads\/2026\/04\/EUA-1.jpg","datePublished":"2026-04-26T06:50:33+00:00","breadcrumb":{"@id":"https:\/\/motorista.com.br\/noticias\/2026\/04\/26\/jantar-de-correspondentes-da-casa-branca-acaba-em-confusao\/#breadcrumb"},"inLanguage":"pt-BR","potentialAction":[{"@type":"ReadAction","target":["https:\/\/motorista.com.br\/noticias\/2026\/04\/26\/jantar-de-correspondentes-da-casa-branca-acaba-em-confusao\/"]}]},{"@type":"ImageObject","inLanguage":"pt-BR","@id":"https:\/\/motorista.com.br\/noticias\/2026\/04\/26\/jantar-de-correspondentes-da-casa-branca-acaba-em-confusao\/#primaryimage","url":"https:\/\/motorista.com.br\/noticias\/wp-content\/uploads\/2026\/04\/EUA-1.jpg","contentUrl":"https:\/\/motorista.com.br\/noticias\/wp-content\/uploads\/2026\/04\/EUA-1.jpg","width":1200,"height":787},{"@type":"BreadcrumbList","@id":"https:\/\/motorista.com.br\/noticias\/2026\/04\/26\/jantar-de-correspondentes-da-casa-branca-acaba-em-confusao\/#breadcrumb","itemListElement":[{"@type":"ListItem","position":1,"name":"In\u00edcio","item":"https:\/\/motorista.com.br\/noticias\/"},{"@type":"ListItem","position":2,"name":"Jantar de correspondentes da Casa Branca acaba em confus\u00e3o"}]},{"@type":"WebSite","@id":"https:\/\/motorista.com.br\/noticias\/#website","url":"https:\/\/motorista.com.br\/noticias\/","name":"Motorista.com.br","description":"Not\u00edcia do Motorista","publisher":{"@id":"https:\/\/motorista.com.br\/noticias\/#organization"},"potentialAction":[{"@type":"SearchAction","target":{"@type":"EntryPoint","urlTemplate":"https:\/\/motorista.com.br\/noticias\/?s={search_term_string}"},"query-input":{"@type":"PropertyValueSpecification","valueRequired":true,"valueName":"search_term_string"}}],"inLanguage":"pt-BR"},{"@type":"Organization","@id":"https:\/\/motorista.com.br\/noticias\/#organization","name":"Motorista.com.br","url":"https:\/\/motorista.com.br\/noticias\/","logo":{"@type":"ImageObject","inLanguage":"pt-BR","@id":"https:\/\/motorista.com.br\/noticias\/#\/schema\/logo\/image\/","url":"https:\/\/motorista.com.br\/noticias\/wp-content\/uploads\/2025\/06\/Design-sem-nome-9.png","contentUrl":"https:\/\/motorista.com.br\/noticias\/wp-content\/uploads\/2025\/06\/Design-sem-nome-9.png","width":150,"height":85,"caption":"Motorista.com.br"},"image":{"@id":"https:\/\/motorista.com.br\/noticias\/#\/schema\/logo\/image\/"}},{"@type":"Person","@id":"https:\/\/motorista.com.br\/noticias\/#\/schema\/person\/dc93afc2981c0e3ce6bc3c053fd847be","name":"Equipe Reda\u00e7\u00e3o","image":{"@type":"ImageObject","inLanguage":"pt-BR","@id":"https:\/\/secure.gravatar.com\/avatar\/4f525efbf18dd2bb300ccad28bfb99d95a9465a5ba268407c8c37b37e1f28d2d?s=96&d=mm&r=g9e099043a0c61e9ae27e293b9fa75ffc","url":"https:\/\/secure.gravatar.com\/avatar\/4f525efbf18dd2bb300ccad28bfb99d95a9465a5ba268407c8c37b37e1f28d2d?s=96&d=mm&r=g","contentUrl":"https:\/\/secure.gravatar.com\/avatar\/4f525efbf18dd2bb300ccad28bfb99d95a9465a5ba268407c8c37b37e1f28d2d?s=96&d=mm&r=g","caption":"Equipe Reda\u00e7\u00e3o"},"description":"Equipe de reda\u00e7\u00e3o \u00e9 um grupo de profissionais que trabalham juntos para criar conte\u00fado escrito para Motorista.com.br","url":"https:\/\/motorista.com.br\/noticias\/author\/equiperedacao\/"}]}},"_links":{"self":[{"href":"https:\/\/motorista.com.br\/noticias\/wp-json\/wp\/v2\/posts\/9170","targetHints":{"allow":["GET"]}}],"collection":[{"href":"https:\/\/motorista.com.br\/noticias\/wp-json\/wp\/v2\/posts"}],"about":[{"href":"https:\/\/motorista.com.br\/noticias\/wp-json\/wp\/v2\/types\/post"}],"author":[{"embeddable":true,"href":"https:\/\/motorista.com.br\/noticias\/wp-json\/wp\/v2\/users\/4"}],"replies":[{"embeddable":true,"href":"https:\/\/motorista.com.br\/noticias\/wp-json\/wp\/v2\/comments?post=9170"}],"version-history":[{"count":0,"href":"https:\/\/motorista.com.br\/noticias\/wp-json\/wp\/v2\/posts\/9170\/revisions"}],"wp:featuredmedia":[{"embeddable":true,"href":"https:\/\/motorista.com.br\/noticias\/wp-json\/wp\/v2\/media\/9171"}],"wp:attachment":[{"href":"https:\/\/motorista.com.br\/noticias\/wp-json\/wp\/v2\/media?parent=9170"}],"wp:term":[{"taxonomy":"category","embeddable":true,"href":"https:\/\/motorista.com.br\/noticias\/wp-json\/wp\/v2\/categories?post=9170"},{"taxonomy":"post_tag","embeddable":true,"href":"https:\/\/motorista.com.br\/noticias\/wp-json\/wp\/v2\/tags?post=9170"},{"taxonomy":"author","embeddable":true,"href":"https:\/\/motorista.com.br\/noticias\/wp-json\/wp\/v2\/coauthors?post=9170"}],"curies":[{"name":"wp","href":"https:\/\/api.w.org\/{rel}","templated":true}]}}