{"id":9168,"date":"2026-04-26T01:36:09","date_gmt":"2026-04-26T04:36:09","guid":{"rendered":"https:\/\/motorista.com.br\/noticias\/2026\/04\/26\/brasil-iniciara-testes-de-diesel-com-20-de-biodiesel-em-motores\/"},"modified":"2026-04-26T01:36:09","modified_gmt":"2026-04-26T04:36:09","slug":"brasil-iniciara-testes-de-diesel-com-20-de-biodiesel-em-motores","status":"publish","type":"post","link":"https:\/\/motorista.com.br\/noticias\/2026\/04\/26\/brasil-iniciara-testes-de-diesel-com-20-de-biodiesel-em-motores\/","title":{"rendered":"Brasil iniciar\u00e1 testes de diesel com 20% de biodiesel em motores."},"content":{"rendered":"<p>O Brasil est\u00e1 prestes a dar um passo significativo rumo \u00e0 moderniza\u00e7\u00e3o de sua matriz energ\u00e9tica, com a previs\u00e3o de iniciar, em maio de 2026, testes laboratoriais para avaliar a mistura de \u00f3leo diesel com 20% de biodiesel, conhecido como B20. Esse estudo, coordenado pelo Instituto Tecnol\u00f3gico de Mau\u00e1, \u00e9 crucial para garantir que o aumento na propor\u00e7\u00e3o de biodiesel n\u00e3o cause problemas no funcionamento dos ve\u00edculos.<\/p>\n<p>A crescente press\u00e3o para reduzir a depend\u00eancia de combust\u00edveis f\u00f3sseis importados, especialmente em um cen\u00e1rio global de crise energ\u00e9tica, torna essa inova\u00e7\u00e3o ainda mais relevante. Atualmente, o diesel vendido nos postos brasileiros j\u00e1 cont\u00e9m 15% de biodiesel, enquanto a gasolina \u00e9 misturada a 30% de etanol, estabelecendo um precedente para esse novo experimento.<\/p>\n<p>Os testes envolver\u00e3o uma longa dura\u00e7\u00e3o de 300 horas, focando na an\u00e1lise do impacto do B20 na sa\u00fade dos motores, como poss\u00edveis entupimentos de filtros e falhas no sistema de inje\u00e7\u00e3o. Esse processo \u00e9 vital, pois um combust\u00edvel que n\u00e3o prejudica a mec\u00e2nica dos ve\u00edculos pode garantir maior confiabilidade e seguran\u00e7a para os motoristas.<\/p>\n<p>Al\u00e9m disso, o estudo tamb\u00e9m avaliar\u00e1 as emiss\u00f5es poluentes das misturas. Tais testes n\u00e3o s\u00f3 promitem a manuten\u00e7\u00e3o da sa\u00fade dos motores, mas muito mais importante, podem resultar em uma significativa redu\u00e7\u00e3o das emiss\u00f5es de gases poluentes. Esta mudan\u00e7a positiva pode contribuir para um ambiente mais saud\u00e1vel, beneficiando toda a sociedade.<\/p>\n<p>A articula\u00e7\u00e3o entre governo e ind\u00fastria, com o apoio financeiro para as pesquisas, traduz a expectativa de que os resultados possam embasar a introdu\u00e7\u00e3o de misturas de biodiesel ainda em 2026, criando um cen\u00e1rio promissor para o setor. O aumento da mistura de biodiesel tamb\u00e9m \u00e9 alinhado \u00e0 &#8220;Lei do Combust\u00edvel do Futuro&#8221;, que visa incentivar o uso de mat\u00e9rias-primas nacionais, como soja e cana-de-a\u00e7\u00facar, e apoiar a economia.<\/p>\n<p>Portanto, esse avan\u00e7o n\u00e3o se limita apenas \u00e0 melhoria de uma matriz energ\u00e9tica mais sustent\u00e1vel. Ele pode gerar um impacto direto sobre a mobilidade, oferecendo aos motoristas alternativas mais limpas e eficientes, al\u00e9m de contribuir para a diminui\u00e7\u00e3o dos custos relacionados \u00e0 importa\u00e7\u00e3o de diesel. Assim, a introdu\u00e7\u00e3o do B20 pode se traduzir em um futuro mais promissor e sustent\u00e1vel para todos os brasileiros, promovendo n\u00e3o apenas o desenvolvimento econ\u00f4mico, mas tamb\u00e9m a responsabilidade ambiental.<\/p>\n","protected":false},"excerpt":{"rendered":"<p>O Brasil est\u00e1 prestes a dar um passo significativo rumo \u00e0 moderniza\u00e7\u00e3o de sua matriz energ\u00e9tica, com a previs\u00e3o de iniciar, em maio de 2026, testes laboratoriais para avaliar a mistura de \u00f3leo diesel com 20% de biodiesel, conhecido como B20. Esse estudo, coordenado pelo Instituto Tecnol\u00f3gico de Mau\u00e1, \u00e9 crucial para garantir que o &hellip;<\/p>\n","protected":false},"author":4,"featured_media":9169,"comment_status":"","ping_status":"open","sticky":false,"template":"","format":"standard","meta":{"footnotes":""},"categories":[56],"tags":[],"coauthors":[42],"class_list":["post-9168","post","type-post","status-publish","format-standard","has-post-thumbnail","hentry","category-tecnologia"],"yoast_head":"<!-- This site is optimized with the Yoast SEO Premium plugin v25.5 (Yoast SEO v27.4) - https:\/\/yoast.com\/product\/yoast-seo-premium-wordpress\/ -->\n<title>Brasil iniciar\u00e1 testes de diesel com 20% de biodiesel em motores. - Motorista.com.br<\/title>\n<meta name=\"robots\" content=\"index, follow, max-snippet:-1, max-image-preview:large, max-video-preview:-1\" \/>\n<link rel=\"canonical\" href=\"https:\/\/motorista.com.br\/noticias\/2026\/04\/26\/brasil-iniciara-testes-de-diesel-com-20-de-biodiesel-em-motores\/\" \/>\n<meta property=\"og:locale\" content=\"pt_BR\" \/>\n<meta property=\"og:type\" content=\"article\" \/>\n<meta property=\"og:title\" content=\"Brasil iniciar\u00e1 testes de diesel com 20% de biodiesel em motores.\" \/>\n<meta property=\"og:description\" content=\"O Brasil est\u00e1 prestes a dar um passo significativo rumo \u00e0 moderniza\u00e7\u00e3o de sua matriz energ\u00e9tica, com a previs\u00e3o de iniciar, em maio de 2026, testes laboratoriais para avaliar a mistura de \u00f3leo diesel com 20% de biodiesel, conhecido como B20. Esse estudo, coordenado pelo Instituto Tecnol\u00f3gico de Mau\u00e1, \u00e9 crucial para garantir que o &hellip;\" \/>\n<meta property=\"og:url\" content=\"https:\/\/motorista.com.br\/noticias\/2026\/04\/26\/brasil-iniciara-testes-de-diesel-com-20-de-biodiesel-em-motores\/\" \/>\n<meta property=\"og:site_name\" content=\"Motorista.com.br\" \/>\n<meta property=\"article:published_time\" content=\"2026-04-26T04:36:09+00:00\" \/>\n<meta name=\"author\" content=\"Equipe Reda\u00e7\u00e3o\" \/>\n<meta name=\"twitter:card\" content=\"summary_large_image\" \/>\n<meta name=\"twitter:label1\" content=\"Escrito por\" \/>\n\t<meta name=\"twitter:data1\" content=\"Equipe Reda\u00e7\u00e3o\" \/>\n\t<meta name=\"twitter:label2\" content=\"Est. tempo de leitura\" \/>\n\t<meta name=\"twitter:data2\" content=\"2 minutos\" \/>\n\t<meta name=\"twitter:label3\" content=\"Written by\" \/>\n\t<meta name=\"twitter:data3\" content=\"Equipe Reda\u00e7\u00e3o\" \/>\n<script type=\"application\/ld+json\" class=\"yoast-schema-graph\">{\"@context\":\"https:\\\/\\\/schema.org\",\"@graph\":[{\"@type\":\"Article\",\"@id\":\"https:\\\/\\\/motorista.com.br\\\/noticias\\\/2026\\\/04\\\/26\\\/brasil-iniciara-testes-de-diesel-com-20-de-biodiesel-em-motores\\\/#article\",\"isPartOf\":{\"@id\":\"https:\\\/\\\/motorista.com.br\\\/noticias\\\/2026\\\/04\\\/26\\\/brasil-iniciara-testes-de-diesel-com-20-de-biodiesel-em-motores\\\/\"},\"author\":{\"name\":\"Equipe Reda\u00e7\u00e3o\",\"@id\":\"https:\\\/\\\/motorista.com.br\\\/noticias\\\/#\\\/schema\\\/person\\\/dc93afc2981c0e3ce6bc3c053fd847be\"},\"headline\":\"Brasil iniciar\u00e1 testes de diesel com 20% de biodiesel em motores.\",\"datePublished\":\"2026-04-26T04:36:09+00:00\",\"mainEntityOfPage\":{\"@id\":\"https:\\\/\\\/motorista.com.br\\\/noticias\\\/2026\\\/04\\\/26\\\/brasil-iniciara-testes-de-diesel-com-20-de-biodiesel-em-motores\\\/\"},\"wordCount\":421,\"publisher\":{\"@id\":\"https:\\\/\\\/motorista.com.br\\\/noticias\\\/#organization\"},\"image\":{\"@id\":\"https:\\\/\\\/motorista.com.br\\\/noticias\\\/2026\\\/04\\\/26\\\/brasil-iniciara-testes-de-diesel-com-20-de-biodiesel-em-motores\\\/#primaryimage\"},\"thumbnailUrl\":\"https:\\\/\\\/motorista.com.br\\\/noticias\\\/wp-content\\\/uploads\\\/2026\\\/04\\\/Destaque-Combustivel-scaled.jpg\",\"articleSection\":[\"Tecnologia\"],\"inLanguage\":\"pt-BR\"},{\"@type\":\"WebPage\",\"@id\":\"https:\\\/\\\/motorista.com.br\\\/noticias\\\/2026\\\/04\\\/26\\\/brasil-iniciara-testes-de-diesel-com-20-de-biodiesel-em-motores\\\/\",\"url\":\"https:\\\/\\\/motorista.com.br\\\/noticias\\\/2026\\\/04\\\/26\\\/brasil-iniciara-testes-de-diesel-com-20-de-biodiesel-em-motores\\\/\",\"name\":\"Brasil iniciar\u00e1 testes de diesel com 20% de biodiesel em motores. - Motorista.com.br\",\"isPartOf\":{\"@id\":\"https:\\\/\\\/motorista.com.br\\\/noticias\\\/#website\"},\"primaryImageOfPage\":{\"@id\":\"https:\\\/\\\/motorista.com.br\\\/noticias\\\/2026\\\/04\\\/26\\\/brasil-iniciara-testes-de-diesel-com-20-de-biodiesel-em-motores\\\/#primaryimage\"},\"image\":{\"@id\":\"https:\\\/\\\/motorista.com.br\\\/noticias\\\/2026\\\/04\\\/26\\\/brasil-iniciara-testes-de-diesel-com-20-de-biodiesel-em-motores\\\/#primaryimage\"},\"thumbnailUrl\":\"https:\\\/\\\/motorista.com.br\\\/noticias\\\/wp-content\\\/uploads\\\/2026\\\/04\\\/Destaque-Combustivel-scaled.jpg\",\"datePublished\":\"2026-04-26T04:36:09+00:00\",\"breadcrumb\":{\"@id\":\"https:\\\/\\\/motorista.com.br\\\/noticias\\\/2026\\\/04\\\/26\\\/brasil-iniciara-testes-de-diesel-com-20-de-biodiesel-em-motores\\\/#breadcrumb\"},\"inLanguage\":\"pt-BR\",\"potentialAction\":[{\"@type\":\"ReadAction\",\"target\":[\"https:\\\/\\\/motorista.com.br\\\/noticias\\\/2026\\\/04\\\/26\\\/brasil-iniciara-testes-de-diesel-com-20-de-biodiesel-em-motores\\\/\"]}]},{\"@type\":\"ImageObject\",\"inLanguage\":\"pt-BR\",\"@id\":\"https:\\\/\\\/motorista.com.br\\\/noticias\\\/2026\\\/04\\\/26\\\/brasil-iniciara-testes-de-diesel-com-20-de-biodiesel-em-motores\\\/#primaryimage\",\"url\":\"https:\\\/\\\/motorista.com.br\\\/noticias\\\/wp-content\\\/uploads\\\/2026\\\/04\\\/Destaque-Combustivel-scaled.jpg\",\"contentUrl\":\"https:\\\/\\\/motorista.com.br\\\/noticias\\\/wp-content\\\/uploads\\\/2026\\\/04\\\/Destaque-Combustivel-scaled.jpg\",\"width\":2560,\"height\":1440},{\"@type\":\"BreadcrumbList\",\"@id\":\"https:\\\/\\\/motorista.com.br\\\/noticias\\\/2026\\\/04\\\/26\\\/brasil-iniciara-testes-de-diesel-com-20-de-biodiesel-em-motores\\\/#breadcrumb\",\"itemListElement\":[{\"@type\":\"ListItem\",\"position\":1,\"name\":\"In\u00edcio\",\"item\":\"https:\\\/\\\/motorista.com.br\\\/noticias\\\/\"},{\"@type\":\"ListItem\",\"position\":2,\"name\":\"Brasil iniciar\u00e1 testes de diesel com 20% de biodiesel em motores.\"}]},{\"@type\":\"WebSite\",\"@id\":\"https:\\\/\\\/motorista.com.br\\\/noticias\\\/#website\",\"url\":\"https:\\\/\\\/motorista.com.br\\\/noticias\\\/\",\"name\":\"Motorista.com.br\",\"description\":\"Not\u00edcia do Motorista\",\"publisher\":{\"@id\":\"https:\\\/\\\/motorista.com.br\\\/noticias\\\/#organization\"},\"potentialAction\":[{\"@type\":\"SearchAction\",\"target\":{\"@type\":\"EntryPoint\",\"urlTemplate\":\"https:\\\/\\\/motorista.com.br\\\/noticias\\\/?s={search_term_string}\"},\"query-input\":{\"@type\":\"PropertyValueSpecification\",\"valueRequired\":true,\"valueName\":\"search_term_string\"}}],\"inLanguage\":\"pt-BR\"},{\"@type\":\"Organization\",\"@id\":\"https:\\\/\\\/motorista.com.br\\\/noticias\\\/#organization\",\"name\":\"Motorista.com.br\",\"url\":\"https:\\\/\\\/motorista.com.br\\\/noticias\\\/\",\"logo\":{\"@type\":\"ImageObject\",\"inLanguage\":\"pt-BR\",\"@id\":\"https:\\\/\\\/motorista.com.br\\\/noticias\\\/#\\\/schema\\\/logo\\\/image\\\/\",\"url\":\"https:\\\/\\\/motorista.com.br\\\/noticias\\\/wp-content\\\/uploads\\\/2025\\\/06\\\/Design-sem-nome-9.png\",\"contentUrl\":\"https:\\\/\\\/motorista.com.br\\\/noticias\\\/wp-content\\\/uploads\\\/2025\\\/06\\\/Design-sem-nome-9.png\",\"width\":150,\"height\":85,\"caption\":\"Motorista.com.br\"},\"image\":{\"@id\":\"https:\\\/\\\/motorista.com.br\\\/noticias\\\/#\\\/schema\\\/logo\\\/image\\\/\"}},{\"@type\":\"Person\",\"@id\":\"https:\\\/\\\/motorista.com.br\\\/noticias\\\/#\\\/schema\\\/person\\\/dc93afc2981c0e3ce6bc3c053fd847be\",\"name\":\"Equipe Reda\u00e7\u00e3o\",\"image\":{\"@type\":\"ImageObject\",\"inLanguage\":\"pt-BR\",\"@id\":\"https:\\\/\\\/secure.gravatar.com\\\/avatar\\\/4f525efbf18dd2bb300ccad28bfb99d95a9465a5ba268407c8c37b37e1f28d2d?s=96&d=mm&r=g9e099043a0c61e9ae27e293b9fa75ffc\",\"url\":\"https:\\\/\\\/secure.gravatar.com\\\/avatar\\\/4f525efbf18dd2bb300ccad28bfb99d95a9465a5ba268407c8c37b37e1f28d2d?s=96&d=mm&r=g\",\"contentUrl\":\"https:\\\/\\\/secure.gravatar.com\\\/avatar\\\/4f525efbf18dd2bb300ccad28bfb99d95a9465a5ba268407c8c37b37e1f28d2d?s=96&d=mm&r=g\",\"caption\":\"Equipe Reda\u00e7\u00e3o\"},\"description\":\"Equipe de reda\u00e7\u00e3o \u00e9 um grupo de profissionais que trabalham juntos para criar conte\u00fado escrito para Motorista.com.br\",\"url\":\"https:\\\/\\\/motorista.com.br\\\/noticias\\\/author\\\/equiperedacao\\\/\"}]}<\/script>\n<!-- \/ Yoast SEO Premium plugin. -->","yoast_head_json":{"title":"Brasil iniciar\u00e1 testes de diesel com 20% de biodiesel em motores. - Motorista.com.br","robots":{"index":"index","follow":"follow","max-snippet":"max-snippet:-1","max-image-preview":"max-image-preview:large","max-video-preview":"max-video-preview:-1"},"canonical":"https:\/\/motorista.com.br\/noticias\/2026\/04\/26\/brasil-iniciara-testes-de-diesel-com-20-de-biodiesel-em-motores\/","og_locale":"pt_BR","og_type":"article","og_title":"Brasil iniciar\u00e1 testes de diesel com 20% de biodiesel em motores.","og_description":"O Brasil est\u00e1 prestes a dar um passo significativo rumo \u00e0 moderniza\u00e7\u00e3o de sua matriz energ\u00e9tica, com a previs\u00e3o de iniciar, em maio de 2026, testes laboratoriais para avaliar a mistura de \u00f3leo diesel com 20% de biodiesel, conhecido como B20. Esse estudo, coordenado pelo Instituto Tecnol\u00f3gico de Mau\u00e1, \u00e9 crucial para garantir que o &hellip;","og_url":"https:\/\/motorista.com.br\/noticias\/2026\/04\/26\/brasil-iniciara-testes-de-diesel-com-20-de-biodiesel-em-motores\/","og_site_name":"Motorista.com.br","article_published_time":"2026-04-26T04:36:09+00:00","author":"Equipe Reda\u00e7\u00e3o","twitter_card":"summary_large_image","twitter_misc":{"Escrito por":"Equipe Reda\u00e7\u00e3o","Est. tempo de leitura":"2 minutos","Written by":"Equipe Reda\u00e7\u00e3o"},"schema":{"@context":"https:\/\/schema.org","@graph":[{"@type":"Article","@id":"https:\/\/motorista.com.br\/noticias\/2026\/04\/26\/brasil-iniciara-testes-de-diesel-com-20-de-biodiesel-em-motores\/#article","isPartOf":{"@id":"https:\/\/motorista.com.br\/noticias\/2026\/04\/26\/brasil-iniciara-testes-de-diesel-com-20-de-biodiesel-em-motores\/"},"author":{"name":"Equipe Reda\u00e7\u00e3o","@id":"https:\/\/motorista.com.br\/noticias\/#\/schema\/person\/dc93afc2981c0e3ce6bc3c053fd847be"},"headline":"Brasil iniciar\u00e1 testes de diesel com 20% de biodiesel em motores.","datePublished":"2026-04-26T04:36:09+00:00","mainEntityOfPage":{"@id":"https:\/\/motorista.com.br\/noticias\/2026\/04\/26\/brasil-iniciara-testes-de-diesel-com-20-de-biodiesel-em-motores\/"},"wordCount":421,"publisher":{"@id":"https:\/\/motorista.com.br\/noticias\/#organization"},"image":{"@id":"https:\/\/motorista.com.br\/noticias\/2026\/04\/26\/brasil-iniciara-testes-de-diesel-com-20-de-biodiesel-em-motores\/#primaryimage"},"thumbnailUrl":"https:\/\/motorista.com.br\/noticias\/wp-content\/uploads\/2026\/04\/Destaque-Combustivel-scaled.jpg","articleSection":["Tecnologia"],"inLanguage":"pt-BR"},{"@type":"WebPage","@id":"https:\/\/motorista.com.br\/noticias\/2026\/04\/26\/brasil-iniciara-testes-de-diesel-com-20-de-biodiesel-em-motores\/","url":"https:\/\/motorista.com.br\/noticias\/2026\/04\/26\/brasil-iniciara-testes-de-diesel-com-20-de-biodiesel-em-motores\/","name":"Brasil iniciar\u00e1 testes de diesel com 20% de biodiesel em motores. - Motorista.com.br","isPartOf":{"@id":"https:\/\/motorista.com.br\/noticias\/#website"},"primaryImageOfPage":{"@id":"https:\/\/motorista.com.br\/noticias\/2026\/04\/26\/brasil-iniciara-testes-de-diesel-com-20-de-biodiesel-em-motores\/#primaryimage"},"image":{"@id":"https:\/\/motorista.com.br\/noticias\/2026\/04\/26\/brasil-iniciara-testes-de-diesel-com-20-de-biodiesel-em-motores\/#primaryimage"},"thumbnailUrl":"https:\/\/motorista.com.br\/noticias\/wp-content\/uploads\/2026\/04\/Destaque-Combustivel-scaled.jpg","datePublished":"2026-04-26T04:36:09+00:00","breadcrumb":{"@id":"https:\/\/motorista.com.br\/noticias\/2026\/04\/26\/brasil-iniciara-testes-de-diesel-com-20-de-biodiesel-em-motores\/#breadcrumb"},"inLanguage":"pt-BR","potentialAction":[{"@type":"ReadAction","target":["https:\/\/motorista.com.br\/noticias\/2026\/04\/26\/brasil-iniciara-testes-de-diesel-com-20-de-biodiesel-em-motores\/"]}]},{"@type":"ImageObject","inLanguage":"pt-BR","@id":"https:\/\/motorista.com.br\/noticias\/2026\/04\/26\/brasil-iniciara-testes-de-diesel-com-20-de-biodiesel-em-motores\/#primaryimage","url":"https:\/\/motorista.com.br\/noticias\/wp-content\/uploads\/2026\/04\/Destaque-Combustivel-scaled.jpg","contentUrl":"https:\/\/motorista.com.br\/noticias\/wp-content\/uploads\/2026\/04\/Destaque-Combustivel-scaled.jpg","width":2560,"height":1440},{"@type":"BreadcrumbList","@id":"https:\/\/motorista.com.br\/noticias\/2026\/04\/26\/brasil-iniciara-testes-de-diesel-com-20-de-biodiesel-em-motores\/#breadcrumb","itemListElement":[{"@type":"ListItem","position":1,"name":"In\u00edcio","item":"https:\/\/motorista.com.br\/noticias\/"},{"@type":"ListItem","position":2,"name":"Brasil iniciar\u00e1 testes de diesel com 20% de biodiesel em motores."}]},{"@type":"WebSite","@id":"https:\/\/motorista.com.br\/noticias\/#website","url":"https:\/\/motorista.com.br\/noticias\/","name":"Motorista.com.br","description":"Not\u00edcia do Motorista","publisher":{"@id":"https:\/\/motorista.com.br\/noticias\/#organization"},"potentialAction":[{"@type":"SearchAction","target":{"@type":"EntryPoint","urlTemplate":"https:\/\/motorista.com.br\/noticias\/?s={search_term_string}"},"query-input":{"@type":"PropertyValueSpecification","valueRequired":true,"valueName":"search_term_string"}}],"inLanguage":"pt-BR"},{"@type":"Organization","@id":"https:\/\/motorista.com.br\/noticias\/#organization","name":"Motorista.com.br","url":"https:\/\/motorista.com.br\/noticias\/","logo":{"@type":"ImageObject","inLanguage":"pt-BR","@id":"https:\/\/motorista.com.br\/noticias\/#\/schema\/logo\/image\/","url":"https:\/\/motorista.com.br\/noticias\/wp-content\/uploads\/2025\/06\/Design-sem-nome-9.png","contentUrl":"https:\/\/motorista.com.br\/noticias\/wp-content\/uploads\/2025\/06\/Design-sem-nome-9.png","width":150,"height":85,"caption":"Motorista.com.br"},"image":{"@id":"https:\/\/motorista.com.br\/noticias\/#\/schema\/logo\/image\/"}},{"@type":"Person","@id":"https:\/\/motorista.com.br\/noticias\/#\/schema\/person\/dc93afc2981c0e3ce6bc3c053fd847be","name":"Equipe Reda\u00e7\u00e3o","image":{"@type":"ImageObject","inLanguage":"pt-BR","@id":"https:\/\/secure.gravatar.com\/avatar\/4f525efbf18dd2bb300ccad28bfb99d95a9465a5ba268407c8c37b37e1f28d2d?s=96&d=mm&r=g9e099043a0c61e9ae27e293b9fa75ffc","url":"https:\/\/secure.gravatar.com\/avatar\/4f525efbf18dd2bb300ccad28bfb99d95a9465a5ba268407c8c37b37e1f28d2d?s=96&d=mm&r=g","contentUrl":"https:\/\/secure.gravatar.com\/avatar\/4f525efbf18dd2bb300ccad28bfb99d95a9465a5ba268407c8c37b37e1f28d2d?s=96&d=mm&r=g","caption":"Equipe Reda\u00e7\u00e3o"},"description":"Equipe de reda\u00e7\u00e3o \u00e9 um grupo de profissionais que trabalham juntos para criar conte\u00fado escrito para Motorista.com.br","url":"https:\/\/motorista.com.br\/noticias\/author\/equiperedacao\/"}]}},"_links":{"self":[{"href":"https:\/\/motorista.com.br\/noticias\/wp-json\/wp\/v2\/posts\/9168","targetHints":{"allow":["GET"]}}],"collection":[{"href":"https:\/\/motorista.com.br\/noticias\/wp-json\/wp\/v2\/posts"}],"about":[{"href":"https:\/\/motorista.com.br\/noticias\/wp-json\/wp\/v2\/types\/post"}],"author":[{"embeddable":true,"href":"https:\/\/motorista.com.br\/noticias\/wp-json\/wp\/v2\/users\/4"}],"replies":[{"embeddable":true,"href":"https:\/\/motorista.com.br\/noticias\/wp-json\/wp\/v2\/comments?post=9168"}],"version-history":[{"count":0,"href":"https:\/\/motorista.com.br\/noticias\/wp-json\/wp\/v2\/posts\/9168\/revisions"}],"wp:featuredmedia":[{"embeddable":true,"href":"https:\/\/motorista.com.br\/noticias\/wp-json\/wp\/v2\/media\/9169"}],"wp:attachment":[{"href":"https:\/\/motorista.com.br\/noticias\/wp-json\/wp\/v2\/media?parent=9168"}],"wp:term":[{"taxonomy":"category","embeddable":true,"href":"https:\/\/motorista.com.br\/noticias\/wp-json\/wp\/v2\/categories?post=9168"},{"taxonomy":"post_tag","embeddable":true,"href":"https:\/\/motorista.com.br\/noticias\/wp-json\/wp\/v2\/tags?post=9168"},{"taxonomy":"author","embeddable":true,"href":"https:\/\/motorista.com.br\/noticias\/wp-json\/wp\/v2\/coauthors?post=9168"}],"curies":[{"name":"wp","href":"https:\/\/api.w.org\/{rel}","templated":true}]}}