{"id":9166,"date":"2026-04-26T00:39:44","date_gmt":"2026-04-26T03:39:44","guid":{"rendered":"https:\/\/motorista.com.br\/noticias\/2026\/04\/26\/volkswagen-meteor-b100-flex-se-destaca-na-alemanha\/"},"modified":"2026-04-26T00:39:44","modified_gmt":"2026-04-26T03:39:44","slug":"volkswagen-meteor-b100-flex-se-destaca-na-alemanha","status":"publish","type":"post","link":"https:\/\/motorista.com.br\/noticias\/2026\/04\/26\/volkswagen-meteor-b100-flex-se-destaca-na-alemanha\/","title":{"rendered":"Volkswagen Meteor B100 Flex se destaca na Alemanha."},"content":{"rendered":"<p>A Volkswagen Caminh\u00f5es e \u00d4nibus est\u00e1 atraindo aten\u00e7\u00e3o mundial ao apresentar o VW Meteor Flex B100 na Hannover Messe, a maior feira de tecnologia industrial do mundo, realizada na Alemanha. Este caminh\u00e3o inovador \u00e9 capaz de operar tanto com diesel f\u00f3ssil quanto com 100% de biodiesel, al\u00e9m de uma op\u00e7\u00e3o renov\u00e1vel chamada HVO. Essa iniciativa faz parte de um esfor\u00e7o maior para promover a ado\u00e7\u00e3o de biocombust\u00edveis em larga escala, visando acelerar a descarboniza\u00e7\u00e3o no setor de transporte.<\/p>\n<p>Roberto Cortes, presidente e CEO da Volkswagen Caminh\u00f5es e \u00d4nibus, destaca a import\u00e2ncia do Brasil como um l\u00edder em biocombust\u00edveis. Com mais de 90% de sua matriz energ\u00e9tica proveniente de fontes renov\u00e1veis, o pa\u00eds possui o know-how necess\u00e1rio para impulsionar essa transi\u00e7\u00e3o. A ado\u00e7\u00e3o de solu\u00e7\u00f5es sustent\u00e1veis, como o uso de biodiesel e biometano, n\u00e3o \u00e9 apenas uma responsabilidade ambiental, mas uma oportunidade concreta para fortalecer a mobilidade e a efici\u00eancia no transporte.<\/p>\n<p>Os resultados s\u00e3o promissores. Aplica\u00e7\u00f5es pr\u00e1ticas com o Meteor B100 j\u00e1 demonstraram efici\u00eancia tanto em opera\u00e7\u00f5es de longa dist\u00e2ncia quanto em ambientes urbanos, com baixas emiss\u00f5es e excelente disponibilidade t\u00e9cnica. Ap\u00f3s 100 mil quil\u00f4metros rodados, a tecnologia mostrou uma performance superior a 95%, sem intercorr\u00eancias significativas.<\/p>\n<p>Esses avan\u00e7os n\u00e3o apenas beneficiam os motoristas, que ter\u00e3o acesso a um transporte mais sustent\u00e1vel e eficiente, mas tamb\u00e9m impactam a mobilidade geral. O uso de biocombust\u00edveis pode diminuir a depend\u00eancia de combust\u00edveis f\u00f3sseis, promovendo um meio de transporte mais limpo e renov\u00e1vel. Isso contribui para um futuro mais sustent\u00e1vel, beneficiando o meio ambiente e melhorando a qualidade de vida nas cidades.<\/p>\n<p>Com inova\u00e7\u00f5es como o VW Meteor Flex B100, a Volkswagen Caminh\u00f5es e \u00d4nibus n\u00e3o est\u00e1 apenas proporcionando solu\u00e7\u00f5es para o transporte, mas tamb\u00e9m apresentando um novo paradigma de mobilidade, onde a sustentabilidade e a efici\u00eancia caminham juntas.<\/p>\n","protected":false},"excerpt":{"rendered":"<p>A Volkswagen Caminh\u00f5es e \u00d4nibus est\u00e1 atraindo aten\u00e7\u00e3o mundial ao apresentar o VW Meteor Flex B100 na Hannover Messe, a maior feira de tecnologia industrial do mundo, realizada na Alemanha. Este caminh\u00e3o inovador \u00e9 capaz de operar tanto com diesel f\u00f3ssil quanto com 100% de biodiesel, al\u00e9m de uma op\u00e7\u00e3o renov\u00e1vel chamada HVO. Essa iniciativa &hellip;<\/p>\n","protected":false},"author":4,"featured_media":9167,"comment_status":"","ping_status":"open","sticky":false,"template":"","format":"standard","meta":{"footnotes":""},"categories":[78,77],"tags":[],"coauthors":[42],"class_list":["post-9166","post","type-post","status-publish","format-standard","has-post-thumbnail","hentry","category-carreteiro","category-motorista"],"yoast_head":"<!-- This site is optimized with the Yoast SEO Premium plugin v25.5 (Yoast SEO v27.4) - https:\/\/yoast.com\/product\/yoast-seo-premium-wordpress\/ -->\n<title>Volkswagen Meteor B100 Flex se destaca na Alemanha. - Motorista.com.br<\/title>\n<meta name=\"robots\" content=\"index, follow, max-snippet:-1, max-image-preview:large, max-video-preview:-1\" \/>\n<link rel=\"canonical\" href=\"https:\/\/motorista.com.br\/noticias\/2026\/04\/26\/volkswagen-meteor-b100-flex-se-destaca-na-alemanha\/\" \/>\n<meta property=\"og:locale\" content=\"pt_BR\" \/>\n<meta property=\"og:type\" content=\"article\" \/>\n<meta property=\"og:title\" content=\"Volkswagen Meteor B100 Flex se destaca na Alemanha.\" \/>\n<meta property=\"og:description\" content=\"A Volkswagen Caminh\u00f5es e \u00d4nibus est\u00e1 atraindo aten\u00e7\u00e3o mundial ao apresentar o VW Meteor Flex B100 na Hannover Messe, a maior feira de tecnologia industrial do mundo, realizada na Alemanha. Este caminh\u00e3o inovador \u00e9 capaz de operar tanto com diesel f\u00f3ssil quanto com 100% de biodiesel, al\u00e9m de uma op\u00e7\u00e3o renov\u00e1vel chamada HVO. Essa iniciativa &hellip;\" \/>\n<meta property=\"og:url\" content=\"https:\/\/motorista.com.br\/noticias\/2026\/04\/26\/volkswagen-meteor-b100-flex-se-destaca-na-alemanha\/\" \/>\n<meta property=\"og:site_name\" content=\"Motorista.com.br\" \/>\n<meta property=\"article:published_time\" content=\"2026-04-26T03:39:44+00:00\" \/>\n<meta name=\"author\" content=\"Equipe Reda\u00e7\u00e3o\" \/>\n<meta name=\"twitter:card\" content=\"summary_large_image\" \/>\n<meta name=\"twitter:label1\" content=\"Escrito por\" \/>\n\t<meta name=\"twitter:data1\" content=\"Equipe Reda\u00e7\u00e3o\" \/>\n\t<meta name=\"twitter:label2\" content=\"Est. tempo de leitura\" \/>\n\t<meta name=\"twitter:data2\" content=\"2 minutos\" \/>\n\t<meta name=\"twitter:label3\" content=\"Written by\" \/>\n\t<meta name=\"twitter:data3\" content=\"Equipe Reda\u00e7\u00e3o\" \/>\n<script type=\"application\/ld+json\" class=\"yoast-schema-graph\">{\"@context\":\"https:\\\/\\\/schema.org\",\"@graph\":[{\"@type\":\"Article\",\"@id\":\"https:\\\/\\\/motorista.com.br\\\/noticias\\\/2026\\\/04\\\/26\\\/volkswagen-meteor-b100-flex-se-destaca-na-alemanha\\\/#article\",\"isPartOf\":{\"@id\":\"https:\\\/\\\/motorista.com.br\\\/noticias\\\/2026\\\/04\\\/26\\\/volkswagen-meteor-b100-flex-se-destaca-na-alemanha\\\/\"},\"author\":{\"name\":\"Equipe Reda\u00e7\u00e3o\",\"@id\":\"https:\\\/\\\/motorista.com.br\\\/noticias\\\/#\\\/schema\\\/person\\\/dc93afc2981c0e3ce6bc3c053fd847be\"},\"headline\":\"Volkswagen Meteor B100 Flex se destaca na Alemanha.\",\"datePublished\":\"2026-04-26T03:39:44+00:00\",\"mainEntityOfPage\":{\"@id\":\"https:\\\/\\\/motorista.com.br\\\/noticias\\\/2026\\\/04\\\/26\\\/volkswagen-meteor-b100-flex-se-destaca-na-alemanha\\\/\"},\"wordCount\":351,\"publisher\":{\"@id\":\"https:\\\/\\\/motorista.com.br\\\/noticias\\\/#organization\"},\"image\":{\"@id\":\"https:\\\/\\\/motorista.com.br\\\/noticias\\\/2026\\\/04\\\/26\\\/volkswagen-meteor-b100-flex-se-destaca-na-alemanha\\\/#primaryimage\"},\"thumbnailUrl\":\"https:\\\/\\\/motorista.com.br\\\/noticias\\\/wp-content\\\/uploads\\\/2026\\\/04\\\/MeteorB100_3.jpg\",\"articleSection\":[\"Carreteiro\",\"Motorista\"],\"inLanguage\":\"pt-BR\"},{\"@type\":\"WebPage\",\"@id\":\"https:\\\/\\\/motorista.com.br\\\/noticias\\\/2026\\\/04\\\/26\\\/volkswagen-meteor-b100-flex-se-destaca-na-alemanha\\\/\",\"url\":\"https:\\\/\\\/motorista.com.br\\\/noticias\\\/2026\\\/04\\\/26\\\/volkswagen-meteor-b100-flex-se-destaca-na-alemanha\\\/\",\"name\":\"Volkswagen Meteor B100 Flex se destaca na Alemanha. - Motorista.com.br\",\"isPartOf\":{\"@id\":\"https:\\\/\\\/motorista.com.br\\\/noticias\\\/#website\"},\"primaryImageOfPage\":{\"@id\":\"https:\\\/\\\/motorista.com.br\\\/noticias\\\/2026\\\/04\\\/26\\\/volkswagen-meteor-b100-flex-se-destaca-na-alemanha\\\/#primaryimage\"},\"image\":{\"@id\":\"https:\\\/\\\/motorista.com.br\\\/noticias\\\/2026\\\/04\\\/26\\\/volkswagen-meteor-b100-flex-se-destaca-na-alemanha\\\/#primaryimage\"},\"thumbnailUrl\":\"https:\\\/\\\/motorista.com.br\\\/noticias\\\/wp-content\\\/uploads\\\/2026\\\/04\\\/MeteorB100_3.jpg\",\"datePublished\":\"2026-04-26T03:39:44+00:00\",\"breadcrumb\":{\"@id\":\"https:\\\/\\\/motorista.com.br\\\/noticias\\\/2026\\\/04\\\/26\\\/volkswagen-meteor-b100-flex-se-destaca-na-alemanha\\\/#breadcrumb\"},\"inLanguage\":\"pt-BR\",\"potentialAction\":[{\"@type\":\"ReadAction\",\"target\":[\"https:\\\/\\\/motorista.com.br\\\/noticias\\\/2026\\\/04\\\/26\\\/volkswagen-meteor-b100-flex-se-destaca-na-alemanha\\\/\"]}]},{\"@type\":\"ImageObject\",\"inLanguage\":\"pt-BR\",\"@id\":\"https:\\\/\\\/motorista.com.br\\\/noticias\\\/2026\\\/04\\\/26\\\/volkswagen-meteor-b100-flex-se-destaca-na-alemanha\\\/#primaryimage\",\"url\":\"https:\\\/\\\/motorista.com.br\\\/noticias\\\/wp-content\\\/uploads\\\/2026\\\/04\\\/MeteorB100_3.jpg\",\"contentUrl\":\"https:\\\/\\\/motorista.com.br\\\/noticias\\\/wp-content\\\/uploads\\\/2026\\\/04\\\/MeteorB100_3.jpg\",\"width\":1300,\"height\":975},{\"@type\":\"BreadcrumbList\",\"@id\":\"https:\\\/\\\/motorista.com.br\\\/noticias\\\/2026\\\/04\\\/26\\\/volkswagen-meteor-b100-flex-se-destaca-na-alemanha\\\/#breadcrumb\",\"itemListElement\":[{\"@type\":\"ListItem\",\"position\":1,\"name\":\"In\u00edcio\",\"item\":\"https:\\\/\\\/motorista.com.br\\\/noticias\\\/\"},{\"@type\":\"ListItem\",\"position\":2,\"name\":\"Volkswagen Meteor B100 Flex se destaca na Alemanha.\"}]},{\"@type\":\"WebSite\",\"@id\":\"https:\\\/\\\/motorista.com.br\\\/noticias\\\/#website\",\"url\":\"https:\\\/\\\/motorista.com.br\\\/noticias\\\/\",\"name\":\"Motorista.com.br\",\"description\":\"Not\u00edcia do Motorista\",\"publisher\":{\"@id\":\"https:\\\/\\\/motorista.com.br\\\/noticias\\\/#organization\"},\"potentialAction\":[{\"@type\":\"SearchAction\",\"target\":{\"@type\":\"EntryPoint\",\"urlTemplate\":\"https:\\\/\\\/motorista.com.br\\\/noticias\\\/?s={search_term_string}\"},\"query-input\":{\"@type\":\"PropertyValueSpecification\",\"valueRequired\":true,\"valueName\":\"search_term_string\"}}],\"inLanguage\":\"pt-BR\"},{\"@type\":\"Organization\",\"@id\":\"https:\\\/\\\/motorista.com.br\\\/noticias\\\/#organization\",\"name\":\"Motorista.com.br\",\"url\":\"https:\\\/\\\/motorista.com.br\\\/noticias\\\/\",\"logo\":{\"@type\":\"ImageObject\",\"inLanguage\":\"pt-BR\",\"@id\":\"https:\\\/\\\/motorista.com.br\\\/noticias\\\/#\\\/schema\\\/logo\\\/image\\\/\",\"url\":\"https:\\\/\\\/motorista.com.br\\\/noticias\\\/wp-content\\\/uploads\\\/2025\\\/06\\\/Design-sem-nome-9.png\",\"contentUrl\":\"https:\\\/\\\/motorista.com.br\\\/noticias\\\/wp-content\\\/uploads\\\/2025\\\/06\\\/Design-sem-nome-9.png\",\"width\":150,\"height\":85,\"caption\":\"Motorista.com.br\"},\"image\":{\"@id\":\"https:\\\/\\\/motorista.com.br\\\/noticias\\\/#\\\/schema\\\/logo\\\/image\\\/\"}},{\"@type\":\"Person\",\"@id\":\"https:\\\/\\\/motorista.com.br\\\/noticias\\\/#\\\/schema\\\/person\\\/dc93afc2981c0e3ce6bc3c053fd847be\",\"name\":\"Equipe Reda\u00e7\u00e3o\",\"image\":{\"@type\":\"ImageObject\",\"inLanguage\":\"pt-BR\",\"@id\":\"https:\\\/\\\/secure.gravatar.com\\\/avatar\\\/4f525efbf18dd2bb300ccad28bfb99d95a9465a5ba268407c8c37b37e1f28d2d?s=96&d=mm&r=g9e099043a0c61e9ae27e293b9fa75ffc\",\"url\":\"https:\\\/\\\/secure.gravatar.com\\\/avatar\\\/4f525efbf18dd2bb300ccad28bfb99d95a9465a5ba268407c8c37b37e1f28d2d?s=96&d=mm&r=g\",\"contentUrl\":\"https:\\\/\\\/secure.gravatar.com\\\/avatar\\\/4f525efbf18dd2bb300ccad28bfb99d95a9465a5ba268407c8c37b37e1f28d2d?s=96&d=mm&r=g\",\"caption\":\"Equipe Reda\u00e7\u00e3o\"},\"description\":\"Equipe de reda\u00e7\u00e3o \u00e9 um grupo de profissionais que trabalham juntos para criar conte\u00fado escrito para Motorista.com.br\",\"url\":\"https:\\\/\\\/motorista.com.br\\\/noticias\\\/author\\\/equiperedacao\\\/\"}]}<\/script>\n<!-- \/ Yoast SEO Premium plugin. -->","yoast_head_json":{"title":"Volkswagen Meteor B100 Flex se destaca na Alemanha. - Motorista.com.br","robots":{"index":"index","follow":"follow","max-snippet":"max-snippet:-1","max-image-preview":"max-image-preview:large","max-video-preview":"max-video-preview:-1"},"canonical":"https:\/\/motorista.com.br\/noticias\/2026\/04\/26\/volkswagen-meteor-b100-flex-se-destaca-na-alemanha\/","og_locale":"pt_BR","og_type":"article","og_title":"Volkswagen Meteor B100 Flex se destaca na Alemanha.","og_description":"A Volkswagen Caminh\u00f5es e \u00d4nibus est\u00e1 atraindo aten\u00e7\u00e3o mundial ao apresentar o VW Meteor Flex B100 na Hannover Messe, a maior feira de tecnologia industrial do mundo, realizada na Alemanha. Este caminh\u00e3o inovador \u00e9 capaz de operar tanto com diesel f\u00f3ssil quanto com 100% de biodiesel, al\u00e9m de uma op\u00e7\u00e3o renov\u00e1vel chamada HVO. Essa iniciativa &hellip;","og_url":"https:\/\/motorista.com.br\/noticias\/2026\/04\/26\/volkswagen-meteor-b100-flex-se-destaca-na-alemanha\/","og_site_name":"Motorista.com.br","article_published_time":"2026-04-26T03:39:44+00:00","author":"Equipe Reda\u00e7\u00e3o","twitter_card":"summary_large_image","twitter_misc":{"Escrito por":"Equipe Reda\u00e7\u00e3o","Est. tempo de leitura":"2 minutos","Written by":"Equipe Reda\u00e7\u00e3o"},"schema":{"@context":"https:\/\/schema.org","@graph":[{"@type":"Article","@id":"https:\/\/motorista.com.br\/noticias\/2026\/04\/26\/volkswagen-meteor-b100-flex-se-destaca-na-alemanha\/#article","isPartOf":{"@id":"https:\/\/motorista.com.br\/noticias\/2026\/04\/26\/volkswagen-meteor-b100-flex-se-destaca-na-alemanha\/"},"author":{"name":"Equipe Reda\u00e7\u00e3o","@id":"https:\/\/motorista.com.br\/noticias\/#\/schema\/person\/dc93afc2981c0e3ce6bc3c053fd847be"},"headline":"Volkswagen Meteor B100 Flex se destaca na Alemanha.","datePublished":"2026-04-26T03:39:44+00:00","mainEntityOfPage":{"@id":"https:\/\/motorista.com.br\/noticias\/2026\/04\/26\/volkswagen-meteor-b100-flex-se-destaca-na-alemanha\/"},"wordCount":351,"publisher":{"@id":"https:\/\/motorista.com.br\/noticias\/#organization"},"image":{"@id":"https:\/\/motorista.com.br\/noticias\/2026\/04\/26\/volkswagen-meteor-b100-flex-se-destaca-na-alemanha\/#primaryimage"},"thumbnailUrl":"https:\/\/motorista.com.br\/noticias\/wp-content\/uploads\/2026\/04\/MeteorB100_3.jpg","articleSection":["Carreteiro","Motorista"],"inLanguage":"pt-BR"},{"@type":"WebPage","@id":"https:\/\/motorista.com.br\/noticias\/2026\/04\/26\/volkswagen-meteor-b100-flex-se-destaca-na-alemanha\/","url":"https:\/\/motorista.com.br\/noticias\/2026\/04\/26\/volkswagen-meteor-b100-flex-se-destaca-na-alemanha\/","name":"Volkswagen Meteor B100 Flex se destaca na Alemanha. - Motorista.com.br","isPartOf":{"@id":"https:\/\/motorista.com.br\/noticias\/#website"},"primaryImageOfPage":{"@id":"https:\/\/motorista.com.br\/noticias\/2026\/04\/26\/volkswagen-meteor-b100-flex-se-destaca-na-alemanha\/#primaryimage"},"image":{"@id":"https:\/\/motorista.com.br\/noticias\/2026\/04\/26\/volkswagen-meteor-b100-flex-se-destaca-na-alemanha\/#primaryimage"},"thumbnailUrl":"https:\/\/motorista.com.br\/noticias\/wp-content\/uploads\/2026\/04\/MeteorB100_3.jpg","datePublished":"2026-04-26T03:39:44+00:00","breadcrumb":{"@id":"https:\/\/motorista.com.br\/noticias\/2026\/04\/26\/volkswagen-meteor-b100-flex-se-destaca-na-alemanha\/#breadcrumb"},"inLanguage":"pt-BR","potentialAction":[{"@type":"ReadAction","target":["https:\/\/motorista.com.br\/noticias\/2026\/04\/26\/volkswagen-meteor-b100-flex-se-destaca-na-alemanha\/"]}]},{"@type":"ImageObject","inLanguage":"pt-BR","@id":"https:\/\/motorista.com.br\/noticias\/2026\/04\/26\/volkswagen-meteor-b100-flex-se-destaca-na-alemanha\/#primaryimage","url":"https:\/\/motorista.com.br\/noticias\/wp-content\/uploads\/2026\/04\/MeteorB100_3.jpg","contentUrl":"https:\/\/motorista.com.br\/noticias\/wp-content\/uploads\/2026\/04\/MeteorB100_3.jpg","width":1300,"height":975},{"@type":"BreadcrumbList","@id":"https:\/\/motorista.com.br\/noticias\/2026\/04\/26\/volkswagen-meteor-b100-flex-se-destaca-na-alemanha\/#breadcrumb","itemListElement":[{"@type":"ListItem","position":1,"name":"In\u00edcio","item":"https:\/\/motorista.com.br\/noticias\/"},{"@type":"ListItem","position":2,"name":"Volkswagen Meteor B100 Flex se destaca na Alemanha."}]},{"@type":"WebSite","@id":"https:\/\/motorista.com.br\/noticias\/#website","url":"https:\/\/motorista.com.br\/noticias\/","name":"Motorista.com.br","description":"Not\u00edcia do Motorista","publisher":{"@id":"https:\/\/motorista.com.br\/noticias\/#organization"},"potentialAction":[{"@type":"SearchAction","target":{"@type":"EntryPoint","urlTemplate":"https:\/\/motorista.com.br\/noticias\/?s={search_term_string}"},"query-input":{"@type":"PropertyValueSpecification","valueRequired":true,"valueName":"search_term_string"}}],"inLanguage":"pt-BR"},{"@type":"Organization","@id":"https:\/\/motorista.com.br\/noticias\/#organization","name":"Motorista.com.br","url":"https:\/\/motorista.com.br\/noticias\/","logo":{"@type":"ImageObject","inLanguage":"pt-BR","@id":"https:\/\/motorista.com.br\/noticias\/#\/schema\/logo\/image\/","url":"https:\/\/motorista.com.br\/noticias\/wp-content\/uploads\/2025\/06\/Design-sem-nome-9.png","contentUrl":"https:\/\/motorista.com.br\/noticias\/wp-content\/uploads\/2025\/06\/Design-sem-nome-9.png","width":150,"height":85,"caption":"Motorista.com.br"},"image":{"@id":"https:\/\/motorista.com.br\/noticias\/#\/schema\/logo\/image\/"}},{"@type":"Person","@id":"https:\/\/motorista.com.br\/noticias\/#\/schema\/person\/dc93afc2981c0e3ce6bc3c053fd847be","name":"Equipe Reda\u00e7\u00e3o","image":{"@type":"ImageObject","inLanguage":"pt-BR","@id":"https:\/\/secure.gravatar.com\/avatar\/4f525efbf18dd2bb300ccad28bfb99d95a9465a5ba268407c8c37b37e1f28d2d?s=96&d=mm&r=g9e099043a0c61e9ae27e293b9fa75ffc","url":"https:\/\/secure.gravatar.com\/avatar\/4f525efbf18dd2bb300ccad28bfb99d95a9465a5ba268407c8c37b37e1f28d2d?s=96&d=mm&r=g","contentUrl":"https:\/\/secure.gravatar.com\/avatar\/4f525efbf18dd2bb300ccad28bfb99d95a9465a5ba268407c8c37b37e1f28d2d?s=96&d=mm&r=g","caption":"Equipe Reda\u00e7\u00e3o"},"description":"Equipe de reda\u00e7\u00e3o \u00e9 um grupo de profissionais que trabalham juntos para criar conte\u00fado escrito para Motorista.com.br","url":"https:\/\/motorista.com.br\/noticias\/author\/equiperedacao\/"}]}},"_links":{"self":[{"href":"https:\/\/motorista.com.br\/noticias\/wp-json\/wp\/v2\/posts\/9166","targetHints":{"allow":["GET"]}}],"collection":[{"href":"https:\/\/motorista.com.br\/noticias\/wp-json\/wp\/v2\/posts"}],"about":[{"href":"https:\/\/motorista.com.br\/noticias\/wp-json\/wp\/v2\/types\/post"}],"author":[{"embeddable":true,"href":"https:\/\/motorista.com.br\/noticias\/wp-json\/wp\/v2\/users\/4"}],"replies":[{"embeddable":true,"href":"https:\/\/motorista.com.br\/noticias\/wp-json\/wp\/v2\/comments?post=9166"}],"version-history":[{"count":0,"href":"https:\/\/motorista.com.br\/noticias\/wp-json\/wp\/v2\/posts\/9166\/revisions"}],"wp:featuredmedia":[{"embeddable":true,"href":"https:\/\/motorista.com.br\/noticias\/wp-json\/wp\/v2\/media\/9167"}],"wp:attachment":[{"href":"https:\/\/motorista.com.br\/noticias\/wp-json\/wp\/v2\/media?parent=9166"}],"wp:term":[{"taxonomy":"category","embeddable":true,"href":"https:\/\/motorista.com.br\/noticias\/wp-json\/wp\/v2\/categories?post=9166"},{"taxonomy":"post_tag","embeddable":true,"href":"https:\/\/motorista.com.br\/noticias\/wp-json\/wp\/v2\/tags?post=9166"},{"taxonomy":"author","embeddable":true,"href":"https:\/\/motorista.com.br\/noticias\/wp-json\/wp\/v2\/coauthors?post=9166"}],"curies":[{"name":"wp","href":"https:\/\/api.w.org\/{rel}","templated":true}]}}