{"id":9164,"date":"2026-04-25T23:48:34","date_gmt":"2026-04-26T02:48:34","guid":{"rendered":"https:\/\/motorista.com.br\/noticias\/2026\/04\/25\/governo-trump-busca-expandir-metodos-da-pena-de-morte\/"},"modified":"2026-04-25T23:48:34","modified_gmt":"2026-04-26T02:48:34","slug":"governo-trump-busca-expandir-metodos-da-pena-de-morte","status":"publish","type":"post","link":"https:\/\/motorista.com.br\/noticias\/2026\/04\/25\/governo-trump-busca-expandir-metodos-da-pena-de-morte\/","title":{"rendered":"Governo Trump busca expandir m\u00e9todos da pena de morte"},"content":{"rendered":"<p><\/p>\n<p>Claro! Aqui est\u00e1 a reescrita do artigo com foco nos motoristas e na mobilidade geral:<\/p>\n<hr \/>\n<p><strong>Governo Trump visa ampliar m\u00e9todos usados em pena de morte<\/strong><\/p>\n<p>A administra\u00e7\u00e3o Trump est\u00e1 propondo uma amplia\u00e7\u00e3o dos m\u00e9todos de execu\u00e7\u00e3o no sistema federal, o que inclui o retorno do pelot\u00e3o de fuzilamento e da asfixia por g\u00e1s. Essa decis\u00e3o surge em um contexto em que o Departamento de Justi\u00e7a enfrenta dificuldades para obter subst\u00e2ncias utilizadas nas inje\u00e7\u00f5es letais.<\/p>\n<p>Essa nova diretriz tamb\u00e9m revoga a morat\u00f3ria que foi implementada durante o governo de Joe Biden, que suspendeu as execu\u00e7\u00f5es federais e comutou as penas de 37 prisioneiros no corredor da morte. O Departamento argumenta que esses novos m\u00e9todos facilitariam a realiza\u00e7\u00e3o das execu\u00e7\u00f5es assim que os presos condenados esgotem os recursos de apela\u00e7\u00e3o.<\/p>\n<p>Al\u00e9m disso, o governo est\u00e1 defendendo a acelera\u00e7\u00e3o dos processos internos relacionados \u00e0 pena de morte, o que implica que mais de 40 prisioneiros aguardam julgamento que pode resultar na pena capital.<\/p>\n<p>A iniciativa, impulsionada pelo procurador-geral interino Todd Blanche, \u00e9 apresentada como parte de uma pol\u00edtica mais r\u00edgida de seguran\u00e7a p\u00fablica. O procurador criticou a\u00e7\u00f5es da administra\u00e7\u00e3o anterior, alegando que houve uma falta de rigor na aplica\u00e7\u00e3o da lei, especialmente em casos de crimes graves.<\/p>\n<h3>Reflex\u00e3o sobre Mobilidade e Impactos Sociais<\/h3>\n<p>Embora a proposta do governo se concentre em um tema controverso e delicado, suas implica\u00e7\u00f5es podem reverberar em diversos aspectos da sociedade, incluindo a mobilidade urbana. As not\u00edcias relacionadas \u00e0 seguran\u00e7a e ordem p\u00fablica muitas vezes influenciam a percep\u00e7\u00e3o de risco nas cidades. <\/p>\n<p>Quando um governo adota uma postura mais r\u00edgida em quest\u00f5es de seguran\u00e7a e justi\u00e7a, isso pode impactar a mobilidade de maneira indireta. Por exemplo, uma sensa\u00e7\u00e3o de inseguran\u00e7a generalizada pode levar a um aumento no uso de ve\u00edculos particulares, em vez de transporte p\u00fablico, \u00e0 medida que as pessoas buscam se sentir mais seguras durante seus deslocamentos. Isso, por sua vez, pode contribuir para o aumento do tr\u00e1fego nas cidades, intensificando problemas de congestionamento e polui\u00e7\u00e3o.<\/p>\n<p>Al\u00e9m do mais, pol\u00edticas de seguran\u00e7a que geram divis\u00f5es na opini\u00e3o p\u00fablica podem afetar a confian\u00e7a nas autoridades, o que pode resultar em comportamentos mais cautelosos entre motoristas e pedestres. Com base nessa din\u00e2mica, \u00e9 essencial que as discuss\u00f5es sobre pena de morte e seguran\u00e7a p\u00fablica considerem n\u00e3o apenas a justi\u00e7a penal, mas tamb\u00e9m os impactos sociais mais amplos, que incluem a mobilidade e a qualidade de vida nas cidades.<\/p>\n<hr \/>\n<p>Se precisar de mais ajustes ou de outro tipo de conte\u00fado, \u00e9 s\u00f3 avisar!<\/p>\n","protected":false},"excerpt":{"rendered":"<p>Claro! Aqui est\u00e1 a reescrita do artigo com foco nos motoristas e na mobilidade geral: Governo Trump visa ampliar m\u00e9todos usados em pena de morte A administra\u00e7\u00e3o Trump est\u00e1 propondo uma amplia\u00e7\u00e3o dos m\u00e9todos de execu\u00e7\u00e3o no sistema federal, o que inclui o retorno do pelot\u00e3o de fuzilamento e da asfixia por g\u00e1s. Essa decis\u00e3o &hellip;<\/p>\n","protected":false},"author":4,"featured_media":9165,"comment_status":"","ping_status":"open","sticky":false,"template":"","format":"standard","meta":{"footnotes":""},"categories":[45],"tags":[],"coauthors":[42],"class_list":["post-9164","post","type-post","status-publish","format-standard","has-post-thumbnail","hentry","category-mundo"],"yoast_head":"<!-- This site is optimized with the Yoast SEO Premium plugin v25.5 (Yoast SEO v27.4) - https:\/\/yoast.com\/product\/yoast-seo-premium-wordpress\/ -->\n<title>Governo Trump busca expandir m\u00e9todos da pena de morte - Motorista.com.br<\/title>\n<meta name=\"robots\" content=\"index, follow, max-snippet:-1, max-image-preview:large, max-video-preview:-1\" \/>\n<link rel=\"canonical\" href=\"https:\/\/motorista.com.br\/noticias\/2026\/04\/25\/governo-trump-busca-expandir-metodos-da-pena-de-morte\/\" \/>\n<meta property=\"og:locale\" content=\"pt_BR\" \/>\n<meta property=\"og:type\" content=\"article\" \/>\n<meta property=\"og:title\" content=\"Governo Trump busca expandir m\u00e9todos da pena de morte\" \/>\n<meta property=\"og:description\" content=\"Claro! Aqui est\u00e1 a reescrita do artigo com foco nos motoristas e na mobilidade geral: Governo Trump visa ampliar m\u00e9todos usados em pena de morte A administra\u00e7\u00e3o Trump est\u00e1 propondo uma amplia\u00e7\u00e3o dos m\u00e9todos de execu\u00e7\u00e3o no sistema federal, o que inclui o retorno do pelot\u00e3o de fuzilamento e da asfixia por g\u00e1s. Essa decis\u00e3o &hellip;\" \/>\n<meta property=\"og:url\" content=\"https:\/\/motorista.com.br\/noticias\/2026\/04\/25\/governo-trump-busca-expandir-metodos-da-pena-de-morte\/\" \/>\n<meta property=\"og:site_name\" content=\"Motorista.com.br\" \/>\n<meta property=\"article:published_time\" content=\"2026-04-26T02:48:34+00:00\" \/>\n<meta name=\"author\" content=\"Equipe Reda\u00e7\u00e3o\" \/>\n<meta name=\"twitter:card\" content=\"summary_large_image\" \/>\n<meta name=\"twitter:label1\" content=\"Escrito por\" \/>\n\t<meta name=\"twitter:data1\" content=\"Equipe Reda\u00e7\u00e3o\" \/>\n\t<meta name=\"twitter:label2\" content=\"Est. tempo de leitura\" \/>\n\t<meta name=\"twitter:data2\" content=\"2 minutos\" \/>\n\t<meta name=\"twitter:label3\" content=\"Written by\" \/>\n\t<meta name=\"twitter:data3\" content=\"Equipe Reda\u00e7\u00e3o\" \/>\n<script type=\"application\/ld+json\" class=\"yoast-schema-graph\">{\"@context\":\"https:\\\/\\\/schema.org\",\"@graph\":[{\"@type\":\"Article\",\"@id\":\"https:\\\/\\\/motorista.com.br\\\/noticias\\\/2026\\\/04\\\/25\\\/governo-trump-busca-expandir-metodos-da-pena-de-morte\\\/#article\",\"isPartOf\":{\"@id\":\"https:\\\/\\\/motorista.com.br\\\/noticias\\\/2026\\\/04\\\/25\\\/governo-trump-busca-expandir-metodos-da-pena-de-morte\\\/\"},\"author\":{\"name\":\"Equipe Reda\u00e7\u00e3o\",\"@id\":\"https:\\\/\\\/motorista.com.br\\\/noticias\\\/#\\\/schema\\\/person\\\/dc93afc2981c0e3ce6bc3c053fd847be\"},\"headline\":\"Governo Trump busca expandir m\u00e9todos da pena de morte\",\"datePublished\":\"2026-04-26T02:48:34+00:00\",\"mainEntityOfPage\":{\"@id\":\"https:\\\/\\\/motorista.com.br\\\/noticias\\\/2026\\\/04\\\/25\\\/governo-trump-busca-expandir-metodos-da-pena-de-morte\\\/\"},\"wordCount\":473,\"publisher\":{\"@id\":\"https:\\\/\\\/motorista.com.br\\\/noticias\\\/#organization\"},\"image\":{\"@id\":\"https:\\\/\\\/motorista.com.br\\\/noticias\\\/2026\\\/04\\\/25\\\/governo-trump-busca-expandir-metodos-da-pena-de-morte\\\/#primaryimage\"},\"thumbnailUrl\":\"https:\\\/\\\/motorista.com.br\\\/noticias\\\/wp-content\\\/uploads\\\/2026\\\/04\\\/official-white-house-photo-by-abe-mcnatt.jpg\",\"articleSection\":[\"Mundo\"],\"inLanguage\":\"pt-BR\"},{\"@type\":\"WebPage\",\"@id\":\"https:\\\/\\\/motorista.com.br\\\/noticias\\\/2026\\\/04\\\/25\\\/governo-trump-busca-expandir-metodos-da-pena-de-morte\\\/\",\"url\":\"https:\\\/\\\/motorista.com.br\\\/noticias\\\/2026\\\/04\\\/25\\\/governo-trump-busca-expandir-metodos-da-pena-de-morte\\\/\",\"name\":\"Governo Trump busca expandir m\u00e9todos da pena de morte - Motorista.com.br\",\"isPartOf\":{\"@id\":\"https:\\\/\\\/motorista.com.br\\\/noticias\\\/#website\"},\"primaryImageOfPage\":{\"@id\":\"https:\\\/\\\/motorista.com.br\\\/noticias\\\/2026\\\/04\\\/25\\\/governo-trump-busca-expandir-metodos-da-pena-de-morte\\\/#primaryimage\"},\"image\":{\"@id\":\"https:\\\/\\\/motorista.com.br\\\/noticias\\\/2026\\\/04\\\/25\\\/governo-trump-busca-expandir-metodos-da-pena-de-morte\\\/#primaryimage\"},\"thumbnailUrl\":\"https:\\\/\\\/motorista.com.br\\\/noticias\\\/wp-content\\\/uploads\\\/2026\\\/04\\\/official-white-house-photo-by-abe-mcnatt.jpg\",\"datePublished\":\"2026-04-26T02:48:34+00:00\",\"breadcrumb\":{\"@id\":\"https:\\\/\\\/motorista.com.br\\\/noticias\\\/2026\\\/04\\\/25\\\/governo-trump-busca-expandir-metodos-da-pena-de-morte\\\/#breadcrumb\"},\"inLanguage\":\"pt-BR\",\"potentialAction\":[{\"@type\":\"ReadAction\",\"target\":[\"https:\\\/\\\/motorista.com.br\\\/noticias\\\/2026\\\/04\\\/25\\\/governo-trump-busca-expandir-metodos-da-pena-de-morte\\\/\"]}]},{\"@type\":\"ImageObject\",\"inLanguage\":\"pt-BR\",\"@id\":\"https:\\\/\\\/motorista.com.br\\\/noticias\\\/2026\\\/04\\\/25\\\/governo-trump-busca-expandir-metodos-da-pena-de-morte\\\/#primaryimage\",\"url\":\"https:\\\/\\\/motorista.com.br\\\/noticias\\\/wp-content\\\/uploads\\\/2026\\\/04\\\/official-white-house-photo-by-abe-mcnatt.jpg\",\"contentUrl\":\"https:\\\/\\\/motorista.com.br\\\/noticias\\\/wp-content\\\/uploads\\\/2026\\\/04\\\/official-white-house-photo-by-abe-mcnatt.jpg\",\"width\":799,\"height\":533},{\"@type\":\"BreadcrumbList\",\"@id\":\"https:\\\/\\\/motorista.com.br\\\/noticias\\\/2026\\\/04\\\/25\\\/governo-trump-busca-expandir-metodos-da-pena-de-morte\\\/#breadcrumb\",\"itemListElement\":[{\"@type\":\"ListItem\",\"position\":1,\"name\":\"In\u00edcio\",\"item\":\"https:\\\/\\\/motorista.com.br\\\/noticias\\\/\"},{\"@type\":\"ListItem\",\"position\":2,\"name\":\"Governo Trump busca expandir m\u00e9todos da pena de morte\"}]},{\"@type\":\"WebSite\",\"@id\":\"https:\\\/\\\/motorista.com.br\\\/noticias\\\/#website\",\"url\":\"https:\\\/\\\/motorista.com.br\\\/noticias\\\/\",\"name\":\"Motorista.com.br\",\"description\":\"Not\u00edcia do Motorista\",\"publisher\":{\"@id\":\"https:\\\/\\\/motorista.com.br\\\/noticias\\\/#organization\"},\"potentialAction\":[{\"@type\":\"SearchAction\",\"target\":{\"@type\":\"EntryPoint\",\"urlTemplate\":\"https:\\\/\\\/motorista.com.br\\\/noticias\\\/?s={search_term_string}\"},\"query-input\":{\"@type\":\"PropertyValueSpecification\",\"valueRequired\":true,\"valueName\":\"search_term_string\"}}],\"inLanguage\":\"pt-BR\"},{\"@type\":\"Organization\",\"@id\":\"https:\\\/\\\/motorista.com.br\\\/noticias\\\/#organization\",\"name\":\"Motorista.com.br\",\"url\":\"https:\\\/\\\/motorista.com.br\\\/noticias\\\/\",\"logo\":{\"@type\":\"ImageObject\",\"inLanguage\":\"pt-BR\",\"@id\":\"https:\\\/\\\/motorista.com.br\\\/noticias\\\/#\\\/schema\\\/logo\\\/image\\\/\",\"url\":\"https:\\\/\\\/motorista.com.br\\\/noticias\\\/wp-content\\\/uploads\\\/2025\\\/06\\\/Design-sem-nome-9.png\",\"contentUrl\":\"https:\\\/\\\/motorista.com.br\\\/noticias\\\/wp-content\\\/uploads\\\/2025\\\/06\\\/Design-sem-nome-9.png\",\"width\":150,\"height\":85,\"caption\":\"Motorista.com.br\"},\"image\":{\"@id\":\"https:\\\/\\\/motorista.com.br\\\/noticias\\\/#\\\/schema\\\/logo\\\/image\\\/\"}},{\"@type\":\"Person\",\"@id\":\"https:\\\/\\\/motorista.com.br\\\/noticias\\\/#\\\/schema\\\/person\\\/dc93afc2981c0e3ce6bc3c053fd847be\",\"name\":\"Equipe Reda\u00e7\u00e3o\",\"image\":{\"@type\":\"ImageObject\",\"inLanguage\":\"pt-BR\",\"@id\":\"https:\\\/\\\/secure.gravatar.com\\\/avatar\\\/4f525efbf18dd2bb300ccad28bfb99d95a9465a5ba268407c8c37b37e1f28d2d?s=96&d=mm&r=g9e099043a0c61e9ae27e293b9fa75ffc\",\"url\":\"https:\\\/\\\/secure.gravatar.com\\\/avatar\\\/4f525efbf18dd2bb300ccad28bfb99d95a9465a5ba268407c8c37b37e1f28d2d?s=96&d=mm&r=g\",\"contentUrl\":\"https:\\\/\\\/secure.gravatar.com\\\/avatar\\\/4f525efbf18dd2bb300ccad28bfb99d95a9465a5ba268407c8c37b37e1f28d2d?s=96&d=mm&r=g\",\"caption\":\"Equipe Reda\u00e7\u00e3o\"},\"description\":\"Equipe de reda\u00e7\u00e3o \u00e9 um grupo de profissionais que trabalham juntos para criar conte\u00fado escrito para Motorista.com.br\",\"url\":\"https:\\\/\\\/motorista.com.br\\\/noticias\\\/author\\\/equiperedacao\\\/\"}]}<\/script>\n<!-- \/ Yoast SEO Premium plugin. -->","yoast_head_json":{"title":"Governo Trump busca expandir m\u00e9todos da pena de morte - Motorista.com.br","robots":{"index":"index","follow":"follow","max-snippet":"max-snippet:-1","max-image-preview":"max-image-preview:large","max-video-preview":"max-video-preview:-1"},"canonical":"https:\/\/motorista.com.br\/noticias\/2026\/04\/25\/governo-trump-busca-expandir-metodos-da-pena-de-morte\/","og_locale":"pt_BR","og_type":"article","og_title":"Governo Trump busca expandir m\u00e9todos da pena de morte","og_description":"Claro! Aqui est\u00e1 a reescrita do artigo com foco nos motoristas e na mobilidade geral: Governo Trump visa ampliar m\u00e9todos usados em pena de morte A administra\u00e7\u00e3o Trump est\u00e1 propondo uma amplia\u00e7\u00e3o dos m\u00e9todos de execu\u00e7\u00e3o no sistema federal, o que inclui o retorno do pelot\u00e3o de fuzilamento e da asfixia por g\u00e1s. Essa decis\u00e3o &hellip;","og_url":"https:\/\/motorista.com.br\/noticias\/2026\/04\/25\/governo-trump-busca-expandir-metodos-da-pena-de-morte\/","og_site_name":"Motorista.com.br","article_published_time":"2026-04-26T02:48:34+00:00","author":"Equipe Reda\u00e7\u00e3o","twitter_card":"summary_large_image","twitter_misc":{"Escrito por":"Equipe Reda\u00e7\u00e3o","Est. tempo de leitura":"2 minutos","Written by":"Equipe Reda\u00e7\u00e3o"},"schema":{"@context":"https:\/\/schema.org","@graph":[{"@type":"Article","@id":"https:\/\/motorista.com.br\/noticias\/2026\/04\/25\/governo-trump-busca-expandir-metodos-da-pena-de-morte\/#article","isPartOf":{"@id":"https:\/\/motorista.com.br\/noticias\/2026\/04\/25\/governo-trump-busca-expandir-metodos-da-pena-de-morte\/"},"author":{"name":"Equipe Reda\u00e7\u00e3o","@id":"https:\/\/motorista.com.br\/noticias\/#\/schema\/person\/dc93afc2981c0e3ce6bc3c053fd847be"},"headline":"Governo Trump busca expandir m\u00e9todos da pena de morte","datePublished":"2026-04-26T02:48:34+00:00","mainEntityOfPage":{"@id":"https:\/\/motorista.com.br\/noticias\/2026\/04\/25\/governo-trump-busca-expandir-metodos-da-pena-de-morte\/"},"wordCount":473,"publisher":{"@id":"https:\/\/motorista.com.br\/noticias\/#organization"},"image":{"@id":"https:\/\/motorista.com.br\/noticias\/2026\/04\/25\/governo-trump-busca-expandir-metodos-da-pena-de-morte\/#primaryimage"},"thumbnailUrl":"https:\/\/motorista.com.br\/noticias\/wp-content\/uploads\/2026\/04\/official-white-house-photo-by-abe-mcnatt.jpg","articleSection":["Mundo"],"inLanguage":"pt-BR"},{"@type":"WebPage","@id":"https:\/\/motorista.com.br\/noticias\/2026\/04\/25\/governo-trump-busca-expandir-metodos-da-pena-de-morte\/","url":"https:\/\/motorista.com.br\/noticias\/2026\/04\/25\/governo-trump-busca-expandir-metodos-da-pena-de-morte\/","name":"Governo Trump busca expandir m\u00e9todos da pena de morte - Motorista.com.br","isPartOf":{"@id":"https:\/\/motorista.com.br\/noticias\/#website"},"primaryImageOfPage":{"@id":"https:\/\/motorista.com.br\/noticias\/2026\/04\/25\/governo-trump-busca-expandir-metodos-da-pena-de-morte\/#primaryimage"},"image":{"@id":"https:\/\/motorista.com.br\/noticias\/2026\/04\/25\/governo-trump-busca-expandir-metodos-da-pena-de-morte\/#primaryimage"},"thumbnailUrl":"https:\/\/motorista.com.br\/noticias\/wp-content\/uploads\/2026\/04\/official-white-house-photo-by-abe-mcnatt.jpg","datePublished":"2026-04-26T02:48:34+00:00","breadcrumb":{"@id":"https:\/\/motorista.com.br\/noticias\/2026\/04\/25\/governo-trump-busca-expandir-metodos-da-pena-de-morte\/#breadcrumb"},"inLanguage":"pt-BR","potentialAction":[{"@type":"ReadAction","target":["https:\/\/motorista.com.br\/noticias\/2026\/04\/25\/governo-trump-busca-expandir-metodos-da-pena-de-morte\/"]}]},{"@type":"ImageObject","inLanguage":"pt-BR","@id":"https:\/\/motorista.com.br\/noticias\/2026\/04\/25\/governo-trump-busca-expandir-metodos-da-pena-de-morte\/#primaryimage","url":"https:\/\/motorista.com.br\/noticias\/wp-content\/uploads\/2026\/04\/official-white-house-photo-by-abe-mcnatt.jpg","contentUrl":"https:\/\/motorista.com.br\/noticias\/wp-content\/uploads\/2026\/04\/official-white-house-photo-by-abe-mcnatt.jpg","width":799,"height":533},{"@type":"BreadcrumbList","@id":"https:\/\/motorista.com.br\/noticias\/2026\/04\/25\/governo-trump-busca-expandir-metodos-da-pena-de-morte\/#breadcrumb","itemListElement":[{"@type":"ListItem","position":1,"name":"In\u00edcio","item":"https:\/\/motorista.com.br\/noticias\/"},{"@type":"ListItem","position":2,"name":"Governo Trump busca expandir m\u00e9todos da pena de morte"}]},{"@type":"WebSite","@id":"https:\/\/motorista.com.br\/noticias\/#website","url":"https:\/\/motorista.com.br\/noticias\/","name":"Motorista.com.br","description":"Not\u00edcia do Motorista","publisher":{"@id":"https:\/\/motorista.com.br\/noticias\/#organization"},"potentialAction":[{"@type":"SearchAction","target":{"@type":"EntryPoint","urlTemplate":"https:\/\/motorista.com.br\/noticias\/?s={search_term_string}"},"query-input":{"@type":"PropertyValueSpecification","valueRequired":true,"valueName":"search_term_string"}}],"inLanguage":"pt-BR"},{"@type":"Organization","@id":"https:\/\/motorista.com.br\/noticias\/#organization","name":"Motorista.com.br","url":"https:\/\/motorista.com.br\/noticias\/","logo":{"@type":"ImageObject","inLanguage":"pt-BR","@id":"https:\/\/motorista.com.br\/noticias\/#\/schema\/logo\/image\/","url":"https:\/\/motorista.com.br\/noticias\/wp-content\/uploads\/2025\/06\/Design-sem-nome-9.png","contentUrl":"https:\/\/motorista.com.br\/noticias\/wp-content\/uploads\/2025\/06\/Design-sem-nome-9.png","width":150,"height":85,"caption":"Motorista.com.br"},"image":{"@id":"https:\/\/motorista.com.br\/noticias\/#\/schema\/logo\/image\/"}},{"@type":"Person","@id":"https:\/\/motorista.com.br\/noticias\/#\/schema\/person\/dc93afc2981c0e3ce6bc3c053fd847be","name":"Equipe Reda\u00e7\u00e3o","image":{"@type":"ImageObject","inLanguage":"pt-BR","@id":"https:\/\/secure.gravatar.com\/avatar\/4f525efbf18dd2bb300ccad28bfb99d95a9465a5ba268407c8c37b37e1f28d2d?s=96&d=mm&r=g9e099043a0c61e9ae27e293b9fa75ffc","url":"https:\/\/secure.gravatar.com\/avatar\/4f525efbf18dd2bb300ccad28bfb99d95a9465a5ba268407c8c37b37e1f28d2d?s=96&d=mm&r=g","contentUrl":"https:\/\/secure.gravatar.com\/avatar\/4f525efbf18dd2bb300ccad28bfb99d95a9465a5ba268407c8c37b37e1f28d2d?s=96&d=mm&r=g","caption":"Equipe Reda\u00e7\u00e3o"},"description":"Equipe de reda\u00e7\u00e3o \u00e9 um grupo de profissionais que trabalham juntos para criar conte\u00fado escrito para Motorista.com.br","url":"https:\/\/motorista.com.br\/noticias\/author\/equiperedacao\/"}]}},"_links":{"self":[{"href":"https:\/\/motorista.com.br\/noticias\/wp-json\/wp\/v2\/posts\/9164","targetHints":{"allow":["GET"]}}],"collection":[{"href":"https:\/\/motorista.com.br\/noticias\/wp-json\/wp\/v2\/posts"}],"about":[{"href":"https:\/\/motorista.com.br\/noticias\/wp-json\/wp\/v2\/types\/post"}],"author":[{"embeddable":true,"href":"https:\/\/motorista.com.br\/noticias\/wp-json\/wp\/v2\/users\/4"}],"replies":[{"embeddable":true,"href":"https:\/\/motorista.com.br\/noticias\/wp-json\/wp\/v2\/comments?post=9164"}],"version-history":[{"count":0,"href":"https:\/\/motorista.com.br\/noticias\/wp-json\/wp\/v2\/posts\/9164\/revisions"}],"wp:featuredmedia":[{"embeddable":true,"href":"https:\/\/motorista.com.br\/noticias\/wp-json\/wp\/v2\/media\/9165"}],"wp:attachment":[{"href":"https:\/\/motorista.com.br\/noticias\/wp-json\/wp\/v2\/media?parent=9164"}],"wp:term":[{"taxonomy":"category","embeddable":true,"href":"https:\/\/motorista.com.br\/noticias\/wp-json\/wp\/v2\/categories?post=9164"},{"taxonomy":"post_tag","embeddable":true,"href":"https:\/\/motorista.com.br\/noticias\/wp-json\/wp\/v2\/tags?post=9164"},{"taxonomy":"author","embeddable":true,"href":"https:\/\/motorista.com.br\/noticias\/wp-json\/wp\/v2\/coauthors?post=9164"}],"curies":[{"name":"wp","href":"https:\/\/api.w.org\/{rel}","templated":true}]}}