{"id":9162,"date":"2026-04-25T23:45:43","date_gmt":"2026-04-26T02:45:43","guid":{"rendered":"https:\/\/motorista.com.br\/noticias\/2026\/04\/25\/recorde-no-mercado-de-galpoes-logisticos-btg-mantem-otimismo\/"},"modified":"2026-04-25T23:45:43","modified_gmt":"2026-04-26T02:45:43","slug":"recorde-no-mercado-de-galpoes-logisticos-btg-mantem-otimismo","status":"publish","type":"post","link":"https:\/\/motorista.com.br\/noticias\/2026\/04\/25\/recorde-no-mercado-de-galpoes-logisticos-btg-mantem-otimismo\/","title":{"rendered":"Recorde no mercado de galp\u00f5es log\u00edsticos, BTG mant\u00e9m otimismo"},"content":{"rendered":"<p><\/p>\n<h3>Mercado de Galp\u00f5es Log\u00edsticos Bate Recordes e Mant\u00e9m Perspectiva Positiva<\/h3>\n<p>O mercado de <strong>galp\u00f5es log\u00edsticos<\/strong> de alto padr\u00e3o em S\u00e3o Paulo come\u00e7ou o ano de 2026 com uma din\u00e2mica operacional s\u00f3lida e em ritmo acelerado. O BTG Pactual apontou que, entre janeiro e mar\u00e7o, o segmento registrou uma absor\u00e7\u00e3o l\u00edquida de <strong>473,9 mil metros quadrados (m\u00b2)<\/strong>, o maior patamar para um primeiro trimestre desde o in\u00edcio da s\u00e9rie hist\u00f3rica, em 2014.<\/p>\n<p>Esse crescimento reflete uma demanda crescente por espa\u00e7os log\u00edsticos, que se tornam cada vez mais essenciais em um mundo interconectado. A absor\u00e7\u00e3o l\u00edquida, que representa a diferen\u00e7a entre a \u00e1rea locada e a devolvida, indica a for\u00e7a do mercado e o interesse crescente de operadores log\u00edsticos e varejistas.<\/p>\n<p>Al\u00e9m disso, a vac\u00e2ncia consolidada do setor caiu para <strong>6,7%<\/strong>, reduzindo-se em <strong>0,9 ponto percentual<\/strong> em rela\u00e7\u00e3o ao trimestre anterior, mesmo com a entrega de 351 mil m\u00b2 em novos estoques. Isso demonstra que a procura por novos empreendimentos supera a oferta, resultando em uma maior ocupa\u00e7\u00e3o dos espa\u00e7os dispon\u00edveis.<\/p>\n<p>Os pre\u00e7os dos galp\u00f5es tamb\u00e9m est\u00e3o em alta, com um aumento de <strong>6%<\/strong> no trimestre, alcan\u00e7ando um recorde de <strong>R$ 33,80 por m\u00b2<\/strong>. Esta eleva\u00e7\u00e3o dos pre\u00e7os \u00e9 um indicativo claro de um ambiente favor\u00e1vel para investimentos, refletindo a confian\u00e7a dos propriet\u00e1rios em rela\u00e7\u00e3o \u00e0 continuidade do crescimento do setor.<\/p>\n<h3>Impactos na Mobilidade e na Vida dos Motoristas<\/h3>\n<p>A expans\u00e3o do mercado de galp\u00f5es log\u00edsticos n\u00e3o afeta apenas investidores e propriet\u00e1rios. Para os motoristas, especialmente aqueles que atuam na entrega e transporte de mercadorias, essa evolu\u00e7\u00e3o traz consigo uma s\u00e9rie de benef\u00edcios e impactos diretos. Com o aumento da ocupa\u00e7\u00e3o e a constru\u00e7\u00e3o de novos galp\u00f5es pr\u00f3ximos a centros urbanos, a efici\u00eancia na log\u00edstica tende a aumentar.<\/p>\n<p>As novas instala\u00e7\u00f5es, estrategicamente localizadas, podem reduzir os tempos de deslocamento e, consequentemente, os custos operacionais. A demanda por motoristas bem treinados e especializados para manuseio de cargas em galp\u00f5es vai crescer, o que pode levar a um aumento na valoriza\u00e7\u00e3o profissional da categoria.<\/p>\n<p>Al\u00e9m disso, um fluxo log\u00edstico mais eficiente e bem planeado reduz a congest\u00e3o nas vias urbanas, contribuindo para uma mobilidade mais \u00e1gil. Menos congestionamento implica em trajet\u00f3rias mais curtas e tempos de entrega mais r\u00e1pidos, beneficiando n\u00e3o apenas os motoristas, mas tamb\u00e9m a economia como um todo, ao permitir que os produtos sejam entregues mais rapidamente ao consumidor.<\/p>\n<h3>Conclus\u00e3o<\/h3>\n<p>A perspectiva positiva do mercado de galp\u00f5es log\u00edsticos representa um c\u00edrculo virtuoso tanto para investidores quanto para motoristas. Ao fortalecer a din\u00e2mica de transporte e distribui\u00e7\u00e3o, esse crescimento se reflete em uma mobilidade mais eficiente, que atende \u00e0s crescentes demandas do com\u00e9rcio e melhora a qualidade de vida nas cidades.<\/p>\n<p>Fonte: Money Times<\/p>\n","protected":false},"excerpt":{"rendered":"<p>Mercado de Galp\u00f5es Log\u00edsticos Bate Recordes e Mant\u00e9m Perspectiva Positiva O mercado de galp\u00f5es log\u00edsticos de alto padr\u00e3o em S\u00e3o Paulo come\u00e7ou o ano de 2026 com uma din\u00e2mica operacional s\u00f3lida e em ritmo acelerado. O BTG Pactual apontou que, entre janeiro e mar\u00e7o, o segmento registrou uma absor\u00e7\u00e3o l\u00edquida de 473,9 mil metros quadrados &hellip;<\/p>\n","protected":false},"author":4,"featured_media":9163,"comment_status":"","ping_status":"open","sticky":false,"template":"","format":"standard","meta":{"footnotes":""},"categories":[61],"tags":[],"coauthors":[42],"class_list":["post-9162","post","type-post","status-publish","format-standard","has-post-thumbnail","hentry","category-mercado-financeiro"],"yoast_head":"<!-- This site is optimized with the Yoast SEO Premium plugin v25.5 (Yoast SEO v27.4) - https:\/\/yoast.com\/product\/yoast-seo-premium-wordpress\/ -->\n<title>Recorde no mercado de galp\u00f5es log\u00edsticos, BTG mant\u00e9m otimismo - Motorista.com.br<\/title>\n<meta name=\"robots\" content=\"index, follow, max-snippet:-1, max-image-preview:large, max-video-preview:-1\" \/>\n<link rel=\"canonical\" href=\"https:\/\/motorista.com.br\/noticias\/2026\/04\/25\/recorde-no-mercado-de-galpoes-logisticos-btg-mantem-otimismo\/\" \/>\n<meta property=\"og:locale\" content=\"pt_BR\" \/>\n<meta property=\"og:type\" content=\"article\" \/>\n<meta property=\"og:title\" content=\"Recorde no mercado de galp\u00f5es log\u00edsticos, BTG mant\u00e9m otimismo\" \/>\n<meta property=\"og:description\" content=\"Mercado de Galp\u00f5es Log\u00edsticos Bate Recordes e Mant\u00e9m Perspectiva Positiva O mercado de galp\u00f5es log\u00edsticos de alto padr\u00e3o em S\u00e3o Paulo come\u00e7ou o ano de 2026 com uma din\u00e2mica operacional s\u00f3lida e em ritmo acelerado. O BTG Pactual apontou que, entre janeiro e mar\u00e7o, o segmento registrou uma absor\u00e7\u00e3o l\u00edquida de 473,9 mil metros quadrados &hellip;\" \/>\n<meta property=\"og:url\" content=\"https:\/\/motorista.com.br\/noticias\/2026\/04\/25\/recorde-no-mercado-de-galpoes-logisticos-btg-mantem-otimismo\/\" \/>\n<meta property=\"og:site_name\" content=\"Motorista.com.br\" \/>\n<meta property=\"article:published_time\" content=\"2026-04-26T02:45:43+00:00\" \/>\n<meta name=\"author\" content=\"Equipe Reda\u00e7\u00e3o\" \/>\n<meta name=\"twitter:card\" content=\"summary_large_image\" \/>\n<meta name=\"twitter:label1\" content=\"Escrito por\" \/>\n\t<meta name=\"twitter:data1\" content=\"Equipe Reda\u00e7\u00e3o\" \/>\n\t<meta name=\"twitter:label2\" content=\"Est. tempo de leitura\" \/>\n\t<meta name=\"twitter:data2\" content=\"3 minutos\" \/>\n\t<meta name=\"twitter:label3\" content=\"Written by\" \/>\n\t<meta name=\"twitter:data3\" content=\"Equipe Reda\u00e7\u00e3o\" \/>\n<script type=\"application\/ld+json\" class=\"yoast-schema-graph\">{\"@context\":\"https:\\\/\\\/schema.org\",\"@graph\":[{\"@type\":\"Article\",\"@id\":\"https:\\\/\\\/motorista.com.br\\\/noticias\\\/2026\\\/04\\\/25\\\/recorde-no-mercado-de-galpoes-logisticos-btg-mantem-otimismo\\\/#article\",\"isPartOf\":{\"@id\":\"https:\\\/\\\/motorista.com.br\\\/noticias\\\/2026\\\/04\\\/25\\\/recorde-no-mercado-de-galpoes-logisticos-btg-mantem-otimismo\\\/\"},\"author\":{\"name\":\"Equipe Reda\u00e7\u00e3o\",\"@id\":\"https:\\\/\\\/motorista.com.br\\\/noticias\\\/#\\\/schema\\\/person\\\/dc93afc2981c0e3ce6bc3c053fd847be\"},\"headline\":\"Recorde no mercado de galp\u00f5es log\u00edsticos, BTG mant\u00e9m otimismo\",\"datePublished\":\"2026-04-26T02:45:43+00:00\",\"mainEntityOfPage\":{\"@id\":\"https:\\\/\\\/motorista.com.br\\\/noticias\\\/2026\\\/04\\\/25\\\/recorde-no-mercado-de-galpoes-logisticos-btg-mantem-otimismo\\\/\"},\"wordCount\":515,\"publisher\":{\"@id\":\"https:\\\/\\\/motorista.com.br\\\/noticias\\\/#organization\"},\"image\":{\"@id\":\"https:\\\/\\\/motorista.com.br\\\/noticias\\\/2026\\\/04\\\/25\\\/recorde-no-mercado-de-galpoes-logisticos-btg-mantem-otimismo\\\/#primaryimage\"},\"thumbnailUrl\":\"https:\\\/\\\/motorista.com.br\\\/noticias\\\/wp-content\\\/uploads\\\/2026\\\/04\\\/2022-08-24t125057z-1-lynxmpei7n0kl-rtroptp-3-usa-economy.jpg\",\"articleSection\":[\"Mercado Financeiro\"],\"inLanguage\":\"pt-BR\"},{\"@type\":\"WebPage\",\"@id\":\"https:\\\/\\\/motorista.com.br\\\/noticias\\\/2026\\\/04\\\/25\\\/recorde-no-mercado-de-galpoes-logisticos-btg-mantem-otimismo\\\/\",\"url\":\"https:\\\/\\\/motorista.com.br\\\/noticias\\\/2026\\\/04\\\/25\\\/recorde-no-mercado-de-galpoes-logisticos-btg-mantem-otimismo\\\/\",\"name\":\"Recorde no mercado de galp\u00f5es log\u00edsticos, BTG mant\u00e9m otimismo - Motorista.com.br\",\"isPartOf\":{\"@id\":\"https:\\\/\\\/motorista.com.br\\\/noticias\\\/#website\"},\"primaryImageOfPage\":{\"@id\":\"https:\\\/\\\/motorista.com.br\\\/noticias\\\/2026\\\/04\\\/25\\\/recorde-no-mercado-de-galpoes-logisticos-btg-mantem-otimismo\\\/#primaryimage\"},\"image\":{\"@id\":\"https:\\\/\\\/motorista.com.br\\\/noticias\\\/2026\\\/04\\\/25\\\/recorde-no-mercado-de-galpoes-logisticos-btg-mantem-otimismo\\\/#primaryimage\"},\"thumbnailUrl\":\"https:\\\/\\\/motorista.com.br\\\/noticias\\\/wp-content\\\/uploads\\\/2026\\\/04\\\/2022-08-24t125057z-1-lynxmpei7n0kl-rtroptp-3-usa-economy.jpg\",\"datePublished\":\"2026-04-26T02:45:43+00:00\",\"breadcrumb\":{\"@id\":\"https:\\\/\\\/motorista.com.br\\\/noticias\\\/2026\\\/04\\\/25\\\/recorde-no-mercado-de-galpoes-logisticos-btg-mantem-otimismo\\\/#breadcrumb\"},\"inLanguage\":\"pt-BR\",\"potentialAction\":[{\"@type\":\"ReadAction\",\"target\":[\"https:\\\/\\\/motorista.com.br\\\/noticias\\\/2026\\\/04\\\/25\\\/recorde-no-mercado-de-galpoes-logisticos-btg-mantem-otimismo\\\/\"]}]},{\"@type\":\"ImageObject\",\"inLanguage\":\"pt-BR\",\"@id\":\"https:\\\/\\\/motorista.com.br\\\/noticias\\\/2026\\\/04\\\/25\\\/recorde-no-mercado-de-galpoes-logisticos-btg-mantem-otimismo\\\/#primaryimage\",\"url\":\"https:\\\/\\\/motorista.com.br\\\/noticias\\\/wp-content\\\/uploads\\\/2026\\\/04\\\/2022-08-24t125057z-1-lynxmpei7n0kl-rtroptp-3-usa-economy.jpg\",\"contentUrl\":\"https:\\\/\\\/motorista.com.br\\\/noticias\\\/wp-content\\\/uploads\\\/2026\\\/04\\\/2022-08-24t125057z-1-lynxmpei7n0kl-rtroptp-3-usa-economy.jpg\",\"width\":1280,\"height\":680},{\"@type\":\"BreadcrumbList\",\"@id\":\"https:\\\/\\\/motorista.com.br\\\/noticias\\\/2026\\\/04\\\/25\\\/recorde-no-mercado-de-galpoes-logisticos-btg-mantem-otimismo\\\/#breadcrumb\",\"itemListElement\":[{\"@type\":\"ListItem\",\"position\":1,\"name\":\"In\u00edcio\",\"item\":\"https:\\\/\\\/motorista.com.br\\\/noticias\\\/\"},{\"@type\":\"ListItem\",\"position\":2,\"name\":\"Recorde no mercado de galp\u00f5es log\u00edsticos, BTG mant\u00e9m otimismo\"}]},{\"@type\":\"WebSite\",\"@id\":\"https:\\\/\\\/motorista.com.br\\\/noticias\\\/#website\",\"url\":\"https:\\\/\\\/motorista.com.br\\\/noticias\\\/\",\"name\":\"Motorista.com.br\",\"description\":\"Not\u00edcia do Motorista\",\"publisher\":{\"@id\":\"https:\\\/\\\/motorista.com.br\\\/noticias\\\/#organization\"},\"potentialAction\":[{\"@type\":\"SearchAction\",\"target\":{\"@type\":\"EntryPoint\",\"urlTemplate\":\"https:\\\/\\\/motorista.com.br\\\/noticias\\\/?s={search_term_string}\"},\"query-input\":{\"@type\":\"PropertyValueSpecification\",\"valueRequired\":true,\"valueName\":\"search_term_string\"}}],\"inLanguage\":\"pt-BR\"},{\"@type\":\"Organization\",\"@id\":\"https:\\\/\\\/motorista.com.br\\\/noticias\\\/#organization\",\"name\":\"Motorista.com.br\",\"url\":\"https:\\\/\\\/motorista.com.br\\\/noticias\\\/\",\"logo\":{\"@type\":\"ImageObject\",\"inLanguage\":\"pt-BR\",\"@id\":\"https:\\\/\\\/motorista.com.br\\\/noticias\\\/#\\\/schema\\\/logo\\\/image\\\/\",\"url\":\"https:\\\/\\\/motorista.com.br\\\/noticias\\\/wp-content\\\/uploads\\\/2025\\\/06\\\/Design-sem-nome-9.png\",\"contentUrl\":\"https:\\\/\\\/motorista.com.br\\\/noticias\\\/wp-content\\\/uploads\\\/2025\\\/06\\\/Design-sem-nome-9.png\",\"width\":150,\"height\":85,\"caption\":\"Motorista.com.br\"},\"image\":{\"@id\":\"https:\\\/\\\/motorista.com.br\\\/noticias\\\/#\\\/schema\\\/logo\\\/image\\\/\"}},{\"@type\":\"Person\",\"@id\":\"https:\\\/\\\/motorista.com.br\\\/noticias\\\/#\\\/schema\\\/person\\\/dc93afc2981c0e3ce6bc3c053fd847be\",\"name\":\"Equipe Reda\u00e7\u00e3o\",\"image\":{\"@type\":\"ImageObject\",\"inLanguage\":\"pt-BR\",\"@id\":\"https:\\\/\\\/secure.gravatar.com\\\/avatar\\\/4f525efbf18dd2bb300ccad28bfb99d95a9465a5ba268407c8c37b37e1f28d2d?s=96&d=mm&r=g9e099043a0c61e9ae27e293b9fa75ffc\",\"url\":\"https:\\\/\\\/secure.gravatar.com\\\/avatar\\\/4f525efbf18dd2bb300ccad28bfb99d95a9465a5ba268407c8c37b37e1f28d2d?s=96&d=mm&r=g\",\"contentUrl\":\"https:\\\/\\\/secure.gravatar.com\\\/avatar\\\/4f525efbf18dd2bb300ccad28bfb99d95a9465a5ba268407c8c37b37e1f28d2d?s=96&d=mm&r=g\",\"caption\":\"Equipe Reda\u00e7\u00e3o\"},\"description\":\"Equipe de reda\u00e7\u00e3o \u00e9 um grupo de profissionais que trabalham juntos para criar conte\u00fado escrito para Motorista.com.br\",\"url\":\"https:\\\/\\\/motorista.com.br\\\/noticias\\\/author\\\/equiperedacao\\\/\"}]}<\/script>\n<!-- \/ Yoast SEO Premium plugin. -->","yoast_head_json":{"title":"Recorde no mercado de galp\u00f5es log\u00edsticos, BTG mant\u00e9m otimismo - Motorista.com.br","robots":{"index":"index","follow":"follow","max-snippet":"max-snippet:-1","max-image-preview":"max-image-preview:large","max-video-preview":"max-video-preview:-1"},"canonical":"https:\/\/motorista.com.br\/noticias\/2026\/04\/25\/recorde-no-mercado-de-galpoes-logisticos-btg-mantem-otimismo\/","og_locale":"pt_BR","og_type":"article","og_title":"Recorde no mercado de galp\u00f5es log\u00edsticos, BTG mant\u00e9m otimismo","og_description":"Mercado de Galp\u00f5es Log\u00edsticos Bate Recordes e Mant\u00e9m Perspectiva Positiva O mercado de galp\u00f5es log\u00edsticos de alto padr\u00e3o em S\u00e3o Paulo come\u00e7ou o ano de 2026 com uma din\u00e2mica operacional s\u00f3lida e em ritmo acelerado. O BTG Pactual apontou que, entre janeiro e mar\u00e7o, o segmento registrou uma absor\u00e7\u00e3o l\u00edquida de 473,9 mil metros quadrados &hellip;","og_url":"https:\/\/motorista.com.br\/noticias\/2026\/04\/25\/recorde-no-mercado-de-galpoes-logisticos-btg-mantem-otimismo\/","og_site_name":"Motorista.com.br","article_published_time":"2026-04-26T02:45:43+00:00","author":"Equipe Reda\u00e7\u00e3o","twitter_card":"summary_large_image","twitter_misc":{"Escrito por":"Equipe Reda\u00e7\u00e3o","Est. tempo de leitura":"3 minutos","Written by":"Equipe Reda\u00e7\u00e3o"},"schema":{"@context":"https:\/\/schema.org","@graph":[{"@type":"Article","@id":"https:\/\/motorista.com.br\/noticias\/2026\/04\/25\/recorde-no-mercado-de-galpoes-logisticos-btg-mantem-otimismo\/#article","isPartOf":{"@id":"https:\/\/motorista.com.br\/noticias\/2026\/04\/25\/recorde-no-mercado-de-galpoes-logisticos-btg-mantem-otimismo\/"},"author":{"name":"Equipe Reda\u00e7\u00e3o","@id":"https:\/\/motorista.com.br\/noticias\/#\/schema\/person\/dc93afc2981c0e3ce6bc3c053fd847be"},"headline":"Recorde no mercado de galp\u00f5es log\u00edsticos, BTG mant\u00e9m otimismo","datePublished":"2026-04-26T02:45:43+00:00","mainEntityOfPage":{"@id":"https:\/\/motorista.com.br\/noticias\/2026\/04\/25\/recorde-no-mercado-de-galpoes-logisticos-btg-mantem-otimismo\/"},"wordCount":515,"publisher":{"@id":"https:\/\/motorista.com.br\/noticias\/#organization"},"image":{"@id":"https:\/\/motorista.com.br\/noticias\/2026\/04\/25\/recorde-no-mercado-de-galpoes-logisticos-btg-mantem-otimismo\/#primaryimage"},"thumbnailUrl":"https:\/\/motorista.com.br\/noticias\/wp-content\/uploads\/2026\/04\/2022-08-24t125057z-1-lynxmpei7n0kl-rtroptp-3-usa-economy.jpg","articleSection":["Mercado Financeiro"],"inLanguage":"pt-BR"},{"@type":"WebPage","@id":"https:\/\/motorista.com.br\/noticias\/2026\/04\/25\/recorde-no-mercado-de-galpoes-logisticos-btg-mantem-otimismo\/","url":"https:\/\/motorista.com.br\/noticias\/2026\/04\/25\/recorde-no-mercado-de-galpoes-logisticos-btg-mantem-otimismo\/","name":"Recorde no mercado de galp\u00f5es log\u00edsticos, BTG mant\u00e9m otimismo - Motorista.com.br","isPartOf":{"@id":"https:\/\/motorista.com.br\/noticias\/#website"},"primaryImageOfPage":{"@id":"https:\/\/motorista.com.br\/noticias\/2026\/04\/25\/recorde-no-mercado-de-galpoes-logisticos-btg-mantem-otimismo\/#primaryimage"},"image":{"@id":"https:\/\/motorista.com.br\/noticias\/2026\/04\/25\/recorde-no-mercado-de-galpoes-logisticos-btg-mantem-otimismo\/#primaryimage"},"thumbnailUrl":"https:\/\/motorista.com.br\/noticias\/wp-content\/uploads\/2026\/04\/2022-08-24t125057z-1-lynxmpei7n0kl-rtroptp-3-usa-economy.jpg","datePublished":"2026-04-26T02:45:43+00:00","breadcrumb":{"@id":"https:\/\/motorista.com.br\/noticias\/2026\/04\/25\/recorde-no-mercado-de-galpoes-logisticos-btg-mantem-otimismo\/#breadcrumb"},"inLanguage":"pt-BR","potentialAction":[{"@type":"ReadAction","target":["https:\/\/motorista.com.br\/noticias\/2026\/04\/25\/recorde-no-mercado-de-galpoes-logisticos-btg-mantem-otimismo\/"]}]},{"@type":"ImageObject","inLanguage":"pt-BR","@id":"https:\/\/motorista.com.br\/noticias\/2026\/04\/25\/recorde-no-mercado-de-galpoes-logisticos-btg-mantem-otimismo\/#primaryimage","url":"https:\/\/motorista.com.br\/noticias\/wp-content\/uploads\/2026\/04\/2022-08-24t125057z-1-lynxmpei7n0kl-rtroptp-3-usa-economy.jpg","contentUrl":"https:\/\/motorista.com.br\/noticias\/wp-content\/uploads\/2026\/04\/2022-08-24t125057z-1-lynxmpei7n0kl-rtroptp-3-usa-economy.jpg","width":1280,"height":680},{"@type":"BreadcrumbList","@id":"https:\/\/motorista.com.br\/noticias\/2026\/04\/25\/recorde-no-mercado-de-galpoes-logisticos-btg-mantem-otimismo\/#breadcrumb","itemListElement":[{"@type":"ListItem","position":1,"name":"In\u00edcio","item":"https:\/\/motorista.com.br\/noticias\/"},{"@type":"ListItem","position":2,"name":"Recorde no mercado de galp\u00f5es log\u00edsticos, BTG mant\u00e9m otimismo"}]},{"@type":"WebSite","@id":"https:\/\/motorista.com.br\/noticias\/#website","url":"https:\/\/motorista.com.br\/noticias\/","name":"Motorista.com.br","description":"Not\u00edcia do Motorista","publisher":{"@id":"https:\/\/motorista.com.br\/noticias\/#organization"},"potentialAction":[{"@type":"SearchAction","target":{"@type":"EntryPoint","urlTemplate":"https:\/\/motorista.com.br\/noticias\/?s={search_term_string}"},"query-input":{"@type":"PropertyValueSpecification","valueRequired":true,"valueName":"search_term_string"}}],"inLanguage":"pt-BR"},{"@type":"Organization","@id":"https:\/\/motorista.com.br\/noticias\/#organization","name":"Motorista.com.br","url":"https:\/\/motorista.com.br\/noticias\/","logo":{"@type":"ImageObject","inLanguage":"pt-BR","@id":"https:\/\/motorista.com.br\/noticias\/#\/schema\/logo\/image\/","url":"https:\/\/motorista.com.br\/noticias\/wp-content\/uploads\/2025\/06\/Design-sem-nome-9.png","contentUrl":"https:\/\/motorista.com.br\/noticias\/wp-content\/uploads\/2025\/06\/Design-sem-nome-9.png","width":150,"height":85,"caption":"Motorista.com.br"},"image":{"@id":"https:\/\/motorista.com.br\/noticias\/#\/schema\/logo\/image\/"}},{"@type":"Person","@id":"https:\/\/motorista.com.br\/noticias\/#\/schema\/person\/dc93afc2981c0e3ce6bc3c053fd847be","name":"Equipe Reda\u00e7\u00e3o","image":{"@type":"ImageObject","inLanguage":"pt-BR","@id":"https:\/\/secure.gravatar.com\/avatar\/4f525efbf18dd2bb300ccad28bfb99d95a9465a5ba268407c8c37b37e1f28d2d?s=96&d=mm&r=g9e099043a0c61e9ae27e293b9fa75ffc","url":"https:\/\/secure.gravatar.com\/avatar\/4f525efbf18dd2bb300ccad28bfb99d95a9465a5ba268407c8c37b37e1f28d2d?s=96&d=mm&r=g","contentUrl":"https:\/\/secure.gravatar.com\/avatar\/4f525efbf18dd2bb300ccad28bfb99d95a9465a5ba268407c8c37b37e1f28d2d?s=96&d=mm&r=g","caption":"Equipe Reda\u00e7\u00e3o"},"description":"Equipe de reda\u00e7\u00e3o \u00e9 um grupo de profissionais que trabalham juntos para criar conte\u00fado escrito para Motorista.com.br","url":"https:\/\/motorista.com.br\/noticias\/author\/equiperedacao\/"}]}},"_links":{"self":[{"href":"https:\/\/motorista.com.br\/noticias\/wp-json\/wp\/v2\/posts\/9162","targetHints":{"allow":["GET"]}}],"collection":[{"href":"https:\/\/motorista.com.br\/noticias\/wp-json\/wp\/v2\/posts"}],"about":[{"href":"https:\/\/motorista.com.br\/noticias\/wp-json\/wp\/v2\/types\/post"}],"author":[{"embeddable":true,"href":"https:\/\/motorista.com.br\/noticias\/wp-json\/wp\/v2\/users\/4"}],"replies":[{"embeddable":true,"href":"https:\/\/motorista.com.br\/noticias\/wp-json\/wp\/v2\/comments?post=9162"}],"version-history":[{"count":0,"href":"https:\/\/motorista.com.br\/noticias\/wp-json\/wp\/v2\/posts\/9162\/revisions"}],"wp:featuredmedia":[{"embeddable":true,"href":"https:\/\/motorista.com.br\/noticias\/wp-json\/wp\/v2\/media\/9163"}],"wp:attachment":[{"href":"https:\/\/motorista.com.br\/noticias\/wp-json\/wp\/v2\/media?parent=9162"}],"wp:term":[{"taxonomy":"category","embeddable":true,"href":"https:\/\/motorista.com.br\/noticias\/wp-json\/wp\/v2\/categories?post=9162"},{"taxonomy":"post_tag","embeddable":true,"href":"https:\/\/motorista.com.br\/noticias\/wp-json\/wp\/v2\/tags?post=9162"},{"taxonomy":"author","embeddable":true,"href":"https:\/\/motorista.com.br\/noticias\/wp-json\/wp\/v2\/coauthors?post=9162"}],"curies":[{"name":"wp","href":"https:\/\/api.w.org\/{rel}","templated":true}]}}