{"id":9160,"date":"2026-04-25T23:35:55","date_gmt":"2026-04-26T02:35:55","guid":{"rendered":"https:\/\/motorista.com.br\/noticias\/2026\/04\/25\/camara-aprova-estatuto-do-aprendiz-agora-vai-ao-senado\/"},"modified":"2026-04-25T23:35:55","modified_gmt":"2026-04-26T02:35:55","slug":"camara-aprova-estatuto-do-aprendiz-agora-vai-ao-senado","status":"publish","type":"post","link":"https:\/\/motorista.com.br\/noticias\/2026\/04\/25\/camara-aprova-estatuto-do-aprendiz-agora-vai-ao-senado\/","title":{"rendered":"C\u00e2mara aprova Estatuto do Aprendiz; agora vai ao Senado."},"content":{"rendered":"<p><\/p>\n<h3>C\u00e2mara aprova Estatuto do Aprendiz e proposta segue para o Senado<\/h3>\n<p>A C\u00e2mara dos Deputados aprovou o Projeto de Lei n\u00ba 6.461\/2019, que institui o Estatuto do Aprendiz e reorganiza as regras da aprendizagem profissional no Brasil. A proposta, que agora segue para o Senado, visa fortalecer a inser\u00e7\u00e3o de jovens no mercado de trabalho.<\/p>\n<p>De autoria do ex-deputado Andr\u00e9 de Paula e aprovada na forma de um substitutivo apresentado pela deputada Fl\u00e1via Morais, a proposta mant\u00e9m a estrutura original do programa e rejeita altera\u00e7\u00f5es que poderiam diminuir o n\u00famero de vagas de aprendizagem. Assim, o modelo baseado na combina\u00e7\u00e3o de forma\u00e7\u00e3o te\u00f3rica e experi\u00eancia pr\u00e1tica \u00e9 preservado, o que \u00e9 crucial para a amplia\u00e7\u00e3o das oportunidades para os jovens.<\/p>\n<p>Uma das principais caracter\u00edsticas do Estatuto do Aprendiz \u00e9 a possibilidade de contrata\u00e7\u00e3o de jovens entre 14 e 24 anos, al\u00e9m de pessoas com defici\u00eancia, sem limite de idade. O texto tamb\u00e9m garante direitos fundamentais, como vale-transporte e f\u00e9rias compat\u00edveis com o calend\u00e1rio escolar. Para as empresas, a exig\u00eancia de contrata\u00e7\u00e3o por cotas \u00e9 mantida, exceto em alguns casos como micro e pequenas empresas.<\/p>\n<p>Essa valoriza\u00e7\u00e3o da aprendizagem profissional pode ter um impacto significativo na mobilidade social. O Brasil enfrenta um cen\u00e1rio preocupante, com cerca de 10,9 milh\u00f5es de jovens fora da escola e do mercado de trabalho. A relatora Fl\u00e1via Morais enfatiza que a aprendizagem \u00e9 uma ferramenta importante para reverter essa situa\u00e7\u00e3o, proporcionando aos jovens experi\u00eancias que podem ser essenciais para sua inclus\u00e3o na economia e na sociedade de forma mais ampla.<\/p>\n<p>Al\u00e9m de melhorar a forma\u00e7\u00e3o e as oportunidades de emprego para os jovens, o Estatuto do Aprendiz tamb\u00e9m pode impactar a mobilidade geral ao fomentar uma for\u00e7a de trabalho mais qualificada e capaz de atender \u00e0s demandas do mercado contempor\u00e2neo. Como destacou o CEO do Centro de Integra\u00e7\u00e3o Empresa-Escola, Humberto Casagrande, a aprova\u00e7\u00e3o do Estatuto representa um avan\u00e7o na inclus\u00e3o produtiva e um passo importante para a aprendizagem profissional no Brasil.<\/p>\n<p>A discuss\u00e3o em torno do projeto foi longa, envolvendo entidades e especialistas, e foi intensificada com a mobiliza\u00e7\u00e3o social, o que demonstra um crescente interesse pela forma\u00e7\u00e3o e inclus\u00e3o dos jovens no mercado de trabalho. Com a vota\u00e7\u00e3o ocorrendo pr\u00f3ximo ao Dia Internacional do Jovem Trabalhador, a aprova\u00e7\u00e3o do Estatuto do Aprendiz \u00e9 um sinal de esperan\u00e7a para muitos que buscam seus primeiros passos na vida profissional.<\/p>\n<p>A import\u00e2ncia dessa legisla\u00e7\u00e3o se reflete na responsabilidade social das empresas, que ser\u00e3o estimuladas a investir na forma\u00e7\u00e3o de novos profissionais, o que pode resultar em um ciclo virtuoso de desenvolvimento para o mercado de trabalho brasileiro. <\/p>\n<p>Fonte: Carta de Log\u00edstica<\/p>\n","protected":false},"excerpt":{"rendered":"<p>C\u00e2mara aprova Estatuto do Aprendiz e proposta segue para o Senado A C\u00e2mara dos Deputados aprovou o Projeto de Lei n\u00ba 6.461\/2019, que institui o Estatuto do Aprendiz e reorganiza as regras da aprendizagem profissional no Brasil. A proposta, que agora segue para o Senado, visa fortalecer a inser\u00e7\u00e3o de jovens no mercado de trabalho. &hellip;<\/p>\n","protected":false},"author":4,"featured_media":9161,"comment_status":"","ping_status":"open","sticky":false,"template":"","format":"standard","meta":{"footnotes":""},"categories":[62],"tags":[],"coauthors":[42],"class_list":["post-9160","post","type-post","status-publish","format-standard","has-post-thumbnail","hentry","category-logistica"],"yoast_head":"<!-- This site is optimized with the Yoast SEO Premium plugin v25.5 (Yoast SEO v27.4) - https:\/\/yoast.com\/product\/yoast-seo-premium-wordpress\/ -->\n<title>C\u00e2mara aprova Estatuto do Aprendiz; agora vai ao Senado. - Motorista.com.br<\/title>\n<meta name=\"robots\" content=\"index, follow, max-snippet:-1, max-image-preview:large, max-video-preview:-1\" \/>\n<link rel=\"canonical\" href=\"https:\/\/motorista.com.br\/noticias\/2026\/04\/25\/camara-aprova-estatuto-do-aprendiz-agora-vai-ao-senado\/\" \/>\n<meta property=\"og:locale\" content=\"pt_BR\" \/>\n<meta property=\"og:type\" content=\"article\" \/>\n<meta property=\"og:title\" content=\"C\u00e2mara aprova Estatuto do Aprendiz; agora vai ao Senado.\" \/>\n<meta property=\"og:description\" content=\"C\u00e2mara aprova Estatuto do Aprendiz e proposta segue para o Senado A C\u00e2mara dos Deputados aprovou o Projeto de Lei n\u00ba 6.461\/2019, que institui o Estatuto do Aprendiz e reorganiza as regras da aprendizagem profissional no Brasil. A proposta, que agora segue para o Senado, visa fortalecer a inser\u00e7\u00e3o de jovens no mercado de trabalho. &hellip;\" \/>\n<meta property=\"og:url\" content=\"https:\/\/motorista.com.br\/noticias\/2026\/04\/25\/camara-aprova-estatuto-do-aprendiz-agora-vai-ao-senado\/\" \/>\n<meta property=\"og:site_name\" content=\"Motorista.com.br\" \/>\n<meta property=\"article:published_time\" content=\"2026-04-26T02:35:55+00:00\" \/>\n<meta name=\"author\" content=\"Equipe Reda\u00e7\u00e3o\" \/>\n<meta name=\"twitter:card\" content=\"summary_large_image\" \/>\n<meta name=\"twitter:label1\" content=\"Escrito por\" \/>\n\t<meta name=\"twitter:data1\" content=\"Equipe Reda\u00e7\u00e3o\" \/>\n\t<meta name=\"twitter:label2\" content=\"Est. tempo de leitura\" \/>\n\t<meta name=\"twitter:data2\" content=\"2 minutos\" \/>\n\t<meta name=\"twitter:label3\" content=\"Written by\" \/>\n\t<meta name=\"twitter:data3\" content=\"Equipe Reda\u00e7\u00e3o\" \/>\n<script type=\"application\/ld+json\" class=\"yoast-schema-graph\">{\"@context\":\"https:\\\/\\\/schema.org\",\"@graph\":[{\"@type\":\"Article\",\"@id\":\"https:\\\/\\\/motorista.com.br\\\/noticias\\\/2026\\\/04\\\/25\\\/camara-aprova-estatuto-do-aprendiz-agora-vai-ao-senado\\\/#article\",\"isPartOf\":{\"@id\":\"https:\\\/\\\/motorista.com.br\\\/noticias\\\/2026\\\/04\\\/25\\\/camara-aprova-estatuto-do-aprendiz-agora-vai-ao-senado\\\/\"},\"author\":{\"name\":\"Equipe Reda\u00e7\u00e3o\",\"@id\":\"https:\\\/\\\/motorista.com.br\\\/noticias\\\/#\\\/schema\\\/person\\\/dc93afc2981c0e3ce6bc3c053fd847be\"},\"headline\":\"C\u00e2mara aprova Estatuto do Aprendiz; agora vai ao Senado.\",\"datePublished\":\"2026-04-26T02:35:55+00:00\",\"mainEntityOfPage\":{\"@id\":\"https:\\\/\\\/motorista.com.br\\\/noticias\\\/2026\\\/04\\\/25\\\/camara-aprova-estatuto-do-aprendiz-agora-vai-ao-senado\\\/\"},\"wordCount\":485,\"publisher\":{\"@id\":\"https:\\\/\\\/motorista.com.br\\\/noticias\\\/#organization\"},\"image\":{\"@id\":\"https:\\\/\\\/motorista.com.br\\\/noticias\\\/2026\\\/04\\\/25\\\/camara-aprova-estatuto-do-aprendiz-agora-vai-ao-senado\\\/#primaryimage\"},\"thumbnailUrl\":\"https:\\\/\\\/motorista.com.br\\\/noticias\\\/wp-content\\\/uploads\\\/2026\\\/04\\\/ID-CL-1000-px-x-830-px-Camara.png\",\"articleSection\":[\"Log\u00edstica\"],\"inLanguage\":\"pt-BR\"},{\"@type\":\"WebPage\",\"@id\":\"https:\\\/\\\/motorista.com.br\\\/noticias\\\/2026\\\/04\\\/25\\\/camara-aprova-estatuto-do-aprendiz-agora-vai-ao-senado\\\/\",\"url\":\"https:\\\/\\\/motorista.com.br\\\/noticias\\\/2026\\\/04\\\/25\\\/camara-aprova-estatuto-do-aprendiz-agora-vai-ao-senado\\\/\",\"name\":\"C\u00e2mara aprova Estatuto do Aprendiz; agora vai ao Senado. - Motorista.com.br\",\"isPartOf\":{\"@id\":\"https:\\\/\\\/motorista.com.br\\\/noticias\\\/#website\"},\"primaryImageOfPage\":{\"@id\":\"https:\\\/\\\/motorista.com.br\\\/noticias\\\/2026\\\/04\\\/25\\\/camara-aprova-estatuto-do-aprendiz-agora-vai-ao-senado\\\/#primaryimage\"},\"image\":{\"@id\":\"https:\\\/\\\/motorista.com.br\\\/noticias\\\/2026\\\/04\\\/25\\\/camara-aprova-estatuto-do-aprendiz-agora-vai-ao-senado\\\/#primaryimage\"},\"thumbnailUrl\":\"https:\\\/\\\/motorista.com.br\\\/noticias\\\/wp-content\\\/uploads\\\/2026\\\/04\\\/ID-CL-1000-px-x-830-px-Camara.png\",\"datePublished\":\"2026-04-26T02:35:55+00:00\",\"breadcrumb\":{\"@id\":\"https:\\\/\\\/motorista.com.br\\\/noticias\\\/2026\\\/04\\\/25\\\/camara-aprova-estatuto-do-aprendiz-agora-vai-ao-senado\\\/#breadcrumb\"},\"inLanguage\":\"pt-BR\",\"potentialAction\":[{\"@type\":\"ReadAction\",\"target\":[\"https:\\\/\\\/motorista.com.br\\\/noticias\\\/2026\\\/04\\\/25\\\/camara-aprova-estatuto-do-aprendiz-agora-vai-ao-senado\\\/\"]}]},{\"@type\":\"ImageObject\",\"inLanguage\":\"pt-BR\",\"@id\":\"https:\\\/\\\/motorista.com.br\\\/noticias\\\/2026\\\/04\\\/25\\\/camara-aprova-estatuto-do-aprendiz-agora-vai-ao-senado\\\/#primaryimage\",\"url\":\"https:\\\/\\\/motorista.com.br\\\/noticias\\\/wp-content\\\/uploads\\\/2026\\\/04\\\/ID-CL-1000-px-x-830-px-Camara.png\",\"contentUrl\":\"https:\\\/\\\/motorista.com.br\\\/noticias\\\/wp-content\\\/uploads\\\/2026\\\/04\\\/ID-CL-1000-px-x-830-px-Camara.png\",\"width\":1000,\"height\":821},{\"@type\":\"BreadcrumbList\",\"@id\":\"https:\\\/\\\/motorista.com.br\\\/noticias\\\/2026\\\/04\\\/25\\\/camara-aprova-estatuto-do-aprendiz-agora-vai-ao-senado\\\/#breadcrumb\",\"itemListElement\":[{\"@type\":\"ListItem\",\"position\":1,\"name\":\"In\u00edcio\",\"item\":\"https:\\\/\\\/motorista.com.br\\\/noticias\\\/\"},{\"@type\":\"ListItem\",\"position\":2,\"name\":\"C\u00e2mara aprova Estatuto do Aprendiz; agora vai ao Senado.\"}]},{\"@type\":\"WebSite\",\"@id\":\"https:\\\/\\\/motorista.com.br\\\/noticias\\\/#website\",\"url\":\"https:\\\/\\\/motorista.com.br\\\/noticias\\\/\",\"name\":\"Motorista.com.br\",\"description\":\"Not\u00edcia do Motorista\",\"publisher\":{\"@id\":\"https:\\\/\\\/motorista.com.br\\\/noticias\\\/#organization\"},\"potentialAction\":[{\"@type\":\"SearchAction\",\"target\":{\"@type\":\"EntryPoint\",\"urlTemplate\":\"https:\\\/\\\/motorista.com.br\\\/noticias\\\/?s={search_term_string}\"},\"query-input\":{\"@type\":\"PropertyValueSpecification\",\"valueRequired\":true,\"valueName\":\"search_term_string\"}}],\"inLanguage\":\"pt-BR\"},{\"@type\":\"Organization\",\"@id\":\"https:\\\/\\\/motorista.com.br\\\/noticias\\\/#organization\",\"name\":\"Motorista.com.br\",\"url\":\"https:\\\/\\\/motorista.com.br\\\/noticias\\\/\",\"logo\":{\"@type\":\"ImageObject\",\"inLanguage\":\"pt-BR\",\"@id\":\"https:\\\/\\\/motorista.com.br\\\/noticias\\\/#\\\/schema\\\/logo\\\/image\\\/\",\"url\":\"https:\\\/\\\/motorista.com.br\\\/noticias\\\/wp-content\\\/uploads\\\/2025\\\/06\\\/Design-sem-nome-9.png\",\"contentUrl\":\"https:\\\/\\\/motorista.com.br\\\/noticias\\\/wp-content\\\/uploads\\\/2025\\\/06\\\/Design-sem-nome-9.png\",\"width\":150,\"height\":85,\"caption\":\"Motorista.com.br\"},\"image\":{\"@id\":\"https:\\\/\\\/motorista.com.br\\\/noticias\\\/#\\\/schema\\\/logo\\\/image\\\/\"}},{\"@type\":\"Person\",\"@id\":\"https:\\\/\\\/motorista.com.br\\\/noticias\\\/#\\\/schema\\\/person\\\/dc93afc2981c0e3ce6bc3c053fd847be\",\"name\":\"Equipe Reda\u00e7\u00e3o\",\"image\":{\"@type\":\"ImageObject\",\"inLanguage\":\"pt-BR\",\"@id\":\"https:\\\/\\\/secure.gravatar.com\\\/avatar\\\/4f525efbf18dd2bb300ccad28bfb99d95a9465a5ba268407c8c37b37e1f28d2d?s=96&d=mm&r=g9e099043a0c61e9ae27e293b9fa75ffc\",\"url\":\"https:\\\/\\\/secure.gravatar.com\\\/avatar\\\/4f525efbf18dd2bb300ccad28bfb99d95a9465a5ba268407c8c37b37e1f28d2d?s=96&d=mm&r=g\",\"contentUrl\":\"https:\\\/\\\/secure.gravatar.com\\\/avatar\\\/4f525efbf18dd2bb300ccad28bfb99d95a9465a5ba268407c8c37b37e1f28d2d?s=96&d=mm&r=g\",\"caption\":\"Equipe Reda\u00e7\u00e3o\"},\"description\":\"Equipe de reda\u00e7\u00e3o \u00e9 um grupo de profissionais que trabalham juntos para criar conte\u00fado escrito para Motorista.com.br\",\"url\":\"https:\\\/\\\/motorista.com.br\\\/noticias\\\/author\\\/equiperedacao\\\/\"}]}<\/script>\n<!-- \/ Yoast SEO Premium plugin. -->","yoast_head_json":{"title":"C\u00e2mara aprova Estatuto do Aprendiz; agora vai ao Senado. - Motorista.com.br","robots":{"index":"index","follow":"follow","max-snippet":"max-snippet:-1","max-image-preview":"max-image-preview:large","max-video-preview":"max-video-preview:-1"},"canonical":"https:\/\/motorista.com.br\/noticias\/2026\/04\/25\/camara-aprova-estatuto-do-aprendiz-agora-vai-ao-senado\/","og_locale":"pt_BR","og_type":"article","og_title":"C\u00e2mara aprova Estatuto do Aprendiz; agora vai ao Senado.","og_description":"C\u00e2mara aprova Estatuto do Aprendiz e proposta segue para o Senado A C\u00e2mara dos Deputados aprovou o Projeto de Lei n\u00ba 6.461\/2019, que institui o Estatuto do Aprendiz e reorganiza as regras da aprendizagem profissional no Brasil. A proposta, que agora segue para o Senado, visa fortalecer a inser\u00e7\u00e3o de jovens no mercado de trabalho. &hellip;","og_url":"https:\/\/motorista.com.br\/noticias\/2026\/04\/25\/camara-aprova-estatuto-do-aprendiz-agora-vai-ao-senado\/","og_site_name":"Motorista.com.br","article_published_time":"2026-04-26T02:35:55+00:00","author":"Equipe Reda\u00e7\u00e3o","twitter_card":"summary_large_image","twitter_misc":{"Escrito por":"Equipe Reda\u00e7\u00e3o","Est. tempo de leitura":"2 minutos","Written by":"Equipe Reda\u00e7\u00e3o"},"schema":{"@context":"https:\/\/schema.org","@graph":[{"@type":"Article","@id":"https:\/\/motorista.com.br\/noticias\/2026\/04\/25\/camara-aprova-estatuto-do-aprendiz-agora-vai-ao-senado\/#article","isPartOf":{"@id":"https:\/\/motorista.com.br\/noticias\/2026\/04\/25\/camara-aprova-estatuto-do-aprendiz-agora-vai-ao-senado\/"},"author":{"name":"Equipe Reda\u00e7\u00e3o","@id":"https:\/\/motorista.com.br\/noticias\/#\/schema\/person\/dc93afc2981c0e3ce6bc3c053fd847be"},"headline":"C\u00e2mara aprova Estatuto do Aprendiz; agora vai ao Senado.","datePublished":"2026-04-26T02:35:55+00:00","mainEntityOfPage":{"@id":"https:\/\/motorista.com.br\/noticias\/2026\/04\/25\/camara-aprova-estatuto-do-aprendiz-agora-vai-ao-senado\/"},"wordCount":485,"publisher":{"@id":"https:\/\/motorista.com.br\/noticias\/#organization"},"image":{"@id":"https:\/\/motorista.com.br\/noticias\/2026\/04\/25\/camara-aprova-estatuto-do-aprendiz-agora-vai-ao-senado\/#primaryimage"},"thumbnailUrl":"https:\/\/motorista.com.br\/noticias\/wp-content\/uploads\/2026\/04\/ID-CL-1000-px-x-830-px-Camara.png","articleSection":["Log\u00edstica"],"inLanguage":"pt-BR"},{"@type":"WebPage","@id":"https:\/\/motorista.com.br\/noticias\/2026\/04\/25\/camara-aprova-estatuto-do-aprendiz-agora-vai-ao-senado\/","url":"https:\/\/motorista.com.br\/noticias\/2026\/04\/25\/camara-aprova-estatuto-do-aprendiz-agora-vai-ao-senado\/","name":"C\u00e2mara aprova Estatuto do Aprendiz; agora vai ao Senado. - Motorista.com.br","isPartOf":{"@id":"https:\/\/motorista.com.br\/noticias\/#website"},"primaryImageOfPage":{"@id":"https:\/\/motorista.com.br\/noticias\/2026\/04\/25\/camara-aprova-estatuto-do-aprendiz-agora-vai-ao-senado\/#primaryimage"},"image":{"@id":"https:\/\/motorista.com.br\/noticias\/2026\/04\/25\/camara-aprova-estatuto-do-aprendiz-agora-vai-ao-senado\/#primaryimage"},"thumbnailUrl":"https:\/\/motorista.com.br\/noticias\/wp-content\/uploads\/2026\/04\/ID-CL-1000-px-x-830-px-Camara.png","datePublished":"2026-04-26T02:35:55+00:00","breadcrumb":{"@id":"https:\/\/motorista.com.br\/noticias\/2026\/04\/25\/camara-aprova-estatuto-do-aprendiz-agora-vai-ao-senado\/#breadcrumb"},"inLanguage":"pt-BR","potentialAction":[{"@type":"ReadAction","target":["https:\/\/motorista.com.br\/noticias\/2026\/04\/25\/camara-aprova-estatuto-do-aprendiz-agora-vai-ao-senado\/"]}]},{"@type":"ImageObject","inLanguage":"pt-BR","@id":"https:\/\/motorista.com.br\/noticias\/2026\/04\/25\/camara-aprova-estatuto-do-aprendiz-agora-vai-ao-senado\/#primaryimage","url":"https:\/\/motorista.com.br\/noticias\/wp-content\/uploads\/2026\/04\/ID-CL-1000-px-x-830-px-Camara.png","contentUrl":"https:\/\/motorista.com.br\/noticias\/wp-content\/uploads\/2026\/04\/ID-CL-1000-px-x-830-px-Camara.png","width":1000,"height":821},{"@type":"BreadcrumbList","@id":"https:\/\/motorista.com.br\/noticias\/2026\/04\/25\/camara-aprova-estatuto-do-aprendiz-agora-vai-ao-senado\/#breadcrumb","itemListElement":[{"@type":"ListItem","position":1,"name":"In\u00edcio","item":"https:\/\/motorista.com.br\/noticias\/"},{"@type":"ListItem","position":2,"name":"C\u00e2mara aprova Estatuto do Aprendiz; agora vai ao Senado."}]},{"@type":"WebSite","@id":"https:\/\/motorista.com.br\/noticias\/#website","url":"https:\/\/motorista.com.br\/noticias\/","name":"Motorista.com.br","description":"Not\u00edcia do Motorista","publisher":{"@id":"https:\/\/motorista.com.br\/noticias\/#organization"},"potentialAction":[{"@type":"SearchAction","target":{"@type":"EntryPoint","urlTemplate":"https:\/\/motorista.com.br\/noticias\/?s={search_term_string}"},"query-input":{"@type":"PropertyValueSpecification","valueRequired":true,"valueName":"search_term_string"}}],"inLanguage":"pt-BR"},{"@type":"Organization","@id":"https:\/\/motorista.com.br\/noticias\/#organization","name":"Motorista.com.br","url":"https:\/\/motorista.com.br\/noticias\/","logo":{"@type":"ImageObject","inLanguage":"pt-BR","@id":"https:\/\/motorista.com.br\/noticias\/#\/schema\/logo\/image\/","url":"https:\/\/motorista.com.br\/noticias\/wp-content\/uploads\/2025\/06\/Design-sem-nome-9.png","contentUrl":"https:\/\/motorista.com.br\/noticias\/wp-content\/uploads\/2025\/06\/Design-sem-nome-9.png","width":150,"height":85,"caption":"Motorista.com.br"},"image":{"@id":"https:\/\/motorista.com.br\/noticias\/#\/schema\/logo\/image\/"}},{"@type":"Person","@id":"https:\/\/motorista.com.br\/noticias\/#\/schema\/person\/dc93afc2981c0e3ce6bc3c053fd847be","name":"Equipe Reda\u00e7\u00e3o","image":{"@type":"ImageObject","inLanguage":"pt-BR","@id":"https:\/\/secure.gravatar.com\/avatar\/4f525efbf18dd2bb300ccad28bfb99d95a9465a5ba268407c8c37b37e1f28d2d?s=96&d=mm&r=g9e099043a0c61e9ae27e293b9fa75ffc","url":"https:\/\/secure.gravatar.com\/avatar\/4f525efbf18dd2bb300ccad28bfb99d95a9465a5ba268407c8c37b37e1f28d2d?s=96&d=mm&r=g","contentUrl":"https:\/\/secure.gravatar.com\/avatar\/4f525efbf18dd2bb300ccad28bfb99d95a9465a5ba268407c8c37b37e1f28d2d?s=96&d=mm&r=g","caption":"Equipe Reda\u00e7\u00e3o"},"description":"Equipe de reda\u00e7\u00e3o \u00e9 um grupo de profissionais que trabalham juntos para criar conte\u00fado escrito para Motorista.com.br","url":"https:\/\/motorista.com.br\/noticias\/author\/equiperedacao\/"}]}},"_links":{"self":[{"href":"https:\/\/motorista.com.br\/noticias\/wp-json\/wp\/v2\/posts\/9160","targetHints":{"allow":["GET"]}}],"collection":[{"href":"https:\/\/motorista.com.br\/noticias\/wp-json\/wp\/v2\/posts"}],"about":[{"href":"https:\/\/motorista.com.br\/noticias\/wp-json\/wp\/v2\/types\/post"}],"author":[{"embeddable":true,"href":"https:\/\/motorista.com.br\/noticias\/wp-json\/wp\/v2\/users\/4"}],"replies":[{"embeddable":true,"href":"https:\/\/motorista.com.br\/noticias\/wp-json\/wp\/v2\/comments?post=9160"}],"version-history":[{"count":0,"href":"https:\/\/motorista.com.br\/noticias\/wp-json\/wp\/v2\/posts\/9160\/revisions"}],"wp:featuredmedia":[{"embeddable":true,"href":"https:\/\/motorista.com.br\/noticias\/wp-json\/wp\/v2\/media\/9161"}],"wp:attachment":[{"href":"https:\/\/motorista.com.br\/noticias\/wp-json\/wp\/v2\/media?parent=9160"}],"wp:term":[{"taxonomy":"category","embeddable":true,"href":"https:\/\/motorista.com.br\/noticias\/wp-json\/wp\/v2\/categories?post=9160"},{"taxonomy":"post_tag","embeddable":true,"href":"https:\/\/motorista.com.br\/noticias\/wp-json\/wp\/v2\/tags?post=9160"},{"taxonomy":"author","embeddable":true,"href":"https:\/\/motorista.com.br\/noticias\/wp-json\/wp\/v2\/coauthors?post=9160"}],"curies":[{"name":"wp","href":"https:\/\/api.w.org\/{rel}","templated":true}]}}