{"id":9158,"date":"2026-04-25T22:08:28","date_gmt":"2026-04-26T01:08:28","guid":{"rendered":"https:\/\/motorista.com.br\/noticias\/2026\/04\/25\/uber-destinara-us-1-milhao-para-melhorias-no-transporte-publico\/"},"modified":"2026-04-25T22:08:28","modified_gmt":"2026-04-26T01:08:28","slug":"uber-destinara-us-1-milhao-para-melhorias-no-transporte-publico","status":"publish","type":"post","link":"https:\/\/motorista.com.br\/noticias\/2026\/04\/25\/uber-destinara-us-1-milhao-para-melhorias-no-transporte-publico\/","title":{"rendered":"Uber destinar\u00e1 US$ 1 milh\u00e3o para melhorias no transporte p\u00fablico."},"content":{"rendered":"<p><\/p>\n<h3>Uber vai investir US$ 1 milh\u00e3o no transporte p\u00fablico<\/h3>\n<p>Recentemente, a Uber anunciou um investimento de US$ 1 milh\u00e3o atrav\u00e9s de seu Fundo de Inova\u00e7\u00e3o do Uber Transit, com o objetivo de apoiar \u00f3rg\u00e3os p\u00fablicos nos Estados Unidos. Este movimento visa n\u00e3o apenas reduzir custos, mas tamb\u00e9m ampliar o acesso e melhorar a experi\u00eancia dos usu\u00e1rios no transporte p\u00fablico, sem exigir grandes investimentos de capital.<\/p>\n<p>Esse investimento tem o potencial de gerar impactos significativos tanto para os motoristas quanto para a mobilidade urbana em geral. Para os motoristas que dependem do transporte por aplicativo como uma fonte de renda, a melhoria no transporte p\u00fablico pode significar uma diminui\u00e7\u00e3o da demanda em hor\u00e1rios de pico, mas, por outro lado, tamb\u00e9m pode favorecer um fluxo mais organizado de passageiros, aumentando a efici\u00eancia das viagens e, potencialmente, a renda.<\/p>\n<p>Al\u00e9m de beneficiar os motoristas, essa iniciativa pode contribuir para uma mobilidade mais integrada nas cidades. Com um sistema de transporte p\u00fablico mais acess\u00edvel e eficiente, a depend\u00eancia de autom\u00f3veis particulares pode ser reduzida, resultando em menos congestionamentos e, consequentemente, uma diminui\u00e7\u00e3o nas emiss\u00f5es de carbono.<\/p>\n<p>Outro aspecto importante \u00e9 que, ao melhorar a experi\u00eancia do usu\u00e1rio, espera-se que mais pessoas optem pelo transporte p\u00fablico. Isso pode promover uma cultura de uso de transportes mais sustent\u00e1veis, o que \u00e9 ben\u00e9fico para a sociedade como um todo. O investimento da Uber n\u00e3o \u00e9 apenas um reflexo de uma estrat\u00e9gia empresarial, mas tamb\u00e9m uma oportunidade para transformar a mobilidade urbana e, ao mesmo tempo, garantir que motoristas e usu\u00e1rios encontrem solu\u00e7\u00f5es que atendam suas necessidades.<\/p>\n<p>Por fim, essa movimenta\u00e7\u00e3o pode sinalizar um novo caminho para colabora\u00e7\u00f5es entre empresas de tecnologia e governos locais, visando solu\u00e7\u00f5es que agreguem valor \u00e0 sociedade e ao meio ambiente. A uni\u00e3o de esfor\u00e7os pode ser uma chave para enfrentar os desafios atuais de mobilidade e constru\u00e7\u00e3o de cidades mais sustent\u00e1veis e inclusivas.<\/p>\n","protected":false},"excerpt":{"rendered":"<p>Uber vai investir US$ 1 milh\u00e3o no transporte p\u00fablico Recentemente, a Uber anunciou um investimento de US$ 1 milh\u00e3o atrav\u00e9s de seu Fundo de Inova\u00e7\u00e3o do Uber Transit, com o objetivo de apoiar \u00f3rg\u00e3os p\u00fablicos nos Estados Unidos. Este movimento visa n\u00e3o apenas reduzir custos, mas tamb\u00e9m ampliar o acesso e melhorar a experi\u00eancia dos &hellip;<\/p>\n","protected":false},"author":4,"featured_media":9159,"comment_status":"","ping_status":"open","sticky":false,"template":"","format":"standard","meta":{"footnotes":""},"categories":[49,77],"tags":[],"coauthors":[42],"class_list":["post-9158","post","type-post","status-publish","format-standard","has-post-thumbnail","hentry","category-aplicativos","category-motorista"],"yoast_head":"<!-- This site is optimized with the Yoast SEO Premium plugin v25.5 (Yoast SEO v27.4) - https:\/\/yoast.com\/product\/yoast-seo-premium-wordpress\/ -->\n<title>Uber destinar\u00e1 US$ 1 milh\u00e3o para melhorias no transporte p\u00fablico. - Motorista.com.br<\/title>\n<meta name=\"robots\" content=\"index, follow, max-snippet:-1, max-image-preview:large, max-video-preview:-1\" \/>\n<link rel=\"canonical\" href=\"https:\/\/motorista.com.br\/noticias\/2026\/04\/25\/uber-destinara-us-1-milhao-para-melhorias-no-transporte-publico\/\" \/>\n<meta property=\"og:locale\" content=\"pt_BR\" \/>\n<meta property=\"og:type\" content=\"article\" \/>\n<meta property=\"og:title\" content=\"Uber destinar\u00e1 US$ 1 milh\u00e3o para melhorias no transporte p\u00fablico.\" \/>\n<meta property=\"og:description\" content=\"Uber vai investir US$ 1 milh\u00e3o no transporte p\u00fablico Recentemente, a Uber anunciou um investimento de US$ 1 milh\u00e3o atrav\u00e9s de seu Fundo de Inova\u00e7\u00e3o do Uber Transit, com o objetivo de apoiar \u00f3rg\u00e3os p\u00fablicos nos Estados Unidos. Este movimento visa n\u00e3o apenas reduzir custos, mas tamb\u00e9m ampliar o acesso e melhorar a experi\u00eancia dos &hellip;\" \/>\n<meta property=\"og:url\" content=\"https:\/\/motorista.com.br\/noticias\/2026\/04\/25\/uber-destinara-us-1-milhao-para-melhorias-no-transporte-publico\/\" \/>\n<meta property=\"og:site_name\" content=\"Motorista.com.br\" \/>\n<meta property=\"article:published_time\" content=\"2026-04-26T01:08:28+00:00\" \/>\n<meta name=\"author\" content=\"Equipe Reda\u00e7\u00e3o\" \/>\n<meta name=\"twitter:card\" content=\"summary_large_image\" \/>\n<meta name=\"twitter:label1\" content=\"Escrito por\" \/>\n\t<meta name=\"twitter:data1\" content=\"Equipe Reda\u00e7\u00e3o\" \/>\n\t<meta name=\"twitter:label2\" content=\"Est. tempo de leitura\" \/>\n\t<meta name=\"twitter:data2\" content=\"2 minutos\" \/>\n\t<meta name=\"twitter:label3\" content=\"Written by\" \/>\n\t<meta name=\"twitter:data3\" content=\"Equipe Reda\u00e7\u00e3o\" \/>\n<script type=\"application\/ld+json\" class=\"yoast-schema-graph\">{\"@context\":\"https:\\\/\\\/schema.org\",\"@graph\":[{\"@type\":\"Article\",\"@id\":\"https:\\\/\\\/motorista.com.br\\\/noticias\\\/2026\\\/04\\\/25\\\/uber-destinara-us-1-milhao-para-melhorias-no-transporte-publico\\\/#article\",\"isPartOf\":{\"@id\":\"https:\\\/\\\/motorista.com.br\\\/noticias\\\/2026\\\/04\\\/25\\\/uber-destinara-us-1-milhao-para-melhorias-no-transporte-publico\\\/\"},\"author\":{\"name\":\"Equipe Reda\u00e7\u00e3o\",\"@id\":\"https:\\\/\\\/motorista.com.br\\\/noticias\\\/#\\\/schema\\\/person\\\/dc93afc2981c0e3ce6bc3c053fd847be\"},\"headline\":\"Uber destinar\u00e1 US$ 1 milh\u00e3o para melhorias no transporte p\u00fablico.\",\"datePublished\":\"2026-04-26T01:08:28+00:00\",\"mainEntityOfPage\":{\"@id\":\"https:\\\/\\\/motorista.com.br\\\/noticias\\\/2026\\\/04\\\/25\\\/uber-destinara-us-1-milhao-para-melhorias-no-transporte-publico\\\/\"},\"wordCount\":357,\"publisher\":{\"@id\":\"https:\\\/\\\/motorista.com.br\\\/noticias\\\/#organization\"},\"image\":{\"@id\":\"https:\\\/\\\/motorista.com.br\\\/noticias\\\/2026\\\/04\\\/25\\\/uber-destinara-us-1-milhao-para-melhorias-no-transporte-publico\\\/#primaryimage\"},\"thumbnailUrl\":\"https:\\\/\\\/motorista.com.br\\\/noticias\\\/wp-content\\\/uploads\\\/2026\\\/04\\\/ubertransit.webp.webp\",\"articleSection\":[\"Aplicativos\",\"Motorista\"],\"inLanguage\":\"pt-BR\"},{\"@type\":\"WebPage\",\"@id\":\"https:\\\/\\\/motorista.com.br\\\/noticias\\\/2026\\\/04\\\/25\\\/uber-destinara-us-1-milhao-para-melhorias-no-transporte-publico\\\/\",\"url\":\"https:\\\/\\\/motorista.com.br\\\/noticias\\\/2026\\\/04\\\/25\\\/uber-destinara-us-1-milhao-para-melhorias-no-transporte-publico\\\/\",\"name\":\"Uber destinar\u00e1 US$ 1 milh\u00e3o para melhorias no transporte p\u00fablico. - Motorista.com.br\",\"isPartOf\":{\"@id\":\"https:\\\/\\\/motorista.com.br\\\/noticias\\\/#website\"},\"primaryImageOfPage\":{\"@id\":\"https:\\\/\\\/motorista.com.br\\\/noticias\\\/2026\\\/04\\\/25\\\/uber-destinara-us-1-milhao-para-melhorias-no-transporte-publico\\\/#primaryimage\"},\"image\":{\"@id\":\"https:\\\/\\\/motorista.com.br\\\/noticias\\\/2026\\\/04\\\/25\\\/uber-destinara-us-1-milhao-para-melhorias-no-transporte-publico\\\/#primaryimage\"},\"thumbnailUrl\":\"https:\\\/\\\/motorista.com.br\\\/noticias\\\/wp-content\\\/uploads\\\/2026\\\/04\\\/ubertransit.webp.webp\",\"datePublished\":\"2026-04-26T01:08:28+00:00\",\"breadcrumb\":{\"@id\":\"https:\\\/\\\/motorista.com.br\\\/noticias\\\/2026\\\/04\\\/25\\\/uber-destinara-us-1-milhao-para-melhorias-no-transporte-publico\\\/#breadcrumb\"},\"inLanguage\":\"pt-BR\",\"potentialAction\":[{\"@type\":\"ReadAction\",\"target\":[\"https:\\\/\\\/motorista.com.br\\\/noticias\\\/2026\\\/04\\\/25\\\/uber-destinara-us-1-milhao-para-melhorias-no-transporte-publico\\\/\"]}]},{\"@type\":\"ImageObject\",\"inLanguage\":\"pt-BR\",\"@id\":\"https:\\\/\\\/motorista.com.br\\\/noticias\\\/2026\\\/04\\\/25\\\/uber-destinara-us-1-milhao-para-melhorias-no-transporte-publico\\\/#primaryimage\",\"url\":\"https:\\\/\\\/motorista.com.br\\\/noticias\\\/wp-content\\\/uploads\\\/2026\\\/04\\\/ubertransit.webp.webp\",\"contentUrl\":\"https:\\\/\\\/motorista.com.br\\\/noticias\\\/wp-content\\\/uploads\\\/2026\\\/04\\\/ubertransit.webp.webp\",\"width\":1152,\"height\":768},{\"@type\":\"BreadcrumbList\",\"@id\":\"https:\\\/\\\/motorista.com.br\\\/noticias\\\/2026\\\/04\\\/25\\\/uber-destinara-us-1-milhao-para-melhorias-no-transporte-publico\\\/#breadcrumb\",\"itemListElement\":[{\"@type\":\"ListItem\",\"position\":1,\"name\":\"In\u00edcio\",\"item\":\"https:\\\/\\\/motorista.com.br\\\/noticias\\\/\"},{\"@type\":\"ListItem\",\"position\":2,\"name\":\"Uber destinar\u00e1 US$ 1 milh\u00e3o para melhorias no transporte p\u00fablico.\"}]},{\"@type\":\"WebSite\",\"@id\":\"https:\\\/\\\/motorista.com.br\\\/noticias\\\/#website\",\"url\":\"https:\\\/\\\/motorista.com.br\\\/noticias\\\/\",\"name\":\"Motorista.com.br\",\"description\":\"Not\u00edcia do Motorista\",\"publisher\":{\"@id\":\"https:\\\/\\\/motorista.com.br\\\/noticias\\\/#organization\"},\"potentialAction\":[{\"@type\":\"SearchAction\",\"target\":{\"@type\":\"EntryPoint\",\"urlTemplate\":\"https:\\\/\\\/motorista.com.br\\\/noticias\\\/?s={search_term_string}\"},\"query-input\":{\"@type\":\"PropertyValueSpecification\",\"valueRequired\":true,\"valueName\":\"search_term_string\"}}],\"inLanguage\":\"pt-BR\"},{\"@type\":\"Organization\",\"@id\":\"https:\\\/\\\/motorista.com.br\\\/noticias\\\/#organization\",\"name\":\"Motorista.com.br\",\"url\":\"https:\\\/\\\/motorista.com.br\\\/noticias\\\/\",\"logo\":{\"@type\":\"ImageObject\",\"inLanguage\":\"pt-BR\",\"@id\":\"https:\\\/\\\/motorista.com.br\\\/noticias\\\/#\\\/schema\\\/logo\\\/image\\\/\",\"url\":\"https:\\\/\\\/motorista.com.br\\\/noticias\\\/wp-content\\\/uploads\\\/2025\\\/06\\\/Design-sem-nome-9.png\",\"contentUrl\":\"https:\\\/\\\/motorista.com.br\\\/noticias\\\/wp-content\\\/uploads\\\/2025\\\/06\\\/Design-sem-nome-9.png\",\"width\":150,\"height\":85,\"caption\":\"Motorista.com.br\"},\"image\":{\"@id\":\"https:\\\/\\\/motorista.com.br\\\/noticias\\\/#\\\/schema\\\/logo\\\/image\\\/\"}},{\"@type\":\"Person\",\"@id\":\"https:\\\/\\\/motorista.com.br\\\/noticias\\\/#\\\/schema\\\/person\\\/dc93afc2981c0e3ce6bc3c053fd847be\",\"name\":\"Equipe Reda\u00e7\u00e3o\",\"image\":{\"@type\":\"ImageObject\",\"inLanguage\":\"pt-BR\",\"@id\":\"https:\\\/\\\/secure.gravatar.com\\\/avatar\\\/4f525efbf18dd2bb300ccad28bfb99d95a9465a5ba268407c8c37b37e1f28d2d?s=96&d=mm&r=g9e099043a0c61e9ae27e293b9fa75ffc\",\"url\":\"https:\\\/\\\/secure.gravatar.com\\\/avatar\\\/4f525efbf18dd2bb300ccad28bfb99d95a9465a5ba268407c8c37b37e1f28d2d?s=96&d=mm&r=g\",\"contentUrl\":\"https:\\\/\\\/secure.gravatar.com\\\/avatar\\\/4f525efbf18dd2bb300ccad28bfb99d95a9465a5ba268407c8c37b37e1f28d2d?s=96&d=mm&r=g\",\"caption\":\"Equipe Reda\u00e7\u00e3o\"},\"description\":\"Equipe de reda\u00e7\u00e3o \u00e9 um grupo de profissionais que trabalham juntos para criar conte\u00fado escrito para Motorista.com.br\",\"url\":\"https:\\\/\\\/motorista.com.br\\\/noticias\\\/author\\\/equiperedacao\\\/\"}]}<\/script>\n<!-- \/ Yoast SEO Premium plugin. -->","yoast_head_json":{"title":"Uber destinar\u00e1 US$ 1 milh\u00e3o para melhorias no transporte p\u00fablico. - Motorista.com.br","robots":{"index":"index","follow":"follow","max-snippet":"max-snippet:-1","max-image-preview":"max-image-preview:large","max-video-preview":"max-video-preview:-1"},"canonical":"https:\/\/motorista.com.br\/noticias\/2026\/04\/25\/uber-destinara-us-1-milhao-para-melhorias-no-transporte-publico\/","og_locale":"pt_BR","og_type":"article","og_title":"Uber destinar\u00e1 US$ 1 milh\u00e3o para melhorias no transporte p\u00fablico.","og_description":"Uber vai investir US$ 1 milh\u00e3o no transporte p\u00fablico Recentemente, a Uber anunciou um investimento de US$ 1 milh\u00e3o atrav\u00e9s de seu Fundo de Inova\u00e7\u00e3o do Uber Transit, com o objetivo de apoiar \u00f3rg\u00e3os p\u00fablicos nos Estados Unidos. Este movimento visa n\u00e3o apenas reduzir custos, mas tamb\u00e9m ampliar o acesso e melhorar a experi\u00eancia dos &hellip;","og_url":"https:\/\/motorista.com.br\/noticias\/2026\/04\/25\/uber-destinara-us-1-milhao-para-melhorias-no-transporte-publico\/","og_site_name":"Motorista.com.br","article_published_time":"2026-04-26T01:08:28+00:00","author":"Equipe Reda\u00e7\u00e3o","twitter_card":"summary_large_image","twitter_misc":{"Escrito por":"Equipe Reda\u00e7\u00e3o","Est. tempo de leitura":"2 minutos","Written by":"Equipe Reda\u00e7\u00e3o"},"schema":{"@context":"https:\/\/schema.org","@graph":[{"@type":"Article","@id":"https:\/\/motorista.com.br\/noticias\/2026\/04\/25\/uber-destinara-us-1-milhao-para-melhorias-no-transporte-publico\/#article","isPartOf":{"@id":"https:\/\/motorista.com.br\/noticias\/2026\/04\/25\/uber-destinara-us-1-milhao-para-melhorias-no-transporte-publico\/"},"author":{"name":"Equipe Reda\u00e7\u00e3o","@id":"https:\/\/motorista.com.br\/noticias\/#\/schema\/person\/dc93afc2981c0e3ce6bc3c053fd847be"},"headline":"Uber destinar\u00e1 US$ 1 milh\u00e3o para melhorias no transporte p\u00fablico.","datePublished":"2026-04-26T01:08:28+00:00","mainEntityOfPage":{"@id":"https:\/\/motorista.com.br\/noticias\/2026\/04\/25\/uber-destinara-us-1-milhao-para-melhorias-no-transporte-publico\/"},"wordCount":357,"publisher":{"@id":"https:\/\/motorista.com.br\/noticias\/#organization"},"image":{"@id":"https:\/\/motorista.com.br\/noticias\/2026\/04\/25\/uber-destinara-us-1-milhao-para-melhorias-no-transporte-publico\/#primaryimage"},"thumbnailUrl":"https:\/\/motorista.com.br\/noticias\/wp-content\/uploads\/2026\/04\/ubertransit.webp.webp","articleSection":["Aplicativos","Motorista"],"inLanguage":"pt-BR"},{"@type":"WebPage","@id":"https:\/\/motorista.com.br\/noticias\/2026\/04\/25\/uber-destinara-us-1-milhao-para-melhorias-no-transporte-publico\/","url":"https:\/\/motorista.com.br\/noticias\/2026\/04\/25\/uber-destinara-us-1-milhao-para-melhorias-no-transporte-publico\/","name":"Uber destinar\u00e1 US$ 1 milh\u00e3o para melhorias no transporte p\u00fablico. - Motorista.com.br","isPartOf":{"@id":"https:\/\/motorista.com.br\/noticias\/#website"},"primaryImageOfPage":{"@id":"https:\/\/motorista.com.br\/noticias\/2026\/04\/25\/uber-destinara-us-1-milhao-para-melhorias-no-transporte-publico\/#primaryimage"},"image":{"@id":"https:\/\/motorista.com.br\/noticias\/2026\/04\/25\/uber-destinara-us-1-milhao-para-melhorias-no-transporte-publico\/#primaryimage"},"thumbnailUrl":"https:\/\/motorista.com.br\/noticias\/wp-content\/uploads\/2026\/04\/ubertransit.webp.webp","datePublished":"2026-04-26T01:08:28+00:00","breadcrumb":{"@id":"https:\/\/motorista.com.br\/noticias\/2026\/04\/25\/uber-destinara-us-1-milhao-para-melhorias-no-transporte-publico\/#breadcrumb"},"inLanguage":"pt-BR","potentialAction":[{"@type":"ReadAction","target":["https:\/\/motorista.com.br\/noticias\/2026\/04\/25\/uber-destinara-us-1-milhao-para-melhorias-no-transporte-publico\/"]}]},{"@type":"ImageObject","inLanguage":"pt-BR","@id":"https:\/\/motorista.com.br\/noticias\/2026\/04\/25\/uber-destinara-us-1-milhao-para-melhorias-no-transporte-publico\/#primaryimage","url":"https:\/\/motorista.com.br\/noticias\/wp-content\/uploads\/2026\/04\/ubertransit.webp.webp","contentUrl":"https:\/\/motorista.com.br\/noticias\/wp-content\/uploads\/2026\/04\/ubertransit.webp.webp","width":1152,"height":768},{"@type":"BreadcrumbList","@id":"https:\/\/motorista.com.br\/noticias\/2026\/04\/25\/uber-destinara-us-1-milhao-para-melhorias-no-transporte-publico\/#breadcrumb","itemListElement":[{"@type":"ListItem","position":1,"name":"In\u00edcio","item":"https:\/\/motorista.com.br\/noticias\/"},{"@type":"ListItem","position":2,"name":"Uber destinar\u00e1 US$ 1 milh\u00e3o para melhorias no transporte p\u00fablico."}]},{"@type":"WebSite","@id":"https:\/\/motorista.com.br\/noticias\/#website","url":"https:\/\/motorista.com.br\/noticias\/","name":"Motorista.com.br","description":"Not\u00edcia do Motorista","publisher":{"@id":"https:\/\/motorista.com.br\/noticias\/#organization"},"potentialAction":[{"@type":"SearchAction","target":{"@type":"EntryPoint","urlTemplate":"https:\/\/motorista.com.br\/noticias\/?s={search_term_string}"},"query-input":{"@type":"PropertyValueSpecification","valueRequired":true,"valueName":"search_term_string"}}],"inLanguage":"pt-BR"},{"@type":"Organization","@id":"https:\/\/motorista.com.br\/noticias\/#organization","name":"Motorista.com.br","url":"https:\/\/motorista.com.br\/noticias\/","logo":{"@type":"ImageObject","inLanguage":"pt-BR","@id":"https:\/\/motorista.com.br\/noticias\/#\/schema\/logo\/image\/","url":"https:\/\/motorista.com.br\/noticias\/wp-content\/uploads\/2025\/06\/Design-sem-nome-9.png","contentUrl":"https:\/\/motorista.com.br\/noticias\/wp-content\/uploads\/2025\/06\/Design-sem-nome-9.png","width":150,"height":85,"caption":"Motorista.com.br"},"image":{"@id":"https:\/\/motorista.com.br\/noticias\/#\/schema\/logo\/image\/"}},{"@type":"Person","@id":"https:\/\/motorista.com.br\/noticias\/#\/schema\/person\/dc93afc2981c0e3ce6bc3c053fd847be","name":"Equipe Reda\u00e7\u00e3o","image":{"@type":"ImageObject","inLanguage":"pt-BR","@id":"https:\/\/secure.gravatar.com\/avatar\/4f525efbf18dd2bb300ccad28bfb99d95a9465a5ba268407c8c37b37e1f28d2d?s=96&d=mm&r=g9e099043a0c61e9ae27e293b9fa75ffc","url":"https:\/\/secure.gravatar.com\/avatar\/4f525efbf18dd2bb300ccad28bfb99d95a9465a5ba268407c8c37b37e1f28d2d?s=96&d=mm&r=g","contentUrl":"https:\/\/secure.gravatar.com\/avatar\/4f525efbf18dd2bb300ccad28bfb99d95a9465a5ba268407c8c37b37e1f28d2d?s=96&d=mm&r=g","caption":"Equipe Reda\u00e7\u00e3o"},"description":"Equipe de reda\u00e7\u00e3o \u00e9 um grupo de profissionais que trabalham juntos para criar conte\u00fado escrito para Motorista.com.br","url":"https:\/\/motorista.com.br\/noticias\/author\/equiperedacao\/"}]}},"_links":{"self":[{"href":"https:\/\/motorista.com.br\/noticias\/wp-json\/wp\/v2\/posts\/9158","targetHints":{"allow":["GET"]}}],"collection":[{"href":"https:\/\/motorista.com.br\/noticias\/wp-json\/wp\/v2\/posts"}],"about":[{"href":"https:\/\/motorista.com.br\/noticias\/wp-json\/wp\/v2\/types\/post"}],"author":[{"embeddable":true,"href":"https:\/\/motorista.com.br\/noticias\/wp-json\/wp\/v2\/users\/4"}],"replies":[{"embeddable":true,"href":"https:\/\/motorista.com.br\/noticias\/wp-json\/wp\/v2\/comments?post=9158"}],"version-history":[{"count":0,"href":"https:\/\/motorista.com.br\/noticias\/wp-json\/wp\/v2\/posts\/9158\/revisions"}],"wp:featuredmedia":[{"embeddable":true,"href":"https:\/\/motorista.com.br\/noticias\/wp-json\/wp\/v2\/media\/9159"}],"wp:attachment":[{"href":"https:\/\/motorista.com.br\/noticias\/wp-json\/wp\/v2\/media?parent=9158"}],"wp:term":[{"taxonomy":"category","embeddable":true,"href":"https:\/\/motorista.com.br\/noticias\/wp-json\/wp\/v2\/categories?post=9158"},{"taxonomy":"post_tag","embeddable":true,"href":"https:\/\/motorista.com.br\/noticias\/wp-json\/wp\/v2\/tags?post=9158"},{"taxonomy":"author","embeddable":true,"href":"https:\/\/motorista.com.br\/noticias\/wp-json\/wp\/v2\/coauthors?post=9158"}],"curies":[{"name":"wp","href":"https:\/\/api.w.org\/{rel}","templated":true}]}}