{"id":9126,"date":"2026-04-25T03:37:09","date_gmt":"2026-04-25T06:37:09","guid":{"rendered":"https:\/\/motorista.com.br\/noticias\/2026\/04\/25\/venezuela-e-colombia-firmam-pacto-militar-contra-mafias\/"},"modified":"2026-04-25T03:37:09","modified_gmt":"2026-04-25T06:37:09","slug":"venezuela-e-colombia-firmam-pacto-militar-contra-mafias","status":"publish","type":"post","link":"https:\/\/motorista.com.br\/noticias\/2026\/04\/25\/venezuela-e-colombia-firmam-pacto-militar-contra-mafias\/","title":{"rendered":"Venezuela e Col\u00f4mbia firmam pacto militar contra m\u00e1fias."},"content":{"rendered":"<p><\/p>\n<p><strong>Coopera\u00e7\u00e3o Militar entre Col\u00f4mbia e Venezuela: Implica\u00e7\u00f5es para a Mobilidade e Seguran\u00e7a na Fronteira<\/strong><\/p>\n<p>A recente acord\u00e3o entre Col\u00f4mbia e Venezuela para estabelecer uma coopera\u00e7\u00e3o militar visando o combate \u00e0s \u201cm\u00e1fias\u201d atuantes na regi\u00e3o de fronteira \u00e9 um passo significativo que pode ter amplas repercuss\u00f5es em diversas esferas, incluindo a mobilidade de motoristas e a seguran\u00e7a geral nas \u00e1reas afetadas.<\/p>\n<p>A fronteira entre esses dois pa\u00edses, que se estende por aproximadamente 2.200 quil\u00f4metros, \u00e9 marcada por uma intensa atividade clandestina, como narcotr\u00e1fico e contrabando. Essa realidade gera um cen\u00e1rio de inseguran\u00e7a que, indiretamente, afeta a mobilidade da popula\u00e7\u00e3o nas localidades adjacentes. Tr\u00e2nsito irregular, bloqueios e a presen\u00e7a de grupos armados n\u00e3o apenas comprometem a seguran\u00e7a pessoal dos motoristas, mas tamb\u00e9m dificultam o transporte de mercadorias, levando a um aumento nos custos e \u00e0 inefici\u00eancia log\u00edstica.<\/p>\n<p>A proposta de desenvolver planos militares e mecanismos de compartilhamento de informa\u00e7\u00f5es, como mencionado pelos presidentes Gustavo Petro e Delcy Rodr\u00edguez, tem o potencial de criar um ambiente mais seguro. Quando as autoridades conseguem atuar de maneira integrada, \u00e9 poss\u00edvel desmantelar redes criminosas que afetam diretamente a mobilidade e seguran\u00e7a nas rotas de transporte.<\/p>\n<p>Al\u00e9m disso, a colabora\u00e7\u00e3o na \u00e1rea de seguran\u00e7a poder\u00e1 impulsionar investimentos em infraestrutura e na moderniza\u00e7\u00e3o das estradas. O aumento da seguran\u00e7a pode atrair empres\u00e1rios e influenciar positivamente nas condi\u00e7\u00f5es de tr\u00e1fego, proporcionando um fluxo maior e mais confi\u00e1vel de ve\u00edculos e mercadorias entre os dois pa\u00edses.<\/p>\n<p>Os projetos de interconex\u00e3o el\u00e9trica e a integra\u00e7\u00e3o no setor de g\u00e1s tamb\u00e9m podem ter um impacto ben\u00e9fico. Melhora na infraestrutura energ\u00e9tica \u00e9 crucial para garantir opera\u00e7\u00f5es eficientes. Com estradas e sistemas de transporte em melhores condi\u00e7\u00f5es, os motoristas poder\u00e3o desfrutar de viagens mais r\u00e1pidas, seguras e menos estressantes.<\/p>\n<p>Em suma, a coopera\u00e7\u00e3o militar entre Col\u00f4mbia e Venezuela n\u00e3o se limita a combater o crime; representa uma oportunidade para reformular o cen\u00e1rio de mobilidade nas regi\u00f5es fronteiri\u00e7as. Com um esfor\u00e7o concertado para desmantelar as redes criminosas e melhorar a infraestrutura, motorista e cidad\u00e3os poder\u00e3o desfrutar de um ambiente mais seguro e eficiente, contribuindo para um futuro mais promissor para ambas as na\u00e7\u00f5es.<\/p>\n","protected":false},"excerpt":{"rendered":"<p>Coopera\u00e7\u00e3o Militar entre Col\u00f4mbia e Venezuela: Implica\u00e7\u00f5es para a Mobilidade e Seguran\u00e7a na Fronteira A recente acord\u00e3o entre Col\u00f4mbia e Venezuela para estabelecer uma coopera\u00e7\u00e3o militar visando o combate \u00e0s \u201cm\u00e1fias\u201d atuantes na regi\u00e3o de fronteira \u00e9 um passo significativo que pode ter amplas repercuss\u00f5es em diversas esferas, incluindo a mobilidade de motoristas e a &hellip;<\/p>\n","protected":false},"author":4,"featured_media":9127,"comment_status":"","ping_status":"open","sticky":false,"template":"","format":"standard","meta":{"footnotes":""},"categories":[45],"tags":[],"coauthors":[42],"class_list":["post-9126","post","type-post","status-publish","format-standard","has-post-thumbnail","hentry","category-mundo"],"yoast_head":"<!-- This site is optimized with the Yoast SEO Premium plugin v25.5 (Yoast SEO v27.4) - https:\/\/yoast.com\/product\/yoast-seo-premium-wordpress\/ -->\n<title>Venezuela e Col\u00f4mbia firmam pacto militar contra m\u00e1fias. - Motorista.com.br<\/title>\n<meta name=\"robots\" content=\"index, follow, max-snippet:-1, max-image-preview:large, max-video-preview:-1\" \/>\n<link rel=\"canonical\" href=\"https:\/\/motorista.com.br\/noticias\/2026\/04\/25\/venezuela-e-colombia-firmam-pacto-militar-contra-mafias\/\" \/>\n<meta property=\"og:locale\" content=\"pt_BR\" \/>\n<meta property=\"og:type\" content=\"article\" \/>\n<meta property=\"og:title\" content=\"Venezuela e Col\u00f4mbia firmam pacto militar contra m\u00e1fias.\" \/>\n<meta property=\"og:description\" content=\"Coopera\u00e7\u00e3o Militar entre Col\u00f4mbia e Venezuela: Implica\u00e7\u00f5es para a Mobilidade e Seguran\u00e7a na Fronteira A recente acord\u00e3o entre Col\u00f4mbia e Venezuela para estabelecer uma coopera\u00e7\u00e3o militar visando o combate \u00e0s \u201cm\u00e1fias\u201d atuantes na regi\u00e3o de fronteira \u00e9 um passo significativo que pode ter amplas repercuss\u00f5es em diversas esferas, incluindo a mobilidade de motoristas e a &hellip;\" \/>\n<meta property=\"og:url\" content=\"https:\/\/motorista.com.br\/noticias\/2026\/04\/25\/venezuela-e-colombia-firmam-pacto-militar-contra-mafias\/\" \/>\n<meta property=\"og:site_name\" content=\"Motorista.com.br\" \/>\n<meta property=\"article:published_time\" content=\"2026-04-25T06:37:09+00:00\" \/>\n<meta name=\"author\" content=\"Equipe Reda\u00e7\u00e3o\" \/>\n<meta name=\"twitter:card\" content=\"summary_large_image\" \/>\n<meta name=\"twitter:label1\" content=\"Escrito por\" \/>\n\t<meta name=\"twitter:data1\" content=\"Equipe Reda\u00e7\u00e3o\" \/>\n\t<meta name=\"twitter:label2\" content=\"Est. tempo de leitura\" \/>\n\t<meta name=\"twitter:data2\" content=\"2 minutos\" \/>\n\t<meta name=\"twitter:label3\" content=\"Written by\" \/>\n\t<meta name=\"twitter:data3\" content=\"Equipe Reda\u00e7\u00e3o\" \/>\n<script type=\"application\/ld+json\" class=\"yoast-schema-graph\">{\"@context\":\"https:\\\/\\\/schema.org\",\"@graph\":[{\"@type\":\"Article\",\"@id\":\"https:\\\/\\\/motorista.com.br\\\/noticias\\\/2026\\\/04\\\/25\\\/venezuela-e-colombia-firmam-pacto-militar-contra-mafias\\\/#article\",\"isPartOf\":{\"@id\":\"https:\\\/\\\/motorista.com.br\\\/noticias\\\/2026\\\/04\\\/25\\\/venezuela-e-colombia-firmam-pacto-militar-contra-mafias\\\/\"},\"author\":{\"name\":\"Equipe Reda\u00e7\u00e3o\",\"@id\":\"https:\\\/\\\/motorista.com.br\\\/noticias\\\/#\\\/schema\\\/person\\\/dc93afc2981c0e3ce6bc3c053fd847be\"},\"headline\":\"Venezuela e Col\u00f4mbia firmam pacto militar contra m\u00e1fias.\",\"datePublished\":\"2026-04-25T06:37:09+00:00\",\"mainEntityOfPage\":{\"@id\":\"https:\\\/\\\/motorista.com.br\\\/noticias\\\/2026\\\/04\\\/25\\\/venezuela-e-colombia-firmam-pacto-militar-contra-mafias\\\/\"},\"wordCount\":412,\"publisher\":{\"@id\":\"https:\\\/\\\/motorista.com.br\\\/noticias\\\/#organization\"},\"image\":{\"@id\":\"https:\\\/\\\/motorista.com.br\\\/noticias\\\/2026\\\/04\\\/25\\\/venezuela-e-colombia-firmam-pacto-militar-contra-mafias\\\/#primaryimage\"},\"thumbnailUrl\":\"https:\\\/\\\/motorista.com.br\\\/noticias\\\/wp-content\\\/uploads\\\/2026\\\/04\\\/AFP__20260424__A8X37GX__v1__MidRes__VenezuelaColombiaDiplomacy.jpg\",\"articleSection\":[\"Mundo\"],\"inLanguage\":\"pt-BR\"},{\"@type\":\"WebPage\",\"@id\":\"https:\\\/\\\/motorista.com.br\\\/noticias\\\/2026\\\/04\\\/25\\\/venezuela-e-colombia-firmam-pacto-militar-contra-mafias\\\/\",\"url\":\"https:\\\/\\\/motorista.com.br\\\/noticias\\\/2026\\\/04\\\/25\\\/venezuela-e-colombia-firmam-pacto-militar-contra-mafias\\\/\",\"name\":\"Venezuela e Col\u00f4mbia firmam pacto militar contra m\u00e1fias. - Motorista.com.br\",\"isPartOf\":{\"@id\":\"https:\\\/\\\/motorista.com.br\\\/noticias\\\/#website\"},\"primaryImageOfPage\":{\"@id\":\"https:\\\/\\\/motorista.com.br\\\/noticias\\\/2026\\\/04\\\/25\\\/venezuela-e-colombia-firmam-pacto-militar-contra-mafias\\\/#primaryimage\"},\"image\":{\"@id\":\"https:\\\/\\\/motorista.com.br\\\/noticias\\\/2026\\\/04\\\/25\\\/venezuela-e-colombia-firmam-pacto-militar-contra-mafias\\\/#primaryimage\"},\"thumbnailUrl\":\"https:\\\/\\\/motorista.com.br\\\/noticias\\\/wp-content\\\/uploads\\\/2026\\\/04\\\/AFP__20260424__A8X37GX__v1__MidRes__VenezuelaColombiaDiplomacy.jpg\",\"datePublished\":\"2026-04-25T06:37:09+00:00\",\"breadcrumb\":{\"@id\":\"https:\\\/\\\/motorista.com.br\\\/noticias\\\/2026\\\/04\\\/25\\\/venezuela-e-colombia-firmam-pacto-militar-contra-mafias\\\/#breadcrumb\"},\"inLanguage\":\"pt-BR\",\"potentialAction\":[{\"@type\":\"ReadAction\",\"target\":[\"https:\\\/\\\/motorista.com.br\\\/noticias\\\/2026\\\/04\\\/25\\\/venezuela-e-colombia-firmam-pacto-militar-contra-mafias\\\/\"]}]},{\"@type\":\"ImageObject\",\"inLanguage\":\"pt-BR\",\"@id\":\"https:\\\/\\\/motorista.com.br\\\/noticias\\\/2026\\\/04\\\/25\\\/venezuela-e-colombia-firmam-pacto-militar-contra-mafias\\\/#primaryimage\",\"url\":\"https:\\\/\\\/motorista.com.br\\\/noticias\\\/wp-content\\\/uploads\\\/2026\\\/04\\\/AFP__20260424__A8X37GX__v1__MidRes__VenezuelaColombiaDiplomacy.jpg\",\"contentUrl\":\"https:\\\/\\\/motorista.com.br\\\/noticias\\\/wp-content\\\/uploads\\\/2026\\\/04\\\/AFP__20260424__A8X37GX__v1__MidRes__VenezuelaColombiaDiplomacy.jpg\",\"width\":1200,\"height\":801},{\"@type\":\"BreadcrumbList\",\"@id\":\"https:\\\/\\\/motorista.com.br\\\/noticias\\\/2026\\\/04\\\/25\\\/venezuela-e-colombia-firmam-pacto-militar-contra-mafias\\\/#breadcrumb\",\"itemListElement\":[{\"@type\":\"ListItem\",\"position\":1,\"name\":\"In\u00edcio\",\"item\":\"https:\\\/\\\/motorista.com.br\\\/noticias\\\/\"},{\"@type\":\"ListItem\",\"position\":2,\"name\":\"Venezuela e Col\u00f4mbia firmam pacto militar contra m\u00e1fias.\"}]},{\"@type\":\"WebSite\",\"@id\":\"https:\\\/\\\/motorista.com.br\\\/noticias\\\/#website\",\"url\":\"https:\\\/\\\/motorista.com.br\\\/noticias\\\/\",\"name\":\"Motorista.com.br\",\"description\":\"Not\u00edcia do Motorista\",\"publisher\":{\"@id\":\"https:\\\/\\\/motorista.com.br\\\/noticias\\\/#organization\"},\"potentialAction\":[{\"@type\":\"SearchAction\",\"target\":{\"@type\":\"EntryPoint\",\"urlTemplate\":\"https:\\\/\\\/motorista.com.br\\\/noticias\\\/?s={search_term_string}\"},\"query-input\":{\"@type\":\"PropertyValueSpecification\",\"valueRequired\":true,\"valueName\":\"search_term_string\"}}],\"inLanguage\":\"pt-BR\"},{\"@type\":\"Organization\",\"@id\":\"https:\\\/\\\/motorista.com.br\\\/noticias\\\/#organization\",\"name\":\"Motorista.com.br\",\"url\":\"https:\\\/\\\/motorista.com.br\\\/noticias\\\/\",\"logo\":{\"@type\":\"ImageObject\",\"inLanguage\":\"pt-BR\",\"@id\":\"https:\\\/\\\/motorista.com.br\\\/noticias\\\/#\\\/schema\\\/logo\\\/image\\\/\",\"url\":\"https:\\\/\\\/motorista.com.br\\\/noticias\\\/wp-content\\\/uploads\\\/2025\\\/06\\\/Design-sem-nome-9.png\",\"contentUrl\":\"https:\\\/\\\/motorista.com.br\\\/noticias\\\/wp-content\\\/uploads\\\/2025\\\/06\\\/Design-sem-nome-9.png\",\"width\":150,\"height\":85,\"caption\":\"Motorista.com.br\"},\"image\":{\"@id\":\"https:\\\/\\\/motorista.com.br\\\/noticias\\\/#\\\/schema\\\/logo\\\/image\\\/\"}},{\"@type\":\"Person\",\"@id\":\"https:\\\/\\\/motorista.com.br\\\/noticias\\\/#\\\/schema\\\/person\\\/dc93afc2981c0e3ce6bc3c053fd847be\",\"name\":\"Equipe Reda\u00e7\u00e3o\",\"image\":{\"@type\":\"ImageObject\",\"inLanguage\":\"pt-BR\",\"@id\":\"https:\\\/\\\/secure.gravatar.com\\\/avatar\\\/4f525efbf18dd2bb300ccad28bfb99d95a9465a5ba268407c8c37b37e1f28d2d?s=96&d=mm&r=g9e099043a0c61e9ae27e293b9fa75ffc\",\"url\":\"https:\\\/\\\/secure.gravatar.com\\\/avatar\\\/4f525efbf18dd2bb300ccad28bfb99d95a9465a5ba268407c8c37b37e1f28d2d?s=96&d=mm&r=g\",\"contentUrl\":\"https:\\\/\\\/secure.gravatar.com\\\/avatar\\\/4f525efbf18dd2bb300ccad28bfb99d95a9465a5ba268407c8c37b37e1f28d2d?s=96&d=mm&r=g\",\"caption\":\"Equipe Reda\u00e7\u00e3o\"},\"description\":\"Equipe de reda\u00e7\u00e3o \u00e9 um grupo de profissionais que trabalham juntos para criar conte\u00fado escrito para Motorista.com.br\",\"url\":\"https:\\\/\\\/motorista.com.br\\\/noticias\\\/author\\\/equiperedacao\\\/\"}]}<\/script>\n<!-- \/ Yoast SEO Premium plugin. -->","yoast_head_json":{"title":"Venezuela e Col\u00f4mbia firmam pacto militar contra m\u00e1fias. - Motorista.com.br","robots":{"index":"index","follow":"follow","max-snippet":"max-snippet:-1","max-image-preview":"max-image-preview:large","max-video-preview":"max-video-preview:-1"},"canonical":"https:\/\/motorista.com.br\/noticias\/2026\/04\/25\/venezuela-e-colombia-firmam-pacto-militar-contra-mafias\/","og_locale":"pt_BR","og_type":"article","og_title":"Venezuela e Col\u00f4mbia firmam pacto militar contra m\u00e1fias.","og_description":"Coopera\u00e7\u00e3o Militar entre Col\u00f4mbia e Venezuela: Implica\u00e7\u00f5es para a Mobilidade e Seguran\u00e7a na Fronteira A recente acord\u00e3o entre Col\u00f4mbia e Venezuela para estabelecer uma coopera\u00e7\u00e3o militar visando o combate \u00e0s \u201cm\u00e1fias\u201d atuantes na regi\u00e3o de fronteira \u00e9 um passo significativo que pode ter amplas repercuss\u00f5es em diversas esferas, incluindo a mobilidade de motoristas e a &hellip;","og_url":"https:\/\/motorista.com.br\/noticias\/2026\/04\/25\/venezuela-e-colombia-firmam-pacto-militar-contra-mafias\/","og_site_name":"Motorista.com.br","article_published_time":"2026-04-25T06:37:09+00:00","author":"Equipe Reda\u00e7\u00e3o","twitter_card":"summary_large_image","twitter_misc":{"Escrito por":"Equipe Reda\u00e7\u00e3o","Est. tempo de leitura":"2 minutos","Written by":"Equipe Reda\u00e7\u00e3o"},"schema":{"@context":"https:\/\/schema.org","@graph":[{"@type":"Article","@id":"https:\/\/motorista.com.br\/noticias\/2026\/04\/25\/venezuela-e-colombia-firmam-pacto-militar-contra-mafias\/#article","isPartOf":{"@id":"https:\/\/motorista.com.br\/noticias\/2026\/04\/25\/venezuela-e-colombia-firmam-pacto-militar-contra-mafias\/"},"author":{"name":"Equipe Reda\u00e7\u00e3o","@id":"https:\/\/motorista.com.br\/noticias\/#\/schema\/person\/dc93afc2981c0e3ce6bc3c053fd847be"},"headline":"Venezuela e Col\u00f4mbia firmam pacto militar contra m\u00e1fias.","datePublished":"2026-04-25T06:37:09+00:00","mainEntityOfPage":{"@id":"https:\/\/motorista.com.br\/noticias\/2026\/04\/25\/venezuela-e-colombia-firmam-pacto-militar-contra-mafias\/"},"wordCount":412,"publisher":{"@id":"https:\/\/motorista.com.br\/noticias\/#organization"},"image":{"@id":"https:\/\/motorista.com.br\/noticias\/2026\/04\/25\/venezuela-e-colombia-firmam-pacto-militar-contra-mafias\/#primaryimage"},"thumbnailUrl":"https:\/\/motorista.com.br\/noticias\/wp-content\/uploads\/2026\/04\/AFP__20260424__A8X37GX__v1__MidRes__VenezuelaColombiaDiplomacy.jpg","articleSection":["Mundo"],"inLanguage":"pt-BR"},{"@type":"WebPage","@id":"https:\/\/motorista.com.br\/noticias\/2026\/04\/25\/venezuela-e-colombia-firmam-pacto-militar-contra-mafias\/","url":"https:\/\/motorista.com.br\/noticias\/2026\/04\/25\/venezuela-e-colombia-firmam-pacto-militar-contra-mafias\/","name":"Venezuela e Col\u00f4mbia firmam pacto militar contra m\u00e1fias. - Motorista.com.br","isPartOf":{"@id":"https:\/\/motorista.com.br\/noticias\/#website"},"primaryImageOfPage":{"@id":"https:\/\/motorista.com.br\/noticias\/2026\/04\/25\/venezuela-e-colombia-firmam-pacto-militar-contra-mafias\/#primaryimage"},"image":{"@id":"https:\/\/motorista.com.br\/noticias\/2026\/04\/25\/venezuela-e-colombia-firmam-pacto-militar-contra-mafias\/#primaryimage"},"thumbnailUrl":"https:\/\/motorista.com.br\/noticias\/wp-content\/uploads\/2026\/04\/AFP__20260424__A8X37GX__v1__MidRes__VenezuelaColombiaDiplomacy.jpg","datePublished":"2026-04-25T06:37:09+00:00","breadcrumb":{"@id":"https:\/\/motorista.com.br\/noticias\/2026\/04\/25\/venezuela-e-colombia-firmam-pacto-militar-contra-mafias\/#breadcrumb"},"inLanguage":"pt-BR","potentialAction":[{"@type":"ReadAction","target":["https:\/\/motorista.com.br\/noticias\/2026\/04\/25\/venezuela-e-colombia-firmam-pacto-militar-contra-mafias\/"]}]},{"@type":"ImageObject","inLanguage":"pt-BR","@id":"https:\/\/motorista.com.br\/noticias\/2026\/04\/25\/venezuela-e-colombia-firmam-pacto-militar-contra-mafias\/#primaryimage","url":"https:\/\/motorista.com.br\/noticias\/wp-content\/uploads\/2026\/04\/AFP__20260424__A8X37GX__v1__MidRes__VenezuelaColombiaDiplomacy.jpg","contentUrl":"https:\/\/motorista.com.br\/noticias\/wp-content\/uploads\/2026\/04\/AFP__20260424__A8X37GX__v1__MidRes__VenezuelaColombiaDiplomacy.jpg","width":1200,"height":801},{"@type":"BreadcrumbList","@id":"https:\/\/motorista.com.br\/noticias\/2026\/04\/25\/venezuela-e-colombia-firmam-pacto-militar-contra-mafias\/#breadcrumb","itemListElement":[{"@type":"ListItem","position":1,"name":"In\u00edcio","item":"https:\/\/motorista.com.br\/noticias\/"},{"@type":"ListItem","position":2,"name":"Venezuela e Col\u00f4mbia firmam pacto militar contra m\u00e1fias."}]},{"@type":"WebSite","@id":"https:\/\/motorista.com.br\/noticias\/#website","url":"https:\/\/motorista.com.br\/noticias\/","name":"Motorista.com.br","description":"Not\u00edcia do Motorista","publisher":{"@id":"https:\/\/motorista.com.br\/noticias\/#organization"},"potentialAction":[{"@type":"SearchAction","target":{"@type":"EntryPoint","urlTemplate":"https:\/\/motorista.com.br\/noticias\/?s={search_term_string}"},"query-input":{"@type":"PropertyValueSpecification","valueRequired":true,"valueName":"search_term_string"}}],"inLanguage":"pt-BR"},{"@type":"Organization","@id":"https:\/\/motorista.com.br\/noticias\/#organization","name":"Motorista.com.br","url":"https:\/\/motorista.com.br\/noticias\/","logo":{"@type":"ImageObject","inLanguage":"pt-BR","@id":"https:\/\/motorista.com.br\/noticias\/#\/schema\/logo\/image\/","url":"https:\/\/motorista.com.br\/noticias\/wp-content\/uploads\/2025\/06\/Design-sem-nome-9.png","contentUrl":"https:\/\/motorista.com.br\/noticias\/wp-content\/uploads\/2025\/06\/Design-sem-nome-9.png","width":150,"height":85,"caption":"Motorista.com.br"},"image":{"@id":"https:\/\/motorista.com.br\/noticias\/#\/schema\/logo\/image\/"}},{"@type":"Person","@id":"https:\/\/motorista.com.br\/noticias\/#\/schema\/person\/dc93afc2981c0e3ce6bc3c053fd847be","name":"Equipe Reda\u00e7\u00e3o","image":{"@type":"ImageObject","inLanguage":"pt-BR","@id":"https:\/\/secure.gravatar.com\/avatar\/4f525efbf18dd2bb300ccad28bfb99d95a9465a5ba268407c8c37b37e1f28d2d?s=96&d=mm&r=g9e099043a0c61e9ae27e293b9fa75ffc","url":"https:\/\/secure.gravatar.com\/avatar\/4f525efbf18dd2bb300ccad28bfb99d95a9465a5ba268407c8c37b37e1f28d2d?s=96&d=mm&r=g","contentUrl":"https:\/\/secure.gravatar.com\/avatar\/4f525efbf18dd2bb300ccad28bfb99d95a9465a5ba268407c8c37b37e1f28d2d?s=96&d=mm&r=g","caption":"Equipe Reda\u00e7\u00e3o"},"description":"Equipe de reda\u00e7\u00e3o \u00e9 um grupo de profissionais que trabalham juntos para criar conte\u00fado escrito para Motorista.com.br","url":"https:\/\/motorista.com.br\/noticias\/author\/equiperedacao\/"}]}},"_links":{"self":[{"href":"https:\/\/motorista.com.br\/noticias\/wp-json\/wp\/v2\/posts\/9126","targetHints":{"allow":["GET"]}}],"collection":[{"href":"https:\/\/motorista.com.br\/noticias\/wp-json\/wp\/v2\/posts"}],"about":[{"href":"https:\/\/motorista.com.br\/noticias\/wp-json\/wp\/v2\/types\/post"}],"author":[{"embeddable":true,"href":"https:\/\/motorista.com.br\/noticias\/wp-json\/wp\/v2\/users\/4"}],"replies":[{"embeddable":true,"href":"https:\/\/motorista.com.br\/noticias\/wp-json\/wp\/v2\/comments?post=9126"}],"version-history":[{"count":0,"href":"https:\/\/motorista.com.br\/noticias\/wp-json\/wp\/v2\/posts\/9126\/revisions"}],"wp:featuredmedia":[{"embeddable":true,"href":"https:\/\/motorista.com.br\/noticias\/wp-json\/wp\/v2\/media\/9127"}],"wp:attachment":[{"href":"https:\/\/motorista.com.br\/noticias\/wp-json\/wp\/v2\/media?parent=9126"}],"wp:term":[{"taxonomy":"category","embeddable":true,"href":"https:\/\/motorista.com.br\/noticias\/wp-json\/wp\/v2\/categories?post=9126"},{"taxonomy":"post_tag","embeddable":true,"href":"https:\/\/motorista.com.br\/noticias\/wp-json\/wp\/v2\/tags?post=9126"},{"taxonomy":"author","embeddable":true,"href":"https:\/\/motorista.com.br\/noticias\/wp-json\/wp\/v2\/coauthors?post=9126"}],"curies":[{"name":"wp","href":"https:\/\/api.w.org\/{rel}","templated":true}]}}