{"id":9122,"date":"2026-04-25T01:32:41","date_gmt":"2026-04-25T04:32:41","guid":{"rendered":"https:\/\/motorista.com.br\/noticias\/2026\/04\/25\/tesla-da-inicio-a-fabricacao-do-cybercab-nos-eua\/"},"modified":"2026-04-25T01:32:41","modified_gmt":"2026-04-25T04:32:41","slug":"tesla-da-inicio-a-fabricacao-do-cybercab-nos-eua","status":"publish","type":"post","link":"https:\/\/motorista.com.br\/noticias\/2026\/04\/25\/tesla-da-inicio-a-fabricacao-do-cybercab-nos-eua\/","title":{"rendered":"Tesla d\u00e1 in\u00edcio \u00e0 fabrica\u00e7\u00e3o do Cybercab nos EUA."},"content":{"rendered":"<p>A Tesla deu in\u00edcio \u00e0 produ\u00e7\u00e3o do Cybercab em sua Gigafactory em Austin, Texas, marcando mais um passo significativo na transforma\u00e7\u00e3o da mobilidade urbana. O Cybercab, um ve\u00edculo aut\u00f4nomo projetado para operar sem volante, pedais ou espelhos, desafia as normas tradicionais do setor automotivo e traz \u00e0 tona quest\u00f5es cruciais sobre a seguran\u00e7a e regulamenta\u00e7\u00e3o desses modelos inovadores.<\/p>\n<p>Esse novo modelo de transporte promete melhorar a efici\u00eancia da mobilidade, oferecendo um servi\u00e7o que n\u00e3o s\u00f3 pode reduzir o n\u00famero de carros nas ruas, mas tamb\u00e9m a quantidade de espa\u00e7o necess\u00e1rio para estacionamento. Com o Cybercab, a expectativa \u00e9 que novos padr\u00f5es de transporte urbano sejam estabelecidos, favorecendo uma integra\u00e7\u00e3o mais fluida entre ve\u00edculos aut\u00f4nomos e o tr\u00e1fego urbano, o que pode resultar em menos congestionamentos e emiss\u00e3o reduzida de poluentes.<\/p>\n<p>No entanto, essa inova\u00e7\u00e3o n\u00e3o vem sem desafios. A Tesla est\u00e1 utilizando uma estrat\u00e9gia de &#8220;autocertifica\u00e7\u00e3o&#8221; para contornar as barreiras regulat\u00f3rias existentes. Embora a empresa afirme que o Cybercab atende aos padr\u00f5es de seguran\u00e7a, a aus\u00eancia de componentes tradicionais levanta preocupa\u00e7\u00f5es. O debate em torno da seguran\u00e7a veicular ser\u00e1 crucial, especialmente \u00e0 medida que mais motoristas e usu\u00e1rios de transporte p\u00fablico considerarem a ado\u00e7\u00e3o desses novos ve\u00edculos aut\u00f4nomos.<\/p>\n<p>A produ\u00e7\u00e3o do Cybercab representa uma mudan\u00e7a de paradigma na forma como pensamos sobre transporte. Ao permitir que ve\u00edculos operem de forma totalmente aut\u00f4noma, a Tesla n\u00e3o apenas apresenta uma solu\u00e7\u00e3o potencial para aumentar a efici\u00eancia e a seguran\u00e7a nas estradas, mas tamb\u00e9m abre um novo campo de discuss\u00e3o sobre como regulamentar e implementar essa nova tecnologia de maneira eficaz e segura.<\/p>\n<p>Al\u00e9m disso, Elon Musk, ao adotar uma postura mais cautelosa sobre a expans\u00e3o do servi\u00e7o de robot\u00e1xis, demonstra um entendimento claro das complexidades envolvidas na implementa\u00e7\u00e3o em larga escala dessa tecnologia. Embora a meta tenha sido revisada para abranger apenas 12 estados at\u00e9 2026, isso reflete um compromisso com a seguran\u00e7a e a valida\u00e7\u00e3o rigorosa do servi\u00e7o, o que \u00e9 essencial para ganhar a confian\u00e7a do p\u00fablico e dos reguladores.<\/p>\n<p>Em suma, a entrada da Tesla no mercado de ve\u00edculos aut\u00f4nomos com o Cybercab pode redefinir a mobilidade urbana, oferecendo uma alternativa mais moderna e eficiente. Contudo, o sucesso dessa transi\u00e7\u00e3o depender\u00e1 da capacidade de enfrentar os desafios regulat\u00f3rios e t\u00e9cnicos que ainda persistem, garantindo assim um futuro em que a tecnologia e a seguran\u00e7a andem de m\u00e3os dadas.<\/p>\n","protected":false},"excerpt":{"rendered":"<p>A Tesla deu in\u00edcio \u00e0 produ\u00e7\u00e3o do Cybercab em sua Gigafactory em Austin, Texas, marcando mais um passo significativo na transforma\u00e7\u00e3o da mobilidade urbana. O Cybercab, um ve\u00edculo aut\u00f4nomo projetado para operar sem volante, pedais ou espelhos, desafia as normas tradicionais do setor automotivo e traz \u00e0 tona quest\u00f5es cruciais sobre a seguran\u00e7a e regulamenta\u00e7\u00e3o &hellip;<\/p>\n","protected":false},"author":4,"featured_media":9123,"comment_status":"","ping_status":"open","sticky":false,"template":"","format":"standard","meta":{"footnotes":""},"categories":[56],"tags":[],"coauthors":[42],"class_list":["post-9122","post","type-post","status-publish","format-standard","has-post-thumbnail","hentry","category-tecnologia"],"yoast_head":"<!-- This site is optimized with the Yoast SEO Premium plugin v25.5 (Yoast SEO v27.4) - https:\/\/yoast.com\/product\/yoast-seo-premium-wordpress\/ -->\n<title>Tesla d\u00e1 in\u00edcio \u00e0 fabrica\u00e7\u00e3o do Cybercab nos EUA. - Motorista.com.br<\/title>\n<meta name=\"robots\" content=\"index, follow, max-snippet:-1, max-image-preview:large, max-video-preview:-1\" \/>\n<link rel=\"canonical\" href=\"https:\/\/motorista.com.br\/noticias\/2026\/04\/25\/tesla-da-inicio-a-fabricacao-do-cybercab-nos-eua\/\" \/>\n<meta property=\"og:locale\" content=\"pt_BR\" \/>\n<meta property=\"og:type\" content=\"article\" \/>\n<meta property=\"og:title\" content=\"Tesla d\u00e1 in\u00edcio \u00e0 fabrica\u00e7\u00e3o do Cybercab nos EUA.\" \/>\n<meta property=\"og:description\" content=\"A Tesla deu in\u00edcio \u00e0 produ\u00e7\u00e3o do Cybercab em sua Gigafactory em Austin, Texas, marcando mais um passo significativo na transforma\u00e7\u00e3o da mobilidade urbana. O Cybercab, um ve\u00edculo aut\u00f4nomo projetado para operar sem volante, pedais ou espelhos, desafia as normas tradicionais do setor automotivo e traz \u00e0 tona quest\u00f5es cruciais sobre a seguran\u00e7a e regulamenta\u00e7\u00e3o &hellip;\" \/>\n<meta property=\"og:url\" content=\"https:\/\/motorista.com.br\/noticias\/2026\/04\/25\/tesla-da-inicio-a-fabricacao-do-cybercab-nos-eua\/\" \/>\n<meta property=\"og:site_name\" content=\"Motorista.com.br\" \/>\n<meta property=\"article:published_time\" content=\"2026-04-25T04:32:41+00:00\" \/>\n<meta name=\"author\" content=\"Equipe Reda\u00e7\u00e3o\" \/>\n<meta name=\"twitter:card\" content=\"summary_large_image\" \/>\n<meta name=\"twitter:label1\" content=\"Escrito por\" \/>\n\t<meta name=\"twitter:data1\" content=\"Equipe Reda\u00e7\u00e3o\" \/>\n\t<meta name=\"twitter:label2\" content=\"Est. tempo de leitura\" \/>\n\t<meta name=\"twitter:data2\" content=\"2 minutos\" \/>\n\t<meta name=\"twitter:label3\" content=\"Written by\" \/>\n\t<meta name=\"twitter:data3\" content=\"Equipe Reda\u00e7\u00e3o\" \/>\n<script type=\"application\/ld+json\" class=\"yoast-schema-graph\">{\"@context\":\"https:\\\/\\\/schema.org\",\"@graph\":[{\"@type\":\"Article\",\"@id\":\"https:\\\/\\\/motorista.com.br\\\/noticias\\\/2026\\\/04\\\/25\\\/tesla-da-inicio-a-fabricacao-do-cybercab-nos-eua\\\/#article\",\"isPartOf\":{\"@id\":\"https:\\\/\\\/motorista.com.br\\\/noticias\\\/2026\\\/04\\\/25\\\/tesla-da-inicio-a-fabricacao-do-cybercab-nos-eua\\\/\"},\"author\":{\"name\":\"Equipe Reda\u00e7\u00e3o\",\"@id\":\"https:\\\/\\\/motorista.com.br\\\/noticias\\\/#\\\/schema\\\/person\\\/dc93afc2981c0e3ce6bc3c053fd847be\"},\"headline\":\"Tesla d\u00e1 in\u00edcio \u00e0 fabrica\u00e7\u00e3o do Cybercab nos EUA.\",\"datePublished\":\"2026-04-25T04:32:41+00:00\",\"mainEntityOfPage\":{\"@id\":\"https:\\\/\\\/motorista.com.br\\\/noticias\\\/2026\\\/04\\\/25\\\/tesla-da-inicio-a-fabricacao-do-cybercab-nos-eua\\\/\"},\"wordCount\":455,\"publisher\":{\"@id\":\"https:\\\/\\\/motorista.com.br\\\/noticias\\\/#organization\"},\"image\":{\"@id\":\"https:\\\/\\\/motorista.com.br\\\/noticias\\\/2026\\\/04\\\/25\\\/tesla-da-inicio-a-fabricacao-do-cybercab-nos-eua\\\/#primaryimage\"},\"thumbnailUrl\":\"https:\\\/\\\/motorista.com.br\\\/noticias\\\/wp-content\\\/uploads\\\/2026\\\/04\\\/cybertaxi_tesla.png\",\"articleSection\":[\"Tecnologia\"],\"inLanguage\":\"pt-BR\"},{\"@type\":\"WebPage\",\"@id\":\"https:\\\/\\\/motorista.com.br\\\/noticias\\\/2026\\\/04\\\/25\\\/tesla-da-inicio-a-fabricacao-do-cybercab-nos-eua\\\/\",\"url\":\"https:\\\/\\\/motorista.com.br\\\/noticias\\\/2026\\\/04\\\/25\\\/tesla-da-inicio-a-fabricacao-do-cybercab-nos-eua\\\/\",\"name\":\"Tesla d\u00e1 in\u00edcio \u00e0 fabrica\u00e7\u00e3o do Cybercab nos EUA. - Motorista.com.br\",\"isPartOf\":{\"@id\":\"https:\\\/\\\/motorista.com.br\\\/noticias\\\/#website\"},\"primaryImageOfPage\":{\"@id\":\"https:\\\/\\\/motorista.com.br\\\/noticias\\\/2026\\\/04\\\/25\\\/tesla-da-inicio-a-fabricacao-do-cybercab-nos-eua\\\/#primaryimage\"},\"image\":{\"@id\":\"https:\\\/\\\/motorista.com.br\\\/noticias\\\/2026\\\/04\\\/25\\\/tesla-da-inicio-a-fabricacao-do-cybercab-nos-eua\\\/#primaryimage\"},\"thumbnailUrl\":\"https:\\\/\\\/motorista.com.br\\\/noticias\\\/wp-content\\\/uploads\\\/2026\\\/04\\\/cybertaxi_tesla.png\",\"datePublished\":\"2026-04-25T04:32:41+00:00\",\"breadcrumb\":{\"@id\":\"https:\\\/\\\/motorista.com.br\\\/noticias\\\/2026\\\/04\\\/25\\\/tesla-da-inicio-a-fabricacao-do-cybercab-nos-eua\\\/#breadcrumb\"},\"inLanguage\":\"pt-BR\",\"potentialAction\":[{\"@type\":\"ReadAction\",\"target\":[\"https:\\\/\\\/motorista.com.br\\\/noticias\\\/2026\\\/04\\\/25\\\/tesla-da-inicio-a-fabricacao-do-cybercab-nos-eua\\\/\"]}]},{\"@type\":\"ImageObject\",\"inLanguage\":\"pt-BR\",\"@id\":\"https:\\\/\\\/motorista.com.br\\\/noticias\\\/2026\\\/04\\\/25\\\/tesla-da-inicio-a-fabricacao-do-cybercab-nos-eua\\\/#primaryimage\",\"url\":\"https:\\\/\\\/motorista.com.br\\\/noticias\\\/wp-content\\\/uploads\\\/2026\\\/04\\\/cybertaxi_tesla.png\",\"contentUrl\":\"https:\\\/\\\/motorista.com.br\\\/noticias\\\/wp-content\\\/uploads\\\/2026\\\/04\\\/cybertaxi_tesla.png\",\"width\":2556,\"height\":1437},{\"@type\":\"BreadcrumbList\",\"@id\":\"https:\\\/\\\/motorista.com.br\\\/noticias\\\/2026\\\/04\\\/25\\\/tesla-da-inicio-a-fabricacao-do-cybercab-nos-eua\\\/#breadcrumb\",\"itemListElement\":[{\"@type\":\"ListItem\",\"position\":1,\"name\":\"In\u00edcio\",\"item\":\"https:\\\/\\\/motorista.com.br\\\/noticias\\\/\"},{\"@type\":\"ListItem\",\"position\":2,\"name\":\"Tesla d\u00e1 in\u00edcio \u00e0 fabrica\u00e7\u00e3o do Cybercab nos EUA.\"}]},{\"@type\":\"WebSite\",\"@id\":\"https:\\\/\\\/motorista.com.br\\\/noticias\\\/#website\",\"url\":\"https:\\\/\\\/motorista.com.br\\\/noticias\\\/\",\"name\":\"Motorista.com.br\",\"description\":\"Not\u00edcia do Motorista\",\"publisher\":{\"@id\":\"https:\\\/\\\/motorista.com.br\\\/noticias\\\/#organization\"},\"potentialAction\":[{\"@type\":\"SearchAction\",\"target\":{\"@type\":\"EntryPoint\",\"urlTemplate\":\"https:\\\/\\\/motorista.com.br\\\/noticias\\\/?s={search_term_string}\"},\"query-input\":{\"@type\":\"PropertyValueSpecification\",\"valueRequired\":true,\"valueName\":\"search_term_string\"}}],\"inLanguage\":\"pt-BR\"},{\"@type\":\"Organization\",\"@id\":\"https:\\\/\\\/motorista.com.br\\\/noticias\\\/#organization\",\"name\":\"Motorista.com.br\",\"url\":\"https:\\\/\\\/motorista.com.br\\\/noticias\\\/\",\"logo\":{\"@type\":\"ImageObject\",\"inLanguage\":\"pt-BR\",\"@id\":\"https:\\\/\\\/motorista.com.br\\\/noticias\\\/#\\\/schema\\\/logo\\\/image\\\/\",\"url\":\"https:\\\/\\\/motorista.com.br\\\/noticias\\\/wp-content\\\/uploads\\\/2025\\\/06\\\/Design-sem-nome-9.png\",\"contentUrl\":\"https:\\\/\\\/motorista.com.br\\\/noticias\\\/wp-content\\\/uploads\\\/2025\\\/06\\\/Design-sem-nome-9.png\",\"width\":150,\"height\":85,\"caption\":\"Motorista.com.br\"},\"image\":{\"@id\":\"https:\\\/\\\/motorista.com.br\\\/noticias\\\/#\\\/schema\\\/logo\\\/image\\\/\"}},{\"@type\":\"Person\",\"@id\":\"https:\\\/\\\/motorista.com.br\\\/noticias\\\/#\\\/schema\\\/person\\\/dc93afc2981c0e3ce6bc3c053fd847be\",\"name\":\"Equipe Reda\u00e7\u00e3o\",\"image\":{\"@type\":\"ImageObject\",\"inLanguage\":\"pt-BR\",\"@id\":\"https:\\\/\\\/secure.gravatar.com\\\/avatar\\\/4f525efbf18dd2bb300ccad28bfb99d95a9465a5ba268407c8c37b37e1f28d2d?s=96&d=mm&r=g9e099043a0c61e9ae27e293b9fa75ffc\",\"url\":\"https:\\\/\\\/secure.gravatar.com\\\/avatar\\\/4f525efbf18dd2bb300ccad28bfb99d95a9465a5ba268407c8c37b37e1f28d2d?s=96&d=mm&r=g\",\"contentUrl\":\"https:\\\/\\\/secure.gravatar.com\\\/avatar\\\/4f525efbf18dd2bb300ccad28bfb99d95a9465a5ba268407c8c37b37e1f28d2d?s=96&d=mm&r=g\",\"caption\":\"Equipe Reda\u00e7\u00e3o\"},\"description\":\"Equipe de reda\u00e7\u00e3o \u00e9 um grupo de profissionais que trabalham juntos para criar conte\u00fado escrito para Motorista.com.br\",\"url\":\"https:\\\/\\\/motorista.com.br\\\/noticias\\\/author\\\/equiperedacao\\\/\"}]}<\/script>\n<!-- \/ Yoast SEO Premium plugin. -->","yoast_head_json":{"title":"Tesla d\u00e1 in\u00edcio \u00e0 fabrica\u00e7\u00e3o do Cybercab nos EUA. - Motorista.com.br","robots":{"index":"index","follow":"follow","max-snippet":"max-snippet:-1","max-image-preview":"max-image-preview:large","max-video-preview":"max-video-preview:-1"},"canonical":"https:\/\/motorista.com.br\/noticias\/2026\/04\/25\/tesla-da-inicio-a-fabricacao-do-cybercab-nos-eua\/","og_locale":"pt_BR","og_type":"article","og_title":"Tesla d\u00e1 in\u00edcio \u00e0 fabrica\u00e7\u00e3o do Cybercab nos EUA.","og_description":"A Tesla deu in\u00edcio \u00e0 produ\u00e7\u00e3o do Cybercab em sua Gigafactory em Austin, Texas, marcando mais um passo significativo na transforma\u00e7\u00e3o da mobilidade urbana. O Cybercab, um ve\u00edculo aut\u00f4nomo projetado para operar sem volante, pedais ou espelhos, desafia as normas tradicionais do setor automotivo e traz \u00e0 tona quest\u00f5es cruciais sobre a seguran\u00e7a e regulamenta\u00e7\u00e3o &hellip;","og_url":"https:\/\/motorista.com.br\/noticias\/2026\/04\/25\/tesla-da-inicio-a-fabricacao-do-cybercab-nos-eua\/","og_site_name":"Motorista.com.br","article_published_time":"2026-04-25T04:32:41+00:00","author":"Equipe Reda\u00e7\u00e3o","twitter_card":"summary_large_image","twitter_misc":{"Escrito por":"Equipe Reda\u00e7\u00e3o","Est. tempo de leitura":"2 minutos","Written by":"Equipe Reda\u00e7\u00e3o"},"schema":{"@context":"https:\/\/schema.org","@graph":[{"@type":"Article","@id":"https:\/\/motorista.com.br\/noticias\/2026\/04\/25\/tesla-da-inicio-a-fabricacao-do-cybercab-nos-eua\/#article","isPartOf":{"@id":"https:\/\/motorista.com.br\/noticias\/2026\/04\/25\/tesla-da-inicio-a-fabricacao-do-cybercab-nos-eua\/"},"author":{"name":"Equipe Reda\u00e7\u00e3o","@id":"https:\/\/motorista.com.br\/noticias\/#\/schema\/person\/dc93afc2981c0e3ce6bc3c053fd847be"},"headline":"Tesla d\u00e1 in\u00edcio \u00e0 fabrica\u00e7\u00e3o do Cybercab nos EUA.","datePublished":"2026-04-25T04:32:41+00:00","mainEntityOfPage":{"@id":"https:\/\/motorista.com.br\/noticias\/2026\/04\/25\/tesla-da-inicio-a-fabricacao-do-cybercab-nos-eua\/"},"wordCount":455,"publisher":{"@id":"https:\/\/motorista.com.br\/noticias\/#organization"},"image":{"@id":"https:\/\/motorista.com.br\/noticias\/2026\/04\/25\/tesla-da-inicio-a-fabricacao-do-cybercab-nos-eua\/#primaryimage"},"thumbnailUrl":"https:\/\/motorista.com.br\/noticias\/wp-content\/uploads\/2026\/04\/cybertaxi_tesla.png","articleSection":["Tecnologia"],"inLanguage":"pt-BR"},{"@type":"WebPage","@id":"https:\/\/motorista.com.br\/noticias\/2026\/04\/25\/tesla-da-inicio-a-fabricacao-do-cybercab-nos-eua\/","url":"https:\/\/motorista.com.br\/noticias\/2026\/04\/25\/tesla-da-inicio-a-fabricacao-do-cybercab-nos-eua\/","name":"Tesla d\u00e1 in\u00edcio \u00e0 fabrica\u00e7\u00e3o do Cybercab nos EUA. - Motorista.com.br","isPartOf":{"@id":"https:\/\/motorista.com.br\/noticias\/#website"},"primaryImageOfPage":{"@id":"https:\/\/motorista.com.br\/noticias\/2026\/04\/25\/tesla-da-inicio-a-fabricacao-do-cybercab-nos-eua\/#primaryimage"},"image":{"@id":"https:\/\/motorista.com.br\/noticias\/2026\/04\/25\/tesla-da-inicio-a-fabricacao-do-cybercab-nos-eua\/#primaryimage"},"thumbnailUrl":"https:\/\/motorista.com.br\/noticias\/wp-content\/uploads\/2026\/04\/cybertaxi_tesla.png","datePublished":"2026-04-25T04:32:41+00:00","breadcrumb":{"@id":"https:\/\/motorista.com.br\/noticias\/2026\/04\/25\/tesla-da-inicio-a-fabricacao-do-cybercab-nos-eua\/#breadcrumb"},"inLanguage":"pt-BR","potentialAction":[{"@type":"ReadAction","target":["https:\/\/motorista.com.br\/noticias\/2026\/04\/25\/tesla-da-inicio-a-fabricacao-do-cybercab-nos-eua\/"]}]},{"@type":"ImageObject","inLanguage":"pt-BR","@id":"https:\/\/motorista.com.br\/noticias\/2026\/04\/25\/tesla-da-inicio-a-fabricacao-do-cybercab-nos-eua\/#primaryimage","url":"https:\/\/motorista.com.br\/noticias\/wp-content\/uploads\/2026\/04\/cybertaxi_tesla.png","contentUrl":"https:\/\/motorista.com.br\/noticias\/wp-content\/uploads\/2026\/04\/cybertaxi_tesla.png","width":2556,"height":1437},{"@type":"BreadcrumbList","@id":"https:\/\/motorista.com.br\/noticias\/2026\/04\/25\/tesla-da-inicio-a-fabricacao-do-cybercab-nos-eua\/#breadcrumb","itemListElement":[{"@type":"ListItem","position":1,"name":"In\u00edcio","item":"https:\/\/motorista.com.br\/noticias\/"},{"@type":"ListItem","position":2,"name":"Tesla d\u00e1 in\u00edcio \u00e0 fabrica\u00e7\u00e3o do Cybercab nos EUA."}]},{"@type":"WebSite","@id":"https:\/\/motorista.com.br\/noticias\/#website","url":"https:\/\/motorista.com.br\/noticias\/","name":"Motorista.com.br","description":"Not\u00edcia do Motorista","publisher":{"@id":"https:\/\/motorista.com.br\/noticias\/#organization"},"potentialAction":[{"@type":"SearchAction","target":{"@type":"EntryPoint","urlTemplate":"https:\/\/motorista.com.br\/noticias\/?s={search_term_string}"},"query-input":{"@type":"PropertyValueSpecification","valueRequired":true,"valueName":"search_term_string"}}],"inLanguage":"pt-BR"},{"@type":"Organization","@id":"https:\/\/motorista.com.br\/noticias\/#organization","name":"Motorista.com.br","url":"https:\/\/motorista.com.br\/noticias\/","logo":{"@type":"ImageObject","inLanguage":"pt-BR","@id":"https:\/\/motorista.com.br\/noticias\/#\/schema\/logo\/image\/","url":"https:\/\/motorista.com.br\/noticias\/wp-content\/uploads\/2025\/06\/Design-sem-nome-9.png","contentUrl":"https:\/\/motorista.com.br\/noticias\/wp-content\/uploads\/2025\/06\/Design-sem-nome-9.png","width":150,"height":85,"caption":"Motorista.com.br"},"image":{"@id":"https:\/\/motorista.com.br\/noticias\/#\/schema\/logo\/image\/"}},{"@type":"Person","@id":"https:\/\/motorista.com.br\/noticias\/#\/schema\/person\/dc93afc2981c0e3ce6bc3c053fd847be","name":"Equipe Reda\u00e7\u00e3o","image":{"@type":"ImageObject","inLanguage":"pt-BR","@id":"https:\/\/secure.gravatar.com\/avatar\/4f525efbf18dd2bb300ccad28bfb99d95a9465a5ba268407c8c37b37e1f28d2d?s=96&d=mm&r=g9e099043a0c61e9ae27e293b9fa75ffc","url":"https:\/\/secure.gravatar.com\/avatar\/4f525efbf18dd2bb300ccad28bfb99d95a9465a5ba268407c8c37b37e1f28d2d?s=96&d=mm&r=g","contentUrl":"https:\/\/secure.gravatar.com\/avatar\/4f525efbf18dd2bb300ccad28bfb99d95a9465a5ba268407c8c37b37e1f28d2d?s=96&d=mm&r=g","caption":"Equipe Reda\u00e7\u00e3o"},"description":"Equipe de reda\u00e7\u00e3o \u00e9 um grupo de profissionais que trabalham juntos para criar conte\u00fado escrito para Motorista.com.br","url":"https:\/\/motorista.com.br\/noticias\/author\/equiperedacao\/"}]}},"_links":{"self":[{"href":"https:\/\/motorista.com.br\/noticias\/wp-json\/wp\/v2\/posts\/9122","targetHints":{"allow":["GET"]}}],"collection":[{"href":"https:\/\/motorista.com.br\/noticias\/wp-json\/wp\/v2\/posts"}],"about":[{"href":"https:\/\/motorista.com.br\/noticias\/wp-json\/wp\/v2\/types\/post"}],"author":[{"embeddable":true,"href":"https:\/\/motorista.com.br\/noticias\/wp-json\/wp\/v2\/users\/4"}],"replies":[{"embeddable":true,"href":"https:\/\/motorista.com.br\/noticias\/wp-json\/wp\/v2\/comments?post=9122"}],"version-history":[{"count":0,"href":"https:\/\/motorista.com.br\/noticias\/wp-json\/wp\/v2\/posts\/9122\/revisions"}],"wp:featuredmedia":[{"embeddable":true,"href":"https:\/\/motorista.com.br\/noticias\/wp-json\/wp\/v2\/media\/9123"}],"wp:attachment":[{"href":"https:\/\/motorista.com.br\/noticias\/wp-json\/wp\/v2\/media?parent=9122"}],"wp:term":[{"taxonomy":"category","embeddable":true,"href":"https:\/\/motorista.com.br\/noticias\/wp-json\/wp\/v2\/categories?post=9122"},{"taxonomy":"post_tag","embeddable":true,"href":"https:\/\/motorista.com.br\/noticias\/wp-json\/wp\/v2\/tags?post=9122"},{"taxonomy":"author","embeddable":true,"href":"https:\/\/motorista.com.br\/noticias\/wp-json\/wp\/v2\/coauthors?post=9122"}],"curies":[{"name":"wp","href":"https:\/\/api.w.org\/{rel}","templated":true}]}}