{"id":9118,"date":"2026-04-25T00:34:29","date_gmt":"2026-04-25T03:34:29","guid":{"rendered":"https:\/\/motorista.com.br\/noticias\/2026\/04\/25\/sest-senat-chama-6-mil-novos-candidatos-do-programa-mais-motoristas\/"},"modified":"2026-04-25T00:34:29","modified_gmt":"2026-04-25T03:34:29","slug":"sest-senat-chama-6-mil-novos-candidatos-do-programa-mais-motoristas","status":"publish","type":"post","link":"https:\/\/motorista.com.br\/noticias\/2026\/04\/25\/sest-senat-chama-6-mil-novos-candidatos-do-programa-mais-motoristas\/","title":{"rendered":"SEST SENAT chama 6 mil novos candidatos do programa Mais Motoristas"},"content":{"rendered":"<p><\/p>\n<h3>SEST SENAT Convoca 6 Mil Novos Candidatos do Programa Mais Motoristas \u2013 SETCESP<\/h3>\n<p>Recentemente, o SEST SENAT anunciou a quarta convoca\u00e7\u00e3o do Edital n\u00ba 0001\/2025, liberando 6.056 novas vagas para a forma\u00e7\u00e3o de condutores profissionais. Este programa n\u00e3o apenas busca qualificar motoristas, mas tamb\u00e9m refor\u00e7a um compromisso maior com a seguran\u00e7a nas estradas e a efici\u00eancia do setor de transporte.<\/p>\n<p>As empresas de transporte t\u00eam um papel crucial neste processo, pois ser\u00e3o respons\u00e1veis por indicar os participantes para o programa. Essa a\u00e7\u00e3o visa garantir que os motoristas sejam devidamente preparados para os desafios da profiss\u00e3o, contribuindo n\u00e3o apenas para o seu desenvolvimento pessoal, mas tamb\u00e9m para a melhoria da mobilidade geral nas vias.<\/p>\n<p>A qualifica\u00e7\u00e3o profissional de motoristas impacta diretamente a seguran\u00e7a do tr\u00e2nsito. Motoristas bem treinados s\u00e3o mais propensos a adotar pr\u00e1ticas seguras, reduzindo o n\u00famero de acidentes e melhorando a fluidez do tr\u00e1fego. Al\u00e9m disso, refor\u00e7ar a forma\u00e7\u00e3o de condutores profissionais ajuda a combater a escassez de m\u00e3o de obra qualificada no setor, um problema recorrente que pode comprometer a efici\u00eancia do transporte.<\/p>\n<p>Com o Programa Mais Motoristas, o SEST SENAT oferece uma oportunidade valiosa para aqueles que desejam ingressar na profiss\u00e3o. A pr\u00e1tica de indicar candidatos pela infraestrutura empresarial permite um controle mais rigoroso sobre a qualidade do treinamento recebido, resultando em um quadro de motoristas mais competente e preparado para as exig\u00eancias do mercado.<\/p>\n<p>A mobilidade urbana est\u00e1 intrinsecamente ligada \u00e0 forma\u00e7\u00e3o de motoristas. Quando esses profissionais s\u00e3o adequadamente treinados, n\u00e3o s\u00f3 aumentam sua capacidade de dirigir de maneira respons\u00e1vel, mas tamb\u00e9m contribuem para um sistema de transporte mais \u00e1gil e eficiente. Este ciclo positivo impacta n\u00e3o apenas as empresas, mas tamb\u00e9m os cidad\u00e3os, que se beneficiam de um tr\u00e2nsito menos congestionado e mais seguro.<\/p>\n<p>Por fim, o SEST SENAT continua a demonstrar seu compromisso com o fortalecimento do setor de transporte por meio da valoriza\u00e7\u00e3o da forma\u00e7\u00e3o profissional. Para aqueles que buscam informa\u00e7\u00f5es adicionais, recomenda-se visitar a unidade operacional mais pr\u00f3xima.<\/p>\n<p><strong>Fonte: SETCESP<\/strong><\/p>\n","protected":false},"excerpt":{"rendered":"<p>SEST SENAT Convoca 6 Mil Novos Candidatos do Programa Mais Motoristas \u2013 SETCESP Recentemente, o SEST SENAT anunciou a quarta convoca\u00e7\u00e3o do Edital n\u00ba 0001\/2025, liberando 6.056 novas vagas para a forma\u00e7\u00e3o de condutores profissionais. Este programa n\u00e3o apenas busca qualificar motoristas, mas tamb\u00e9m refor\u00e7a um compromisso maior com a seguran\u00e7a nas estradas e a &hellip;<\/p>\n","protected":false},"author":4,"featured_media":9119,"comment_status":"","ping_status":"open","sticky":false,"template":"","format":"standard","meta":{"footnotes":""},"categories":[62],"tags":[],"coauthors":[42],"class_list":["post-9118","post","type-post","status-publish","format-standard","has-post-thumbnail","hentry","category-logistica"],"yoast_head":"<!-- This site is optimized with the Yoast SEO Premium plugin v25.5 (Yoast SEO v27.4) - https:\/\/yoast.com\/product\/yoast-seo-premium-wordpress\/ -->\n<title>SEST SENAT chama 6 mil novos candidatos do programa Mais Motoristas - Motorista.com.br<\/title>\n<meta name=\"robots\" content=\"index, follow, max-snippet:-1, max-image-preview:large, max-video-preview:-1\" \/>\n<link rel=\"canonical\" href=\"https:\/\/motorista.com.br\/noticias\/2026\/04\/25\/sest-senat-chama-6-mil-novos-candidatos-do-programa-mais-motoristas\/\" \/>\n<meta property=\"og:locale\" content=\"pt_BR\" \/>\n<meta property=\"og:type\" content=\"article\" \/>\n<meta property=\"og:title\" content=\"SEST SENAT chama 6 mil novos candidatos do programa Mais Motoristas\" \/>\n<meta property=\"og:description\" content=\"SEST SENAT Convoca 6 Mil Novos Candidatos do Programa Mais Motoristas \u2013 SETCESP Recentemente, o SEST SENAT anunciou a quarta convoca\u00e7\u00e3o do Edital n\u00ba 0001\/2025, liberando 6.056 novas vagas para a forma\u00e7\u00e3o de condutores profissionais. Este programa n\u00e3o apenas busca qualificar motoristas, mas tamb\u00e9m refor\u00e7a um compromisso maior com a seguran\u00e7a nas estradas e a &hellip;\" \/>\n<meta property=\"og:url\" content=\"https:\/\/motorista.com.br\/noticias\/2026\/04\/25\/sest-senat-chama-6-mil-novos-candidatos-do-programa-mais-motoristas\/\" \/>\n<meta property=\"og:site_name\" content=\"Motorista.com.br\" \/>\n<meta property=\"article:published_time\" content=\"2026-04-25T03:34:29+00:00\" \/>\n<meta name=\"author\" content=\"Equipe Reda\u00e7\u00e3o\" \/>\n<meta name=\"twitter:card\" content=\"summary_large_image\" \/>\n<meta name=\"twitter:label1\" content=\"Escrito por\" \/>\n\t<meta name=\"twitter:data1\" content=\"Equipe Reda\u00e7\u00e3o\" \/>\n\t<meta name=\"twitter:label2\" content=\"Est. tempo de leitura\" \/>\n\t<meta name=\"twitter:data2\" content=\"2 minutos\" \/>\n\t<meta name=\"twitter:label3\" content=\"Written by\" \/>\n\t<meta name=\"twitter:data3\" content=\"Equipe Reda\u00e7\u00e3o\" \/>\n<script type=\"application\/ld+json\" class=\"yoast-schema-graph\">{\"@context\":\"https:\\\/\\\/schema.org\",\"@graph\":[{\"@type\":\"Article\",\"@id\":\"https:\\\/\\\/motorista.com.br\\\/noticias\\\/2026\\\/04\\\/25\\\/sest-senat-chama-6-mil-novos-candidatos-do-programa-mais-motoristas\\\/#article\",\"isPartOf\":{\"@id\":\"https:\\\/\\\/motorista.com.br\\\/noticias\\\/2026\\\/04\\\/25\\\/sest-senat-chama-6-mil-novos-candidatos-do-programa-mais-motoristas\\\/\"},\"author\":{\"name\":\"Equipe Reda\u00e7\u00e3o\",\"@id\":\"https:\\\/\\\/motorista.com.br\\\/noticias\\\/#\\\/schema\\\/person\\\/dc93afc2981c0e3ce6bc3c053fd847be\"},\"headline\":\"SEST SENAT chama 6 mil novos candidatos do programa Mais Motoristas\",\"datePublished\":\"2026-04-25T03:34:29+00:00\",\"mainEntityOfPage\":{\"@id\":\"https:\\\/\\\/motorista.com.br\\\/noticias\\\/2026\\\/04\\\/25\\\/sest-senat-chama-6-mil-novos-candidatos-do-programa-mais-motoristas\\\/\"},\"wordCount\":375,\"publisher\":{\"@id\":\"https:\\\/\\\/motorista.com.br\\\/noticias\\\/#organization\"},\"image\":{\"@id\":\"https:\\\/\\\/motorista.com.br\\\/noticias\\\/2026\\\/04\\\/25\\\/sest-senat-chama-6-mil-novos-candidatos-do-programa-mais-motoristas\\\/#primaryimage\"},\"thumbnailUrl\":\"https:\\\/\\\/motorista.com.br\\\/noticias\\\/wp-content\\\/uploads\\\/2026\\\/04\\\/0000000000-1024x512.png\",\"articleSection\":[\"Log\u00edstica\"],\"inLanguage\":\"pt-BR\"},{\"@type\":\"WebPage\",\"@id\":\"https:\\\/\\\/motorista.com.br\\\/noticias\\\/2026\\\/04\\\/25\\\/sest-senat-chama-6-mil-novos-candidatos-do-programa-mais-motoristas\\\/\",\"url\":\"https:\\\/\\\/motorista.com.br\\\/noticias\\\/2026\\\/04\\\/25\\\/sest-senat-chama-6-mil-novos-candidatos-do-programa-mais-motoristas\\\/\",\"name\":\"SEST SENAT chama 6 mil novos candidatos do programa Mais Motoristas - Motorista.com.br\",\"isPartOf\":{\"@id\":\"https:\\\/\\\/motorista.com.br\\\/noticias\\\/#website\"},\"primaryImageOfPage\":{\"@id\":\"https:\\\/\\\/motorista.com.br\\\/noticias\\\/2026\\\/04\\\/25\\\/sest-senat-chama-6-mil-novos-candidatos-do-programa-mais-motoristas\\\/#primaryimage\"},\"image\":{\"@id\":\"https:\\\/\\\/motorista.com.br\\\/noticias\\\/2026\\\/04\\\/25\\\/sest-senat-chama-6-mil-novos-candidatos-do-programa-mais-motoristas\\\/#primaryimage\"},\"thumbnailUrl\":\"https:\\\/\\\/motorista.com.br\\\/noticias\\\/wp-content\\\/uploads\\\/2026\\\/04\\\/0000000000-1024x512.png\",\"datePublished\":\"2026-04-25T03:34:29+00:00\",\"breadcrumb\":{\"@id\":\"https:\\\/\\\/motorista.com.br\\\/noticias\\\/2026\\\/04\\\/25\\\/sest-senat-chama-6-mil-novos-candidatos-do-programa-mais-motoristas\\\/#breadcrumb\"},\"inLanguage\":\"pt-BR\",\"potentialAction\":[{\"@type\":\"ReadAction\",\"target\":[\"https:\\\/\\\/motorista.com.br\\\/noticias\\\/2026\\\/04\\\/25\\\/sest-senat-chama-6-mil-novos-candidatos-do-programa-mais-motoristas\\\/\"]}]},{\"@type\":\"ImageObject\",\"inLanguage\":\"pt-BR\",\"@id\":\"https:\\\/\\\/motorista.com.br\\\/noticias\\\/2026\\\/04\\\/25\\\/sest-senat-chama-6-mil-novos-candidatos-do-programa-mais-motoristas\\\/#primaryimage\",\"url\":\"https:\\\/\\\/motorista.com.br\\\/noticias\\\/wp-content\\\/uploads\\\/2026\\\/04\\\/0000000000-1024x512.png\",\"contentUrl\":\"https:\\\/\\\/motorista.com.br\\\/noticias\\\/wp-content\\\/uploads\\\/2026\\\/04\\\/0000000000-1024x512.png\",\"width\":1024,\"height\":512},{\"@type\":\"BreadcrumbList\",\"@id\":\"https:\\\/\\\/motorista.com.br\\\/noticias\\\/2026\\\/04\\\/25\\\/sest-senat-chama-6-mil-novos-candidatos-do-programa-mais-motoristas\\\/#breadcrumb\",\"itemListElement\":[{\"@type\":\"ListItem\",\"position\":1,\"name\":\"In\u00edcio\",\"item\":\"https:\\\/\\\/motorista.com.br\\\/noticias\\\/\"},{\"@type\":\"ListItem\",\"position\":2,\"name\":\"SEST SENAT chama 6 mil novos candidatos do programa Mais Motoristas\"}]},{\"@type\":\"WebSite\",\"@id\":\"https:\\\/\\\/motorista.com.br\\\/noticias\\\/#website\",\"url\":\"https:\\\/\\\/motorista.com.br\\\/noticias\\\/\",\"name\":\"Motorista.com.br\",\"description\":\"Not\u00edcia do Motorista\",\"publisher\":{\"@id\":\"https:\\\/\\\/motorista.com.br\\\/noticias\\\/#organization\"},\"potentialAction\":[{\"@type\":\"SearchAction\",\"target\":{\"@type\":\"EntryPoint\",\"urlTemplate\":\"https:\\\/\\\/motorista.com.br\\\/noticias\\\/?s={search_term_string}\"},\"query-input\":{\"@type\":\"PropertyValueSpecification\",\"valueRequired\":true,\"valueName\":\"search_term_string\"}}],\"inLanguage\":\"pt-BR\"},{\"@type\":\"Organization\",\"@id\":\"https:\\\/\\\/motorista.com.br\\\/noticias\\\/#organization\",\"name\":\"Motorista.com.br\",\"url\":\"https:\\\/\\\/motorista.com.br\\\/noticias\\\/\",\"logo\":{\"@type\":\"ImageObject\",\"inLanguage\":\"pt-BR\",\"@id\":\"https:\\\/\\\/motorista.com.br\\\/noticias\\\/#\\\/schema\\\/logo\\\/image\\\/\",\"url\":\"https:\\\/\\\/motorista.com.br\\\/noticias\\\/wp-content\\\/uploads\\\/2025\\\/06\\\/Design-sem-nome-9.png\",\"contentUrl\":\"https:\\\/\\\/motorista.com.br\\\/noticias\\\/wp-content\\\/uploads\\\/2025\\\/06\\\/Design-sem-nome-9.png\",\"width\":150,\"height\":85,\"caption\":\"Motorista.com.br\"},\"image\":{\"@id\":\"https:\\\/\\\/motorista.com.br\\\/noticias\\\/#\\\/schema\\\/logo\\\/image\\\/\"}},{\"@type\":\"Person\",\"@id\":\"https:\\\/\\\/motorista.com.br\\\/noticias\\\/#\\\/schema\\\/person\\\/dc93afc2981c0e3ce6bc3c053fd847be\",\"name\":\"Equipe Reda\u00e7\u00e3o\",\"image\":{\"@type\":\"ImageObject\",\"inLanguage\":\"pt-BR\",\"@id\":\"https:\\\/\\\/secure.gravatar.com\\\/avatar\\\/4f525efbf18dd2bb300ccad28bfb99d95a9465a5ba268407c8c37b37e1f28d2d?s=96&d=mm&r=g9e099043a0c61e9ae27e293b9fa75ffc\",\"url\":\"https:\\\/\\\/secure.gravatar.com\\\/avatar\\\/4f525efbf18dd2bb300ccad28bfb99d95a9465a5ba268407c8c37b37e1f28d2d?s=96&d=mm&r=g\",\"contentUrl\":\"https:\\\/\\\/secure.gravatar.com\\\/avatar\\\/4f525efbf18dd2bb300ccad28bfb99d95a9465a5ba268407c8c37b37e1f28d2d?s=96&d=mm&r=g\",\"caption\":\"Equipe Reda\u00e7\u00e3o\"},\"description\":\"Equipe de reda\u00e7\u00e3o \u00e9 um grupo de profissionais que trabalham juntos para criar conte\u00fado escrito para Motorista.com.br\",\"url\":\"https:\\\/\\\/motorista.com.br\\\/noticias\\\/author\\\/equiperedacao\\\/\"}]}<\/script>\n<!-- \/ Yoast SEO Premium plugin. -->","yoast_head_json":{"title":"SEST SENAT chama 6 mil novos candidatos do programa Mais Motoristas - Motorista.com.br","robots":{"index":"index","follow":"follow","max-snippet":"max-snippet:-1","max-image-preview":"max-image-preview:large","max-video-preview":"max-video-preview:-1"},"canonical":"https:\/\/motorista.com.br\/noticias\/2026\/04\/25\/sest-senat-chama-6-mil-novos-candidatos-do-programa-mais-motoristas\/","og_locale":"pt_BR","og_type":"article","og_title":"SEST SENAT chama 6 mil novos candidatos do programa Mais Motoristas","og_description":"SEST SENAT Convoca 6 Mil Novos Candidatos do Programa Mais Motoristas \u2013 SETCESP Recentemente, o SEST SENAT anunciou a quarta convoca\u00e7\u00e3o do Edital n\u00ba 0001\/2025, liberando 6.056 novas vagas para a forma\u00e7\u00e3o de condutores profissionais. Este programa n\u00e3o apenas busca qualificar motoristas, mas tamb\u00e9m refor\u00e7a um compromisso maior com a seguran\u00e7a nas estradas e a &hellip;","og_url":"https:\/\/motorista.com.br\/noticias\/2026\/04\/25\/sest-senat-chama-6-mil-novos-candidatos-do-programa-mais-motoristas\/","og_site_name":"Motorista.com.br","article_published_time":"2026-04-25T03:34:29+00:00","author":"Equipe Reda\u00e7\u00e3o","twitter_card":"summary_large_image","twitter_misc":{"Escrito por":"Equipe Reda\u00e7\u00e3o","Est. tempo de leitura":"2 minutos","Written by":"Equipe Reda\u00e7\u00e3o"},"schema":{"@context":"https:\/\/schema.org","@graph":[{"@type":"Article","@id":"https:\/\/motorista.com.br\/noticias\/2026\/04\/25\/sest-senat-chama-6-mil-novos-candidatos-do-programa-mais-motoristas\/#article","isPartOf":{"@id":"https:\/\/motorista.com.br\/noticias\/2026\/04\/25\/sest-senat-chama-6-mil-novos-candidatos-do-programa-mais-motoristas\/"},"author":{"name":"Equipe Reda\u00e7\u00e3o","@id":"https:\/\/motorista.com.br\/noticias\/#\/schema\/person\/dc93afc2981c0e3ce6bc3c053fd847be"},"headline":"SEST SENAT chama 6 mil novos candidatos do programa Mais Motoristas","datePublished":"2026-04-25T03:34:29+00:00","mainEntityOfPage":{"@id":"https:\/\/motorista.com.br\/noticias\/2026\/04\/25\/sest-senat-chama-6-mil-novos-candidatos-do-programa-mais-motoristas\/"},"wordCount":375,"publisher":{"@id":"https:\/\/motorista.com.br\/noticias\/#organization"},"image":{"@id":"https:\/\/motorista.com.br\/noticias\/2026\/04\/25\/sest-senat-chama-6-mil-novos-candidatos-do-programa-mais-motoristas\/#primaryimage"},"thumbnailUrl":"https:\/\/motorista.com.br\/noticias\/wp-content\/uploads\/2026\/04\/0000000000-1024x512.png","articleSection":["Log\u00edstica"],"inLanguage":"pt-BR"},{"@type":"WebPage","@id":"https:\/\/motorista.com.br\/noticias\/2026\/04\/25\/sest-senat-chama-6-mil-novos-candidatos-do-programa-mais-motoristas\/","url":"https:\/\/motorista.com.br\/noticias\/2026\/04\/25\/sest-senat-chama-6-mil-novos-candidatos-do-programa-mais-motoristas\/","name":"SEST SENAT chama 6 mil novos candidatos do programa Mais Motoristas - Motorista.com.br","isPartOf":{"@id":"https:\/\/motorista.com.br\/noticias\/#website"},"primaryImageOfPage":{"@id":"https:\/\/motorista.com.br\/noticias\/2026\/04\/25\/sest-senat-chama-6-mil-novos-candidatos-do-programa-mais-motoristas\/#primaryimage"},"image":{"@id":"https:\/\/motorista.com.br\/noticias\/2026\/04\/25\/sest-senat-chama-6-mil-novos-candidatos-do-programa-mais-motoristas\/#primaryimage"},"thumbnailUrl":"https:\/\/motorista.com.br\/noticias\/wp-content\/uploads\/2026\/04\/0000000000-1024x512.png","datePublished":"2026-04-25T03:34:29+00:00","breadcrumb":{"@id":"https:\/\/motorista.com.br\/noticias\/2026\/04\/25\/sest-senat-chama-6-mil-novos-candidatos-do-programa-mais-motoristas\/#breadcrumb"},"inLanguage":"pt-BR","potentialAction":[{"@type":"ReadAction","target":["https:\/\/motorista.com.br\/noticias\/2026\/04\/25\/sest-senat-chama-6-mil-novos-candidatos-do-programa-mais-motoristas\/"]}]},{"@type":"ImageObject","inLanguage":"pt-BR","@id":"https:\/\/motorista.com.br\/noticias\/2026\/04\/25\/sest-senat-chama-6-mil-novos-candidatos-do-programa-mais-motoristas\/#primaryimage","url":"https:\/\/motorista.com.br\/noticias\/wp-content\/uploads\/2026\/04\/0000000000-1024x512.png","contentUrl":"https:\/\/motorista.com.br\/noticias\/wp-content\/uploads\/2026\/04\/0000000000-1024x512.png","width":1024,"height":512},{"@type":"BreadcrumbList","@id":"https:\/\/motorista.com.br\/noticias\/2026\/04\/25\/sest-senat-chama-6-mil-novos-candidatos-do-programa-mais-motoristas\/#breadcrumb","itemListElement":[{"@type":"ListItem","position":1,"name":"In\u00edcio","item":"https:\/\/motorista.com.br\/noticias\/"},{"@type":"ListItem","position":2,"name":"SEST SENAT chama 6 mil novos candidatos do programa Mais Motoristas"}]},{"@type":"WebSite","@id":"https:\/\/motorista.com.br\/noticias\/#website","url":"https:\/\/motorista.com.br\/noticias\/","name":"Motorista.com.br","description":"Not\u00edcia do Motorista","publisher":{"@id":"https:\/\/motorista.com.br\/noticias\/#organization"},"potentialAction":[{"@type":"SearchAction","target":{"@type":"EntryPoint","urlTemplate":"https:\/\/motorista.com.br\/noticias\/?s={search_term_string}"},"query-input":{"@type":"PropertyValueSpecification","valueRequired":true,"valueName":"search_term_string"}}],"inLanguage":"pt-BR"},{"@type":"Organization","@id":"https:\/\/motorista.com.br\/noticias\/#organization","name":"Motorista.com.br","url":"https:\/\/motorista.com.br\/noticias\/","logo":{"@type":"ImageObject","inLanguage":"pt-BR","@id":"https:\/\/motorista.com.br\/noticias\/#\/schema\/logo\/image\/","url":"https:\/\/motorista.com.br\/noticias\/wp-content\/uploads\/2025\/06\/Design-sem-nome-9.png","contentUrl":"https:\/\/motorista.com.br\/noticias\/wp-content\/uploads\/2025\/06\/Design-sem-nome-9.png","width":150,"height":85,"caption":"Motorista.com.br"},"image":{"@id":"https:\/\/motorista.com.br\/noticias\/#\/schema\/logo\/image\/"}},{"@type":"Person","@id":"https:\/\/motorista.com.br\/noticias\/#\/schema\/person\/dc93afc2981c0e3ce6bc3c053fd847be","name":"Equipe Reda\u00e7\u00e3o","image":{"@type":"ImageObject","inLanguage":"pt-BR","@id":"https:\/\/secure.gravatar.com\/avatar\/4f525efbf18dd2bb300ccad28bfb99d95a9465a5ba268407c8c37b37e1f28d2d?s=96&d=mm&r=g9e099043a0c61e9ae27e293b9fa75ffc","url":"https:\/\/secure.gravatar.com\/avatar\/4f525efbf18dd2bb300ccad28bfb99d95a9465a5ba268407c8c37b37e1f28d2d?s=96&d=mm&r=g","contentUrl":"https:\/\/secure.gravatar.com\/avatar\/4f525efbf18dd2bb300ccad28bfb99d95a9465a5ba268407c8c37b37e1f28d2d?s=96&d=mm&r=g","caption":"Equipe Reda\u00e7\u00e3o"},"description":"Equipe de reda\u00e7\u00e3o \u00e9 um grupo de profissionais que trabalham juntos para criar conte\u00fado escrito para Motorista.com.br","url":"https:\/\/motorista.com.br\/noticias\/author\/equiperedacao\/"}]}},"_links":{"self":[{"href":"https:\/\/motorista.com.br\/noticias\/wp-json\/wp\/v2\/posts\/9118","targetHints":{"allow":["GET"]}}],"collection":[{"href":"https:\/\/motorista.com.br\/noticias\/wp-json\/wp\/v2\/posts"}],"about":[{"href":"https:\/\/motorista.com.br\/noticias\/wp-json\/wp\/v2\/types\/post"}],"author":[{"embeddable":true,"href":"https:\/\/motorista.com.br\/noticias\/wp-json\/wp\/v2\/users\/4"}],"replies":[{"embeddable":true,"href":"https:\/\/motorista.com.br\/noticias\/wp-json\/wp\/v2\/comments?post=9118"}],"version-history":[{"count":0,"href":"https:\/\/motorista.com.br\/noticias\/wp-json\/wp\/v2\/posts\/9118\/revisions"}],"wp:featuredmedia":[{"embeddable":true,"href":"https:\/\/motorista.com.br\/noticias\/wp-json\/wp\/v2\/media\/9119"}],"wp:attachment":[{"href":"https:\/\/motorista.com.br\/noticias\/wp-json\/wp\/v2\/media?parent=9118"}],"wp:term":[{"taxonomy":"category","embeddable":true,"href":"https:\/\/motorista.com.br\/noticias\/wp-json\/wp\/v2\/categories?post=9118"},{"taxonomy":"post_tag","embeddable":true,"href":"https:\/\/motorista.com.br\/noticias\/wp-json\/wp\/v2\/tags?post=9118"},{"taxonomy":"author","embeddable":true,"href":"https:\/\/motorista.com.br\/noticias\/wp-json\/wp\/v2\/coauthors?post=9118"}],"curies":[{"name":"wp","href":"https:\/\/api.w.org\/{rel}","templated":true}]}}