{"id":7798,"date":"2026-03-16T17:52:12","date_gmt":"2026-03-16T20:52:12","guid":{"rendered":"https:\/\/motorista.com.br\/noticias\/2026\/03\/16\/furtos-de-cargas-alteram-cenario-do-crime-logistico-no-brasil\/"},"modified":"2026-03-16T17:52:12","modified_gmt":"2026-03-16T20:52:12","slug":"furtos-de-cargas-alteram-cenario-do-crime-logistico-no-brasil","status":"publish","type":"post","link":"https:\/\/motorista.com.br\/noticias\/2026\/03\/16\/furtos-de-cargas-alteram-cenario-do-crime-logistico-no-brasil\/","title":{"rendered":"Furtos de cargas alteram cen\u00e1rio do crime log\u00edstico no Brasil."},"content":{"rendered":"<p><\/p>\n<p><strong>Roubo de Cargas Muda Mapa do Crime Log\u00edstico no Brasil<\/strong><\/p>\n<p>Recentemente, um relat\u00f3rio da nstech revelou mudan\u00e7as significativas na distribui\u00e7\u00e3o geogr\u00e1fica dos roubos de carga no Brasil, trazendo \u00e0 tona quest\u00f5es importantes para motoristas e para a mobilidade geral no pa\u00eds. Em 2025, a participa\u00e7\u00e3o do Sudeste nos preju\u00edzos caiu de 83,2% para 68,1%. Apesar dessa queda, a regi\u00e3o permanece como a que mais concentra essas ocorr\u00eancias, refletindo a necessidade de um olhar atento por parte dos motoristas que atuam nesse importante eixo log\u00edstico.<\/p>\n<p>Por outro lado, o Nordeste consolidou-se como a segunda regi\u00e3o mais afetada, com um aumento sutil de 12,2% para 12,8%. O Norte, por sua vez, apresentou a maior mudan\u00e7a, saltando de 0,9% para 11,2%, passando a ocupar a terceira posi\u00e7\u00e3o no ranking. Esses dados evidenciam um deslocamento dos focos de criminalidade, exigindo que os motoristas se adaptem \u00e0s novas realidades e planejem suas rotas com mais cautela.<\/p>\n<p>As cargas fracionadas foram respons\u00e1veis por 47,4% dos preju\u00edzos no Sudeste em 2025, seguidas por cargas aliment\u00edcias, que totalizaram 27,1%. Esse cen\u00e1rio destaca uma diversifica\u00e7\u00e3o nos tipos de carga visados pelas quadrilhas, refletindo uma necessidade urgente de estrat\u00e9gias de seguran\u00e7a e monitoramento mais eficazes. Para os motoristas, isso significa que a conscientiza\u00e7\u00e3o sobre os tipos de carga que est\u00e3o transportando pode ser crucial para sua seguran\u00e7a e para evitar perdas financeiras.<\/p>\n<p>Al\u00e9m disso, o relat\u00f3rio indica uma crescente relev\u00e2ncia de produtos como eletr\u00f4nicos e medicamentos entre os alvos. Essa diversifica\u00e7\u00e3o n\u00e3o apenas altera o perfil das cargas, mas tamb\u00e9m imp\u00f5e desafios na log\u00edstica e no transporte, uma vez que aumenta a vulnerabilidade em diferentes pontos.<\/p>\n<p>Os impactos dessa mudan\u00e7a no mapa do crime log\u00edstico v\u00e3o al\u00e9m da seguran\u00e7a dos motoristas; eles influenciam diretamente a mobilidade geral. Um aumento nos roubos pode levar a interrup\u00e7\u00f5es nas rotas de entrega, atrasos na log\u00edstica e a necessidade de redirecionar o tr\u00e1fego, o que, por sua vez, eleva o custo operacional e pode prejudicar a efici\u00eancia do transporte de mercadorias.<\/p>\n<p>Em resumo, a mudan\u00e7a no cen\u00e1rio dos roubos de carga demanda uma resposta proativa n\u00e3o apenas dos motoristas, mas de toda a cadeia log\u00edstica. Uma abordagem mais segura e informada pode n\u00e3o s\u00f3 proteger os profissionais da estrada, mas tamb\u00e9m melhorar a mobilidade em todo o Brasil, garantindo que as mercadorias cheguem a seus destinos de forma segura e eficiente.<\/p>\n<p><strong>Fonte: Carta de Log\u00edstica<\/strong><\/p>\n","protected":false},"excerpt":{"rendered":"<p>Roubo de Cargas Muda Mapa do Crime Log\u00edstico no Brasil Recentemente, um relat\u00f3rio da nstech revelou mudan\u00e7as significativas na distribui\u00e7\u00e3o geogr\u00e1fica dos roubos de carga no Brasil, trazendo \u00e0 tona quest\u00f5es importantes para motoristas e para a mobilidade geral no pa\u00eds. Em 2025, a participa\u00e7\u00e3o do Sudeste nos preju\u00edzos caiu de 83,2% para 68,1%. Apesar &hellip;<\/p>\n","protected":false},"author":4,"featured_media":7799,"comment_status":"","ping_status":"open","sticky":false,"template":"","format":"standard","meta":{"footnotes":""},"categories":[62],"tags":[],"coauthors":[42],"class_list":["post-7798","post","type-post","status-publish","format-standard","has-post-thumbnail","hentry","category-logistica"],"yoast_head":"<!-- This site is optimized with the Yoast SEO Premium plugin v25.5 (Yoast SEO v27.5) - https:\/\/yoast.com\/product\/yoast-seo-premium-wordpress\/ -->\n<title>Furtos de cargas alteram cen\u00e1rio do crime log\u00edstico no Brasil. - Motorista.com.br<\/title>\n<meta name=\"robots\" content=\"index, follow, max-snippet:-1, max-image-preview:large, max-video-preview:-1\" \/>\n<link rel=\"canonical\" href=\"https:\/\/motorista.com.br\/noticias\/2026\/03\/16\/furtos-de-cargas-alteram-cenario-do-crime-logistico-no-brasil\/\" \/>\n<meta property=\"og:locale\" content=\"pt_BR\" \/>\n<meta property=\"og:type\" content=\"article\" \/>\n<meta property=\"og:title\" content=\"Furtos de cargas alteram cen\u00e1rio do crime log\u00edstico no Brasil.\" \/>\n<meta property=\"og:description\" content=\"Roubo de Cargas Muda Mapa do Crime Log\u00edstico no Brasil Recentemente, um relat\u00f3rio da nstech revelou mudan\u00e7as significativas na distribui\u00e7\u00e3o geogr\u00e1fica dos roubos de carga no Brasil, trazendo \u00e0 tona quest\u00f5es importantes para motoristas e para a mobilidade geral no pa\u00eds. Em 2025, a participa\u00e7\u00e3o do Sudeste nos preju\u00edzos caiu de 83,2% para 68,1%. Apesar &hellip;\" \/>\n<meta property=\"og:url\" content=\"https:\/\/motorista.com.br\/noticias\/2026\/03\/16\/furtos-de-cargas-alteram-cenario-do-crime-logistico-no-brasil\/\" \/>\n<meta property=\"og:site_name\" content=\"Motorista.com.br\" \/>\n<meta property=\"article:published_time\" content=\"2026-03-16T20:52:12+00:00\" \/>\n<meta name=\"author\" content=\"Equipe Reda\u00e7\u00e3o\" \/>\n<meta name=\"twitter:card\" content=\"summary_large_image\" \/>\n<meta name=\"twitter:label1\" content=\"Escrito por\" \/>\n\t<meta name=\"twitter:data1\" content=\"Equipe Reda\u00e7\u00e3o\" \/>\n\t<meta name=\"twitter:label2\" content=\"Est. tempo de leitura\" \/>\n\t<meta name=\"twitter:data2\" content=\"2 minutos\" \/>\n\t<meta name=\"twitter:label3\" content=\"Written by\" \/>\n\t<meta name=\"twitter:data3\" content=\"Equipe Reda\u00e7\u00e3o\" \/>\n<script type=\"application\/ld+json\" class=\"yoast-schema-graph\">{\"@context\":\"https:\\\/\\\/schema.org\",\"@graph\":[{\"@type\":\"Article\",\"@id\":\"https:\\\/\\\/motorista.com.br\\\/noticias\\\/2026\\\/03\\\/16\\\/furtos-de-cargas-alteram-cenario-do-crime-logistico-no-brasil\\\/#article\",\"isPartOf\":{\"@id\":\"https:\\\/\\\/motorista.com.br\\\/noticias\\\/2026\\\/03\\\/16\\\/furtos-de-cargas-alteram-cenario-do-crime-logistico-no-brasil\\\/\"},\"author\":{\"name\":\"Equipe Reda\u00e7\u00e3o\",\"@id\":\"https:\\\/\\\/motorista.com.br\\\/noticias\\\/#\\\/schema\\\/person\\\/dc93afc2981c0e3ce6bc3c053fd847be\"},\"headline\":\"Furtos de cargas alteram cen\u00e1rio do crime log\u00edstico no Brasil.\",\"datePublished\":\"2026-03-16T20:52:12+00:00\",\"mainEntityOfPage\":{\"@id\":\"https:\\\/\\\/motorista.com.br\\\/noticias\\\/2026\\\/03\\\/16\\\/furtos-de-cargas-alteram-cenario-do-crime-logistico-no-brasil\\\/\"},\"wordCount\":442,\"publisher\":{\"@id\":\"https:\\\/\\\/motorista.com.br\\\/noticias\\\/#organization\"},\"image\":{\"@id\":\"https:\\\/\\\/motorista.com.br\\\/noticias\\\/2026\\\/03\\\/16\\\/furtos-de-cargas-alteram-cenario-do-crime-logistico-no-brasil\\\/#primaryimage\"},\"thumbnailUrl\":\"https:\\\/\\\/motorista.com.br\\\/noticias\\\/wp-content\\\/uploads\\\/2026\\\/03\\\/ID-CL-1000-px-x-830-px-Roubo.png\",\"articleSection\":[\"Log\u00edstica\"],\"inLanguage\":\"pt-BR\"},{\"@type\":\"WebPage\",\"@id\":\"https:\\\/\\\/motorista.com.br\\\/noticias\\\/2026\\\/03\\\/16\\\/furtos-de-cargas-alteram-cenario-do-crime-logistico-no-brasil\\\/\",\"url\":\"https:\\\/\\\/motorista.com.br\\\/noticias\\\/2026\\\/03\\\/16\\\/furtos-de-cargas-alteram-cenario-do-crime-logistico-no-brasil\\\/\",\"name\":\"Furtos de cargas alteram cen\u00e1rio do crime log\u00edstico no Brasil. - Motorista.com.br\",\"isPartOf\":{\"@id\":\"https:\\\/\\\/motorista.com.br\\\/noticias\\\/#website\"},\"primaryImageOfPage\":{\"@id\":\"https:\\\/\\\/motorista.com.br\\\/noticias\\\/2026\\\/03\\\/16\\\/furtos-de-cargas-alteram-cenario-do-crime-logistico-no-brasil\\\/#primaryimage\"},\"image\":{\"@id\":\"https:\\\/\\\/motorista.com.br\\\/noticias\\\/2026\\\/03\\\/16\\\/furtos-de-cargas-alteram-cenario-do-crime-logistico-no-brasil\\\/#primaryimage\"},\"thumbnailUrl\":\"https:\\\/\\\/motorista.com.br\\\/noticias\\\/wp-content\\\/uploads\\\/2026\\\/03\\\/ID-CL-1000-px-x-830-px-Roubo.png\",\"datePublished\":\"2026-03-16T20:52:12+00:00\",\"breadcrumb\":{\"@id\":\"https:\\\/\\\/motorista.com.br\\\/noticias\\\/2026\\\/03\\\/16\\\/furtos-de-cargas-alteram-cenario-do-crime-logistico-no-brasil\\\/#breadcrumb\"},\"inLanguage\":\"pt-BR\",\"potentialAction\":[{\"@type\":\"ReadAction\",\"target\":[\"https:\\\/\\\/motorista.com.br\\\/noticias\\\/2026\\\/03\\\/16\\\/furtos-de-cargas-alteram-cenario-do-crime-logistico-no-brasil\\\/\"]}]},{\"@type\":\"ImageObject\",\"inLanguage\":\"pt-BR\",\"@id\":\"https:\\\/\\\/motorista.com.br\\\/noticias\\\/2026\\\/03\\\/16\\\/furtos-de-cargas-alteram-cenario-do-crime-logistico-no-brasil\\\/#primaryimage\",\"url\":\"https:\\\/\\\/motorista.com.br\\\/noticias\\\/wp-content\\\/uploads\\\/2026\\\/03\\\/ID-CL-1000-px-x-830-px-Roubo.png\",\"contentUrl\":\"https:\\\/\\\/motorista.com.br\\\/noticias\\\/wp-content\\\/uploads\\\/2026\\\/03\\\/ID-CL-1000-px-x-830-px-Roubo.png\",\"width\":1000,\"height\":821},{\"@type\":\"BreadcrumbList\",\"@id\":\"https:\\\/\\\/motorista.com.br\\\/noticias\\\/2026\\\/03\\\/16\\\/furtos-de-cargas-alteram-cenario-do-crime-logistico-no-brasil\\\/#breadcrumb\",\"itemListElement\":[{\"@type\":\"ListItem\",\"position\":1,\"name\":\"In\u00edcio\",\"item\":\"https:\\\/\\\/motorista.com.br\\\/noticias\\\/\"},{\"@type\":\"ListItem\",\"position\":2,\"name\":\"Furtos de cargas alteram cen\u00e1rio do crime log\u00edstico no Brasil.\"}]},{\"@type\":\"WebSite\",\"@id\":\"https:\\\/\\\/motorista.com.br\\\/noticias\\\/#website\",\"url\":\"https:\\\/\\\/motorista.com.br\\\/noticias\\\/\",\"name\":\"Motorista.com.br\",\"description\":\"Not\u00edcia do Motorista\",\"publisher\":{\"@id\":\"https:\\\/\\\/motorista.com.br\\\/noticias\\\/#organization\"},\"potentialAction\":[{\"@type\":\"SearchAction\",\"target\":{\"@type\":\"EntryPoint\",\"urlTemplate\":\"https:\\\/\\\/motorista.com.br\\\/noticias\\\/?s={search_term_string}\"},\"query-input\":{\"@type\":\"PropertyValueSpecification\",\"valueRequired\":true,\"valueName\":\"search_term_string\"}}],\"inLanguage\":\"pt-BR\"},{\"@type\":\"Organization\",\"@id\":\"https:\\\/\\\/motorista.com.br\\\/noticias\\\/#organization\",\"name\":\"Motorista.com.br\",\"url\":\"https:\\\/\\\/motorista.com.br\\\/noticias\\\/\",\"logo\":{\"@type\":\"ImageObject\",\"inLanguage\":\"pt-BR\",\"@id\":\"https:\\\/\\\/motorista.com.br\\\/noticias\\\/#\\\/schema\\\/logo\\\/image\\\/\",\"url\":\"https:\\\/\\\/motorista.com.br\\\/noticias\\\/wp-content\\\/uploads\\\/2025\\\/06\\\/Design-sem-nome-9.png\",\"contentUrl\":\"https:\\\/\\\/motorista.com.br\\\/noticias\\\/wp-content\\\/uploads\\\/2025\\\/06\\\/Design-sem-nome-9.png\",\"width\":150,\"height\":85,\"caption\":\"Motorista.com.br\"},\"image\":{\"@id\":\"https:\\\/\\\/motorista.com.br\\\/noticias\\\/#\\\/schema\\\/logo\\\/image\\\/\"}},{\"@type\":\"Person\",\"@id\":\"https:\\\/\\\/motorista.com.br\\\/noticias\\\/#\\\/schema\\\/person\\\/dc93afc2981c0e3ce6bc3c053fd847be\",\"name\":\"Equipe Reda\u00e7\u00e3o\",\"image\":{\"@type\":\"ImageObject\",\"inLanguage\":\"pt-BR\",\"@id\":\"https:\\\/\\\/secure.gravatar.com\\\/avatar\\\/4f525efbf18dd2bb300ccad28bfb99d95a9465a5ba268407c8c37b37e1f28d2d?s=96&d=mm&r=g9e099043a0c61e9ae27e293b9fa75ffc\",\"url\":\"https:\\\/\\\/secure.gravatar.com\\\/avatar\\\/4f525efbf18dd2bb300ccad28bfb99d95a9465a5ba268407c8c37b37e1f28d2d?s=96&d=mm&r=g\",\"contentUrl\":\"https:\\\/\\\/secure.gravatar.com\\\/avatar\\\/4f525efbf18dd2bb300ccad28bfb99d95a9465a5ba268407c8c37b37e1f28d2d?s=96&d=mm&r=g\",\"caption\":\"Equipe Reda\u00e7\u00e3o\"},\"description\":\"Equipe de reda\u00e7\u00e3o \u00e9 um grupo de profissionais que trabalham juntos para criar conte\u00fado escrito para Motorista.com.br\",\"url\":\"https:\\\/\\\/motorista.com.br\\\/noticias\\\/author\\\/equiperedacao\\\/\"}]}<\/script>\n<!-- \/ Yoast SEO Premium plugin. -->","yoast_head_json":{"title":"Furtos de cargas alteram cen\u00e1rio do crime log\u00edstico no Brasil. - Motorista.com.br","robots":{"index":"index","follow":"follow","max-snippet":"max-snippet:-1","max-image-preview":"max-image-preview:large","max-video-preview":"max-video-preview:-1"},"canonical":"https:\/\/motorista.com.br\/noticias\/2026\/03\/16\/furtos-de-cargas-alteram-cenario-do-crime-logistico-no-brasil\/","og_locale":"pt_BR","og_type":"article","og_title":"Furtos de cargas alteram cen\u00e1rio do crime log\u00edstico no Brasil.","og_description":"Roubo de Cargas Muda Mapa do Crime Log\u00edstico no Brasil Recentemente, um relat\u00f3rio da nstech revelou mudan\u00e7as significativas na distribui\u00e7\u00e3o geogr\u00e1fica dos roubos de carga no Brasil, trazendo \u00e0 tona quest\u00f5es importantes para motoristas e para a mobilidade geral no pa\u00eds. Em 2025, a participa\u00e7\u00e3o do Sudeste nos preju\u00edzos caiu de 83,2% para 68,1%. Apesar &hellip;","og_url":"https:\/\/motorista.com.br\/noticias\/2026\/03\/16\/furtos-de-cargas-alteram-cenario-do-crime-logistico-no-brasil\/","og_site_name":"Motorista.com.br","article_published_time":"2026-03-16T20:52:12+00:00","author":"Equipe Reda\u00e7\u00e3o","twitter_card":"summary_large_image","twitter_misc":{"Escrito por":"Equipe Reda\u00e7\u00e3o","Est. tempo de leitura":"2 minutos","Written by":"Equipe Reda\u00e7\u00e3o"},"schema":{"@context":"https:\/\/schema.org","@graph":[{"@type":"Article","@id":"https:\/\/motorista.com.br\/noticias\/2026\/03\/16\/furtos-de-cargas-alteram-cenario-do-crime-logistico-no-brasil\/#article","isPartOf":{"@id":"https:\/\/motorista.com.br\/noticias\/2026\/03\/16\/furtos-de-cargas-alteram-cenario-do-crime-logistico-no-brasil\/"},"author":{"name":"Equipe Reda\u00e7\u00e3o","@id":"https:\/\/motorista.com.br\/noticias\/#\/schema\/person\/dc93afc2981c0e3ce6bc3c053fd847be"},"headline":"Furtos de cargas alteram cen\u00e1rio do crime log\u00edstico no Brasil.","datePublished":"2026-03-16T20:52:12+00:00","mainEntityOfPage":{"@id":"https:\/\/motorista.com.br\/noticias\/2026\/03\/16\/furtos-de-cargas-alteram-cenario-do-crime-logistico-no-brasil\/"},"wordCount":442,"publisher":{"@id":"https:\/\/motorista.com.br\/noticias\/#organization"},"image":{"@id":"https:\/\/motorista.com.br\/noticias\/2026\/03\/16\/furtos-de-cargas-alteram-cenario-do-crime-logistico-no-brasil\/#primaryimage"},"thumbnailUrl":"https:\/\/motorista.com.br\/noticias\/wp-content\/uploads\/2026\/03\/ID-CL-1000-px-x-830-px-Roubo.png","articleSection":["Log\u00edstica"],"inLanguage":"pt-BR"},{"@type":"WebPage","@id":"https:\/\/motorista.com.br\/noticias\/2026\/03\/16\/furtos-de-cargas-alteram-cenario-do-crime-logistico-no-brasil\/","url":"https:\/\/motorista.com.br\/noticias\/2026\/03\/16\/furtos-de-cargas-alteram-cenario-do-crime-logistico-no-brasil\/","name":"Furtos de cargas alteram cen\u00e1rio do crime log\u00edstico no Brasil. - Motorista.com.br","isPartOf":{"@id":"https:\/\/motorista.com.br\/noticias\/#website"},"primaryImageOfPage":{"@id":"https:\/\/motorista.com.br\/noticias\/2026\/03\/16\/furtos-de-cargas-alteram-cenario-do-crime-logistico-no-brasil\/#primaryimage"},"image":{"@id":"https:\/\/motorista.com.br\/noticias\/2026\/03\/16\/furtos-de-cargas-alteram-cenario-do-crime-logistico-no-brasil\/#primaryimage"},"thumbnailUrl":"https:\/\/motorista.com.br\/noticias\/wp-content\/uploads\/2026\/03\/ID-CL-1000-px-x-830-px-Roubo.png","datePublished":"2026-03-16T20:52:12+00:00","breadcrumb":{"@id":"https:\/\/motorista.com.br\/noticias\/2026\/03\/16\/furtos-de-cargas-alteram-cenario-do-crime-logistico-no-brasil\/#breadcrumb"},"inLanguage":"pt-BR","potentialAction":[{"@type":"ReadAction","target":["https:\/\/motorista.com.br\/noticias\/2026\/03\/16\/furtos-de-cargas-alteram-cenario-do-crime-logistico-no-brasil\/"]}]},{"@type":"ImageObject","inLanguage":"pt-BR","@id":"https:\/\/motorista.com.br\/noticias\/2026\/03\/16\/furtos-de-cargas-alteram-cenario-do-crime-logistico-no-brasil\/#primaryimage","url":"https:\/\/motorista.com.br\/noticias\/wp-content\/uploads\/2026\/03\/ID-CL-1000-px-x-830-px-Roubo.png","contentUrl":"https:\/\/motorista.com.br\/noticias\/wp-content\/uploads\/2026\/03\/ID-CL-1000-px-x-830-px-Roubo.png","width":1000,"height":821},{"@type":"BreadcrumbList","@id":"https:\/\/motorista.com.br\/noticias\/2026\/03\/16\/furtos-de-cargas-alteram-cenario-do-crime-logistico-no-brasil\/#breadcrumb","itemListElement":[{"@type":"ListItem","position":1,"name":"In\u00edcio","item":"https:\/\/motorista.com.br\/noticias\/"},{"@type":"ListItem","position":2,"name":"Furtos de cargas alteram cen\u00e1rio do crime log\u00edstico no Brasil."}]},{"@type":"WebSite","@id":"https:\/\/motorista.com.br\/noticias\/#website","url":"https:\/\/motorista.com.br\/noticias\/","name":"Motorista.com.br","description":"Not\u00edcia do Motorista","publisher":{"@id":"https:\/\/motorista.com.br\/noticias\/#organization"},"potentialAction":[{"@type":"SearchAction","target":{"@type":"EntryPoint","urlTemplate":"https:\/\/motorista.com.br\/noticias\/?s={search_term_string}"},"query-input":{"@type":"PropertyValueSpecification","valueRequired":true,"valueName":"search_term_string"}}],"inLanguage":"pt-BR"},{"@type":"Organization","@id":"https:\/\/motorista.com.br\/noticias\/#organization","name":"Motorista.com.br","url":"https:\/\/motorista.com.br\/noticias\/","logo":{"@type":"ImageObject","inLanguage":"pt-BR","@id":"https:\/\/motorista.com.br\/noticias\/#\/schema\/logo\/image\/","url":"https:\/\/motorista.com.br\/noticias\/wp-content\/uploads\/2025\/06\/Design-sem-nome-9.png","contentUrl":"https:\/\/motorista.com.br\/noticias\/wp-content\/uploads\/2025\/06\/Design-sem-nome-9.png","width":150,"height":85,"caption":"Motorista.com.br"},"image":{"@id":"https:\/\/motorista.com.br\/noticias\/#\/schema\/logo\/image\/"}},{"@type":"Person","@id":"https:\/\/motorista.com.br\/noticias\/#\/schema\/person\/dc93afc2981c0e3ce6bc3c053fd847be","name":"Equipe Reda\u00e7\u00e3o","image":{"@type":"ImageObject","inLanguage":"pt-BR","@id":"https:\/\/secure.gravatar.com\/avatar\/4f525efbf18dd2bb300ccad28bfb99d95a9465a5ba268407c8c37b37e1f28d2d?s=96&d=mm&r=g9e099043a0c61e9ae27e293b9fa75ffc","url":"https:\/\/secure.gravatar.com\/avatar\/4f525efbf18dd2bb300ccad28bfb99d95a9465a5ba268407c8c37b37e1f28d2d?s=96&d=mm&r=g","contentUrl":"https:\/\/secure.gravatar.com\/avatar\/4f525efbf18dd2bb300ccad28bfb99d95a9465a5ba268407c8c37b37e1f28d2d?s=96&d=mm&r=g","caption":"Equipe Reda\u00e7\u00e3o"},"description":"Equipe de reda\u00e7\u00e3o \u00e9 um grupo de profissionais que trabalham juntos para criar conte\u00fado escrito para Motorista.com.br","url":"https:\/\/motorista.com.br\/noticias\/author\/equiperedacao\/"}]}},"_links":{"self":[{"href":"https:\/\/motorista.com.br\/noticias\/wp-json\/wp\/v2\/posts\/7798","targetHints":{"allow":["GET"]}}],"collection":[{"href":"https:\/\/motorista.com.br\/noticias\/wp-json\/wp\/v2\/posts"}],"about":[{"href":"https:\/\/motorista.com.br\/noticias\/wp-json\/wp\/v2\/types\/post"}],"author":[{"embeddable":true,"href":"https:\/\/motorista.com.br\/noticias\/wp-json\/wp\/v2\/users\/4"}],"replies":[{"embeddable":true,"href":"https:\/\/motorista.com.br\/noticias\/wp-json\/wp\/v2\/comments?post=7798"}],"version-history":[{"count":0,"href":"https:\/\/motorista.com.br\/noticias\/wp-json\/wp\/v2\/posts\/7798\/revisions"}],"wp:featuredmedia":[{"embeddable":true,"href":"https:\/\/motorista.com.br\/noticias\/wp-json\/wp\/v2\/media\/7799"}],"wp:attachment":[{"href":"https:\/\/motorista.com.br\/noticias\/wp-json\/wp\/v2\/media?parent=7798"}],"wp:term":[{"taxonomy":"category","embeddable":true,"href":"https:\/\/motorista.com.br\/noticias\/wp-json\/wp\/v2\/categories?post=7798"},{"taxonomy":"post_tag","embeddable":true,"href":"https:\/\/motorista.com.br\/noticias\/wp-json\/wp\/v2\/tags?post=7798"},{"taxonomy":"author","embeddable":true,"href":"https:\/\/motorista.com.br\/noticias\/wp-json\/wp\/v2\/coauthors?post=7798"}],"curies":[{"name":"wp","href":"https:\/\/api.w.org\/{rel}","templated":true}]}}