{"id":7792,"date":"2026-03-16T16:45:47","date_gmt":"2026-03-16T19:45:47","guid":{"rendered":"https:\/\/motorista.com.br\/noticias\/2026\/03\/16\/advogados-ocupam-novos-papeis-em-escritorios-e-empresas\/"},"modified":"2026-03-16T16:45:47","modified_gmt":"2026-03-16T19:45:47","slug":"advogados-ocupam-novos-papeis-em-escritorios-e-empresas","status":"publish","type":"post","link":"https:\/\/motorista.com.br\/noticias\/2026\/03\/16\/advogados-ocupam-novos-papeis-em-escritorios-e-empresas\/","title":{"rendered":"Advogados ocupam novos pap\u00e9is em escrit\u00f3rios e empresas."},"content":{"rendered":"<p><\/p>\n<h2>Advogados Assumem Novos Cargos em Empresas e Escrit\u00f3rios de Advocacia<\/h2>\n<p>Recentemente, o mercado jur\u00eddico viu movimenta\u00e7\u00f5es significativas com a ascens\u00e3o de novos profissionais a cargos relevantes. A seguir, destacamos alguns profissionais e seus novos desafios.<\/p>\n<p><strong>Larissa Mohr<\/strong> agora \u00e9 Sr. Tax Litigation Analyst no Electrolux Group. Com uma s\u00f3lida forma\u00e7\u00e3o em Direito Tribut\u00e1rio Empresarial e Contabilidade, ela traz um olhar estrat\u00e9gico para a gest\u00e3o tribut\u00e1ria, fundamental para o posicionamento das empresas no mercado atual. Essa fun\u00e7\u00e3o n\u00e3o s\u00f3 enriquece seu curr\u00edculo, mas tamb\u00e9m proporciona uma oportunidade de impactar diretamente a efici\u00eancia tribut\u00e1ria da empresa, beneficiando consumidores com melhores pre\u00e7os e servi\u00e7os.<\/p>\n<p><strong>Maria Catharina Leopoldo Alto\u00e9<\/strong> assumiu a advocacia no Loria Advogados. Como graduada pela respeitada Faculdade de Direito da USP, seu ingresso traz a capacidade de atender a demandas complexas, contribuindo para solu\u00e7\u00f5es que podem ajudar na migra\u00e7\u00e3o para um cen\u00e1rio jur\u00eddico mais eficiente e acess\u00edvel.<\/p>\n<p><strong>Jadson Medeiros<\/strong>, agora no Martinelli Advogados, expressou seu compromisso em aprofundar conhecimentos t\u00e9cnicos, especialmente em tributos indiretos e na Reforma Tribut\u00e1ria do Consumo. Sua atua\u00e7\u00e3o pode gerar um impacto significativo na forma como as empresas lidam com a tributa\u00e7\u00e3o, influenciando n\u00e3o apenas a sa\u00fade financeira das corpora\u00e7\u00f5es, mas tamb\u00e9m, consequentemente, a economia local e a mobilidade de recursos no mercado.<\/p>\n<p><strong>Flavio Machado<\/strong> come\u00e7a sua nova jornada como Associate na Alvarez &amp; Marsal. Com sua experi\u00eancia, ser\u00e1 poss\u00edvel contribuir para a melhoria das pr\u00e1ticas de gest\u00e3o e compliance em v\u00e1rias organiza\u00e7\u00f5es, que, por sua vez, podem levar a um ambiente mais transparente e \u00e1gil no setor jur\u00eddico.<\/p>\n<p>Essas transi\u00e7\u00f5es no ambiente jur\u00eddico n\u00e3o apenas refletem um crescimento profissional, mas tamb\u00e9m t\u00eam um papel essencial na mobilidade geral do mercado. Advogados em posi\u00e7\u00f5es estrat\u00e9gicas podem facilitar o fluxo de informa\u00e7\u00f5es e servi\u00e7os, promovendo um contexto onde as empresas t\u00eam mais recursos para inovar e se adaptar \u00e0s demandas do consumidor modernizado. Essa intera\u00e7\u00e3o entre os direitos e deveres pode resultar em uma mobilidade mais eficiente, beneficiando todos os envolvidos.<\/p>\n<p>A ascens\u00e3o desses advogados ilustra como o setor jur\u00eddico continua a se adaptar e evoluir, respondendo \u00e0s exig\u00eancias de um mercado din\u00e2mico e em constante transforma\u00e7\u00e3o.<\/p>\n<p><strong>Fonte:<\/strong> reforma tributaria<\/p>\n","protected":false},"excerpt":{"rendered":"<p>Advogados Assumem Novos Cargos em Empresas e Escrit\u00f3rios de Advocacia Recentemente, o mercado jur\u00eddico viu movimenta\u00e7\u00f5es significativas com a ascens\u00e3o de novos profissionais a cargos relevantes. A seguir, destacamos alguns profissionais e seus novos desafios. Larissa Mohr agora \u00e9 Sr. Tax Litigation Analyst no Electrolux Group. Com uma s\u00f3lida forma\u00e7\u00e3o em Direito Tribut\u00e1rio Empresarial e &hellip;<\/p>\n","protected":false},"author":4,"featured_media":7793,"comment_status":"","ping_status":"open","sticky":false,"template":"","format":"standard","meta":{"footnotes":""},"categories":[35],"tags":[],"coauthors":[42],"class_list":["post-7792","post","type-post","status-publish","format-standard","has-post-thumbnail","hentry","category-legislacao"],"yoast_head":"<!-- This site is optimized with the Yoast SEO Premium plugin v25.5 (Yoast SEO v27.5) - https:\/\/yoast.com\/product\/yoast-seo-premium-wordpress\/ -->\n<title>Advogados ocupam novos pap\u00e9is em escrit\u00f3rios e empresas. - Motorista.com.br<\/title>\n<meta name=\"robots\" content=\"index, follow, max-snippet:-1, max-image-preview:large, max-video-preview:-1\" \/>\n<link rel=\"canonical\" href=\"https:\/\/motorista.com.br\/noticias\/2026\/03\/16\/advogados-ocupam-novos-papeis-em-escritorios-e-empresas\/\" \/>\n<meta property=\"og:locale\" content=\"pt_BR\" \/>\n<meta property=\"og:type\" content=\"article\" \/>\n<meta property=\"og:title\" content=\"Advogados ocupam novos pap\u00e9is em escrit\u00f3rios e empresas.\" \/>\n<meta property=\"og:description\" content=\"Advogados Assumem Novos Cargos em Empresas e Escrit\u00f3rios de Advocacia Recentemente, o mercado jur\u00eddico viu movimenta\u00e7\u00f5es significativas com a ascens\u00e3o de novos profissionais a cargos relevantes. A seguir, destacamos alguns profissionais e seus novos desafios. Larissa Mohr agora \u00e9 Sr. Tax Litigation Analyst no Electrolux Group. Com uma s\u00f3lida forma\u00e7\u00e3o em Direito Tribut\u00e1rio Empresarial e &hellip;\" \/>\n<meta property=\"og:url\" content=\"https:\/\/motorista.com.br\/noticias\/2026\/03\/16\/advogados-ocupam-novos-papeis-em-escritorios-e-empresas\/\" \/>\n<meta property=\"og:site_name\" content=\"Motorista.com.br\" \/>\n<meta property=\"article:published_time\" content=\"2026-03-16T19:45:47+00:00\" \/>\n<meta name=\"author\" content=\"Equipe Reda\u00e7\u00e3o\" \/>\n<meta name=\"twitter:card\" content=\"summary_large_image\" \/>\n<meta name=\"twitter:label1\" content=\"Escrito por\" \/>\n\t<meta name=\"twitter:data1\" content=\"Equipe Reda\u00e7\u00e3o\" \/>\n\t<meta name=\"twitter:label2\" content=\"Est. tempo de leitura\" \/>\n\t<meta name=\"twitter:data2\" content=\"2 minutos\" \/>\n\t<meta name=\"twitter:label3\" content=\"Written by\" \/>\n\t<meta name=\"twitter:data3\" content=\"Equipe Reda\u00e7\u00e3o\" \/>\n<script type=\"application\/ld+json\" class=\"yoast-schema-graph\">{\"@context\":\"https:\\\/\\\/schema.org\",\"@graph\":[{\"@type\":\"Article\",\"@id\":\"https:\\\/\\\/motorista.com.br\\\/noticias\\\/2026\\\/03\\\/16\\\/advogados-ocupam-novos-papeis-em-escritorios-e-empresas\\\/#article\",\"isPartOf\":{\"@id\":\"https:\\\/\\\/motorista.com.br\\\/noticias\\\/2026\\\/03\\\/16\\\/advogados-ocupam-novos-papeis-em-escritorios-e-empresas\\\/\"},\"author\":{\"name\":\"Equipe Reda\u00e7\u00e3o\",\"@id\":\"https:\\\/\\\/motorista.com.br\\\/noticias\\\/#\\\/schema\\\/person\\\/dc93afc2981c0e3ce6bc3c053fd847be\"},\"headline\":\"Advogados ocupam novos pap\u00e9is em escrit\u00f3rios e empresas.\",\"datePublished\":\"2026-03-16T19:45:47+00:00\",\"mainEntityOfPage\":{\"@id\":\"https:\\\/\\\/motorista.com.br\\\/noticias\\\/2026\\\/03\\\/16\\\/advogados-ocupam-novos-papeis-em-escritorios-e-empresas\\\/\"},\"wordCount\":416,\"publisher\":{\"@id\":\"https:\\\/\\\/motorista.com.br\\\/noticias\\\/#organization\"},\"image\":{\"@id\":\"https:\\\/\\\/motorista.com.br\\\/noticias\\\/2026\\\/03\\\/16\\\/advogados-ocupam-novos-papeis-em-escritorios-e-empresas\\\/#primaryimage\"},\"thumbnailUrl\":\"https:\\\/\\\/motorista.com.br\\\/noticias\\\/wp-content\\\/uploads\\\/2026\\\/03\\\/como-anda-o-mercado-1.jpg\",\"articleSection\":[\"Legisla\u00e7\u00e3o\"],\"inLanguage\":\"pt-BR\"},{\"@type\":\"WebPage\",\"@id\":\"https:\\\/\\\/motorista.com.br\\\/noticias\\\/2026\\\/03\\\/16\\\/advogados-ocupam-novos-papeis-em-escritorios-e-empresas\\\/\",\"url\":\"https:\\\/\\\/motorista.com.br\\\/noticias\\\/2026\\\/03\\\/16\\\/advogados-ocupam-novos-papeis-em-escritorios-e-empresas\\\/\",\"name\":\"Advogados ocupam novos pap\u00e9is em escrit\u00f3rios e empresas. - Motorista.com.br\",\"isPartOf\":{\"@id\":\"https:\\\/\\\/motorista.com.br\\\/noticias\\\/#website\"},\"primaryImageOfPage\":{\"@id\":\"https:\\\/\\\/motorista.com.br\\\/noticias\\\/2026\\\/03\\\/16\\\/advogados-ocupam-novos-papeis-em-escritorios-e-empresas\\\/#primaryimage\"},\"image\":{\"@id\":\"https:\\\/\\\/motorista.com.br\\\/noticias\\\/2026\\\/03\\\/16\\\/advogados-ocupam-novos-papeis-em-escritorios-e-empresas\\\/#primaryimage\"},\"thumbnailUrl\":\"https:\\\/\\\/motorista.com.br\\\/noticias\\\/wp-content\\\/uploads\\\/2026\\\/03\\\/como-anda-o-mercado-1.jpg\",\"datePublished\":\"2026-03-16T19:45:47+00:00\",\"breadcrumb\":{\"@id\":\"https:\\\/\\\/motorista.com.br\\\/noticias\\\/2026\\\/03\\\/16\\\/advogados-ocupam-novos-papeis-em-escritorios-e-empresas\\\/#breadcrumb\"},\"inLanguage\":\"pt-BR\",\"potentialAction\":[{\"@type\":\"ReadAction\",\"target\":[\"https:\\\/\\\/motorista.com.br\\\/noticias\\\/2026\\\/03\\\/16\\\/advogados-ocupam-novos-papeis-em-escritorios-e-empresas\\\/\"]}]},{\"@type\":\"ImageObject\",\"inLanguage\":\"pt-BR\",\"@id\":\"https:\\\/\\\/motorista.com.br\\\/noticias\\\/2026\\\/03\\\/16\\\/advogados-ocupam-novos-papeis-em-escritorios-e-empresas\\\/#primaryimage\",\"url\":\"https:\\\/\\\/motorista.com.br\\\/noticias\\\/wp-content\\\/uploads\\\/2026\\\/03\\\/como-anda-o-mercado-1.jpg\",\"contentUrl\":\"https:\\\/\\\/motorista.com.br\\\/noticias\\\/wp-content\\\/uploads\\\/2026\\\/03\\\/como-anda-o-mercado-1.jpg\",\"width\":1920,\"height\":1080},{\"@type\":\"BreadcrumbList\",\"@id\":\"https:\\\/\\\/motorista.com.br\\\/noticias\\\/2026\\\/03\\\/16\\\/advogados-ocupam-novos-papeis-em-escritorios-e-empresas\\\/#breadcrumb\",\"itemListElement\":[{\"@type\":\"ListItem\",\"position\":1,\"name\":\"In\u00edcio\",\"item\":\"https:\\\/\\\/motorista.com.br\\\/noticias\\\/\"},{\"@type\":\"ListItem\",\"position\":2,\"name\":\"Advogados ocupam novos pap\u00e9is em escrit\u00f3rios e empresas.\"}]},{\"@type\":\"WebSite\",\"@id\":\"https:\\\/\\\/motorista.com.br\\\/noticias\\\/#website\",\"url\":\"https:\\\/\\\/motorista.com.br\\\/noticias\\\/\",\"name\":\"Motorista.com.br\",\"description\":\"Not\u00edcia do Motorista\",\"publisher\":{\"@id\":\"https:\\\/\\\/motorista.com.br\\\/noticias\\\/#organization\"},\"potentialAction\":[{\"@type\":\"SearchAction\",\"target\":{\"@type\":\"EntryPoint\",\"urlTemplate\":\"https:\\\/\\\/motorista.com.br\\\/noticias\\\/?s={search_term_string}\"},\"query-input\":{\"@type\":\"PropertyValueSpecification\",\"valueRequired\":true,\"valueName\":\"search_term_string\"}}],\"inLanguage\":\"pt-BR\"},{\"@type\":\"Organization\",\"@id\":\"https:\\\/\\\/motorista.com.br\\\/noticias\\\/#organization\",\"name\":\"Motorista.com.br\",\"url\":\"https:\\\/\\\/motorista.com.br\\\/noticias\\\/\",\"logo\":{\"@type\":\"ImageObject\",\"inLanguage\":\"pt-BR\",\"@id\":\"https:\\\/\\\/motorista.com.br\\\/noticias\\\/#\\\/schema\\\/logo\\\/image\\\/\",\"url\":\"https:\\\/\\\/motorista.com.br\\\/noticias\\\/wp-content\\\/uploads\\\/2025\\\/06\\\/Design-sem-nome-9.png\",\"contentUrl\":\"https:\\\/\\\/motorista.com.br\\\/noticias\\\/wp-content\\\/uploads\\\/2025\\\/06\\\/Design-sem-nome-9.png\",\"width\":150,\"height\":85,\"caption\":\"Motorista.com.br\"},\"image\":{\"@id\":\"https:\\\/\\\/motorista.com.br\\\/noticias\\\/#\\\/schema\\\/logo\\\/image\\\/\"}},{\"@type\":\"Person\",\"@id\":\"https:\\\/\\\/motorista.com.br\\\/noticias\\\/#\\\/schema\\\/person\\\/dc93afc2981c0e3ce6bc3c053fd847be\",\"name\":\"Equipe Reda\u00e7\u00e3o\",\"image\":{\"@type\":\"ImageObject\",\"inLanguage\":\"pt-BR\",\"@id\":\"https:\\\/\\\/secure.gravatar.com\\\/avatar\\\/4f525efbf18dd2bb300ccad28bfb99d95a9465a5ba268407c8c37b37e1f28d2d?s=96&d=mm&r=g9e099043a0c61e9ae27e293b9fa75ffc\",\"url\":\"https:\\\/\\\/secure.gravatar.com\\\/avatar\\\/4f525efbf18dd2bb300ccad28bfb99d95a9465a5ba268407c8c37b37e1f28d2d?s=96&d=mm&r=g\",\"contentUrl\":\"https:\\\/\\\/secure.gravatar.com\\\/avatar\\\/4f525efbf18dd2bb300ccad28bfb99d95a9465a5ba268407c8c37b37e1f28d2d?s=96&d=mm&r=g\",\"caption\":\"Equipe Reda\u00e7\u00e3o\"},\"description\":\"Equipe de reda\u00e7\u00e3o \u00e9 um grupo de profissionais que trabalham juntos para criar conte\u00fado escrito para Motorista.com.br\",\"url\":\"https:\\\/\\\/motorista.com.br\\\/noticias\\\/author\\\/equiperedacao\\\/\"}]}<\/script>\n<!-- \/ Yoast SEO Premium plugin. -->","yoast_head_json":{"title":"Advogados ocupam novos pap\u00e9is em escrit\u00f3rios e empresas. - Motorista.com.br","robots":{"index":"index","follow":"follow","max-snippet":"max-snippet:-1","max-image-preview":"max-image-preview:large","max-video-preview":"max-video-preview:-1"},"canonical":"https:\/\/motorista.com.br\/noticias\/2026\/03\/16\/advogados-ocupam-novos-papeis-em-escritorios-e-empresas\/","og_locale":"pt_BR","og_type":"article","og_title":"Advogados ocupam novos pap\u00e9is em escrit\u00f3rios e empresas.","og_description":"Advogados Assumem Novos Cargos em Empresas e Escrit\u00f3rios de Advocacia Recentemente, o mercado jur\u00eddico viu movimenta\u00e7\u00f5es significativas com a ascens\u00e3o de novos profissionais a cargos relevantes. A seguir, destacamos alguns profissionais e seus novos desafios. Larissa Mohr agora \u00e9 Sr. Tax Litigation Analyst no Electrolux Group. Com uma s\u00f3lida forma\u00e7\u00e3o em Direito Tribut\u00e1rio Empresarial e &hellip;","og_url":"https:\/\/motorista.com.br\/noticias\/2026\/03\/16\/advogados-ocupam-novos-papeis-em-escritorios-e-empresas\/","og_site_name":"Motorista.com.br","article_published_time":"2026-03-16T19:45:47+00:00","author":"Equipe Reda\u00e7\u00e3o","twitter_card":"summary_large_image","twitter_misc":{"Escrito por":"Equipe Reda\u00e7\u00e3o","Est. tempo de leitura":"2 minutos","Written by":"Equipe Reda\u00e7\u00e3o"},"schema":{"@context":"https:\/\/schema.org","@graph":[{"@type":"Article","@id":"https:\/\/motorista.com.br\/noticias\/2026\/03\/16\/advogados-ocupam-novos-papeis-em-escritorios-e-empresas\/#article","isPartOf":{"@id":"https:\/\/motorista.com.br\/noticias\/2026\/03\/16\/advogados-ocupam-novos-papeis-em-escritorios-e-empresas\/"},"author":{"name":"Equipe Reda\u00e7\u00e3o","@id":"https:\/\/motorista.com.br\/noticias\/#\/schema\/person\/dc93afc2981c0e3ce6bc3c053fd847be"},"headline":"Advogados ocupam novos pap\u00e9is em escrit\u00f3rios e empresas.","datePublished":"2026-03-16T19:45:47+00:00","mainEntityOfPage":{"@id":"https:\/\/motorista.com.br\/noticias\/2026\/03\/16\/advogados-ocupam-novos-papeis-em-escritorios-e-empresas\/"},"wordCount":416,"publisher":{"@id":"https:\/\/motorista.com.br\/noticias\/#organization"},"image":{"@id":"https:\/\/motorista.com.br\/noticias\/2026\/03\/16\/advogados-ocupam-novos-papeis-em-escritorios-e-empresas\/#primaryimage"},"thumbnailUrl":"https:\/\/motorista.com.br\/noticias\/wp-content\/uploads\/2026\/03\/como-anda-o-mercado-1.jpg","articleSection":["Legisla\u00e7\u00e3o"],"inLanguage":"pt-BR"},{"@type":"WebPage","@id":"https:\/\/motorista.com.br\/noticias\/2026\/03\/16\/advogados-ocupam-novos-papeis-em-escritorios-e-empresas\/","url":"https:\/\/motorista.com.br\/noticias\/2026\/03\/16\/advogados-ocupam-novos-papeis-em-escritorios-e-empresas\/","name":"Advogados ocupam novos pap\u00e9is em escrit\u00f3rios e empresas. - Motorista.com.br","isPartOf":{"@id":"https:\/\/motorista.com.br\/noticias\/#website"},"primaryImageOfPage":{"@id":"https:\/\/motorista.com.br\/noticias\/2026\/03\/16\/advogados-ocupam-novos-papeis-em-escritorios-e-empresas\/#primaryimage"},"image":{"@id":"https:\/\/motorista.com.br\/noticias\/2026\/03\/16\/advogados-ocupam-novos-papeis-em-escritorios-e-empresas\/#primaryimage"},"thumbnailUrl":"https:\/\/motorista.com.br\/noticias\/wp-content\/uploads\/2026\/03\/como-anda-o-mercado-1.jpg","datePublished":"2026-03-16T19:45:47+00:00","breadcrumb":{"@id":"https:\/\/motorista.com.br\/noticias\/2026\/03\/16\/advogados-ocupam-novos-papeis-em-escritorios-e-empresas\/#breadcrumb"},"inLanguage":"pt-BR","potentialAction":[{"@type":"ReadAction","target":["https:\/\/motorista.com.br\/noticias\/2026\/03\/16\/advogados-ocupam-novos-papeis-em-escritorios-e-empresas\/"]}]},{"@type":"ImageObject","inLanguage":"pt-BR","@id":"https:\/\/motorista.com.br\/noticias\/2026\/03\/16\/advogados-ocupam-novos-papeis-em-escritorios-e-empresas\/#primaryimage","url":"https:\/\/motorista.com.br\/noticias\/wp-content\/uploads\/2026\/03\/como-anda-o-mercado-1.jpg","contentUrl":"https:\/\/motorista.com.br\/noticias\/wp-content\/uploads\/2026\/03\/como-anda-o-mercado-1.jpg","width":1920,"height":1080},{"@type":"BreadcrumbList","@id":"https:\/\/motorista.com.br\/noticias\/2026\/03\/16\/advogados-ocupam-novos-papeis-em-escritorios-e-empresas\/#breadcrumb","itemListElement":[{"@type":"ListItem","position":1,"name":"In\u00edcio","item":"https:\/\/motorista.com.br\/noticias\/"},{"@type":"ListItem","position":2,"name":"Advogados ocupam novos pap\u00e9is em escrit\u00f3rios e empresas."}]},{"@type":"WebSite","@id":"https:\/\/motorista.com.br\/noticias\/#website","url":"https:\/\/motorista.com.br\/noticias\/","name":"Motorista.com.br","description":"Not\u00edcia do Motorista","publisher":{"@id":"https:\/\/motorista.com.br\/noticias\/#organization"},"potentialAction":[{"@type":"SearchAction","target":{"@type":"EntryPoint","urlTemplate":"https:\/\/motorista.com.br\/noticias\/?s={search_term_string}"},"query-input":{"@type":"PropertyValueSpecification","valueRequired":true,"valueName":"search_term_string"}}],"inLanguage":"pt-BR"},{"@type":"Organization","@id":"https:\/\/motorista.com.br\/noticias\/#organization","name":"Motorista.com.br","url":"https:\/\/motorista.com.br\/noticias\/","logo":{"@type":"ImageObject","inLanguage":"pt-BR","@id":"https:\/\/motorista.com.br\/noticias\/#\/schema\/logo\/image\/","url":"https:\/\/motorista.com.br\/noticias\/wp-content\/uploads\/2025\/06\/Design-sem-nome-9.png","contentUrl":"https:\/\/motorista.com.br\/noticias\/wp-content\/uploads\/2025\/06\/Design-sem-nome-9.png","width":150,"height":85,"caption":"Motorista.com.br"},"image":{"@id":"https:\/\/motorista.com.br\/noticias\/#\/schema\/logo\/image\/"}},{"@type":"Person","@id":"https:\/\/motorista.com.br\/noticias\/#\/schema\/person\/dc93afc2981c0e3ce6bc3c053fd847be","name":"Equipe Reda\u00e7\u00e3o","image":{"@type":"ImageObject","inLanguage":"pt-BR","@id":"https:\/\/secure.gravatar.com\/avatar\/4f525efbf18dd2bb300ccad28bfb99d95a9465a5ba268407c8c37b37e1f28d2d?s=96&d=mm&r=g9e099043a0c61e9ae27e293b9fa75ffc","url":"https:\/\/secure.gravatar.com\/avatar\/4f525efbf18dd2bb300ccad28bfb99d95a9465a5ba268407c8c37b37e1f28d2d?s=96&d=mm&r=g","contentUrl":"https:\/\/secure.gravatar.com\/avatar\/4f525efbf18dd2bb300ccad28bfb99d95a9465a5ba268407c8c37b37e1f28d2d?s=96&d=mm&r=g","caption":"Equipe Reda\u00e7\u00e3o"},"description":"Equipe de reda\u00e7\u00e3o \u00e9 um grupo de profissionais que trabalham juntos para criar conte\u00fado escrito para Motorista.com.br","url":"https:\/\/motorista.com.br\/noticias\/author\/equiperedacao\/"}]}},"_links":{"self":[{"href":"https:\/\/motorista.com.br\/noticias\/wp-json\/wp\/v2\/posts\/7792","targetHints":{"allow":["GET"]}}],"collection":[{"href":"https:\/\/motorista.com.br\/noticias\/wp-json\/wp\/v2\/posts"}],"about":[{"href":"https:\/\/motorista.com.br\/noticias\/wp-json\/wp\/v2\/types\/post"}],"author":[{"embeddable":true,"href":"https:\/\/motorista.com.br\/noticias\/wp-json\/wp\/v2\/users\/4"}],"replies":[{"embeddable":true,"href":"https:\/\/motorista.com.br\/noticias\/wp-json\/wp\/v2\/comments?post=7792"}],"version-history":[{"count":0,"href":"https:\/\/motorista.com.br\/noticias\/wp-json\/wp\/v2\/posts\/7792\/revisions"}],"wp:featuredmedia":[{"embeddable":true,"href":"https:\/\/motorista.com.br\/noticias\/wp-json\/wp\/v2\/media\/7793"}],"wp:attachment":[{"href":"https:\/\/motorista.com.br\/noticias\/wp-json\/wp\/v2\/media?parent=7792"}],"wp:term":[{"taxonomy":"category","embeddable":true,"href":"https:\/\/motorista.com.br\/noticias\/wp-json\/wp\/v2\/categories?post=7792"},{"taxonomy":"post_tag","embeddable":true,"href":"https:\/\/motorista.com.br\/noticias\/wp-json\/wp\/v2\/tags?post=7792"},{"taxonomy":"author","embeddable":true,"href":"https:\/\/motorista.com.br\/noticias\/wp-json\/wp\/v2\/coauthors?post=7792"}],"curies":[{"name":"wp","href":"https:\/\/api.w.org\/{rel}","templated":true}]}}