{"id":7783,"date":"2026-03-16T09:27:02","date_gmt":"2026-03-16T12:27:02","guid":{"rendered":"https:\/\/motorista.com.br\/noticias\/2026\/03\/16\/silveira-gomes-abre-vagas-para-motoristas-de-caminhao-em-canoas-rs\/"},"modified":"2026-03-16T09:27:02","modified_gmt":"2026-03-16T12:27:02","slug":"silveira-gomes-abre-vagas-para-motoristas-de-caminhao-em-canoas-rs","status":"publish","type":"post","link":"https:\/\/motorista.com.br\/noticias\/2026\/03\/16\/silveira-gomes-abre-vagas-para-motoristas-de-caminhao-em-canoas-rs\/","title":{"rendered":"Silveira Gomes abre vagas para motoristas de caminh\u00e3o em Canoas-RS."},"content":{"rendered":"<p><\/p>\n<p>A Transportes Silveira Gomes, com mais de 30 anos de experi\u00eancia no setor, est\u00e1 contratando motoristas carreteiros em Canoas, RS. Essa iniciativa representa n\u00e3o apenas uma oportunidade de emprego, mas tamb\u00e9m um impulso significativo para a mobilidade na regi\u00e3o.<\/p>\n<p>Com a crescente demanda por transporte rodovi\u00e1rio eficiente, a contrata\u00e7\u00e3o de novos motoristas \u00e9 fundamental para atender \u00e0s necessidades do mercado. Isso reflete um aumento na atividade econ\u00f4mica local, al\u00e9m de contribuir para um sistema log\u00edstico mais robusto, o que beneficia tanto empresas quanto consumidores.<\/p>\n<p>Para os motoristas, essa \u00e9 uma chance de se inserir em uma empresa com um hist\u00f3rico consolidado, oferecendo n\u00e3o apenas seguran\u00e7a no trabalho, mas tamb\u00e9m oportunidades de crescimento e desenvolvimento profissional. A valoriza\u00e7\u00e3o do motorista \u00e9 crucial, pois ele \u00e9 uma pe\u00e7a-chave na cadeia de suprimentos, garantindo que produtos cheguem a seus destinos de forma oportuna.<\/p>\n<p>A mobilidade geral tamb\u00e9m se beneficia com mais motoristas atuando de forma eficiente. Isso pode resultar em menos congestionamentos e na otimiza\u00e7\u00e3o das rotas, proporcionando uma experi\u00eancia de transporte mais \u00e1gil para todos. Assim, a abertura de vagas na Transportes Silveira Gomes n\u00e3o apenas gera empregos, mas alavanca um sistema de transporte mais eficaz, promovendo um ambiente econ\u00f4mico din\u00e2mico e preparado para os desafios do futuro.<\/p>\n<p><strong>Fonte: Blog do Caminhoneiro<\/strong><\/p>\n","protected":false},"excerpt":{"rendered":"<p>A Transportes Silveira Gomes, com mais de 30 anos de experi\u00eancia no setor, est\u00e1 contratando motoristas carreteiros em Canoas, RS. Essa iniciativa representa n\u00e3o apenas uma oportunidade de emprego, mas tamb\u00e9m um impulso significativo para a mobilidade na regi\u00e3o. Com a crescente demanda por transporte rodovi\u00e1rio eficiente, a contrata\u00e7\u00e3o de novos motoristas \u00e9 fundamental para &hellip;<\/p>\n","protected":false},"author":4,"featured_media":7784,"comment_status":"","ping_status":"open","sticky":false,"template":"","format":"standard","meta":{"footnotes":""},"categories":[78,77],"tags":[],"coauthors":[42],"class_list":["post-7783","post","type-post","status-publish","format-standard","has-post-thumbnail","hentry","category-carreteiro","category-motorista"],"yoast_head":"<!-- This site is optimized with the Yoast SEO Premium plugin v25.5 (Yoast SEO v27.5) - https:\/\/yoast.com\/product\/yoast-seo-premium-wordpress\/ -->\n<title>Silveira Gomes abre vagas para motoristas de caminh\u00e3o em Canoas-RS. - Motorista.com.br<\/title>\n<meta name=\"robots\" content=\"index, follow, max-snippet:-1, max-image-preview:large, max-video-preview:-1\" \/>\n<link rel=\"canonical\" href=\"https:\/\/motorista.com.br\/noticias\/2026\/03\/16\/silveira-gomes-abre-vagas-para-motoristas-de-caminhao-em-canoas-rs\/\" \/>\n<meta property=\"og:locale\" content=\"pt_BR\" \/>\n<meta property=\"og:type\" content=\"article\" \/>\n<meta property=\"og:title\" content=\"Silveira Gomes abre vagas para motoristas de caminh\u00e3o em Canoas-RS.\" \/>\n<meta property=\"og:description\" content=\"A Transportes Silveira Gomes, com mais de 30 anos de experi\u00eancia no setor, est\u00e1 contratando motoristas carreteiros em Canoas, RS. Essa iniciativa representa n\u00e3o apenas uma oportunidade de emprego, mas tamb\u00e9m um impulso significativo para a mobilidade na regi\u00e3o. Com a crescente demanda por transporte rodovi\u00e1rio eficiente, a contrata\u00e7\u00e3o de novos motoristas \u00e9 fundamental para &hellip;\" \/>\n<meta property=\"og:url\" content=\"https:\/\/motorista.com.br\/noticias\/2026\/03\/16\/silveira-gomes-abre-vagas-para-motoristas-de-caminhao-em-canoas-rs\/\" \/>\n<meta property=\"og:site_name\" content=\"Motorista.com.br\" \/>\n<meta property=\"article:published_time\" content=\"2026-03-16T12:27:02+00:00\" \/>\n<meta name=\"author\" content=\"Equipe Reda\u00e7\u00e3o\" \/>\n<meta name=\"twitter:card\" content=\"summary_large_image\" \/>\n<meta name=\"twitter:label1\" content=\"Escrito por\" \/>\n\t<meta name=\"twitter:data1\" content=\"Equipe Reda\u00e7\u00e3o\" \/>\n\t<meta name=\"twitter:label2\" content=\"Est. tempo de leitura\" \/>\n\t<meta name=\"twitter:data2\" content=\"1 minuto\" \/>\n\t<meta name=\"twitter:label3\" content=\"Written by\" \/>\n\t<meta name=\"twitter:data3\" content=\"Equipe Reda\u00e7\u00e3o\" \/>\n<script type=\"application\/ld+json\" class=\"yoast-schema-graph\">{\"@context\":\"https:\\\/\\\/schema.org\",\"@graph\":[{\"@type\":\"Article\",\"@id\":\"https:\\\/\\\/motorista.com.br\\\/noticias\\\/2026\\\/03\\\/16\\\/silveira-gomes-abre-vagas-para-motoristas-de-caminhao-em-canoas-rs\\\/#article\",\"isPartOf\":{\"@id\":\"https:\\\/\\\/motorista.com.br\\\/noticias\\\/2026\\\/03\\\/16\\\/silveira-gomes-abre-vagas-para-motoristas-de-caminhao-em-canoas-rs\\\/\"},\"author\":{\"name\":\"Equipe Reda\u00e7\u00e3o\",\"@id\":\"https:\\\/\\\/motorista.com.br\\\/noticias\\\/#\\\/schema\\\/person\\\/dc93afc2981c0e3ce6bc3c053fd847be\"},\"headline\":\"Silveira Gomes abre vagas para motoristas de caminh\u00e3o em Canoas-RS.\",\"datePublished\":\"2026-03-16T12:27:02+00:00\",\"mainEntityOfPage\":{\"@id\":\"https:\\\/\\\/motorista.com.br\\\/noticias\\\/2026\\\/03\\\/16\\\/silveira-gomes-abre-vagas-para-motoristas-de-caminhao-em-canoas-rs\\\/\"},\"wordCount\":237,\"publisher\":{\"@id\":\"https:\\\/\\\/motorista.com.br\\\/noticias\\\/#organization\"},\"image\":{\"@id\":\"https:\\\/\\\/motorista.com.br\\\/noticias\\\/2026\\\/03\\\/16\\\/silveira-gomes-abre-vagas-para-motoristas-de-caminhao-em-canoas-rs\\\/#primaryimage\"},\"thumbnailUrl\":\"https:\\\/\\\/motorista.com.br\\\/noticias\\\/wp-content\\\/uploads\\\/2026\\\/03\\\/tsg.jpg\",\"articleSection\":[\"Carreteiro\",\"Motorista\"],\"inLanguage\":\"pt-BR\"},{\"@type\":\"WebPage\",\"@id\":\"https:\\\/\\\/motorista.com.br\\\/noticias\\\/2026\\\/03\\\/16\\\/silveira-gomes-abre-vagas-para-motoristas-de-caminhao-em-canoas-rs\\\/\",\"url\":\"https:\\\/\\\/motorista.com.br\\\/noticias\\\/2026\\\/03\\\/16\\\/silveira-gomes-abre-vagas-para-motoristas-de-caminhao-em-canoas-rs\\\/\",\"name\":\"Silveira Gomes abre vagas para motoristas de caminh\u00e3o em Canoas-RS. - Motorista.com.br\",\"isPartOf\":{\"@id\":\"https:\\\/\\\/motorista.com.br\\\/noticias\\\/#website\"},\"primaryImageOfPage\":{\"@id\":\"https:\\\/\\\/motorista.com.br\\\/noticias\\\/2026\\\/03\\\/16\\\/silveira-gomes-abre-vagas-para-motoristas-de-caminhao-em-canoas-rs\\\/#primaryimage\"},\"image\":{\"@id\":\"https:\\\/\\\/motorista.com.br\\\/noticias\\\/2026\\\/03\\\/16\\\/silveira-gomes-abre-vagas-para-motoristas-de-caminhao-em-canoas-rs\\\/#primaryimage\"},\"thumbnailUrl\":\"https:\\\/\\\/motorista.com.br\\\/noticias\\\/wp-content\\\/uploads\\\/2026\\\/03\\\/tsg.jpg\",\"datePublished\":\"2026-03-16T12:27:02+00:00\",\"breadcrumb\":{\"@id\":\"https:\\\/\\\/motorista.com.br\\\/noticias\\\/2026\\\/03\\\/16\\\/silveira-gomes-abre-vagas-para-motoristas-de-caminhao-em-canoas-rs\\\/#breadcrumb\"},\"inLanguage\":\"pt-BR\",\"potentialAction\":[{\"@type\":\"ReadAction\",\"target\":[\"https:\\\/\\\/motorista.com.br\\\/noticias\\\/2026\\\/03\\\/16\\\/silveira-gomes-abre-vagas-para-motoristas-de-caminhao-em-canoas-rs\\\/\"]}]},{\"@type\":\"ImageObject\",\"inLanguage\":\"pt-BR\",\"@id\":\"https:\\\/\\\/motorista.com.br\\\/noticias\\\/2026\\\/03\\\/16\\\/silveira-gomes-abre-vagas-para-motoristas-de-caminhao-em-canoas-rs\\\/#primaryimage\",\"url\":\"https:\\\/\\\/motorista.com.br\\\/noticias\\\/wp-content\\\/uploads\\\/2026\\\/03\\\/tsg.jpg\",\"contentUrl\":\"https:\\\/\\\/motorista.com.br\\\/noticias\\\/wp-content\\\/uploads\\\/2026\\\/03\\\/tsg.jpg\",\"width\":1323,\"height\":800},{\"@type\":\"BreadcrumbList\",\"@id\":\"https:\\\/\\\/motorista.com.br\\\/noticias\\\/2026\\\/03\\\/16\\\/silveira-gomes-abre-vagas-para-motoristas-de-caminhao-em-canoas-rs\\\/#breadcrumb\",\"itemListElement\":[{\"@type\":\"ListItem\",\"position\":1,\"name\":\"In\u00edcio\",\"item\":\"https:\\\/\\\/motorista.com.br\\\/noticias\\\/\"},{\"@type\":\"ListItem\",\"position\":2,\"name\":\"Silveira Gomes abre vagas para motoristas de caminh\u00e3o em Canoas-RS.\"}]},{\"@type\":\"WebSite\",\"@id\":\"https:\\\/\\\/motorista.com.br\\\/noticias\\\/#website\",\"url\":\"https:\\\/\\\/motorista.com.br\\\/noticias\\\/\",\"name\":\"Motorista.com.br\",\"description\":\"Not\u00edcia do Motorista\",\"publisher\":{\"@id\":\"https:\\\/\\\/motorista.com.br\\\/noticias\\\/#organization\"},\"potentialAction\":[{\"@type\":\"SearchAction\",\"target\":{\"@type\":\"EntryPoint\",\"urlTemplate\":\"https:\\\/\\\/motorista.com.br\\\/noticias\\\/?s={search_term_string}\"},\"query-input\":{\"@type\":\"PropertyValueSpecification\",\"valueRequired\":true,\"valueName\":\"search_term_string\"}}],\"inLanguage\":\"pt-BR\"},{\"@type\":\"Organization\",\"@id\":\"https:\\\/\\\/motorista.com.br\\\/noticias\\\/#organization\",\"name\":\"Motorista.com.br\",\"url\":\"https:\\\/\\\/motorista.com.br\\\/noticias\\\/\",\"logo\":{\"@type\":\"ImageObject\",\"inLanguage\":\"pt-BR\",\"@id\":\"https:\\\/\\\/motorista.com.br\\\/noticias\\\/#\\\/schema\\\/logo\\\/image\\\/\",\"url\":\"https:\\\/\\\/motorista.com.br\\\/noticias\\\/wp-content\\\/uploads\\\/2025\\\/06\\\/Design-sem-nome-9.png\",\"contentUrl\":\"https:\\\/\\\/motorista.com.br\\\/noticias\\\/wp-content\\\/uploads\\\/2025\\\/06\\\/Design-sem-nome-9.png\",\"width\":150,\"height\":85,\"caption\":\"Motorista.com.br\"},\"image\":{\"@id\":\"https:\\\/\\\/motorista.com.br\\\/noticias\\\/#\\\/schema\\\/logo\\\/image\\\/\"}},{\"@type\":\"Person\",\"@id\":\"https:\\\/\\\/motorista.com.br\\\/noticias\\\/#\\\/schema\\\/person\\\/dc93afc2981c0e3ce6bc3c053fd847be\",\"name\":\"Equipe Reda\u00e7\u00e3o\",\"image\":{\"@type\":\"ImageObject\",\"inLanguage\":\"pt-BR\",\"@id\":\"https:\\\/\\\/secure.gravatar.com\\\/avatar\\\/4f525efbf18dd2bb300ccad28bfb99d95a9465a5ba268407c8c37b37e1f28d2d?s=96&d=mm&r=g9e099043a0c61e9ae27e293b9fa75ffc\",\"url\":\"https:\\\/\\\/secure.gravatar.com\\\/avatar\\\/4f525efbf18dd2bb300ccad28bfb99d95a9465a5ba268407c8c37b37e1f28d2d?s=96&d=mm&r=g\",\"contentUrl\":\"https:\\\/\\\/secure.gravatar.com\\\/avatar\\\/4f525efbf18dd2bb300ccad28bfb99d95a9465a5ba268407c8c37b37e1f28d2d?s=96&d=mm&r=g\",\"caption\":\"Equipe Reda\u00e7\u00e3o\"},\"description\":\"Equipe de reda\u00e7\u00e3o \u00e9 um grupo de profissionais que trabalham juntos para criar conte\u00fado escrito para Motorista.com.br\",\"url\":\"https:\\\/\\\/motorista.com.br\\\/noticias\\\/author\\\/equiperedacao\\\/\"}]}<\/script>\n<!-- \/ Yoast SEO Premium plugin. -->","yoast_head_json":{"title":"Silveira Gomes abre vagas para motoristas de caminh\u00e3o em Canoas-RS. - Motorista.com.br","robots":{"index":"index","follow":"follow","max-snippet":"max-snippet:-1","max-image-preview":"max-image-preview:large","max-video-preview":"max-video-preview:-1"},"canonical":"https:\/\/motorista.com.br\/noticias\/2026\/03\/16\/silveira-gomes-abre-vagas-para-motoristas-de-caminhao-em-canoas-rs\/","og_locale":"pt_BR","og_type":"article","og_title":"Silveira Gomes abre vagas para motoristas de caminh\u00e3o em Canoas-RS.","og_description":"A Transportes Silveira Gomes, com mais de 30 anos de experi\u00eancia no setor, est\u00e1 contratando motoristas carreteiros em Canoas, RS. Essa iniciativa representa n\u00e3o apenas uma oportunidade de emprego, mas tamb\u00e9m um impulso significativo para a mobilidade na regi\u00e3o. Com a crescente demanda por transporte rodovi\u00e1rio eficiente, a contrata\u00e7\u00e3o de novos motoristas \u00e9 fundamental para &hellip;","og_url":"https:\/\/motorista.com.br\/noticias\/2026\/03\/16\/silveira-gomes-abre-vagas-para-motoristas-de-caminhao-em-canoas-rs\/","og_site_name":"Motorista.com.br","article_published_time":"2026-03-16T12:27:02+00:00","author":"Equipe Reda\u00e7\u00e3o","twitter_card":"summary_large_image","twitter_misc":{"Escrito por":"Equipe Reda\u00e7\u00e3o","Est. tempo de leitura":"1 minuto","Written by":"Equipe Reda\u00e7\u00e3o"},"schema":{"@context":"https:\/\/schema.org","@graph":[{"@type":"Article","@id":"https:\/\/motorista.com.br\/noticias\/2026\/03\/16\/silveira-gomes-abre-vagas-para-motoristas-de-caminhao-em-canoas-rs\/#article","isPartOf":{"@id":"https:\/\/motorista.com.br\/noticias\/2026\/03\/16\/silveira-gomes-abre-vagas-para-motoristas-de-caminhao-em-canoas-rs\/"},"author":{"name":"Equipe Reda\u00e7\u00e3o","@id":"https:\/\/motorista.com.br\/noticias\/#\/schema\/person\/dc93afc2981c0e3ce6bc3c053fd847be"},"headline":"Silveira Gomes abre vagas para motoristas de caminh\u00e3o em Canoas-RS.","datePublished":"2026-03-16T12:27:02+00:00","mainEntityOfPage":{"@id":"https:\/\/motorista.com.br\/noticias\/2026\/03\/16\/silveira-gomes-abre-vagas-para-motoristas-de-caminhao-em-canoas-rs\/"},"wordCount":237,"publisher":{"@id":"https:\/\/motorista.com.br\/noticias\/#organization"},"image":{"@id":"https:\/\/motorista.com.br\/noticias\/2026\/03\/16\/silveira-gomes-abre-vagas-para-motoristas-de-caminhao-em-canoas-rs\/#primaryimage"},"thumbnailUrl":"https:\/\/motorista.com.br\/noticias\/wp-content\/uploads\/2026\/03\/tsg.jpg","articleSection":["Carreteiro","Motorista"],"inLanguage":"pt-BR"},{"@type":"WebPage","@id":"https:\/\/motorista.com.br\/noticias\/2026\/03\/16\/silveira-gomes-abre-vagas-para-motoristas-de-caminhao-em-canoas-rs\/","url":"https:\/\/motorista.com.br\/noticias\/2026\/03\/16\/silveira-gomes-abre-vagas-para-motoristas-de-caminhao-em-canoas-rs\/","name":"Silveira Gomes abre vagas para motoristas de caminh\u00e3o em Canoas-RS. - Motorista.com.br","isPartOf":{"@id":"https:\/\/motorista.com.br\/noticias\/#website"},"primaryImageOfPage":{"@id":"https:\/\/motorista.com.br\/noticias\/2026\/03\/16\/silveira-gomes-abre-vagas-para-motoristas-de-caminhao-em-canoas-rs\/#primaryimage"},"image":{"@id":"https:\/\/motorista.com.br\/noticias\/2026\/03\/16\/silveira-gomes-abre-vagas-para-motoristas-de-caminhao-em-canoas-rs\/#primaryimage"},"thumbnailUrl":"https:\/\/motorista.com.br\/noticias\/wp-content\/uploads\/2026\/03\/tsg.jpg","datePublished":"2026-03-16T12:27:02+00:00","breadcrumb":{"@id":"https:\/\/motorista.com.br\/noticias\/2026\/03\/16\/silveira-gomes-abre-vagas-para-motoristas-de-caminhao-em-canoas-rs\/#breadcrumb"},"inLanguage":"pt-BR","potentialAction":[{"@type":"ReadAction","target":["https:\/\/motorista.com.br\/noticias\/2026\/03\/16\/silveira-gomes-abre-vagas-para-motoristas-de-caminhao-em-canoas-rs\/"]}]},{"@type":"ImageObject","inLanguage":"pt-BR","@id":"https:\/\/motorista.com.br\/noticias\/2026\/03\/16\/silveira-gomes-abre-vagas-para-motoristas-de-caminhao-em-canoas-rs\/#primaryimage","url":"https:\/\/motorista.com.br\/noticias\/wp-content\/uploads\/2026\/03\/tsg.jpg","contentUrl":"https:\/\/motorista.com.br\/noticias\/wp-content\/uploads\/2026\/03\/tsg.jpg","width":1323,"height":800},{"@type":"BreadcrumbList","@id":"https:\/\/motorista.com.br\/noticias\/2026\/03\/16\/silveira-gomes-abre-vagas-para-motoristas-de-caminhao-em-canoas-rs\/#breadcrumb","itemListElement":[{"@type":"ListItem","position":1,"name":"In\u00edcio","item":"https:\/\/motorista.com.br\/noticias\/"},{"@type":"ListItem","position":2,"name":"Silveira Gomes abre vagas para motoristas de caminh\u00e3o em Canoas-RS."}]},{"@type":"WebSite","@id":"https:\/\/motorista.com.br\/noticias\/#website","url":"https:\/\/motorista.com.br\/noticias\/","name":"Motorista.com.br","description":"Not\u00edcia do Motorista","publisher":{"@id":"https:\/\/motorista.com.br\/noticias\/#organization"},"potentialAction":[{"@type":"SearchAction","target":{"@type":"EntryPoint","urlTemplate":"https:\/\/motorista.com.br\/noticias\/?s={search_term_string}"},"query-input":{"@type":"PropertyValueSpecification","valueRequired":true,"valueName":"search_term_string"}}],"inLanguage":"pt-BR"},{"@type":"Organization","@id":"https:\/\/motorista.com.br\/noticias\/#organization","name":"Motorista.com.br","url":"https:\/\/motorista.com.br\/noticias\/","logo":{"@type":"ImageObject","inLanguage":"pt-BR","@id":"https:\/\/motorista.com.br\/noticias\/#\/schema\/logo\/image\/","url":"https:\/\/motorista.com.br\/noticias\/wp-content\/uploads\/2025\/06\/Design-sem-nome-9.png","contentUrl":"https:\/\/motorista.com.br\/noticias\/wp-content\/uploads\/2025\/06\/Design-sem-nome-9.png","width":150,"height":85,"caption":"Motorista.com.br"},"image":{"@id":"https:\/\/motorista.com.br\/noticias\/#\/schema\/logo\/image\/"}},{"@type":"Person","@id":"https:\/\/motorista.com.br\/noticias\/#\/schema\/person\/dc93afc2981c0e3ce6bc3c053fd847be","name":"Equipe Reda\u00e7\u00e3o","image":{"@type":"ImageObject","inLanguage":"pt-BR","@id":"https:\/\/secure.gravatar.com\/avatar\/4f525efbf18dd2bb300ccad28bfb99d95a9465a5ba268407c8c37b37e1f28d2d?s=96&d=mm&r=g9e099043a0c61e9ae27e293b9fa75ffc","url":"https:\/\/secure.gravatar.com\/avatar\/4f525efbf18dd2bb300ccad28bfb99d95a9465a5ba268407c8c37b37e1f28d2d?s=96&d=mm&r=g","contentUrl":"https:\/\/secure.gravatar.com\/avatar\/4f525efbf18dd2bb300ccad28bfb99d95a9465a5ba268407c8c37b37e1f28d2d?s=96&d=mm&r=g","caption":"Equipe Reda\u00e7\u00e3o"},"description":"Equipe de reda\u00e7\u00e3o \u00e9 um grupo de profissionais que trabalham juntos para criar conte\u00fado escrito para Motorista.com.br","url":"https:\/\/motorista.com.br\/noticias\/author\/equiperedacao\/"}]}},"_links":{"self":[{"href":"https:\/\/motorista.com.br\/noticias\/wp-json\/wp\/v2\/posts\/7783","targetHints":{"allow":["GET"]}}],"collection":[{"href":"https:\/\/motorista.com.br\/noticias\/wp-json\/wp\/v2\/posts"}],"about":[{"href":"https:\/\/motorista.com.br\/noticias\/wp-json\/wp\/v2\/types\/post"}],"author":[{"embeddable":true,"href":"https:\/\/motorista.com.br\/noticias\/wp-json\/wp\/v2\/users\/4"}],"replies":[{"embeddable":true,"href":"https:\/\/motorista.com.br\/noticias\/wp-json\/wp\/v2\/comments?post=7783"}],"version-history":[{"count":0,"href":"https:\/\/motorista.com.br\/noticias\/wp-json\/wp\/v2\/posts\/7783\/revisions"}],"wp:featuredmedia":[{"embeddable":true,"href":"https:\/\/motorista.com.br\/noticias\/wp-json\/wp\/v2\/media\/7784"}],"wp:attachment":[{"href":"https:\/\/motorista.com.br\/noticias\/wp-json\/wp\/v2\/media?parent=7783"}],"wp:term":[{"taxonomy":"category","embeddable":true,"href":"https:\/\/motorista.com.br\/noticias\/wp-json\/wp\/v2\/categories?post=7783"},{"taxonomy":"post_tag","embeddable":true,"href":"https:\/\/motorista.com.br\/noticias\/wp-json\/wp\/v2\/tags?post=7783"},{"taxonomy":"author","embeddable":true,"href":"https:\/\/motorista.com.br\/noticias\/wp-json\/wp\/v2\/coauthors?post=7783"}],"curies":[{"name":"wp","href":"https:\/\/api.w.org\/{rel}","templated":true}]}}