{"id":7779,"date":"2026-03-16T05:57:26","date_gmt":"2026-03-16T08:57:26","guid":{"rendered":"https:\/\/motorista.com.br\/noticias\/2026\/03\/16\/projeto-de-lei-sugere-cnh-especifica-para-veiculos-automaticos\/"},"modified":"2026-03-16T05:57:26","modified_gmt":"2026-03-16T08:57:26","slug":"projeto-de-lei-sugere-cnh-especifica-para-veiculos-automaticos","status":"publish","type":"post","link":"https:\/\/motorista.com.br\/noticias\/2026\/03\/16\/projeto-de-lei-sugere-cnh-especifica-para-veiculos-automaticos\/","title":{"rendered":"Projeto de lei sugere CNH espec\u00edfica para ve\u00edculos autom\u00e1ticos."},"content":{"rendered":"<p><\/p>\n<h3>Projeto de Lei Prop\u00f5e Criar CNH Apenas para Carros Autom\u00e1ticos<\/h3>\n<p>A Comiss\u00e3o de Via\u00e7\u00e3o e Transportes da C\u00e2mara dos Deputados aprovou um projeto de lei que pode transformar a forma como os motoristas brasileiros obt\u00eam suas Carteiras Nacionais de Habilita\u00e7\u00e3o (CNH). Essa proposta visa introduzir uma distin\u00e7\u00e3o significativa entre a habilita\u00e7\u00e3o para ve\u00edculos autom\u00e1ticos e manuais, regulamentando que aqueles que se formarem em carros autom\u00e1ticos s\u00f3 poder\u00e3o dirigir esses modelos.<\/p>\n<p>Atualmente, a legisla\u00e7\u00e3o brasileira n\u00e3o faz diferen\u00e7a entre os tipos de ve\u00edculos na hora de habilitar os condutores. Isso significa que qualquer motorista, depois de obter a CNH, pode dirigir tanto carros autom\u00e1ticos quanto manuais, independentemente do ve\u00edculo utilizado durante o processo de forma\u00e7\u00e3o.<\/p>\n<h3>O Impacto da Proposta na Mobilidade<\/h3>\n<p>A aprova\u00e7\u00e3o desse projeto traz uma s\u00e9rie de implica\u00e7\u00f5es positivas e negativas tanto para os motoristas quanto para a mobilidade urbana em geral.<\/p>\n<p><strong>Benef\u00edcios:<\/strong><\/p>\n<ol>\n<li>\n<p><strong>Aprimoramento da Seguran\u00e7a<\/strong>: Dividir a habilita\u00e7\u00e3o em categorias espec\u00edficas pode aumentar a seguran\u00e7a no tr\u00e2nsito, uma vez que motoristas mais familiarizados com ve\u00edculos autom\u00e1ticos estar\u00e3o mais preparados para lidar com as tecnologias presentes nesses autom\u00f3veis.<\/p>\n<\/li>\n<li>\n<p><strong>Incentivo \u00e0 Capacita\u00e7\u00e3o<\/strong>: Para aqueles que desejarem conduzir ve\u00edculos manuais, ser\u00e1 necess\u00e1rio passar por um treinamento adicional e um novo exame pr\u00e1tico. Esse processo tende a elevar a capacita\u00e7\u00e3o dos motoristas, promovendo um tr\u00e2nsito mais seguro.<\/p>\n<\/li>\n<li>\n<p><strong>Ado\u00e7\u00e3o de Tecnologias Modernas<\/strong>: Como os carros autom\u00e1ticos est\u00e3o cada vez mais integrados ao cotidiano, essa mudan\u00e7a pode incentivar os motoristas a adotarem tecnologias mais recentes, contribuindo para uma mobilidade mais eficiente e sustent\u00e1vel.<\/p>\n<\/li>\n<\/ol>\n<p><strong>Desafios:<\/strong><\/p>\n<ol>\n<li>\n<p><strong>Aumento da Complexidade<\/strong>: A nova regulamenta\u00e7\u00e3o pode criar uma camada de complexidade desnecess\u00e1ria para o processo de habilita\u00e7\u00e3o, levando poss\u00edveis motoristas a enfrentarem mais barreiras na obten\u00e7\u00e3o de uma CNH.<\/p>\n<\/li>\n<li>\n<p><strong>Desigualdade de Acesso<\/strong>: Aqueles que optarem por caronas em ve\u00edculos autom\u00e1ticos, por exemplo, poder\u00e3o ter suas movimenta\u00e7\u00f5es limitadas. Isso pode desencorajar motoristas de se aventurarem em aprender a dirigir ve\u00edculos manuais, contribuindo para uma car\u00eancia de condutores habilitados para esses modelos.<\/p>\n<\/li>\n<\/ol>\n<h3>Outras Mudan\u00e7as na CNH<\/h3>\n<p>Al\u00e9m da distin\u00e7\u00e3o entre ve\u00edculos autom\u00e1ticos e manuais, o projeto reorganiza regras relacionadas \u00e0 forma\u00e7\u00e3o de condutores. Inclui a atua\u00e7\u00e3o de Centros de Forma\u00e7\u00e3o de Condutores (CFCs), autoescolas, e at\u00e9 mesmo institui\u00e7\u00f5es de ensino \u00e0 dist\u00e2ncia, o que poder\u00e1 tornar o processo de obten\u00e7\u00e3o da CNH mais acess\u00edvel e diversificado.<\/p>\n<h3>Considera\u00e7\u00f5es Finais<\/h3>\n<p>Embora a proposta traga benef\u00edcios claros em termos de seguran\u00e7a e ado\u00e7\u00e3o de tecnologias, \u00e9 importante considerar sua implementa\u00e7\u00e3o de forma a garantir que todos os motoristas tenham acesso a uma educa\u00e7\u00e3o adequada e inclusiva. A mobilidade urbana \u00e9 um reflexo da capacita\u00e7\u00e3o de seus condutores, e ao regulamentar a CNH de maneira mais rigorosa, espera-se n\u00e3o apenas a melhoria na condu\u00e7\u00e3o respons\u00e1vel, mas tamb\u00e9m a promo\u00e7\u00e3o de um tr\u00e2nsito mais harm\u00f4nico e seguro.<\/p>\n<p><em>Fonte: Olhar Digital<\/em><\/p>\n","protected":false},"excerpt":{"rendered":"<p>Projeto de Lei Prop\u00f5e Criar CNH Apenas para Carros Autom\u00e1ticos A Comiss\u00e3o de Via\u00e7\u00e3o e Transportes da C\u00e2mara dos Deputados aprovou um projeto de lei que pode transformar a forma como os motoristas brasileiros obt\u00eam suas Carteiras Nacionais de Habilita\u00e7\u00e3o (CNH). Essa proposta visa introduzir uma distin\u00e7\u00e3o significativa entre a habilita\u00e7\u00e3o para ve\u00edculos autom\u00e1ticos e &hellip;<\/p>\n","protected":false},"author":4,"featured_media":7780,"comment_status":"","ping_status":"open","sticky":false,"template":"","format":"standard","meta":{"footnotes":""},"categories":[56],"tags":[],"coauthors":[42],"class_list":["post-7779","post","type-post","status-publish","format-standard","has-post-thumbnail","hentry","category-tecnologia"],"yoast_head":"<!-- This site is optimized with the Yoast SEO Premium plugin v25.5 (Yoast SEO v27.5) - https:\/\/yoast.com\/product\/yoast-seo-premium-wordpress\/ -->\n<title>Projeto de lei sugere CNH espec\u00edfica para ve\u00edculos autom\u00e1ticos. - Motorista.com.br<\/title>\n<meta name=\"robots\" content=\"index, follow, max-snippet:-1, max-image-preview:large, max-video-preview:-1\" \/>\n<link rel=\"canonical\" href=\"https:\/\/motorista.com.br\/noticias\/2026\/03\/16\/projeto-de-lei-sugere-cnh-especifica-para-veiculos-automaticos\/\" \/>\n<meta property=\"og:locale\" content=\"pt_BR\" \/>\n<meta property=\"og:type\" content=\"article\" \/>\n<meta property=\"og:title\" content=\"Projeto de lei sugere CNH espec\u00edfica para ve\u00edculos autom\u00e1ticos.\" \/>\n<meta property=\"og:description\" content=\"Projeto de Lei Prop\u00f5e Criar CNH Apenas para Carros Autom\u00e1ticos A Comiss\u00e3o de Via\u00e7\u00e3o e Transportes da C\u00e2mara dos Deputados aprovou um projeto de lei que pode transformar a forma como os motoristas brasileiros obt\u00eam suas Carteiras Nacionais de Habilita\u00e7\u00e3o (CNH). Essa proposta visa introduzir uma distin\u00e7\u00e3o significativa entre a habilita\u00e7\u00e3o para ve\u00edculos autom\u00e1ticos e &hellip;\" \/>\n<meta property=\"og:url\" content=\"https:\/\/motorista.com.br\/noticias\/2026\/03\/16\/projeto-de-lei-sugere-cnh-especifica-para-veiculos-automaticos\/\" \/>\n<meta property=\"og:site_name\" content=\"Motorista.com.br\" \/>\n<meta property=\"article:published_time\" content=\"2026-03-16T08:57:26+00:00\" \/>\n<meta name=\"author\" content=\"Equipe Reda\u00e7\u00e3o\" \/>\n<meta name=\"twitter:card\" content=\"summary_large_image\" \/>\n<meta name=\"twitter:label1\" content=\"Escrito por\" \/>\n\t<meta name=\"twitter:data1\" content=\"Equipe Reda\u00e7\u00e3o\" \/>\n\t<meta name=\"twitter:label2\" content=\"Est. tempo de leitura\" \/>\n\t<meta name=\"twitter:data2\" content=\"3 minutos\" \/>\n\t<meta name=\"twitter:label3\" content=\"Written by\" \/>\n\t<meta name=\"twitter:data3\" content=\"Equipe Reda\u00e7\u00e3o\" \/>\n<script type=\"application\/ld+json\" class=\"yoast-schema-graph\">{\"@context\":\"https:\\\/\\\/schema.org\",\"@graph\":[{\"@type\":\"Article\",\"@id\":\"https:\\\/\\\/motorista.com.br\\\/noticias\\\/2026\\\/03\\\/16\\\/projeto-de-lei-sugere-cnh-especifica-para-veiculos-automaticos\\\/#article\",\"isPartOf\":{\"@id\":\"https:\\\/\\\/motorista.com.br\\\/noticias\\\/2026\\\/03\\\/16\\\/projeto-de-lei-sugere-cnh-especifica-para-veiculos-automaticos\\\/\"},\"author\":{\"name\":\"Equipe Reda\u00e7\u00e3o\",\"@id\":\"https:\\\/\\\/motorista.com.br\\\/noticias\\\/#\\\/schema\\\/person\\\/dc93afc2981c0e3ce6bc3c053fd847be\"},\"headline\":\"Projeto de lei sugere CNH espec\u00edfica para ve\u00edculos autom\u00e1ticos.\",\"datePublished\":\"2026-03-16T08:57:26+00:00\",\"mainEntityOfPage\":{\"@id\":\"https:\\\/\\\/motorista.com.br\\\/noticias\\\/2026\\\/03\\\/16\\\/projeto-de-lei-sugere-cnh-especifica-para-veiculos-automaticos\\\/\"},\"wordCount\":542,\"publisher\":{\"@id\":\"https:\\\/\\\/motorista.com.br\\\/noticias\\\/#organization\"},\"image\":{\"@id\":\"https:\\\/\\\/motorista.com.br\\\/noticias\\\/2026\\\/03\\\/16\\\/projeto-de-lei-sugere-cnh-especifica-para-veiculos-automaticos\\\/#primaryimage\"},\"thumbnailUrl\":\"https:\\\/\\\/motorista.com.br\\\/noticias\\\/wp-content\\\/uploads\\\/2026\\\/03\\\/cnh-scaled.jpg\",\"articleSection\":[\"Tecnologia\"],\"inLanguage\":\"pt-BR\"},{\"@type\":\"WebPage\",\"@id\":\"https:\\\/\\\/motorista.com.br\\\/noticias\\\/2026\\\/03\\\/16\\\/projeto-de-lei-sugere-cnh-especifica-para-veiculos-automaticos\\\/\",\"url\":\"https:\\\/\\\/motorista.com.br\\\/noticias\\\/2026\\\/03\\\/16\\\/projeto-de-lei-sugere-cnh-especifica-para-veiculos-automaticos\\\/\",\"name\":\"Projeto de lei sugere CNH espec\u00edfica para ve\u00edculos autom\u00e1ticos. - Motorista.com.br\",\"isPartOf\":{\"@id\":\"https:\\\/\\\/motorista.com.br\\\/noticias\\\/#website\"},\"primaryImageOfPage\":{\"@id\":\"https:\\\/\\\/motorista.com.br\\\/noticias\\\/2026\\\/03\\\/16\\\/projeto-de-lei-sugere-cnh-especifica-para-veiculos-automaticos\\\/#primaryimage\"},\"image\":{\"@id\":\"https:\\\/\\\/motorista.com.br\\\/noticias\\\/2026\\\/03\\\/16\\\/projeto-de-lei-sugere-cnh-especifica-para-veiculos-automaticos\\\/#primaryimage\"},\"thumbnailUrl\":\"https:\\\/\\\/motorista.com.br\\\/noticias\\\/wp-content\\\/uploads\\\/2026\\\/03\\\/cnh-scaled.jpg\",\"datePublished\":\"2026-03-16T08:57:26+00:00\",\"breadcrumb\":{\"@id\":\"https:\\\/\\\/motorista.com.br\\\/noticias\\\/2026\\\/03\\\/16\\\/projeto-de-lei-sugere-cnh-especifica-para-veiculos-automaticos\\\/#breadcrumb\"},\"inLanguage\":\"pt-BR\",\"potentialAction\":[{\"@type\":\"ReadAction\",\"target\":[\"https:\\\/\\\/motorista.com.br\\\/noticias\\\/2026\\\/03\\\/16\\\/projeto-de-lei-sugere-cnh-especifica-para-veiculos-automaticos\\\/\"]}]},{\"@type\":\"ImageObject\",\"inLanguage\":\"pt-BR\",\"@id\":\"https:\\\/\\\/motorista.com.br\\\/noticias\\\/2026\\\/03\\\/16\\\/projeto-de-lei-sugere-cnh-especifica-para-veiculos-automaticos\\\/#primaryimage\",\"url\":\"https:\\\/\\\/motorista.com.br\\\/noticias\\\/wp-content\\\/uploads\\\/2026\\\/03\\\/cnh-scaled.jpg\",\"contentUrl\":\"https:\\\/\\\/motorista.com.br\\\/noticias\\\/wp-content\\\/uploads\\\/2026\\\/03\\\/cnh-scaled.jpg\",\"width\":2560,\"height\":1707},{\"@type\":\"BreadcrumbList\",\"@id\":\"https:\\\/\\\/motorista.com.br\\\/noticias\\\/2026\\\/03\\\/16\\\/projeto-de-lei-sugere-cnh-especifica-para-veiculos-automaticos\\\/#breadcrumb\",\"itemListElement\":[{\"@type\":\"ListItem\",\"position\":1,\"name\":\"In\u00edcio\",\"item\":\"https:\\\/\\\/motorista.com.br\\\/noticias\\\/\"},{\"@type\":\"ListItem\",\"position\":2,\"name\":\"Projeto de lei sugere CNH espec\u00edfica para ve\u00edculos autom\u00e1ticos.\"}]},{\"@type\":\"WebSite\",\"@id\":\"https:\\\/\\\/motorista.com.br\\\/noticias\\\/#website\",\"url\":\"https:\\\/\\\/motorista.com.br\\\/noticias\\\/\",\"name\":\"Motorista.com.br\",\"description\":\"Not\u00edcia do Motorista\",\"publisher\":{\"@id\":\"https:\\\/\\\/motorista.com.br\\\/noticias\\\/#organization\"},\"potentialAction\":[{\"@type\":\"SearchAction\",\"target\":{\"@type\":\"EntryPoint\",\"urlTemplate\":\"https:\\\/\\\/motorista.com.br\\\/noticias\\\/?s={search_term_string}\"},\"query-input\":{\"@type\":\"PropertyValueSpecification\",\"valueRequired\":true,\"valueName\":\"search_term_string\"}}],\"inLanguage\":\"pt-BR\"},{\"@type\":\"Organization\",\"@id\":\"https:\\\/\\\/motorista.com.br\\\/noticias\\\/#organization\",\"name\":\"Motorista.com.br\",\"url\":\"https:\\\/\\\/motorista.com.br\\\/noticias\\\/\",\"logo\":{\"@type\":\"ImageObject\",\"inLanguage\":\"pt-BR\",\"@id\":\"https:\\\/\\\/motorista.com.br\\\/noticias\\\/#\\\/schema\\\/logo\\\/image\\\/\",\"url\":\"https:\\\/\\\/motorista.com.br\\\/noticias\\\/wp-content\\\/uploads\\\/2025\\\/06\\\/Design-sem-nome-9.png\",\"contentUrl\":\"https:\\\/\\\/motorista.com.br\\\/noticias\\\/wp-content\\\/uploads\\\/2025\\\/06\\\/Design-sem-nome-9.png\",\"width\":150,\"height\":85,\"caption\":\"Motorista.com.br\"},\"image\":{\"@id\":\"https:\\\/\\\/motorista.com.br\\\/noticias\\\/#\\\/schema\\\/logo\\\/image\\\/\"}},{\"@type\":\"Person\",\"@id\":\"https:\\\/\\\/motorista.com.br\\\/noticias\\\/#\\\/schema\\\/person\\\/dc93afc2981c0e3ce6bc3c053fd847be\",\"name\":\"Equipe Reda\u00e7\u00e3o\",\"image\":{\"@type\":\"ImageObject\",\"inLanguage\":\"pt-BR\",\"@id\":\"https:\\\/\\\/secure.gravatar.com\\\/avatar\\\/4f525efbf18dd2bb300ccad28bfb99d95a9465a5ba268407c8c37b37e1f28d2d?s=96&d=mm&r=g9e099043a0c61e9ae27e293b9fa75ffc\",\"url\":\"https:\\\/\\\/secure.gravatar.com\\\/avatar\\\/4f525efbf18dd2bb300ccad28bfb99d95a9465a5ba268407c8c37b37e1f28d2d?s=96&d=mm&r=g\",\"contentUrl\":\"https:\\\/\\\/secure.gravatar.com\\\/avatar\\\/4f525efbf18dd2bb300ccad28bfb99d95a9465a5ba268407c8c37b37e1f28d2d?s=96&d=mm&r=g\",\"caption\":\"Equipe Reda\u00e7\u00e3o\"},\"description\":\"Equipe de reda\u00e7\u00e3o \u00e9 um grupo de profissionais que trabalham juntos para criar conte\u00fado escrito para Motorista.com.br\",\"url\":\"https:\\\/\\\/motorista.com.br\\\/noticias\\\/author\\\/equiperedacao\\\/\"}]}<\/script>\n<!-- \/ Yoast SEO Premium plugin. -->","yoast_head_json":{"title":"Projeto de lei sugere CNH espec\u00edfica para ve\u00edculos autom\u00e1ticos. - Motorista.com.br","robots":{"index":"index","follow":"follow","max-snippet":"max-snippet:-1","max-image-preview":"max-image-preview:large","max-video-preview":"max-video-preview:-1"},"canonical":"https:\/\/motorista.com.br\/noticias\/2026\/03\/16\/projeto-de-lei-sugere-cnh-especifica-para-veiculos-automaticos\/","og_locale":"pt_BR","og_type":"article","og_title":"Projeto de lei sugere CNH espec\u00edfica para ve\u00edculos autom\u00e1ticos.","og_description":"Projeto de Lei Prop\u00f5e Criar CNH Apenas para Carros Autom\u00e1ticos A Comiss\u00e3o de Via\u00e7\u00e3o e Transportes da C\u00e2mara dos Deputados aprovou um projeto de lei que pode transformar a forma como os motoristas brasileiros obt\u00eam suas Carteiras Nacionais de Habilita\u00e7\u00e3o (CNH). Essa proposta visa introduzir uma distin\u00e7\u00e3o significativa entre a habilita\u00e7\u00e3o para ve\u00edculos autom\u00e1ticos e &hellip;","og_url":"https:\/\/motorista.com.br\/noticias\/2026\/03\/16\/projeto-de-lei-sugere-cnh-especifica-para-veiculos-automaticos\/","og_site_name":"Motorista.com.br","article_published_time":"2026-03-16T08:57:26+00:00","author":"Equipe Reda\u00e7\u00e3o","twitter_card":"summary_large_image","twitter_misc":{"Escrito por":"Equipe Reda\u00e7\u00e3o","Est. tempo de leitura":"3 minutos","Written by":"Equipe Reda\u00e7\u00e3o"},"schema":{"@context":"https:\/\/schema.org","@graph":[{"@type":"Article","@id":"https:\/\/motorista.com.br\/noticias\/2026\/03\/16\/projeto-de-lei-sugere-cnh-especifica-para-veiculos-automaticos\/#article","isPartOf":{"@id":"https:\/\/motorista.com.br\/noticias\/2026\/03\/16\/projeto-de-lei-sugere-cnh-especifica-para-veiculos-automaticos\/"},"author":{"name":"Equipe Reda\u00e7\u00e3o","@id":"https:\/\/motorista.com.br\/noticias\/#\/schema\/person\/dc93afc2981c0e3ce6bc3c053fd847be"},"headline":"Projeto de lei sugere CNH espec\u00edfica para ve\u00edculos autom\u00e1ticos.","datePublished":"2026-03-16T08:57:26+00:00","mainEntityOfPage":{"@id":"https:\/\/motorista.com.br\/noticias\/2026\/03\/16\/projeto-de-lei-sugere-cnh-especifica-para-veiculos-automaticos\/"},"wordCount":542,"publisher":{"@id":"https:\/\/motorista.com.br\/noticias\/#organization"},"image":{"@id":"https:\/\/motorista.com.br\/noticias\/2026\/03\/16\/projeto-de-lei-sugere-cnh-especifica-para-veiculos-automaticos\/#primaryimage"},"thumbnailUrl":"https:\/\/motorista.com.br\/noticias\/wp-content\/uploads\/2026\/03\/cnh-scaled.jpg","articleSection":["Tecnologia"],"inLanguage":"pt-BR"},{"@type":"WebPage","@id":"https:\/\/motorista.com.br\/noticias\/2026\/03\/16\/projeto-de-lei-sugere-cnh-especifica-para-veiculos-automaticos\/","url":"https:\/\/motorista.com.br\/noticias\/2026\/03\/16\/projeto-de-lei-sugere-cnh-especifica-para-veiculos-automaticos\/","name":"Projeto de lei sugere CNH espec\u00edfica para ve\u00edculos autom\u00e1ticos. - Motorista.com.br","isPartOf":{"@id":"https:\/\/motorista.com.br\/noticias\/#website"},"primaryImageOfPage":{"@id":"https:\/\/motorista.com.br\/noticias\/2026\/03\/16\/projeto-de-lei-sugere-cnh-especifica-para-veiculos-automaticos\/#primaryimage"},"image":{"@id":"https:\/\/motorista.com.br\/noticias\/2026\/03\/16\/projeto-de-lei-sugere-cnh-especifica-para-veiculos-automaticos\/#primaryimage"},"thumbnailUrl":"https:\/\/motorista.com.br\/noticias\/wp-content\/uploads\/2026\/03\/cnh-scaled.jpg","datePublished":"2026-03-16T08:57:26+00:00","breadcrumb":{"@id":"https:\/\/motorista.com.br\/noticias\/2026\/03\/16\/projeto-de-lei-sugere-cnh-especifica-para-veiculos-automaticos\/#breadcrumb"},"inLanguage":"pt-BR","potentialAction":[{"@type":"ReadAction","target":["https:\/\/motorista.com.br\/noticias\/2026\/03\/16\/projeto-de-lei-sugere-cnh-especifica-para-veiculos-automaticos\/"]}]},{"@type":"ImageObject","inLanguage":"pt-BR","@id":"https:\/\/motorista.com.br\/noticias\/2026\/03\/16\/projeto-de-lei-sugere-cnh-especifica-para-veiculos-automaticos\/#primaryimage","url":"https:\/\/motorista.com.br\/noticias\/wp-content\/uploads\/2026\/03\/cnh-scaled.jpg","contentUrl":"https:\/\/motorista.com.br\/noticias\/wp-content\/uploads\/2026\/03\/cnh-scaled.jpg","width":2560,"height":1707},{"@type":"BreadcrumbList","@id":"https:\/\/motorista.com.br\/noticias\/2026\/03\/16\/projeto-de-lei-sugere-cnh-especifica-para-veiculos-automaticos\/#breadcrumb","itemListElement":[{"@type":"ListItem","position":1,"name":"In\u00edcio","item":"https:\/\/motorista.com.br\/noticias\/"},{"@type":"ListItem","position":2,"name":"Projeto de lei sugere CNH espec\u00edfica para ve\u00edculos autom\u00e1ticos."}]},{"@type":"WebSite","@id":"https:\/\/motorista.com.br\/noticias\/#website","url":"https:\/\/motorista.com.br\/noticias\/","name":"Motorista.com.br","description":"Not\u00edcia do Motorista","publisher":{"@id":"https:\/\/motorista.com.br\/noticias\/#organization"},"potentialAction":[{"@type":"SearchAction","target":{"@type":"EntryPoint","urlTemplate":"https:\/\/motorista.com.br\/noticias\/?s={search_term_string}"},"query-input":{"@type":"PropertyValueSpecification","valueRequired":true,"valueName":"search_term_string"}}],"inLanguage":"pt-BR"},{"@type":"Organization","@id":"https:\/\/motorista.com.br\/noticias\/#organization","name":"Motorista.com.br","url":"https:\/\/motorista.com.br\/noticias\/","logo":{"@type":"ImageObject","inLanguage":"pt-BR","@id":"https:\/\/motorista.com.br\/noticias\/#\/schema\/logo\/image\/","url":"https:\/\/motorista.com.br\/noticias\/wp-content\/uploads\/2025\/06\/Design-sem-nome-9.png","contentUrl":"https:\/\/motorista.com.br\/noticias\/wp-content\/uploads\/2025\/06\/Design-sem-nome-9.png","width":150,"height":85,"caption":"Motorista.com.br"},"image":{"@id":"https:\/\/motorista.com.br\/noticias\/#\/schema\/logo\/image\/"}},{"@type":"Person","@id":"https:\/\/motorista.com.br\/noticias\/#\/schema\/person\/dc93afc2981c0e3ce6bc3c053fd847be","name":"Equipe Reda\u00e7\u00e3o","image":{"@type":"ImageObject","inLanguage":"pt-BR","@id":"https:\/\/secure.gravatar.com\/avatar\/4f525efbf18dd2bb300ccad28bfb99d95a9465a5ba268407c8c37b37e1f28d2d?s=96&d=mm&r=g9e099043a0c61e9ae27e293b9fa75ffc","url":"https:\/\/secure.gravatar.com\/avatar\/4f525efbf18dd2bb300ccad28bfb99d95a9465a5ba268407c8c37b37e1f28d2d?s=96&d=mm&r=g","contentUrl":"https:\/\/secure.gravatar.com\/avatar\/4f525efbf18dd2bb300ccad28bfb99d95a9465a5ba268407c8c37b37e1f28d2d?s=96&d=mm&r=g","caption":"Equipe Reda\u00e7\u00e3o"},"description":"Equipe de reda\u00e7\u00e3o \u00e9 um grupo de profissionais que trabalham juntos para criar conte\u00fado escrito para Motorista.com.br","url":"https:\/\/motorista.com.br\/noticias\/author\/equiperedacao\/"}]}},"_links":{"self":[{"href":"https:\/\/motorista.com.br\/noticias\/wp-json\/wp\/v2\/posts\/7779","targetHints":{"allow":["GET"]}}],"collection":[{"href":"https:\/\/motorista.com.br\/noticias\/wp-json\/wp\/v2\/posts"}],"about":[{"href":"https:\/\/motorista.com.br\/noticias\/wp-json\/wp\/v2\/types\/post"}],"author":[{"embeddable":true,"href":"https:\/\/motorista.com.br\/noticias\/wp-json\/wp\/v2\/users\/4"}],"replies":[{"embeddable":true,"href":"https:\/\/motorista.com.br\/noticias\/wp-json\/wp\/v2\/comments?post=7779"}],"version-history":[{"count":0,"href":"https:\/\/motorista.com.br\/noticias\/wp-json\/wp\/v2\/posts\/7779\/revisions"}],"wp:featuredmedia":[{"embeddable":true,"href":"https:\/\/motorista.com.br\/noticias\/wp-json\/wp\/v2\/media\/7780"}],"wp:attachment":[{"href":"https:\/\/motorista.com.br\/noticias\/wp-json\/wp\/v2\/media?parent=7779"}],"wp:term":[{"taxonomy":"category","embeddable":true,"href":"https:\/\/motorista.com.br\/noticias\/wp-json\/wp\/v2\/categories?post=7779"},{"taxonomy":"post_tag","embeddable":true,"href":"https:\/\/motorista.com.br\/noticias\/wp-json\/wp\/v2\/tags?post=7779"},{"taxonomy":"author","embeddable":true,"href":"https:\/\/motorista.com.br\/noticias\/wp-json\/wp\/v2\/coauthors?post=7779"}],"curies":[{"name":"wp","href":"https:\/\/api.w.org\/{rel}","templated":true}]}}