{"id":7777,"date":"2026-03-16T01:48:04","date_gmt":"2026-03-16T04:48:04","guid":{"rendered":"https:\/\/motorista.com.br\/noticias\/2026\/03\/16\/vistoria-obrigatoria-para-veiculos-com-mais-de-cinco-anos\/"},"modified":"2026-03-16T01:48:04","modified_gmt":"2026-03-16T04:48:04","slug":"vistoria-obrigatoria-para-veiculos-com-mais-de-cinco-anos","status":"publish","type":"post","link":"https:\/\/motorista.com.br\/noticias\/2026\/03\/16\/vistoria-obrigatoria-para-veiculos-com-mais-de-cinco-anos\/","title":{"rendered":"Vistoria obrigat\u00f3ria para ve\u00edculos com mais de cinco anos."},"content":{"rendered":"<p><\/p>\n<h3>Projeto estabelece vistoria para ve\u00edculos com mais de cinco anos de fabrica\u00e7\u00e3o<\/h3>\n<p>A Comiss\u00e3o de Via\u00e7\u00e3o e Transportes da C\u00e2mara dos Deputados aprovou uma proposta que integra o Projeto de Lei 3507\/25, estabelecendo a vistoria veicular peri\u00f3dica para ve\u00edculos com mais de cinco anos de fabrica\u00e7\u00e3o. Essa medida visa promover a seguran\u00e7a no tr\u00e2nsito e o cuidado ambiental, uma vez que as vistorias incluir\u00e3o verifica\u00e7\u00f5es de itens essenciais de seguran\u00e7a e controle de emiss\u00f5es de poluentes e ru\u00eddo.<\/p>\n<p>A proposta determina que o Contran ser\u00e1 respons\u00e1vel por definir os intervalos das vistorias, e a condu\u00e7\u00e3o de um ve\u00edculo sem a vistoria obrigat\u00f3ria ser\u00e1 considerada uma infra\u00e7\u00e3o grave, sujeitando o condutor a uma multa de R$ 195,23, al\u00e9m de cinco pontos na CNH e a reten\u00e7\u00e3o do ve\u00edculo. Este aspecto \u00e9 fundamental num contexto onde o envelhecimento da frota veicular se torna uma preocupa\u00e7\u00e3o crescente.<\/p>\n<p>Vale destacar que a vistoria se difere da inspe\u00e7\u00e3o t\u00e9cnica realizada por institui\u00e7\u00f5es licenciadas, trazendo uma abordagem necess\u00e1ria para garantir a sa\u00fade da frota. Focando a obrigatoriedade apenas em ve\u00edculos mais antigos, a regra evita sobrecargar novos propriet\u00e1rios e possibilita uma transi\u00e7\u00e3o mais tranquila para a implementa\u00e7\u00e3o das vistorias.<\/p>\n<p>Essa iniciativa traz benef\u00edcios diretos para motoristas e para a mobilidade urbana como um todo. A periodicidade nas vistorias pode contribuir para a identifica\u00e7\u00e3o precoce de problemas mec\u00e2nicos que, se n\u00e3o tratados, podem resultar em acidentes. Isso n\u00e3o s\u00f3 aumenta a seguran\u00e7a dos motoristas e passageiros, mas tamb\u00e9m reduz os custos com manuten\u00e7\u00f5es emergenciais, beneficiando financeiramente o propriet\u00e1rio do ve\u00edculo.<\/p>\n<p>Ademais, ao estabelecer um controle mais riguroso sobre as emiss\u00f5es de poluentes, a proposta tamb\u00e9m colabora com a preserva\u00e7\u00e3o do meio ambiente. Ve\u00edculos mais antigos tendem a ser menos eficientes em termos de consumo de combust\u00edvel e emiss\u00e3o de poluentes, e essa nova regulamenta\u00e7\u00e3o incentiva uma motoriza\u00e7\u00e3o mais consciente e sustent\u00e1vel. Com a implementa\u00e7\u00e3o dessas vistorias, espera-se que os motoristas se tornem mais respons\u00e1veis, contribuindo assim para um tr\u00e2nsito mais seguro e um ambiente mais limpo.<\/p>\n<p>A combina\u00e7\u00e3o de seguran\u00e7a e cuidado ambiental torna a proposta uma resposta necess\u00e1ria \u00e0s demandas atuais de mobilidade, ao mesmo tempo em que promove um debate sobre a responsabilidade dos motoristas em rela\u00e7\u00e3o \u00e0 sua frota e ao bem-estar da comunidade.<\/p>\n<p>Fonte: www.cartadelogistica.com.br<\/p>\n","protected":false},"excerpt":{"rendered":"<p>Projeto estabelece vistoria para ve\u00edculos com mais de cinco anos de fabrica\u00e7\u00e3o A Comiss\u00e3o de Via\u00e7\u00e3o e Transportes da C\u00e2mara dos Deputados aprovou uma proposta que integra o Projeto de Lei 3507\/25, estabelecendo a vistoria veicular peri\u00f3dica para ve\u00edculos com mais de cinco anos de fabrica\u00e7\u00e3o. Essa medida visa promover a seguran\u00e7a no tr\u00e2nsito e &hellip;<\/p>\n","protected":false},"author":4,"featured_media":7778,"comment_status":"","ping_status":"open","sticky":false,"template":"","format":"standard","meta":{"footnotes":""},"categories":[62],"tags":[],"coauthors":[42],"class_list":["post-7777","post","type-post","status-publish","format-standard","has-post-thumbnail","hentry","category-logistica"],"yoast_head":"<!-- This site is optimized with the Yoast SEO Premium plugin v25.5 (Yoast SEO v27.5) - https:\/\/yoast.com\/product\/yoast-seo-premium-wordpress\/ -->\n<title>Vistoria obrigat\u00f3ria para ve\u00edculos com mais de cinco anos. - Motorista.com.br<\/title>\n<meta name=\"robots\" content=\"index, follow, max-snippet:-1, max-image-preview:large, max-video-preview:-1\" \/>\n<link rel=\"canonical\" href=\"https:\/\/motorista.com.br\/noticias\/2026\/03\/16\/vistoria-obrigatoria-para-veiculos-com-mais-de-cinco-anos\/\" \/>\n<meta property=\"og:locale\" content=\"pt_BR\" \/>\n<meta property=\"og:type\" content=\"article\" \/>\n<meta property=\"og:title\" content=\"Vistoria obrigat\u00f3ria para ve\u00edculos com mais de cinco anos.\" \/>\n<meta property=\"og:description\" content=\"Projeto estabelece vistoria para ve\u00edculos com mais de cinco anos de fabrica\u00e7\u00e3o A Comiss\u00e3o de Via\u00e7\u00e3o e Transportes da C\u00e2mara dos Deputados aprovou uma proposta que integra o Projeto de Lei 3507\/25, estabelecendo a vistoria veicular peri\u00f3dica para ve\u00edculos com mais de cinco anos de fabrica\u00e7\u00e3o. Essa medida visa promover a seguran\u00e7a no tr\u00e2nsito e &hellip;\" \/>\n<meta property=\"og:url\" content=\"https:\/\/motorista.com.br\/noticias\/2026\/03\/16\/vistoria-obrigatoria-para-veiculos-com-mais-de-cinco-anos\/\" \/>\n<meta property=\"og:site_name\" content=\"Motorista.com.br\" \/>\n<meta property=\"article:published_time\" content=\"2026-03-16T04:48:04+00:00\" \/>\n<meta name=\"author\" content=\"Equipe Reda\u00e7\u00e3o\" \/>\n<meta name=\"twitter:card\" content=\"summary_large_image\" \/>\n<meta name=\"twitter:label1\" content=\"Escrito por\" \/>\n\t<meta name=\"twitter:data1\" content=\"Equipe Reda\u00e7\u00e3o\" \/>\n\t<meta name=\"twitter:label2\" content=\"Est. tempo de leitura\" \/>\n\t<meta name=\"twitter:data2\" content=\"2 minutos\" \/>\n\t<meta name=\"twitter:label3\" content=\"Written by\" \/>\n\t<meta name=\"twitter:data3\" content=\"Equipe Reda\u00e7\u00e3o\" \/>\n<script type=\"application\/ld+json\" class=\"yoast-schema-graph\">{\"@context\":\"https:\\\/\\\/schema.org\",\"@graph\":[{\"@type\":\"Article\",\"@id\":\"https:\\\/\\\/motorista.com.br\\\/noticias\\\/2026\\\/03\\\/16\\\/vistoria-obrigatoria-para-veiculos-com-mais-de-cinco-anos\\\/#article\",\"isPartOf\":{\"@id\":\"https:\\\/\\\/motorista.com.br\\\/noticias\\\/2026\\\/03\\\/16\\\/vistoria-obrigatoria-para-veiculos-com-mais-de-cinco-anos\\\/\"},\"author\":{\"name\":\"Equipe Reda\u00e7\u00e3o\",\"@id\":\"https:\\\/\\\/motorista.com.br\\\/noticias\\\/#\\\/schema\\\/person\\\/dc93afc2981c0e3ce6bc3c053fd847be\"},\"headline\":\"Vistoria obrigat\u00f3ria para ve\u00edculos com mais de cinco anos.\",\"datePublished\":\"2026-03-16T04:48:04+00:00\",\"mainEntityOfPage\":{\"@id\":\"https:\\\/\\\/motorista.com.br\\\/noticias\\\/2026\\\/03\\\/16\\\/vistoria-obrigatoria-para-veiculos-com-mais-de-cinco-anos\\\/\"},\"wordCount\":441,\"publisher\":{\"@id\":\"https:\\\/\\\/motorista.com.br\\\/noticias\\\/#organization\"},\"image\":{\"@id\":\"https:\\\/\\\/motorista.com.br\\\/noticias\\\/2026\\\/03\\\/16\\\/vistoria-obrigatoria-para-veiculos-com-mais-de-cinco-anos\\\/#primaryimage\"},\"thumbnailUrl\":\"https:\\\/\\\/motorista.com.br\\\/noticias\\\/wp-content\\\/uploads\\\/2026\\\/03\\\/ID-CL-1000-px-x-830-px-Projeto-1.png\",\"articleSection\":[\"Log\u00edstica\"],\"inLanguage\":\"pt-BR\"},{\"@type\":\"WebPage\",\"@id\":\"https:\\\/\\\/motorista.com.br\\\/noticias\\\/2026\\\/03\\\/16\\\/vistoria-obrigatoria-para-veiculos-com-mais-de-cinco-anos\\\/\",\"url\":\"https:\\\/\\\/motorista.com.br\\\/noticias\\\/2026\\\/03\\\/16\\\/vistoria-obrigatoria-para-veiculos-com-mais-de-cinco-anos\\\/\",\"name\":\"Vistoria obrigat\u00f3ria para ve\u00edculos com mais de cinco anos. - Motorista.com.br\",\"isPartOf\":{\"@id\":\"https:\\\/\\\/motorista.com.br\\\/noticias\\\/#website\"},\"primaryImageOfPage\":{\"@id\":\"https:\\\/\\\/motorista.com.br\\\/noticias\\\/2026\\\/03\\\/16\\\/vistoria-obrigatoria-para-veiculos-com-mais-de-cinco-anos\\\/#primaryimage\"},\"image\":{\"@id\":\"https:\\\/\\\/motorista.com.br\\\/noticias\\\/2026\\\/03\\\/16\\\/vistoria-obrigatoria-para-veiculos-com-mais-de-cinco-anos\\\/#primaryimage\"},\"thumbnailUrl\":\"https:\\\/\\\/motorista.com.br\\\/noticias\\\/wp-content\\\/uploads\\\/2026\\\/03\\\/ID-CL-1000-px-x-830-px-Projeto-1.png\",\"datePublished\":\"2026-03-16T04:48:04+00:00\",\"breadcrumb\":{\"@id\":\"https:\\\/\\\/motorista.com.br\\\/noticias\\\/2026\\\/03\\\/16\\\/vistoria-obrigatoria-para-veiculos-com-mais-de-cinco-anos\\\/#breadcrumb\"},\"inLanguage\":\"pt-BR\",\"potentialAction\":[{\"@type\":\"ReadAction\",\"target\":[\"https:\\\/\\\/motorista.com.br\\\/noticias\\\/2026\\\/03\\\/16\\\/vistoria-obrigatoria-para-veiculos-com-mais-de-cinco-anos\\\/\"]}]},{\"@type\":\"ImageObject\",\"inLanguage\":\"pt-BR\",\"@id\":\"https:\\\/\\\/motorista.com.br\\\/noticias\\\/2026\\\/03\\\/16\\\/vistoria-obrigatoria-para-veiculos-com-mais-de-cinco-anos\\\/#primaryimage\",\"url\":\"https:\\\/\\\/motorista.com.br\\\/noticias\\\/wp-content\\\/uploads\\\/2026\\\/03\\\/ID-CL-1000-px-x-830-px-Projeto-1.png\",\"contentUrl\":\"https:\\\/\\\/motorista.com.br\\\/noticias\\\/wp-content\\\/uploads\\\/2026\\\/03\\\/ID-CL-1000-px-x-830-px-Projeto-1.png\",\"width\":1000,\"height\":821},{\"@type\":\"BreadcrumbList\",\"@id\":\"https:\\\/\\\/motorista.com.br\\\/noticias\\\/2026\\\/03\\\/16\\\/vistoria-obrigatoria-para-veiculos-com-mais-de-cinco-anos\\\/#breadcrumb\",\"itemListElement\":[{\"@type\":\"ListItem\",\"position\":1,\"name\":\"In\u00edcio\",\"item\":\"https:\\\/\\\/motorista.com.br\\\/noticias\\\/\"},{\"@type\":\"ListItem\",\"position\":2,\"name\":\"Vistoria obrigat\u00f3ria para ve\u00edculos com mais de cinco anos.\"}]},{\"@type\":\"WebSite\",\"@id\":\"https:\\\/\\\/motorista.com.br\\\/noticias\\\/#website\",\"url\":\"https:\\\/\\\/motorista.com.br\\\/noticias\\\/\",\"name\":\"Motorista.com.br\",\"description\":\"Not\u00edcia do Motorista\",\"publisher\":{\"@id\":\"https:\\\/\\\/motorista.com.br\\\/noticias\\\/#organization\"},\"potentialAction\":[{\"@type\":\"SearchAction\",\"target\":{\"@type\":\"EntryPoint\",\"urlTemplate\":\"https:\\\/\\\/motorista.com.br\\\/noticias\\\/?s={search_term_string}\"},\"query-input\":{\"@type\":\"PropertyValueSpecification\",\"valueRequired\":true,\"valueName\":\"search_term_string\"}}],\"inLanguage\":\"pt-BR\"},{\"@type\":\"Organization\",\"@id\":\"https:\\\/\\\/motorista.com.br\\\/noticias\\\/#organization\",\"name\":\"Motorista.com.br\",\"url\":\"https:\\\/\\\/motorista.com.br\\\/noticias\\\/\",\"logo\":{\"@type\":\"ImageObject\",\"inLanguage\":\"pt-BR\",\"@id\":\"https:\\\/\\\/motorista.com.br\\\/noticias\\\/#\\\/schema\\\/logo\\\/image\\\/\",\"url\":\"https:\\\/\\\/motorista.com.br\\\/noticias\\\/wp-content\\\/uploads\\\/2025\\\/06\\\/Design-sem-nome-9.png\",\"contentUrl\":\"https:\\\/\\\/motorista.com.br\\\/noticias\\\/wp-content\\\/uploads\\\/2025\\\/06\\\/Design-sem-nome-9.png\",\"width\":150,\"height\":85,\"caption\":\"Motorista.com.br\"},\"image\":{\"@id\":\"https:\\\/\\\/motorista.com.br\\\/noticias\\\/#\\\/schema\\\/logo\\\/image\\\/\"}},{\"@type\":\"Person\",\"@id\":\"https:\\\/\\\/motorista.com.br\\\/noticias\\\/#\\\/schema\\\/person\\\/dc93afc2981c0e3ce6bc3c053fd847be\",\"name\":\"Equipe Reda\u00e7\u00e3o\",\"image\":{\"@type\":\"ImageObject\",\"inLanguage\":\"pt-BR\",\"@id\":\"https:\\\/\\\/secure.gravatar.com\\\/avatar\\\/4f525efbf18dd2bb300ccad28bfb99d95a9465a5ba268407c8c37b37e1f28d2d?s=96&d=mm&r=g9e099043a0c61e9ae27e293b9fa75ffc\",\"url\":\"https:\\\/\\\/secure.gravatar.com\\\/avatar\\\/4f525efbf18dd2bb300ccad28bfb99d95a9465a5ba268407c8c37b37e1f28d2d?s=96&d=mm&r=g\",\"contentUrl\":\"https:\\\/\\\/secure.gravatar.com\\\/avatar\\\/4f525efbf18dd2bb300ccad28bfb99d95a9465a5ba268407c8c37b37e1f28d2d?s=96&d=mm&r=g\",\"caption\":\"Equipe Reda\u00e7\u00e3o\"},\"description\":\"Equipe de reda\u00e7\u00e3o \u00e9 um grupo de profissionais que trabalham juntos para criar conte\u00fado escrito para Motorista.com.br\",\"url\":\"https:\\\/\\\/motorista.com.br\\\/noticias\\\/author\\\/equiperedacao\\\/\"}]}<\/script>\n<!-- \/ Yoast SEO Premium plugin. -->","yoast_head_json":{"title":"Vistoria obrigat\u00f3ria para ve\u00edculos com mais de cinco anos. - Motorista.com.br","robots":{"index":"index","follow":"follow","max-snippet":"max-snippet:-1","max-image-preview":"max-image-preview:large","max-video-preview":"max-video-preview:-1"},"canonical":"https:\/\/motorista.com.br\/noticias\/2026\/03\/16\/vistoria-obrigatoria-para-veiculos-com-mais-de-cinco-anos\/","og_locale":"pt_BR","og_type":"article","og_title":"Vistoria obrigat\u00f3ria para ve\u00edculos com mais de cinco anos.","og_description":"Projeto estabelece vistoria para ve\u00edculos com mais de cinco anos de fabrica\u00e7\u00e3o A Comiss\u00e3o de Via\u00e7\u00e3o e Transportes da C\u00e2mara dos Deputados aprovou uma proposta que integra o Projeto de Lei 3507\/25, estabelecendo a vistoria veicular peri\u00f3dica para ve\u00edculos com mais de cinco anos de fabrica\u00e7\u00e3o. Essa medida visa promover a seguran\u00e7a no tr\u00e2nsito e &hellip;","og_url":"https:\/\/motorista.com.br\/noticias\/2026\/03\/16\/vistoria-obrigatoria-para-veiculos-com-mais-de-cinco-anos\/","og_site_name":"Motorista.com.br","article_published_time":"2026-03-16T04:48:04+00:00","author":"Equipe Reda\u00e7\u00e3o","twitter_card":"summary_large_image","twitter_misc":{"Escrito por":"Equipe Reda\u00e7\u00e3o","Est. tempo de leitura":"2 minutos","Written by":"Equipe Reda\u00e7\u00e3o"},"schema":{"@context":"https:\/\/schema.org","@graph":[{"@type":"Article","@id":"https:\/\/motorista.com.br\/noticias\/2026\/03\/16\/vistoria-obrigatoria-para-veiculos-com-mais-de-cinco-anos\/#article","isPartOf":{"@id":"https:\/\/motorista.com.br\/noticias\/2026\/03\/16\/vistoria-obrigatoria-para-veiculos-com-mais-de-cinco-anos\/"},"author":{"name":"Equipe Reda\u00e7\u00e3o","@id":"https:\/\/motorista.com.br\/noticias\/#\/schema\/person\/dc93afc2981c0e3ce6bc3c053fd847be"},"headline":"Vistoria obrigat\u00f3ria para ve\u00edculos com mais de cinco anos.","datePublished":"2026-03-16T04:48:04+00:00","mainEntityOfPage":{"@id":"https:\/\/motorista.com.br\/noticias\/2026\/03\/16\/vistoria-obrigatoria-para-veiculos-com-mais-de-cinco-anos\/"},"wordCount":441,"publisher":{"@id":"https:\/\/motorista.com.br\/noticias\/#organization"},"image":{"@id":"https:\/\/motorista.com.br\/noticias\/2026\/03\/16\/vistoria-obrigatoria-para-veiculos-com-mais-de-cinco-anos\/#primaryimage"},"thumbnailUrl":"https:\/\/motorista.com.br\/noticias\/wp-content\/uploads\/2026\/03\/ID-CL-1000-px-x-830-px-Projeto-1.png","articleSection":["Log\u00edstica"],"inLanguage":"pt-BR"},{"@type":"WebPage","@id":"https:\/\/motorista.com.br\/noticias\/2026\/03\/16\/vistoria-obrigatoria-para-veiculos-com-mais-de-cinco-anos\/","url":"https:\/\/motorista.com.br\/noticias\/2026\/03\/16\/vistoria-obrigatoria-para-veiculos-com-mais-de-cinco-anos\/","name":"Vistoria obrigat\u00f3ria para ve\u00edculos com mais de cinco anos. - Motorista.com.br","isPartOf":{"@id":"https:\/\/motorista.com.br\/noticias\/#website"},"primaryImageOfPage":{"@id":"https:\/\/motorista.com.br\/noticias\/2026\/03\/16\/vistoria-obrigatoria-para-veiculos-com-mais-de-cinco-anos\/#primaryimage"},"image":{"@id":"https:\/\/motorista.com.br\/noticias\/2026\/03\/16\/vistoria-obrigatoria-para-veiculos-com-mais-de-cinco-anos\/#primaryimage"},"thumbnailUrl":"https:\/\/motorista.com.br\/noticias\/wp-content\/uploads\/2026\/03\/ID-CL-1000-px-x-830-px-Projeto-1.png","datePublished":"2026-03-16T04:48:04+00:00","breadcrumb":{"@id":"https:\/\/motorista.com.br\/noticias\/2026\/03\/16\/vistoria-obrigatoria-para-veiculos-com-mais-de-cinco-anos\/#breadcrumb"},"inLanguage":"pt-BR","potentialAction":[{"@type":"ReadAction","target":["https:\/\/motorista.com.br\/noticias\/2026\/03\/16\/vistoria-obrigatoria-para-veiculos-com-mais-de-cinco-anos\/"]}]},{"@type":"ImageObject","inLanguage":"pt-BR","@id":"https:\/\/motorista.com.br\/noticias\/2026\/03\/16\/vistoria-obrigatoria-para-veiculos-com-mais-de-cinco-anos\/#primaryimage","url":"https:\/\/motorista.com.br\/noticias\/wp-content\/uploads\/2026\/03\/ID-CL-1000-px-x-830-px-Projeto-1.png","contentUrl":"https:\/\/motorista.com.br\/noticias\/wp-content\/uploads\/2026\/03\/ID-CL-1000-px-x-830-px-Projeto-1.png","width":1000,"height":821},{"@type":"BreadcrumbList","@id":"https:\/\/motorista.com.br\/noticias\/2026\/03\/16\/vistoria-obrigatoria-para-veiculos-com-mais-de-cinco-anos\/#breadcrumb","itemListElement":[{"@type":"ListItem","position":1,"name":"In\u00edcio","item":"https:\/\/motorista.com.br\/noticias\/"},{"@type":"ListItem","position":2,"name":"Vistoria obrigat\u00f3ria para ve\u00edculos com mais de cinco anos."}]},{"@type":"WebSite","@id":"https:\/\/motorista.com.br\/noticias\/#website","url":"https:\/\/motorista.com.br\/noticias\/","name":"Motorista.com.br","description":"Not\u00edcia do Motorista","publisher":{"@id":"https:\/\/motorista.com.br\/noticias\/#organization"},"potentialAction":[{"@type":"SearchAction","target":{"@type":"EntryPoint","urlTemplate":"https:\/\/motorista.com.br\/noticias\/?s={search_term_string}"},"query-input":{"@type":"PropertyValueSpecification","valueRequired":true,"valueName":"search_term_string"}}],"inLanguage":"pt-BR"},{"@type":"Organization","@id":"https:\/\/motorista.com.br\/noticias\/#organization","name":"Motorista.com.br","url":"https:\/\/motorista.com.br\/noticias\/","logo":{"@type":"ImageObject","inLanguage":"pt-BR","@id":"https:\/\/motorista.com.br\/noticias\/#\/schema\/logo\/image\/","url":"https:\/\/motorista.com.br\/noticias\/wp-content\/uploads\/2025\/06\/Design-sem-nome-9.png","contentUrl":"https:\/\/motorista.com.br\/noticias\/wp-content\/uploads\/2025\/06\/Design-sem-nome-9.png","width":150,"height":85,"caption":"Motorista.com.br"},"image":{"@id":"https:\/\/motorista.com.br\/noticias\/#\/schema\/logo\/image\/"}},{"@type":"Person","@id":"https:\/\/motorista.com.br\/noticias\/#\/schema\/person\/dc93afc2981c0e3ce6bc3c053fd847be","name":"Equipe Reda\u00e7\u00e3o","image":{"@type":"ImageObject","inLanguage":"pt-BR","@id":"https:\/\/secure.gravatar.com\/avatar\/4f525efbf18dd2bb300ccad28bfb99d95a9465a5ba268407c8c37b37e1f28d2d?s=96&d=mm&r=g9e099043a0c61e9ae27e293b9fa75ffc","url":"https:\/\/secure.gravatar.com\/avatar\/4f525efbf18dd2bb300ccad28bfb99d95a9465a5ba268407c8c37b37e1f28d2d?s=96&d=mm&r=g","contentUrl":"https:\/\/secure.gravatar.com\/avatar\/4f525efbf18dd2bb300ccad28bfb99d95a9465a5ba268407c8c37b37e1f28d2d?s=96&d=mm&r=g","caption":"Equipe Reda\u00e7\u00e3o"},"description":"Equipe de reda\u00e7\u00e3o \u00e9 um grupo de profissionais que trabalham juntos para criar conte\u00fado escrito para Motorista.com.br","url":"https:\/\/motorista.com.br\/noticias\/author\/equiperedacao\/"}]}},"_links":{"self":[{"href":"https:\/\/motorista.com.br\/noticias\/wp-json\/wp\/v2\/posts\/7777","targetHints":{"allow":["GET"]}}],"collection":[{"href":"https:\/\/motorista.com.br\/noticias\/wp-json\/wp\/v2\/posts"}],"about":[{"href":"https:\/\/motorista.com.br\/noticias\/wp-json\/wp\/v2\/types\/post"}],"author":[{"embeddable":true,"href":"https:\/\/motorista.com.br\/noticias\/wp-json\/wp\/v2\/users\/4"}],"replies":[{"embeddable":true,"href":"https:\/\/motorista.com.br\/noticias\/wp-json\/wp\/v2\/comments?post=7777"}],"version-history":[{"count":0,"href":"https:\/\/motorista.com.br\/noticias\/wp-json\/wp\/v2\/posts\/7777\/revisions"}],"wp:featuredmedia":[{"embeddable":true,"href":"https:\/\/motorista.com.br\/noticias\/wp-json\/wp\/v2\/media\/7778"}],"wp:attachment":[{"href":"https:\/\/motorista.com.br\/noticias\/wp-json\/wp\/v2\/media?parent=7777"}],"wp:term":[{"taxonomy":"category","embeddable":true,"href":"https:\/\/motorista.com.br\/noticias\/wp-json\/wp\/v2\/categories?post=7777"},{"taxonomy":"post_tag","embeddable":true,"href":"https:\/\/motorista.com.br\/noticias\/wp-json\/wp\/v2\/tags?post=7777"},{"taxonomy":"author","embeddable":true,"href":"https:\/\/motorista.com.br\/noticias\/wp-json\/wp\/v2\/coauthors?post=7777"}],"curies":[{"name":"wp","href":"https:\/\/api.w.org\/{rel}","templated":true}]}}