{"id":7775,"date":"2026-03-16T01:23:51","date_gmt":"2026-03-16T04:23:51","guid":{"rendered":"https:\/\/motorista.com.br\/noticias\/2026\/03\/16\/mortes-nas-rodovias-do-parana-aumentam-14-em-2026\/"},"modified":"2026-03-16T01:23:51","modified_gmt":"2026-03-16T04:23:51","slug":"mortes-nas-rodovias-do-parana-aumentam-14-em-2026","status":"publish","type":"post","link":"https:\/\/motorista.com.br\/noticias\/2026\/03\/16\/mortes-nas-rodovias-do-parana-aumentam-14-em-2026\/","title":{"rendered":"Mortes nas rodovias do Paran\u00e1 aumentam 14% em 2026"},"content":{"rendered":"<p><\/p>\n<p><strong>N\u00famero de mortes nas rodovias do Paran\u00e1 sobe 14% em 2026<\/strong><\/p>\n<p>Os acidentes nas rodovias do Paran\u00e1 est\u00e3o se tornando cada vez mais letais. Nos primeiros dois meses de 2026, 101 pessoas perderam a vida, um aumento significativo em rela\u00e7\u00e3o \u00e0s 88 mortes registradas no mesmo per\u00edodo de 2025, representando uma eleva\u00e7\u00e3o de 14,7%. Esses dados da Pol\u00edcia Rodovi\u00e1ria Federal (PRF) mostram uma tend\u00eancia alarmante de aumento nas fatalidades nas estradas do estado.<\/p>\n<p>Observando os n\u00fameros dos \u00faltimos anos, nota-se que a situa\u00e7\u00e3o vem se deteriorando. Em 2024, ocorreram 83 mortes; em 2025, esse n\u00famero subiu para 88, e agora, em 2026, atingiu 101. O crescimento acumulado de 21,7% nos \u00faltimos dois anos enfatiza a urg\u00eancia de uma mudan\u00e7a nos comportamentos dos motoristas e uma maior aten\u00e7\u00e3o \u00e0 seguran\u00e7a nas rodovias federais.<\/p>\n<p>Al\u00e9m do aumento no n\u00famero de mortes, tamb\u00e9m foi registrado um crescimento nos acidentes. Em 2026, ocorreram 1.190 incidentes, em compara\u00e7\u00e3o com 1.155 no in\u00edcio do ano anterior. As colis\u00f5es fatais passaram de 76 para 85, enquanto o n\u00famero total de feridos aumentou de 1.342 para 1.408.<\/p>\n<p>As colis\u00f5es frontais continuam sendo as mais devastadoras, representando cerca de 27% das mortes. Outro dado preocupante \u00e9 o crescimento dos atropelamentos, com um aumento de 77,8% em fatalidades, passando de 9 em 2025 para 16 em 2026. Isso ilustra a vulnerabilidade dos pedestres, especialmente em trechos urbanos, onde travessias irregulares elevam os riscos, especialmente em hor\u00e1rios com pouca luz.<\/p>\n<h3>Impacto na Mobilidade e Seguran\u00e7a<\/h3>\n<p>Esse cen\u00e1rio de crescente viol\u00eancia nas estradas n\u00e3o afeta apenas os motoristas, mas repercute em toda a din\u00e2mica de mobilidade do estado. Cada morte representa uma vida perdida, impactando familiares, amigos e comunidades inteiras. O aumento das fatalidades e acidentes sobrecarrega os servi\u00e7os de emerg\u00eancia e afeta a economia local, principalmente em cidades que dependem do transporte rodovi\u00e1rio.<\/p>\n<p>As estat\u00edsticas da PRF tamb\u00e9m revelam um aumento nas autua\u00e7\u00f5es. At\u00e9 agora em 2026, 2.521 motoristas foram multados por ultrapassagens indevidas, al\u00e9m de mais de 93 mil autua\u00e7\u00f5es por excesso de velocidade e um aumento nos casos de embriaguez ao volante. Esses dados sugerem uma clara necessidade de refor\u00e7ar campanhas educacionais e criar estrat\u00e9gias de fiscaliza\u00e7\u00e3o mais eficazes.<\/p>\n<p>Promover uma cultura de respeito \u00e0s regras de tr\u00e2nsito pode beneficiar n\u00e3o apenas os motoristas, mas toda a sociedade. Medidas que incentivem a dire\u00e7\u00e3o defensiva e o respeito \u00e0s normas podem reduzir o n\u00famero de acidentes, garantindo n\u00e3o apenas maior seguran\u00e7a, mas tamb\u00e9m uma mobilidade mais fluida, essencial para o desenvolvimento econ\u00f4mico e social do Paran\u00e1.<\/p>\n<p>Portanto, \u00e9 fundamental que motoristas, pedestres e autoridades se unam em esfor\u00e7os para reverter essa tend\u00eancia crescente de mortalidade nas estradas. O futuro da mobilidade no estado depende da conscientiza\u00e7\u00e3o e do compromisso de todos com a seguran\u00e7a no tr\u00e2nsito.<\/p>\n<p><strong>Fonte: blogdocaminhoneiro<\/strong><\/p>\n","protected":false},"excerpt":{"rendered":"<p>N\u00famero de mortes nas rodovias do Paran\u00e1 sobe 14% em 2026 Os acidentes nas rodovias do Paran\u00e1 est\u00e3o se tornando cada vez mais letais. Nos primeiros dois meses de 2026, 101 pessoas perderam a vida, um aumento significativo em rela\u00e7\u00e3o \u00e0s 88 mortes registradas no mesmo per\u00edodo de 2025, representando uma eleva\u00e7\u00e3o de 14,7%. Esses &hellip;<\/p>\n","protected":false},"author":4,"featured_media":7776,"comment_status":"","ping_status":"open","sticky":false,"template":"","format":"standard","meta":{"footnotes":""},"categories":[78,77],"tags":[],"coauthors":[42],"class_list":["post-7775","post","type-post","status-publish","format-standard","has-post-thumbnail","hentry","category-carreteiro","category-motorista"],"yoast_head":"<!-- This site is optimized with the Yoast SEO Premium plugin v25.5 (Yoast SEO v27.5) - https:\/\/yoast.com\/product\/yoast-seo-premium-wordpress\/ -->\n<title>Mortes nas rodovias do Paran\u00e1 aumentam 14% em 2026 - Motorista.com.br<\/title>\n<meta name=\"robots\" content=\"index, follow, max-snippet:-1, max-image-preview:large, max-video-preview:-1\" \/>\n<link rel=\"canonical\" href=\"https:\/\/motorista.com.br\/noticias\/2026\/03\/16\/mortes-nas-rodovias-do-parana-aumentam-14-em-2026\/\" \/>\n<meta property=\"og:locale\" content=\"pt_BR\" \/>\n<meta property=\"og:type\" content=\"article\" \/>\n<meta property=\"og:title\" content=\"Mortes nas rodovias do Paran\u00e1 aumentam 14% em 2026\" \/>\n<meta property=\"og:description\" content=\"N\u00famero de mortes nas rodovias do Paran\u00e1 sobe 14% em 2026 Os acidentes nas rodovias do Paran\u00e1 est\u00e3o se tornando cada vez mais letais. Nos primeiros dois meses de 2026, 101 pessoas perderam a vida, um aumento significativo em rela\u00e7\u00e3o \u00e0s 88 mortes registradas no mesmo per\u00edodo de 2025, representando uma eleva\u00e7\u00e3o de 14,7%. Esses &hellip;\" \/>\n<meta property=\"og:url\" content=\"https:\/\/motorista.com.br\/noticias\/2026\/03\/16\/mortes-nas-rodovias-do-parana-aumentam-14-em-2026\/\" \/>\n<meta property=\"og:site_name\" content=\"Motorista.com.br\" \/>\n<meta property=\"article:published_time\" content=\"2026-03-16T04:23:51+00:00\" \/>\n<meta name=\"author\" content=\"Equipe Reda\u00e7\u00e3o\" \/>\n<meta name=\"twitter:card\" content=\"summary_large_image\" \/>\n<meta name=\"twitter:label1\" content=\"Escrito por\" \/>\n\t<meta name=\"twitter:data1\" content=\"Equipe Reda\u00e7\u00e3o\" \/>\n\t<meta name=\"twitter:label2\" content=\"Est. tempo de leitura\" \/>\n\t<meta name=\"twitter:data2\" content=\"2 minutos\" \/>\n\t<meta name=\"twitter:label3\" content=\"Written by\" \/>\n\t<meta name=\"twitter:data3\" content=\"Equipe Reda\u00e7\u00e3o\" \/>\n<script type=\"application\/ld+json\" class=\"yoast-schema-graph\">{\"@context\":\"https:\\\/\\\/schema.org\",\"@graph\":[{\"@type\":\"Article\",\"@id\":\"https:\\\/\\\/motorista.com.br\\\/noticias\\\/2026\\\/03\\\/16\\\/mortes-nas-rodovias-do-parana-aumentam-14-em-2026\\\/#article\",\"isPartOf\":{\"@id\":\"https:\\\/\\\/motorista.com.br\\\/noticias\\\/2026\\\/03\\\/16\\\/mortes-nas-rodovias-do-parana-aumentam-14-em-2026\\\/\"},\"author\":{\"name\":\"Equipe Reda\u00e7\u00e3o\",\"@id\":\"https:\\\/\\\/motorista.com.br\\\/noticias\\\/#\\\/schema\\\/person\\\/dc93afc2981c0e3ce6bc3c053fd847be\"},\"headline\":\"Mortes nas rodovias do Paran\u00e1 aumentam 14% em 2026\",\"datePublished\":\"2026-03-16T04:23:51+00:00\",\"mainEntityOfPage\":{\"@id\":\"https:\\\/\\\/motorista.com.br\\\/noticias\\\/2026\\\/03\\\/16\\\/mortes-nas-rodovias-do-parana-aumentam-14-em-2026\\\/\"},\"wordCount\":485,\"publisher\":{\"@id\":\"https:\\\/\\\/motorista.com.br\\\/noticias\\\/#organization\"},\"image\":{\"@id\":\"https:\\\/\\\/motorista.com.br\\\/noticias\\\/2026\\\/03\\\/16\\\/mortes-nas-rodovias-do-parana-aumentam-14-em-2026\\\/#primaryimage\"},\"thumbnailUrl\":\"https:\\\/\\\/motorista.com.br\\\/noticias\\\/wp-content\\\/uploads\\\/2026\\\/03\\\/acd2.jpeg\",\"articleSection\":[\"Carreteiro\",\"Motorista\"],\"inLanguage\":\"pt-BR\"},{\"@type\":\"WebPage\",\"@id\":\"https:\\\/\\\/motorista.com.br\\\/noticias\\\/2026\\\/03\\\/16\\\/mortes-nas-rodovias-do-parana-aumentam-14-em-2026\\\/\",\"url\":\"https:\\\/\\\/motorista.com.br\\\/noticias\\\/2026\\\/03\\\/16\\\/mortes-nas-rodovias-do-parana-aumentam-14-em-2026\\\/\",\"name\":\"Mortes nas rodovias do Paran\u00e1 aumentam 14% em 2026 - Motorista.com.br\",\"isPartOf\":{\"@id\":\"https:\\\/\\\/motorista.com.br\\\/noticias\\\/#website\"},\"primaryImageOfPage\":{\"@id\":\"https:\\\/\\\/motorista.com.br\\\/noticias\\\/2026\\\/03\\\/16\\\/mortes-nas-rodovias-do-parana-aumentam-14-em-2026\\\/#primaryimage\"},\"image\":{\"@id\":\"https:\\\/\\\/motorista.com.br\\\/noticias\\\/2026\\\/03\\\/16\\\/mortes-nas-rodovias-do-parana-aumentam-14-em-2026\\\/#primaryimage\"},\"thumbnailUrl\":\"https:\\\/\\\/motorista.com.br\\\/noticias\\\/wp-content\\\/uploads\\\/2026\\\/03\\\/acd2.jpeg\",\"datePublished\":\"2026-03-16T04:23:51+00:00\",\"breadcrumb\":{\"@id\":\"https:\\\/\\\/motorista.com.br\\\/noticias\\\/2026\\\/03\\\/16\\\/mortes-nas-rodovias-do-parana-aumentam-14-em-2026\\\/#breadcrumb\"},\"inLanguage\":\"pt-BR\",\"potentialAction\":[{\"@type\":\"ReadAction\",\"target\":[\"https:\\\/\\\/motorista.com.br\\\/noticias\\\/2026\\\/03\\\/16\\\/mortes-nas-rodovias-do-parana-aumentam-14-em-2026\\\/\"]}]},{\"@type\":\"ImageObject\",\"inLanguage\":\"pt-BR\",\"@id\":\"https:\\\/\\\/motorista.com.br\\\/noticias\\\/2026\\\/03\\\/16\\\/mortes-nas-rodovias-do-parana-aumentam-14-em-2026\\\/#primaryimage\",\"url\":\"https:\\\/\\\/motorista.com.br\\\/noticias\\\/wp-content\\\/uploads\\\/2026\\\/03\\\/acd2.jpeg\",\"contentUrl\":\"https:\\\/\\\/motorista.com.br\\\/noticias\\\/wp-content\\\/uploads\\\/2026\\\/03\\\/acd2.jpeg\",\"width\":1413,\"height\":900},{\"@type\":\"BreadcrumbList\",\"@id\":\"https:\\\/\\\/motorista.com.br\\\/noticias\\\/2026\\\/03\\\/16\\\/mortes-nas-rodovias-do-parana-aumentam-14-em-2026\\\/#breadcrumb\",\"itemListElement\":[{\"@type\":\"ListItem\",\"position\":1,\"name\":\"In\u00edcio\",\"item\":\"https:\\\/\\\/motorista.com.br\\\/noticias\\\/\"},{\"@type\":\"ListItem\",\"position\":2,\"name\":\"Mortes nas rodovias do Paran\u00e1 aumentam 14% em 2026\"}]},{\"@type\":\"WebSite\",\"@id\":\"https:\\\/\\\/motorista.com.br\\\/noticias\\\/#website\",\"url\":\"https:\\\/\\\/motorista.com.br\\\/noticias\\\/\",\"name\":\"Motorista.com.br\",\"description\":\"Not\u00edcia do Motorista\",\"publisher\":{\"@id\":\"https:\\\/\\\/motorista.com.br\\\/noticias\\\/#organization\"},\"potentialAction\":[{\"@type\":\"SearchAction\",\"target\":{\"@type\":\"EntryPoint\",\"urlTemplate\":\"https:\\\/\\\/motorista.com.br\\\/noticias\\\/?s={search_term_string}\"},\"query-input\":{\"@type\":\"PropertyValueSpecification\",\"valueRequired\":true,\"valueName\":\"search_term_string\"}}],\"inLanguage\":\"pt-BR\"},{\"@type\":\"Organization\",\"@id\":\"https:\\\/\\\/motorista.com.br\\\/noticias\\\/#organization\",\"name\":\"Motorista.com.br\",\"url\":\"https:\\\/\\\/motorista.com.br\\\/noticias\\\/\",\"logo\":{\"@type\":\"ImageObject\",\"inLanguage\":\"pt-BR\",\"@id\":\"https:\\\/\\\/motorista.com.br\\\/noticias\\\/#\\\/schema\\\/logo\\\/image\\\/\",\"url\":\"https:\\\/\\\/motorista.com.br\\\/noticias\\\/wp-content\\\/uploads\\\/2025\\\/06\\\/Design-sem-nome-9.png\",\"contentUrl\":\"https:\\\/\\\/motorista.com.br\\\/noticias\\\/wp-content\\\/uploads\\\/2025\\\/06\\\/Design-sem-nome-9.png\",\"width\":150,\"height\":85,\"caption\":\"Motorista.com.br\"},\"image\":{\"@id\":\"https:\\\/\\\/motorista.com.br\\\/noticias\\\/#\\\/schema\\\/logo\\\/image\\\/\"}},{\"@type\":\"Person\",\"@id\":\"https:\\\/\\\/motorista.com.br\\\/noticias\\\/#\\\/schema\\\/person\\\/dc93afc2981c0e3ce6bc3c053fd847be\",\"name\":\"Equipe Reda\u00e7\u00e3o\",\"image\":{\"@type\":\"ImageObject\",\"inLanguage\":\"pt-BR\",\"@id\":\"https:\\\/\\\/secure.gravatar.com\\\/avatar\\\/4f525efbf18dd2bb300ccad28bfb99d95a9465a5ba268407c8c37b37e1f28d2d?s=96&d=mm&r=g9e099043a0c61e9ae27e293b9fa75ffc\",\"url\":\"https:\\\/\\\/secure.gravatar.com\\\/avatar\\\/4f525efbf18dd2bb300ccad28bfb99d95a9465a5ba268407c8c37b37e1f28d2d?s=96&d=mm&r=g\",\"contentUrl\":\"https:\\\/\\\/secure.gravatar.com\\\/avatar\\\/4f525efbf18dd2bb300ccad28bfb99d95a9465a5ba268407c8c37b37e1f28d2d?s=96&d=mm&r=g\",\"caption\":\"Equipe Reda\u00e7\u00e3o\"},\"description\":\"Equipe de reda\u00e7\u00e3o \u00e9 um grupo de profissionais que trabalham juntos para criar conte\u00fado escrito para Motorista.com.br\",\"url\":\"https:\\\/\\\/motorista.com.br\\\/noticias\\\/author\\\/equiperedacao\\\/\"}]}<\/script>\n<!-- \/ Yoast SEO Premium plugin. -->","yoast_head_json":{"title":"Mortes nas rodovias do Paran\u00e1 aumentam 14% em 2026 - Motorista.com.br","robots":{"index":"index","follow":"follow","max-snippet":"max-snippet:-1","max-image-preview":"max-image-preview:large","max-video-preview":"max-video-preview:-1"},"canonical":"https:\/\/motorista.com.br\/noticias\/2026\/03\/16\/mortes-nas-rodovias-do-parana-aumentam-14-em-2026\/","og_locale":"pt_BR","og_type":"article","og_title":"Mortes nas rodovias do Paran\u00e1 aumentam 14% em 2026","og_description":"N\u00famero de mortes nas rodovias do Paran\u00e1 sobe 14% em 2026 Os acidentes nas rodovias do Paran\u00e1 est\u00e3o se tornando cada vez mais letais. Nos primeiros dois meses de 2026, 101 pessoas perderam a vida, um aumento significativo em rela\u00e7\u00e3o \u00e0s 88 mortes registradas no mesmo per\u00edodo de 2025, representando uma eleva\u00e7\u00e3o de 14,7%. Esses &hellip;","og_url":"https:\/\/motorista.com.br\/noticias\/2026\/03\/16\/mortes-nas-rodovias-do-parana-aumentam-14-em-2026\/","og_site_name":"Motorista.com.br","article_published_time":"2026-03-16T04:23:51+00:00","author":"Equipe Reda\u00e7\u00e3o","twitter_card":"summary_large_image","twitter_misc":{"Escrito por":"Equipe Reda\u00e7\u00e3o","Est. tempo de leitura":"2 minutos","Written by":"Equipe Reda\u00e7\u00e3o"},"schema":{"@context":"https:\/\/schema.org","@graph":[{"@type":"Article","@id":"https:\/\/motorista.com.br\/noticias\/2026\/03\/16\/mortes-nas-rodovias-do-parana-aumentam-14-em-2026\/#article","isPartOf":{"@id":"https:\/\/motorista.com.br\/noticias\/2026\/03\/16\/mortes-nas-rodovias-do-parana-aumentam-14-em-2026\/"},"author":{"name":"Equipe Reda\u00e7\u00e3o","@id":"https:\/\/motorista.com.br\/noticias\/#\/schema\/person\/dc93afc2981c0e3ce6bc3c053fd847be"},"headline":"Mortes nas rodovias do Paran\u00e1 aumentam 14% em 2026","datePublished":"2026-03-16T04:23:51+00:00","mainEntityOfPage":{"@id":"https:\/\/motorista.com.br\/noticias\/2026\/03\/16\/mortes-nas-rodovias-do-parana-aumentam-14-em-2026\/"},"wordCount":485,"publisher":{"@id":"https:\/\/motorista.com.br\/noticias\/#organization"},"image":{"@id":"https:\/\/motorista.com.br\/noticias\/2026\/03\/16\/mortes-nas-rodovias-do-parana-aumentam-14-em-2026\/#primaryimage"},"thumbnailUrl":"https:\/\/motorista.com.br\/noticias\/wp-content\/uploads\/2026\/03\/acd2.jpeg","articleSection":["Carreteiro","Motorista"],"inLanguage":"pt-BR"},{"@type":"WebPage","@id":"https:\/\/motorista.com.br\/noticias\/2026\/03\/16\/mortes-nas-rodovias-do-parana-aumentam-14-em-2026\/","url":"https:\/\/motorista.com.br\/noticias\/2026\/03\/16\/mortes-nas-rodovias-do-parana-aumentam-14-em-2026\/","name":"Mortes nas rodovias do Paran\u00e1 aumentam 14% em 2026 - Motorista.com.br","isPartOf":{"@id":"https:\/\/motorista.com.br\/noticias\/#website"},"primaryImageOfPage":{"@id":"https:\/\/motorista.com.br\/noticias\/2026\/03\/16\/mortes-nas-rodovias-do-parana-aumentam-14-em-2026\/#primaryimage"},"image":{"@id":"https:\/\/motorista.com.br\/noticias\/2026\/03\/16\/mortes-nas-rodovias-do-parana-aumentam-14-em-2026\/#primaryimage"},"thumbnailUrl":"https:\/\/motorista.com.br\/noticias\/wp-content\/uploads\/2026\/03\/acd2.jpeg","datePublished":"2026-03-16T04:23:51+00:00","breadcrumb":{"@id":"https:\/\/motorista.com.br\/noticias\/2026\/03\/16\/mortes-nas-rodovias-do-parana-aumentam-14-em-2026\/#breadcrumb"},"inLanguage":"pt-BR","potentialAction":[{"@type":"ReadAction","target":["https:\/\/motorista.com.br\/noticias\/2026\/03\/16\/mortes-nas-rodovias-do-parana-aumentam-14-em-2026\/"]}]},{"@type":"ImageObject","inLanguage":"pt-BR","@id":"https:\/\/motorista.com.br\/noticias\/2026\/03\/16\/mortes-nas-rodovias-do-parana-aumentam-14-em-2026\/#primaryimage","url":"https:\/\/motorista.com.br\/noticias\/wp-content\/uploads\/2026\/03\/acd2.jpeg","contentUrl":"https:\/\/motorista.com.br\/noticias\/wp-content\/uploads\/2026\/03\/acd2.jpeg","width":1413,"height":900},{"@type":"BreadcrumbList","@id":"https:\/\/motorista.com.br\/noticias\/2026\/03\/16\/mortes-nas-rodovias-do-parana-aumentam-14-em-2026\/#breadcrumb","itemListElement":[{"@type":"ListItem","position":1,"name":"In\u00edcio","item":"https:\/\/motorista.com.br\/noticias\/"},{"@type":"ListItem","position":2,"name":"Mortes nas rodovias do Paran\u00e1 aumentam 14% em 2026"}]},{"@type":"WebSite","@id":"https:\/\/motorista.com.br\/noticias\/#website","url":"https:\/\/motorista.com.br\/noticias\/","name":"Motorista.com.br","description":"Not\u00edcia do Motorista","publisher":{"@id":"https:\/\/motorista.com.br\/noticias\/#organization"},"potentialAction":[{"@type":"SearchAction","target":{"@type":"EntryPoint","urlTemplate":"https:\/\/motorista.com.br\/noticias\/?s={search_term_string}"},"query-input":{"@type":"PropertyValueSpecification","valueRequired":true,"valueName":"search_term_string"}}],"inLanguage":"pt-BR"},{"@type":"Organization","@id":"https:\/\/motorista.com.br\/noticias\/#organization","name":"Motorista.com.br","url":"https:\/\/motorista.com.br\/noticias\/","logo":{"@type":"ImageObject","inLanguage":"pt-BR","@id":"https:\/\/motorista.com.br\/noticias\/#\/schema\/logo\/image\/","url":"https:\/\/motorista.com.br\/noticias\/wp-content\/uploads\/2025\/06\/Design-sem-nome-9.png","contentUrl":"https:\/\/motorista.com.br\/noticias\/wp-content\/uploads\/2025\/06\/Design-sem-nome-9.png","width":150,"height":85,"caption":"Motorista.com.br"},"image":{"@id":"https:\/\/motorista.com.br\/noticias\/#\/schema\/logo\/image\/"}},{"@type":"Person","@id":"https:\/\/motorista.com.br\/noticias\/#\/schema\/person\/dc93afc2981c0e3ce6bc3c053fd847be","name":"Equipe Reda\u00e7\u00e3o","image":{"@type":"ImageObject","inLanguage":"pt-BR","@id":"https:\/\/secure.gravatar.com\/avatar\/4f525efbf18dd2bb300ccad28bfb99d95a9465a5ba268407c8c37b37e1f28d2d?s=96&d=mm&r=g9e099043a0c61e9ae27e293b9fa75ffc","url":"https:\/\/secure.gravatar.com\/avatar\/4f525efbf18dd2bb300ccad28bfb99d95a9465a5ba268407c8c37b37e1f28d2d?s=96&d=mm&r=g","contentUrl":"https:\/\/secure.gravatar.com\/avatar\/4f525efbf18dd2bb300ccad28bfb99d95a9465a5ba268407c8c37b37e1f28d2d?s=96&d=mm&r=g","caption":"Equipe Reda\u00e7\u00e3o"},"description":"Equipe de reda\u00e7\u00e3o \u00e9 um grupo de profissionais que trabalham juntos para criar conte\u00fado escrito para Motorista.com.br","url":"https:\/\/motorista.com.br\/noticias\/author\/equiperedacao\/"}]}},"_links":{"self":[{"href":"https:\/\/motorista.com.br\/noticias\/wp-json\/wp\/v2\/posts\/7775","targetHints":{"allow":["GET"]}}],"collection":[{"href":"https:\/\/motorista.com.br\/noticias\/wp-json\/wp\/v2\/posts"}],"about":[{"href":"https:\/\/motorista.com.br\/noticias\/wp-json\/wp\/v2\/types\/post"}],"author":[{"embeddable":true,"href":"https:\/\/motorista.com.br\/noticias\/wp-json\/wp\/v2\/users\/4"}],"replies":[{"embeddable":true,"href":"https:\/\/motorista.com.br\/noticias\/wp-json\/wp\/v2\/comments?post=7775"}],"version-history":[{"count":0,"href":"https:\/\/motorista.com.br\/noticias\/wp-json\/wp\/v2\/posts\/7775\/revisions"}],"wp:featuredmedia":[{"embeddable":true,"href":"https:\/\/motorista.com.br\/noticias\/wp-json\/wp\/v2\/media\/7776"}],"wp:attachment":[{"href":"https:\/\/motorista.com.br\/noticias\/wp-json\/wp\/v2\/media?parent=7775"}],"wp:term":[{"taxonomy":"category","embeddable":true,"href":"https:\/\/motorista.com.br\/noticias\/wp-json\/wp\/v2\/categories?post=7775"},{"taxonomy":"post_tag","embeddable":true,"href":"https:\/\/motorista.com.br\/noticias\/wp-json\/wp\/v2\/tags?post=7775"},{"taxonomy":"author","embeddable":true,"href":"https:\/\/motorista.com.br\/noticias\/wp-json\/wp\/v2\/coauthors?post=7775"}],"curies":[{"name":"wp","href":"https:\/\/api.w.org\/{rel}","templated":true}]}}