{"id":7773,"date":"2026-03-15T22:43:16","date_gmt":"2026-03-16T01:43:16","guid":{"rendered":"https:\/\/motorista.com.br\/noticias\/2026\/03\/15\/receita-detalha-tributacoes-de-vgbl-apos-falecimento-do-titular\/"},"modified":"2026-03-15T22:43:16","modified_gmt":"2026-03-16T01:43:16","slug":"receita-detalha-tributacoes-de-vgbl-apos-falecimento-do-titular","status":"publish","type":"post","link":"https:\/\/motorista.com.br\/noticias\/2026\/03\/15\/receita-detalha-tributacoes-de-vgbl-apos-falecimento-do-titular\/","title":{"rendered":"Receita detalha tributa\u00e7\u00f5es de VGBL ap\u00f3s falecimento do titular"},"content":{"rendered":"<p><\/p>\n<p><strong>Receita Lista Possibilidades de Tributa\u00e7\u00e3o de VGBL em Caso de Morte do Titular<\/strong><\/p>\n<p>Por Gabriel Benevides, de Bras\u00edlia<\/p>\n<p>A Receita Federal publicou em 4 de mar\u00e7o de 2026 uma solu\u00e7\u00e3o de consulta informando que os valores do VGBL (Vida Gerador de Benef\u00edcio Livre) poder\u00e3o ser tributados com Imposto de Renda quando recebidos por terceiros ap\u00f3s a morte do titular.<\/p>\n<p>O VGBL \u00e9 um plano de previd\u00eancia privada utilizado para acumular recursos voltados \u00e0 aposentadoria. Conforme a normativa do Fisco, a tributa\u00e7\u00e3o ocorrer\u00e1 sobre:<\/p>\n<ul>\n<li>\n<p><strong>PMBaC (Provis\u00e3o Matem\u00e1tica de Benef\u00edcios a Conceder)<\/strong> \u2013 O saldo acumulado em um plano de previd\u00eancia para cobrir benef\u00edcios futuros n\u00e3o iniciados, com imposto de 15%, podendo variar segundo regimes progressivos ou regressivos.<\/p>\n<\/li>\n<li>\n<p><strong>PMBC (Provis\u00e3o Matem\u00e1tica de Benef\u00edcios Concedidos)<\/strong> \u2013 Montante reservado para pagar benef\u00edcios j\u00e1 iniciados, tributado conforme a tabela progressiva.<\/p>\n<\/li>\n<\/ul>\n<p>A base de c\u00e1lculo refere-se aos rendimentos, ou seja, a diferen\u00e7a entre o valor recebido e os pr\u00eamios pagos.<\/p>\n<p>Luiza Lacerda, s\u00f3cia da \u00e1rea tribut\u00e1ria do Demarest, contesta a validade da tributa\u00e7\u00e3o, citando o inciso VII do art. 6\u00ba da Lei 7.713 de 1988, que prev\u00ea isen\u00e7\u00e3o para &quot;seguro recebido de entidades de previd\u00eancia privada decorrente de morte ou invalidez permanente do participante&quot;.<\/p>\n<p>Segundo Lacerda, o VGBL possui um car\u00e1ter misto, j\u00e1 que permite a transmiss\u00e3o do dinheiro ap\u00f3s o falecimento. &quot;Tem um qu\u00ea de previdenci\u00e1rio, mas tamb\u00e9m funciona como um tipo de seguro de vida&quot;, ressalta.<\/p>\n<p>Contribuintes consultaram a Receita porque alguns bancos estavam retendo Imposto de Renda ao liberar valores relacionados a seguros de pessoas falecidas. Contudo, a resposta da Receita trouxe novas normativas n\u00e3o respaldadas por lei, levantando preocupa\u00e7\u00f5es sobre a utiliza\u00e7\u00e3o de solu\u00e7\u00f5es de consulta para legislar.<\/p>\n<p>&quot;A Receita tem empregado a solu\u00e7\u00e3o de consulta como uma maneira de implementar uma cobran\u00e7a mais agressiva de tributos, prejudicando o contribuinte&quot;, afirma Lacerda.<\/p>\n<p>A expectativa \u00e9 que essa quest\u00e3o seja discutida judicialmente.<\/p>\n<p><strong>Fonte:<\/strong> reformatributaria<\/p>\n","protected":false},"excerpt":{"rendered":"<p>Receita Lista Possibilidades de Tributa\u00e7\u00e3o de VGBL em Caso de Morte do Titular Por Gabriel Benevides, de Bras\u00edlia A Receita Federal publicou em 4 de mar\u00e7o de 2026 uma solu\u00e7\u00e3o de consulta informando que os valores do VGBL (Vida Gerador de Benef\u00edcio Livre) poder\u00e3o ser tributados com Imposto de Renda quando recebidos por terceiros ap\u00f3s &hellip;<\/p>\n","protected":false},"author":4,"featured_media":5836,"comment_status":"","ping_status":"open","sticky":false,"template":"","format":"standard","meta":{"footnotes":""},"categories":[35],"tags":[],"coauthors":[42],"class_list":["post-7773","post","type-post","status-publish","format-standard","has-post-thumbnail","hentry","category-legislacao"],"yoast_head":"<!-- This site is optimized with the Yoast SEO Premium plugin v25.5 (Yoast SEO v27.5) - https:\/\/yoast.com\/product\/yoast-seo-premium-wordpress\/ -->\n<title>Receita detalha tributa\u00e7\u00f5es de VGBL ap\u00f3s falecimento do titular - Motorista.com.br<\/title>\n<meta name=\"robots\" content=\"index, follow, max-snippet:-1, max-image-preview:large, max-video-preview:-1\" \/>\n<link rel=\"canonical\" href=\"https:\/\/motorista.com.br\/noticias\/2026\/03\/15\/receita-detalha-tributacoes-de-vgbl-apos-falecimento-do-titular\/\" \/>\n<meta property=\"og:locale\" content=\"pt_BR\" \/>\n<meta property=\"og:type\" content=\"article\" \/>\n<meta property=\"og:title\" content=\"Receita detalha tributa\u00e7\u00f5es de VGBL ap\u00f3s falecimento do titular\" \/>\n<meta property=\"og:description\" content=\"Receita Lista Possibilidades de Tributa\u00e7\u00e3o de VGBL em Caso de Morte do Titular Por Gabriel Benevides, de Bras\u00edlia A Receita Federal publicou em 4 de mar\u00e7o de 2026 uma solu\u00e7\u00e3o de consulta informando que os valores do VGBL (Vida Gerador de Benef\u00edcio Livre) poder\u00e3o ser tributados com Imposto de Renda quando recebidos por terceiros ap\u00f3s &hellip;\" \/>\n<meta property=\"og:url\" content=\"https:\/\/motorista.com.br\/noticias\/2026\/03\/15\/receita-detalha-tributacoes-de-vgbl-apos-falecimento-do-titular\/\" \/>\n<meta property=\"og:site_name\" content=\"Motorista.com.br\" \/>\n<meta property=\"article:published_time\" content=\"2026-03-16T01:43:16+00:00\" \/>\n<meta name=\"author\" content=\"Equipe Reda\u00e7\u00e3o\" \/>\n<meta name=\"twitter:card\" content=\"summary_large_image\" \/>\n<meta name=\"twitter:label1\" content=\"Escrito por\" \/>\n\t<meta name=\"twitter:data1\" content=\"Equipe Reda\u00e7\u00e3o\" \/>\n\t<meta name=\"twitter:label2\" content=\"Est. tempo de leitura\" \/>\n\t<meta name=\"twitter:data2\" content=\"2 minutos\" \/>\n\t<meta name=\"twitter:label3\" content=\"Written by\" \/>\n\t<meta name=\"twitter:data3\" content=\"Equipe Reda\u00e7\u00e3o\" \/>\n<script type=\"application\/ld+json\" class=\"yoast-schema-graph\">{\"@context\":\"https:\\\/\\\/schema.org\",\"@graph\":[{\"@type\":\"Article\",\"@id\":\"https:\\\/\\\/motorista.com.br\\\/noticias\\\/2026\\\/03\\\/15\\\/receita-detalha-tributacoes-de-vgbl-apos-falecimento-do-titular\\\/#article\",\"isPartOf\":{\"@id\":\"https:\\\/\\\/motorista.com.br\\\/noticias\\\/2026\\\/03\\\/15\\\/receita-detalha-tributacoes-de-vgbl-apos-falecimento-do-titular\\\/\"},\"author\":{\"name\":\"Equipe Reda\u00e7\u00e3o\",\"@id\":\"https:\\\/\\\/motorista.com.br\\\/noticias\\\/#\\\/schema\\\/person\\\/dc93afc2981c0e3ce6bc3c053fd847be\"},\"headline\":\"Receita detalha tributa\u00e7\u00f5es de VGBL ap\u00f3s falecimento do titular\",\"datePublished\":\"2026-03-16T01:43:16+00:00\",\"mainEntityOfPage\":{\"@id\":\"https:\\\/\\\/motorista.com.br\\\/noticias\\\/2026\\\/03\\\/15\\\/receita-detalha-tributacoes-de-vgbl-apos-falecimento-do-titular\\\/\"},\"wordCount\":356,\"publisher\":{\"@id\":\"https:\\\/\\\/motorista.com.br\\\/noticias\\\/#organization\"},\"image\":{\"@id\":\"https:\\\/\\\/motorista.com.br\\\/noticias\\\/2026\\\/03\\\/15\\\/receita-detalha-tributacoes-de-vgbl-apos-falecimento-do-titular\\\/#primaryimage\"},\"thumbnailUrl\":\"https:\\\/\\\/motorista.com.br\\\/noticias\\\/wp-content\\\/uploads\\\/2026\\\/01\\\/RECEITA-FEDERAL.jpg\",\"articleSection\":[\"Legisla\u00e7\u00e3o\"],\"inLanguage\":\"pt-BR\"},{\"@type\":\"WebPage\",\"@id\":\"https:\\\/\\\/motorista.com.br\\\/noticias\\\/2026\\\/03\\\/15\\\/receita-detalha-tributacoes-de-vgbl-apos-falecimento-do-titular\\\/\",\"url\":\"https:\\\/\\\/motorista.com.br\\\/noticias\\\/2026\\\/03\\\/15\\\/receita-detalha-tributacoes-de-vgbl-apos-falecimento-do-titular\\\/\",\"name\":\"Receita detalha tributa\u00e7\u00f5es de VGBL ap\u00f3s falecimento do titular - Motorista.com.br\",\"isPartOf\":{\"@id\":\"https:\\\/\\\/motorista.com.br\\\/noticias\\\/#website\"},\"primaryImageOfPage\":{\"@id\":\"https:\\\/\\\/motorista.com.br\\\/noticias\\\/2026\\\/03\\\/15\\\/receita-detalha-tributacoes-de-vgbl-apos-falecimento-do-titular\\\/#primaryimage\"},\"image\":{\"@id\":\"https:\\\/\\\/motorista.com.br\\\/noticias\\\/2026\\\/03\\\/15\\\/receita-detalha-tributacoes-de-vgbl-apos-falecimento-do-titular\\\/#primaryimage\"},\"thumbnailUrl\":\"https:\\\/\\\/motorista.com.br\\\/noticias\\\/wp-content\\\/uploads\\\/2026\\\/01\\\/RECEITA-FEDERAL.jpg\",\"datePublished\":\"2026-03-16T01:43:16+00:00\",\"breadcrumb\":{\"@id\":\"https:\\\/\\\/motorista.com.br\\\/noticias\\\/2026\\\/03\\\/15\\\/receita-detalha-tributacoes-de-vgbl-apos-falecimento-do-titular\\\/#breadcrumb\"},\"inLanguage\":\"pt-BR\",\"potentialAction\":[{\"@type\":\"ReadAction\",\"target\":[\"https:\\\/\\\/motorista.com.br\\\/noticias\\\/2026\\\/03\\\/15\\\/receita-detalha-tributacoes-de-vgbl-apos-falecimento-do-titular\\\/\"]}]},{\"@type\":\"ImageObject\",\"inLanguage\":\"pt-BR\",\"@id\":\"https:\\\/\\\/motorista.com.br\\\/noticias\\\/2026\\\/03\\\/15\\\/receita-detalha-tributacoes-de-vgbl-apos-falecimento-do-titular\\\/#primaryimage\",\"url\":\"https:\\\/\\\/motorista.com.br\\\/noticias\\\/wp-content\\\/uploads\\\/2026\\\/01\\\/RECEITA-FEDERAL.jpg\",\"contentUrl\":\"https:\\\/\\\/motorista.com.br\\\/noticias\\\/wp-content\\\/uploads\\\/2026\\\/01\\\/RECEITA-FEDERAL.jpg\",\"width\":1920,\"height\":1080},{\"@type\":\"BreadcrumbList\",\"@id\":\"https:\\\/\\\/motorista.com.br\\\/noticias\\\/2026\\\/03\\\/15\\\/receita-detalha-tributacoes-de-vgbl-apos-falecimento-do-titular\\\/#breadcrumb\",\"itemListElement\":[{\"@type\":\"ListItem\",\"position\":1,\"name\":\"In\u00edcio\",\"item\":\"https:\\\/\\\/motorista.com.br\\\/noticias\\\/\"},{\"@type\":\"ListItem\",\"position\":2,\"name\":\"Receita detalha tributa\u00e7\u00f5es de VGBL ap\u00f3s falecimento do titular\"}]},{\"@type\":\"WebSite\",\"@id\":\"https:\\\/\\\/motorista.com.br\\\/noticias\\\/#website\",\"url\":\"https:\\\/\\\/motorista.com.br\\\/noticias\\\/\",\"name\":\"Motorista.com.br\",\"description\":\"Not\u00edcia do Motorista\",\"publisher\":{\"@id\":\"https:\\\/\\\/motorista.com.br\\\/noticias\\\/#organization\"},\"potentialAction\":[{\"@type\":\"SearchAction\",\"target\":{\"@type\":\"EntryPoint\",\"urlTemplate\":\"https:\\\/\\\/motorista.com.br\\\/noticias\\\/?s={search_term_string}\"},\"query-input\":{\"@type\":\"PropertyValueSpecification\",\"valueRequired\":true,\"valueName\":\"search_term_string\"}}],\"inLanguage\":\"pt-BR\"},{\"@type\":\"Organization\",\"@id\":\"https:\\\/\\\/motorista.com.br\\\/noticias\\\/#organization\",\"name\":\"Motorista.com.br\",\"url\":\"https:\\\/\\\/motorista.com.br\\\/noticias\\\/\",\"logo\":{\"@type\":\"ImageObject\",\"inLanguage\":\"pt-BR\",\"@id\":\"https:\\\/\\\/motorista.com.br\\\/noticias\\\/#\\\/schema\\\/logo\\\/image\\\/\",\"url\":\"https:\\\/\\\/motorista.com.br\\\/noticias\\\/wp-content\\\/uploads\\\/2025\\\/06\\\/Design-sem-nome-9.png\",\"contentUrl\":\"https:\\\/\\\/motorista.com.br\\\/noticias\\\/wp-content\\\/uploads\\\/2025\\\/06\\\/Design-sem-nome-9.png\",\"width\":150,\"height\":85,\"caption\":\"Motorista.com.br\"},\"image\":{\"@id\":\"https:\\\/\\\/motorista.com.br\\\/noticias\\\/#\\\/schema\\\/logo\\\/image\\\/\"}},{\"@type\":\"Person\",\"@id\":\"https:\\\/\\\/motorista.com.br\\\/noticias\\\/#\\\/schema\\\/person\\\/dc93afc2981c0e3ce6bc3c053fd847be\",\"name\":\"Equipe Reda\u00e7\u00e3o\",\"image\":{\"@type\":\"ImageObject\",\"inLanguage\":\"pt-BR\",\"@id\":\"https:\\\/\\\/secure.gravatar.com\\\/avatar\\\/4f525efbf18dd2bb300ccad28bfb99d95a9465a5ba268407c8c37b37e1f28d2d?s=96&d=mm&r=g9e099043a0c61e9ae27e293b9fa75ffc\",\"url\":\"https:\\\/\\\/secure.gravatar.com\\\/avatar\\\/4f525efbf18dd2bb300ccad28bfb99d95a9465a5ba268407c8c37b37e1f28d2d?s=96&d=mm&r=g\",\"contentUrl\":\"https:\\\/\\\/secure.gravatar.com\\\/avatar\\\/4f525efbf18dd2bb300ccad28bfb99d95a9465a5ba268407c8c37b37e1f28d2d?s=96&d=mm&r=g\",\"caption\":\"Equipe Reda\u00e7\u00e3o\"},\"description\":\"Equipe de reda\u00e7\u00e3o \u00e9 um grupo de profissionais que trabalham juntos para criar conte\u00fado escrito para Motorista.com.br\",\"url\":\"https:\\\/\\\/motorista.com.br\\\/noticias\\\/author\\\/equiperedacao\\\/\"}]}<\/script>\n<!-- \/ Yoast SEO Premium plugin. -->","yoast_head_json":{"title":"Receita detalha tributa\u00e7\u00f5es de VGBL ap\u00f3s falecimento do titular - Motorista.com.br","robots":{"index":"index","follow":"follow","max-snippet":"max-snippet:-1","max-image-preview":"max-image-preview:large","max-video-preview":"max-video-preview:-1"},"canonical":"https:\/\/motorista.com.br\/noticias\/2026\/03\/15\/receita-detalha-tributacoes-de-vgbl-apos-falecimento-do-titular\/","og_locale":"pt_BR","og_type":"article","og_title":"Receita detalha tributa\u00e7\u00f5es de VGBL ap\u00f3s falecimento do titular","og_description":"Receita Lista Possibilidades de Tributa\u00e7\u00e3o de VGBL em Caso de Morte do Titular Por Gabriel Benevides, de Bras\u00edlia A Receita Federal publicou em 4 de mar\u00e7o de 2026 uma solu\u00e7\u00e3o de consulta informando que os valores do VGBL (Vida Gerador de Benef\u00edcio Livre) poder\u00e3o ser tributados com Imposto de Renda quando recebidos por terceiros ap\u00f3s &hellip;","og_url":"https:\/\/motorista.com.br\/noticias\/2026\/03\/15\/receita-detalha-tributacoes-de-vgbl-apos-falecimento-do-titular\/","og_site_name":"Motorista.com.br","article_published_time":"2026-03-16T01:43:16+00:00","author":"Equipe Reda\u00e7\u00e3o","twitter_card":"summary_large_image","twitter_misc":{"Escrito por":"Equipe Reda\u00e7\u00e3o","Est. tempo de leitura":"2 minutos","Written by":"Equipe Reda\u00e7\u00e3o"},"schema":{"@context":"https:\/\/schema.org","@graph":[{"@type":"Article","@id":"https:\/\/motorista.com.br\/noticias\/2026\/03\/15\/receita-detalha-tributacoes-de-vgbl-apos-falecimento-do-titular\/#article","isPartOf":{"@id":"https:\/\/motorista.com.br\/noticias\/2026\/03\/15\/receita-detalha-tributacoes-de-vgbl-apos-falecimento-do-titular\/"},"author":{"name":"Equipe Reda\u00e7\u00e3o","@id":"https:\/\/motorista.com.br\/noticias\/#\/schema\/person\/dc93afc2981c0e3ce6bc3c053fd847be"},"headline":"Receita detalha tributa\u00e7\u00f5es de VGBL ap\u00f3s falecimento do titular","datePublished":"2026-03-16T01:43:16+00:00","mainEntityOfPage":{"@id":"https:\/\/motorista.com.br\/noticias\/2026\/03\/15\/receita-detalha-tributacoes-de-vgbl-apos-falecimento-do-titular\/"},"wordCount":356,"publisher":{"@id":"https:\/\/motorista.com.br\/noticias\/#organization"},"image":{"@id":"https:\/\/motorista.com.br\/noticias\/2026\/03\/15\/receita-detalha-tributacoes-de-vgbl-apos-falecimento-do-titular\/#primaryimage"},"thumbnailUrl":"https:\/\/motorista.com.br\/noticias\/wp-content\/uploads\/2026\/01\/RECEITA-FEDERAL.jpg","articleSection":["Legisla\u00e7\u00e3o"],"inLanguage":"pt-BR"},{"@type":"WebPage","@id":"https:\/\/motorista.com.br\/noticias\/2026\/03\/15\/receita-detalha-tributacoes-de-vgbl-apos-falecimento-do-titular\/","url":"https:\/\/motorista.com.br\/noticias\/2026\/03\/15\/receita-detalha-tributacoes-de-vgbl-apos-falecimento-do-titular\/","name":"Receita detalha tributa\u00e7\u00f5es de VGBL ap\u00f3s falecimento do titular - Motorista.com.br","isPartOf":{"@id":"https:\/\/motorista.com.br\/noticias\/#website"},"primaryImageOfPage":{"@id":"https:\/\/motorista.com.br\/noticias\/2026\/03\/15\/receita-detalha-tributacoes-de-vgbl-apos-falecimento-do-titular\/#primaryimage"},"image":{"@id":"https:\/\/motorista.com.br\/noticias\/2026\/03\/15\/receita-detalha-tributacoes-de-vgbl-apos-falecimento-do-titular\/#primaryimage"},"thumbnailUrl":"https:\/\/motorista.com.br\/noticias\/wp-content\/uploads\/2026\/01\/RECEITA-FEDERAL.jpg","datePublished":"2026-03-16T01:43:16+00:00","breadcrumb":{"@id":"https:\/\/motorista.com.br\/noticias\/2026\/03\/15\/receita-detalha-tributacoes-de-vgbl-apos-falecimento-do-titular\/#breadcrumb"},"inLanguage":"pt-BR","potentialAction":[{"@type":"ReadAction","target":["https:\/\/motorista.com.br\/noticias\/2026\/03\/15\/receita-detalha-tributacoes-de-vgbl-apos-falecimento-do-titular\/"]}]},{"@type":"ImageObject","inLanguage":"pt-BR","@id":"https:\/\/motorista.com.br\/noticias\/2026\/03\/15\/receita-detalha-tributacoes-de-vgbl-apos-falecimento-do-titular\/#primaryimage","url":"https:\/\/motorista.com.br\/noticias\/wp-content\/uploads\/2026\/01\/RECEITA-FEDERAL.jpg","contentUrl":"https:\/\/motorista.com.br\/noticias\/wp-content\/uploads\/2026\/01\/RECEITA-FEDERAL.jpg","width":1920,"height":1080},{"@type":"BreadcrumbList","@id":"https:\/\/motorista.com.br\/noticias\/2026\/03\/15\/receita-detalha-tributacoes-de-vgbl-apos-falecimento-do-titular\/#breadcrumb","itemListElement":[{"@type":"ListItem","position":1,"name":"In\u00edcio","item":"https:\/\/motorista.com.br\/noticias\/"},{"@type":"ListItem","position":2,"name":"Receita detalha tributa\u00e7\u00f5es de VGBL ap\u00f3s falecimento do titular"}]},{"@type":"WebSite","@id":"https:\/\/motorista.com.br\/noticias\/#website","url":"https:\/\/motorista.com.br\/noticias\/","name":"Motorista.com.br","description":"Not\u00edcia do Motorista","publisher":{"@id":"https:\/\/motorista.com.br\/noticias\/#organization"},"potentialAction":[{"@type":"SearchAction","target":{"@type":"EntryPoint","urlTemplate":"https:\/\/motorista.com.br\/noticias\/?s={search_term_string}"},"query-input":{"@type":"PropertyValueSpecification","valueRequired":true,"valueName":"search_term_string"}}],"inLanguage":"pt-BR"},{"@type":"Organization","@id":"https:\/\/motorista.com.br\/noticias\/#organization","name":"Motorista.com.br","url":"https:\/\/motorista.com.br\/noticias\/","logo":{"@type":"ImageObject","inLanguage":"pt-BR","@id":"https:\/\/motorista.com.br\/noticias\/#\/schema\/logo\/image\/","url":"https:\/\/motorista.com.br\/noticias\/wp-content\/uploads\/2025\/06\/Design-sem-nome-9.png","contentUrl":"https:\/\/motorista.com.br\/noticias\/wp-content\/uploads\/2025\/06\/Design-sem-nome-9.png","width":150,"height":85,"caption":"Motorista.com.br"},"image":{"@id":"https:\/\/motorista.com.br\/noticias\/#\/schema\/logo\/image\/"}},{"@type":"Person","@id":"https:\/\/motorista.com.br\/noticias\/#\/schema\/person\/dc93afc2981c0e3ce6bc3c053fd847be","name":"Equipe Reda\u00e7\u00e3o","image":{"@type":"ImageObject","inLanguage":"pt-BR","@id":"https:\/\/secure.gravatar.com\/avatar\/4f525efbf18dd2bb300ccad28bfb99d95a9465a5ba268407c8c37b37e1f28d2d?s=96&d=mm&r=g9e099043a0c61e9ae27e293b9fa75ffc","url":"https:\/\/secure.gravatar.com\/avatar\/4f525efbf18dd2bb300ccad28bfb99d95a9465a5ba268407c8c37b37e1f28d2d?s=96&d=mm&r=g","contentUrl":"https:\/\/secure.gravatar.com\/avatar\/4f525efbf18dd2bb300ccad28bfb99d95a9465a5ba268407c8c37b37e1f28d2d?s=96&d=mm&r=g","caption":"Equipe Reda\u00e7\u00e3o"},"description":"Equipe de reda\u00e7\u00e3o \u00e9 um grupo de profissionais que trabalham juntos para criar conte\u00fado escrito para Motorista.com.br","url":"https:\/\/motorista.com.br\/noticias\/author\/equiperedacao\/"}]}},"_links":{"self":[{"href":"https:\/\/motorista.com.br\/noticias\/wp-json\/wp\/v2\/posts\/7773","targetHints":{"allow":["GET"]}}],"collection":[{"href":"https:\/\/motorista.com.br\/noticias\/wp-json\/wp\/v2\/posts"}],"about":[{"href":"https:\/\/motorista.com.br\/noticias\/wp-json\/wp\/v2\/types\/post"}],"author":[{"embeddable":true,"href":"https:\/\/motorista.com.br\/noticias\/wp-json\/wp\/v2\/users\/4"}],"replies":[{"embeddable":true,"href":"https:\/\/motorista.com.br\/noticias\/wp-json\/wp\/v2\/comments?post=7773"}],"version-history":[{"count":0,"href":"https:\/\/motorista.com.br\/noticias\/wp-json\/wp\/v2\/posts\/7773\/revisions"}],"wp:featuredmedia":[{"embeddable":true,"href":"https:\/\/motorista.com.br\/noticias\/wp-json\/wp\/v2\/media\/5836"}],"wp:attachment":[{"href":"https:\/\/motorista.com.br\/noticias\/wp-json\/wp\/v2\/media?parent=7773"}],"wp:term":[{"taxonomy":"category","embeddable":true,"href":"https:\/\/motorista.com.br\/noticias\/wp-json\/wp\/v2\/categories?post=7773"},{"taxonomy":"post_tag","embeddable":true,"href":"https:\/\/motorista.com.br\/noticias\/wp-json\/wp\/v2\/tags?post=7773"},{"taxonomy":"author","embeddable":true,"href":"https:\/\/motorista.com.br\/noticias\/wp-json\/wp\/v2\/coauthors?post=7773"}],"curies":[{"name":"wp","href":"https:\/\/api.w.org\/{rel}","templated":true}]}}