{"id":7771,"date":"2026-03-15T17:53:58","date_gmt":"2026-03-15T20:53:58","guid":{"rendered":"https:\/\/motorista.com.br\/noticias\/2026\/03\/15\/fiat-jeep-e-ram-realizam-recall-devido-a-risco-de-fogo\/"},"modified":"2026-03-15T17:53:58","modified_gmt":"2026-03-15T20:53:58","slug":"fiat-jeep-e-ram-realizam-recall-devido-a-risco-de-fogo","status":"publish","type":"post","link":"https:\/\/motorista.com.br\/noticias\/2026\/03\/15\/fiat-jeep-e-ram-realizam-recall-devido-a-risco-de-fogo\/","title":{"rendered":"Fiat, Jeep e Ram realizam recall devido a risco de fogo."},"content":{"rendered":"<p><\/p>\n<h2>Fiat, Jeep e Ram fazem recall por risco de inc\u00eandio<\/h2>\n<p>Recentemente, o grupo Stellantis convocou um recall para alguns de seus modelos devido a um risco potencial de inc\u00eandio. Entre os ve\u00edculos afetados est\u00e3o a Fiat Toro (2025 e 2026), o Jeep Commander (2025 e 2026) e a Ram Rampage (2025). Essa medida \u00e9 crucial, pois identifica uma falha na conex\u00e3o da tubula\u00e7\u00e3o respons\u00e1vel pelo retorno do combust\u00edvel, que pode resultar em vazamentos se o combust\u00edvel entrar em contato com partes quentes do ve\u00edculo, aumentando o risco de igni\u00e7\u00e3o. <\/p>\n<p>Al\u00e9m dos modelos mencionados, tr\u00eas ve\u00edculos comerciais \u2014 Fiat Ducato, Citro\u00ebn Jumper e Peugeot Boxer, todos de 2026 \u2014 tamb\u00e9m foram inclu\u00eddos na campanha. Esses ve\u00edculos s\u00e3o amplamente utilizados no transporte de cargas e passageiros, o que ressaltar ainda mais a import\u00e2ncia de garantir a seguran\u00e7a dos motoristas e passageiros.<\/p>\n<h3>A Import\u00e2ncia do Recall para a Mobilidade<\/h3>\n<p>Os recalls n\u00e3o servem apenas para corrigir falhas, mas tamb\u00e9m desempenham um papel fundamental na seguran\u00e7a vi\u00e1ria. A sensa\u00e7\u00e3o de seguran\u00e7a dentro de um ve\u00edculo pode impactar diretamente na confian\u00e7a dos motoristas, refletindo na forma como se comportam no tr\u00e2nsito. Um carro seguro pode contribuir para uma mobilidade mais eficiente e tranquila, uma vez que diminui a probabilidade de acidentes e incidentes relacionados a falhas mec\u00e2nicas.<\/p>\n<p>A resposta r\u00e1pida por parte das montadoras, como a Stellantis, pode melhorar a experi\u00eancia do consumidor e preservar a reputa\u00e7\u00e3o da marca. Ao agendar verifica\u00e7\u00f5es em concession\u00e1rias autorizadas, os motoristas garantem que seus ve\u00edculos estejam em plenas condi\u00e7\u00f5es de uso. O processo de verifica\u00e7\u00e3o e reparo \u00e9 simples e sem custos, demonstrando um compromisso com a seguran\u00e7a e a satisfa\u00e7\u00e3o do consumidor.<\/p>\n<h3>O Papel do Motorista na Preven\u00e7\u00e3o<\/h3>\n<p>\u00c9 essencial que os motoristas n\u00e3o apenas aguardem ser informados sobre recalls, mas que tamb\u00e9m se mantenham atentos ao estado de seus ve\u00edculos. Verifica\u00e7\u00f5es regulares e a conscientiza\u00e7\u00e3o sobre poss\u00edveis recalls s\u00e3o atitudes preventivas que podem evitar riscos maiores. Assim, enquanto um recall pode envolver inconvenientes tempor\u00e1rios, os benef\u00edcios superam amplamente os transtornos: a seguran\u00e7a e a confian\u00e7a nas estradas.<\/p>\n<p>Portanto, a convoca\u00e7\u00e3o para recall n\u00e3o deve ser vista como uma mera formalidade, mas como uma oportunidade de garantir um transporte mais seguro e eficiente para todos. Motoristas informados e proativos contribuem para uma mobilidade geral mais segura e respons\u00e1vel.<\/p>\n<p><em>Fonte: Olhar Digital<\/em><\/p>\n","protected":false},"excerpt":{"rendered":"<p>Fiat, Jeep e Ram fazem recall por risco de inc\u00eandio Recentemente, o grupo Stellantis convocou um recall para alguns de seus modelos devido a um risco potencial de inc\u00eandio. Entre os ve\u00edculos afetados est\u00e3o a Fiat Toro (2025 e 2026), o Jeep Commander (2025 e 2026) e a Ram Rampage (2025). Essa medida \u00e9 crucial, &hellip;<\/p>\n","protected":false},"author":4,"featured_media":7772,"comment_status":"","ping_status":"open","sticky":false,"template":"","format":"standard","meta":{"footnotes":""},"categories":[56],"tags":[],"coauthors":[42],"class_list":["post-7771","post","type-post","status-publish","format-standard","has-post-thumbnail","hentry","category-tecnologia"],"yoast_head":"<!-- This site is optimized with the Yoast SEO Premium plugin v25.5 (Yoast SEO v27.5) - https:\/\/yoast.com\/product\/yoast-seo-premium-wordpress\/ -->\n<title>Fiat, Jeep e Ram realizam recall devido a risco de fogo. - Motorista.com.br<\/title>\n<meta name=\"robots\" content=\"index, follow, max-snippet:-1, max-image-preview:large, max-video-preview:-1\" \/>\n<link rel=\"canonical\" href=\"https:\/\/motorista.com.br\/noticias\/2026\/03\/15\/fiat-jeep-e-ram-realizam-recall-devido-a-risco-de-fogo\/\" \/>\n<meta property=\"og:locale\" content=\"pt_BR\" \/>\n<meta property=\"og:type\" content=\"article\" \/>\n<meta property=\"og:title\" content=\"Fiat, Jeep e Ram realizam recall devido a risco de fogo.\" \/>\n<meta property=\"og:description\" content=\"Fiat, Jeep e Ram fazem recall por risco de inc\u00eandio Recentemente, o grupo Stellantis convocou um recall para alguns de seus modelos devido a um risco potencial de inc\u00eandio. Entre os ve\u00edculos afetados est\u00e3o a Fiat Toro (2025 e 2026), o Jeep Commander (2025 e 2026) e a Ram Rampage (2025). Essa medida \u00e9 crucial, &hellip;\" \/>\n<meta property=\"og:url\" content=\"https:\/\/motorista.com.br\/noticias\/2026\/03\/15\/fiat-jeep-e-ram-realizam-recall-devido-a-risco-de-fogo\/\" \/>\n<meta property=\"og:site_name\" content=\"Motorista.com.br\" \/>\n<meta property=\"article:published_time\" content=\"2026-03-15T20:53:58+00:00\" \/>\n<meta name=\"author\" content=\"Equipe Reda\u00e7\u00e3o\" \/>\n<meta name=\"twitter:card\" content=\"summary_large_image\" \/>\n<meta name=\"twitter:label1\" content=\"Escrito por\" \/>\n\t<meta name=\"twitter:data1\" content=\"Equipe Reda\u00e7\u00e3o\" \/>\n\t<meta name=\"twitter:label2\" content=\"Est. tempo de leitura\" \/>\n\t<meta name=\"twitter:data2\" content=\"2 minutos\" \/>\n\t<meta name=\"twitter:label3\" content=\"Written by\" \/>\n\t<meta name=\"twitter:data3\" content=\"Equipe Reda\u00e7\u00e3o\" \/>\n<script type=\"application\/ld+json\" class=\"yoast-schema-graph\">{\"@context\":\"https:\\\/\\\/schema.org\",\"@graph\":[{\"@type\":\"Article\",\"@id\":\"https:\\\/\\\/motorista.com.br\\\/noticias\\\/2026\\\/03\\\/15\\\/fiat-jeep-e-ram-realizam-recall-devido-a-risco-de-fogo\\\/#article\",\"isPartOf\":{\"@id\":\"https:\\\/\\\/motorista.com.br\\\/noticias\\\/2026\\\/03\\\/15\\\/fiat-jeep-e-ram-realizam-recall-devido-a-risco-de-fogo\\\/\"},\"author\":{\"name\":\"Equipe Reda\u00e7\u00e3o\",\"@id\":\"https:\\\/\\\/motorista.com.br\\\/noticias\\\/#\\\/schema\\\/person\\\/dc93afc2981c0e3ce6bc3c053fd847be\"},\"headline\":\"Fiat, Jeep e Ram realizam recall devido a risco de fogo.\",\"datePublished\":\"2026-03-15T20:53:58+00:00\",\"mainEntityOfPage\":{\"@id\":\"https:\\\/\\\/motorista.com.br\\\/noticias\\\/2026\\\/03\\\/15\\\/fiat-jeep-e-ram-realizam-recall-devido-a-risco-de-fogo\\\/\"},\"wordCount\":440,\"publisher\":{\"@id\":\"https:\\\/\\\/motorista.com.br\\\/noticias\\\/#organization\"},\"image\":{\"@id\":\"https:\\\/\\\/motorista.com.br\\\/noticias\\\/2026\\\/03\\\/15\\\/fiat-jeep-e-ram-realizam-recall-devido-a-risco-de-fogo\\\/#primaryimage\"},\"thumbnailUrl\":\"https:\\\/\\\/motorista.com.br\\\/noticias\\\/wp-content\\\/uploads\\\/2026\\\/03\\\/carros-Stellantis-recall-scaled.jpeg\",\"articleSection\":[\"Tecnologia\"],\"inLanguage\":\"pt-BR\"},{\"@type\":\"WebPage\",\"@id\":\"https:\\\/\\\/motorista.com.br\\\/noticias\\\/2026\\\/03\\\/15\\\/fiat-jeep-e-ram-realizam-recall-devido-a-risco-de-fogo\\\/\",\"url\":\"https:\\\/\\\/motorista.com.br\\\/noticias\\\/2026\\\/03\\\/15\\\/fiat-jeep-e-ram-realizam-recall-devido-a-risco-de-fogo\\\/\",\"name\":\"Fiat, Jeep e Ram realizam recall devido a risco de fogo. - Motorista.com.br\",\"isPartOf\":{\"@id\":\"https:\\\/\\\/motorista.com.br\\\/noticias\\\/#website\"},\"primaryImageOfPage\":{\"@id\":\"https:\\\/\\\/motorista.com.br\\\/noticias\\\/2026\\\/03\\\/15\\\/fiat-jeep-e-ram-realizam-recall-devido-a-risco-de-fogo\\\/#primaryimage\"},\"image\":{\"@id\":\"https:\\\/\\\/motorista.com.br\\\/noticias\\\/2026\\\/03\\\/15\\\/fiat-jeep-e-ram-realizam-recall-devido-a-risco-de-fogo\\\/#primaryimage\"},\"thumbnailUrl\":\"https:\\\/\\\/motorista.com.br\\\/noticias\\\/wp-content\\\/uploads\\\/2026\\\/03\\\/carros-Stellantis-recall-scaled.jpeg\",\"datePublished\":\"2026-03-15T20:53:58+00:00\",\"breadcrumb\":{\"@id\":\"https:\\\/\\\/motorista.com.br\\\/noticias\\\/2026\\\/03\\\/15\\\/fiat-jeep-e-ram-realizam-recall-devido-a-risco-de-fogo\\\/#breadcrumb\"},\"inLanguage\":\"pt-BR\",\"potentialAction\":[{\"@type\":\"ReadAction\",\"target\":[\"https:\\\/\\\/motorista.com.br\\\/noticias\\\/2026\\\/03\\\/15\\\/fiat-jeep-e-ram-realizam-recall-devido-a-risco-de-fogo\\\/\"]}]},{\"@type\":\"ImageObject\",\"inLanguage\":\"pt-BR\",\"@id\":\"https:\\\/\\\/motorista.com.br\\\/noticias\\\/2026\\\/03\\\/15\\\/fiat-jeep-e-ram-realizam-recall-devido-a-risco-de-fogo\\\/#primaryimage\",\"url\":\"https:\\\/\\\/motorista.com.br\\\/noticias\\\/wp-content\\\/uploads\\\/2026\\\/03\\\/carros-Stellantis-recall-scaled.jpeg\",\"contentUrl\":\"https:\\\/\\\/motorista.com.br\\\/noticias\\\/wp-content\\\/uploads\\\/2026\\\/03\\\/carros-Stellantis-recall-scaled.jpeg\",\"width\":2560,\"height\":1707},{\"@type\":\"BreadcrumbList\",\"@id\":\"https:\\\/\\\/motorista.com.br\\\/noticias\\\/2026\\\/03\\\/15\\\/fiat-jeep-e-ram-realizam-recall-devido-a-risco-de-fogo\\\/#breadcrumb\",\"itemListElement\":[{\"@type\":\"ListItem\",\"position\":1,\"name\":\"In\u00edcio\",\"item\":\"https:\\\/\\\/motorista.com.br\\\/noticias\\\/\"},{\"@type\":\"ListItem\",\"position\":2,\"name\":\"Fiat, Jeep e Ram realizam recall devido a risco de fogo.\"}]},{\"@type\":\"WebSite\",\"@id\":\"https:\\\/\\\/motorista.com.br\\\/noticias\\\/#website\",\"url\":\"https:\\\/\\\/motorista.com.br\\\/noticias\\\/\",\"name\":\"Motorista.com.br\",\"description\":\"Not\u00edcia do Motorista\",\"publisher\":{\"@id\":\"https:\\\/\\\/motorista.com.br\\\/noticias\\\/#organization\"},\"potentialAction\":[{\"@type\":\"SearchAction\",\"target\":{\"@type\":\"EntryPoint\",\"urlTemplate\":\"https:\\\/\\\/motorista.com.br\\\/noticias\\\/?s={search_term_string}\"},\"query-input\":{\"@type\":\"PropertyValueSpecification\",\"valueRequired\":true,\"valueName\":\"search_term_string\"}}],\"inLanguage\":\"pt-BR\"},{\"@type\":\"Organization\",\"@id\":\"https:\\\/\\\/motorista.com.br\\\/noticias\\\/#organization\",\"name\":\"Motorista.com.br\",\"url\":\"https:\\\/\\\/motorista.com.br\\\/noticias\\\/\",\"logo\":{\"@type\":\"ImageObject\",\"inLanguage\":\"pt-BR\",\"@id\":\"https:\\\/\\\/motorista.com.br\\\/noticias\\\/#\\\/schema\\\/logo\\\/image\\\/\",\"url\":\"https:\\\/\\\/motorista.com.br\\\/noticias\\\/wp-content\\\/uploads\\\/2025\\\/06\\\/Design-sem-nome-9.png\",\"contentUrl\":\"https:\\\/\\\/motorista.com.br\\\/noticias\\\/wp-content\\\/uploads\\\/2025\\\/06\\\/Design-sem-nome-9.png\",\"width\":150,\"height\":85,\"caption\":\"Motorista.com.br\"},\"image\":{\"@id\":\"https:\\\/\\\/motorista.com.br\\\/noticias\\\/#\\\/schema\\\/logo\\\/image\\\/\"}},{\"@type\":\"Person\",\"@id\":\"https:\\\/\\\/motorista.com.br\\\/noticias\\\/#\\\/schema\\\/person\\\/dc93afc2981c0e3ce6bc3c053fd847be\",\"name\":\"Equipe Reda\u00e7\u00e3o\",\"image\":{\"@type\":\"ImageObject\",\"inLanguage\":\"pt-BR\",\"@id\":\"https:\\\/\\\/secure.gravatar.com\\\/avatar\\\/4f525efbf18dd2bb300ccad28bfb99d95a9465a5ba268407c8c37b37e1f28d2d?s=96&d=mm&r=g9e099043a0c61e9ae27e293b9fa75ffc\",\"url\":\"https:\\\/\\\/secure.gravatar.com\\\/avatar\\\/4f525efbf18dd2bb300ccad28bfb99d95a9465a5ba268407c8c37b37e1f28d2d?s=96&d=mm&r=g\",\"contentUrl\":\"https:\\\/\\\/secure.gravatar.com\\\/avatar\\\/4f525efbf18dd2bb300ccad28bfb99d95a9465a5ba268407c8c37b37e1f28d2d?s=96&d=mm&r=g\",\"caption\":\"Equipe Reda\u00e7\u00e3o\"},\"description\":\"Equipe de reda\u00e7\u00e3o \u00e9 um grupo de profissionais que trabalham juntos para criar conte\u00fado escrito para Motorista.com.br\",\"url\":\"https:\\\/\\\/motorista.com.br\\\/noticias\\\/author\\\/equiperedacao\\\/\"}]}<\/script>\n<!-- \/ Yoast SEO Premium plugin. -->","yoast_head_json":{"title":"Fiat, Jeep e Ram realizam recall devido a risco de fogo. - Motorista.com.br","robots":{"index":"index","follow":"follow","max-snippet":"max-snippet:-1","max-image-preview":"max-image-preview:large","max-video-preview":"max-video-preview:-1"},"canonical":"https:\/\/motorista.com.br\/noticias\/2026\/03\/15\/fiat-jeep-e-ram-realizam-recall-devido-a-risco-de-fogo\/","og_locale":"pt_BR","og_type":"article","og_title":"Fiat, Jeep e Ram realizam recall devido a risco de fogo.","og_description":"Fiat, Jeep e Ram fazem recall por risco de inc\u00eandio Recentemente, o grupo Stellantis convocou um recall para alguns de seus modelos devido a um risco potencial de inc\u00eandio. Entre os ve\u00edculos afetados est\u00e3o a Fiat Toro (2025 e 2026), o Jeep Commander (2025 e 2026) e a Ram Rampage (2025). Essa medida \u00e9 crucial, &hellip;","og_url":"https:\/\/motorista.com.br\/noticias\/2026\/03\/15\/fiat-jeep-e-ram-realizam-recall-devido-a-risco-de-fogo\/","og_site_name":"Motorista.com.br","article_published_time":"2026-03-15T20:53:58+00:00","author":"Equipe Reda\u00e7\u00e3o","twitter_card":"summary_large_image","twitter_misc":{"Escrito por":"Equipe Reda\u00e7\u00e3o","Est. tempo de leitura":"2 minutos","Written by":"Equipe Reda\u00e7\u00e3o"},"schema":{"@context":"https:\/\/schema.org","@graph":[{"@type":"Article","@id":"https:\/\/motorista.com.br\/noticias\/2026\/03\/15\/fiat-jeep-e-ram-realizam-recall-devido-a-risco-de-fogo\/#article","isPartOf":{"@id":"https:\/\/motorista.com.br\/noticias\/2026\/03\/15\/fiat-jeep-e-ram-realizam-recall-devido-a-risco-de-fogo\/"},"author":{"name":"Equipe Reda\u00e7\u00e3o","@id":"https:\/\/motorista.com.br\/noticias\/#\/schema\/person\/dc93afc2981c0e3ce6bc3c053fd847be"},"headline":"Fiat, Jeep e Ram realizam recall devido a risco de fogo.","datePublished":"2026-03-15T20:53:58+00:00","mainEntityOfPage":{"@id":"https:\/\/motorista.com.br\/noticias\/2026\/03\/15\/fiat-jeep-e-ram-realizam-recall-devido-a-risco-de-fogo\/"},"wordCount":440,"publisher":{"@id":"https:\/\/motorista.com.br\/noticias\/#organization"},"image":{"@id":"https:\/\/motorista.com.br\/noticias\/2026\/03\/15\/fiat-jeep-e-ram-realizam-recall-devido-a-risco-de-fogo\/#primaryimage"},"thumbnailUrl":"https:\/\/motorista.com.br\/noticias\/wp-content\/uploads\/2026\/03\/carros-Stellantis-recall-scaled.jpeg","articleSection":["Tecnologia"],"inLanguage":"pt-BR"},{"@type":"WebPage","@id":"https:\/\/motorista.com.br\/noticias\/2026\/03\/15\/fiat-jeep-e-ram-realizam-recall-devido-a-risco-de-fogo\/","url":"https:\/\/motorista.com.br\/noticias\/2026\/03\/15\/fiat-jeep-e-ram-realizam-recall-devido-a-risco-de-fogo\/","name":"Fiat, Jeep e Ram realizam recall devido a risco de fogo. - Motorista.com.br","isPartOf":{"@id":"https:\/\/motorista.com.br\/noticias\/#website"},"primaryImageOfPage":{"@id":"https:\/\/motorista.com.br\/noticias\/2026\/03\/15\/fiat-jeep-e-ram-realizam-recall-devido-a-risco-de-fogo\/#primaryimage"},"image":{"@id":"https:\/\/motorista.com.br\/noticias\/2026\/03\/15\/fiat-jeep-e-ram-realizam-recall-devido-a-risco-de-fogo\/#primaryimage"},"thumbnailUrl":"https:\/\/motorista.com.br\/noticias\/wp-content\/uploads\/2026\/03\/carros-Stellantis-recall-scaled.jpeg","datePublished":"2026-03-15T20:53:58+00:00","breadcrumb":{"@id":"https:\/\/motorista.com.br\/noticias\/2026\/03\/15\/fiat-jeep-e-ram-realizam-recall-devido-a-risco-de-fogo\/#breadcrumb"},"inLanguage":"pt-BR","potentialAction":[{"@type":"ReadAction","target":["https:\/\/motorista.com.br\/noticias\/2026\/03\/15\/fiat-jeep-e-ram-realizam-recall-devido-a-risco-de-fogo\/"]}]},{"@type":"ImageObject","inLanguage":"pt-BR","@id":"https:\/\/motorista.com.br\/noticias\/2026\/03\/15\/fiat-jeep-e-ram-realizam-recall-devido-a-risco-de-fogo\/#primaryimage","url":"https:\/\/motorista.com.br\/noticias\/wp-content\/uploads\/2026\/03\/carros-Stellantis-recall-scaled.jpeg","contentUrl":"https:\/\/motorista.com.br\/noticias\/wp-content\/uploads\/2026\/03\/carros-Stellantis-recall-scaled.jpeg","width":2560,"height":1707},{"@type":"BreadcrumbList","@id":"https:\/\/motorista.com.br\/noticias\/2026\/03\/15\/fiat-jeep-e-ram-realizam-recall-devido-a-risco-de-fogo\/#breadcrumb","itemListElement":[{"@type":"ListItem","position":1,"name":"In\u00edcio","item":"https:\/\/motorista.com.br\/noticias\/"},{"@type":"ListItem","position":2,"name":"Fiat, Jeep e Ram realizam recall devido a risco de fogo."}]},{"@type":"WebSite","@id":"https:\/\/motorista.com.br\/noticias\/#website","url":"https:\/\/motorista.com.br\/noticias\/","name":"Motorista.com.br","description":"Not\u00edcia do Motorista","publisher":{"@id":"https:\/\/motorista.com.br\/noticias\/#organization"},"potentialAction":[{"@type":"SearchAction","target":{"@type":"EntryPoint","urlTemplate":"https:\/\/motorista.com.br\/noticias\/?s={search_term_string}"},"query-input":{"@type":"PropertyValueSpecification","valueRequired":true,"valueName":"search_term_string"}}],"inLanguage":"pt-BR"},{"@type":"Organization","@id":"https:\/\/motorista.com.br\/noticias\/#organization","name":"Motorista.com.br","url":"https:\/\/motorista.com.br\/noticias\/","logo":{"@type":"ImageObject","inLanguage":"pt-BR","@id":"https:\/\/motorista.com.br\/noticias\/#\/schema\/logo\/image\/","url":"https:\/\/motorista.com.br\/noticias\/wp-content\/uploads\/2025\/06\/Design-sem-nome-9.png","contentUrl":"https:\/\/motorista.com.br\/noticias\/wp-content\/uploads\/2025\/06\/Design-sem-nome-9.png","width":150,"height":85,"caption":"Motorista.com.br"},"image":{"@id":"https:\/\/motorista.com.br\/noticias\/#\/schema\/logo\/image\/"}},{"@type":"Person","@id":"https:\/\/motorista.com.br\/noticias\/#\/schema\/person\/dc93afc2981c0e3ce6bc3c053fd847be","name":"Equipe Reda\u00e7\u00e3o","image":{"@type":"ImageObject","inLanguage":"pt-BR","@id":"https:\/\/secure.gravatar.com\/avatar\/4f525efbf18dd2bb300ccad28bfb99d95a9465a5ba268407c8c37b37e1f28d2d?s=96&d=mm&r=g9e099043a0c61e9ae27e293b9fa75ffc","url":"https:\/\/secure.gravatar.com\/avatar\/4f525efbf18dd2bb300ccad28bfb99d95a9465a5ba268407c8c37b37e1f28d2d?s=96&d=mm&r=g","contentUrl":"https:\/\/secure.gravatar.com\/avatar\/4f525efbf18dd2bb300ccad28bfb99d95a9465a5ba268407c8c37b37e1f28d2d?s=96&d=mm&r=g","caption":"Equipe Reda\u00e7\u00e3o"},"description":"Equipe de reda\u00e7\u00e3o \u00e9 um grupo de profissionais que trabalham juntos para criar conte\u00fado escrito para Motorista.com.br","url":"https:\/\/motorista.com.br\/noticias\/author\/equiperedacao\/"}]}},"_links":{"self":[{"href":"https:\/\/motorista.com.br\/noticias\/wp-json\/wp\/v2\/posts\/7771","targetHints":{"allow":["GET"]}}],"collection":[{"href":"https:\/\/motorista.com.br\/noticias\/wp-json\/wp\/v2\/posts"}],"about":[{"href":"https:\/\/motorista.com.br\/noticias\/wp-json\/wp\/v2\/types\/post"}],"author":[{"embeddable":true,"href":"https:\/\/motorista.com.br\/noticias\/wp-json\/wp\/v2\/users\/4"}],"replies":[{"embeddable":true,"href":"https:\/\/motorista.com.br\/noticias\/wp-json\/wp\/v2\/comments?post=7771"}],"version-history":[{"count":0,"href":"https:\/\/motorista.com.br\/noticias\/wp-json\/wp\/v2\/posts\/7771\/revisions"}],"wp:featuredmedia":[{"embeddable":true,"href":"https:\/\/motorista.com.br\/noticias\/wp-json\/wp\/v2\/media\/7772"}],"wp:attachment":[{"href":"https:\/\/motorista.com.br\/noticias\/wp-json\/wp\/v2\/media?parent=7771"}],"wp:term":[{"taxonomy":"category","embeddable":true,"href":"https:\/\/motorista.com.br\/noticias\/wp-json\/wp\/v2\/categories?post=7771"},{"taxonomy":"post_tag","embeddable":true,"href":"https:\/\/motorista.com.br\/noticias\/wp-json\/wp\/v2\/tags?post=7771"},{"taxonomy":"author","embeddable":true,"href":"https:\/\/motorista.com.br\/noticias\/wp-json\/wp\/v2\/coauthors?post=7771"}],"curies":[{"name":"wp","href":"https:\/\/api.w.org\/{rel}","templated":true}]}}