{"id":7769,"date":"2026-03-15T17:43:24","date_gmt":"2026-03-15T20:43:24","guid":{"rendered":"https:\/\/motorista.com.br\/noticias\/2026\/03\/15\/iveco-investe-r-1-bilhao-em-minas-para-novo-centro-logistico-e-modernizacao\/"},"modified":"2026-03-15T17:43:24","modified_gmt":"2026-03-15T20:43:24","slug":"iveco-investe-r-1-bilhao-em-minas-para-novo-centro-logistico-e-modernizacao","status":"publish","type":"post","link":"https:\/\/motorista.com.br\/noticias\/2026\/03\/15\/iveco-investe-r-1-bilhao-em-minas-para-novo-centro-logistico-e-modernizacao\/","title":{"rendered":"Iveco investe R$ 1 bilh\u00e3o em Minas para novo centro log\u00edstico e moderniza\u00e7\u00e3o."},"content":{"rendered":"<p><\/p>\n<p><strong>Iveco anuncia investimento de R$ 1 bilh\u00e3o em Minas e prev\u00ea novo centro log\u00edstico e moderniza\u00e7\u00e3o industrial<\/strong><\/p>\n<p>O Iveco Group acaba de revelar um ambicioso plano de investimentos industriais em Minas Gerais, destinado a aplicar cerca de R$ 1 bilh\u00e3o at\u00e9 2028. O projeto inclui a moderniza\u00e7\u00e3o do complexo industrial em Sete Lagoas e a instala\u00e7\u00e3o de um novo centro log\u00edstico em Pouso Alegre, no Sul do estado.<\/p>\n<p>Essa iniciativa, realizada em colabora\u00e7\u00e3o com o Governo de Minas Gerais, visa n\u00e3o somente atualizar as tecnologias de produ\u00e7\u00e3o, mas tamb\u00e9m desenvolver novos ve\u00edculos e fortalecer a cadeia automotiva local. Entre as diretrizes do investimento est\u00e3o a\u00e7\u00f5es voltadas para a sustentabilidade, como projetos de economia circular e melhorias nas condi\u00e7\u00f5es de seguran\u00e7a do trabalho.<\/p>\n<p>De acordo com o governador Romeu Zema, a Iveco \u00e9 a fabricante de caminh\u00f5es que mais cresceu no Brasil nos \u00faltimos seis anos. Para manter esse ritmo e continuar a conquistar o mercado, \u00e9 fundamental investir na moderniza\u00e7\u00e3o e amplia\u00e7\u00e3o da capacidade produtiva. Esse investimento de R$ 1 bilh\u00e3o at\u00e9 2028 representa um passo decisivo nesse sentido.<\/p>\n<p>A articula\u00e7\u00e3o para viabilizar esse projeto foi conduzida pela Secretaria de Estado de Desenvolvimento Econ\u00f4mico (Sede-MG) e pela ag\u00eancia Invest Minas, que atua na promo\u00e7\u00e3o de investimentos no estado. A expectativa \u00e9 que esse aporte contribua para a cria\u00e7\u00e3o de empregos e estimule o desenvolvimento de novas solu\u00e7\u00f5es tecnol\u00f3gicas, al\u00e9m de aumentar a competitividade da ind\u00fastria local.<\/p>\n<p>Marcio Querichelli, presidente da Iveco na Am\u00e9rica Latina, enfatiza que o investimento est\u00e1 diretamente relacionado ao avan\u00e7o em tecnologias voltadas para a mobilidade sustent\u00e1vel. Isso \u00e9 especialmente relevante em um momento em que a demanda por solu\u00e7\u00f5es ecol\u00f3gicas come\u00e7a a ganhar for\u00e7a no setor de transporte.<\/p>\n<p>Com a destina\u00e7\u00e3o dos recursos, a Iveco se prepara para desenvolver uma nova gera\u00e7\u00e3o de caminh\u00f5es, \u00f4nibus e motores, al\u00e9m de modernizar seus processos produtivos. Esse foco em inova\u00e7\u00e3o e sustentabilidade pode ter um impacto significativo na mobilidade geral, pois a entrada de novos ve\u00edculos com menor emiss\u00e3o de poluentes ajudar\u00e1 a criar um ambiente urbano mais limpo e eficiente.<\/p>\n<p>As melhorias na infraestrutura e na capacidade produtiva alinhadas \u00e0 sustentabilidade refor\u00e7am a posi\u00e7\u00e3o de Minas Gerais como um polo industrial competitivo. Para a secret\u00e1ria de Estado de Desenvolvimento Econ\u00f4mico, Mila Corr\u00eaa da Costa, esse investimento destaca a capacidade do estado de atrair projetos industriais de grande porte, consolidando a marca de mais de R$ 530 bilh\u00f5es em investimentos atra\u00eddos.<\/p>\n<p>Ronaldo Alexandre Barquette, diretor de Atra\u00e7\u00e3o de Investimentos da Invest Minas, destaca que esse investimento se traduz em confian\u00e7a por parte da ind\u00fastria global no ambiente de neg\u00f3cios de Minas. R$ 1 bilh\u00e3o para inova\u00e7\u00e3o, moderniza\u00e7\u00e3o e fortalecimento da cadeia automotiva resultar\u00e1 em um impacto direto na gera\u00e7\u00e3o de empregos e na competitividade da economia local.<\/p>\n<p>Considerado a principal base produtiva da Iveco no Brasil e o maior complexo industrial do grupo no mundo, o complexo de Sete Lagoas \u00e9 respons\u00e1vel pela produ\u00e7\u00e3o de caminh\u00f5es, \u00f4nibus e motores, al\u00e9m de desenvolver e testar novos produtos. Desde sua instala\u00e7\u00e3o em 2000, a unidade tem protagonizado a produ\u00e7\u00e3o de toda a linha de caminh\u00f5es destinada ao mercado brasileiro, abarcando categorias variadas, de leves a pesados.<\/p>\n<p>Al\u00e9m de sua produ\u00e7\u00e3o robusta, o complexo tamb\u00e9m investe em telemetria, gest\u00e3o industrial e tratamento de res\u00edduos, refor\u00e7ando o compromisso da Iveco com a efici\u00eancia produtiva e pr\u00e1ticas sustent\u00e1veis. Dessa forma, o investimento de R$ 1 bilh\u00e3o n\u00e3o s\u00f3 moderniza a estrutura industrial em Minas, mas tamb\u00e9m promete um futuro mais sustent\u00e1vel e competitivo para o setor automotivo no pa\u00eds.<\/p>\n<p><strong>Fonte: logweb<\/strong><\/p>\n","protected":false},"excerpt":{"rendered":"<p>Iveco anuncia investimento de R$ 1 bilh\u00e3o em Minas e prev\u00ea novo centro log\u00edstico e moderniza\u00e7\u00e3o industrial O Iveco Group acaba de revelar um ambicioso plano de investimentos industriais em Minas Gerais, destinado a aplicar cerca de R$ 1 bilh\u00e3o at\u00e9 2028. O projeto inclui a moderniza\u00e7\u00e3o do complexo industrial em Sete Lagoas e a &hellip;<\/p>\n","protected":false},"author":4,"featured_media":7770,"comment_status":"","ping_status":"open","sticky":false,"template":"","format":"standard","meta":{"footnotes":""},"categories":[62],"tags":[],"coauthors":[42],"class_list":["post-7769","post","type-post","status-publish","format-standard","has-post-thumbnail","hentry","category-logistica"],"yoast_head":"<!-- This site is optimized with the Yoast SEO Premium plugin v25.5 (Yoast SEO v27.5) - https:\/\/yoast.com\/product\/yoast-seo-premium-wordpress\/ -->\n<title>Iveco investe R$ 1 bilh\u00e3o em Minas para novo centro log\u00edstico e moderniza\u00e7\u00e3o. - Motorista.com.br<\/title>\n<meta name=\"robots\" content=\"index, follow, max-snippet:-1, max-image-preview:large, max-video-preview:-1\" \/>\n<link rel=\"canonical\" href=\"https:\/\/motorista.com.br\/noticias\/2026\/03\/15\/iveco-investe-r-1-bilhao-em-minas-para-novo-centro-logistico-e-modernizacao\/\" \/>\n<meta property=\"og:locale\" content=\"pt_BR\" \/>\n<meta property=\"og:type\" content=\"article\" \/>\n<meta property=\"og:title\" content=\"Iveco investe R$ 1 bilh\u00e3o em Minas para novo centro log\u00edstico e moderniza\u00e7\u00e3o.\" \/>\n<meta property=\"og:description\" content=\"Iveco anuncia investimento de R$ 1 bilh\u00e3o em Minas e prev\u00ea novo centro log\u00edstico e moderniza\u00e7\u00e3o industrial O Iveco Group acaba de revelar um ambicioso plano de investimentos industriais em Minas Gerais, destinado a aplicar cerca de R$ 1 bilh\u00e3o at\u00e9 2028. O projeto inclui a moderniza\u00e7\u00e3o do complexo industrial em Sete Lagoas e a &hellip;\" \/>\n<meta property=\"og:url\" content=\"https:\/\/motorista.com.br\/noticias\/2026\/03\/15\/iveco-investe-r-1-bilhao-em-minas-para-novo-centro-logistico-e-modernizacao\/\" \/>\n<meta property=\"og:site_name\" content=\"Motorista.com.br\" \/>\n<meta property=\"article:published_time\" content=\"2026-03-15T20:43:24+00:00\" \/>\n<meta name=\"author\" content=\"Equipe Reda\u00e7\u00e3o\" \/>\n<meta name=\"twitter:card\" content=\"summary_large_image\" \/>\n<meta name=\"twitter:label1\" content=\"Escrito por\" \/>\n\t<meta name=\"twitter:data1\" content=\"Equipe Reda\u00e7\u00e3o\" \/>\n\t<meta name=\"twitter:label2\" content=\"Est. tempo de leitura\" \/>\n\t<meta name=\"twitter:data2\" content=\"3 minutos\" \/>\n\t<meta name=\"twitter:label3\" content=\"Written by\" \/>\n\t<meta name=\"twitter:data3\" content=\"Equipe Reda\u00e7\u00e3o\" \/>\n<script type=\"application\/ld+json\" class=\"yoast-schema-graph\">{\"@context\":\"https:\\\/\\\/schema.org\",\"@graph\":[{\"@type\":\"Article\",\"@id\":\"https:\\\/\\\/motorista.com.br\\\/noticias\\\/2026\\\/03\\\/15\\\/iveco-investe-r-1-bilhao-em-minas-para-novo-centro-logistico-e-modernizacao\\\/#article\",\"isPartOf\":{\"@id\":\"https:\\\/\\\/motorista.com.br\\\/noticias\\\/2026\\\/03\\\/15\\\/iveco-investe-r-1-bilhao-em-minas-para-novo-centro-logistico-e-modernizacao\\\/\"},\"author\":{\"name\":\"Equipe Reda\u00e7\u00e3o\",\"@id\":\"https:\\\/\\\/motorista.com.br\\\/noticias\\\/#\\\/schema\\\/person\\\/dc93afc2981c0e3ce6bc3c053fd847be\"},\"headline\":\"Iveco investe R$ 1 bilh\u00e3o em Minas para novo centro log\u00edstico e moderniza\u00e7\u00e3o.\",\"datePublished\":\"2026-03-15T20:43:24+00:00\",\"mainEntityOfPage\":{\"@id\":\"https:\\\/\\\/motorista.com.br\\\/noticias\\\/2026\\\/03\\\/15\\\/iveco-investe-r-1-bilhao-em-minas-para-novo-centro-logistico-e-modernizacao\\\/\"},\"wordCount\":666,\"publisher\":{\"@id\":\"https:\\\/\\\/motorista.com.br\\\/noticias\\\/#organization\"},\"image\":{\"@id\":\"https:\\\/\\\/motorista.com.br\\\/noticias\\\/2026\\\/03\\\/15\\\/iveco-investe-r-1-bilhao-em-minas-para-novo-centro-logistico-e-modernizacao\\\/#primaryimage\"},\"thumbnailUrl\":\"https:\\\/\\\/motorista.com.br\\\/noticias\\\/wp-content\\\/uploads\\\/2026\\\/03\\\/Iveco-1.jpg\",\"articleSection\":[\"Log\u00edstica\"],\"inLanguage\":\"pt-BR\"},{\"@type\":\"WebPage\",\"@id\":\"https:\\\/\\\/motorista.com.br\\\/noticias\\\/2026\\\/03\\\/15\\\/iveco-investe-r-1-bilhao-em-minas-para-novo-centro-logistico-e-modernizacao\\\/\",\"url\":\"https:\\\/\\\/motorista.com.br\\\/noticias\\\/2026\\\/03\\\/15\\\/iveco-investe-r-1-bilhao-em-minas-para-novo-centro-logistico-e-modernizacao\\\/\",\"name\":\"Iveco investe R$ 1 bilh\u00e3o em Minas para novo centro log\u00edstico e moderniza\u00e7\u00e3o. - Motorista.com.br\",\"isPartOf\":{\"@id\":\"https:\\\/\\\/motorista.com.br\\\/noticias\\\/#website\"},\"primaryImageOfPage\":{\"@id\":\"https:\\\/\\\/motorista.com.br\\\/noticias\\\/2026\\\/03\\\/15\\\/iveco-investe-r-1-bilhao-em-minas-para-novo-centro-logistico-e-modernizacao\\\/#primaryimage\"},\"image\":{\"@id\":\"https:\\\/\\\/motorista.com.br\\\/noticias\\\/2026\\\/03\\\/15\\\/iveco-investe-r-1-bilhao-em-minas-para-novo-centro-logistico-e-modernizacao\\\/#primaryimage\"},\"thumbnailUrl\":\"https:\\\/\\\/motorista.com.br\\\/noticias\\\/wp-content\\\/uploads\\\/2026\\\/03\\\/Iveco-1.jpg\",\"datePublished\":\"2026-03-15T20:43:24+00:00\",\"breadcrumb\":{\"@id\":\"https:\\\/\\\/motorista.com.br\\\/noticias\\\/2026\\\/03\\\/15\\\/iveco-investe-r-1-bilhao-em-minas-para-novo-centro-logistico-e-modernizacao\\\/#breadcrumb\"},\"inLanguage\":\"pt-BR\",\"potentialAction\":[{\"@type\":\"ReadAction\",\"target\":[\"https:\\\/\\\/motorista.com.br\\\/noticias\\\/2026\\\/03\\\/15\\\/iveco-investe-r-1-bilhao-em-minas-para-novo-centro-logistico-e-modernizacao\\\/\"]}]},{\"@type\":\"ImageObject\",\"inLanguage\":\"pt-BR\",\"@id\":\"https:\\\/\\\/motorista.com.br\\\/noticias\\\/2026\\\/03\\\/15\\\/iveco-investe-r-1-bilhao-em-minas-para-novo-centro-logistico-e-modernizacao\\\/#primaryimage\",\"url\":\"https:\\\/\\\/motorista.com.br\\\/noticias\\\/wp-content\\\/uploads\\\/2026\\\/03\\\/Iveco-1.jpg\",\"contentUrl\":\"https:\\\/\\\/motorista.com.br\\\/noticias\\\/wp-content\\\/uploads\\\/2026\\\/03\\\/Iveco-1.jpg\",\"width\":800,\"height\":420},{\"@type\":\"BreadcrumbList\",\"@id\":\"https:\\\/\\\/motorista.com.br\\\/noticias\\\/2026\\\/03\\\/15\\\/iveco-investe-r-1-bilhao-em-minas-para-novo-centro-logistico-e-modernizacao\\\/#breadcrumb\",\"itemListElement\":[{\"@type\":\"ListItem\",\"position\":1,\"name\":\"In\u00edcio\",\"item\":\"https:\\\/\\\/motorista.com.br\\\/noticias\\\/\"},{\"@type\":\"ListItem\",\"position\":2,\"name\":\"Iveco investe R$ 1 bilh\u00e3o em Minas para novo centro log\u00edstico e moderniza\u00e7\u00e3o.\"}]},{\"@type\":\"WebSite\",\"@id\":\"https:\\\/\\\/motorista.com.br\\\/noticias\\\/#website\",\"url\":\"https:\\\/\\\/motorista.com.br\\\/noticias\\\/\",\"name\":\"Motorista.com.br\",\"description\":\"Not\u00edcia do Motorista\",\"publisher\":{\"@id\":\"https:\\\/\\\/motorista.com.br\\\/noticias\\\/#organization\"},\"potentialAction\":[{\"@type\":\"SearchAction\",\"target\":{\"@type\":\"EntryPoint\",\"urlTemplate\":\"https:\\\/\\\/motorista.com.br\\\/noticias\\\/?s={search_term_string}\"},\"query-input\":{\"@type\":\"PropertyValueSpecification\",\"valueRequired\":true,\"valueName\":\"search_term_string\"}}],\"inLanguage\":\"pt-BR\"},{\"@type\":\"Organization\",\"@id\":\"https:\\\/\\\/motorista.com.br\\\/noticias\\\/#organization\",\"name\":\"Motorista.com.br\",\"url\":\"https:\\\/\\\/motorista.com.br\\\/noticias\\\/\",\"logo\":{\"@type\":\"ImageObject\",\"inLanguage\":\"pt-BR\",\"@id\":\"https:\\\/\\\/motorista.com.br\\\/noticias\\\/#\\\/schema\\\/logo\\\/image\\\/\",\"url\":\"https:\\\/\\\/motorista.com.br\\\/noticias\\\/wp-content\\\/uploads\\\/2025\\\/06\\\/Design-sem-nome-9.png\",\"contentUrl\":\"https:\\\/\\\/motorista.com.br\\\/noticias\\\/wp-content\\\/uploads\\\/2025\\\/06\\\/Design-sem-nome-9.png\",\"width\":150,\"height\":85,\"caption\":\"Motorista.com.br\"},\"image\":{\"@id\":\"https:\\\/\\\/motorista.com.br\\\/noticias\\\/#\\\/schema\\\/logo\\\/image\\\/\"}},{\"@type\":\"Person\",\"@id\":\"https:\\\/\\\/motorista.com.br\\\/noticias\\\/#\\\/schema\\\/person\\\/dc93afc2981c0e3ce6bc3c053fd847be\",\"name\":\"Equipe Reda\u00e7\u00e3o\",\"image\":{\"@type\":\"ImageObject\",\"inLanguage\":\"pt-BR\",\"@id\":\"https:\\\/\\\/secure.gravatar.com\\\/avatar\\\/4f525efbf18dd2bb300ccad28bfb99d95a9465a5ba268407c8c37b37e1f28d2d?s=96&d=mm&r=g9e099043a0c61e9ae27e293b9fa75ffc\",\"url\":\"https:\\\/\\\/secure.gravatar.com\\\/avatar\\\/4f525efbf18dd2bb300ccad28bfb99d95a9465a5ba268407c8c37b37e1f28d2d?s=96&d=mm&r=g\",\"contentUrl\":\"https:\\\/\\\/secure.gravatar.com\\\/avatar\\\/4f525efbf18dd2bb300ccad28bfb99d95a9465a5ba268407c8c37b37e1f28d2d?s=96&d=mm&r=g\",\"caption\":\"Equipe Reda\u00e7\u00e3o\"},\"description\":\"Equipe de reda\u00e7\u00e3o \u00e9 um grupo de profissionais que trabalham juntos para criar conte\u00fado escrito para Motorista.com.br\",\"url\":\"https:\\\/\\\/motorista.com.br\\\/noticias\\\/author\\\/equiperedacao\\\/\"}]}<\/script>\n<!-- \/ Yoast SEO Premium plugin. -->","yoast_head_json":{"title":"Iveco investe R$ 1 bilh\u00e3o em Minas para novo centro log\u00edstico e moderniza\u00e7\u00e3o. - Motorista.com.br","robots":{"index":"index","follow":"follow","max-snippet":"max-snippet:-1","max-image-preview":"max-image-preview:large","max-video-preview":"max-video-preview:-1"},"canonical":"https:\/\/motorista.com.br\/noticias\/2026\/03\/15\/iveco-investe-r-1-bilhao-em-minas-para-novo-centro-logistico-e-modernizacao\/","og_locale":"pt_BR","og_type":"article","og_title":"Iveco investe R$ 1 bilh\u00e3o em Minas para novo centro log\u00edstico e moderniza\u00e7\u00e3o.","og_description":"Iveco anuncia investimento de R$ 1 bilh\u00e3o em Minas e prev\u00ea novo centro log\u00edstico e moderniza\u00e7\u00e3o industrial O Iveco Group acaba de revelar um ambicioso plano de investimentos industriais em Minas Gerais, destinado a aplicar cerca de R$ 1 bilh\u00e3o at\u00e9 2028. O projeto inclui a moderniza\u00e7\u00e3o do complexo industrial em Sete Lagoas e a &hellip;","og_url":"https:\/\/motorista.com.br\/noticias\/2026\/03\/15\/iveco-investe-r-1-bilhao-em-minas-para-novo-centro-logistico-e-modernizacao\/","og_site_name":"Motorista.com.br","article_published_time":"2026-03-15T20:43:24+00:00","author":"Equipe Reda\u00e7\u00e3o","twitter_card":"summary_large_image","twitter_misc":{"Escrito por":"Equipe Reda\u00e7\u00e3o","Est. tempo de leitura":"3 minutos","Written by":"Equipe Reda\u00e7\u00e3o"},"schema":{"@context":"https:\/\/schema.org","@graph":[{"@type":"Article","@id":"https:\/\/motorista.com.br\/noticias\/2026\/03\/15\/iveco-investe-r-1-bilhao-em-minas-para-novo-centro-logistico-e-modernizacao\/#article","isPartOf":{"@id":"https:\/\/motorista.com.br\/noticias\/2026\/03\/15\/iveco-investe-r-1-bilhao-em-minas-para-novo-centro-logistico-e-modernizacao\/"},"author":{"name":"Equipe Reda\u00e7\u00e3o","@id":"https:\/\/motorista.com.br\/noticias\/#\/schema\/person\/dc93afc2981c0e3ce6bc3c053fd847be"},"headline":"Iveco investe R$ 1 bilh\u00e3o em Minas para novo centro log\u00edstico e moderniza\u00e7\u00e3o.","datePublished":"2026-03-15T20:43:24+00:00","mainEntityOfPage":{"@id":"https:\/\/motorista.com.br\/noticias\/2026\/03\/15\/iveco-investe-r-1-bilhao-em-minas-para-novo-centro-logistico-e-modernizacao\/"},"wordCount":666,"publisher":{"@id":"https:\/\/motorista.com.br\/noticias\/#organization"},"image":{"@id":"https:\/\/motorista.com.br\/noticias\/2026\/03\/15\/iveco-investe-r-1-bilhao-em-minas-para-novo-centro-logistico-e-modernizacao\/#primaryimage"},"thumbnailUrl":"https:\/\/motorista.com.br\/noticias\/wp-content\/uploads\/2026\/03\/Iveco-1.jpg","articleSection":["Log\u00edstica"],"inLanguage":"pt-BR"},{"@type":"WebPage","@id":"https:\/\/motorista.com.br\/noticias\/2026\/03\/15\/iveco-investe-r-1-bilhao-em-minas-para-novo-centro-logistico-e-modernizacao\/","url":"https:\/\/motorista.com.br\/noticias\/2026\/03\/15\/iveco-investe-r-1-bilhao-em-minas-para-novo-centro-logistico-e-modernizacao\/","name":"Iveco investe R$ 1 bilh\u00e3o em Minas para novo centro log\u00edstico e moderniza\u00e7\u00e3o. - Motorista.com.br","isPartOf":{"@id":"https:\/\/motorista.com.br\/noticias\/#website"},"primaryImageOfPage":{"@id":"https:\/\/motorista.com.br\/noticias\/2026\/03\/15\/iveco-investe-r-1-bilhao-em-minas-para-novo-centro-logistico-e-modernizacao\/#primaryimage"},"image":{"@id":"https:\/\/motorista.com.br\/noticias\/2026\/03\/15\/iveco-investe-r-1-bilhao-em-minas-para-novo-centro-logistico-e-modernizacao\/#primaryimage"},"thumbnailUrl":"https:\/\/motorista.com.br\/noticias\/wp-content\/uploads\/2026\/03\/Iveco-1.jpg","datePublished":"2026-03-15T20:43:24+00:00","breadcrumb":{"@id":"https:\/\/motorista.com.br\/noticias\/2026\/03\/15\/iveco-investe-r-1-bilhao-em-minas-para-novo-centro-logistico-e-modernizacao\/#breadcrumb"},"inLanguage":"pt-BR","potentialAction":[{"@type":"ReadAction","target":["https:\/\/motorista.com.br\/noticias\/2026\/03\/15\/iveco-investe-r-1-bilhao-em-minas-para-novo-centro-logistico-e-modernizacao\/"]}]},{"@type":"ImageObject","inLanguage":"pt-BR","@id":"https:\/\/motorista.com.br\/noticias\/2026\/03\/15\/iveco-investe-r-1-bilhao-em-minas-para-novo-centro-logistico-e-modernizacao\/#primaryimage","url":"https:\/\/motorista.com.br\/noticias\/wp-content\/uploads\/2026\/03\/Iveco-1.jpg","contentUrl":"https:\/\/motorista.com.br\/noticias\/wp-content\/uploads\/2026\/03\/Iveco-1.jpg","width":800,"height":420},{"@type":"BreadcrumbList","@id":"https:\/\/motorista.com.br\/noticias\/2026\/03\/15\/iveco-investe-r-1-bilhao-em-minas-para-novo-centro-logistico-e-modernizacao\/#breadcrumb","itemListElement":[{"@type":"ListItem","position":1,"name":"In\u00edcio","item":"https:\/\/motorista.com.br\/noticias\/"},{"@type":"ListItem","position":2,"name":"Iveco investe R$ 1 bilh\u00e3o em Minas para novo centro log\u00edstico e moderniza\u00e7\u00e3o."}]},{"@type":"WebSite","@id":"https:\/\/motorista.com.br\/noticias\/#website","url":"https:\/\/motorista.com.br\/noticias\/","name":"Motorista.com.br","description":"Not\u00edcia do Motorista","publisher":{"@id":"https:\/\/motorista.com.br\/noticias\/#organization"},"potentialAction":[{"@type":"SearchAction","target":{"@type":"EntryPoint","urlTemplate":"https:\/\/motorista.com.br\/noticias\/?s={search_term_string}"},"query-input":{"@type":"PropertyValueSpecification","valueRequired":true,"valueName":"search_term_string"}}],"inLanguage":"pt-BR"},{"@type":"Organization","@id":"https:\/\/motorista.com.br\/noticias\/#organization","name":"Motorista.com.br","url":"https:\/\/motorista.com.br\/noticias\/","logo":{"@type":"ImageObject","inLanguage":"pt-BR","@id":"https:\/\/motorista.com.br\/noticias\/#\/schema\/logo\/image\/","url":"https:\/\/motorista.com.br\/noticias\/wp-content\/uploads\/2025\/06\/Design-sem-nome-9.png","contentUrl":"https:\/\/motorista.com.br\/noticias\/wp-content\/uploads\/2025\/06\/Design-sem-nome-9.png","width":150,"height":85,"caption":"Motorista.com.br"},"image":{"@id":"https:\/\/motorista.com.br\/noticias\/#\/schema\/logo\/image\/"}},{"@type":"Person","@id":"https:\/\/motorista.com.br\/noticias\/#\/schema\/person\/dc93afc2981c0e3ce6bc3c053fd847be","name":"Equipe Reda\u00e7\u00e3o","image":{"@type":"ImageObject","inLanguage":"pt-BR","@id":"https:\/\/secure.gravatar.com\/avatar\/4f525efbf18dd2bb300ccad28bfb99d95a9465a5ba268407c8c37b37e1f28d2d?s=96&d=mm&r=g9e099043a0c61e9ae27e293b9fa75ffc","url":"https:\/\/secure.gravatar.com\/avatar\/4f525efbf18dd2bb300ccad28bfb99d95a9465a5ba268407c8c37b37e1f28d2d?s=96&d=mm&r=g","contentUrl":"https:\/\/secure.gravatar.com\/avatar\/4f525efbf18dd2bb300ccad28bfb99d95a9465a5ba268407c8c37b37e1f28d2d?s=96&d=mm&r=g","caption":"Equipe Reda\u00e7\u00e3o"},"description":"Equipe de reda\u00e7\u00e3o \u00e9 um grupo de profissionais que trabalham juntos para criar conte\u00fado escrito para Motorista.com.br","url":"https:\/\/motorista.com.br\/noticias\/author\/equiperedacao\/"}]}},"_links":{"self":[{"href":"https:\/\/motorista.com.br\/noticias\/wp-json\/wp\/v2\/posts\/7769","targetHints":{"allow":["GET"]}}],"collection":[{"href":"https:\/\/motorista.com.br\/noticias\/wp-json\/wp\/v2\/posts"}],"about":[{"href":"https:\/\/motorista.com.br\/noticias\/wp-json\/wp\/v2\/types\/post"}],"author":[{"embeddable":true,"href":"https:\/\/motorista.com.br\/noticias\/wp-json\/wp\/v2\/users\/4"}],"replies":[{"embeddable":true,"href":"https:\/\/motorista.com.br\/noticias\/wp-json\/wp\/v2\/comments?post=7769"}],"version-history":[{"count":0,"href":"https:\/\/motorista.com.br\/noticias\/wp-json\/wp\/v2\/posts\/7769\/revisions"}],"wp:featuredmedia":[{"embeddable":true,"href":"https:\/\/motorista.com.br\/noticias\/wp-json\/wp\/v2\/media\/7770"}],"wp:attachment":[{"href":"https:\/\/motorista.com.br\/noticias\/wp-json\/wp\/v2\/media?parent=7769"}],"wp:term":[{"taxonomy":"category","embeddable":true,"href":"https:\/\/motorista.com.br\/noticias\/wp-json\/wp\/v2\/categories?post=7769"},{"taxonomy":"post_tag","embeddable":true,"href":"https:\/\/motorista.com.br\/noticias\/wp-json\/wp\/v2\/tags?post=7769"},{"taxonomy":"author","embeddable":true,"href":"https:\/\/motorista.com.br\/noticias\/wp-json\/wp\/v2\/coauthors?post=7769"}],"curies":[{"name":"wp","href":"https:\/\/api.w.org\/{rel}","templated":true}]}}