{"id":7768,"date":"2026-03-15T17:22:22","date_gmt":"2026-03-15T20:22:22","guid":{"rendered":"https:\/\/motorista.com.br\/noticias\/2026\/03\/15\/voce-sabe-de-onde-vem-a-palavra-caminhao\/"},"modified":"2026-03-15T17:22:22","modified_gmt":"2026-03-15T20:22:22","slug":"voce-sabe-de-onde-vem-a-palavra-caminhao","status":"publish","type":"post","link":"https:\/\/motorista.com.br\/noticias\/2026\/03\/15\/voce-sabe-de-onde-vem-a-palavra-caminhao\/","title":{"rendered":"Voc\u00ea sabe de onde vem a palavra CAMINH\u00c3O?"},"content":{"rendered":"<p><\/p>\n<h2>Voc\u00ea conhece a origem da palavra CAMINH\u00c3O?<\/h2>\n<p>No setor de transportes, a express\u00e3o &quot;caminh\u00e3o&quot; \u00e9 onipresente, refletindo a import\u00e2ncia desse ve\u00edculo na economia brasileira. Os caminh\u00f5es s\u00e3o respons\u00e1veis por transportar mais de 65% de tudo o que \u00e9 produzido, vendido e consumido no pa\u00eds. Essa relev\u00e2ncia ressalta a necessidade de compreendermos a origem de uma palavra t\u00e3o comum e essencial para a mobilidade.<\/p>\n<p>A palavra &quot;caminh\u00e3o&quot; tem ra\u00edzes na l\u00edngua francesa, onde, h\u00e1 s\u00e9culos, existia uma grande carro\u00e7a destinada ao transporte de cargas pesadas, como madeira e barricas de bebida. Essa carro\u00e7a robusta era chamada de &quot;camion&quot;. Com a chegada dos autom\u00f3veis, no in\u00edcio dos anos 1900, surgiram ve\u00edculos motorizados espec\u00edficos para o transporte de cargas, e a designa\u00e7\u00e3o da carro\u00e7a foi rapidamente transferida para esses novos modelos.<\/p>\n<p>A populariza\u00e7\u00e3o dos caminh\u00f5es ocorreu pela Europa, alcan\u00e7ando Portugal, onde come\u00e7aram a ser chamados de &quot;cami\u00e3o&quot;. Quando a palavra chegou ao Brasil, sofreu uma adapta\u00e7\u00e3o, recebendo um &quot;nh&quot; ap\u00f3s o &quot;i&quot;, resultando em &quot;caminh\u00e3o&quot;. Essa transforma\u00e7\u00e3o lingu\u00edstica pode ter sido influenciada pela palavra &quot;caminho&quot;.<\/p>\n<p>Ademais, a evolu\u00e7\u00e3o dos termos relacionados a esses ve\u00edculos revela a adapta\u00e7\u00e3o da l\u00edngua \u00e0s necessidades locais. Em Portugal, quem dirige esses ve\u00edculos \u00e9 denominado &quot;camionista&quot; ou &quot;camioneiro&quot;, enquanto no Brasil, essa fun\u00e7\u00e3o \u00e9 ocupada pelo &quot;caminhoneiro&quot;. Essa diferen\u00e7a n\u00e3o \u00e9 meramente lingu\u00edstica; ela reflete a identidade cultural dos motoristas brasileiros e a valoriza\u00e7\u00e3o do seu papel crucial na log\u00edstica nacional.<\/p>\n<p>Compreender a etimologia da palavra &quot;caminh\u00e3o&quot; n\u00e3o \u00e9 apenas um exerc\u00edcio lingu\u00edstico; \u00e9 uma forma de reconhecer a import\u00e2ncia dos caminhoneiros na cadeia de transporte. Ao ligar a hist\u00f3ria da palavra aos impactos econ\u00f4micos e sociais contempor\u00e2neos, percebemos que esses profissionais s\u00e3o mais do que motoristas; eles s\u00e3o pe\u00e7as fundamentais na engrenagem da mobilidade e da economia brasileira.<\/p>\n<h3>Fonte: blogdocaminhoneiro<\/h3>\n","protected":false},"excerpt":{"rendered":"<p>Voc\u00ea conhece a origem da palavra CAMINH\u00c3O? No setor de transportes, a express\u00e3o &quot;caminh\u00e3o&quot; \u00e9 onipresente, refletindo a import\u00e2ncia desse ve\u00edculo na economia brasileira. Os caminh\u00f5es s\u00e3o respons\u00e1veis por transportar mais de 65% de tudo o que \u00e9 produzido, vendido e consumido no pa\u00eds. Essa relev\u00e2ncia ressalta a necessidade de compreendermos a origem de uma &hellip;<\/p>\n","protected":false},"author":4,"featured_media":5760,"comment_status":"","ping_status":"open","sticky":false,"template":"","format":"standard","meta":{"footnotes":""},"categories":[78,77],"tags":[],"coauthors":[42],"class_list":["post-7768","post","type-post","status-publish","format-standard","has-post-thumbnail","hentry","category-carreteiro","category-motorista"],"yoast_head":"<!-- This site is optimized with the Yoast SEO Premium plugin v25.5 (Yoast SEO v27.5) - https:\/\/yoast.com\/product\/yoast-seo-premium-wordpress\/ -->\n<title>Voc\u00ea sabe de onde vem a palavra CAMINH\u00c3O? - Motorista.com.br<\/title>\n<meta name=\"robots\" content=\"index, follow, max-snippet:-1, max-image-preview:large, max-video-preview:-1\" \/>\n<link rel=\"canonical\" href=\"https:\/\/motorista.com.br\/noticias\/2026\/03\/15\/voce-sabe-de-onde-vem-a-palavra-caminhao\/\" \/>\n<meta property=\"og:locale\" content=\"pt_BR\" \/>\n<meta property=\"og:type\" content=\"article\" \/>\n<meta property=\"og:title\" content=\"Voc\u00ea sabe de onde vem a palavra CAMINH\u00c3O?\" \/>\n<meta property=\"og:description\" content=\"Voc\u00ea conhece a origem da palavra CAMINH\u00c3O? No setor de transportes, a express\u00e3o &quot;caminh\u00e3o&quot; \u00e9 onipresente, refletindo a import\u00e2ncia desse ve\u00edculo na economia brasileira. Os caminh\u00f5es s\u00e3o respons\u00e1veis por transportar mais de 65% de tudo o que \u00e9 produzido, vendido e consumido no pa\u00eds. Essa relev\u00e2ncia ressalta a necessidade de compreendermos a origem de uma &hellip;\" \/>\n<meta property=\"og:url\" content=\"https:\/\/motorista.com.br\/noticias\/2026\/03\/15\/voce-sabe-de-onde-vem-a-palavra-caminhao\/\" \/>\n<meta property=\"og:site_name\" content=\"Motorista.com.br\" \/>\n<meta property=\"article:published_time\" content=\"2026-03-15T20:22:22+00:00\" \/>\n<meta name=\"author\" content=\"Equipe Reda\u00e7\u00e3o\" \/>\n<meta name=\"twitter:card\" content=\"summary_large_image\" \/>\n<meta name=\"twitter:label1\" content=\"Escrito por\" \/>\n\t<meta name=\"twitter:data1\" content=\"Equipe Reda\u00e7\u00e3o\" \/>\n\t<meta name=\"twitter:label2\" content=\"Est. tempo de leitura\" \/>\n\t<meta name=\"twitter:data2\" content=\"2 minutos\" \/>\n\t<meta name=\"twitter:label3\" content=\"Written by\" \/>\n\t<meta name=\"twitter:data3\" content=\"Equipe Reda\u00e7\u00e3o\" \/>\n<script type=\"application\/ld+json\" class=\"yoast-schema-graph\">{\"@context\":\"https:\\\/\\\/schema.org\",\"@graph\":[{\"@type\":\"Article\",\"@id\":\"https:\\\/\\\/motorista.com.br\\\/noticias\\\/2026\\\/03\\\/15\\\/voce-sabe-de-onde-vem-a-palavra-caminhao\\\/#article\",\"isPartOf\":{\"@id\":\"https:\\\/\\\/motorista.com.br\\\/noticias\\\/2026\\\/03\\\/15\\\/voce-sabe-de-onde-vem-a-palavra-caminhao\\\/\"},\"author\":{\"name\":\"Equipe Reda\u00e7\u00e3o\",\"@id\":\"https:\\\/\\\/motorista.com.br\\\/noticias\\\/#\\\/schema\\\/person\\\/dc93afc2981c0e3ce6bc3c053fd847be\"},\"headline\":\"Voc\u00ea sabe de onde vem a palavra CAMINH\u00c3O?\",\"datePublished\":\"2026-03-15T20:22:22+00:00\",\"mainEntityOfPage\":{\"@id\":\"https:\\\/\\\/motorista.com.br\\\/noticias\\\/2026\\\/03\\\/15\\\/voce-sabe-de-onde-vem-a-palavra-caminhao\\\/\"},\"wordCount\":372,\"publisher\":{\"@id\":\"https:\\\/\\\/motorista.com.br\\\/noticias\\\/#organization\"},\"image\":{\"@id\":\"https:\\\/\\\/motorista.com.br\\\/noticias\\\/2026\\\/03\\\/15\\\/voce-sabe-de-onde-vem-a-palavra-caminhao\\\/#primaryimage\"},\"thumbnailUrl\":\"https:\\\/\\\/motorista.com.br\\\/noticias\\\/wp-content\\\/uploads\\\/2026\\\/01\\\/caminhoes-velhos-antigos-autonomo-caminhoneiro.jpeg\",\"articleSection\":[\"Carreteiro\",\"Motorista\"],\"inLanguage\":\"pt-BR\"},{\"@type\":\"WebPage\",\"@id\":\"https:\\\/\\\/motorista.com.br\\\/noticias\\\/2026\\\/03\\\/15\\\/voce-sabe-de-onde-vem-a-palavra-caminhao\\\/\",\"url\":\"https:\\\/\\\/motorista.com.br\\\/noticias\\\/2026\\\/03\\\/15\\\/voce-sabe-de-onde-vem-a-palavra-caminhao\\\/\",\"name\":\"Voc\u00ea sabe de onde vem a palavra CAMINH\u00c3O? - Motorista.com.br\",\"isPartOf\":{\"@id\":\"https:\\\/\\\/motorista.com.br\\\/noticias\\\/#website\"},\"primaryImageOfPage\":{\"@id\":\"https:\\\/\\\/motorista.com.br\\\/noticias\\\/2026\\\/03\\\/15\\\/voce-sabe-de-onde-vem-a-palavra-caminhao\\\/#primaryimage\"},\"image\":{\"@id\":\"https:\\\/\\\/motorista.com.br\\\/noticias\\\/2026\\\/03\\\/15\\\/voce-sabe-de-onde-vem-a-palavra-caminhao\\\/#primaryimage\"},\"thumbnailUrl\":\"https:\\\/\\\/motorista.com.br\\\/noticias\\\/wp-content\\\/uploads\\\/2026\\\/01\\\/caminhoes-velhos-antigos-autonomo-caminhoneiro.jpeg\",\"datePublished\":\"2026-03-15T20:22:22+00:00\",\"breadcrumb\":{\"@id\":\"https:\\\/\\\/motorista.com.br\\\/noticias\\\/2026\\\/03\\\/15\\\/voce-sabe-de-onde-vem-a-palavra-caminhao\\\/#breadcrumb\"},\"inLanguage\":\"pt-BR\",\"potentialAction\":[{\"@type\":\"ReadAction\",\"target\":[\"https:\\\/\\\/motorista.com.br\\\/noticias\\\/2026\\\/03\\\/15\\\/voce-sabe-de-onde-vem-a-palavra-caminhao\\\/\"]}]},{\"@type\":\"ImageObject\",\"inLanguage\":\"pt-BR\",\"@id\":\"https:\\\/\\\/motorista.com.br\\\/noticias\\\/2026\\\/03\\\/15\\\/voce-sabe-de-onde-vem-a-palavra-caminhao\\\/#primaryimage\",\"url\":\"https:\\\/\\\/motorista.com.br\\\/noticias\\\/wp-content\\\/uploads\\\/2026\\\/01\\\/caminhoes-velhos-antigos-autonomo-caminhoneiro.jpeg\",\"contentUrl\":\"https:\\\/\\\/motorista.com.br\\\/noticias\\\/wp-content\\\/uploads\\\/2026\\\/01\\\/caminhoes-velhos-antigos-autonomo-caminhoneiro.jpeg\",\"width\":1692,\"height\":950},{\"@type\":\"BreadcrumbList\",\"@id\":\"https:\\\/\\\/motorista.com.br\\\/noticias\\\/2026\\\/03\\\/15\\\/voce-sabe-de-onde-vem-a-palavra-caminhao\\\/#breadcrumb\",\"itemListElement\":[{\"@type\":\"ListItem\",\"position\":1,\"name\":\"In\u00edcio\",\"item\":\"https:\\\/\\\/motorista.com.br\\\/noticias\\\/\"},{\"@type\":\"ListItem\",\"position\":2,\"name\":\"Voc\u00ea sabe de onde vem a palavra CAMINH\u00c3O?\"}]},{\"@type\":\"WebSite\",\"@id\":\"https:\\\/\\\/motorista.com.br\\\/noticias\\\/#website\",\"url\":\"https:\\\/\\\/motorista.com.br\\\/noticias\\\/\",\"name\":\"Motorista.com.br\",\"description\":\"Not\u00edcia do Motorista\",\"publisher\":{\"@id\":\"https:\\\/\\\/motorista.com.br\\\/noticias\\\/#organization\"},\"potentialAction\":[{\"@type\":\"SearchAction\",\"target\":{\"@type\":\"EntryPoint\",\"urlTemplate\":\"https:\\\/\\\/motorista.com.br\\\/noticias\\\/?s={search_term_string}\"},\"query-input\":{\"@type\":\"PropertyValueSpecification\",\"valueRequired\":true,\"valueName\":\"search_term_string\"}}],\"inLanguage\":\"pt-BR\"},{\"@type\":\"Organization\",\"@id\":\"https:\\\/\\\/motorista.com.br\\\/noticias\\\/#organization\",\"name\":\"Motorista.com.br\",\"url\":\"https:\\\/\\\/motorista.com.br\\\/noticias\\\/\",\"logo\":{\"@type\":\"ImageObject\",\"inLanguage\":\"pt-BR\",\"@id\":\"https:\\\/\\\/motorista.com.br\\\/noticias\\\/#\\\/schema\\\/logo\\\/image\\\/\",\"url\":\"https:\\\/\\\/motorista.com.br\\\/noticias\\\/wp-content\\\/uploads\\\/2025\\\/06\\\/Design-sem-nome-9.png\",\"contentUrl\":\"https:\\\/\\\/motorista.com.br\\\/noticias\\\/wp-content\\\/uploads\\\/2025\\\/06\\\/Design-sem-nome-9.png\",\"width\":150,\"height\":85,\"caption\":\"Motorista.com.br\"},\"image\":{\"@id\":\"https:\\\/\\\/motorista.com.br\\\/noticias\\\/#\\\/schema\\\/logo\\\/image\\\/\"}},{\"@type\":\"Person\",\"@id\":\"https:\\\/\\\/motorista.com.br\\\/noticias\\\/#\\\/schema\\\/person\\\/dc93afc2981c0e3ce6bc3c053fd847be\",\"name\":\"Equipe Reda\u00e7\u00e3o\",\"image\":{\"@type\":\"ImageObject\",\"inLanguage\":\"pt-BR\",\"@id\":\"https:\\\/\\\/secure.gravatar.com\\\/avatar\\\/4f525efbf18dd2bb300ccad28bfb99d95a9465a5ba268407c8c37b37e1f28d2d?s=96&d=mm&r=g9e099043a0c61e9ae27e293b9fa75ffc\",\"url\":\"https:\\\/\\\/secure.gravatar.com\\\/avatar\\\/4f525efbf18dd2bb300ccad28bfb99d95a9465a5ba268407c8c37b37e1f28d2d?s=96&d=mm&r=g\",\"contentUrl\":\"https:\\\/\\\/secure.gravatar.com\\\/avatar\\\/4f525efbf18dd2bb300ccad28bfb99d95a9465a5ba268407c8c37b37e1f28d2d?s=96&d=mm&r=g\",\"caption\":\"Equipe Reda\u00e7\u00e3o\"},\"description\":\"Equipe de reda\u00e7\u00e3o \u00e9 um grupo de profissionais que trabalham juntos para criar conte\u00fado escrito para Motorista.com.br\",\"url\":\"https:\\\/\\\/motorista.com.br\\\/noticias\\\/author\\\/equiperedacao\\\/\"}]}<\/script>\n<!-- \/ Yoast SEO Premium plugin. -->","yoast_head_json":{"title":"Voc\u00ea sabe de onde vem a palavra CAMINH\u00c3O? - Motorista.com.br","robots":{"index":"index","follow":"follow","max-snippet":"max-snippet:-1","max-image-preview":"max-image-preview:large","max-video-preview":"max-video-preview:-1"},"canonical":"https:\/\/motorista.com.br\/noticias\/2026\/03\/15\/voce-sabe-de-onde-vem-a-palavra-caminhao\/","og_locale":"pt_BR","og_type":"article","og_title":"Voc\u00ea sabe de onde vem a palavra CAMINH\u00c3O?","og_description":"Voc\u00ea conhece a origem da palavra CAMINH\u00c3O? No setor de transportes, a express\u00e3o &quot;caminh\u00e3o&quot; \u00e9 onipresente, refletindo a import\u00e2ncia desse ve\u00edculo na economia brasileira. Os caminh\u00f5es s\u00e3o respons\u00e1veis por transportar mais de 65% de tudo o que \u00e9 produzido, vendido e consumido no pa\u00eds. Essa relev\u00e2ncia ressalta a necessidade de compreendermos a origem de uma &hellip;","og_url":"https:\/\/motorista.com.br\/noticias\/2026\/03\/15\/voce-sabe-de-onde-vem-a-palavra-caminhao\/","og_site_name":"Motorista.com.br","article_published_time":"2026-03-15T20:22:22+00:00","author":"Equipe Reda\u00e7\u00e3o","twitter_card":"summary_large_image","twitter_misc":{"Escrito por":"Equipe Reda\u00e7\u00e3o","Est. tempo de leitura":"2 minutos","Written by":"Equipe Reda\u00e7\u00e3o"},"schema":{"@context":"https:\/\/schema.org","@graph":[{"@type":"Article","@id":"https:\/\/motorista.com.br\/noticias\/2026\/03\/15\/voce-sabe-de-onde-vem-a-palavra-caminhao\/#article","isPartOf":{"@id":"https:\/\/motorista.com.br\/noticias\/2026\/03\/15\/voce-sabe-de-onde-vem-a-palavra-caminhao\/"},"author":{"name":"Equipe Reda\u00e7\u00e3o","@id":"https:\/\/motorista.com.br\/noticias\/#\/schema\/person\/dc93afc2981c0e3ce6bc3c053fd847be"},"headline":"Voc\u00ea sabe de onde vem a palavra CAMINH\u00c3O?","datePublished":"2026-03-15T20:22:22+00:00","mainEntityOfPage":{"@id":"https:\/\/motorista.com.br\/noticias\/2026\/03\/15\/voce-sabe-de-onde-vem-a-palavra-caminhao\/"},"wordCount":372,"publisher":{"@id":"https:\/\/motorista.com.br\/noticias\/#organization"},"image":{"@id":"https:\/\/motorista.com.br\/noticias\/2026\/03\/15\/voce-sabe-de-onde-vem-a-palavra-caminhao\/#primaryimage"},"thumbnailUrl":"https:\/\/motorista.com.br\/noticias\/wp-content\/uploads\/2026\/01\/caminhoes-velhos-antigos-autonomo-caminhoneiro.jpeg","articleSection":["Carreteiro","Motorista"],"inLanguage":"pt-BR"},{"@type":"WebPage","@id":"https:\/\/motorista.com.br\/noticias\/2026\/03\/15\/voce-sabe-de-onde-vem-a-palavra-caminhao\/","url":"https:\/\/motorista.com.br\/noticias\/2026\/03\/15\/voce-sabe-de-onde-vem-a-palavra-caminhao\/","name":"Voc\u00ea sabe de onde vem a palavra CAMINH\u00c3O? - Motorista.com.br","isPartOf":{"@id":"https:\/\/motorista.com.br\/noticias\/#website"},"primaryImageOfPage":{"@id":"https:\/\/motorista.com.br\/noticias\/2026\/03\/15\/voce-sabe-de-onde-vem-a-palavra-caminhao\/#primaryimage"},"image":{"@id":"https:\/\/motorista.com.br\/noticias\/2026\/03\/15\/voce-sabe-de-onde-vem-a-palavra-caminhao\/#primaryimage"},"thumbnailUrl":"https:\/\/motorista.com.br\/noticias\/wp-content\/uploads\/2026\/01\/caminhoes-velhos-antigos-autonomo-caminhoneiro.jpeg","datePublished":"2026-03-15T20:22:22+00:00","breadcrumb":{"@id":"https:\/\/motorista.com.br\/noticias\/2026\/03\/15\/voce-sabe-de-onde-vem-a-palavra-caminhao\/#breadcrumb"},"inLanguage":"pt-BR","potentialAction":[{"@type":"ReadAction","target":["https:\/\/motorista.com.br\/noticias\/2026\/03\/15\/voce-sabe-de-onde-vem-a-palavra-caminhao\/"]}]},{"@type":"ImageObject","inLanguage":"pt-BR","@id":"https:\/\/motorista.com.br\/noticias\/2026\/03\/15\/voce-sabe-de-onde-vem-a-palavra-caminhao\/#primaryimage","url":"https:\/\/motorista.com.br\/noticias\/wp-content\/uploads\/2026\/01\/caminhoes-velhos-antigos-autonomo-caminhoneiro.jpeg","contentUrl":"https:\/\/motorista.com.br\/noticias\/wp-content\/uploads\/2026\/01\/caminhoes-velhos-antigos-autonomo-caminhoneiro.jpeg","width":1692,"height":950},{"@type":"BreadcrumbList","@id":"https:\/\/motorista.com.br\/noticias\/2026\/03\/15\/voce-sabe-de-onde-vem-a-palavra-caminhao\/#breadcrumb","itemListElement":[{"@type":"ListItem","position":1,"name":"In\u00edcio","item":"https:\/\/motorista.com.br\/noticias\/"},{"@type":"ListItem","position":2,"name":"Voc\u00ea sabe de onde vem a palavra CAMINH\u00c3O?"}]},{"@type":"WebSite","@id":"https:\/\/motorista.com.br\/noticias\/#website","url":"https:\/\/motorista.com.br\/noticias\/","name":"Motorista.com.br","description":"Not\u00edcia do Motorista","publisher":{"@id":"https:\/\/motorista.com.br\/noticias\/#organization"},"potentialAction":[{"@type":"SearchAction","target":{"@type":"EntryPoint","urlTemplate":"https:\/\/motorista.com.br\/noticias\/?s={search_term_string}"},"query-input":{"@type":"PropertyValueSpecification","valueRequired":true,"valueName":"search_term_string"}}],"inLanguage":"pt-BR"},{"@type":"Organization","@id":"https:\/\/motorista.com.br\/noticias\/#organization","name":"Motorista.com.br","url":"https:\/\/motorista.com.br\/noticias\/","logo":{"@type":"ImageObject","inLanguage":"pt-BR","@id":"https:\/\/motorista.com.br\/noticias\/#\/schema\/logo\/image\/","url":"https:\/\/motorista.com.br\/noticias\/wp-content\/uploads\/2025\/06\/Design-sem-nome-9.png","contentUrl":"https:\/\/motorista.com.br\/noticias\/wp-content\/uploads\/2025\/06\/Design-sem-nome-9.png","width":150,"height":85,"caption":"Motorista.com.br"},"image":{"@id":"https:\/\/motorista.com.br\/noticias\/#\/schema\/logo\/image\/"}},{"@type":"Person","@id":"https:\/\/motorista.com.br\/noticias\/#\/schema\/person\/dc93afc2981c0e3ce6bc3c053fd847be","name":"Equipe Reda\u00e7\u00e3o","image":{"@type":"ImageObject","inLanguage":"pt-BR","@id":"https:\/\/secure.gravatar.com\/avatar\/4f525efbf18dd2bb300ccad28bfb99d95a9465a5ba268407c8c37b37e1f28d2d?s=96&d=mm&r=g9e099043a0c61e9ae27e293b9fa75ffc","url":"https:\/\/secure.gravatar.com\/avatar\/4f525efbf18dd2bb300ccad28bfb99d95a9465a5ba268407c8c37b37e1f28d2d?s=96&d=mm&r=g","contentUrl":"https:\/\/secure.gravatar.com\/avatar\/4f525efbf18dd2bb300ccad28bfb99d95a9465a5ba268407c8c37b37e1f28d2d?s=96&d=mm&r=g","caption":"Equipe Reda\u00e7\u00e3o"},"description":"Equipe de reda\u00e7\u00e3o \u00e9 um grupo de profissionais que trabalham juntos para criar conte\u00fado escrito para Motorista.com.br","url":"https:\/\/motorista.com.br\/noticias\/author\/equiperedacao\/"}]}},"_links":{"self":[{"href":"https:\/\/motorista.com.br\/noticias\/wp-json\/wp\/v2\/posts\/7768","targetHints":{"allow":["GET"]}}],"collection":[{"href":"https:\/\/motorista.com.br\/noticias\/wp-json\/wp\/v2\/posts"}],"about":[{"href":"https:\/\/motorista.com.br\/noticias\/wp-json\/wp\/v2\/types\/post"}],"author":[{"embeddable":true,"href":"https:\/\/motorista.com.br\/noticias\/wp-json\/wp\/v2\/users\/4"}],"replies":[{"embeddable":true,"href":"https:\/\/motorista.com.br\/noticias\/wp-json\/wp\/v2\/comments?post=7768"}],"version-history":[{"count":0,"href":"https:\/\/motorista.com.br\/noticias\/wp-json\/wp\/v2\/posts\/7768\/revisions"}],"wp:featuredmedia":[{"embeddable":true,"href":"https:\/\/motorista.com.br\/noticias\/wp-json\/wp\/v2\/media\/5760"}],"wp:attachment":[{"href":"https:\/\/motorista.com.br\/noticias\/wp-json\/wp\/v2\/media?parent=7768"}],"wp:term":[{"taxonomy":"category","embeddable":true,"href":"https:\/\/motorista.com.br\/noticias\/wp-json\/wp\/v2\/categories?post=7768"},{"taxonomy":"post_tag","embeddable":true,"href":"https:\/\/motorista.com.br\/noticias\/wp-json\/wp\/v2\/tags?post=7768"},{"taxonomy":"author","embeddable":true,"href":"https:\/\/motorista.com.br\/noticias\/wp-json\/wp\/v2\/coauthors?post=7768"}],"curies":[{"name":"wp","href":"https:\/\/api.w.org\/{rel}","templated":true}]}}