{"id":7761,"date":"2026-03-15T09:21:55","date_gmt":"2026-03-15T12:21:55","guid":{"rendered":"https:\/\/motorista.com.br\/noticias\/2026\/03\/15\/regras-ambientais-da-ue-para-caminhoes-sofrem-relaxamento\/"},"modified":"2026-03-15T09:21:55","modified_gmt":"2026-03-15T12:21:55","slug":"regras-ambientais-da-ue-para-caminhoes-sofrem-relaxamento","status":"publish","type":"post","link":"https:\/\/motorista.com.br\/noticias\/2026\/03\/15\/regras-ambientais-da-ue-para-caminhoes-sofrem-relaxamento\/","title":{"rendered":"Regras Ambientais da UE para Caminh\u00f5es Sofrem Relaxamento"},"content":{"rendered":"<p><\/p>\n<h3>Legisla\u00e7\u00e3o ambiental da Uni\u00e3o Europeia para caminh\u00f5es \u00e9 afrouxada<\/h3>\n<p>Fabricantes de caminh\u00f5es que atuam na Europa, como Daimler (Mercedes-Benz), Volvo Group (Volvo e Renault Trucks), Traton (Scania e MAN), DAF (Paccar) e Iveco, enfrentar\u00e3o mudan\u00e7as nas normas relacionadas ao c\u00e1lculo de emiss\u00f5es. As novas diretrizes trar\u00e3o uma flexibiliza\u00e7\u00e3o nas r\u00edgidas metas de CO2 estabelecidas para o continente.<\/p>\n<p>Atualmente, as montadoras s\u00e3o obrigadas a reduzir as emiss\u00f5es totais de seus caminh\u00f5es em 15% at\u00e9 2025, 45% at\u00e9 2030 e 90% at\u00e9 2040, considerando as emiss\u00f5es registradas em 2019. A press\u00e3o para a diminui\u00e7\u00e3o das emiss\u00f5es faz com que o uso de caminh\u00f5es a diesel se torne cada vez mais invi\u00e1vel. As montadoras, assim, t\u00eam direcionado seus esfor\u00e7os para o desenvolvimento de caminh\u00f5es el\u00e9tricos e a hidrog\u00eanio, embora o custo mais elevado desses ve\u00edculos ainda n\u00e3o tenha refletido em um aumento significativo nas vendas.<\/p>\n<p>A nova proposta analisada pela Comiss\u00e3o Europeia n\u00e3o revisa as regras vigentes, mas oferece uma maior flexibilidade \u00e0s montadoras para obter cr\u00e9ditos de compensa\u00e7\u00e3o de CO2 caso superem suas metas. Essa estrat\u00e9gia permite que as fabricantes estabele\u00e7am &quot;poupan\u00e7as&quot; de CO2 para utiliza\u00e7\u00e3o futura.<\/p>\n<p>Al\u00e9m disso, a nova norma elimina a curva de progress\u00e3o linear anteriormente necess\u00e1ria, que exigia uma redu\u00e7\u00e3o intermedi\u00e1ria das emiss\u00f5es. Por exemplo, enquanto a regra atual estabelece uma redu\u00e7\u00e3o de 20% para este ano, a nova abordagem mant\u00e9m os mesmos patamares obrigat\u00f3rios de 2025, 2030 e 2040. Isso significa que a meta de redu\u00e7\u00e3o de 15% em 2025 ser\u00e1 mantida at\u00e9 2029, enquanto em 2023 a meta subir\u00e1 para 45%.<\/p>\n<p>Essa mudan\u00e7a beneficiar\u00e1 as montadoras, pois, se uma fabricante alcan\u00e7ar uma redu\u00e7\u00e3o de 18% nas emiss\u00f5es de CO2 em 2026, antes n\u00e3o teria atingido a meta estipulada pela curva de redu\u00e7\u00e3o, mas agora poder\u00e1 acumular cr\u00e9ditos de carbono para anos futuros. O pedido por essa flexibiliza\u00e7\u00e3o foi uma demanda conjunta das montadoras, incluindo a turca Ford, que argumentaram que as metas anteriores eram praticamente imposs\u00edveis de serem atingidas.<\/p>\n<h3>Impactos para Motoristas e Mobilidade<\/h3>\n<p>Essa altera\u00e7\u00e3o na legisla\u00e7\u00e3o ter\u00e1 impactos significativos para os motoristas e a mobilidade geral. Primeiro, a flexibilidade nas metas pode resultar em um al\u00edvio para os custos operacionais das transportadoras, o que, eventualmente, se reflete em pre\u00e7os mais acess\u00edveis para o consumidor final. Al\u00e9m disso, a maior ado\u00e7\u00e3o de tecnologias de caminh\u00f5es el\u00e9tricos e a hidrog\u00eanio, mesmo que ainda em fase de transi\u00e7\u00e3o, \u00e9 um passo crucial para uma mobilidade mais sustent\u00e1vel.<\/p>\n<p>A possibilidade de acumular cr\u00e9ditos de carbono tamb\u00e9m pode incentivar as montadoras a inovar mais rapidamente na busca por tecnologias que minimizem impactos ambientais, beneficiando n\u00e3o apenas o setor de transporte, mas tamb\u00e9m a sociedade como um todo ao promover uma mobilidade mais limpa. Por fim, um ambiente regulat\u00f3rio adapt\u00e1vel pode estimular a competitividade entre as montadoras, potencialmente levando a uma oferta mais diversificada de solu\u00e7\u00f5es de transporte, o que \u00e9 ben\u00e9fico para motoristas e empresas no setor.<\/p>\n<p><strong>Fonte: blogdocaminhoneiro<\/strong><\/p>\n","protected":false},"excerpt":{"rendered":"<p>Legisla\u00e7\u00e3o ambiental da Uni\u00e3o Europeia para caminh\u00f5es \u00e9 afrouxada Fabricantes de caminh\u00f5es que atuam na Europa, como Daimler (Mercedes-Benz), Volvo Group (Volvo e Renault Trucks), Traton (Scania e MAN), DAF (Paccar) e Iveco, enfrentar\u00e3o mudan\u00e7as nas normas relacionadas ao c\u00e1lculo de emiss\u00f5es. As novas diretrizes trar\u00e3o uma flexibiliza\u00e7\u00e3o nas r\u00edgidas metas de CO2 estabelecidas para &hellip;<\/p>\n","protected":false},"author":4,"featured_media":7762,"comment_status":"","ping_status":"open","sticky":false,"template":"","format":"standard","meta":{"footnotes":""},"categories":[78,77],"tags":[],"coauthors":[42],"class_list":["post-7761","post","type-post","status-publish","format-standard","has-post-thumbnail","hentry","category-carreteiro","category-motorista"],"yoast_head":"<!-- This site is optimized with the Yoast SEO Premium plugin v25.5 (Yoast SEO v27.5) - https:\/\/yoast.com\/product\/yoast-seo-premium-wordpress\/ -->\n<title>Regras Ambientais da UE para Caminh\u00f5es Sofrem Relaxamento - Motorista.com.br<\/title>\n<meta name=\"robots\" content=\"index, follow, max-snippet:-1, max-image-preview:large, max-video-preview:-1\" \/>\n<link rel=\"canonical\" href=\"https:\/\/motorista.com.br\/noticias\/2026\/03\/15\/regras-ambientais-da-ue-para-caminhoes-sofrem-relaxamento\/\" \/>\n<meta property=\"og:locale\" content=\"pt_BR\" \/>\n<meta property=\"og:type\" content=\"article\" \/>\n<meta property=\"og:title\" content=\"Regras Ambientais da UE para Caminh\u00f5es Sofrem Relaxamento\" \/>\n<meta property=\"og:description\" content=\"Legisla\u00e7\u00e3o ambiental da Uni\u00e3o Europeia para caminh\u00f5es \u00e9 afrouxada Fabricantes de caminh\u00f5es que atuam na Europa, como Daimler (Mercedes-Benz), Volvo Group (Volvo e Renault Trucks), Traton (Scania e MAN), DAF (Paccar) e Iveco, enfrentar\u00e3o mudan\u00e7as nas normas relacionadas ao c\u00e1lculo de emiss\u00f5es. As novas diretrizes trar\u00e3o uma flexibiliza\u00e7\u00e3o nas r\u00edgidas metas de CO2 estabelecidas para &hellip;\" \/>\n<meta property=\"og:url\" content=\"https:\/\/motorista.com.br\/noticias\/2026\/03\/15\/regras-ambientais-da-ue-para-caminhoes-sofrem-relaxamento\/\" \/>\n<meta property=\"og:site_name\" content=\"Motorista.com.br\" \/>\n<meta property=\"article:published_time\" content=\"2026-03-15T12:21:55+00:00\" \/>\n<meta name=\"author\" content=\"Equipe Reda\u00e7\u00e3o\" \/>\n<meta name=\"twitter:card\" content=\"summary_large_image\" \/>\n<meta name=\"twitter:label1\" content=\"Escrito por\" \/>\n\t<meta name=\"twitter:data1\" content=\"Equipe Reda\u00e7\u00e3o\" \/>\n\t<meta name=\"twitter:label2\" content=\"Est. tempo de leitura\" \/>\n\t<meta name=\"twitter:data2\" content=\"3 minutos\" \/>\n\t<meta name=\"twitter:label3\" content=\"Written by\" \/>\n\t<meta name=\"twitter:data3\" content=\"Equipe Reda\u00e7\u00e3o\" \/>\n<script type=\"application\/ld+json\" class=\"yoast-schema-graph\">{\"@context\":\"https:\\\/\\\/schema.org\",\"@graph\":[{\"@type\":\"Article\",\"@id\":\"https:\\\/\\\/motorista.com.br\\\/noticias\\\/2026\\\/03\\\/15\\\/regras-ambientais-da-ue-para-caminhoes-sofrem-relaxamento\\\/#article\",\"isPartOf\":{\"@id\":\"https:\\\/\\\/motorista.com.br\\\/noticias\\\/2026\\\/03\\\/15\\\/regras-ambientais-da-ue-para-caminhoes-sofrem-relaxamento\\\/\"},\"author\":{\"name\":\"Equipe Reda\u00e7\u00e3o\",\"@id\":\"https:\\\/\\\/motorista.com.br\\\/noticias\\\/#\\\/schema\\\/person\\\/dc93afc2981c0e3ce6bc3c053fd847be\"},\"headline\":\"Regras Ambientais da UE para Caminh\u00f5es Sofrem Relaxamento\",\"datePublished\":\"2026-03-15T12:21:55+00:00\",\"mainEntityOfPage\":{\"@id\":\"https:\\\/\\\/motorista.com.br\\\/noticias\\\/2026\\\/03\\\/15\\\/regras-ambientais-da-ue-para-caminhoes-sofrem-relaxamento\\\/\"},\"wordCount\":544,\"publisher\":{\"@id\":\"https:\\\/\\\/motorista.com.br\\\/noticias\\\/#organization\"},\"image\":{\"@id\":\"https:\\\/\\\/motorista.com.br\\\/noticias\\\/2026\\\/03\\\/15\\\/regras-ambientais-da-ue-para-caminhoes-sofrem-relaxamento\\\/#primaryimage\"},\"thumbnailUrl\":\"https:\\\/\\\/motorista.com.br\\\/noticias\\\/wp-content\\\/uploads\\\/2026\\\/03\\\/caminhoes-europeus.jpg\",\"articleSection\":[\"Carreteiro\",\"Motorista\"],\"inLanguage\":\"pt-BR\"},{\"@type\":\"WebPage\",\"@id\":\"https:\\\/\\\/motorista.com.br\\\/noticias\\\/2026\\\/03\\\/15\\\/regras-ambientais-da-ue-para-caminhoes-sofrem-relaxamento\\\/\",\"url\":\"https:\\\/\\\/motorista.com.br\\\/noticias\\\/2026\\\/03\\\/15\\\/regras-ambientais-da-ue-para-caminhoes-sofrem-relaxamento\\\/\",\"name\":\"Regras Ambientais da UE para Caminh\u00f5es Sofrem Relaxamento - Motorista.com.br\",\"isPartOf\":{\"@id\":\"https:\\\/\\\/motorista.com.br\\\/noticias\\\/#website\"},\"primaryImageOfPage\":{\"@id\":\"https:\\\/\\\/motorista.com.br\\\/noticias\\\/2026\\\/03\\\/15\\\/regras-ambientais-da-ue-para-caminhoes-sofrem-relaxamento\\\/#primaryimage\"},\"image\":{\"@id\":\"https:\\\/\\\/motorista.com.br\\\/noticias\\\/2026\\\/03\\\/15\\\/regras-ambientais-da-ue-para-caminhoes-sofrem-relaxamento\\\/#primaryimage\"},\"thumbnailUrl\":\"https:\\\/\\\/motorista.com.br\\\/noticias\\\/wp-content\\\/uploads\\\/2026\\\/03\\\/caminhoes-europeus.jpg\",\"datePublished\":\"2026-03-15T12:21:55+00:00\",\"breadcrumb\":{\"@id\":\"https:\\\/\\\/motorista.com.br\\\/noticias\\\/2026\\\/03\\\/15\\\/regras-ambientais-da-ue-para-caminhoes-sofrem-relaxamento\\\/#breadcrumb\"},\"inLanguage\":\"pt-BR\",\"potentialAction\":[{\"@type\":\"ReadAction\",\"target\":[\"https:\\\/\\\/motorista.com.br\\\/noticias\\\/2026\\\/03\\\/15\\\/regras-ambientais-da-ue-para-caminhoes-sofrem-relaxamento\\\/\"]}]},{\"@type\":\"ImageObject\",\"inLanguage\":\"pt-BR\",\"@id\":\"https:\\\/\\\/motorista.com.br\\\/noticias\\\/2026\\\/03\\\/15\\\/regras-ambientais-da-ue-para-caminhoes-sofrem-relaxamento\\\/#primaryimage\",\"url\":\"https:\\\/\\\/motorista.com.br\\\/noticias\\\/wp-content\\\/uploads\\\/2026\\\/03\\\/caminhoes-europeus.jpg\",\"contentUrl\":\"https:\\\/\\\/motorista.com.br\\\/noticias\\\/wp-content\\\/uploads\\\/2026\\\/03\\\/caminhoes-europeus.jpg\",\"width\":1365,\"height\":768},{\"@type\":\"BreadcrumbList\",\"@id\":\"https:\\\/\\\/motorista.com.br\\\/noticias\\\/2026\\\/03\\\/15\\\/regras-ambientais-da-ue-para-caminhoes-sofrem-relaxamento\\\/#breadcrumb\",\"itemListElement\":[{\"@type\":\"ListItem\",\"position\":1,\"name\":\"In\u00edcio\",\"item\":\"https:\\\/\\\/motorista.com.br\\\/noticias\\\/\"},{\"@type\":\"ListItem\",\"position\":2,\"name\":\"Regras Ambientais da UE para Caminh\u00f5es Sofrem Relaxamento\"}]},{\"@type\":\"WebSite\",\"@id\":\"https:\\\/\\\/motorista.com.br\\\/noticias\\\/#website\",\"url\":\"https:\\\/\\\/motorista.com.br\\\/noticias\\\/\",\"name\":\"Motorista.com.br\",\"description\":\"Not\u00edcia do Motorista\",\"publisher\":{\"@id\":\"https:\\\/\\\/motorista.com.br\\\/noticias\\\/#organization\"},\"potentialAction\":[{\"@type\":\"SearchAction\",\"target\":{\"@type\":\"EntryPoint\",\"urlTemplate\":\"https:\\\/\\\/motorista.com.br\\\/noticias\\\/?s={search_term_string}\"},\"query-input\":{\"@type\":\"PropertyValueSpecification\",\"valueRequired\":true,\"valueName\":\"search_term_string\"}}],\"inLanguage\":\"pt-BR\"},{\"@type\":\"Organization\",\"@id\":\"https:\\\/\\\/motorista.com.br\\\/noticias\\\/#organization\",\"name\":\"Motorista.com.br\",\"url\":\"https:\\\/\\\/motorista.com.br\\\/noticias\\\/\",\"logo\":{\"@type\":\"ImageObject\",\"inLanguage\":\"pt-BR\",\"@id\":\"https:\\\/\\\/motorista.com.br\\\/noticias\\\/#\\\/schema\\\/logo\\\/image\\\/\",\"url\":\"https:\\\/\\\/motorista.com.br\\\/noticias\\\/wp-content\\\/uploads\\\/2025\\\/06\\\/Design-sem-nome-9.png\",\"contentUrl\":\"https:\\\/\\\/motorista.com.br\\\/noticias\\\/wp-content\\\/uploads\\\/2025\\\/06\\\/Design-sem-nome-9.png\",\"width\":150,\"height\":85,\"caption\":\"Motorista.com.br\"},\"image\":{\"@id\":\"https:\\\/\\\/motorista.com.br\\\/noticias\\\/#\\\/schema\\\/logo\\\/image\\\/\"}},{\"@type\":\"Person\",\"@id\":\"https:\\\/\\\/motorista.com.br\\\/noticias\\\/#\\\/schema\\\/person\\\/dc93afc2981c0e3ce6bc3c053fd847be\",\"name\":\"Equipe Reda\u00e7\u00e3o\",\"image\":{\"@type\":\"ImageObject\",\"inLanguage\":\"pt-BR\",\"@id\":\"https:\\\/\\\/secure.gravatar.com\\\/avatar\\\/4f525efbf18dd2bb300ccad28bfb99d95a9465a5ba268407c8c37b37e1f28d2d?s=96&d=mm&r=g9e099043a0c61e9ae27e293b9fa75ffc\",\"url\":\"https:\\\/\\\/secure.gravatar.com\\\/avatar\\\/4f525efbf18dd2bb300ccad28bfb99d95a9465a5ba268407c8c37b37e1f28d2d?s=96&d=mm&r=g\",\"contentUrl\":\"https:\\\/\\\/secure.gravatar.com\\\/avatar\\\/4f525efbf18dd2bb300ccad28bfb99d95a9465a5ba268407c8c37b37e1f28d2d?s=96&d=mm&r=g\",\"caption\":\"Equipe Reda\u00e7\u00e3o\"},\"description\":\"Equipe de reda\u00e7\u00e3o \u00e9 um grupo de profissionais que trabalham juntos para criar conte\u00fado escrito para Motorista.com.br\",\"url\":\"https:\\\/\\\/motorista.com.br\\\/noticias\\\/author\\\/equiperedacao\\\/\"}]}<\/script>\n<!-- \/ Yoast SEO Premium plugin. -->","yoast_head_json":{"title":"Regras Ambientais da UE para Caminh\u00f5es Sofrem Relaxamento - Motorista.com.br","robots":{"index":"index","follow":"follow","max-snippet":"max-snippet:-1","max-image-preview":"max-image-preview:large","max-video-preview":"max-video-preview:-1"},"canonical":"https:\/\/motorista.com.br\/noticias\/2026\/03\/15\/regras-ambientais-da-ue-para-caminhoes-sofrem-relaxamento\/","og_locale":"pt_BR","og_type":"article","og_title":"Regras Ambientais da UE para Caminh\u00f5es Sofrem Relaxamento","og_description":"Legisla\u00e7\u00e3o ambiental da Uni\u00e3o Europeia para caminh\u00f5es \u00e9 afrouxada Fabricantes de caminh\u00f5es que atuam na Europa, como Daimler (Mercedes-Benz), Volvo Group (Volvo e Renault Trucks), Traton (Scania e MAN), DAF (Paccar) e Iveco, enfrentar\u00e3o mudan\u00e7as nas normas relacionadas ao c\u00e1lculo de emiss\u00f5es. As novas diretrizes trar\u00e3o uma flexibiliza\u00e7\u00e3o nas r\u00edgidas metas de CO2 estabelecidas para &hellip;","og_url":"https:\/\/motorista.com.br\/noticias\/2026\/03\/15\/regras-ambientais-da-ue-para-caminhoes-sofrem-relaxamento\/","og_site_name":"Motorista.com.br","article_published_time":"2026-03-15T12:21:55+00:00","author":"Equipe Reda\u00e7\u00e3o","twitter_card":"summary_large_image","twitter_misc":{"Escrito por":"Equipe Reda\u00e7\u00e3o","Est. tempo de leitura":"3 minutos","Written by":"Equipe Reda\u00e7\u00e3o"},"schema":{"@context":"https:\/\/schema.org","@graph":[{"@type":"Article","@id":"https:\/\/motorista.com.br\/noticias\/2026\/03\/15\/regras-ambientais-da-ue-para-caminhoes-sofrem-relaxamento\/#article","isPartOf":{"@id":"https:\/\/motorista.com.br\/noticias\/2026\/03\/15\/regras-ambientais-da-ue-para-caminhoes-sofrem-relaxamento\/"},"author":{"name":"Equipe Reda\u00e7\u00e3o","@id":"https:\/\/motorista.com.br\/noticias\/#\/schema\/person\/dc93afc2981c0e3ce6bc3c053fd847be"},"headline":"Regras Ambientais da UE para Caminh\u00f5es Sofrem Relaxamento","datePublished":"2026-03-15T12:21:55+00:00","mainEntityOfPage":{"@id":"https:\/\/motorista.com.br\/noticias\/2026\/03\/15\/regras-ambientais-da-ue-para-caminhoes-sofrem-relaxamento\/"},"wordCount":544,"publisher":{"@id":"https:\/\/motorista.com.br\/noticias\/#organization"},"image":{"@id":"https:\/\/motorista.com.br\/noticias\/2026\/03\/15\/regras-ambientais-da-ue-para-caminhoes-sofrem-relaxamento\/#primaryimage"},"thumbnailUrl":"https:\/\/motorista.com.br\/noticias\/wp-content\/uploads\/2026\/03\/caminhoes-europeus.jpg","articleSection":["Carreteiro","Motorista"],"inLanguage":"pt-BR"},{"@type":"WebPage","@id":"https:\/\/motorista.com.br\/noticias\/2026\/03\/15\/regras-ambientais-da-ue-para-caminhoes-sofrem-relaxamento\/","url":"https:\/\/motorista.com.br\/noticias\/2026\/03\/15\/regras-ambientais-da-ue-para-caminhoes-sofrem-relaxamento\/","name":"Regras Ambientais da UE para Caminh\u00f5es Sofrem Relaxamento - Motorista.com.br","isPartOf":{"@id":"https:\/\/motorista.com.br\/noticias\/#website"},"primaryImageOfPage":{"@id":"https:\/\/motorista.com.br\/noticias\/2026\/03\/15\/regras-ambientais-da-ue-para-caminhoes-sofrem-relaxamento\/#primaryimage"},"image":{"@id":"https:\/\/motorista.com.br\/noticias\/2026\/03\/15\/regras-ambientais-da-ue-para-caminhoes-sofrem-relaxamento\/#primaryimage"},"thumbnailUrl":"https:\/\/motorista.com.br\/noticias\/wp-content\/uploads\/2026\/03\/caminhoes-europeus.jpg","datePublished":"2026-03-15T12:21:55+00:00","breadcrumb":{"@id":"https:\/\/motorista.com.br\/noticias\/2026\/03\/15\/regras-ambientais-da-ue-para-caminhoes-sofrem-relaxamento\/#breadcrumb"},"inLanguage":"pt-BR","potentialAction":[{"@type":"ReadAction","target":["https:\/\/motorista.com.br\/noticias\/2026\/03\/15\/regras-ambientais-da-ue-para-caminhoes-sofrem-relaxamento\/"]}]},{"@type":"ImageObject","inLanguage":"pt-BR","@id":"https:\/\/motorista.com.br\/noticias\/2026\/03\/15\/regras-ambientais-da-ue-para-caminhoes-sofrem-relaxamento\/#primaryimage","url":"https:\/\/motorista.com.br\/noticias\/wp-content\/uploads\/2026\/03\/caminhoes-europeus.jpg","contentUrl":"https:\/\/motorista.com.br\/noticias\/wp-content\/uploads\/2026\/03\/caminhoes-europeus.jpg","width":1365,"height":768},{"@type":"BreadcrumbList","@id":"https:\/\/motorista.com.br\/noticias\/2026\/03\/15\/regras-ambientais-da-ue-para-caminhoes-sofrem-relaxamento\/#breadcrumb","itemListElement":[{"@type":"ListItem","position":1,"name":"In\u00edcio","item":"https:\/\/motorista.com.br\/noticias\/"},{"@type":"ListItem","position":2,"name":"Regras Ambientais da UE para Caminh\u00f5es Sofrem Relaxamento"}]},{"@type":"WebSite","@id":"https:\/\/motorista.com.br\/noticias\/#website","url":"https:\/\/motorista.com.br\/noticias\/","name":"Motorista.com.br","description":"Not\u00edcia do Motorista","publisher":{"@id":"https:\/\/motorista.com.br\/noticias\/#organization"},"potentialAction":[{"@type":"SearchAction","target":{"@type":"EntryPoint","urlTemplate":"https:\/\/motorista.com.br\/noticias\/?s={search_term_string}"},"query-input":{"@type":"PropertyValueSpecification","valueRequired":true,"valueName":"search_term_string"}}],"inLanguage":"pt-BR"},{"@type":"Organization","@id":"https:\/\/motorista.com.br\/noticias\/#organization","name":"Motorista.com.br","url":"https:\/\/motorista.com.br\/noticias\/","logo":{"@type":"ImageObject","inLanguage":"pt-BR","@id":"https:\/\/motorista.com.br\/noticias\/#\/schema\/logo\/image\/","url":"https:\/\/motorista.com.br\/noticias\/wp-content\/uploads\/2025\/06\/Design-sem-nome-9.png","contentUrl":"https:\/\/motorista.com.br\/noticias\/wp-content\/uploads\/2025\/06\/Design-sem-nome-9.png","width":150,"height":85,"caption":"Motorista.com.br"},"image":{"@id":"https:\/\/motorista.com.br\/noticias\/#\/schema\/logo\/image\/"}},{"@type":"Person","@id":"https:\/\/motorista.com.br\/noticias\/#\/schema\/person\/dc93afc2981c0e3ce6bc3c053fd847be","name":"Equipe Reda\u00e7\u00e3o","image":{"@type":"ImageObject","inLanguage":"pt-BR","@id":"https:\/\/secure.gravatar.com\/avatar\/4f525efbf18dd2bb300ccad28bfb99d95a9465a5ba268407c8c37b37e1f28d2d?s=96&d=mm&r=g9e099043a0c61e9ae27e293b9fa75ffc","url":"https:\/\/secure.gravatar.com\/avatar\/4f525efbf18dd2bb300ccad28bfb99d95a9465a5ba268407c8c37b37e1f28d2d?s=96&d=mm&r=g","contentUrl":"https:\/\/secure.gravatar.com\/avatar\/4f525efbf18dd2bb300ccad28bfb99d95a9465a5ba268407c8c37b37e1f28d2d?s=96&d=mm&r=g","caption":"Equipe Reda\u00e7\u00e3o"},"description":"Equipe de reda\u00e7\u00e3o \u00e9 um grupo de profissionais que trabalham juntos para criar conte\u00fado escrito para Motorista.com.br","url":"https:\/\/motorista.com.br\/noticias\/author\/equiperedacao\/"}]}},"_links":{"self":[{"href":"https:\/\/motorista.com.br\/noticias\/wp-json\/wp\/v2\/posts\/7761","targetHints":{"allow":["GET"]}}],"collection":[{"href":"https:\/\/motorista.com.br\/noticias\/wp-json\/wp\/v2\/posts"}],"about":[{"href":"https:\/\/motorista.com.br\/noticias\/wp-json\/wp\/v2\/types\/post"}],"author":[{"embeddable":true,"href":"https:\/\/motorista.com.br\/noticias\/wp-json\/wp\/v2\/users\/4"}],"replies":[{"embeddable":true,"href":"https:\/\/motorista.com.br\/noticias\/wp-json\/wp\/v2\/comments?post=7761"}],"version-history":[{"count":0,"href":"https:\/\/motorista.com.br\/noticias\/wp-json\/wp\/v2\/posts\/7761\/revisions"}],"wp:featuredmedia":[{"embeddable":true,"href":"https:\/\/motorista.com.br\/noticias\/wp-json\/wp\/v2\/media\/7762"}],"wp:attachment":[{"href":"https:\/\/motorista.com.br\/noticias\/wp-json\/wp\/v2\/media?parent=7761"}],"wp:term":[{"taxonomy":"category","embeddable":true,"href":"https:\/\/motorista.com.br\/noticias\/wp-json\/wp\/v2\/categories?post=7761"},{"taxonomy":"post_tag","embeddable":true,"href":"https:\/\/motorista.com.br\/noticias\/wp-json\/wp\/v2\/tags?post=7761"},{"taxonomy":"author","embeddable":true,"href":"https:\/\/motorista.com.br\/noticias\/wp-json\/wp\/v2\/coauthors?post=7761"}],"curies":[{"name":"wp","href":"https:\/\/api.w.org\/{rel}","templated":true}]}}