{"id":7757,"date":"2026-03-15T05:47:35","date_gmt":"2026-03-15T08:47:35","guid":{"rendered":"https:\/\/motorista.com.br\/noticias\/2026\/03\/15\/investigacao-revela-fraude-generalizada-em-industria-baiana\/"},"modified":"2026-03-15T05:47:35","modified_gmt":"2026-03-15T08:47:35","slug":"investigacao-revela-fraude-generalizada-em-industria-baiana","status":"publish","type":"post","link":"https:\/\/motorista.com.br\/noticias\/2026\/03\/15\/investigacao-revela-fraude-generalizada-em-industria-baiana\/","title":{"rendered":"Investiga\u00e7\u00e3o revela &#8220;fraude generalizada&#8221; em ind\u00fastria baiana"},"content":{"rendered":"<p><\/p>\n<p><strong>T\u00edtulo: Investiga\u00e7\u00e3o Revela &quot;Fraude Sist\u00eamica&quot; em F\u00e1brica na Bahia e Seu Impacto na Mobilidade e no Setor Automotivo<\/strong><\/p>\n<p>A constru\u00e7\u00e3o da maior f\u00e1brica de carros el\u00e9tricos da Am\u00e9rica Latina, localizada em Cama\u00e7ari (BA), revelou uma &quot;fraude consciente e sist\u00eamica&quot;, conforme detalhou uma investiga\u00e7\u00e3o do Minist\u00e9rio P\u00fablico do Trabalho (MPT). As den\u00fancias, que surgiram em dezembro, resultaram na suspens\u00e3o de vistos de trabalhadores chineses ap\u00f3s a identifica\u00e7\u00e3o de 163 oper\u00e1rios em condi\u00e7\u00f5es an\u00e1logas \u00e0 escravid\u00e3o.<\/p>\n<p>Enquanto a BYD promovia sua transi\u00e7\u00e3o para a tecnologia el\u00e9trica, oper\u00e1rios enfrentavam um ambiente de trabalho degradante, amplamente contradizendo a imagem de inova\u00e7\u00e3o e progresso. Estas condi\u00e7\u00f5es n\u00e3o apenas derrubam o conceito de dignidade no trabalho, mas tamb\u00e9m impactam diretamente a percep\u00e7\u00e3o p\u00fablica sobre a ind\u00fastria automotiva e seus padr\u00f5es operacionais.<\/p>\n<h3>O Conflito entre Tecnologia e Direitos Humanos<\/h3>\n<p>Relat\u00f3rios apontam que a promessa de sal\u00e1rios elevados se convertia em acomoda\u00e7\u00f5es insalubres, falta de dignidade e riscos f\u00edsicos imensos dentro do canteiro de obras. Tal cen\u00e1rio n\u00e3o s\u00f3 prejudica os trabalhadores, mas tamb\u00e9m representa um risco \u00e0 emerg\u00eancia de um setor automobil\u00edstico mais \u00e9tico e sustent\u00e1vel. A autonomia e sa\u00fade dos oper\u00e1rios s\u00e3o fundamentais para garantir que os ve\u00edculos el\u00e9tricos, considerados uma solu\u00e7\u00e3o para a mobilidade do futuro, sejam realmente parte de uma revolu\u00e7\u00e3o positiva.<\/p>\n<h3>Acordos e Consequ\u00eancias<\/h3>\n<p>A BYD Brasil, ap\u00f3s ser notificada das irregularidades, decidiu encerrar seu contrato com a empreiteira terceirizada respons\u00e1vel pela constru\u00e7\u00e3o. O acordo de R$ 40 milh\u00f5es para a compensa\u00e7\u00e3o das v\u00edtimas evidencia uma tentativa de repara\u00e7\u00e3o, mas levanta quest\u00f5es sobre a responsabilidade das grandes empresas em manter pr\u00e1ticas de trabalho justas e seguras. Notavelmente, a aus\u00eancia de um reconhecimento formal das falhas cometidas sugere que o caminho para a reformula\u00e7\u00e3o \u00e9tica na ind\u00fastria automobil\u00edstica ainda \u00e9 longo.<\/p>\n<h3>O Clima de Incerteza<\/h3>\n<p>Apesar do in\u00edcio da produ\u00e7\u00e3o de modelos como o Dolphin Mini, o ambiente na planta baiana permanece tenso, com trabalhadores brasileiros protestando por condi\u00e7\u00f5es b\u00e1sicas, como acesso a \u00e1gua pot\u00e1vel e banheiros adequados. Tais situa\u00e7\u00f5es indicam que, mesmo em um contexto tecnol\u00f3gico avan\u00e7ado, a prote\u00e7\u00e3o dos direitos humanos e trabalhistas n\u00e3o pode ser negligenciada.<\/p>\n<h3>Implica\u00e7\u00f5es para Motoristas e Mobilidade<\/h3>\n<p>As consequ\u00eancias desta investiga\u00e7\u00e3o v\u00e3o al\u00e9m das portas da f\u00e1brica. Para os motoristas e consumidores, o impacto se reflete na confian\u00e7a nas marcas e produtos. A crescente demanda por ve\u00edculos sustent\u00e1veis precisa ser acompanhada de uma responsabilidade social robusta. A maneira como as empresas lidam com quest\u00f5es trabalhistas e sociais influenciar\u00e1 diretamente a aceita\u00e7\u00e3o do p\u00fablico em rela\u00e7\u00e3o a produtos inovadores, como os carros el\u00e9tricos.<\/p>\n<p>Ademais, o respeito \u00e0s condi\u00e7\u00f5es de trabalho afetar\u00e1 a efici\u00eancia e a qualidade da mobilidade urbana. Uma for\u00e7a de trabalho saud\u00e1vel e devidamente tratada tende a resultar em melhor produtividade e, consequentemente, em um setor automobil\u00edstico mais robusto.<\/p>\n<p>Em um tempo em que a mobilidade el\u00e9trica \u00e9 vista como uma solu\u00e7\u00e3o para as quest\u00f5es ambientais, \u00e9 essencial que as pr\u00e1ticas \u00e9ticas de produ\u00e7\u00e3o sejam uma prioridade. A verdadeira evolu\u00e7\u00e3o da mobilidade n\u00e3o se limita apenas \u00e0 tecnologia, mas tamb\u00e9m \u00e0 dignidade e respeito de quem a torna poss\u00edvel.<\/p>\n<p><strong>Fonte: olhardigital<\/strong><\/p>\n","protected":false},"excerpt":{"rendered":"<p>T\u00edtulo: Investiga\u00e7\u00e3o Revela &quot;Fraude Sist\u00eamica&quot; em F\u00e1brica na Bahia e Seu Impacto na Mobilidade e no Setor Automotivo A constru\u00e7\u00e3o da maior f\u00e1brica de carros el\u00e9tricos da Am\u00e9rica Latina, localizada em Cama\u00e7ari (BA), revelou uma &quot;fraude consciente e sist\u00eamica&quot;, conforme detalhou uma investiga\u00e7\u00e3o do Minist\u00e9rio P\u00fablico do Trabalho (MPT). As den\u00fancias, que surgiram em dezembro, &hellip;<\/p>\n","protected":false},"author":4,"featured_media":7758,"comment_status":"","ping_status":"open","sticky":false,"template":"","format":"standard","meta":{"footnotes":""},"categories":[56],"tags":[],"coauthors":[42],"class_list":["post-7757","post","type-post","status-publish","format-standard","has-post-thumbnail","hentry","category-tecnologia"],"yoast_head":"<!-- This site is optimized with the Yoast SEO Premium plugin v25.5 (Yoast SEO v27.5) - https:\/\/yoast.com\/product\/yoast-seo-premium-wordpress\/ -->\n<title>Investiga\u00e7\u00e3o revela &quot;fraude generalizada&quot; em ind\u00fastria baiana - Motorista.com.br<\/title>\n<meta name=\"robots\" content=\"index, follow, max-snippet:-1, max-image-preview:large, max-video-preview:-1\" \/>\n<link rel=\"canonical\" href=\"https:\/\/motorista.com.br\/noticias\/2026\/03\/15\/investigacao-revela-fraude-generalizada-em-industria-baiana\/\" \/>\n<meta property=\"og:locale\" content=\"pt_BR\" \/>\n<meta property=\"og:type\" content=\"article\" \/>\n<meta property=\"og:title\" content=\"Investiga\u00e7\u00e3o revela &quot;fraude generalizada&quot; em ind\u00fastria baiana\" \/>\n<meta property=\"og:description\" content=\"T\u00edtulo: Investiga\u00e7\u00e3o Revela &quot;Fraude Sist\u00eamica&quot; em F\u00e1brica na Bahia e Seu Impacto na Mobilidade e no Setor Automotivo A constru\u00e7\u00e3o da maior f\u00e1brica de carros el\u00e9tricos da Am\u00e9rica Latina, localizada em Cama\u00e7ari (BA), revelou uma &quot;fraude consciente e sist\u00eamica&quot;, conforme detalhou uma investiga\u00e7\u00e3o do Minist\u00e9rio P\u00fablico do Trabalho (MPT). As den\u00fancias, que surgiram em dezembro, &hellip;\" \/>\n<meta property=\"og:url\" content=\"https:\/\/motorista.com.br\/noticias\/2026\/03\/15\/investigacao-revela-fraude-generalizada-em-industria-baiana\/\" \/>\n<meta property=\"og:site_name\" content=\"Motorista.com.br\" \/>\n<meta property=\"article:published_time\" content=\"2026-03-15T08:47:35+00:00\" \/>\n<meta name=\"author\" content=\"Equipe Reda\u00e7\u00e3o\" \/>\n<meta name=\"twitter:card\" content=\"summary_large_image\" \/>\n<meta name=\"twitter:label1\" content=\"Escrito por\" \/>\n\t<meta name=\"twitter:data1\" content=\"Equipe Reda\u00e7\u00e3o\" \/>\n\t<meta name=\"twitter:label2\" content=\"Est. tempo de leitura\" \/>\n\t<meta name=\"twitter:data2\" content=\"3 minutos\" \/>\n\t<meta name=\"twitter:label3\" content=\"Written by\" \/>\n\t<meta name=\"twitter:data3\" content=\"Equipe Reda\u00e7\u00e3o\" \/>\n<script type=\"application\/ld+json\" class=\"yoast-schema-graph\">{\"@context\":\"https:\\\/\\\/schema.org\",\"@graph\":[{\"@type\":\"Article\",\"@id\":\"https:\\\/\\\/motorista.com.br\\\/noticias\\\/2026\\\/03\\\/15\\\/investigacao-revela-fraude-generalizada-em-industria-baiana\\\/#article\",\"isPartOf\":{\"@id\":\"https:\\\/\\\/motorista.com.br\\\/noticias\\\/2026\\\/03\\\/15\\\/investigacao-revela-fraude-generalizada-em-industria-baiana\\\/\"},\"author\":{\"name\":\"Equipe Reda\u00e7\u00e3o\",\"@id\":\"https:\\\/\\\/motorista.com.br\\\/noticias\\\/#\\\/schema\\\/person\\\/dc93afc2981c0e3ce6bc3c053fd847be\"},\"headline\":\"Investiga\u00e7\u00e3o revela &#8220;fraude generalizada&#8221; em ind\u00fastria baiana\",\"datePublished\":\"2026-03-15T08:47:35+00:00\",\"mainEntityOfPage\":{\"@id\":\"https:\\\/\\\/motorista.com.br\\\/noticias\\\/2026\\\/03\\\/15\\\/investigacao-revela-fraude-generalizada-em-industria-baiana\\\/\"},\"wordCount\":610,\"publisher\":{\"@id\":\"https:\\\/\\\/motorista.com.br\\\/noticias\\\/#organization\"},\"image\":{\"@id\":\"https:\\\/\\\/motorista.com.br\\\/noticias\\\/2026\\\/03\\\/15\\\/investigacao-revela-fraude-generalizada-em-industria-baiana\\\/#primaryimage\"},\"thumbnailUrl\":\"https:\\\/\\\/motorista.com.br\\\/noticias\\\/wp-content\\\/uploads\\\/2026\\\/03\\\/iStock-2130313924.jpg\",\"articleSection\":[\"Tecnologia\"],\"inLanguage\":\"pt-BR\"},{\"@type\":\"WebPage\",\"@id\":\"https:\\\/\\\/motorista.com.br\\\/noticias\\\/2026\\\/03\\\/15\\\/investigacao-revela-fraude-generalizada-em-industria-baiana\\\/\",\"url\":\"https:\\\/\\\/motorista.com.br\\\/noticias\\\/2026\\\/03\\\/15\\\/investigacao-revela-fraude-generalizada-em-industria-baiana\\\/\",\"name\":\"Investiga\u00e7\u00e3o revela \\\"fraude generalizada\\\" em ind\u00fastria baiana - Motorista.com.br\",\"isPartOf\":{\"@id\":\"https:\\\/\\\/motorista.com.br\\\/noticias\\\/#website\"},\"primaryImageOfPage\":{\"@id\":\"https:\\\/\\\/motorista.com.br\\\/noticias\\\/2026\\\/03\\\/15\\\/investigacao-revela-fraude-generalizada-em-industria-baiana\\\/#primaryimage\"},\"image\":{\"@id\":\"https:\\\/\\\/motorista.com.br\\\/noticias\\\/2026\\\/03\\\/15\\\/investigacao-revela-fraude-generalizada-em-industria-baiana\\\/#primaryimage\"},\"thumbnailUrl\":\"https:\\\/\\\/motorista.com.br\\\/noticias\\\/wp-content\\\/uploads\\\/2026\\\/03\\\/iStock-2130313924.jpg\",\"datePublished\":\"2026-03-15T08:47:35+00:00\",\"breadcrumb\":{\"@id\":\"https:\\\/\\\/motorista.com.br\\\/noticias\\\/2026\\\/03\\\/15\\\/investigacao-revela-fraude-generalizada-em-industria-baiana\\\/#breadcrumb\"},\"inLanguage\":\"pt-BR\",\"potentialAction\":[{\"@type\":\"ReadAction\",\"target\":[\"https:\\\/\\\/motorista.com.br\\\/noticias\\\/2026\\\/03\\\/15\\\/investigacao-revela-fraude-generalizada-em-industria-baiana\\\/\"]}]},{\"@type\":\"ImageObject\",\"inLanguage\":\"pt-BR\",\"@id\":\"https:\\\/\\\/motorista.com.br\\\/noticias\\\/2026\\\/03\\\/15\\\/investigacao-revela-fraude-generalizada-em-industria-baiana\\\/#primaryimage\",\"url\":\"https:\\\/\\\/motorista.com.br\\\/noticias\\\/wp-content\\\/uploads\\\/2026\\\/03\\\/iStock-2130313924.jpg\",\"contentUrl\":\"https:\\\/\\\/motorista.com.br\\\/noticias\\\/wp-content\\\/uploads\\\/2026\\\/03\\\/iStock-2130313924.jpg\",\"width\":2121,\"height\":1414},{\"@type\":\"BreadcrumbList\",\"@id\":\"https:\\\/\\\/motorista.com.br\\\/noticias\\\/2026\\\/03\\\/15\\\/investigacao-revela-fraude-generalizada-em-industria-baiana\\\/#breadcrumb\",\"itemListElement\":[{\"@type\":\"ListItem\",\"position\":1,\"name\":\"In\u00edcio\",\"item\":\"https:\\\/\\\/motorista.com.br\\\/noticias\\\/\"},{\"@type\":\"ListItem\",\"position\":2,\"name\":\"Investiga\u00e7\u00e3o revela &#8220;fraude generalizada&#8221; em ind\u00fastria baiana\"}]},{\"@type\":\"WebSite\",\"@id\":\"https:\\\/\\\/motorista.com.br\\\/noticias\\\/#website\",\"url\":\"https:\\\/\\\/motorista.com.br\\\/noticias\\\/\",\"name\":\"Motorista.com.br\",\"description\":\"Not\u00edcia do Motorista\",\"publisher\":{\"@id\":\"https:\\\/\\\/motorista.com.br\\\/noticias\\\/#organization\"},\"potentialAction\":[{\"@type\":\"SearchAction\",\"target\":{\"@type\":\"EntryPoint\",\"urlTemplate\":\"https:\\\/\\\/motorista.com.br\\\/noticias\\\/?s={search_term_string}\"},\"query-input\":{\"@type\":\"PropertyValueSpecification\",\"valueRequired\":true,\"valueName\":\"search_term_string\"}}],\"inLanguage\":\"pt-BR\"},{\"@type\":\"Organization\",\"@id\":\"https:\\\/\\\/motorista.com.br\\\/noticias\\\/#organization\",\"name\":\"Motorista.com.br\",\"url\":\"https:\\\/\\\/motorista.com.br\\\/noticias\\\/\",\"logo\":{\"@type\":\"ImageObject\",\"inLanguage\":\"pt-BR\",\"@id\":\"https:\\\/\\\/motorista.com.br\\\/noticias\\\/#\\\/schema\\\/logo\\\/image\\\/\",\"url\":\"https:\\\/\\\/motorista.com.br\\\/noticias\\\/wp-content\\\/uploads\\\/2025\\\/06\\\/Design-sem-nome-9.png\",\"contentUrl\":\"https:\\\/\\\/motorista.com.br\\\/noticias\\\/wp-content\\\/uploads\\\/2025\\\/06\\\/Design-sem-nome-9.png\",\"width\":150,\"height\":85,\"caption\":\"Motorista.com.br\"},\"image\":{\"@id\":\"https:\\\/\\\/motorista.com.br\\\/noticias\\\/#\\\/schema\\\/logo\\\/image\\\/\"}},{\"@type\":\"Person\",\"@id\":\"https:\\\/\\\/motorista.com.br\\\/noticias\\\/#\\\/schema\\\/person\\\/dc93afc2981c0e3ce6bc3c053fd847be\",\"name\":\"Equipe Reda\u00e7\u00e3o\",\"image\":{\"@type\":\"ImageObject\",\"inLanguage\":\"pt-BR\",\"@id\":\"https:\\\/\\\/secure.gravatar.com\\\/avatar\\\/4f525efbf18dd2bb300ccad28bfb99d95a9465a5ba268407c8c37b37e1f28d2d?s=96&d=mm&r=g9e099043a0c61e9ae27e293b9fa75ffc\",\"url\":\"https:\\\/\\\/secure.gravatar.com\\\/avatar\\\/4f525efbf18dd2bb300ccad28bfb99d95a9465a5ba268407c8c37b37e1f28d2d?s=96&d=mm&r=g\",\"contentUrl\":\"https:\\\/\\\/secure.gravatar.com\\\/avatar\\\/4f525efbf18dd2bb300ccad28bfb99d95a9465a5ba268407c8c37b37e1f28d2d?s=96&d=mm&r=g\",\"caption\":\"Equipe Reda\u00e7\u00e3o\"},\"description\":\"Equipe de reda\u00e7\u00e3o \u00e9 um grupo de profissionais que trabalham juntos para criar conte\u00fado escrito para Motorista.com.br\",\"url\":\"https:\\\/\\\/motorista.com.br\\\/noticias\\\/author\\\/equiperedacao\\\/\"}]}<\/script>\n<!-- \/ Yoast SEO Premium plugin. -->","yoast_head_json":{"title":"Investiga\u00e7\u00e3o revela \"fraude generalizada\" em ind\u00fastria baiana - Motorista.com.br","robots":{"index":"index","follow":"follow","max-snippet":"max-snippet:-1","max-image-preview":"max-image-preview:large","max-video-preview":"max-video-preview:-1"},"canonical":"https:\/\/motorista.com.br\/noticias\/2026\/03\/15\/investigacao-revela-fraude-generalizada-em-industria-baiana\/","og_locale":"pt_BR","og_type":"article","og_title":"Investiga\u00e7\u00e3o revela \"fraude generalizada\" em ind\u00fastria baiana","og_description":"T\u00edtulo: Investiga\u00e7\u00e3o Revela &quot;Fraude Sist\u00eamica&quot; em F\u00e1brica na Bahia e Seu Impacto na Mobilidade e no Setor Automotivo A constru\u00e7\u00e3o da maior f\u00e1brica de carros el\u00e9tricos da Am\u00e9rica Latina, localizada em Cama\u00e7ari (BA), revelou uma &quot;fraude consciente e sist\u00eamica&quot;, conforme detalhou uma investiga\u00e7\u00e3o do Minist\u00e9rio P\u00fablico do Trabalho (MPT). As den\u00fancias, que surgiram em dezembro, &hellip;","og_url":"https:\/\/motorista.com.br\/noticias\/2026\/03\/15\/investigacao-revela-fraude-generalizada-em-industria-baiana\/","og_site_name":"Motorista.com.br","article_published_time":"2026-03-15T08:47:35+00:00","author":"Equipe Reda\u00e7\u00e3o","twitter_card":"summary_large_image","twitter_misc":{"Escrito por":"Equipe Reda\u00e7\u00e3o","Est. tempo de leitura":"3 minutos","Written by":"Equipe Reda\u00e7\u00e3o"},"schema":{"@context":"https:\/\/schema.org","@graph":[{"@type":"Article","@id":"https:\/\/motorista.com.br\/noticias\/2026\/03\/15\/investigacao-revela-fraude-generalizada-em-industria-baiana\/#article","isPartOf":{"@id":"https:\/\/motorista.com.br\/noticias\/2026\/03\/15\/investigacao-revela-fraude-generalizada-em-industria-baiana\/"},"author":{"name":"Equipe Reda\u00e7\u00e3o","@id":"https:\/\/motorista.com.br\/noticias\/#\/schema\/person\/dc93afc2981c0e3ce6bc3c053fd847be"},"headline":"Investiga\u00e7\u00e3o revela &#8220;fraude generalizada&#8221; em ind\u00fastria baiana","datePublished":"2026-03-15T08:47:35+00:00","mainEntityOfPage":{"@id":"https:\/\/motorista.com.br\/noticias\/2026\/03\/15\/investigacao-revela-fraude-generalizada-em-industria-baiana\/"},"wordCount":610,"publisher":{"@id":"https:\/\/motorista.com.br\/noticias\/#organization"},"image":{"@id":"https:\/\/motorista.com.br\/noticias\/2026\/03\/15\/investigacao-revela-fraude-generalizada-em-industria-baiana\/#primaryimage"},"thumbnailUrl":"https:\/\/motorista.com.br\/noticias\/wp-content\/uploads\/2026\/03\/iStock-2130313924.jpg","articleSection":["Tecnologia"],"inLanguage":"pt-BR"},{"@type":"WebPage","@id":"https:\/\/motorista.com.br\/noticias\/2026\/03\/15\/investigacao-revela-fraude-generalizada-em-industria-baiana\/","url":"https:\/\/motorista.com.br\/noticias\/2026\/03\/15\/investigacao-revela-fraude-generalizada-em-industria-baiana\/","name":"Investiga\u00e7\u00e3o revela \"fraude generalizada\" em ind\u00fastria baiana - Motorista.com.br","isPartOf":{"@id":"https:\/\/motorista.com.br\/noticias\/#website"},"primaryImageOfPage":{"@id":"https:\/\/motorista.com.br\/noticias\/2026\/03\/15\/investigacao-revela-fraude-generalizada-em-industria-baiana\/#primaryimage"},"image":{"@id":"https:\/\/motorista.com.br\/noticias\/2026\/03\/15\/investigacao-revela-fraude-generalizada-em-industria-baiana\/#primaryimage"},"thumbnailUrl":"https:\/\/motorista.com.br\/noticias\/wp-content\/uploads\/2026\/03\/iStock-2130313924.jpg","datePublished":"2026-03-15T08:47:35+00:00","breadcrumb":{"@id":"https:\/\/motorista.com.br\/noticias\/2026\/03\/15\/investigacao-revela-fraude-generalizada-em-industria-baiana\/#breadcrumb"},"inLanguage":"pt-BR","potentialAction":[{"@type":"ReadAction","target":["https:\/\/motorista.com.br\/noticias\/2026\/03\/15\/investigacao-revela-fraude-generalizada-em-industria-baiana\/"]}]},{"@type":"ImageObject","inLanguage":"pt-BR","@id":"https:\/\/motorista.com.br\/noticias\/2026\/03\/15\/investigacao-revela-fraude-generalizada-em-industria-baiana\/#primaryimage","url":"https:\/\/motorista.com.br\/noticias\/wp-content\/uploads\/2026\/03\/iStock-2130313924.jpg","contentUrl":"https:\/\/motorista.com.br\/noticias\/wp-content\/uploads\/2026\/03\/iStock-2130313924.jpg","width":2121,"height":1414},{"@type":"BreadcrumbList","@id":"https:\/\/motorista.com.br\/noticias\/2026\/03\/15\/investigacao-revela-fraude-generalizada-em-industria-baiana\/#breadcrumb","itemListElement":[{"@type":"ListItem","position":1,"name":"In\u00edcio","item":"https:\/\/motorista.com.br\/noticias\/"},{"@type":"ListItem","position":2,"name":"Investiga\u00e7\u00e3o revela &#8220;fraude generalizada&#8221; em ind\u00fastria baiana"}]},{"@type":"WebSite","@id":"https:\/\/motorista.com.br\/noticias\/#website","url":"https:\/\/motorista.com.br\/noticias\/","name":"Motorista.com.br","description":"Not\u00edcia do Motorista","publisher":{"@id":"https:\/\/motorista.com.br\/noticias\/#organization"},"potentialAction":[{"@type":"SearchAction","target":{"@type":"EntryPoint","urlTemplate":"https:\/\/motorista.com.br\/noticias\/?s={search_term_string}"},"query-input":{"@type":"PropertyValueSpecification","valueRequired":true,"valueName":"search_term_string"}}],"inLanguage":"pt-BR"},{"@type":"Organization","@id":"https:\/\/motorista.com.br\/noticias\/#organization","name":"Motorista.com.br","url":"https:\/\/motorista.com.br\/noticias\/","logo":{"@type":"ImageObject","inLanguage":"pt-BR","@id":"https:\/\/motorista.com.br\/noticias\/#\/schema\/logo\/image\/","url":"https:\/\/motorista.com.br\/noticias\/wp-content\/uploads\/2025\/06\/Design-sem-nome-9.png","contentUrl":"https:\/\/motorista.com.br\/noticias\/wp-content\/uploads\/2025\/06\/Design-sem-nome-9.png","width":150,"height":85,"caption":"Motorista.com.br"},"image":{"@id":"https:\/\/motorista.com.br\/noticias\/#\/schema\/logo\/image\/"}},{"@type":"Person","@id":"https:\/\/motorista.com.br\/noticias\/#\/schema\/person\/dc93afc2981c0e3ce6bc3c053fd847be","name":"Equipe Reda\u00e7\u00e3o","image":{"@type":"ImageObject","inLanguage":"pt-BR","@id":"https:\/\/secure.gravatar.com\/avatar\/4f525efbf18dd2bb300ccad28bfb99d95a9465a5ba268407c8c37b37e1f28d2d?s=96&d=mm&r=g9e099043a0c61e9ae27e293b9fa75ffc","url":"https:\/\/secure.gravatar.com\/avatar\/4f525efbf18dd2bb300ccad28bfb99d95a9465a5ba268407c8c37b37e1f28d2d?s=96&d=mm&r=g","contentUrl":"https:\/\/secure.gravatar.com\/avatar\/4f525efbf18dd2bb300ccad28bfb99d95a9465a5ba268407c8c37b37e1f28d2d?s=96&d=mm&r=g","caption":"Equipe Reda\u00e7\u00e3o"},"description":"Equipe de reda\u00e7\u00e3o \u00e9 um grupo de profissionais que trabalham juntos para criar conte\u00fado escrito para Motorista.com.br","url":"https:\/\/motorista.com.br\/noticias\/author\/equiperedacao\/"}]}},"_links":{"self":[{"href":"https:\/\/motorista.com.br\/noticias\/wp-json\/wp\/v2\/posts\/7757","targetHints":{"allow":["GET"]}}],"collection":[{"href":"https:\/\/motorista.com.br\/noticias\/wp-json\/wp\/v2\/posts"}],"about":[{"href":"https:\/\/motorista.com.br\/noticias\/wp-json\/wp\/v2\/types\/post"}],"author":[{"embeddable":true,"href":"https:\/\/motorista.com.br\/noticias\/wp-json\/wp\/v2\/users\/4"}],"replies":[{"embeddable":true,"href":"https:\/\/motorista.com.br\/noticias\/wp-json\/wp\/v2\/comments?post=7757"}],"version-history":[{"count":0,"href":"https:\/\/motorista.com.br\/noticias\/wp-json\/wp\/v2\/posts\/7757\/revisions"}],"wp:featuredmedia":[{"embeddable":true,"href":"https:\/\/motorista.com.br\/noticias\/wp-json\/wp\/v2\/media\/7758"}],"wp:attachment":[{"href":"https:\/\/motorista.com.br\/noticias\/wp-json\/wp\/v2\/media?parent=7757"}],"wp:term":[{"taxonomy":"category","embeddable":true,"href":"https:\/\/motorista.com.br\/noticias\/wp-json\/wp\/v2\/categories?post=7757"},{"taxonomy":"post_tag","embeddable":true,"href":"https:\/\/motorista.com.br\/noticias\/wp-json\/wp\/v2\/tags?post=7757"},{"taxonomy":"author","embeddable":true,"href":"https:\/\/motorista.com.br\/noticias\/wp-json\/wp\/v2\/coauthors?post=7757"}],"curies":[{"name":"wp","href":"https:\/\/api.w.org\/{rel}","templated":true}]}}