{"id":7754,"date":"2026-03-15T01:41:35","date_gmt":"2026-03-15T04:41:35","guid":{"rendered":"https:\/\/motorista.com.br\/noticias\/2026\/03\/15\/antaq-aceita-sugestoes-sobre-concessao-do-canal-de-acesso-ao-porto-de-santos-ate-maio\/"},"modified":"2026-03-15T01:41:35","modified_gmt":"2026-03-15T04:41:35","slug":"antaq-aceita-sugestoes-sobre-concessao-do-canal-de-acesso-ao-porto-de-santos-ate-maio","status":"publish","type":"post","link":"https:\/\/motorista.com.br\/noticias\/2026\/03\/15\/antaq-aceita-sugestoes-sobre-concessao-do-canal-de-acesso-ao-porto-de-santos-ate-maio\/","title":{"rendered":"ANTAQ aceita sugest\u00f5es sobre concess\u00e3o do canal de acesso ao Porto de Santos at\u00e9 maio."},"content":{"rendered":"<p><\/p>\n<h3>ANTAQ Recebe Contribui\u00e7\u00f5es para Concess\u00e3o do Canal de Acesso ao Porto de Santos<\/h3>\n<p>A recente iniciativa da ANTAQ (Ag\u00eancia Nacional de Transportes Aquavi\u00e1rios) de buscar contribui\u00e7\u00f5es para a concess\u00e3o do canal de acesso ao Porto de Santos at\u00e9 o m\u00eas de maio revela um avan\u00e7o significativo em dire\u00e7\u00e3o \u00e0 moderniza\u00e7\u00e3o e efici\u00eancia do transporte portu\u00e1rio brasileiro. Este processo n\u00e3o s\u00f3 promete melhorar a infraestrutura do porto, um dos mais importantes do pa\u00eds, como tamb\u00e9m ter\u00e1 impactos diretos para motoristas e para a mobilidade urbana geral.<\/p>\n<h4>Benef\u00edcios para Motoristas<\/h4>\n<p>Um dos principais benef\u00edcios para motoristas est\u00e1 relacionado \u00e0 fluidez do tr\u00e2nsito. Com um canal de acesso mais eficiente, a carga poder\u00e1 ser movimentada com maior agilidade, reduzindo o tempo de espera e as filas. Isso abrange n\u00e3o apenas caminhoneiros que trabalham direta ou indiretamente com o porto, mas tamb\u00e9m motoristas comuns que transitam nas imedia\u00e7\u00f5es. Uma melhoria na infraestrutura portu\u00e1ria pode significar menos congestionamentos e um aumento na seguran\u00e7a vi\u00e1ria, devido a um fluxo de ve\u00edculos mais organizado.<\/p>\n<h4>Mobilidade Geral<\/h4>\n<p>Do ponto de vista da mobilidade geral, a concess\u00e3o do canal de acesso pode resultar em uma melhor distribui\u00e7\u00e3o do tr\u00e1fego na regi\u00e3o. Com o aumento da efici\u00eancia na movimenta\u00e7\u00e3o de cargas, h\u00e1 a possibilidade de descongestionar n\u00e3o apenas as vias pr\u00f3ximas ao porto, mas tamb\u00e9m impactar positivamente nas rotas de acesso \u00e0s demais \u00e1reas urbanas. Isso \u00e9 particularmente relevante para S\u00e3o Paulo, onde o transporte \u00e9 frequentemente comprometido por engarrafamentos.<\/p>\n<p>Al\u00e9m disso, um porto mais eficiente pode fomentar o crescimento econ\u00f4mico e a cria\u00e7\u00e3o de empregos, o que, por sua vez, influencia positivamente a mobilidade da popula\u00e7\u00e3o. Com mais oportunidades dispon\u00edveis, pessoas poder\u00e3o se deslocar para empregos mais qualificados e acess\u00edveis, melhorando a qualidade de vida.<\/p>\n<h4>Conclus\u00e3o<\/h4>\n<p>Portanto, a concess\u00e3o do canal de acesso ao Porto de Santos n\u00e3o \u00e9 apenas uma quest\u00e3o de moderniza\u00e7\u00e3o das opera\u00e7\u00f5es portu\u00e1rias, mas tamb\u00e9m uma oportunidade de transformar a experi\u00eancia de todos os motoristas na regi\u00e3o. Essa abordagem integrada \u00e0 mobilidade poder\u00e1 promover um ambiente mais eficiente e seguro, beneficiando tanto o transporte de cargas quanto o tr\u00e1fego urbano de passageiros.<\/p>\n<p><strong>Fonte: ibl.org.br<\/strong><\/p>\n","protected":false},"excerpt":{"rendered":"<p>ANTAQ Recebe Contribui\u00e7\u00f5es para Concess\u00e3o do Canal de Acesso ao Porto de Santos A recente iniciativa da ANTAQ (Ag\u00eancia Nacional de Transportes Aquavi\u00e1rios) de buscar contribui\u00e7\u00f5es para a concess\u00e3o do canal de acesso ao Porto de Santos at\u00e9 o m\u00eas de maio revela um avan\u00e7o significativo em dire\u00e7\u00e3o \u00e0 moderniza\u00e7\u00e3o e efici\u00eancia do transporte portu\u00e1rio &hellip;<\/p>\n","protected":false},"author":4,"featured_media":7755,"comment_status":"","ping_status":"open","sticky":false,"template":"","format":"standard","meta":{"footnotes":""},"categories":[62],"tags":[],"coauthors":[42],"class_list":["post-7754","post","type-post","status-publish","format-standard","has-post-thumbnail","hentry","category-logistica"],"yoast_head":"<!-- This site is optimized with the Yoast SEO Premium plugin v25.5 (Yoast SEO v27.5) - https:\/\/yoast.com\/product\/yoast-seo-premium-wordpress\/ -->\n<title>ANTAQ aceita sugest\u00f5es sobre concess\u00e3o do canal de acesso ao Porto de Santos at\u00e9 maio. - Motorista.com.br<\/title>\n<meta name=\"robots\" content=\"index, follow, max-snippet:-1, max-image-preview:large, max-video-preview:-1\" \/>\n<link rel=\"canonical\" href=\"https:\/\/motorista.com.br\/noticias\/2026\/03\/15\/antaq-aceita-sugestoes-sobre-concessao-do-canal-de-acesso-ao-porto-de-santos-ate-maio\/\" \/>\n<meta property=\"og:locale\" content=\"pt_BR\" \/>\n<meta property=\"og:type\" content=\"article\" \/>\n<meta property=\"og:title\" content=\"ANTAQ aceita sugest\u00f5es sobre concess\u00e3o do canal de acesso ao Porto de Santos at\u00e9 maio.\" \/>\n<meta property=\"og:description\" content=\"ANTAQ Recebe Contribui\u00e7\u00f5es para Concess\u00e3o do Canal de Acesso ao Porto de Santos A recente iniciativa da ANTAQ (Ag\u00eancia Nacional de Transportes Aquavi\u00e1rios) de buscar contribui\u00e7\u00f5es para a concess\u00e3o do canal de acesso ao Porto de Santos at\u00e9 o m\u00eas de maio revela um avan\u00e7o significativo em dire\u00e7\u00e3o \u00e0 moderniza\u00e7\u00e3o e efici\u00eancia do transporte portu\u00e1rio &hellip;\" \/>\n<meta property=\"og:url\" content=\"https:\/\/motorista.com.br\/noticias\/2026\/03\/15\/antaq-aceita-sugestoes-sobre-concessao-do-canal-de-acesso-ao-porto-de-santos-ate-maio\/\" \/>\n<meta property=\"og:site_name\" content=\"Motorista.com.br\" \/>\n<meta property=\"article:published_time\" content=\"2026-03-15T04:41:35+00:00\" \/>\n<meta name=\"author\" content=\"Equipe Reda\u00e7\u00e3o\" \/>\n<meta name=\"twitter:card\" content=\"summary_large_image\" \/>\n<meta name=\"twitter:label1\" content=\"Escrito por\" \/>\n\t<meta name=\"twitter:data1\" content=\"Equipe Reda\u00e7\u00e3o\" \/>\n\t<meta name=\"twitter:label2\" content=\"Est. tempo de leitura\" \/>\n\t<meta name=\"twitter:data2\" content=\"2 minutos\" \/>\n\t<meta name=\"twitter:label3\" content=\"Written by\" \/>\n\t<meta name=\"twitter:data3\" content=\"Equipe Reda\u00e7\u00e3o\" \/>\n<script type=\"application\/ld+json\" class=\"yoast-schema-graph\">{\"@context\":\"https:\\\/\\\/schema.org\",\"@graph\":[{\"@type\":\"Article\",\"@id\":\"https:\\\/\\\/motorista.com.br\\\/noticias\\\/2026\\\/03\\\/15\\\/antaq-aceita-sugestoes-sobre-concessao-do-canal-de-acesso-ao-porto-de-santos-ate-maio\\\/#article\",\"isPartOf\":{\"@id\":\"https:\\\/\\\/motorista.com.br\\\/noticias\\\/2026\\\/03\\\/15\\\/antaq-aceita-sugestoes-sobre-concessao-do-canal-de-acesso-ao-porto-de-santos-ate-maio\\\/\"},\"author\":{\"name\":\"Equipe Reda\u00e7\u00e3o\",\"@id\":\"https:\\\/\\\/motorista.com.br\\\/noticias\\\/#\\\/schema\\\/person\\\/dc93afc2981c0e3ce6bc3c053fd847be\"},\"headline\":\"ANTAQ aceita sugest\u00f5es sobre concess\u00e3o do canal de acesso ao Porto de Santos at\u00e9 maio.\",\"datePublished\":\"2026-03-15T04:41:35+00:00\",\"mainEntityOfPage\":{\"@id\":\"https:\\\/\\\/motorista.com.br\\\/noticias\\\/2026\\\/03\\\/15\\\/antaq-aceita-sugestoes-sobre-concessao-do-canal-de-acesso-ao-porto-de-santos-ate-maio\\\/\"},\"wordCount\":415,\"publisher\":{\"@id\":\"https:\\\/\\\/motorista.com.br\\\/noticias\\\/#organization\"},\"image\":{\"@id\":\"https:\\\/\\\/motorista.com.br\\\/noticias\\\/2026\\\/03\\\/15\\\/antaq-aceita-sugestoes-sobre-concessao-do-canal-de-acesso-ao-porto-de-santos-ate-maio\\\/#primaryimage\"},\"thumbnailUrl\":\"https:\\\/\\\/motorista.com.br\\\/noticias\\\/wp-content\\\/uploads\\\/2026\\\/03\\\/WhatsApp-Image-2026-03-12-at-16.22.30.jpeg\",\"articleSection\":[\"Log\u00edstica\"],\"inLanguage\":\"pt-BR\"},{\"@type\":\"WebPage\",\"@id\":\"https:\\\/\\\/motorista.com.br\\\/noticias\\\/2026\\\/03\\\/15\\\/antaq-aceita-sugestoes-sobre-concessao-do-canal-de-acesso-ao-porto-de-santos-ate-maio\\\/\",\"url\":\"https:\\\/\\\/motorista.com.br\\\/noticias\\\/2026\\\/03\\\/15\\\/antaq-aceita-sugestoes-sobre-concessao-do-canal-de-acesso-ao-porto-de-santos-ate-maio\\\/\",\"name\":\"ANTAQ aceita sugest\u00f5es sobre concess\u00e3o do canal de acesso ao Porto de Santos at\u00e9 maio. - Motorista.com.br\",\"isPartOf\":{\"@id\":\"https:\\\/\\\/motorista.com.br\\\/noticias\\\/#website\"},\"primaryImageOfPage\":{\"@id\":\"https:\\\/\\\/motorista.com.br\\\/noticias\\\/2026\\\/03\\\/15\\\/antaq-aceita-sugestoes-sobre-concessao-do-canal-de-acesso-ao-porto-de-santos-ate-maio\\\/#primaryimage\"},\"image\":{\"@id\":\"https:\\\/\\\/motorista.com.br\\\/noticias\\\/2026\\\/03\\\/15\\\/antaq-aceita-sugestoes-sobre-concessao-do-canal-de-acesso-ao-porto-de-santos-ate-maio\\\/#primaryimage\"},\"thumbnailUrl\":\"https:\\\/\\\/motorista.com.br\\\/noticias\\\/wp-content\\\/uploads\\\/2026\\\/03\\\/WhatsApp-Image-2026-03-12-at-16.22.30.jpeg\",\"datePublished\":\"2026-03-15T04:41:35+00:00\",\"breadcrumb\":{\"@id\":\"https:\\\/\\\/motorista.com.br\\\/noticias\\\/2026\\\/03\\\/15\\\/antaq-aceita-sugestoes-sobre-concessao-do-canal-de-acesso-ao-porto-de-santos-ate-maio\\\/#breadcrumb\"},\"inLanguage\":\"pt-BR\",\"potentialAction\":[{\"@type\":\"ReadAction\",\"target\":[\"https:\\\/\\\/motorista.com.br\\\/noticias\\\/2026\\\/03\\\/15\\\/antaq-aceita-sugestoes-sobre-concessao-do-canal-de-acesso-ao-porto-de-santos-ate-maio\\\/\"]}]},{\"@type\":\"ImageObject\",\"inLanguage\":\"pt-BR\",\"@id\":\"https:\\\/\\\/motorista.com.br\\\/noticias\\\/2026\\\/03\\\/15\\\/antaq-aceita-sugestoes-sobre-concessao-do-canal-de-acesso-ao-porto-de-santos-ate-maio\\\/#primaryimage\",\"url\":\"https:\\\/\\\/motorista.com.br\\\/noticias\\\/wp-content\\\/uploads\\\/2026\\\/03\\\/WhatsApp-Image-2026-03-12-at-16.22.30.jpeg\",\"contentUrl\":\"https:\\\/\\\/motorista.com.br\\\/noticias\\\/wp-content\\\/uploads\\\/2026\\\/03\\\/WhatsApp-Image-2026-03-12-at-16.22.30.jpeg\",\"width\":1600,\"height\":900},{\"@type\":\"BreadcrumbList\",\"@id\":\"https:\\\/\\\/motorista.com.br\\\/noticias\\\/2026\\\/03\\\/15\\\/antaq-aceita-sugestoes-sobre-concessao-do-canal-de-acesso-ao-porto-de-santos-ate-maio\\\/#breadcrumb\",\"itemListElement\":[{\"@type\":\"ListItem\",\"position\":1,\"name\":\"In\u00edcio\",\"item\":\"https:\\\/\\\/motorista.com.br\\\/noticias\\\/\"},{\"@type\":\"ListItem\",\"position\":2,\"name\":\"ANTAQ aceita sugest\u00f5es sobre concess\u00e3o do canal de acesso ao Porto de Santos at\u00e9 maio.\"}]},{\"@type\":\"WebSite\",\"@id\":\"https:\\\/\\\/motorista.com.br\\\/noticias\\\/#website\",\"url\":\"https:\\\/\\\/motorista.com.br\\\/noticias\\\/\",\"name\":\"Motorista.com.br\",\"description\":\"Not\u00edcia do Motorista\",\"publisher\":{\"@id\":\"https:\\\/\\\/motorista.com.br\\\/noticias\\\/#organization\"},\"potentialAction\":[{\"@type\":\"SearchAction\",\"target\":{\"@type\":\"EntryPoint\",\"urlTemplate\":\"https:\\\/\\\/motorista.com.br\\\/noticias\\\/?s={search_term_string}\"},\"query-input\":{\"@type\":\"PropertyValueSpecification\",\"valueRequired\":true,\"valueName\":\"search_term_string\"}}],\"inLanguage\":\"pt-BR\"},{\"@type\":\"Organization\",\"@id\":\"https:\\\/\\\/motorista.com.br\\\/noticias\\\/#organization\",\"name\":\"Motorista.com.br\",\"url\":\"https:\\\/\\\/motorista.com.br\\\/noticias\\\/\",\"logo\":{\"@type\":\"ImageObject\",\"inLanguage\":\"pt-BR\",\"@id\":\"https:\\\/\\\/motorista.com.br\\\/noticias\\\/#\\\/schema\\\/logo\\\/image\\\/\",\"url\":\"https:\\\/\\\/motorista.com.br\\\/noticias\\\/wp-content\\\/uploads\\\/2025\\\/06\\\/Design-sem-nome-9.png\",\"contentUrl\":\"https:\\\/\\\/motorista.com.br\\\/noticias\\\/wp-content\\\/uploads\\\/2025\\\/06\\\/Design-sem-nome-9.png\",\"width\":150,\"height\":85,\"caption\":\"Motorista.com.br\"},\"image\":{\"@id\":\"https:\\\/\\\/motorista.com.br\\\/noticias\\\/#\\\/schema\\\/logo\\\/image\\\/\"}},{\"@type\":\"Person\",\"@id\":\"https:\\\/\\\/motorista.com.br\\\/noticias\\\/#\\\/schema\\\/person\\\/dc93afc2981c0e3ce6bc3c053fd847be\",\"name\":\"Equipe Reda\u00e7\u00e3o\",\"image\":{\"@type\":\"ImageObject\",\"inLanguage\":\"pt-BR\",\"@id\":\"https:\\\/\\\/secure.gravatar.com\\\/avatar\\\/4f525efbf18dd2bb300ccad28bfb99d95a9465a5ba268407c8c37b37e1f28d2d?s=96&d=mm&r=g9e099043a0c61e9ae27e293b9fa75ffc\",\"url\":\"https:\\\/\\\/secure.gravatar.com\\\/avatar\\\/4f525efbf18dd2bb300ccad28bfb99d95a9465a5ba268407c8c37b37e1f28d2d?s=96&d=mm&r=g\",\"contentUrl\":\"https:\\\/\\\/secure.gravatar.com\\\/avatar\\\/4f525efbf18dd2bb300ccad28bfb99d95a9465a5ba268407c8c37b37e1f28d2d?s=96&d=mm&r=g\",\"caption\":\"Equipe Reda\u00e7\u00e3o\"},\"description\":\"Equipe de reda\u00e7\u00e3o \u00e9 um grupo de profissionais que trabalham juntos para criar conte\u00fado escrito para Motorista.com.br\",\"url\":\"https:\\\/\\\/motorista.com.br\\\/noticias\\\/author\\\/equiperedacao\\\/\"}]}<\/script>\n<!-- \/ Yoast SEO Premium plugin. -->","yoast_head_json":{"title":"ANTAQ aceita sugest\u00f5es sobre concess\u00e3o do canal de acesso ao Porto de Santos at\u00e9 maio. - Motorista.com.br","robots":{"index":"index","follow":"follow","max-snippet":"max-snippet:-1","max-image-preview":"max-image-preview:large","max-video-preview":"max-video-preview:-1"},"canonical":"https:\/\/motorista.com.br\/noticias\/2026\/03\/15\/antaq-aceita-sugestoes-sobre-concessao-do-canal-de-acesso-ao-porto-de-santos-ate-maio\/","og_locale":"pt_BR","og_type":"article","og_title":"ANTAQ aceita sugest\u00f5es sobre concess\u00e3o do canal de acesso ao Porto de Santos at\u00e9 maio.","og_description":"ANTAQ Recebe Contribui\u00e7\u00f5es para Concess\u00e3o do Canal de Acesso ao Porto de Santos A recente iniciativa da ANTAQ (Ag\u00eancia Nacional de Transportes Aquavi\u00e1rios) de buscar contribui\u00e7\u00f5es para a concess\u00e3o do canal de acesso ao Porto de Santos at\u00e9 o m\u00eas de maio revela um avan\u00e7o significativo em dire\u00e7\u00e3o \u00e0 moderniza\u00e7\u00e3o e efici\u00eancia do transporte portu\u00e1rio &hellip;","og_url":"https:\/\/motorista.com.br\/noticias\/2026\/03\/15\/antaq-aceita-sugestoes-sobre-concessao-do-canal-de-acesso-ao-porto-de-santos-ate-maio\/","og_site_name":"Motorista.com.br","article_published_time":"2026-03-15T04:41:35+00:00","author":"Equipe Reda\u00e7\u00e3o","twitter_card":"summary_large_image","twitter_misc":{"Escrito por":"Equipe Reda\u00e7\u00e3o","Est. tempo de leitura":"2 minutos","Written by":"Equipe Reda\u00e7\u00e3o"},"schema":{"@context":"https:\/\/schema.org","@graph":[{"@type":"Article","@id":"https:\/\/motorista.com.br\/noticias\/2026\/03\/15\/antaq-aceita-sugestoes-sobre-concessao-do-canal-de-acesso-ao-porto-de-santos-ate-maio\/#article","isPartOf":{"@id":"https:\/\/motorista.com.br\/noticias\/2026\/03\/15\/antaq-aceita-sugestoes-sobre-concessao-do-canal-de-acesso-ao-porto-de-santos-ate-maio\/"},"author":{"name":"Equipe Reda\u00e7\u00e3o","@id":"https:\/\/motorista.com.br\/noticias\/#\/schema\/person\/dc93afc2981c0e3ce6bc3c053fd847be"},"headline":"ANTAQ aceita sugest\u00f5es sobre concess\u00e3o do canal de acesso ao Porto de Santos at\u00e9 maio.","datePublished":"2026-03-15T04:41:35+00:00","mainEntityOfPage":{"@id":"https:\/\/motorista.com.br\/noticias\/2026\/03\/15\/antaq-aceita-sugestoes-sobre-concessao-do-canal-de-acesso-ao-porto-de-santos-ate-maio\/"},"wordCount":415,"publisher":{"@id":"https:\/\/motorista.com.br\/noticias\/#organization"},"image":{"@id":"https:\/\/motorista.com.br\/noticias\/2026\/03\/15\/antaq-aceita-sugestoes-sobre-concessao-do-canal-de-acesso-ao-porto-de-santos-ate-maio\/#primaryimage"},"thumbnailUrl":"https:\/\/motorista.com.br\/noticias\/wp-content\/uploads\/2026\/03\/WhatsApp-Image-2026-03-12-at-16.22.30.jpeg","articleSection":["Log\u00edstica"],"inLanguage":"pt-BR"},{"@type":"WebPage","@id":"https:\/\/motorista.com.br\/noticias\/2026\/03\/15\/antaq-aceita-sugestoes-sobre-concessao-do-canal-de-acesso-ao-porto-de-santos-ate-maio\/","url":"https:\/\/motorista.com.br\/noticias\/2026\/03\/15\/antaq-aceita-sugestoes-sobre-concessao-do-canal-de-acesso-ao-porto-de-santos-ate-maio\/","name":"ANTAQ aceita sugest\u00f5es sobre concess\u00e3o do canal de acesso ao Porto de Santos at\u00e9 maio. - Motorista.com.br","isPartOf":{"@id":"https:\/\/motorista.com.br\/noticias\/#website"},"primaryImageOfPage":{"@id":"https:\/\/motorista.com.br\/noticias\/2026\/03\/15\/antaq-aceita-sugestoes-sobre-concessao-do-canal-de-acesso-ao-porto-de-santos-ate-maio\/#primaryimage"},"image":{"@id":"https:\/\/motorista.com.br\/noticias\/2026\/03\/15\/antaq-aceita-sugestoes-sobre-concessao-do-canal-de-acesso-ao-porto-de-santos-ate-maio\/#primaryimage"},"thumbnailUrl":"https:\/\/motorista.com.br\/noticias\/wp-content\/uploads\/2026\/03\/WhatsApp-Image-2026-03-12-at-16.22.30.jpeg","datePublished":"2026-03-15T04:41:35+00:00","breadcrumb":{"@id":"https:\/\/motorista.com.br\/noticias\/2026\/03\/15\/antaq-aceita-sugestoes-sobre-concessao-do-canal-de-acesso-ao-porto-de-santos-ate-maio\/#breadcrumb"},"inLanguage":"pt-BR","potentialAction":[{"@type":"ReadAction","target":["https:\/\/motorista.com.br\/noticias\/2026\/03\/15\/antaq-aceita-sugestoes-sobre-concessao-do-canal-de-acesso-ao-porto-de-santos-ate-maio\/"]}]},{"@type":"ImageObject","inLanguage":"pt-BR","@id":"https:\/\/motorista.com.br\/noticias\/2026\/03\/15\/antaq-aceita-sugestoes-sobre-concessao-do-canal-de-acesso-ao-porto-de-santos-ate-maio\/#primaryimage","url":"https:\/\/motorista.com.br\/noticias\/wp-content\/uploads\/2026\/03\/WhatsApp-Image-2026-03-12-at-16.22.30.jpeg","contentUrl":"https:\/\/motorista.com.br\/noticias\/wp-content\/uploads\/2026\/03\/WhatsApp-Image-2026-03-12-at-16.22.30.jpeg","width":1600,"height":900},{"@type":"BreadcrumbList","@id":"https:\/\/motorista.com.br\/noticias\/2026\/03\/15\/antaq-aceita-sugestoes-sobre-concessao-do-canal-de-acesso-ao-porto-de-santos-ate-maio\/#breadcrumb","itemListElement":[{"@type":"ListItem","position":1,"name":"In\u00edcio","item":"https:\/\/motorista.com.br\/noticias\/"},{"@type":"ListItem","position":2,"name":"ANTAQ aceita sugest\u00f5es sobre concess\u00e3o do canal de acesso ao Porto de Santos at\u00e9 maio."}]},{"@type":"WebSite","@id":"https:\/\/motorista.com.br\/noticias\/#website","url":"https:\/\/motorista.com.br\/noticias\/","name":"Motorista.com.br","description":"Not\u00edcia do Motorista","publisher":{"@id":"https:\/\/motorista.com.br\/noticias\/#organization"},"potentialAction":[{"@type":"SearchAction","target":{"@type":"EntryPoint","urlTemplate":"https:\/\/motorista.com.br\/noticias\/?s={search_term_string}"},"query-input":{"@type":"PropertyValueSpecification","valueRequired":true,"valueName":"search_term_string"}}],"inLanguage":"pt-BR"},{"@type":"Organization","@id":"https:\/\/motorista.com.br\/noticias\/#organization","name":"Motorista.com.br","url":"https:\/\/motorista.com.br\/noticias\/","logo":{"@type":"ImageObject","inLanguage":"pt-BR","@id":"https:\/\/motorista.com.br\/noticias\/#\/schema\/logo\/image\/","url":"https:\/\/motorista.com.br\/noticias\/wp-content\/uploads\/2025\/06\/Design-sem-nome-9.png","contentUrl":"https:\/\/motorista.com.br\/noticias\/wp-content\/uploads\/2025\/06\/Design-sem-nome-9.png","width":150,"height":85,"caption":"Motorista.com.br"},"image":{"@id":"https:\/\/motorista.com.br\/noticias\/#\/schema\/logo\/image\/"}},{"@type":"Person","@id":"https:\/\/motorista.com.br\/noticias\/#\/schema\/person\/dc93afc2981c0e3ce6bc3c053fd847be","name":"Equipe Reda\u00e7\u00e3o","image":{"@type":"ImageObject","inLanguage":"pt-BR","@id":"https:\/\/secure.gravatar.com\/avatar\/4f525efbf18dd2bb300ccad28bfb99d95a9465a5ba268407c8c37b37e1f28d2d?s=96&d=mm&r=g9e099043a0c61e9ae27e293b9fa75ffc","url":"https:\/\/secure.gravatar.com\/avatar\/4f525efbf18dd2bb300ccad28bfb99d95a9465a5ba268407c8c37b37e1f28d2d?s=96&d=mm&r=g","contentUrl":"https:\/\/secure.gravatar.com\/avatar\/4f525efbf18dd2bb300ccad28bfb99d95a9465a5ba268407c8c37b37e1f28d2d?s=96&d=mm&r=g","caption":"Equipe Reda\u00e7\u00e3o"},"description":"Equipe de reda\u00e7\u00e3o \u00e9 um grupo de profissionais que trabalham juntos para criar conte\u00fado escrito para Motorista.com.br","url":"https:\/\/motorista.com.br\/noticias\/author\/equiperedacao\/"}]}},"_links":{"self":[{"href":"https:\/\/motorista.com.br\/noticias\/wp-json\/wp\/v2\/posts\/7754","targetHints":{"allow":["GET"]}}],"collection":[{"href":"https:\/\/motorista.com.br\/noticias\/wp-json\/wp\/v2\/posts"}],"about":[{"href":"https:\/\/motorista.com.br\/noticias\/wp-json\/wp\/v2\/types\/post"}],"author":[{"embeddable":true,"href":"https:\/\/motorista.com.br\/noticias\/wp-json\/wp\/v2\/users\/4"}],"replies":[{"embeddable":true,"href":"https:\/\/motorista.com.br\/noticias\/wp-json\/wp\/v2\/comments?post=7754"}],"version-history":[{"count":0,"href":"https:\/\/motorista.com.br\/noticias\/wp-json\/wp\/v2\/posts\/7754\/revisions"}],"wp:featuredmedia":[{"embeddable":true,"href":"https:\/\/motorista.com.br\/noticias\/wp-json\/wp\/v2\/media\/7755"}],"wp:attachment":[{"href":"https:\/\/motorista.com.br\/noticias\/wp-json\/wp\/v2\/media?parent=7754"}],"wp:term":[{"taxonomy":"category","embeddable":true,"href":"https:\/\/motorista.com.br\/noticias\/wp-json\/wp\/v2\/categories?post=7754"},{"taxonomy":"post_tag","embeddable":true,"href":"https:\/\/motorista.com.br\/noticias\/wp-json\/wp\/v2\/tags?post=7754"},{"taxonomy":"author","embeddable":true,"href":"https:\/\/motorista.com.br\/noticias\/wp-json\/wp\/v2\/coauthors?post=7754"}],"curies":[{"name":"wp","href":"https:\/\/api.w.org\/{rel}","templated":true}]}}