{"id":7752,"date":"2026-03-15T01:20:05","date_gmt":"2026-03-15T04:20:05","guid":{"rendered":"https:\/\/motorista.com.br\/noticias\/2026\/03\/15\/associacao-sugere-aumentar-biodiesel-no-diesel-para-conter-alta-de-precos-devido-a-guerra-no-ira\/"},"modified":"2026-03-15T01:20:05","modified_gmt":"2026-03-15T04:20:05","slug":"associacao-sugere-aumentar-biodiesel-no-diesel-para-conter-alta-de-precos-devido-a-guerra-no-ira","status":"publish","type":"post","link":"https:\/\/motorista.com.br\/noticias\/2026\/03\/15\/associacao-sugere-aumentar-biodiesel-no-diesel-para-conter-alta-de-precos-devido-a-guerra-no-ira\/","title":{"rendered":"Associa\u00e7\u00e3o sugere aumentar biodiesel no diesel para conter alta de pre\u00e7os devido \u00e0 guerra no Ir\u00e3"},"content":{"rendered":"<p><\/p>\n<h3>A Eleva\u00e7\u00e3o do Biodiesel no Diesel: Uma Estrat\u00e9gia para Mitigar Efeitos da Guerra no Ir\u00e3<\/h3>\n<p>A recente forma\u00e7\u00e3o da Alian\u00e7a Biodiesel, composta pelas associa\u00e7\u00f5es Abiove e Aprobio, trouxe \u00e0 tona a proposta de aumentar a mistura de biodiesel no diesel convencional como uma forma de lidar com a crise de abastecimento de combust\u00edveis provocada pela guerra no Ir\u00e3. Este cen\u00e1rio ressalta a import\u00e2ncia da diversifica\u00e7\u00e3o das fontes de energia no Brasil, possivelmente aliviando a press\u00e3o sobre os pre\u00e7os do diesel e promovendo uma mobilidade mais sustent\u00e1vel.<\/p>\n<p>Atualmente, a mistura de biodiesel no diesel pode ser ampliada para at\u00e9 21,6%, e a Alian\u00e7a defende a necessidade de iniciar os testes para essa transi\u00e7\u00e3o. O presidente da Aprobio, Jer\u00f4nimo Goergen, enfatiza que o setor est\u00e1 pronto para colaborar com as autoridades governamentais na testagem das misturas, reivindicando que o Brasil inicie o processo para aumentar a mistura de biodiesel, considerando que j\u00e1 deveria ter avan\u00e7ado para 16%.<\/p>\n<p>A proposta de elevar a mistura traz n\u00e3o apenas vantagens econ\u00f4micas, mas tamb\u00e9m impactos sociais significativos. Para os motoristas, um biodiesel mais presente nos combust\u00edveis pode significar maior estabilidade nos pre\u00e7os, evitando as oscila\u00e7\u00f5es abruptas que frequentemente afetam os combust\u00edveis f\u00f3sseis devido \u00e0 volatilidade do mercado internacional. Isso se traduz em menores custos para o transporte e pre\u00e7os mais justos para o consumidor final.<\/p>\n<p>Andr\u00e9 Nassar, da ABIOVE, ressalta que o aumento para 16% de biodiesel contribui para a seguran\u00e7a energ\u00e9tica do pa\u00eds, criando um cen\u00e1rio de previsibilidade tanto para a cadeia automotiva quanto para a de combust\u00edveis. Essa estabilidade \u00e9 crucial em tempos de incertezas geopol\u00edticas, como as vividas atualmente.<\/p>\n<p>Al\u00e9m disso, um grupo de 43 entidades do agroneg\u00f3cio j\u00e1 defende a implanta\u00e7\u00e3o imediata do B17, com 17% de biodiesel. Essa iniciativa n\u00e3o apenas fortaleceria a ind\u00fastria nacional, mas tamb\u00e9m reduziria a press\u00e3o sobre os pre\u00e7os dos combust\u00edveis, um aspecto vital para a mobilidade no Brasil, onde o transporte rodovi\u00e1rio \u00e9 predominante.<\/p>\n<p>Entretanto, h\u00e1 preocupa\u00e7\u00f5es quanto a pol\u00edticas que tentam manter a depend\u00eancia do diesel f\u00f3ssil, como a recente MP n\u00ba 1.340. A Frente Parlamentar do Biodiesel argumenta que essas medidas desviam recursos que poderiam ser investidos em alternativas renov\u00e1veis e sustent\u00e1veis, perpetuando um modelo poluente e vol\u00e1til.<\/p>\n<p>Com a capacidade ociosa das ind\u00fastrias de biodiesel estimada em 50%, o Brasil possui uma oportunidade \u00fanica de expandir rapidamente essa fonte de energia, assegurando uma transi\u00e7\u00e3o mais suave e sustent\u00e1vel. A manuten\u00e7\u00e3o de um regime fiscal favor\u00e1vel ao biodiesel, conforme a Constitui\u00e7\u00e3o, \u00e9 um passo essencial nessa dire\u00e7\u00e3o.<\/p>\n<p>Por fim, a efetiva implementa\u00e7\u00e3o do aumento da mistura de biodiesel no diesel pode n\u00e3o apenas combater os efeitos da crise internacional, mas tamb\u00e9m posicionar o Brasil como um l\u00edder em inova\u00e7\u00e3o e sustentabilidade no setor de combust\u00edveis. Para os motoristas e para a mobilidade geral, essa pode ser uma solu\u00e7\u00e3o vi\u00e1vel e necess\u00e1ria, promovendo n\u00e3o apenas o fortalecimento da economia, mas tamb\u00e9m a constru\u00e7\u00e3o de um futuro mais limpo e respons\u00e1vel.<\/p>\n<p><strong>Fonte: motorista<\/strong><\/p>\n","protected":false},"excerpt":{"rendered":"<p>A Eleva\u00e7\u00e3o do Biodiesel no Diesel: Uma Estrat\u00e9gia para Mitigar Efeitos da Guerra no Ir\u00e3 A recente forma\u00e7\u00e3o da Alian\u00e7a Biodiesel, composta pelas associa\u00e7\u00f5es Abiove e Aprobio, trouxe \u00e0 tona a proposta de aumentar a mistura de biodiesel no diesel convencional como uma forma de lidar com a crise de abastecimento de combust\u00edveis provocada pela &hellip;<\/p>\n","protected":false},"author":4,"featured_media":7753,"comment_status":"","ping_status":"open","sticky":false,"template":"","format":"standard","meta":{"footnotes":""},"categories":[78,77],"tags":[],"coauthors":[42],"class_list":["post-7752","post","type-post","status-publish","format-standard","has-post-thumbnail","hentry","category-carreteiro","category-motorista"],"yoast_head":"<!-- This site is optimized with the Yoast SEO Premium plugin v25.5 (Yoast SEO v27.5) - https:\/\/yoast.com\/product\/yoast-seo-premium-wordpress\/ -->\n<title>Associa\u00e7\u00e3o sugere aumentar biodiesel no diesel para conter alta de pre\u00e7os devido \u00e0 guerra no Ir\u00e3 - Motorista.com.br<\/title>\n<meta name=\"robots\" content=\"index, follow, max-snippet:-1, max-image-preview:large, max-video-preview:-1\" \/>\n<link rel=\"canonical\" href=\"https:\/\/motorista.com.br\/noticias\/2026\/03\/15\/associacao-sugere-aumentar-biodiesel-no-diesel-para-conter-alta-de-precos-devido-a-guerra-no-ira\/\" \/>\n<meta property=\"og:locale\" content=\"pt_BR\" \/>\n<meta property=\"og:type\" content=\"article\" \/>\n<meta property=\"og:title\" content=\"Associa\u00e7\u00e3o sugere aumentar biodiesel no diesel para conter alta de pre\u00e7os devido \u00e0 guerra no Ir\u00e3\" \/>\n<meta property=\"og:description\" content=\"A Eleva\u00e7\u00e3o do Biodiesel no Diesel: Uma Estrat\u00e9gia para Mitigar Efeitos da Guerra no Ir\u00e3 A recente forma\u00e7\u00e3o da Alian\u00e7a Biodiesel, composta pelas associa\u00e7\u00f5es Abiove e Aprobio, trouxe \u00e0 tona a proposta de aumentar a mistura de biodiesel no diesel convencional como uma forma de lidar com a crise de abastecimento de combust\u00edveis provocada pela &hellip;\" \/>\n<meta property=\"og:url\" content=\"https:\/\/motorista.com.br\/noticias\/2026\/03\/15\/associacao-sugere-aumentar-biodiesel-no-diesel-para-conter-alta-de-precos-devido-a-guerra-no-ira\/\" \/>\n<meta property=\"og:site_name\" content=\"Motorista.com.br\" \/>\n<meta property=\"article:published_time\" content=\"2026-03-15T04:20:05+00:00\" \/>\n<meta name=\"author\" content=\"Equipe Reda\u00e7\u00e3o\" \/>\n<meta name=\"twitter:card\" content=\"summary_large_image\" \/>\n<meta name=\"twitter:label1\" content=\"Escrito por\" \/>\n\t<meta name=\"twitter:data1\" content=\"Equipe Reda\u00e7\u00e3o\" \/>\n\t<meta name=\"twitter:label2\" content=\"Est. tempo de leitura\" \/>\n\t<meta name=\"twitter:data2\" content=\"3 minutos\" \/>\n\t<meta name=\"twitter:label3\" content=\"Written by\" \/>\n\t<meta name=\"twitter:data3\" content=\"Equipe Reda\u00e7\u00e3o\" \/>\n<script type=\"application\/ld+json\" class=\"yoast-schema-graph\">{\"@context\":\"https:\\\/\\\/schema.org\",\"@graph\":[{\"@type\":\"Article\",\"@id\":\"https:\\\/\\\/motorista.com.br\\\/noticias\\\/2026\\\/03\\\/15\\\/associacao-sugere-aumentar-biodiesel-no-diesel-para-conter-alta-de-precos-devido-a-guerra-no-ira\\\/#article\",\"isPartOf\":{\"@id\":\"https:\\\/\\\/motorista.com.br\\\/noticias\\\/2026\\\/03\\\/15\\\/associacao-sugere-aumentar-biodiesel-no-diesel-para-conter-alta-de-precos-devido-a-guerra-no-ira\\\/\"},\"author\":{\"name\":\"Equipe Reda\u00e7\u00e3o\",\"@id\":\"https:\\\/\\\/motorista.com.br\\\/noticias\\\/#\\\/schema\\\/person\\\/dc93afc2981c0e3ce6bc3c053fd847be\"},\"headline\":\"Associa\u00e7\u00e3o sugere aumentar biodiesel no diesel para conter alta de pre\u00e7os devido \u00e0 guerra no Ir\u00e3\",\"datePublished\":\"2026-03-15T04:20:05+00:00\",\"mainEntityOfPage\":{\"@id\":\"https:\\\/\\\/motorista.com.br\\\/noticias\\\/2026\\\/03\\\/15\\\/associacao-sugere-aumentar-biodiesel-no-diesel-para-conter-alta-de-precos-devido-a-guerra-no-ira\\\/\"},\"wordCount\":560,\"publisher\":{\"@id\":\"https:\\\/\\\/motorista.com.br\\\/noticias\\\/#organization\"},\"image\":{\"@id\":\"https:\\\/\\\/motorista.com.br\\\/noticias\\\/2026\\\/03\\\/15\\\/associacao-sugere-aumentar-biodiesel-no-diesel-para-conter-alta-de-precos-devido-a-guerra-no-ira\\\/#primaryimage\"},\"thumbnailUrl\":\"https:\\\/\\\/motorista.com.br\\\/noticias\\\/wp-content\\\/uploads\\\/2026\\\/03\\\/abastecimento-caminhao-diesel-biodiesel.jpg\",\"articleSection\":[\"Carreteiro\",\"Motorista\"],\"inLanguage\":\"pt-BR\"},{\"@type\":\"WebPage\",\"@id\":\"https:\\\/\\\/motorista.com.br\\\/noticias\\\/2026\\\/03\\\/15\\\/associacao-sugere-aumentar-biodiesel-no-diesel-para-conter-alta-de-precos-devido-a-guerra-no-ira\\\/\",\"url\":\"https:\\\/\\\/motorista.com.br\\\/noticias\\\/2026\\\/03\\\/15\\\/associacao-sugere-aumentar-biodiesel-no-diesel-para-conter-alta-de-precos-devido-a-guerra-no-ira\\\/\",\"name\":\"Associa\u00e7\u00e3o sugere aumentar biodiesel no diesel para conter alta de pre\u00e7os devido \u00e0 guerra no Ir\u00e3 - Motorista.com.br\",\"isPartOf\":{\"@id\":\"https:\\\/\\\/motorista.com.br\\\/noticias\\\/#website\"},\"primaryImageOfPage\":{\"@id\":\"https:\\\/\\\/motorista.com.br\\\/noticias\\\/2026\\\/03\\\/15\\\/associacao-sugere-aumentar-biodiesel-no-diesel-para-conter-alta-de-precos-devido-a-guerra-no-ira\\\/#primaryimage\"},\"image\":{\"@id\":\"https:\\\/\\\/motorista.com.br\\\/noticias\\\/2026\\\/03\\\/15\\\/associacao-sugere-aumentar-biodiesel-no-diesel-para-conter-alta-de-precos-devido-a-guerra-no-ira\\\/#primaryimage\"},\"thumbnailUrl\":\"https:\\\/\\\/motorista.com.br\\\/noticias\\\/wp-content\\\/uploads\\\/2026\\\/03\\\/abastecimento-caminhao-diesel-biodiesel.jpg\",\"datePublished\":\"2026-03-15T04:20:05+00:00\",\"breadcrumb\":{\"@id\":\"https:\\\/\\\/motorista.com.br\\\/noticias\\\/2026\\\/03\\\/15\\\/associacao-sugere-aumentar-biodiesel-no-diesel-para-conter-alta-de-precos-devido-a-guerra-no-ira\\\/#breadcrumb\"},\"inLanguage\":\"pt-BR\",\"potentialAction\":[{\"@type\":\"ReadAction\",\"target\":[\"https:\\\/\\\/motorista.com.br\\\/noticias\\\/2026\\\/03\\\/15\\\/associacao-sugere-aumentar-biodiesel-no-diesel-para-conter-alta-de-precos-devido-a-guerra-no-ira\\\/\"]}]},{\"@type\":\"ImageObject\",\"inLanguage\":\"pt-BR\",\"@id\":\"https:\\\/\\\/motorista.com.br\\\/noticias\\\/2026\\\/03\\\/15\\\/associacao-sugere-aumentar-biodiesel-no-diesel-para-conter-alta-de-precos-devido-a-guerra-no-ira\\\/#primaryimage\",\"url\":\"https:\\\/\\\/motorista.com.br\\\/noticias\\\/wp-content\\\/uploads\\\/2026\\\/03\\\/abastecimento-caminhao-diesel-biodiesel.jpg\",\"contentUrl\":\"https:\\\/\\\/motorista.com.br\\\/noticias\\\/wp-content\\\/uploads\\\/2026\\\/03\\\/abastecimento-caminhao-diesel-biodiesel.jpg\",\"width\":1200,\"height\":809},{\"@type\":\"BreadcrumbList\",\"@id\":\"https:\\\/\\\/motorista.com.br\\\/noticias\\\/2026\\\/03\\\/15\\\/associacao-sugere-aumentar-biodiesel-no-diesel-para-conter-alta-de-precos-devido-a-guerra-no-ira\\\/#breadcrumb\",\"itemListElement\":[{\"@type\":\"ListItem\",\"position\":1,\"name\":\"In\u00edcio\",\"item\":\"https:\\\/\\\/motorista.com.br\\\/noticias\\\/\"},{\"@type\":\"ListItem\",\"position\":2,\"name\":\"Associa\u00e7\u00e3o sugere aumentar biodiesel no diesel para conter alta de pre\u00e7os devido \u00e0 guerra no Ir\u00e3\"}]},{\"@type\":\"WebSite\",\"@id\":\"https:\\\/\\\/motorista.com.br\\\/noticias\\\/#website\",\"url\":\"https:\\\/\\\/motorista.com.br\\\/noticias\\\/\",\"name\":\"Motorista.com.br\",\"description\":\"Not\u00edcia do Motorista\",\"publisher\":{\"@id\":\"https:\\\/\\\/motorista.com.br\\\/noticias\\\/#organization\"},\"potentialAction\":[{\"@type\":\"SearchAction\",\"target\":{\"@type\":\"EntryPoint\",\"urlTemplate\":\"https:\\\/\\\/motorista.com.br\\\/noticias\\\/?s={search_term_string}\"},\"query-input\":{\"@type\":\"PropertyValueSpecification\",\"valueRequired\":true,\"valueName\":\"search_term_string\"}}],\"inLanguage\":\"pt-BR\"},{\"@type\":\"Organization\",\"@id\":\"https:\\\/\\\/motorista.com.br\\\/noticias\\\/#organization\",\"name\":\"Motorista.com.br\",\"url\":\"https:\\\/\\\/motorista.com.br\\\/noticias\\\/\",\"logo\":{\"@type\":\"ImageObject\",\"inLanguage\":\"pt-BR\",\"@id\":\"https:\\\/\\\/motorista.com.br\\\/noticias\\\/#\\\/schema\\\/logo\\\/image\\\/\",\"url\":\"https:\\\/\\\/motorista.com.br\\\/noticias\\\/wp-content\\\/uploads\\\/2025\\\/06\\\/Design-sem-nome-9.png\",\"contentUrl\":\"https:\\\/\\\/motorista.com.br\\\/noticias\\\/wp-content\\\/uploads\\\/2025\\\/06\\\/Design-sem-nome-9.png\",\"width\":150,\"height\":85,\"caption\":\"Motorista.com.br\"},\"image\":{\"@id\":\"https:\\\/\\\/motorista.com.br\\\/noticias\\\/#\\\/schema\\\/logo\\\/image\\\/\"}},{\"@type\":\"Person\",\"@id\":\"https:\\\/\\\/motorista.com.br\\\/noticias\\\/#\\\/schema\\\/person\\\/dc93afc2981c0e3ce6bc3c053fd847be\",\"name\":\"Equipe Reda\u00e7\u00e3o\",\"image\":{\"@type\":\"ImageObject\",\"inLanguage\":\"pt-BR\",\"@id\":\"https:\\\/\\\/secure.gravatar.com\\\/avatar\\\/4f525efbf18dd2bb300ccad28bfb99d95a9465a5ba268407c8c37b37e1f28d2d?s=96&d=mm&r=g9e099043a0c61e9ae27e293b9fa75ffc\",\"url\":\"https:\\\/\\\/secure.gravatar.com\\\/avatar\\\/4f525efbf18dd2bb300ccad28bfb99d95a9465a5ba268407c8c37b37e1f28d2d?s=96&d=mm&r=g\",\"contentUrl\":\"https:\\\/\\\/secure.gravatar.com\\\/avatar\\\/4f525efbf18dd2bb300ccad28bfb99d95a9465a5ba268407c8c37b37e1f28d2d?s=96&d=mm&r=g\",\"caption\":\"Equipe Reda\u00e7\u00e3o\"},\"description\":\"Equipe de reda\u00e7\u00e3o \u00e9 um grupo de profissionais que trabalham juntos para criar conte\u00fado escrito para Motorista.com.br\",\"url\":\"https:\\\/\\\/motorista.com.br\\\/noticias\\\/author\\\/equiperedacao\\\/\"}]}<\/script>\n<!-- \/ Yoast SEO Premium plugin. -->","yoast_head_json":{"title":"Associa\u00e7\u00e3o sugere aumentar biodiesel no diesel para conter alta de pre\u00e7os devido \u00e0 guerra no Ir\u00e3 - Motorista.com.br","robots":{"index":"index","follow":"follow","max-snippet":"max-snippet:-1","max-image-preview":"max-image-preview:large","max-video-preview":"max-video-preview:-1"},"canonical":"https:\/\/motorista.com.br\/noticias\/2026\/03\/15\/associacao-sugere-aumentar-biodiesel-no-diesel-para-conter-alta-de-precos-devido-a-guerra-no-ira\/","og_locale":"pt_BR","og_type":"article","og_title":"Associa\u00e7\u00e3o sugere aumentar biodiesel no diesel para conter alta de pre\u00e7os devido \u00e0 guerra no Ir\u00e3","og_description":"A Eleva\u00e7\u00e3o do Biodiesel no Diesel: Uma Estrat\u00e9gia para Mitigar Efeitos da Guerra no Ir\u00e3 A recente forma\u00e7\u00e3o da Alian\u00e7a Biodiesel, composta pelas associa\u00e7\u00f5es Abiove e Aprobio, trouxe \u00e0 tona a proposta de aumentar a mistura de biodiesel no diesel convencional como uma forma de lidar com a crise de abastecimento de combust\u00edveis provocada pela &hellip;","og_url":"https:\/\/motorista.com.br\/noticias\/2026\/03\/15\/associacao-sugere-aumentar-biodiesel-no-diesel-para-conter-alta-de-precos-devido-a-guerra-no-ira\/","og_site_name":"Motorista.com.br","article_published_time":"2026-03-15T04:20:05+00:00","author":"Equipe Reda\u00e7\u00e3o","twitter_card":"summary_large_image","twitter_misc":{"Escrito por":"Equipe Reda\u00e7\u00e3o","Est. tempo de leitura":"3 minutos","Written by":"Equipe Reda\u00e7\u00e3o"},"schema":{"@context":"https:\/\/schema.org","@graph":[{"@type":"Article","@id":"https:\/\/motorista.com.br\/noticias\/2026\/03\/15\/associacao-sugere-aumentar-biodiesel-no-diesel-para-conter-alta-de-precos-devido-a-guerra-no-ira\/#article","isPartOf":{"@id":"https:\/\/motorista.com.br\/noticias\/2026\/03\/15\/associacao-sugere-aumentar-biodiesel-no-diesel-para-conter-alta-de-precos-devido-a-guerra-no-ira\/"},"author":{"name":"Equipe Reda\u00e7\u00e3o","@id":"https:\/\/motorista.com.br\/noticias\/#\/schema\/person\/dc93afc2981c0e3ce6bc3c053fd847be"},"headline":"Associa\u00e7\u00e3o sugere aumentar biodiesel no diesel para conter alta de pre\u00e7os devido \u00e0 guerra no Ir\u00e3","datePublished":"2026-03-15T04:20:05+00:00","mainEntityOfPage":{"@id":"https:\/\/motorista.com.br\/noticias\/2026\/03\/15\/associacao-sugere-aumentar-biodiesel-no-diesel-para-conter-alta-de-precos-devido-a-guerra-no-ira\/"},"wordCount":560,"publisher":{"@id":"https:\/\/motorista.com.br\/noticias\/#organization"},"image":{"@id":"https:\/\/motorista.com.br\/noticias\/2026\/03\/15\/associacao-sugere-aumentar-biodiesel-no-diesel-para-conter-alta-de-precos-devido-a-guerra-no-ira\/#primaryimage"},"thumbnailUrl":"https:\/\/motorista.com.br\/noticias\/wp-content\/uploads\/2026\/03\/abastecimento-caminhao-diesel-biodiesel.jpg","articleSection":["Carreteiro","Motorista"],"inLanguage":"pt-BR"},{"@type":"WebPage","@id":"https:\/\/motorista.com.br\/noticias\/2026\/03\/15\/associacao-sugere-aumentar-biodiesel-no-diesel-para-conter-alta-de-precos-devido-a-guerra-no-ira\/","url":"https:\/\/motorista.com.br\/noticias\/2026\/03\/15\/associacao-sugere-aumentar-biodiesel-no-diesel-para-conter-alta-de-precos-devido-a-guerra-no-ira\/","name":"Associa\u00e7\u00e3o sugere aumentar biodiesel no diesel para conter alta de pre\u00e7os devido \u00e0 guerra no Ir\u00e3 - Motorista.com.br","isPartOf":{"@id":"https:\/\/motorista.com.br\/noticias\/#website"},"primaryImageOfPage":{"@id":"https:\/\/motorista.com.br\/noticias\/2026\/03\/15\/associacao-sugere-aumentar-biodiesel-no-diesel-para-conter-alta-de-precos-devido-a-guerra-no-ira\/#primaryimage"},"image":{"@id":"https:\/\/motorista.com.br\/noticias\/2026\/03\/15\/associacao-sugere-aumentar-biodiesel-no-diesel-para-conter-alta-de-precos-devido-a-guerra-no-ira\/#primaryimage"},"thumbnailUrl":"https:\/\/motorista.com.br\/noticias\/wp-content\/uploads\/2026\/03\/abastecimento-caminhao-diesel-biodiesel.jpg","datePublished":"2026-03-15T04:20:05+00:00","breadcrumb":{"@id":"https:\/\/motorista.com.br\/noticias\/2026\/03\/15\/associacao-sugere-aumentar-biodiesel-no-diesel-para-conter-alta-de-precos-devido-a-guerra-no-ira\/#breadcrumb"},"inLanguage":"pt-BR","potentialAction":[{"@type":"ReadAction","target":["https:\/\/motorista.com.br\/noticias\/2026\/03\/15\/associacao-sugere-aumentar-biodiesel-no-diesel-para-conter-alta-de-precos-devido-a-guerra-no-ira\/"]}]},{"@type":"ImageObject","inLanguage":"pt-BR","@id":"https:\/\/motorista.com.br\/noticias\/2026\/03\/15\/associacao-sugere-aumentar-biodiesel-no-diesel-para-conter-alta-de-precos-devido-a-guerra-no-ira\/#primaryimage","url":"https:\/\/motorista.com.br\/noticias\/wp-content\/uploads\/2026\/03\/abastecimento-caminhao-diesel-biodiesel.jpg","contentUrl":"https:\/\/motorista.com.br\/noticias\/wp-content\/uploads\/2026\/03\/abastecimento-caminhao-diesel-biodiesel.jpg","width":1200,"height":809},{"@type":"BreadcrumbList","@id":"https:\/\/motorista.com.br\/noticias\/2026\/03\/15\/associacao-sugere-aumentar-biodiesel-no-diesel-para-conter-alta-de-precos-devido-a-guerra-no-ira\/#breadcrumb","itemListElement":[{"@type":"ListItem","position":1,"name":"In\u00edcio","item":"https:\/\/motorista.com.br\/noticias\/"},{"@type":"ListItem","position":2,"name":"Associa\u00e7\u00e3o sugere aumentar biodiesel no diesel para conter alta de pre\u00e7os devido \u00e0 guerra no Ir\u00e3"}]},{"@type":"WebSite","@id":"https:\/\/motorista.com.br\/noticias\/#website","url":"https:\/\/motorista.com.br\/noticias\/","name":"Motorista.com.br","description":"Not\u00edcia do Motorista","publisher":{"@id":"https:\/\/motorista.com.br\/noticias\/#organization"},"potentialAction":[{"@type":"SearchAction","target":{"@type":"EntryPoint","urlTemplate":"https:\/\/motorista.com.br\/noticias\/?s={search_term_string}"},"query-input":{"@type":"PropertyValueSpecification","valueRequired":true,"valueName":"search_term_string"}}],"inLanguage":"pt-BR"},{"@type":"Organization","@id":"https:\/\/motorista.com.br\/noticias\/#organization","name":"Motorista.com.br","url":"https:\/\/motorista.com.br\/noticias\/","logo":{"@type":"ImageObject","inLanguage":"pt-BR","@id":"https:\/\/motorista.com.br\/noticias\/#\/schema\/logo\/image\/","url":"https:\/\/motorista.com.br\/noticias\/wp-content\/uploads\/2025\/06\/Design-sem-nome-9.png","contentUrl":"https:\/\/motorista.com.br\/noticias\/wp-content\/uploads\/2025\/06\/Design-sem-nome-9.png","width":150,"height":85,"caption":"Motorista.com.br"},"image":{"@id":"https:\/\/motorista.com.br\/noticias\/#\/schema\/logo\/image\/"}},{"@type":"Person","@id":"https:\/\/motorista.com.br\/noticias\/#\/schema\/person\/dc93afc2981c0e3ce6bc3c053fd847be","name":"Equipe Reda\u00e7\u00e3o","image":{"@type":"ImageObject","inLanguage":"pt-BR","@id":"https:\/\/secure.gravatar.com\/avatar\/4f525efbf18dd2bb300ccad28bfb99d95a9465a5ba268407c8c37b37e1f28d2d?s=96&d=mm&r=g9e099043a0c61e9ae27e293b9fa75ffc","url":"https:\/\/secure.gravatar.com\/avatar\/4f525efbf18dd2bb300ccad28bfb99d95a9465a5ba268407c8c37b37e1f28d2d?s=96&d=mm&r=g","contentUrl":"https:\/\/secure.gravatar.com\/avatar\/4f525efbf18dd2bb300ccad28bfb99d95a9465a5ba268407c8c37b37e1f28d2d?s=96&d=mm&r=g","caption":"Equipe Reda\u00e7\u00e3o"},"description":"Equipe de reda\u00e7\u00e3o \u00e9 um grupo de profissionais que trabalham juntos para criar conte\u00fado escrito para Motorista.com.br","url":"https:\/\/motorista.com.br\/noticias\/author\/equiperedacao\/"}]}},"_links":{"self":[{"href":"https:\/\/motorista.com.br\/noticias\/wp-json\/wp\/v2\/posts\/7752","targetHints":{"allow":["GET"]}}],"collection":[{"href":"https:\/\/motorista.com.br\/noticias\/wp-json\/wp\/v2\/posts"}],"about":[{"href":"https:\/\/motorista.com.br\/noticias\/wp-json\/wp\/v2\/types\/post"}],"author":[{"embeddable":true,"href":"https:\/\/motorista.com.br\/noticias\/wp-json\/wp\/v2\/users\/4"}],"replies":[{"embeddable":true,"href":"https:\/\/motorista.com.br\/noticias\/wp-json\/wp\/v2\/comments?post=7752"}],"version-history":[{"count":0,"href":"https:\/\/motorista.com.br\/noticias\/wp-json\/wp\/v2\/posts\/7752\/revisions"}],"wp:featuredmedia":[{"embeddable":true,"href":"https:\/\/motorista.com.br\/noticias\/wp-json\/wp\/v2\/media\/7753"}],"wp:attachment":[{"href":"https:\/\/motorista.com.br\/noticias\/wp-json\/wp\/v2\/media?parent=7752"}],"wp:term":[{"taxonomy":"category","embeddable":true,"href":"https:\/\/motorista.com.br\/noticias\/wp-json\/wp\/v2\/categories?post=7752"},{"taxonomy":"post_tag","embeddable":true,"href":"https:\/\/motorista.com.br\/noticias\/wp-json\/wp\/v2\/tags?post=7752"},{"taxonomy":"author","embeddable":true,"href":"https:\/\/motorista.com.br\/noticias\/wp-json\/wp\/v2\/coauthors?post=7752"}],"curies":[{"name":"wp","href":"https:\/\/api.w.org\/{rel}","templated":true}]}}