{"id":7744,"date":"2026-03-14T17:38:11","date_gmt":"2026-03-14T20:38:11","guid":{"rendered":"https:\/\/motorista.com.br\/noticias\/2026\/03\/14\/combustivel-sustentavel-se-expande-nota-de-logistica\/"},"modified":"2026-03-14T17:38:11","modified_gmt":"2026-03-14T20:38:11","slug":"combustivel-sustentavel-se-expande-nota-de-logistica","status":"publish","type":"post","link":"https:\/\/motorista.com.br\/noticias\/2026\/03\/14\/combustivel-sustentavel-se-expande-nota-de-logistica\/","title":{"rendered":"Combust\u00edvel sustent\u00e1vel se expande &#8211; Nota de Log\u00edstica"},"content":{"rendered":"<p><\/p>\n<h3>Combust\u00edvel sustent\u00e1vel ganha escala<\/h3>\n<p>A Honeywell anunciou uma parceria com a Verso Energy para implementar sua tecnologia de processamento metanol-para-querosene eFining&#x2122; em sete plantas localizadas na Fran\u00e7a, Finl\u00e2ndia e Estados Unidos. Essa inova\u00e7\u00e3o visa aumentar a produ\u00e7\u00e3o de combust\u00edvel sustent\u00e1vel de avia\u00e7\u00e3o sint\u00e9tico (eSAF), parte da estrat\u00e9gia da Verso Energy para oferecer combust\u00edveis de baixo carbono.<\/p>\n<p>O uso da tecnologia prometida n\u00e3o s\u00f3 reduz os custos e acelera a implementa\u00e7\u00e3o, mas tamb\u00e9m amplia significativamente a capacidade global de produ\u00e7\u00e3o de SAF. O processo eFining utiliza di\u00f3xido de carbono de fontes biol\u00f3gicas, energia renov\u00e1vel e hidrog\u00eanio, gerando eFuels que podem ser integrados \u00e0 infraestrutura atual do setor a\u00e9reo. Essa facilidade em mesclar o eSAF com combust\u00edveis convencionais elimina a necessidade de adapta\u00e7\u00f5es em aeronaves e sistemas de abastecimento.<\/p>\n<p>Os impactos dessa tecnologia s\u00e3o relevantes n\u00e3o apenas para a ind\u00fastria da avia\u00e7\u00e3o, mas tamb\u00e9m para os motoristas. A redu\u00e7\u00e3o de at\u00e9 88% nas emiss\u00f5es de gases de efeito estufa em compara\u00e7\u00e3o com combust\u00edveis tradicionais representa um avan\u00e7o significativo na luta contra as mudan\u00e7as clim\u00e1ticas. Essa transforma\u00e7\u00e3o no setor a\u00e9reo ecoa em outras \u00e1reas de mobilidade, incentivando o desenvolvimento de tecnologias sustent\u00e1veis que podem ser aplicadas em ve\u00edculos terrestres. A transi\u00e7\u00e3o para combust\u00edveis mais limpos poderia inspirar investimentos em alternativas sustent\u00e1veis para carros e caminh\u00f5es, contribuindo para uma mobilidade geral mais ecol\u00f3gica.<\/p>\n<p>Expectativas indicam que as novas plantas poder\u00e3o produzir juntas cerca de 200 milh\u00f5es de gal\u00f5es de eSAF anualmente. Com a demanda crescente, especialmente devido \u00e0 iniciativa ReFuel EU, que estipula que pelo menos 35% do combust\u00edvel de avia\u00e7\u00e3o na Uni\u00e3o Europeia deve ser eSAF at\u00e9 2050, o potencial \u00e9 enorme.<\/p>\n<p>Barry Glickman, vice-presidente de Energia de Baixo Carbono da Honeywell, destaca que as inova\u00e7\u00f5es no portf\u00f3lio de tecnologias SAF enfrentam os desafios de custo e disponibilidade de mat\u00e9ria-prima na produ\u00e7\u00e3o de combust\u00edveis renov\u00e1veis. Os primeiros projetos da Verso Energy, que contam com recursos do Fundo de Inova\u00e7\u00e3o da Uni\u00e3o Europeia, t\u00eam como destaque as iniciativas DEZiR e ReSTart, que devem ser as primeiras instala\u00e7\u00f5es de grande escala na Europa dedicadas exclusivamente \u00e0 produ\u00e7\u00e3o de eSAF, previstas para operar a partir de 2030.<\/p>\n<p>Com cada passo rumo a um futuro mais sustent\u00e1vel, motoristas e passageiros podem se beneficiar de um clima mais limpo e saud\u00e1vel, e as inova\u00e7\u00f5es em combust\u00edveis sustent\u00e1veis t\u00eam tudo para redefinir a mobilidade global.<\/p>\n<p><strong>Fonte: Carta de Log\u00edstica<\/strong><\/p>\n","protected":false},"excerpt":{"rendered":"<p>Combust\u00edvel sustent\u00e1vel ganha escala A Honeywell anunciou uma parceria com a Verso Energy para implementar sua tecnologia de processamento metanol-para-querosene eFining&#x2122; em sete plantas localizadas na Fran\u00e7a, Finl\u00e2ndia e Estados Unidos. Essa inova\u00e7\u00e3o visa aumentar a produ\u00e7\u00e3o de combust\u00edvel sustent\u00e1vel de avia\u00e7\u00e3o sint\u00e9tico (eSAF), parte da estrat\u00e9gia da Verso Energy para oferecer combust\u00edveis de baixo &hellip;<\/p>\n","protected":false},"author":4,"featured_media":7745,"comment_status":"","ping_status":"open","sticky":false,"template":"","format":"standard","meta":{"footnotes":""},"categories":[62],"tags":[],"coauthors":[42],"class_list":["post-7744","post","type-post","status-publish","format-standard","has-post-thumbnail","hentry","category-logistica"],"yoast_head":"<!-- This site is optimized with the Yoast SEO Premium plugin v25.5 (Yoast SEO v27.5) - https:\/\/yoast.com\/product\/yoast-seo-premium-wordpress\/ -->\n<title>Combust\u00edvel sustent\u00e1vel se expande - Nota de Log\u00edstica - Motorista.com.br<\/title>\n<meta name=\"robots\" content=\"index, follow, max-snippet:-1, max-image-preview:large, max-video-preview:-1\" \/>\n<link rel=\"canonical\" href=\"https:\/\/motorista.com.br\/noticias\/2026\/03\/14\/combustivel-sustentavel-se-expande-nota-de-logistica\/\" \/>\n<meta property=\"og:locale\" content=\"pt_BR\" \/>\n<meta property=\"og:type\" content=\"article\" \/>\n<meta property=\"og:title\" content=\"Combust\u00edvel sustent\u00e1vel se expande - Nota de Log\u00edstica\" \/>\n<meta property=\"og:description\" content=\"Combust\u00edvel sustent\u00e1vel ganha escala A Honeywell anunciou uma parceria com a Verso Energy para implementar sua tecnologia de processamento metanol-para-querosene eFining&#x2122; em sete plantas localizadas na Fran\u00e7a, Finl\u00e2ndia e Estados Unidos. Essa inova\u00e7\u00e3o visa aumentar a produ\u00e7\u00e3o de combust\u00edvel sustent\u00e1vel de avia\u00e7\u00e3o sint\u00e9tico (eSAF), parte da estrat\u00e9gia da Verso Energy para oferecer combust\u00edveis de baixo &hellip;\" \/>\n<meta property=\"og:url\" content=\"https:\/\/motorista.com.br\/noticias\/2026\/03\/14\/combustivel-sustentavel-se-expande-nota-de-logistica\/\" \/>\n<meta property=\"og:site_name\" content=\"Motorista.com.br\" \/>\n<meta property=\"article:published_time\" content=\"2026-03-14T20:38:11+00:00\" \/>\n<meta name=\"author\" content=\"Equipe Reda\u00e7\u00e3o\" \/>\n<meta name=\"twitter:card\" content=\"summary_large_image\" \/>\n<meta name=\"twitter:label1\" content=\"Escrito por\" \/>\n\t<meta name=\"twitter:data1\" content=\"Equipe Reda\u00e7\u00e3o\" \/>\n\t<meta name=\"twitter:label2\" content=\"Est. tempo de leitura\" \/>\n\t<meta name=\"twitter:data2\" content=\"2 minutos\" \/>\n\t<meta name=\"twitter:label3\" content=\"Written by\" \/>\n\t<meta name=\"twitter:data3\" content=\"Equipe Reda\u00e7\u00e3o\" \/>\n<script type=\"application\/ld+json\" class=\"yoast-schema-graph\">{\"@context\":\"https:\\\/\\\/schema.org\",\"@graph\":[{\"@type\":\"Article\",\"@id\":\"https:\\\/\\\/motorista.com.br\\\/noticias\\\/2026\\\/03\\\/14\\\/combustivel-sustentavel-se-expande-nota-de-logistica\\\/#article\",\"isPartOf\":{\"@id\":\"https:\\\/\\\/motorista.com.br\\\/noticias\\\/2026\\\/03\\\/14\\\/combustivel-sustentavel-se-expande-nota-de-logistica\\\/\"},\"author\":{\"name\":\"Equipe Reda\u00e7\u00e3o\",\"@id\":\"https:\\\/\\\/motorista.com.br\\\/noticias\\\/#\\\/schema\\\/person\\\/dc93afc2981c0e3ce6bc3c053fd847be\"},\"headline\":\"Combust\u00edvel sustent\u00e1vel se expande &#8211; Nota de Log\u00edstica\",\"datePublished\":\"2026-03-14T20:38:11+00:00\",\"mainEntityOfPage\":{\"@id\":\"https:\\\/\\\/motorista.com.br\\\/noticias\\\/2026\\\/03\\\/14\\\/combustivel-sustentavel-se-expande-nota-de-logistica\\\/\"},\"wordCount\":461,\"publisher\":{\"@id\":\"https:\\\/\\\/motorista.com.br\\\/noticias\\\/#organization\"},\"image\":{\"@id\":\"https:\\\/\\\/motorista.com.br\\\/noticias\\\/2026\\\/03\\\/14\\\/combustivel-sustentavel-se-expande-nota-de-logistica\\\/#primaryimage\"},\"thumbnailUrl\":\"https:\\\/\\\/motorista.com.br\\\/noticias\\\/wp-content\\\/uploads\\\/2026\\\/03\\\/ID-CL-1000-px-x-830-px-Combustivel.png\",\"articleSection\":[\"Log\u00edstica\"],\"inLanguage\":\"pt-BR\"},{\"@type\":\"WebPage\",\"@id\":\"https:\\\/\\\/motorista.com.br\\\/noticias\\\/2026\\\/03\\\/14\\\/combustivel-sustentavel-se-expande-nota-de-logistica\\\/\",\"url\":\"https:\\\/\\\/motorista.com.br\\\/noticias\\\/2026\\\/03\\\/14\\\/combustivel-sustentavel-se-expande-nota-de-logistica\\\/\",\"name\":\"Combust\u00edvel sustent\u00e1vel se expande - Nota de Log\u00edstica - Motorista.com.br\",\"isPartOf\":{\"@id\":\"https:\\\/\\\/motorista.com.br\\\/noticias\\\/#website\"},\"primaryImageOfPage\":{\"@id\":\"https:\\\/\\\/motorista.com.br\\\/noticias\\\/2026\\\/03\\\/14\\\/combustivel-sustentavel-se-expande-nota-de-logistica\\\/#primaryimage\"},\"image\":{\"@id\":\"https:\\\/\\\/motorista.com.br\\\/noticias\\\/2026\\\/03\\\/14\\\/combustivel-sustentavel-se-expande-nota-de-logistica\\\/#primaryimage\"},\"thumbnailUrl\":\"https:\\\/\\\/motorista.com.br\\\/noticias\\\/wp-content\\\/uploads\\\/2026\\\/03\\\/ID-CL-1000-px-x-830-px-Combustivel.png\",\"datePublished\":\"2026-03-14T20:38:11+00:00\",\"breadcrumb\":{\"@id\":\"https:\\\/\\\/motorista.com.br\\\/noticias\\\/2026\\\/03\\\/14\\\/combustivel-sustentavel-se-expande-nota-de-logistica\\\/#breadcrumb\"},\"inLanguage\":\"pt-BR\",\"potentialAction\":[{\"@type\":\"ReadAction\",\"target\":[\"https:\\\/\\\/motorista.com.br\\\/noticias\\\/2026\\\/03\\\/14\\\/combustivel-sustentavel-se-expande-nota-de-logistica\\\/\"]}]},{\"@type\":\"ImageObject\",\"inLanguage\":\"pt-BR\",\"@id\":\"https:\\\/\\\/motorista.com.br\\\/noticias\\\/2026\\\/03\\\/14\\\/combustivel-sustentavel-se-expande-nota-de-logistica\\\/#primaryimage\",\"url\":\"https:\\\/\\\/motorista.com.br\\\/noticias\\\/wp-content\\\/uploads\\\/2026\\\/03\\\/ID-CL-1000-px-x-830-px-Combustivel.png\",\"contentUrl\":\"https:\\\/\\\/motorista.com.br\\\/noticias\\\/wp-content\\\/uploads\\\/2026\\\/03\\\/ID-CL-1000-px-x-830-px-Combustivel.png\",\"width\":1000,\"height\":821},{\"@type\":\"BreadcrumbList\",\"@id\":\"https:\\\/\\\/motorista.com.br\\\/noticias\\\/2026\\\/03\\\/14\\\/combustivel-sustentavel-se-expande-nota-de-logistica\\\/#breadcrumb\",\"itemListElement\":[{\"@type\":\"ListItem\",\"position\":1,\"name\":\"In\u00edcio\",\"item\":\"https:\\\/\\\/motorista.com.br\\\/noticias\\\/\"},{\"@type\":\"ListItem\",\"position\":2,\"name\":\"Combust\u00edvel sustent\u00e1vel se expande &#8211; Nota de Log\u00edstica\"}]},{\"@type\":\"WebSite\",\"@id\":\"https:\\\/\\\/motorista.com.br\\\/noticias\\\/#website\",\"url\":\"https:\\\/\\\/motorista.com.br\\\/noticias\\\/\",\"name\":\"Motorista.com.br\",\"description\":\"Not\u00edcia do Motorista\",\"publisher\":{\"@id\":\"https:\\\/\\\/motorista.com.br\\\/noticias\\\/#organization\"},\"potentialAction\":[{\"@type\":\"SearchAction\",\"target\":{\"@type\":\"EntryPoint\",\"urlTemplate\":\"https:\\\/\\\/motorista.com.br\\\/noticias\\\/?s={search_term_string}\"},\"query-input\":{\"@type\":\"PropertyValueSpecification\",\"valueRequired\":true,\"valueName\":\"search_term_string\"}}],\"inLanguage\":\"pt-BR\"},{\"@type\":\"Organization\",\"@id\":\"https:\\\/\\\/motorista.com.br\\\/noticias\\\/#organization\",\"name\":\"Motorista.com.br\",\"url\":\"https:\\\/\\\/motorista.com.br\\\/noticias\\\/\",\"logo\":{\"@type\":\"ImageObject\",\"inLanguage\":\"pt-BR\",\"@id\":\"https:\\\/\\\/motorista.com.br\\\/noticias\\\/#\\\/schema\\\/logo\\\/image\\\/\",\"url\":\"https:\\\/\\\/motorista.com.br\\\/noticias\\\/wp-content\\\/uploads\\\/2025\\\/06\\\/Design-sem-nome-9.png\",\"contentUrl\":\"https:\\\/\\\/motorista.com.br\\\/noticias\\\/wp-content\\\/uploads\\\/2025\\\/06\\\/Design-sem-nome-9.png\",\"width\":150,\"height\":85,\"caption\":\"Motorista.com.br\"},\"image\":{\"@id\":\"https:\\\/\\\/motorista.com.br\\\/noticias\\\/#\\\/schema\\\/logo\\\/image\\\/\"}},{\"@type\":\"Person\",\"@id\":\"https:\\\/\\\/motorista.com.br\\\/noticias\\\/#\\\/schema\\\/person\\\/dc93afc2981c0e3ce6bc3c053fd847be\",\"name\":\"Equipe Reda\u00e7\u00e3o\",\"image\":{\"@type\":\"ImageObject\",\"inLanguage\":\"pt-BR\",\"@id\":\"https:\\\/\\\/secure.gravatar.com\\\/avatar\\\/4f525efbf18dd2bb300ccad28bfb99d95a9465a5ba268407c8c37b37e1f28d2d?s=96&d=mm&r=g9e099043a0c61e9ae27e293b9fa75ffc\",\"url\":\"https:\\\/\\\/secure.gravatar.com\\\/avatar\\\/4f525efbf18dd2bb300ccad28bfb99d95a9465a5ba268407c8c37b37e1f28d2d?s=96&d=mm&r=g\",\"contentUrl\":\"https:\\\/\\\/secure.gravatar.com\\\/avatar\\\/4f525efbf18dd2bb300ccad28bfb99d95a9465a5ba268407c8c37b37e1f28d2d?s=96&d=mm&r=g\",\"caption\":\"Equipe Reda\u00e7\u00e3o\"},\"description\":\"Equipe de reda\u00e7\u00e3o \u00e9 um grupo de profissionais que trabalham juntos para criar conte\u00fado escrito para Motorista.com.br\",\"url\":\"https:\\\/\\\/motorista.com.br\\\/noticias\\\/author\\\/equiperedacao\\\/\"}]}<\/script>\n<!-- \/ Yoast SEO Premium plugin. -->","yoast_head_json":{"title":"Combust\u00edvel sustent\u00e1vel se expande - Nota de Log\u00edstica - Motorista.com.br","robots":{"index":"index","follow":"follow","max-snippet":"max-snippet:-1","max-image-preview":"max-image-preview:large","max-video-preview":"max-video-preview:-1"},"canonical":"https:\/\/motorista.com.br\/noticias\/2026\/03\/14\/combustivel-sustentavel-se-expande-nota-de-logistica\/","og_locale":"pt_BR","og_type":"article","og_title":"Combust\u00edvel sustent\u00e1vel se expande - Nota de Log\u00edstica","og_description":"Combust\u00edvel sustent\u00e1vel ganha escala A Honeywell anunciou uma parceria com a Verso Energy para implementar sua tecnologia de processamento metanol-para-querosene eFining&#x2122; em sete plantas localizadas na Fran\u00e7a, Finl\u00e2ndia e Estados Unidos. Essa inova\u00e7\u00e3o visa aumentar a produ\u00e7\u00e3o de combust\u00edvel sustent\u00e1vel de avia\u00e7\u00e3o sint\u00e9tico (eSAF), parte da estrat\u00e9gia da Verso Energy para oferecer combust\u00edveis de baixo &hellip;","og_url":"https:\/\/motorista.com.br\/noticias\/2026\/03\/14\/combustivel-sustentavel-se-expande-nota-de-logistica\/","og_site_name":"Motorista.com.br","article_published_time":"2026-03-14T20:38:11+00:00","author":"Equipe Reda\u00e7\u00e3o","twitter_card":"summary_large_image","twitter_misc":{"Escrito por":"Equipe Reda\u00e7\u00e3o","Est. tempo de leitura":"2 minutos","Written by":"Equipe Reda\u00e7\u00e3o"},"schema":{"@context":"https:\/\/schema.org","@graph":[{"@type":"Article","@id":"https:\/\/motorista.com.br\/noticias\/2026\/03\/14\/combustivel-sustentavel-se-expande-nota-de-logistica\/#article","isPartOf":{"@id":"https:\/\/motorista.com.br\/noticias\/2026\/03\/14\/combustivel-sustentavel-se-expande-nota-de-logistica\/"},"author":{"name":"Equipe Reda\u00e7\u00e3o","@id":"https:\/\/motorista.com.br\/noticias\/#\/schema\/person\/dc93afc2981c0e3ce6bc3c053fd847be"},"headline":"Combust\u00edvel sustent\u00e1vel se expande &#8211; Nota de Log\u00edstica","datePublished":"2026-03-14T20:38:11+00:00","mainEntityOfPage":{"@id":"https:\/\/motorista.com.br\/noticias\/2026\/03\/14\/combustivel-sustentavel-se-expande-nota-de-logistica\/"},"wordCount":461,"publisher":{"@id":"https:\/\/motorista.com.br\/noticias\/#organization"},"image":{"@id":"https:\/\/motorista.com.br\/noticias\/2026\/03\/14\/combustivel-sustentavel-se-expande-nota-de-logistica\/#primaryimage"},"thumbnailUrl":"https:\/\/motorista.com.br\/noticias\/wp-content\/uploads\/2026\/03\/ID-CL-1000-px-x-830-px-Combustivel.png","articleSection":["Log\u00edstica"],"inLanguage":"pt-BR"},{"@type":"WebPage","@id":"https:\/\/motorista.com.br\/noticias\/2026\/03\/14\/combustivel-sustentavel-se-expande-nota-de-logistica\/","url":"https:\/\/motorista.com.br\/noticias\/2026\/03\/14\/combustivel-sustentavel-se-expande-nota-de-logistica\/","name":"Combust\u00edvel sustent\u00e1vel se expande - Nota de Log\u00edstica - Motorista.com.br","isPartOf":{"@id":"https:\/\/motorista.com.br\/noticias\/#website"},"primaryImageOfPage":{"@id":"https:\/\/motorista.com.br\/noticias\/2026\/03\/14\/combustivel-sustentavel-se-expande-nota-de-logistica\/#primaryimage"},"image":{"@id":"https:\/\/motorista.com.br\/noticias\/2026\/03\/14\/combustivel-sustentavel-se-expande-nota-de-logistica\/#primaryimage"},"thumbnailUrl":"https:\/\/motorista.com.br\/noticias\/wp-content\/uploads\/2026\/03\/ID-CL-1000-px-x-830-px-Combustivel.png","datePublished":"2026-03-14T20:38:11+00:00","breadcrumb":{"@id":"https:\/\/motorista.com.br\/noticias\/2026\/03\/14\/combustivel-sustentavel-se-expande-nota-de-logistica\/#breadcrumb"},"inLanguage":"pt-BR","potentialAction":[{"@type":"ReadAction","target":["https:\/\/motorista.com.br\/noticias\/2026\/03\/14\/combustivel-sustentavel-se-expande-nota-de-logistica\/"]}]},{"@type":"ImageObject","inLanguage":"pt-BR","@id":"https:\/\/motorista.com.br\/noticias\/2026\/03\/14\/combustivel-sustentavel-se-expande-nota-de-logistica\/#primaryimage","url":"https:\/\/motorista.com.br\/noticias\/wp-content\/uploads\/2026\/03\/ID-CL-1000-px-x-830-px-Combustivel.png","contentUrl":"https:\/\/motorista.com.br\/noticias\/wp-content\/uploads\/2026\/03\/ID-CL-1000-px-x-830-px-Combustivel.png","width":1000,"height":821},{"@type":"BreadcrumbList","@id":"https:\/\/motorista.com.br\/noticias\/2026\/03\/14\/combustivel-sustentavel-se-expande-nota-de-logistica\/#breadcrumb","itemListElement":[{"@type":"ListItem","position":1,"name":"In\u00edcio","item":"https:\/\/motorista.com.br\/noticias\/"},{"@type":"ListItem","position":2,"name":"Combust\u00edvel sustent\u00e1vel se expande &#8211; Nota de Log\u00edstica"}]},{"@type":"WebSite","@id":"https:\/\/motorista.com.br\/noticias\/#website","url":"https:\/\/motorista.com.br\/noticias\/","name":"Motorista.com.br","description":"Not\u00edcia do Motorista","publisher":{"@id":"https:\/\/motorista.com.br\/noticias\/#organization"},"potentialAction":[{"@type":"SearchAction","target":{"@type":"EntryPoint","urlTemplate":"https:\/\/motorista.com.br\/noticias\/?s={search_term_string}"},"query-input":{"@type":"PropertyValueSpecification","valueRequired":true,"valueName":"search_term_string"}}],"inLanguage":"pt-BR"},{"@type":"Organization","@id":"https:\/\/motorista.com.br\/noticias\/#organization","name":"Motorista.com.br","url":"https:\/\/motorista.com.br\/noticias\/","logo":{"@type":"ImageObject","inLanguage":"pt-BR","@id":"https:\/\/motorista.com.br\/noticias\/#\/schema\/logo\/image\/","url":"https:\/\/motorista.com.br\/noticias\/wp-content\/uploads\/2025\/06\/Design-sem-nome-9.png","contentUrl":"https:\/\/motorista.com.br\/noticias\/wp-content\/uploads\/2025\/06\/Design-sem-nome-9.png","width":150,"height":85,"caption":"Motorista.com.br"},"image":{"@id":"https:\/\/motorista.com.br\/noticias\/#\/schema\/logo\/image\/"}},{"@type":"Person","@id":"https:\/\/motorista.com.br\/noticias\/#\/schema\/person\/dc93afc2981c0e3ce6bc3c053fd847be","name":"Equipe Reda\u00e7\u00e3o","image":{"@type":"ImageObject","inLanguage":"pt-BR","@id":"https:\/\/secure.gravatar.com\/avatar\/4f525efbf18dd2bb300ccad28bfb99d95a9465a5ba268407c8c37b37e1f28d2d?s=96&d=mm&r=g9e099043a0c61e9ae27e293b9fa75ffc","url":"https:\/\/secure.gravatar.com\/avatar\/4f525efbf18dd2bb300ccad28bfb99d95a9465a5ba268407c8c37b37e1f28d2d?s=96&d=mm&r=g","contentUrl":"https:\/\/secure.gravatar.com\/avatar\/4f525efbf18dd2bb300ccad28bfb99d95a9465a5ba268407c8c37b37e1f28d2d?s=96&d=mm&r=g","caption":"Equipe Reda\u00e7\u00e3o"},"description":"Equipe de reda\u00e7\u00e3o \u00e9 um grupo de profissionais que trabalham juntos para criar conte\u00fado escrito para Motorista.com.br","url":"https:\/\/motorista.com.br\/noticias\/author\/equiperedacao\/"}]}},"_links":{"self":[{"href":"https:\/\/motorista.com.br\/noticias\/wp-json\/wp\/v2\/posts\/7744","targetHints":{"allow":["GET"]}}],"collection":[{"href":"https:\/\/motorista.com.br\/noticias\/wp-json\/wp\/v2\/posts"}],"about":[{"href":"https:\/\/motorista.com.br\/noticias\/wp-json\/wp\/v2\/types\/post"}],"author":[{"embeddable":true,"href":"https:\/\/motorista.com.br\/noticias\/wp-json\/wp\/v2\/users\/4"}],"replies":[{"embeddable":true,"href":"https:\/\/motorista.com.br\/noticias\/wp-json\/wp\/v2\/comments?post=7744"}],"version-history":[{"count":0,"href":"https:\/\/motorista.com.br\/noticias\/wp-json\/wp\/v2\/posts\/7744\/revisions"}],"wp:featuredmedia":[{"embeddable":true,"href":"https:\/\/motorista.com.br\/noticias\/wp-json\/wp\/v2\/media\/7745"}],"wp:attachment":[{"href":"https:\/\/motorista.com.br\/noticias\/wp-json\/wp\/v2\/media?parent=7744"}],"wp:term":[{"taxonomy":"category","embeddable":true,"href":"https:\/\/motorista.com.br\/noticias\/wp-json\/wp\/v2\/categories?post=7744"},{"taxonomy":"post_tag","embeddable":true,"href":"https:\/\/motorista.com.br\/noticias\/wp-json\/wp\/v2\/tags?post=7744"},{"taxonomy":"author","embeddable":true,"href":"https:\/\/motorista.com.br\/noticias\/wp-json\/wp\/v2\/coauthors?post=7744"}],"curies":[{"name":"wp","href":"https:\/\/api.w.org\/{rel}","templated":true}]}}