{"id":7736,"date":"2026-03-14T10:31:53","date_gmt":"2026-03-14T13:31:53","guid":{"rendered":"https:\/\/motorista.com.br\/noticias\/2026\/03\/14\/reforma-tributaria-do-consumo-e-reembolso-de-creditos-perdidos\/"},"modified":"2026-03-14T10:31:53","modified_gmt":"2026-03-14T13:31:53","slug":"reforma-tributaria-do-consumo-e-reembolso-de-creditos-perdidos","status":"publish","type":"post","link":"https:\/\/motorista.com.br\/noticias\/2026\/03\/14\/reforma-tributaria-do-consumo-e-reembolso-de-creditos-perdidos\/","title":{"rendered":"Reforma tribut\u00e1ria do consumo e reembolso de cr\u00e9ditos perdidos."},"content":{"rendered":"<p><\/p>\n<h3>Reforma Tribut\u00e1ria do Consumo e o Estorno de Cr\u00e9dito: Implica\u00e7\u00f5es para Motoristas e Mobilidade<\/h3>\n<p>Por meio das altera\u00e7\u00f5es promovidas pela Emenda Constitucional n\u00ba 132\/2023, o sistema tribut\u00e1rio nacional est\u00e1 passando por uma significativa transforma\u00e7\u00e3o. A transi\u00e7\u00e3o dos tributos sobre o consumo, como ISS, ICMS, PIS e Cofins, para um padr\u00e3o de IVA (Imposto sobre o Valor Agregado) representa uma mudan\u00e7a estruturante que tem o potencial de impactar diretamente a economia e a vida cotidiana dos motoristas.<\/p>\n<p>Com o avan\u00e7o da tecnologia, especialmente atrav\u00e9s das notas fiscais eletr\u00f4nicas e sistemas financeiros sofisticados, o novo modelo busca criar um sistema mais simples e garantir a n\u00e3o cumulatividade dos tributos. Esses mecanismos n\u00e3o apenas visam facilitar a vida dos empres\u00e1rios, mas tamb\u00e9m podem trazer benef\u00edcios diretos aos motoristas, que dependem da fluidez nas opera\u00e7\u00f5es comerciais e na mobilidade urbana.<\/p>\n<p>O ponto central da discuss\u00e3o se concentra em dois aspectos fundamentais: simplicidade e n\u00e3o cumulatividade. As diretrizes atuais, que incluem o estorno de cr\u00e9ditos em caso de perda, furto ou roubo de mercadorias, levantam questionamentos sobre como esse processo poder\u00e1 ser operacionalizado na pr\u00e1tica e qual ser\u00e1 seu impacto nas ind\u00fastrias e no mercado de consumo.<\/p>\n<p>Quando um motorista adquire mercadorias essenciais para seu trabalho, como pe\u00e7as de reposi\u00e7\u00e3o ou combust\u00edvel, o direito ao cr\u00e9dito tribut\u00e1rio deve ser garantido mesmo diante de eventualidades como o roubo ou a deteriora\u00e7\u00e3o. A nova legisla\u00e7\u00e3o prop\u00f5e que o consumidor mantenha o cr\u00e9dito, o que poder\u00e1 aliviar o impacto negativo dessas situa\u00e7\u00f5es na sua opera\u00e7\u00e3o di\u00e1ria, permitindo que ele se concentre na sua atividade principal sem se preocupar excessivamente com a carga tribut\u00e1ria.<\/p>\n<p>Al\u00e9m disso, o novo sistema busca atender \u00e0 simplicidade prometida, eliminando complica\u00e7\u00f5es nas obriga\u00e7\u00f5es acess\u00f3rias, que historicamente t\u00eam sobrecarregado o setor. Isso implica que motoristas aut\u00f4nomos e pequenas empresas poder\u00e3o gerir seus cr\u00e9ditos de forma mais eficiente, economizando tempo e recursos que, de outra forma, seriam despendidos na burocracia tribut\u00e1ria.<\/p>\n<p>Ainda mais significativo \u00e9 o potencial impacto positivo na mobilidade geral. Com menos burocracia e custos tribut\u00e1rios reduzidos, motoristas podem operar de maneira mais eficaz, reduzindo assim a onera\u00e7\u00e3o do transporte e, consequentemente, os pre\u00e7os para o consumidor final. A melhoria na efici\u00eancia do transporte pode refletir em um aumento na oferta de servi\u00e7os, beneficiando usu\u00e1rios e contribuindo para uma din\u00e2mica mais saud\u00e1vel na economia.<\/p>\n<p>Diante desse novo panorama, \u00e9 vital que todos os envolvidos, desde legisladores at\u00e9 motoristas e empres\u00e1rios, compreendam a import\u00e2ncia dessa reforma e suas implica\u00e7\u00f5es. A mudan\u00e7a n\u00e3o apenas possibilita um ambiente de neg\u00f3cios mais favor\u00e1vel, mas tamb\u00e9m promete transformar a maneira como a mobilidade \u00e9 encarada no Brasil, tornando-a mais acess\u00edvel e eficiente.<\/p>\n<p><strong>Fonte:<\/strong> motorista<\/p>\n","protected":false},"excerpt":{"rendered":"<p>Reforma Tribut\u00e1ria do Consumo e o Estorno de Cr\u00e9dito: Implica\u00e7\u00f5es para Motoristas e Mobilidade Por meio das altera\u00e7\u00f5es promovidas pela Emenda Constitucional n\u00ba 132\/2023, o sistema tribut\u00e1rio nacional est\u00e1 passando por uma significativa transforma\u00e7\u00e3o. A transi\u00e7\u00e3o dos tributos sobre o consumo, como ISS, ICMS, PIS e Cofins, para um padr\u00e3o de IVA (Imposto sobre o &hellip;<\/p>\n","protected":false},"author":4,"featured_media":7737,"comment_status":"","ping_status":"open","sticky":false,"template":"","format":"standard","meta":{"footnotes":""},"categories":[35],"tags":[],"coauthors":[42],"class_list":["post-7736","post","type-post","status-publish","format-standard","has-post-thumbnail","hentry","category-legislacao"],"yoast_head":"<!-- This site is optimized with the Yoast SEO Premium plugin v25.5 (Yoast SEO v27.5) - https:\/\/yoast.com\/product\/yoast-seo-premium-wordpress\/ -->\n<title>Reforma tribut\u00e1ria do consumo e reembolso de cr\u00e9ditos perdidos. - Motorista.com.br<\/title>\n<meta name=\"robots\" content=\"index, follow, max-snippet:-1, max-image-preview:large, max-video-preview:-1\" \/>\n<link rel=\"canonical\" href=\"https:\/\/motorista.com.br\/noticias\/2026\/03\/14\/reforma-tributaria-do-consumo-e-reembolso-de-creditos-perdidos\/\" \/>\n<meta property=\"og:locale\" content=\"pt_BR\" \/>\n<meta property=\"og:type\" content=\"article\" \/>\n<meta property=\"og:title\" content=\"Reforma tribut\u00e1ria do consumo e reembolso de cr\u00e9ditos perdidos.\" \/>\n<meta property=\"og:description\" content=\"Reforma Tribut\u00e1ria do Consumo e o Estorno de Cr\u00e9dito: Implica\u00e7\u00f5es para Motoristas e Mobilidade Por meio das altera\u00e7\u00f5es promovidas pela Emenda Constitucional n\u00ba 132\/2023, o sistema tribut\u00e1rio nacional est\u00e1 passando por uma significativa transforma\u00e7\u00e3o. A transi\u00e7\u00e3o dos tributos sobre o consumo, como ISS, ICMS, PIS e Cofins, para um padr\u00e3o de IVA (Imposto sobre o &hellip;\" \/>\n<meta property=\"og:url\" content=\"https:\/\/motorista.com.br\/noticias\/2026\/03\/14\/reforma-tributaria-do-consumo-e-reembolso-de-creditos-perdidos\/\" \/>\n<meta property=\"og:site_name\" content=\"Motorista.com.br\" \/>\n<meta property=\"article:published_time\" content=\"2026-03-14T13:31:53+00:00\" \/>\n<meta name=\"author\" content=\"Equipe Reda\u00e7\u00e3o\" \/>\n<meta name=\"twitter:card\" content=\"summary_large_image\" \/>\n<meta name=\"twitter:label1\" content=\"Escrito por\" \/>\n\t<meta name=\"twitter:data1\" content=\"Equipe Reda\u00e7\u00e3o\" \/>\n\t<meta name=\"twitter:label2\" content=\"Est. tempo de leitura\" \/>\n\t<meta name=\"twitter:data2\" content=\"2 minutos\" \/>\n\t<meta name=\"twitter:label3\" content=\"Written by\" \/>\n\t<meta name=\"twitter:data3\" content=\"Equipe Reda\u00e7\u00e3o\" \/>\n<script type=\"application\/ld+json\" class=\"yoast-schema-graph\">{\"@context\":\"https:\\\/\\\/schema.org\",\"@graph\":[{\"@type\":\"Article\",\"@id\":\"https:\\\/\\\/motorista.com.br\\\/noticias\\\/2026\\\/03\\\/14\\\/reforma-tributaria-do-consumo-e-reembolso-de-creditos-perdidos\\\/#article\",\"isPartOf\":{\"@id\":\"https:\\\/\\\/motorista.com.br\\\/noticias\\\/2026\\\/03\\\/14\\\/reforma-tributaria-do-consumo-e-reembolso-de-creditos-perdidos\\\/\"},\"author\":{\"name\":\"Equipe Reda\u00e7\u00e3o\",\"@id\":\"https:\\\/\\\/motorista.com.br\\\/noticias\\\/#\\\/schema\\\/person\\\/dc93afc2981c0e3ce6bc3c053fd847be\"},\"headline\":\"Reforma tribut\u00e1ria do consumo e reembolso de cr\u00e9ditos perdidos.\",\"datePublished\":\"2026-03-14T13:31:53+00:00\",\"mainEntityOfPage\":{\"@id\":\"https:\\\/\\\/motorista.com.br\\\/noticias\\\/2026\\\/03\\\/14\\\/reforma-tributaria-do-consumo-e-reembolso-de-creditos-perdidos\\\/\"},\"wordCount\":503,\"publisher\":{\"@id\":\"https:\\\/\\\/motorista.com.br\\\/noticias\\\/#organization\"},\"image\":{\"@id\":\"https:\\\/\\\/motorista.com.br\\\/noticias\\\/2026\\\/03\\\/14\\\/reforma-tributaria-do-consumo-e-reembolso-de-creditos-perdidos\\\/#primaryimage\"},\"thumbnailUrl\":\"https:\\\/\\\/motorista.com.br\\\/noticias\\\/wp-content\\\/uploads\\\/2026\\\/03\\\/concept-economy-with-piggy-bank-arrow-3-1024x683-1.jpg\",\"articleSection\":[\"Legisla\u00e7\u00e3o\"],\"inLanguage\":\"pt-BR\"},{\"@type\":\"WebPage\",\"@id\":\"https:\\\/\\\/motorista.com.br\\\/noticias\\\/2026\\\/03\\\/14\\\/reforma-tributaria-do-consumo-e-reembolso-de-creditos-perdidos\\\/\",\"url\":\"https:\\\/\\\/motorista.com.br\\\/noticias\\\/2026\\\/03\\\/14\\\/reforma-tributaria-do-consumo-e-reembolso-de-creditos-perdidos\\\/\",\"name\":\"Reforma tribut\u00e1ria do consumo e reembolso de cr\u00e9ditos perdidos. - Motorista.com.br\",\"isPartOf\":{\"@id\":\"https:\\\/\\\/motorista.com.br\\\/noticias\\\/#website\"},\"primaryImageOfPage\":{\"@id\":\"https:\\\/\\\/motorista.com.br\\\/noticias\\\/2026\\\/03\\\/14\\\/reforma-tributaria-do-consumo-e-reembolso-de-creditos-perdidos\\\/#primaryimage\"},\"image\":{\"@id\":\"https:\\\/\\\/motorista.com.br\\\/noticias\\\/2026\\\/03\\\/14\\\/reforma-tributaria-do-consumo-e-reembolso-de-creditos-perdidos\\\/#primaryimage\"},\"thumbnailUrl\":\"https:\\\/\\\/motorista.com.br\\\/noticias\\\/wp-content\\\/uploads\\\/2026\\\/03\\\/concept-economy-with-piggy-bank-arrow-3-1024x683-1.jpg\",\"datePublished\":\"2026-03-14T13:31:53+00:00\",\"breadcrumb\":{\"@id\":\"https:\\\/\\\/motorista.com.br\\\/noticias\\\/2026\\\/03\\\/14\\\/reforma-tributaria-do-consumo-e-reembolso-de-creditos-perdidos\\\/#breadcrumb\"},\"inLanguage\":\"pt-BR\",\"potentialAction\":[{\"@type\":\"ReadAction\",\"target\":[\"https:\\\/\\\/motorista.com.br\\\/noticias\\\/2026\\\/03\\\/14\\\/reforma-tributaria-do-consumo-e-reembolso-de-creditos-perdidos\\\/\"]}]},{\"@type\":\"ImageObject\",\"inLanguage\":\"pt-BR\",\"@id\":\"https:\\\/\\\/motorista.com.br\\\/noticias\\\/2026\\\/03\\\/14\\\/reforma-tributaria-do-consumo-e-reembolso-de-creditos-perdidos\\\/#primaryimage\",\"url\":\"https:\\\/\\\/motorista.com.br\\\/noticias\\\/wp-content\\\/uploads\\\/2026\\\/03\\\/concept-economy-with-piggy-bank-arrow-3-1024x683-1.jpg\",\"contentUrl\":\"https:\\\/\\\/motorista.com.br\\\/noticias\\\/wp-content\\\/uploads\\\/2026\\\/03\\\/concept-economy-with-piggy-bank-arrow-3-1024x683-1.jpg\",\"width\":1024,\"height\":683},{\"@type\":\"BreadcrumbList\",\"@id\":\"https:\\\/\\\/motorista.com.br\\\/noticias\\\/2026\\\/03\\\/14\\\/reforma-tributaria-do-consumo-e-reembolso-de-creditos-perdidos\\\/#breadcrumb\",\"itemListElement\":[{\"@type\":\"ListItem\",\"position\":1,\"name\":\"In\u00edcio\",\"item\":\"https:\\\/\\\/motorista.com.br\\\/noticias\\\/\"},{\"@type\":\"ListItem\",\"position\":2,\"name\":\"Reforma tribut\u00e1ria do consumo e reembolso de cr\u00e9ditos perdidos.\"}]},{\"@type\":\"WebSite\",\"@id\":\"https:\\\/\\\/motorista.com.br\\\/noticias\\\/#website\",\"url\":\"https:\\\/\\\/motorista.com.br\\\/noticias\\\/\",\"name\":\"Motorista.com.br\",\"description\":\"Not\u00edcia do Motorista\",\"publisher\":{\"@id\":\"https:\\\/\\\/motorista.com.br\\\/noticias\\\/#organization\"},\"potentialAction\":[{\"@type\":\"SearchAction\",\"target\":{\"@type\":\"EntryPoint\",\"urlTemplate\":\"https:\\\/\\\/motorista.com.br\\\/noticias\\\/?s={search_term_string}\"},\"query-input\":{\"@type\":\"PropertyValueSpecification\",\"valueRequired\":true,\"valueName\":\"search_term_string\"}}],\"inLanguage\":\"pt-BR\"},{\"@type\":\"Organization\",\"@id\":\"https:\\\/\\\/motorista.com.br\\\/noticias\\\/#organization\",\"name\":\"Motorista.com.br\",\"url\":\"https:\\\/\\\/motorista.com.br\\\/noticias\\\/\",\"logo\":{\"@type\":\"ImageObject\",\"inLanguage\":\"pt-BR\",\"@id\":\"https:\\\/\\\/motorista.com.br\\\/noticias\\\/#\\\/schema\\\/logo\\\/image\\\/\",\"url\":\"https:\\\/\\\/motorista.com.br\\\/noticias\\\/wp-content\\\/uploads\\\/2025\\\/06\\\/Design-sem-nome-9.png\",\"contentUrl\":\"https:\\\/\\\/motorista.com.br\\\/noticias\\\/wp-content\\\/uploads\\\/2025\\\/06\\\/Design-sem-nome-9.png\",\"width\":150,\"height\":85,\"caption\":\"Motorista.com.br\"},\"image\":{\"@id\":\"https:\\\/\\\/motorista.com.br\\\/noticias\\\/#\\\/schema\\\/logo\\\/image\\\/\"}},{\"@type\":\"Person\",\"@id\":\"https:\\\/\\\/motorista.com.br\\\/noticias\\\/#\\\/schema\\\/person\\\/dc93afc2981c0e3ce6bc3c053fd847be\",\"name\":\"Equipe Reda\u00e7\u00e3o\",\"image\":{\"@type\":\"ImageObject\",\"inLanguage\":\"pt-BR\",\"@id\":\"https:\\\/\\\/secure.gravatar.com\\\/avatar\\\/4f525efbf18dd2bb300ccad28bfb99d95a9465a5ba268407c8c37b37e1f28d2d?s=96&d=mm&r=g9e099043a0c61e9ae27e293b9fa75ffc\",\"url\":\"https:\\\/\\\/secure.gravatar.com\\\/avatar\\\/4f525efbf18dd2bb300ccad28bfb99d95a9465a5ba268407c8c37b37e1f28d2d?s=96&d=mm&r=g\",\"contentUrl\":\"https:\\\/\\\/secure.gravatar.com\\\/avatar\\\/4f525efbf18dd2bb300ccad28bfb99d95a9465a5ba268407c8c37b37e1f28d2d?s=96&d=mm&r=g\",\"caption\":\"Equipe Reda\u00e7\u00e3o\"},\"description\":\"Equipe de reda\u00e7\u00e3o \u00e9 um grupo de profissionais que trabalham juntos para criar conte\u00fado escrito para Motorista.com.br\",\"url\":\"https:\\\/\\\/motorista.com.br\\\/noticias\\\/author\\\/equiperedacao\\\/\"}]}<\/script>\n<!-- \/ Yoast SEO Premium plugin. -->","yoast_head_json":{"title":"Reforma tribut\u00e1ria do consumo e reembolso de cr\u00e9ditos perdidos. - Motorista.com.br","robots":{"index":"index","follow":"follow","max-snippet":"max-snippet:-1","max-image-preview":"max-image-preview:large","max-video-preview":"max-video-preview:-1"},"canonical":"https:\/\/motorista.com.br\/noticias\/2026\/03\/14\/reforma-tributaria-do-consumo-e-reembolso-de-creditos-perdidos\/","og_locale":"pt_BR","og_type":"article","og_title":"Reforma tribut\u00e1ria do consumo e reembolso de cr\u00e9ditos perdidos.","og_description":"Reforma Tribut\u00e1ria do Consumo e o Estorno de Cr\u00e9dito: Implica\u00e7\u00f5es para Motoristas e Mobilidade Por meio das altera\u00e7\u00f5es promovidas pela Emenda Constitucional n\u00ba 132\/2023, o sistema tribut\u00e1rio nacional est\u00e1 passando por uma significativa transforma\u00e7\u00e3o. A transi\u00e7\u00e3o dos tributos sobre o consumo, como ISS, ICMS, PIS e Cofins, para um padr\u00e3o de IVA (Imposto sobre o &hellip;","og_url":"https:\/\/motorista.com.br\/noticias\/2026\/03\/14\/reforma-tributaria-do-consumo-e-reembolso-de-creditos-perdidos\/","og_site_name":"Motorista.com.br","article_published_time":"2026-03-14T13:31:53+00:00","author":"Equipe Reda\u00e7\u00e3o","twitter_card":"summary_large_image","twitter_misc":{"Escrito por":"Equipe Reda\u00e7\u00e3o","Est. tempo de leitura":"2 minutos","Written by":"Equipe Reda\u00e7\u00e3o"},"schema":{"@context":"https:\/\/schema.org","@graph":[{"@type":"Article","@id":"https:\/\/motorista.com.br\/noticias\/2026\/03\/14\/reforma-tributaria-do-consumo-e-reembolso-de-creditos-perdidos\/#article","isPartOf":{"@id":"https:\/\/motorista.com.br\/noticias\/2026\/03\/14\/reforma-tributaria-do-consumo-e-reembolso-de-creditos-perdidos\/"},"author":{"name":"Equipe Reda\u00e7\u00e3o","@id":"https:\/\/motorista.com.br\/noticias\/#\/schema\/person\/dc93afc2981c0e3ce6bc3c053fd847be"},"headline":"Reforma tribut\u00e1ria do consumo e reembolso de cr\u00e9ditos perdidos.","datePublished":"2026-03-14T13:31:53+00:00","mainEntityOfPage":{"@id":"https:\/\/motorista.com.br\/noticias\/2026\/03\/14\/reforma-tributaria-do-consumo-e-reembolso-de-creditos-perdidos\/"},"wordCount":503,"publisher":{"@id":"https:\/\/motorista.com.br\/noticias\/#organization"},"image":{"@id":"https:\/\/motorista.com.br\/noticias\/2026\/03\/14\/reforma-tributaria-do-consumo-e-reembolso-de-creditos-perdidos\/#primaryimage"},"thumbnailUrl":"https:\/\/motorista.com.br\/noticias\/wp-content\/uploads\/2026\/03\/concept-economy-with-piggy-bank-arrow-3-1024x683-1.jpg","articleSection":["Legisla\u00e7\u00e3o"],"inLanguage":"pt-BR"},{"@type":"WebPage","@id":"https:\/\/motorista.com.br\/noticias\/2026\/03\/14\/reforma-tributaria-do-consumo-e-reembolso-de-creditos-perdidos\/","url":"https:\/\/motorista.com.br\/noticias\/2026\/03\/14\/reforma-tributaria-do-consumo-e-reembolso-de-creditos-perdidos\/","name":"Reforma tribut\u00e1ria do consumo e reembolso de cr\u00e9ditos perdidos. - Motorista.com.br","isPartOf":{"@id":"https:\/\/motorista.com.br\/noticias\/#website"},"primaryImageOfPage":{"@id":"https:\/\/motorista.com.br\/noticias\/2026\/03\/14\/reforma-tributaria-do-consumo-e-reembolso-de-creditos-perdidos\/#primaryimage"},"image":{"@id":"https:\/\/motorista.com.br\/noticias\/2026\/03\/14\/reforma-tributaria-do-consumo-e-reembolso-de-creditos-perdidos\/#primaryimage"},"thumbnailUrl":"https:\/\/motorista.com.br\/noticias\/wp-content\/uploads\/2026\/03\/concept-economy-with-piggy-bank-arrow-3-1024x683-1.jpg","datePublished":"2026-03-14T13:31:53+00:00","breadcrumb":{"@id":"https:\/\/motorista.com.br\/noticias\/2026\/03\/14\/reforma-tributaria-do-consumo-e-reembolso-de-creditos-perdidos\/#breadcrumb"},"inLanguage":"pt-BR","potentialAction":[{"@type":"ReadAction","target":["https:\/\/motorista.com.br\/noticias\/2026\/03\/14\/reforma-tributaria-do-consumo-e-reembolso-de-creditos-perdidos\/"]}]},{"@type":"ImageObject","inLanguage":"pt-BR","@id":"https:\/\/motorista.com.br\/noticias\/2026\/03\/14\/reforma-tributaria-do-consumo-e-reembolso-de-creditos-perdidos\/#primaryimage","url":"https:\/\/motorista.com.br\/noticias\/wp-content\/uploads\/2026\/03\/concept-economy-with-piggy-bank-arrow-3-1024x683-1.jpg","contentUrl":"https:\/\/motorista.com.br\/noticias\/wp-content\/uploads\/2026\/03\/concept-economy-with-piggy-bank-arrow-3-1024x683-1.jpg","width":1024,"height":683},{"@type":"BreadcrumbList","@id":"https:\/\/motorista.com.br\/noticias\/2026\/03\/14\/reforma-tributaria-do-consumo-e-reembolso-de-creditos-perdidos\/#breadcrumb","itemListElement":[{"@type":"ListItem","position":1,"name":"In\u00edcio","item":"https:\/\/motorista.com.br\/noticias\/"},{"@type":"ListItem","position":2,"name":"Reforma tribut\u00e1ria do consumo e reembolso de cr\u00e9ditos perdidos."}]},{"@type":"WebSite","@id":"https:\/\/motorista.com.br\/noticias\/#website","url":"https:\/\/motorista.com.br\/noticias\/","name":"Motorista.com.br","description":"Not\u00edcia do Motorista","publisher":{"@id":"https:\/\/motorista.com.br\/noticias\/#organization"},"potentialAction":[{"@type":"SearchAction","target":{"@type":"EntryPoint","urlTemplate":"https:\/\/motorista.com.br\/noticias\/?s={search_term_string}"},"query-input":{"@type":"PropertyValueSpecification","valueRequired":true,"valueName":"search_term_string"}}],"inLanguage":"pt-BR"},{"@type":"Organization","@id":"https:\/\/motorista.com.br\/noticias\/#organization","name":"Motorista.com.br","url":"https:\/\/motorista.com.br\/noticias\/","logo":{"@type":"ImageObject","inLanguage":"pt-BR","@id":"https:\/\/motorista.com.br\/noticias\/#\/schema\/logo\/image\/","url":"https:\/\/motorista.com.br\/noticias\/wp-content\/uploads\/2025\/06\/Design-sem-nome-9.png","contentUrl":"https:\/\/motorista.com.br\/noticias\/wp-content\/uploads\/2025\/06\/Design-sem-nome-9.png","width":150,"height":85,"caption":"Motorista.com.br"},"image":{"@id":"https:\/\/motorista.com.br\/noticias\/#\/schema\/logo\/image\/"}},{"@type":"Person","@id":"https:\/\/motorista.com.br\/noticias\/#\/schema\/person\/dc93afc2981c0e3ce6bc3c053fd847be","name":"Equipe Reda\u00e7\u00e3o","image":{"@type":"ImageObject","inLanguage":"pt-BR","@id":"https:\/\/secure.gravatar.com\/avatar\/4f525efbf18dd2bb300ccad28bfb99d95a9465a5ba268407c8c37b37e1f28d2d?s=96&d=mm&r=g9e099043a0c61e9ae27e293b9fa75ffc","url":"https:\/\/secure.gravatar.com\/avatar\/4f525efbf18dd2bb300ccad28bfb99d95a9465a5ba268407c8c37b37e1f28d2d?s=96&d=mm&r=g","contentUrl":"https:\/\/secure.gravatar.com\/avatar\/4f525efbf18dd2bb300ccad28bfb99d95a9465a5ba268407c8c37b37e1f28d2d?s=96&d=mm&r=g","caption":"Equipe Reda\u00e7\u00e3o"},"description":"Equipe de reda\u00e7\u00e3o \u00e9 um grupo de profissionais que trabalham juntos para criar conte\u00fado escrito para Motorista.com.br","url":"https:\/\/motorista.com.br\/noticias\/author\/equiperedacao\/"}]}},"_links":{"self":[{"href":"https:\/\/motorista.com.br\/noticias\/wp-json\/wp\/v2\/posts\/7736","targetHints":{"allow":["GET"]}}],"collection":[{"href":"https:\/\/motorista.com.br\/noticias\/wp-json\/wp\/v2\/posts"}],"about":[{"href":"https:\/\/motorista.com.br\/noticias\/wp-json\/wp\/v2\/types\/post"}],"author":[{"embeddable":true,"href":"https:\/\/motorista.com.br\/noticias\/wp-json\/wp\/v2\/users\/4"}],"replies":[{"embeddable":true,"href":"https:\/\/motorista.com.br\/noticias\/wp-json\/wp\/v2\/comments?post=7736"}],"version-history":[{"count":0,"href":"https:\/\/motorista.com.br\/noticias\/wp-json\/wp\/v2\/posts\/7736\/revisions"}],"wp:featuredmedia":[{"embeddable":true,"href":"https:\/\/motorista.com.br\/noticias\/wp-json\/wp\/v2\/media\/7737"}],"wp:attachment":[{"href":"https:\/\/motorista.com.br\/noticias\/wp-json\/wp\/v2\/media?parent=7736"}],"wp:term":[{"taxonomy":"category","embeddable":true,"href":"https:\/\/motorista.com.br\/noticias\/wp-json\/wp\/v2\/categories?post=7736"},{"taxonomy":"post_tag","embeddable":true,"href":"https:\/\/motorista.com.br\/noticias\/wp-json\/wp\/v2\/tags?post=7736"},{"taxonomy":"author","embeddable":true,"href":"https:\/\/motorista.com.br\/noticias\/wp-json\/wp\/v2\/coauthors?post=7736"}],"curies":[{"name":"wp","href":"https:\/\/api.w.org\/{rel}","templated":true}]}}