{"id":7732,"date":"2026-03-14T09:12:22","date_gmt":"2026-03-14T12:12:22","guid":{"rendered":"https:\/\/motorista.com.br\/noticias\/2026\/03\/14\/antigo-dono-deve-quitar-multas-anteriores-a-venda-do-carro\/"},"modified":"2026-03-14T09:12:22","modified_gmt":"2026-03-14T12:12:22","slug":"antigo-dono-deve-quitar-multas-anteriores-a-venda-do-carro","status":"publish","type":"post","link":"https:\/\/motorista.com.br\/noticias\/2026\/03\/14\/antigo-dono-deve-quitar-multas-anteriores-a-venda-do-carro\/","title":{"rendered":"Antigo dono deve quitar multas anteriores \u00e0 venda do carro."},"content":{"rendered":"<p><\/p>\n<h1>Ex-Propriet\u00e1rio Ter\u00e1 que Pagar Todas as Multas de Antes da Venda do Ve\u00edculo<\/h1>\n<p>Recentemente, um projeto de lei foi aprovado pela Comiss\u00e3o de Via\u00e7\u00e3o e Transportes da C\u00e2mara dos Deputados, que prop\u00f5e que o antigo propriet\u00e1rio de um ve\u00edculo seja respons\u00e1vel pelo pagamento de todas as multas que foram geradas antes da transfer\u00eancia da propriedade. Essa iniciativa visa corrigir uma falha na legisla\u00e7\u00e3o atual, que frequentemente prejudica o novo propriet\u00e1rio com d\u00e9bitos que n\u00e3o eram conhecidos no momento da compra.<\/p>\n<h3>Impacto sobre Motoristas e a Mobilidade<\/h3>\n<p>A implementa\u00e7\u00e3o dessa medida traz uma s\u00e9rie de implica\u00e7\u00f5es significativas para motoristas e usu\u00e1rios das vias. Primeiramente, ao assegurar que as multas ficam atribu\u00eddas ao CPF do antigo propriet\u00e1rio, esperamos uma redu\u00e7\u00e3o nos casos de transfer\u00eancias problem\u00e1ticas e conflitos depois da venda. Isso libera o novo propriet\u00e1rio de responsabilidades inesperadas, promovendo mais transpar\u00eancia e seguran\u00e7a nas transa\u00e7\u00f5es de ve\u00edculos.<\/p>\n<p>Al\u00e9m disso, essa regulamenta\u00e7\u00e3o poder\u00e1 estimular uma cultura de maior responsabilidade entre os motoristas. Saber que as infra\u00e7\u00f5es ser\u00e3o atribu\u00eddas a eles, mesmo ap\u00f3s a venda do ve\u00edculo, pode motivar os propriet\u00e1rios a dirigirem de maneira mais prudente e a regularizarem suas pend\u00eancias antes de transferir um ve\u00edculo. Isso, ao fim, pode contribuir para uma redu\u00e7\u00e3o no n\u00famero de infra\u00e7\u00f5es e, consequentemente, para uma mobilidade mais fluida nas cidades.<\/p>\n<h3>Novo Seguro Obrigat\u00f3rio<\/h3>\n<p>Outra inova\u00e7\u00e3o proposta no projeto de lei \u00e9 a cria\u00e7\u00e3o de um seguro obrigat\u00f3rio de responsabilidade civil para ve\u00edculos. Este seguro \u00e9 semelhante ao extinto DPVAT, mas com foco na prote\u00e7\u00e3o de terceiros em caso de acidentes. Essa legisla\u00e7\u00e3o \u00e9 uma resposta \u00e0 falta de suporte financeiro que as v\u00edtimas de tr\u00e2nsito enfrentam atualmente.<\/p>\n<p>A obrigatoriedade desse seguro no momento do licenciamento anual adiciona uma camada de prote\u00e7\u00e3o adicional para todos os usu\u00e1rios das vias, pois reduzir\u00e1 os impactos financeiros sobre as v\u00edtimas em caso de acidente. Com essa iniciativa, os motoristas ter\u00e3o um incentivo para adotar comportamentos mais seguros no tr\u00e2nsito, beneficiando a mobilidade urbana como um todo.<\/p>\n<h3>Considera\u00e7\u00f5es Finais<\/h3>\n<p>A proposta n\u00e3o s\u00f3 traz um novo modelo de responsabilidade sobre as infra\u00e7\u00f5es de tr\u00e2nsito, mas tamb\u00e9m refor\u00e7a a necessidade de um seguro que garanta a prote\u00e7\u00e3o dos envolvidos em acidentes. Propiciar um ambiente de maior seguran\u00e7a no tr\u00e2nsito, ao mesmo tempo em que minimiza os riscos para motoristas e usu\u00e1rios, pode promover uma mudan\u00e7a positiva na cultura de dire\u00e7\u00e3o em nosso pa\u00eds.<\/p>\n<p>Essas mudan\u00e7as, se aprovadas integralmente, t\u00eam potencial para transformar a din\u00e2mica das transa\u00e7\u00f5es de ve\u00edculos e melhorar a mobilidade nas cidades brasileiras.<\/p>\n<p><strong>Fonte: blogdocaminhoneiro<\/strong><\/p>\n","protected":false},"excerpt":{"rendered":"<p>Ex-Propriet\u00e1rio Ter\u00e1 que Pagar Todas as Multas de Antes da Venda do Ve\u00edculo Recentemente, um projeto de lei foi aprovado pela Comiss\u00e3o de Via\u00e7\u00e3o e Transportes da C\u00e2mara dos Deputados, que prop\u00f5e que o antigo propriet\u00e1rio de um ve\u00edculo seja respons\u00e1vel pelo pagamento de todas as multas que foram geradas antes da transfer\u00eancia da propriedade. &hellip;<\/p>\n","protected":false},"author":4,"featured_media":7733,"comment_status":"","ping_status":"open","sticky":false,"template":"","format":"standard","meta":{"footnotes":""},"categories":[78,77],"tags":[],"coauthors":[42],"class_list":["post-7732","post","type-post","status-publish","format-standard","has-post-thumbnail","hentry","category-carreteiro","category-motorista"],"yoast_head":"<!-- This site is optimized with the Yoast SEO Premium plugin v25.5 (Yoast SEO v27.5) - https:\/\/yoast.com\/product\/yoast-seo-premium-wordpress\/ -->\n<title>Antigo dono deve quitar multas anteriores \u00e0 venda do carro. - Motorista.com.br<\/title>\n<meta name=\"robots\" content=\"index, follow, max-snippet:-1, max-image-preview:large, max-video-preview:-1\" \/>\n<link rel=\"canonical\" href=\"https:\/\/motorista.com.br\/noticias\/2026\/03\/14\/antigo-dono-deve-quitar-multas-anteriores-a-venda-do-carro\/\" \/>\n<meta property=\"og:locale\" content=\"pt_BR\" \/>\n<meta property=\"og:type\" content=\"article\" \/>\n<meta property=\"og:title\" content=\"Antigo dono deve quitar multas anteriores \u00e0 venda do carro.\" \/>\n<meta property=\"og:description\" content=\"Ex-Propriet\u00e1rio Ter\u00e1 que Pagar Todas as Multas de Antes da Venda do Ve\u00edculo Recentemente, um projeto de lei foi aprovado pela Comiss\u00e3o de Via\u00e7\u00e3o e Transportes da C\u00e2mara dos Deputados, que prop\u00f5e que o antigo propriet\u00e1rio de um ve\u00edculo seja respons\u00e1vel pelo pagamento de todas as multas que foram geradas antes da transfer\u00eancia da propriedade. &hellip;\" \/>\n<meta property=\"og:url\" content=\"https:\/\/motorista.com.br\/noticias\/2026\/03\/14\/antigo-dono-deve-quitar-multas-anteriores-a-venda-do-carro\/\" \/>\n<meta property=\"og:site_name\" content=\"Motorista.com.br\" \/>\n<meta property=\"article:published_time\" content=\"2026-03-14T12:12:22+00:00\" \/>\n<meta name=\"author\" content=\"Equipe Reda\u00e7\u00e3o\" \/>\n<meta name=\"twitter:card\" content=\"summary_large_image\" \/>\n<meta name=\"twitter:label1\" content=\"Escrito por\" \/>\n\t<meta name=\"twitter:data1\" content=\"Equipe Reda\u00e7\u00e3o\" \/>\n\t<meta name=\"twitter:label2\" content=\"Est. tempo de leitura\" \/>\n\t<meta name=\"twitter:data2\" content=\"2 minutos\" \/>\n\t<meta name=\"twitter:label3\" content=\"Written by\" \/>\n\t<meta name=\"twitter:data3\" content=\"Equipe Reda\u00e7\u00e3o\" \/>\n<script type=\"application\/ld+json\" class=\"yoast-schema-graph\">{\"@context\":\"https:\\\/\\\/schema.org\",\"@graph\":[{\"@type\":\"Article\",\"@id\":\"https:\\\/\\\/motorista.com.br\\\/noticias\\\/2026\\\/03\\\/14\\\/antigo-dono-deve-quitar-multas-anteriores-a-venda-do-carro\\\/#article\",\"isPartOf\":{\"@id\":\"https:\\\/\\\/motorista.com.br\\\/noticias\\\/2026\\\/03\\\/14\\\/antigo-dono-deve-quitar-multas-anteriores-a-venda-do-carro\\\/\"},\"author\":{\"name\":\"Equipe Reda\u00e7\u00e3o\",\"@id\":\"https:\\\/\\\/motorista.com.br\\\/noticias\\\/#\\\/schema\\\/person\\\/dc93afc2981c0e3ce6bc3c053fd847be\"},\"headline\":\"Antigo dono deve quitar multas anteriores \u00e0 venda do carro.\",\"datePublished\":\"2026-03-14T12:12:22+00:00\",\"mainEntityOfPage\":{\"@id\":\"https:\\\/\\\/motorista.com.br\\\/noticias\\\/2026\\\/03\\\/14\\\/antigo-dono-deve-quitar-multas-anteriores-a-venda-do-carro\\\/\"},\"wordCount\":493,\"publisher\":{\"@id\":\"https:\\\/\\\/motorista.com.br\\\/noticias\\\/#organization\"},\"image\":{\"@id\":\"https:\\\/\\\/motorista.com.br\\\/noticias\\\/2026\\\/03\\\/14\\\/antigo-dono-deve-quitar-multas-anteriores-a-venda-do-carro\\\/#primaryimage\"},\"thumbnailUrl\":\"https:\\\/\\\/motorista.com.br\\\/noticias\\\/wp-content\\\/uploads\\\/2026\\\/03\\\/multa-antiga.jpg\",\"articleSection\":[\"Carreteiro\",\"Motorista\"],\"inLanguage\":\"pt-BR\"},{\"@type\":\"WebPage\",\"@id\":\"https:\\\/\\\/motorista.com.br\\\/noticias\\\/2026\\\/03\\\/14\\\/antigo-dono-deve-quitar-multas-anteriores-a-venda-do-carro\\\/\",\"url\":\"https:\\\/\\\/motorista.com.br\\\/noticias\\\/2026\\\/03\\\/14\\\/antigo-dono-deve-quitar-multas-anteriores-a-venda-do-carro\\\/\",\"name\":\"Antigo dono deve quitar multas anteriores \u00e0 venda do carro. - Motorista.com.br\",\"isPartOf\":{\"@id\":\"https:\\\/\\\/motorista.com.br\\\/noticias\\\/#website\"},\"primaryImageOfPage\":{\"@id\":\"https:\\\/\\\/motorista.com.br\\\/noticias\\\/2026\\\/03\\\/14\\\/antigo-dono-deve-quitar-multas-anteriores-a-venda-do-carro\\\/#primaryimage\"},\"image\":{\"@id\":\"https:\\\/\\\/motorista.com.br\\\/noticias\\\/2026\\\/03\\\/14\\\/antigo-dono-deve-quitar-multas-anteriores-a-venda-do-carro\\\/#primaryimage\"},\"thumbnailUrl\":\"https:\\\/\\\/motorista.com.br\\\/noticias\\\/wp-content\\\/uploads\\\/2026\\\/03\\\/multa-antiga.jpg\",\"datePublished\":\"2026-03-14T12:12:22+00:00\",\"breadcrumb\":{\"@id\":\"https:\\\/\\\/motorista.com.br\\\/noticias\\\/2026\\\/03\\\/14\\\/antigo-dono-deve-quitar-multas-anteriores-a-venda-do-carro\\\/#breadcrumb\"},\"inLanguage\":\"pt-BR\",\"potentialAction\":[{\"@type\":\"ReadAction\",\"target\":[\"https:\\\/\\\/motorista.com.br\\\/noticias\\\/2026\\\/03\\\/14\\\/antigo-dono-deve-quitar-multas-anteriores-a-venda-do-carro\\\/\"]}]},{\"@type\":\"ImageObject\",\"inLanguage\":\"pt-BR\",\"@id\":\"https:\\\/\\\/motorista.com.br\\\/noticias\\\/2026\\\/03\\\/14\\\/antigo-dono-deve-quitar-multas-anteriores-a-venda-do-carro\\\/#primaryimage\",\"url\":\"https:\\\/\\\/motorista.com.br\\\/noticias\\\/wp-content\\\/uploads\\\/2026\\\/03\\\/multa-antiga.jpg\",\"contentUrl\":\"https:\\\/\\\/motorista.com.br\\\/noticias\\\/wp-content\\\/uploads\\\/2026\\\/03\\\/multa-antiga.jpg\",\"width\":1200,\"height\":861},{\"@type\":\"BreadcrumbList\",\"@id\":\"https:\\\/\\\/motorista.com.br\\\/noticias\\\/2026\\\/03\\\/14\\\/antigo-dono-deve-quitar-multas-anteriores-a-venda-do-carro\\\/#breadcrumb\",\"itemListElement\":[{\"@type\":\"ListItem\",\"position\":1,\"name\":\"In\u00edcio\",\"item\":\"https:\\\/\\\/motorista.com.br\\\/noticias\\\/\"},{\"@type\":\"ListItem\",\"position\":2,\"name\":\"Antigo dono deve quitar multas anteriores \u00e0 venda do carro.\"}]},{\"@type\":\"WebSite\",\"@id\":\"https:\\\/\\\/motorista.com.br\\\/noticias\\\/#website\",\"url\":\"https:\\\/\\\/motorista.com.br\\\/noticias\\\/\",\"name\":\"Motorista.com.br\",\"description\":\"Not\u00edcia do Motorista\",\"publisher\":{\"@id\":\"https:\\\/\\\/motorista.com.br\\\/noticias\\\/#organization\"},\"potentialAction\":[{\"@type\":\"SearchAction\",\"target\":{\"@type\":\"EntryPoint\",\"urlTemplate\":\"https:\\\/\\\/motorista.com.br\\\/noticias\\\/?s={search_term_string}\"},\"query-input\":{\"@type\":\"PropertyValueSpecification\",\"valueRequired\":true,\"valueName\":\"search_term_string\"}}],\"inLanguage\":\"pt-BR\"},{\"@type\":\"Organization\",\"@id\":\"https:\\\/\\\/motorista.com.br\\\/noticias\\\/#organization\",\"name\":\"Motorista.com.br\",\"url\":\"https:\\\/\\\/motorista.com.br\\\/noticias\\\/\",\"logo\":{\"@type\":\"ImageObject\",\"inLanguage\":\"pt-BR\",\"@id\":\"https:\\\/\\\/motorista.com.br\\\/noticias\\\/#\\\/schema\\\/logo\\\/image\\\/\",\"url\":\"https:\\\/\\\/motorista.com.br\\\/noticias\\\/wp-content\\\/uploads\\\/2025\\\/06\\\/Design-sem-nome-9.png\",\"contentUrl\":\"https:\\\/\\\/motorista.com.br\\\/noticias\\\/wp-content\\\/uploads\\\/2025\\\/06\\\/Design-sem-nome-9.png\",\"width\":150,\"height\":85,\"caption\":\"Motorista.com.br\"},\"image\":{\"@id\":\"https:\\\/\\\/motorista.com.br\\\/noticias\\\/#\\\/schema\\\/logo\\\/image\\\/\"}},{\"@type\":\"Person\",\"@id\":\"https:\\\/\\\/motorista.com.br\\\/noticias\\\/#\\\/schema\\\/person\\\/dc93afc2981c0e3ce6bc3c053fd847be\",\"name\":\"Equipe Reda\u00e7\u00e3o\",\"image\":{\"@type\":\"ImageObject\",\"inLanguage\":\"pt-BR\",\"@id\":\"https:\\\/\\\/secure.gravatar.com\\\/avatar\\\/4f525efbf18dd2bb300ccad28bfb99d95a9465a5ba268407c8c37b37e1f28d2d?s=96&d=mm&r=g9e099043a0c61e9ae27e293b9fa75ffc\",\"url\":\"https:\\\/\\\/secure.gravatar.com\\\/avatar\\\/4f525efbf18dd2bb300ccad28bfb99d95a9465a5ba268407c8c37b37e1f28d2d?s=96&d=mm&r=g\",\"contentUrl\":\"https:\\\/\\\/secure.gravatar.com\\\/avatar\\\/4f525efbf18dd2bb300ccad28bfb99d95a9465a5ba268407c8c37b37e1f28d2d?s=96&d=mm&r=g\",\"caption\":\"Equipe Reda\u00e7\u00e3o\"},\"description\":\"Equipe de reda\u00e7\u00e3o \u00e9 um grupo de profissionais que trabalham juntos para criar conte\u00fado escrito para Motorista.com.br\",\"url\":\"https:\\\/\\\/motorista.com.br\\\/noticias\\\/author\\\/equiperedacao\\\/\"}]}<\/script>\n<!-- \/ Yoast SEO Premium plugin. -->","yoast_head_json":{"title":"Antigo dono deve quitar multas anteriores \u00e0 venda do carro. - Motorista.com.br","robots":{"index":"index","follow":"follow","max-snippet":"max-snippet:-1","max-image-preview":"max-image-preview:large","max-video-preview":"max-video-preview:-1"},"canonical":"https:\/\/motorista.com.br\/noticias\/2026\/03\/14\/antigo-dono-deve-quitar-multas-anteriores-a-venda-do-carro\/","og_locale":"pt_BR","og_type":"article","og_title":"Antigo dono deve quitar multas anteriores \u00e0 venda do carro.","og_description":"Ex-Propriet\u00e1rio Ter\u00e1 que Pagar Todas as Multas de Antes da Venda do Ve\u00edculo Recentemente, um projeto de lei foi aprovado pela Comiss\u00e3o de Via\u00e7\u00e3o e Transportes da C\u00e2mara dos Deputados, que prop\u00f5e que o antigo propriet\u00e1rio de um ve\u00edculo seja respons\u00e1vel pelo pagamento de todas as multas que foram geradas antes da transfer\u00eancia da propriedade. &hellip;","og_url":"https:\/\/motorista.com.br\/noticias\/2026\/03\/14\/antigo-dono-deve-quitar-multas-anteriores-a-venda-do-carro\/","og_site_name":"Motorista.com.br","article_published_time":"2026-03-14T12:12:22+00:00","author":"Equipe Reda\u00e7\u00e3o","twitter_card":"summary_large_image","twitter_misc":{"Escrito por":"Equipe Reda\u00e7\u00e3o","Est. tempo de leitura":"2 minutos","Written by":"Equipe Reda\u00e7\u00e3o"},"schema":{"@context":"https:\/\/schema.org","@graph":[{"@type":"Article","@id":"https:\/\/motorista.com.br\/noticias\/2026\/03\/14\/antigo-dono-deve-quitar-multas-anteriores-a-venda-do-carro\/#article","isPartOf":{"@id":"https:\/\/motorista.com.br\/noticias\/2026\/03\/14\/antigo-dono-deve-quitar-multas-anteriores-a-venda-do-carro\/"},"author":{"name":"Equipe Reda\u00e7\u00e3o","@id":"https:\/\/motorista.com.br\/noticias\/#\/schema\/person\/dc93afc2981c0e3ce6bc3c053fd847be"},"headline":"Antigo dono deve quitar multas anteriores \u00e0 venda do carro.","datePublished":"2026-03-14T12:12:22+00:00","mainEntityOfPage":{"@id":"https:\/\/motorista.com.br\/noticias\/2026\/03\/14\/antigo-dono-deve-quitar-multas-anteriores-a-venda-do-carro\/"},"wordCount":493,"publisher":{"@id":"https:\/\/motorista.com.br\/noticias\/#organization"},"image":{"@id":"https:\/\/motorista.com.br\/noticias\/2026\/03\/14\/antigo-dono-deve-quitar-multas-anteriores-a-venda-do-carro\/#primaryimage"},"thumbnailUrl":"https:\/\/motorista.com.br\/noticias\/wp-content\/uploads\/2026\/03\/multa-antiga.jpg","articleSection":["Carreteiro","Motorista"],"inLanguage":"pt-BR"},{"@type":"WebPage","@id":"https:\/\/motorista.com.br\/noticias\/2026\/03\/14\/antigo-dono-deve-quitar-multas-anteriores-a-venda-do-carro\/","url":"https:\/\/motorista.com.br\/noticias\/2026\/03\/14\/antigo-dono-deve-quitar-multas-anteriores-a-venda-do-carro\/","name":"Antigo dono deve quitar multas anteriores \u00e0 venda do carro. - Motorista.com.br","isPartOf":{"@id":"https:\/\/motorista.com.br\/noticias\/#website"},"primaryImageOfPage":{"@id":"https:\/\/motorista.com.br\/noticias\/2026\/03\/14\/antigo-dono-deve-quitar-multas-anteriores-a-venda-do-carro\/#primaryimage"},"image":{"@id":"https:\/\/motorista.com.br\/noticias\/2026\/03\/14\/antigo-dono-deve-quitar-multas-anteriores-a-venda-do-carro\/#primaryimage"},"thumbnailUrl":"https:\/\/motorista.com.br\/noticias\/wp-content\/uploads\/2026\/03\/multa-antiga.jpg","datePublished":"2026-03-14T12:12:22+00:00","breadcrumb":{"@id":"https:\/\/motorista.com.br\/noticias\/2026\/03\/14\/antigo-dono-deve-quitar-multas-anteriores-a-venda-do-carro\/#breadcrumb"},"inLanguage":"pt-BR","potentialAction":[{"@type":"ReadAction","target":["https:\/\/motorista.com.br\/noticias\/2026\/03\/14\/antigo-dono-deve-quitar-multas-anteriores-a-venda-do-carro\/"]}]},{"@type":"ImageObject","inLanguage":"pt-BR","@id":"https:\/\/motorista.com.br\/noticias\/2026\/03\/14\/antigo-dono-deve-quitar-multas-anteriores-a-venda-do-carro\/#primaryimage","url":"https:\/\/motorista.com.br\/noticias\/wp-content\/uploads\/2026\/03\/multa-antiga.jpg","contentUrl":"https:\/\/motorista.com.br\/noticias\/wp-content\/uploads\/2026\/03\/multa-antiga.jpg","width":1200,"height":861},{"@type":"BreadcrumbList","@id":"https:\/\/motorista.com.br\/noticias\/2026\/03\/14\/antigo-dono-deve-quitar-multas-anteriores-a-venda-do-carro\/#breadcrumb","itemListElement":[{"@type":"ListItem","position":1,"name":"In\u00edcio","item":"https:\/\/motorista.com.br\/noticias\/"},{"@type":"ListItem","position":2,"name":"Antigo dono deve quitar multas anteriores \u00e0 venda do carro."}]},{"@type":"WebSite","@id":"https:\/\/motorista.com.br\/noticias\/#website","url":"https:\/\/motorista.com.br\/noticias\/","name":"Motorista.com.br","description":"Not\u00edcia do Motorista","publisher":{"@id":"https:\/\/motorista.com.br\/noticias\/#organization"},"potentialAction":[{"@type":"SearchAction","target":{"@type":"EntryPoint","urlTemplate":"https:\/\/motorista.com.br\/noticias\/?s={search_term_string}"},"query-input":{"@type":"PropertyValueSpecification","valueRequired":true,"valueName":"search_term_string"}}],"inLanguage":"pt-BR"},{"@type":"Organization","@id":"https:\/\/motorista.com.br\/noticias\/#organization","name":"Motorista.com.br","url":"https:\/\/motorista.com.br\/noticias\/","logo":{"@type":"ImageObject","inLanguage":"pt-BR","@id":"https:\/\/motorista.com.br\/noticias\/#\/schema\/logo\/image\/","url":"https:\/\/motorista.com.br\/noticias\/wp-content\/uploads\/2025\/06\/Design-sem-nome-9.png","contentUrl":"https:\/\/motorista.com.br\/noticias\/wp-content\/uploads\/2025\/06\/Design-sem-nome-9.png","width":150,"height":85,"caption":"Motorista.com.br"},"image":{"@id":"https:\/\/motorista.com.br\/noticias\/#\/schema\/logo\/image\/"}},{"@type":"Person","@id":"https:\/\/motorista.com.br\/noticias\/#\/schema\/person\/dc93afc2981c0e3ce6bc3c053fd847be","name":"Equipe Reda\u00e7\u00e3o","image":{"@type":"ImageObject","inLanguage":"pt-BR","@id":"https:\/\/secure.gravatar.com\/avatar\/4f525efbf18dd2bb300ccad28bfb99d95a9465a5ba268407c8c37b37e1f28d2d?s=96&d=mm&r=g9e099043a0c61e9ae27e293b9fa75ffc","url":"https:\/\/secure.gravatar.com\/avatar\/4f525efbf18dd2bb300ccad28bfb99d95a9465a5ba268407c8c37b37e1f28d2d?s=96&d=mm&r=g","contentUrl":"https:\/\/secure.gravatar.com\/avatar\/4f525efbf18dd2bb300ccad28bfb99d95a9465a5ba268407c8c37b37e1f28d2d?s=96&d=mm&r=g","caption":"Equipe Reda\u00e7\u00e3o"},"description":"Equipe de reda\u00e7\u00e3o \u00e9 um grupo de profissionais que trabalham juntos para criar conte\u00fado escrito para Motorista.com.br","url":"https:\/\/motorista.com.br\/noticias\/author\/equiperedacao\/"}]}},"_links":{"self":[{"href":"https:\/\/motorista.com.br\/noticias\/wp-json\/wp\/v2\/posts\/7732","targetHints":{"allow":["GET"]}}],"collection":[{"href":"https:\/\/motorista.com.br\/noticias\/wp-json\/wp\/v2\/posts"}],"about":[{"href":"https:\/\/motorista.com.br\/noticias\/wp-json\/wp\/v2\/types\/post"}],"author":[{"embeddable":true,"href":"https:\/\/motorista.com.br\/noticias\/wp-json\/wp\/v2\/users\/4"}],"replies":[{"embeddable":true,"href":"https:\/\/motorista.com.br\/noticias\/wp-json\/wp\/v2\/comments?post=7732"}],"version-history":[{"count":0,"href":"https:\/\/motorista.com.br\/noticias\/wp-json\/wp\/v2\/posts\/7732\/revisions"}],"wp:featuredmedia":[{"embeddable":true,"href":"https:\/\/motorista.com.br\/noticias\/wp-json\/wp\/v2\/media\/7733"}],"wp:attachment":[{"href":"https:\/\/motorista.com.br\/noticias\/wp-json\/wp\/v2\/media?parent=7732"}],"wp:term":[{"taxonomy":"category","embeddable":true,"href":"https:\/\/motorista.com.br\/noticias\/wp-json\/wp\/v2\/categories?post=7732"},{"taxonomy":"post_tag","embeddable":true,"href":"https:\/\/motorista.com.br\/noticias\/wp-json\/wp\/v2\/tags?post=7732"},{"taxonomy":"author","embeddable":true,"href":"https:\/\/motorista.com.br\/noticias\/wp-json\/wp\/v2\/coauthors?post=7732"}],"curies":[{"name":"wp","href":"https:\/\/api.w.org\/{rel}","templated":true}]}}