{"id":7730,"date":"2026-03-14T09:04:58","date_gmt":"2026-03-14T12:04:58","guid":{"rendered":"https:\/\/motorista.com.br\/noticias\/2026\/03\/14\/deslocae-gestor-afirma-que-app-tem-sempre-30-downloads-diarios\/"},"modified":"2026-03-14T09:04:58","modified_gmt":"2026-03-14T12:04:58","slug":"deslocae-gestor-afirma-que-app-tem-sempre-30-downloads-diarios","status":"publish","type":"post","link":"https:\/\/motorista.com.br\/noticias\/2026\/03\/14\/deslocae-gestor-afirma-que-app-tem-sempre-30-downloads-diarios\/","title":{"rendered":"Desloca\u00ea: &#8220;Gestor afirma que app tem sempre 30+ downloads di\u00e1rios&#8221;"},"content":{"rendered":"<p><\/p>\n<p><strong>Desloca\u00ea: Crescimento R\u00e1pido e Impactos na Mobilidade em Pernambuco<\/strong><\/p>\n<p>Geisiane Lima e Maycon Amorim, fundadores do aplicativo de mobilidade Desloca\u00ea, desenvolveram a plataforma para atender a uma necessidade identificada em Pernambuco. Com uma ideia surgida de experi\u00eancias pessoais, o casal decidiu transformar a demanda por transporte privado em uma solu\u00e7\u00e3o pr\u00e1tica, especialmente em regi\u00f5es onde a oferta era escassa. A trajet\u00f3ria deles, marcada por desafios e inova\u00e7\u00f5es, evidencia como iniciativas locais podem transformar a mobilidade urbana.<\/p>\n<p>O aplicativo foi lan\u00e7ado com um modelo que conjugou acessibilidade e efici\u00eancia. Desde o in\u00edcio, Geisiane e Maycon enfrentaram resist\u00eancia, especialmente de taxistas que consideravam invi\u00e1vel a tarifa m\u00ednima de R$ 13. Contudo, a determina\u00e7\u00e3o de Maycon em atuar como o \u00fanico motorista da plataforma durante os primeiros dias demonstrou seu compromisso e a experi\u00eancia pr\u00e1tica que adquiriram. Em um ano, o Desloca\u00ea alcan\u00e7ou a impressionante m\u00e9dia de 7 a 8 mil corridas mensais, com mais de 200 motoristas cadastrados.<\/p>\n<p>Esse crescimento n\u00e3o apenas redefine o transporte local, mas tamb\u00e9m proporciona um impacto significativo na mobilidade geral da regi\u00e3o. Ao possibilitar que mais pessoas tenham acesso a op\u00e7\u00f5es de transporte, o Desloca\u00ea est\u00e1 contribuindo para uma cidade mais conectada e acess\u00edvel. Em \u00e1reas onde o transporte p\u00fablico \u00e9 limitado, a mobilidade privada se torna essencial, permitindo que moradores se desloquem com mais facilidade, o que incentiva o com\u00e9rcio local.<\/p>\n<p>Os fundadores, mesmo sem uma forma\u00e7\u00e3o direta em mobilidade, aprenderam a import\u00e2ncia de n\u00e3o apenas oferecer um servi\u00e7o, mas tamb\u00e9m de criar um la\u00e7o com a comunidade. O Desloca\u00ea se destaca por se tornar um ponto de refer\u00eancia para indica\u00e7\u00f5es, ampliando sua atua\u00e7\u00e3o al\u00e9m do transporte. Essa abordagem focada nas necessidades dos usu\u00e1rios fortalece o engajamento comunit\u00e1rio, transformando motoristas em embaixadores do aplicativo.<\/p>\n<p>Al\u00e9m disso, o modelo de remunera\u00e7\u00e3o e as pr\u00e1ticas de valoriza\u00e7\u00e3o dos motoristas s\u00e3o essenciais para o sucesso do aplicativo. Oferecendo bonifica\u00e7\u00f5es e reconhecimento, a plataforma cria um ambiente motivador, que n\u00e3o apenas incentiva os motoristas, mas tamb\u00e9m assegura um servi\u00e7o de qualidade para os passageiros. A prote\u00e7\u00e3o e o cuidado com quem opera a plataforma refletem diretamente na experi\u00eancia dos usu\u00e1rios.<\/p>\n<p>Por fim, a experi\u00eancia e a viv\u00eancia local de Geisiane e Maycon levam a um entendimento profundo das necessidades da popula\u00e7\u00e3o. A decis\u00e3o de se focar na excel\u00eancia do servi\u00e7o dentro da regi\u00e3o de Serra Talhada, antes de pensar em expans\u00e3o, indica um compromisso com a qualidade e com a satisfa\u00e7\u00e3o do cliente.<\/p>\n<p>\u00c0 medida que o Desloca\u00ea continua a expandir sua base de usu\u00e1rios e motoristas, fica evidente que o aplicativo n\u00e3o \u00e9 apenas uma plataforma de transporte, mas um catalisador de mudan\u00e7as positivas na mobilidade da regi\u00e3o, contribuindo para que a popula\u00e7\u00e3o tenha acesso a um servi\u00e7o adequado e a um transporte mais acess\u00edvel e eficiente. <\/p>\n<p><strong>Fonte: 55content<\/strong><\/p>\n","protected":false},"excerpt":{"rendered":"<p>Desloca\u00ea: Crescimento R\u00e1pido e Impactos na Mobilidade em Pernambuco Geisiane Lima e Maycon Amorim, fundadores do aplicativo de mobilidade Desloca\u00ea, desenvolveram a plataforma para atender a uma necessidade identificada em Pernambuco. Com uma ideia surgida de experi\u00eancias pessoais, o casal decidiu transformar a demanda por transporte privado em uma solu\u00e7\u00e3o pr\u00e1tica, especialmente em regi\u00f5es onde &hellip;<\/p>\n","protected":false},"author":4,"featured_media":7731,"comment_status":"","ping_status":"open","sticky":false,"template":"","format":"standard","meta":{"footnotes":""},"categories":[49,77],"tags":[],"coauthors":[42],"class_list":["post-7730","post","type-post","status-publish","format-standard","has-post-thumbnail","hentry","category-aplicativos","category-motorista"],"yoast_head":"<!-- This site is optimized with the Yoast SEO Premium plugin v25.5 (Yoast SEO v27.5) - https:\/\/yoast.com\/product\/yoast-seo-premium-wordpress\/ -->\n<title>Desloca\u00ea: &quot;Gestor afirma que app tem sempre 30+ downloads di\u00e1rios&quot; - Motorista.com.br<\/title>\n<meta name=\"robots\" content=\"index, follow, max-snippet:-1, max-image-preview:large, max-video-preview:-1\" \/>\n<link rel=\"canonical\" href=\"https:\/\/motorista.com.br\/noticias\/2026\/03\/14\/deslocae-gestor-afirma-que-app-tem-sempre-30-downloads-diarios\/\" \/>\n<meta property=\"og:locale\" content=\"pt_BR\" \/>\n<meta property=\"og:type\" content=\"article\" \/>\n<meta property=\"og:title\" content=\"Desloca\u00ea: &quot;Gestor afirma que app tem sempre 30+ downloads di\u00e1rios&quot;\" \/>\n<meta property=\"og:description\" content=\"Desloca\u00ea: Crescimento R\u00e1pido e Impactos na Mobilidade em Pernambuco Geisiane Lima e Maycon Amorim, fundadores do aplicativo de mobilidade Desloca\u00ea, desenvolveram a plataforma para atender a uma necessidade identificada em Pernambuco. Com uma ideia surgida de experi\u00eancias pessoais, o casal decidiu transformar a demanda por transporte privado em uma solu\u00e7\u00e3o pr\u00e1tica, especialmente em regi\u00f5es onde &hellip;\" \/>\n<meta property=\"og:url\" content=\"https:\/\/motorista.com.br\/noticias\/2026\/03\/14\/deslocae-gestor-afirma-que-app-tem-sempre-30-downloads-diarios\/\" \/>\n<meta property=\"og:site_name\" content=\"Motorista.com.br\" \/>\n<meta property=\"article:published_time\" content=\"2026-03-14T12:04:58+00:00\" \/>\n<meta name=\"author\" content=\"Equipe Reda\u00e7\u00e3o\" \/>\n<meta name=\"twitter:card\" content=\"summary_large_image\" \/>\n<meta name=\"twitter:label1\" content=\"Escrito por\" \/>\n\t<meta name=\"twitter:data1\" content=\"Equipe Reda\u00e7\u00e3o\" \/>\n\t<meta name=\"twitter:label2\" content=\"Est. tempo de leitura\" \/>\n\t<meta name=\"twitter:data2\" content=\"3 minutos\" \/>\n\t<meta name=\"twitter:label3\" content=\"Written by\" \/>\n\t<meta name=\"twitter:data3\" content=\"Equipe Reda\u00e7\u00e3o\" \/>\n<script type=\"application\/ld+json\" class=\"yoast-schema-graph\">{\"@context\":\"https:\\\/\\\/schema.org\",\"@graph\":[{\"@type\":\"Article\",\"@id\":\"https:\\\/\\\/motorista.com.br\\\/noticias\\\/2026\\\/03\\\/14\\\/deslocae-gestor-afirma-que-app-tem-sempre-30-downloads-diarios\\\/#article\",\"isPartOf\":{\"@id\":\"https:\\\/\\\/motorista.com.br\\\/noticias\\\/2026\\\/03\\\/14\\\/deslocae-gestor-afirma-que-app-tem-sempre-30-downloads-diarios\\\/\"},\"author\":{\"name\":\"Equipe Reda\u00e7\u00e3o\",\"@id\":\"https:\\\/\\\/motorista.com.br\\\/noticias\\\/#\\\/schema\\\/person\\\/dc93afc2981c0e3ce6bc3c053fd847be\"},\"headline\":\"Desloca\u00ea: &#8220;Gestor afirma que app tem sempre 30+ downloads di\u00e1rios&#8221;\",\"datePublished\":\"2026-03-14T12:04:58+00:00\",\"mainEntityOfPage\":{\"@id\":\"https:\\\/\\\/motorista.com.br\\\/noticias\\\/2026\\\/03\\\/14\\\/deslocae-gestor-afirma-que-app-tem-sempre-30-downloads-diarios\\\/\"},\"wordCount\":528,\"publisher\":{\"@id\":\"https:\\\/\\\/motorista.com.br\\\/noticias\\\/#organization\"},\"image\":{\"@id\":\"https:\\\/\\\/motorista.com.br\\\/noticias\\\/2026\\\/03\\\/14\\\/deslocae-gestor-afirma-que-app-tem-sempre-30-downloads-diarios\\\/#primaryimage\"},\"thumbnailUrl\":\"https:\\\/\\\/motorista.com.br\\\/noticias\\\/wp-content\\\/uploads\\\/2026\\\/03\\\/WhatsApp-Image-2026-03-03-at-8.00.47-AM.jpeg\",\"articleSection\":[\"Aplicativos\",\"Motorista\"],\"inLanguage\":\"pt-BR\"},{\"@type\":\"WebPage\",\"@id\":\"https:\\\/\\\/motorista.com.br\\\/noticias\\\/2026\\\/03\\\/14\\\/deslocae-gestor-afirma-que-app-tem-sempre-30-downloads-diarios\\\/\",\"url\":\"https:\\\/\\\/motorista.com.br\\\/noticias\\\/2026\\\/03\\\/14\\\/deslocae-gestor-afirma-que-app-tem-sempre-30-downloads-diarios\\\/\",\"name\":\"Desloca\u00ea: \\\"Gestor afirma que app tem sempre 30+ downloads di\u00e1rios\\\" - Motorista.com.br\",\"isPartOf\":{\"@id\":\"https:\\\/\\\/motorista.com.br\\\/noticias\\\/#website\"},\"primaryImageOfPage\":{\"@id\":\"https:\\\/\\\/motorista.com.br\\\/noticias\\\/2026\\\/03\\\/14\\\/deslocae-gestor-afirma-que-app-tem-sempre-30-downloads-diarios\\\/#primaryimage\"},\"image\":{\"@id\":\"https:\\\/\\\/motorista.com.br\\\/noticias\\\/2026\\\/03\\\/14\\\/deslocae-gestor-afirma-que-app-tem-sempre-30-downloads-diarios\\\/#primaryimage\"},\"thumbnailUrl\":\"https:\\\/\\\/motorista.com.br\\\/noticias\\\/wp-content\\\/uploads\\\/2026\\\/03\\\/WhatsApp-Image-2026-03-03-at-8.00.47-AM.jpeg\",\"datePublished\":\"2026-03-14T12:04:58+00:00\",\"breadcrumb\":{\"@id\":\"https:\\\/\\\/motorista.com.br\\\/noticias\\\/2026\\\/03\\\/14\\\/deslocae-gestor-afirma-que-app-tem-sempre-30-downloads-diarios\\\/#breadcrumb\"},\"inLanguage\":\"pt-BR\",\"potentialAction\":[{\"@type\":\"ReadAction\",\"target\":[\"https:\\\/\\\/motorista.com.br\\\/noticias\\\/2026\\\/03\\\/14\\\/deslocae-gestor-afirma-que-app-tem-sempre-30-downloads-diarios\\\/\"]}]},{\"@type\":\"ImageObject\",\"inLanguage\":\"pt-BR\",\"@id\":\"https:\\\/\\\/motorista.com.br\\\/noticias\\\/2026\\\/03\\\/14\\\/deslocae-gestor-afirma-que-app-tem-sempre-30-downloads-diarios\\\/#primaryimage\",\"url\":\"https:\\\/\\\/motorista.com.br\\\/noticias\\\/wp-content\\\/uploads\\\/2026\\\/03\\\/WhatsApp-Image-2026-03-03-at-8.00.47-AM.jpeg\",\"contentUrl\":\"https:\\\/\\\/motorista.com.br\\\/noticias\\\/wp-content\\\/uploads\\\/2026\\\/03\\\/WhatsApp-Image-2026-03-03-at-8.00.47-AM.jpeg\",\"width\":1162,\"height\":1577},{\"@type\":\"BreadcrumbList\",\"@id\":\"https:\\\/\\\/motorista.com.br\\\/noticias\\\/2026\\\/03\\\/14\\\/deslocae-gestor-afirma-que-app-tem-sempre-30-downloads-diarios\\\/#breadcrumb\",\"itemListElement\":[{\"@type\":\"ListItem\",\"position\":1,\"name\":\"In\u00edcio\",\"item\":\"https:\\\/\\\/motorista.com.br\\\/noticias\\\/\"},{\"@type\":\"ListItem\",\"position\":2,\"name\":\"Desloca\u00ea: &#8220;Gestor afirma que app tem sempre 30+ downloads di\u00e1rios&#8221;\"}]},{\"@type\":\"WebSite\",\"@id\":\"https:\\\/\\\/motorista.com.br\\\/noticias\\\/#website\",\"url\":\"https:\\\/\\\/motorista.com.br\\\/noticias\\\/\",\"name\":\"Motorista.com.br\",\"description\":\"Not\u00edcia do Motorista\",\"publisher\":{\"@id\":\"https:\\\/\\\/motorista.com.br\\\/noticias\\\/#organization\"},\"potentialAction\":[{\"@type\":\"SearchAction\",\"target\":{\"@type\":\"EntryPoint\",\"urlTemplate\":\"https:\\\/\\\/motorista.com.br\\\/noticias\\\/?s={search_term_string}\"},\"query-input\":{\"@type\":\"PropertyValueSpecification\",\"valueRequired\":true,\"valueName\":\"search_term_string\"}}],\"inLanguage\":\"pt-BR\"},{\"@type\":\"Organization\",\"@id\":\"https:\\\/\\\/motorista.com.br\\\/noticias\\\/#organization\",\"name\":\"Motorista.com.br\",\"url\":\"https:\\\/\\\/motorista.com.br\\\/noticias\\\/\",\"logo\":{\"@type\":\"ImageObject\",\"inLanguage\":\"pt-BR\",\"@id\":\"https:\\\/\\\/motorista.com.br\\\/noticias\\\/#\\\/schema\\\/logo\\\/image\\\/\",\"url\":\"https:\\\/\\\/motorista.com.br\\\/noticias\\\/wp-content\\\/uploads\\\/2025\\\/06\\\/Design-sem-nome-9.png\",\"contentUrl\":\"https:\\\/\\\/motorista.com.br\\\/noticias\\\/wp-content\\\/uploads\\\/2025\\\/06\\\/Design-sem-nome-9.png\",\"width\":150,\"height\":85,\"caption\":\"Motorista.com.br\"},\"image\":{\"@id\":\"https:\\\/\\\/motorista.com.br\\\/noticias\\\/#\\\/schema\\\/logo\\\/image\\\/\"}},{\"@type\":\"Person\",\"@id\":\"https:\\\/\\\/motorista.com.br\\\/noticias\\\/#\\\/schema\\\/person\\\/dc93afc2981c0e3ce6bc3c053fd847be\",\"name\":\"Equipe Reda\u00e7\u00e3o\",\"image\":{\"@type\":\"ImageObject\",\"inLanguage\":\"pt-BR\",\"@id\":\"https:\\\/\\\/secure.gravatar.com\\\/avatar\\\/4f525efbf18dd2bb300ccad28bfb99d95a9465a5ba268407c8c37b37e1f28d2d?s=96&d=mm&r=g9e099043a0c61e9ae27e293b9fa75ffc\",\"url\":\"https:\\\/\\\/secure.gravatar.com\\\/avatar\\\/4f525efbf18dd2bb300ccad28bfb99d95a9465a5ba268407c8c37b37e1f28d2d?s=96&d=mm&r=g\",\"contentUrl\":\"https:\\\/\\\/secure.gravatar.com\\\/avatar\\\/4f525efbf18dd2bb300ccad28bfb99d95a9465a5ba268407c8c37b37e1f28d2d?s=96&d=mm&r=g\",\"caption\":\"Equipe Reda\u00e7\u00e3o\"},\"description\":\"Equipe de reda\u00e7\u00e3o \u00e9 um grupo de profissionais que trabalham juntos para criar conte\u00fado escrito para Motorista.com.br\",\"url\":\"https:\\\/\\\/motorista.com.br\\\/noticias\\\/author\\\/equiperedacao\\\/\"}]}<\/script>\n<!-- \/ Yoast SEO Premium plugin. -->","yoast_head_json":{"title":"Desloca\u00ea: \"Gestor afirma que app tem sempre 30+ downloads di\u00e1rios\" - Motorista.com.br","robots":{"index":"index","follow":"follow","max-snippet":"max-snippet:-1","max-image-preview":"max-image-preview:large","max-video-preview":"max-video-preview:-1"},"canonical":"https:\/\/motorista.com.br\/noticias\/2026\/03\/14\/deslocae-gestor-afirma-que-app-tem-sempre-30-downloads-diarios\/","og_locale":"pt_BR","og_type":"article","og_title":"Desloca\u00ea: \"Gestor afirma que app tem sempre 30+ downloads di\u00e1rios\"","og_description":"Desloca\u00ea: Crescimento R\u00e1pido e Impactos na Mobilidade em Pernambuco Geisiane Lima e Maycon Amorim, fundadores do aplicativo de mobilidade Desloca\u00ea, desenvolveram a plataforma para atender a uma necessidade identificada em Pernambuco. Com uma ideia surgida de experi\u00eancias pessoais, o casal decidiu transformar a demanda por transporte privado em uma solu\u00e7\u00e3o pr\u00e1tica, especialmente em regi\u00f5es onde &hellip;","og_url":"https:\/\/motorista.com.br\/noticias\/2026\/03\/14\/deslocae-gestor-afirma-que-app-tem-sempre-30-downloads-diarios\/","og_site_name":"Motorista.com.br","article_published_time":"2026-03-14T12:04:58+00:00","author":"Equipe Reda\u00e7\u00e3o","twitter_card":"summary_large_image","twitter_misc":{"Escrito por":"Equipe Reda\u00e7\u00e3o","Est. tempo de leitura":"3 minutos","Written by":"Equipe Reda\u00e7\u00e3o"},"schema":{"@context":"https:\/\/schema.org","@graph":[{"@type":"Article","@id":"https:\/\/motorista.com.br\/noticias\/2026\/03\/14\/deslocae-gestor-afirma-que-app-tem-sempre-30-downloads-diarios\/#article","isPartOf":{"@id":"https:\/\/motorista.com.br\/noticias\/2026\/03\/14\/deslocae-gestor-afirma-que-app-tem-sempre-30-downloads-diarios\/"},"author":{"name":"Equipe Reda\u00e7\u00e3o","@id":"https:\/\/motorista.com.br\/noticias\/#\/schema\/person\/dc93afc2981c0e3ce6bc3c053fd847be"},"headline":"Desloca\u00ea: &#8220;Gestor afirma que app tem sempre 30+ downloads di\u00e1rios&#8221;","datePublished":"2026-03-14T12:04:58+00:00","mainEntityOfPage":{"@id":"https:\/\/motorista.com.br\/noticias\/2026\/03\/14\/deslocae-gestor-afirma-que-app-tem-sempre-30-downloads-diarios\/"},"wordCount":528,"publisher":{"@id":"https:\/\/motorista.com.br\/noticias\/#organization"},"image":{"@id":"https:\/\/motorista.com.br\/noticias\/2026\/03\/14\/deslocae-gestor-afirma-que-app-tem-sempre-30-downloads-diarios\/#primaryimage"},"thumbnailUrl":"https:\/\/motorista.com.br\/noticias\/wp-content\/uploads\/2026\/03\/WhatsApp-Image-2026-03-03-at-8.00.47-AM.jpeg","articleSection":["Aplicativos","Motorista"],"inLanguage":"pt-BR"},{"@type":"WebPage","@id":"https:\/\/motorista.com.br\/noticias\/2026\/03\/14\/deslocae-gestor-afirma-que-app-tem-sempre-30-downloads-diarios\/","url":"https:\/\/motorista.com.br\/noticias\/2026\/03\/14\/deslocae-gestor-afirma-que-app-tem-sempre-30-downloads-diarios\/","name":"Desloca\u00ea: \"Gestor afirma que app tem sempre 30+ downloads di\u00e1rios\" - Motorista.com.br","isPartOf":{"@id":"https:\/\/motorista.com.br\/noticias\/#website"},"primaryImageOfPage":{"@id":"https:\/\/motorista.com.br\/noticias\/2026\/03\/14\/deslocae-gestor-afirma-que-app-tem-sempre-30-downloads-diarios\/#primaryimage"},"image":{"@id":"https:\/\/motorista.com.br\/noticias\/2026\/03\/14\/deslocae-gestor-afirma-que-app-tem-sempre-30-downloads-diarios\/#primaryimage"},"thumbnailUrl":"https:\/\/motorista.com.br\/noticias\/wp-content\/uploads\/2026\/03\/WhatsApp-Image-2026-03-03-at-8.00.47-AM.jpeg","datePublished":"2026-03-14T12:04:58+00:00","breadcrumb":{"@id":"https:\/\/motorista.com.br\/noticias\/2026\/03\/14\/deslocae-gestor-afirma-que-app-tem-sempre-30-downloads-diarios\/#breadcrumb"},"inLanguage":"pt-BR","potentialAction":[{"@type":"ReadAction","target":["https:\/\/motorista.com.br\/noticias\/2026\/03\/14\/deslocae-gestor-afirma-que-app-tem-sempre-30-downloads-diarios\/"]}]},{"@type":"ImageObject","inLanguage":"pt-BR","@id":"https:\/\/motorista.com.br\/noticias\/2026\/03\/14\/deslocae-gestor-afirma-que-app-tem-sempre-30-downloads-diarios\/#primaryimage","url":"https:\/\/motorista.com.br\/noticias\/wp-content\/uploads\/2026\/03\/WhatsApp-Image-2026-03-03-at-8.00.47-AM.jpeg","contentUrl":"https:\/\/motorista.com.br\/noticias\/wp-content\/uploads\/2026\/03\/WhatsApp-Image-2026-03-03-at-8.00.47-AM.jpeg","width":1162,"height":1577},{"@type":"BreadcrumbList","@id":"https:\/\/motorista.com.br\/noticias\/2026\/03\/14\/deslocae-gestor-afirma-que-app-tem-sempre-30-downloads-diarios\/#breadcrumb","itemListElement":[{"@type":"ListItem","position":1,"name":"In\u00edcio","item":"https:\/\/motorista.com.br\/noticias\/"},{"@type":"ListItem","position":2,"name":"Desloca\u00ea: &#8220;Gestor afirma que app tem sempre 30+ downloads di\u00e1rios&#8221;"}]},{"@type":"WebSite","@id":"https:\/\/motorista.com.br\/noticias\/#website","url":"https:\/\/motorista.com.br\/noticias\/","name":"Motorista.com.br","description":"Not\u00edcia do Motorista","publisher":{"@id":"https:\/\/motorista.com.br\/noticias\/#organization"},"potentialAction":[{"@type":"SearchAction","target":{"@type":"EntryPoint","urlTemplate":"https:\/\/motorista.com.br\/noticias\/?s={search_term_string}"},"query-input":{"@type":"PropertyValueSpecification","valueRequired":true,"valueName":"search_term_string"}}],"inLanguage":"pt-BR"},{"@type":"Organization","@id":"https:\/\/motorista.com.br\/noticias\/#organization","name":"Motorista.com.br","url":"https:\/\/motorista.com.br\/noticias\/","logo":{"@type":"ImageObject","inLanguage":"pt-BR","@id":"https:\/\/motorista.com.br\/noticias\/#\/schema\/logo\/image\/","url":"https:\/\/motorista.com.br\/noticias\/wp-content\/uploads\/2025\/06\/Design-sem-nome-9.png","contentUrl":"https:\/\/motorista.com.br\/noticias\/wp-content\/uploads\/2025\/06\/Design-sem-nome-9.png","width":150,"height":85,"caption":"Motorista.com.br"},"image":{"@id":"https:\/\/motorista.com.br\/noticias\/#\/schema\/logo\/image\/"}},{"@type":"Person","@id":"https:\/\/motorista.com.br\/noticias\/#\/schema\/person\/dc93afc2981c0e3ce6bc3c053fd847be","name":"Equipe Reda\u00e7\u00e3o","image":{"@type":"ImageObject","inLanguage":"pt-BR","@id":"https:\/\/secure.gravatar.com\/avatar\/4f525efbf18dd2bb300ccad28bfb99d95a9465a5ba268407c8c37b37e1f28d2d?s=96&d=mm&r=g9e099043a0c61e9ae27e293b9fa75ffc","url":"https:\/\/secure.gravatar.com\/avatar\/4f525efbf18dd2bb300ccad28bfb99d95a9465a5ba268407c8c37b37e1f28d2d?s=96&d=mm&r=g","contentUrl":"https:\/\/secure.gravatar.com\/avatar\/4f525efbf18dd2bb300ccad28bfb99d95a9465a5ba268407c8c37b37e1f28d2d?s=96&d=mm&r=g","caption":"Equipe Reda\u00e7\u00e3o"},"description":"Equipe de reda\u00e7\u00e3o \u00e9 um grupo de profissionais que trabalham juntos para criar conte\u00fado escrito para Motorista.com.br","url":"https:\/\/motorista.com.br\/noticias\/author\/equiperedacao\/"}]}},"_links":{"self":[{"href":"https:\/\/motorista.com.br\/noticias\/wp-json\/wp\/v2\/posts\/7730","targetHints":{"allow":["GET"]}}],"collection":[{"href":"https:\/\/motorista.com.br\/noticias\/wp-json\/wp\/v2\/posts"}],"about":[{"href":"https:\/\/motorista.com.br\/noticias\/wp-json\/wp\/v2\/types\/post"}],"author":[{"embeddable":true,"href":"https:\/\/motorista.com.br\/noticias\/wp-json\/wp\/v2\/users\/4"}],"replies":[{"embeddable":true,"href":"https:\/\/motorista.com.br\/noticias\/wp-json\/wp\/v2\/comments?post=7730"}],"version-history":[{"count":0,"href":"https:\/\/motorista.com.br\/noticias\/wp-json\/wp\/v2\/posts\/7730\/revisions"}],"wp:featuredmedia":[{"embeddable":true,"href":"https:\/\/motorista.com.br\/noticias\/wp-json\/wp\/v2\/media\/7731"}],"wp:attachment":[{"href":"https:\/\/motorista.com.br\/noticias\/wp-json\/wp\/v2\/media?parent=7730"}],"wp:term":[{"taxonomy":"category","embeddable":true,"href":"https:\/\/motorista.com.br\/noticias\/wp-json\/wp\/v2\/categories?post=7730"},{"taxonomy":"post_tag","embeddable":true,"href":"https:\/\/motorista.com.br\/noticias\/wp-json\/wp\/v2\/tags?post=7730"},{"taxonomy":"author","embeddable":true,"href":"https:\/\/motorista.com.br\/noticias\/wp-json\/wp\/v2\/coauthors?post=7730"}],"curies":[{"name":"wp","href":"https:\/\/api.w.org\/{rel}","templated":true}]}}