{"id":7726,"date":"2026-03-14T01:35:11","date_gmt":"2026-03-14T04:35:11","guid":{"rendered":"https:\/\/motorista.com.br\/noticias\/2026\/03\/14\/lancamento-da-agenda-legislativa-2026-da-frenlogi-no-senado-na-proxima-semana\/"},"modified":"2026-03-14T01:35:11","modified_gmt":"2026-03-14T04:35:11","slug":"lancamento-da-agenda-legislativa-2026-da-frenlogi-no-senado-na-proxima-semana","status":"publish","type":"post","link":"https:\/\/motorista.com.br\/noticias\/2026\/03\/14\/lancamento-da-agenda-legislativa-2026-da-frenlogi-no-senado-na-proxima-semana\/","title":{"rendered":"Lan\u00e7amento da Agenda Legislativa 2026 da FRENLOGI no Senado na pr\u00f3xima semana."},"content":{"rendered":"<p><\/p>\n<h1>Agenda Legislativa 2026 da FRENLOGI ser\u00e1 lan\u00e7ada no Senado na pr\u00f3xima semana<\/h1>\n<h2>Introdu\u00e7\u00e3o<\/h2>\n<p>A nova Agenda Legislativa 2026 da FRENLOGI representa um marco significativo para o setor log\u00edstico brasileiro. Este documento busca alinhar diversas propostas que v\u00e3o desde a infraestrutura at\u00e9 a regulamenta\u00e7\u00e3o de servi\u00e7os, impactando diretamente a mobilidade no pa\u00eds. <\/p>\n<h2>Benef\u00edcios para os Motoristas e Mobilidade Geral<\/h2>\n<h3>Melhoria na Infraestrutura<\/h3>\n<p>Uma das principais propostas da Agenda Legislativa \u00e9 a melhoria da infraestrutura de transportes, incluindo rodovias, ferrovias e portos. Para os motoristas, isso significa menos tempo em estradas em condi\u00e7\u00f5es prec\u00e1rias e, consequentemente, uma redu\u00e7\u00e3o nos custos operacionais. Estradas mais seguras e bem mantidas tamb\u00e9m reduzem o risco de acidentes, promovendo uma circula\u00e7\u00e3o mais eficiente e segura.<\/p>\n<h3>Regulamenta\u00e7\u00e3o do Setor<\/h3>\n<p>A inclus\u00e3o de regulamenta\u00e7\u00f5es que visam a moderniza\u00e7\u00e3o do setor log\u00edstico pode facilitar a integra\u00e7\u00e3o de tecnologias inovadoras, como telemetria e sistemas de rastreamento. Estas tecnologias n\u00e3o apenas aumentam a seguran\u00e7a, mas tamb\u00e9m otimizam o tempo de entrega e a gest\u00e3o de frotas, beneficiando motoristas com um trabalho mais organizado e produtivo.<\/p>\n<h3>Sustentabilidade e Transporte<\/h3>\n<p>A Agenda tamb\u00e9m abrange pr\u00e1ticas sustent\u00e1veis, incentivando novas tecnologias, como ve\u00edculos el\u00e9tricos e h\u00edbridos. Isso n\u00e3o s\u00f3 ajudar\u00e1 o meio ambiente, como tamb\u00e9m poder\u00e1 reduzir os custos de opera\u00e7\u00e3o a longo prazo para os motoristas, que poder\u00e3o economizar em combust\u00edveis tradicionais.<\/p>\n<h3>Acelera\u00e7\u00e3o da Mobilidade Urbana<\/h3>\n<p>Al\u00e9m do transporte rodovi\u00e1rio, o papel da FRENLOGI em promover uma melhor mobilidade urbana \u00e9 fundamental. Com o aumento de iniciativas que envolvem o transporte coletivo e a conectividade entre diferentes modais, \u00e9 poss\u00edvel esperar um fluxo mais livre nas cidades, beneficiando tanto os motoristas quanto os pedestres.<\/p>\n<h3>Impactos Sociais<\/h3>\n<p>Por \u00faltimo, cabe ressaltar que as melhorias propostas na Agenda Legislativa tamb\u00e9m t\u00eam um potencial impacto social positivo. A cria\u00e7\u00e3o e manuten\u00e7\u00e3o de empregos no setor log\u00edstico, al\u00e9m de garantir melhores condi\u00e7\u00f5es de trabalho para motoristas, contribuem para uma economia mais din\u00e2mica e inclusiva.<\/p>\n<h2>Conclus\u00e3o<\/h2>\n<p>A apresenta\u00e7\u00e3o da Agenda Legislativa 2026 da FRENLOGI no Senado \u00e9 uma oportunidade para discutir e avan\u00e7ar nas quest\u00f5es que afetam profundamente os motoristas e a mobilidade no Brasil. Os benef\u00edcios esperados v\u00e3o al\u00e9m das mudan\u00e7as imediatas nas rodovias; eles refletem um compromisso com um futuro mais eficiente, sustent\u00e1vel e seguro para todos os usu\u00e1rios das vias p\u00fablicas.<\/p>\n<p><strong>Fonte:<\/strong> ibl.org.br<\/p>\n","protected":false},"excerpt":{"rendered":"<p>Agenda Legislativa 2026 da FRENLOGI ser\u00e1 lan\u00e7ada no Senado na pr\u00f3xima semana Introdu\u00e7\u00e3o A nova Agenda Legislativa 2026 da FRENLOGI representa um marco significativo para o setor log\u00edstico brasileiro. Este documento busca alinhar diversas propostas que v\u00e3o desde a infraestrutura at\u00e9 a regulamenta\u00e7\u00e3o de servi\u00e7os, impactando diretamente a mobilidade no pa\u00eds. Benef\u00edcios para os Motoristas &hellip;<\/p>\n","protected":false},"author":4,"featured_media":7727,"comment_status":"","ping_status":"open","sticky":false,"template":"","format":"standard","meta":{"footnotes":""},"categories":[62],"tags":[],"coauthors":[42],"class_list":["post-7726","post","type-post","status-publish","format-standard","has-post-thumbnail","hentry","category-logistica"],"yoast_head":"<!-- This site is optimized with the Yoast SEO Premium plugin v25.5 (Yoast SEO v27.5) - https:\/\/yoast.com\/product\/yoast-seo-premium-wordpress\/ -->\n<title>Lan\u00e7amento da Agenda Legislativa 2026 da FRENLOGI no Senado na pr\u00f3xima semana. - Motorista.com.br<\/title>\n<meta name=\"robots\" content=\"index, follow, max-snippet:-1, max-image-preview:large, max-video-preview:-1\" \/>\n<link rel=\"canonical\" href=\"https:\/\/motorista.com.br\/noticias\/2026\/03\/14\/lancamento-da-agenda-legislativa-2026-da-frenlogi-no-senado-na-proxima-semana\/\" \/>\n<meta property=\"og:locale\" content=\"pt_BR\" \/>\n<meta property=\"og:type\" content=\"article\" \/>\n<meta property=\"og:title\" content=\"Lan\u00e7amento da Agenda Legislativa 2026 da FRENLOGI no Senado na pr\u00f3xima semana.\" \/>\n<meta property=\"og:description\" content=\"Agenda Legislativa 2026 da FRENLOGI ser\u00e1 lan\u00e7ada no Senado na pr\u00f3xima semana Introdu\u00e7\u00e3o A nova Agenda Legislativa 2026 da FRENLOGI representa um marco significativo para o setor log\u00edstico brasileiro. Este documento busca alinhar diversas propostas que v\u00e3o desde a infraestrutura at\u00e9 a regulamenta\u00e7\u00e3o de servi\u00e7os, impactando diretamente a mobilidade no pa\u00eds. Benef\u00edcios para os Motoristas &hellip;\" \/>\n<meta property=\"og:url\" content=\"https:\/\/motorista.com.br\/noticias\/2026\/03\/14\/lancamento-da-agenda-legislativa-2026-da-frenlogi-no-senado-na-proxima-semana\/\" \/>\n<meta property=\"og:site_name\" content=\"Motorista.com.br\" \/>\n<meta property=\"article:published_time\" content=\"2026-03-14T04:35:11+00:00\" \/>\n<meta name=\"author\" content=\"Equipe Reda\u00e7\u00e3o\" \/>\n<meta name=\"twitter:card\" content=\"summary_large_image\" \/>\n<meta name=\"twitter:label1\" content=\"Escrito por\" \/>\n\t<meta name=\"twitter:data1\" content=\"Equipe Reda\u00e7\u00e3o\" \/>\n\t<meta name=\"twitter:label2\" content=\"Est. tempo de leitura\" \/>\n\t<meta name=\"twitter:data2\" content=\"2 minutos\" \/>\n\t<meta name=\"twitter:label3\" content=\"Written by\" \/>\n\t<meta name=\"twitter:data3\" content=\"Equipe Reda\u00e7\u00e3o\" \/>\n<script type=\"application\/ld+json\" class=\"yoast-schema-graph\">{\"@context\":\"https:\\\/\\\/schema.org\",\"@graph\":[{\"@type\":\"Article\",\"@id\":\"https:\\\/\\\/motorista.com.br\\\/noticias\\\/2026\\\/03\\\/14\\\/lancamento-da-agenda-legislativa-2026-da-frenlogi-no-senado-na-proxima-semana\\\/#article\",\"isPartOf\":{\"@id\":\"https:\\\/\\\/motorista.com.br\\\/noticias\\\/2026\\\/03\\\/14\\\/lancamento-da-agenda-legislativa-2026-da-frenlogi-no-senado-na-proxima-semana\\\/\"},\"author\":{\"name\":\"Equipe Reda\u00e7\u00e3o\",\"@id\":\"https:\\\/\\\/motorista.com.br\\\/noticias\\\/#\\\/schema\\\/person\\\/dc93afc2981c0e3ce6bc3c053fd847be\"},\"headline\":\"Lan\u00e7amento da Agenda Legislativa 2026 da FRENLOGI no Senado na pr\u00f3xima semana.\",\"datePublished\":\"2026-03-14T04:35:11+00:00\",\"mainEntityOfPage\":{\"@id\":\"https:\\\/\\\/motorista.com.br\\\/noticias\\\/2026\\\/03\\\/14\\\/lancamento-da-agenda-legislativa-2026-da-frenlogi-no-senado-na-proxima-semana\\\/\"},\"wordCount\":442,\"publisher\":{\"@id\":\"https:\\\/\\\/motorista.com.br\\\/noticias\\\/#organization\"},\"image\":{\"@id\":\"https:\\\/\\\/motorista.com.br\\\/noticias\\\/2026\\\/03\\\/14\\\/lancamento-da-agenda-legislativa-2026-da-frenlogi-no-senado-na-proxima-semana\\\/#primaryimage\"},\"thumbnailUrl\":\"https:\\\/\\\/motorista.com.br\\\/noticias\\\/wp-content\\\/uploads\\\/2026\\\/03\\\/WhatsApp-Image-2026-03-13-at-13.29.53.jpeg\",\"articleSection\":[\"Log\u00edstica\"],\"inLanguage\":\"pt-BR\"},{\"@type\":\"WebPage\",\"@id\":\"https:\\\/\\\/motorista.com.br\\\/noticias\\\/2026\\\/03\\\/14\\\/lancamento-da-agenda-legislativa-2026-da-frenlogi-no-senado-na-proxima-semana\\\/\",\"url\":\"https:\\\/\\\/motorista.com.br\\\/noticias\\\/2026\\\/03\\\/14\\\/lancamento-da-agenda-legislativa-2026-da-frenlogi-no-senado-na-proxima-semana\\\/\",\"name\":\"Lan\u00e7amento da Agenda Legislativa 2026 da FRENLOGI no Senado na pr\u00f3xima semana. - Motorista.com.br\",\"isPartOf\":{\"@id\":\"https:\\\/\\\/motorista.com.br\\\/noticias\\\/#website\"},\"primaryImageOfPage\":{\"@id\":\"https:\\\/\\\/motorista.com.br\\\/noticias\\\/2026\\\/03\\\/14\\\/lancamento-da-agenda-legislativa-2026-da-frenlogi-no-senado-na-proxima-semana\\\/#primaryimage\"},\"image\":{\"@id\":\"https:\\\/\\\/motorista.com.br\\\/noticias\\\/2026\\\/03\\\/14\\\/lancamento-da-agenda-legislativa-2026-da-frenlogi-no-senado-na-proxima-semana\\\/#primaryimage\"},\"thumbnailUrl\":\"https:\\\/\\\/motorista.com.br\\\/noticias\\\/wp-content\\\/uploads\\\/2026\\\/03\\\/WhatsApp-Image-2026-03-13-at-13.29.53.jpeg\",\"datePublished\":\"2026-03-14T04:35:11+00:00\",\"breadcrumb\":{\"@id\":\"https:\\\/\\\/motorista.com.br\\\/noticias\\\/2026\\\/03\\\/14\\\/lancamento-da-agenda-legislativa-2026-da-frenlogi-no-senado-na-proxima-semana\\\/#breadcrumb\"},\"inLanguage\":\"pt-BR\",\"potentialAction\":[{\"@type\":\"ReadAction\",\"target\":[\"https:\\\/\\\/motorista.com.br\\\/noticias\\\/2026\\\/03\\\/14\\\/lancamento-da-agenda-legislativa-2026-da-frenlogi-no-senado-na-proxima-semana\\\/\"]}]},{\"@type\":\"ImageObject\",\"inLanguage\":\"pt-BR\",\"@id\":\"https:\\\/\\\/motorista.com.br\\\/noticias\\\/2026\\\/03\\\/14\\\/lancamento-da-agenda-legislativa-2026-da-frenlogi-no-senado-na-proxima-semana\\\/#primaryimage\",\"url\":\"https:\\\/\\\/motorista.com.br\\\/noticias\\\/wp-content\\\/uploads\\\/2026\\\/03\\\/WhatsApp-Image-2026-03-13-at-13.29.53.jpeg\",\"contentUrl\":\"https:\\\/\\\/motorista.com.br\\\/noticias\\\/wp-content\\\/uploads\\\/2026\\\/03\\\/WhatsApp-Image-2026-03-13-at-13.29.53.jpeg\",\"width\":1600,\"height\":900},{\"@type\":\"BreadcrumbList\",\"@id\":\"https:\\\/\\\/motorista.com.br\\\/noticias\\\/2026\\\/03\\\/14\\\/lancamento-da-agenda-legislativa-2026-da-frenlogi-no-senado-na-proxima-semana\\\/#breadcrumb\",\"itemListElement\":[{\"@type\":\"ListItem\",\"position\":1,\"name\":\"In\u00edcio\",\"item\":\"https:\\\/\\\/motorista.com.br\\\/noticias\\\/\"},{\"@type\":\"ListItem\",\"position\":2,\"name\":\"Lan\u00e7amento da Agenda Legislativa 2026 da FRENLOGI no Senado na pr\u00f3xima semana.\"}]},{\"@type\":\"WebSite\",\"@id\":\"https:\\\/\\\/motorista.com.br\\\/noticias\\\/#website\",\"url\":\"https:\\\/\\\/motorista.com.br\\\/noticias\\\/\",\"name\":\"Motorista.com.br\",\"description\":\"Not\u00edcia do Motorista\",\"publisher\":{\"@id\":\"https:\\\/\\\/motorista.com.br\\\/noticias\\\/#organization\"},\"potentialAction\":[{\"@type\":\"SearchAction\",\"target\":{\"@type\":\"EntryPoint\",\"urlTemplate\":\"https:\\\/\\\/motorista.com.br\\\/noticias\\\/?s={search_term_string}\"},\"query-input\":{\"@type\":\"PropertyValueSpecification\",\"valueRequired\":true,\"valueName\":\"search_term_string\"}}],\"inLanguage\":\"pt-BR\"},{\"@type\":\"Organization\",\"@id\":\"https:\\\/\\\/motorista.com.br\\\/noticias\\\/#organization\",\"name\":\"Motorista.com.br\",\"url\":\"https:\\\/\\\/motorista.com.br\\\/noticias\\\/\",\"logo\":{\"@type\":\"ImageObject\",\"inLanguage\":\"pt-BR\",\"@id\":\"https:\\\/\\\/motorista.com.br\\\/noticias\\\/#\\\/schema\\\/logo\\\/image\\\/\",\"url\":\"https:\\\/\\\/motorista.com.br\\\/noticias\\\/wp-content\\\/uploads\\\/2025\\\/06\\\/Design-sem-nome-9.png\",\"contentUrl\":\"https:\\\/\\\/motorista.com.br\\\/noticias\\\/wp-content\\\/uploads\\\/2025\\\/06\\\/Design-sem-nome-9.png\",\"width\":150,\"height\":85,\"caption\":\"Motorista.com.br\"},\"image\":{\"@id\":\"https:\\\/\\\/motorista.com.br\\\/noticias\\\/#\\\/schema\\\/logo\\\/image\\\/\"}},{\"@type\":\"Person\",\"@id\":\"https:\\\/\\\/motorista.com.br\\\/noticias\\\/#\\\/schema\\\/person\\\/dc93afc2981c0e3ce6bc3c053fd847be\",\"name\":\"Equipe Reda\u00e7\u00e3o\",\"image\":{\"@type\":\"ImageObject\",\"inLanguage\":\"pt-BR\",\"@id\":\"https:\\\/\\\/secure.gravatar.com\\\/avatar\\\/4f525efbf18dd2bb300ccad28bfb99d95a9465a5ba268407c8c37b37e1f28d2d?s=96&d=mm&r=g9e099043a0c61e9ae27e293b9fa75ffc\",\"url\":\"https:\\\/\\\/secure.gravatar.com\\\/avatar\\\/4f525efbf18dd2bb300ccad28bfb99d95a9465a5ba268407c8c37b37e1f28d2d?s=96&d=mm&r=g\",\"contentUrl\":\"https:\\\/\\\/secure.gravatar.com\\\/avatar\\\/4f525efbf18dd2bb300ccad28bfb99d95a9465a5ba268407c8c37b37e1f28d2d?s=96&d=mm&r=g\",\"caption\":\"Equipe Reda\u00e7\u00e3o\"},\"description\":\"Equipe de reda\u00e7\u00e3o \u00e9 um grupo de profissionais que trabalham juntos para criar conte\u00fado escrito para Motorista.com.br\",\"url\":\"https:\\\/\\\/motorista.com.br\\\/noticias\\\/author\\\/equiperedacao\\\/\"}]}<\/script>\n<!-- \/ Yoast SEO Premium plugin. -->","yoast_head_json":{"title":"Lan\u00e7amento da Agenda Legislativa 2026 da FRENLOGI no Senado na pr\u00f3xima semana. - Motorista.com.br","robots":{"index":"index","follow":"follow","max-snippet":"max-snippet:-1","max-image-preview":"max-image-preview:large","max-video-preview":"max-video-preview:-1"},"canonical":"https:\/\/motorista.com.br\/noticias\/2026\/03\/14\/lancamento-da-agenda-legislativa-2026-da-frenlogi-no-senado-na-proxima-semana\/","og_locale":"pt_BR","og_type":"article","og_title":"Lan\u00e7amento da Agenda Legislativa 2026 da FRENLOGI no Senado na pr\u00f3xima semana.","og_description":"Agenda Legislativa 2026 da FRENLOGI ser\u00e1 lan\u00e7ada no Senado na pr\u00f3xima semana Introdu\u00e7\u00e3o A nova Agenda Legislativa 2026 da FRENLOGI representa um marco significativo para o setor log\u00edstico brasileiro. Este documento busca alinhar diversas propostas que v\u00e3o desde a infraestrutura at\u00e9 a regulamenta\u00e7\u00e3o de servi\u00e7os, impactando diretamente a mobilidade no pa\u00eds. Benef\u00edcios para os Motoristas &hellip;","og_url":"https:\/\/motorista.com.br\/noticias\/2026\/03\/14\/lancamento-da-agenda-legislativa-2026-da-frenlogi-no-senado-na-proxima-semana\/","og_site_name":"Motorista.com.br","article_published_time":"2026-03-14T04:35:11+00:00","author":"Equipe Reda\u00e7\u00e3o","twitter_card":"summary_large_image","twitter_misc":{"Escrito por":"Equipe Reda\u00e7\u00e3o","Est. tempo de leitura":"2 minutos","Written by":"Equipe Reda\u00e7\u00e3o"},"schema":{"@context":"https:\/\/schema.org","@graph":[{"@type":"Article","@id":"https:\/\/motorista.com.br\/noticias\/2026\/03\/14\/lancamento-da-agenda-legislativa-2026-da-frenlogi-no-senado-na-proxima-semana\/#article","isPartOf":{"@id":"https:\/\/motorista.com.br\/noticias\/2026\/03\/14\/lancamento-da-agenda-legislativa-2026-da-frenlogi-no-senado-na-proxima-semana\/"},"author":{"name":"Equipe Reda\u00e7\u00e3o","@id":"https:\/\/motorista.com.br\/noticias\/#\/schema\/person\/dc93afc2981c0e3ce6bc3c053fd847be"},"headline":"Lan\u00e7amento da Agenda Legislativa 2026 da FRENLOGI no Senado na pr\u00f3xima semana.","datePublished":"2026-03-14T04:35:11+00:00","mainEntityOfPage":{"@id":"https:\/\/motorista.com.br\/noticias\/2026\/03\/14\/lancamento-da-agenda-legislativa-2026-da-frenlogi-no-senado-na-proxima-semana\/"},"wordCount":442,"publisher":{"@id":"https:\/\/motorista.com.br\/noticias\/#organization"},"image":{"@id":"https:\/\/motorista.com.br\/noticias\/2026\/03\/14\/lancamento-da-agenda-legislativa-2026-da-frenlogi-no-senado-na-proxima-semana\/#primaryimage"},"thumbnailUrl":"https:\/\/motorista.com.br\/noticias\/wp-content\/uploads\/2026\/03\/WhatsApp-Image-2026-03-13-at-13.29.53.jpeg","articleSection":["Log\u00edstica"],"inLanguage":"pt-BR"},{"@type":"WebPage","@id":"https:\/\/motorista.com.br\/noticias\/2026\/03\/14\/lancamento-da-agenda-legislativa-2026-da-frenlogi-no-senado-na-proxima-semana\/","url":"https:\/\/motorista.com.br\/noticias\/2026\/03\/14\/lancamento-da-agenda-legislativa-2026-da-frenlogi-no-senado-na-proxima-semana\/","name":"Lan\u00e7amento da Agenda Legislativa 2026 da FRENLOGI no Senado na pr\u00f3xima semana. - Motorista.com.br","isPartOf":{"@id":"https:\/\/motorista.com.br\/noticias\/#website"},"primaryImageOfPage":{"@id":"https:\/\/motorista.com.br\/noticias\/2026\/03\/14\/lancamento-da-agenda-legislativa-2026-da-frenlogi-no-senado-na-proxima-semana\/#primaryimage"},"image":{"@id":"https:\/\/motorista.com.br\/noticias\/2026\/03\/14\/lancamento-da-agenda-legislativa-2026-da-frenlogi-no-senado-na-proxima-semana\/#primaryimage"},"thumbnailUrl":"https:\/\/motorista.com.br\/noticias\/wp-content\/uploads\/2026\/03\/WhatsApp-Image-2026-03-13-at-13.29.53.jpeg","datePublished":"2026-03-14T04:35:11+00:00","breadcrumb":{"@id":"https:\/\/motorista.com.br\/noticias\/2026\/03\/14\/lancamento-da-agenda-legislativa-2026-da-frenlogi-no-senado-na-proxima-semana\/#breadcrumb"},"inLanguage":"pt-BR","potentialAction":[{"@type":"ReadAction","target":["https:\/\/motorista.com.br\/noticias\/2026\/03\/14\/lancamento-da-agenda-legislativa-2026-da-frenlogi-no-senado-na-proxima-semana\/"]}]},{"@type":"ImageObject","inLanguage":"pt-BR","@id":"https:\/\/motorista.com.br\/noticias\/2026\/03\/14\/lancamento-da-agenda-legislativa-2026-da-frenlogi-no-senado-na-proxima-semana\/#primaryimage","url":"https:\/\/motorista.com.br\/noticias\/wp-content\/uploads\/2026\/03\/WhatsApp-Image-2026-03-13-at-13.29.53.jpeg","contentUrl":"https:\/\/motorista.com.br\/noticias\/wp-content\/uploads\/2026\/03\/WhatsApp-Image-2026-03-13-at-13.29.53.jpeg","width":1600,"height":900},{"@type":"BreadcrumbList","@id":"https:\/\/motorista.com.br\/noticias\/2026\/03\/14\/lancamento-da-agenda-legislativa-2026-da-frenlogi-no-senado-na-proxima-semana\/#breadcrumb","itemListElement":[{"@type":"ListItem","position":1,"name":"In\u00edcio","item":"https:\/\/motorista.com.br\/noticias\/"},{"@type":"ListItem","position":2,"name":"Lan\u00e7amento da Agenda Legislativa 2026 da FRENLOGI no Senado na pr\u00f3xima semana."}]},{"@type":"WebSite","@id":"https:\/\/motorista.com.br\/noticias\/#website","url":"https:\/\/motorista.com.br\/noticias\/","name":"Motorista.com.br","description":"Not\u00edcia do Motorista","publisher":{"@id":"https:\/\/motorista.com.br\/noticias\/#organization"},"potentialAction":[{"@type":"SearchAction","target":{"@type":"EntryPoint","urlTemplate":"https:\/\/motorista.com.br\/noticias\/?s={search_term_string}"},"query-input":{"@type":"PropertyValueSpecification","valueRequired":true,"valueName":"search_term_string"}}],"inLanguage":"pt-BR"},{"@type":"Organization","@id":"https:\/\/motorista.com.br\/noticias\/#organization","name":"Motorista.com.br","url":"https:\/\/motorista.com.br\/noticias\/","logo":{"@type":"ImageObject","inLanguage":"pt-BR","@id":"https:\/\/motorista.com.br\/noticias\/#\/schema\/logo\/image\/","url":"https:\/\/motorista.com.br\/noticias\/wp-content\/uploads\/2025\/06\/Design-sem-nome-9.png","contentUrl":"https:\/\/motorista.com.br\/noticias\/wp-content\/uploads\/2025\/06\/Design-sem-nome-9.png","width":150,"height":85,"caption":"Motorista.com.br"},"image":{"@id":"https:\/\/motorista.com.br\/noticias\/#\/schema\/logo\/image\/"}},{"@type":"Person","@id":"https:\/\/motorista.com.br\/noticias\/#\/schema\/person\/dc93afc2981c0e3ce6bc3c053fd847be","name":"Equipe Reda\u00e7\u00e3o","image":{"@type":"ImageObject","inLanguage":"pt-BR","@id":"https:\/\/secure.gravatar.com\/avatar\/4f525efbf18dd2bb300ccad28bfb99d95a9465a5ba268407c8c37b37e1f28d2d?s=96&d=mm&r=g9e099043a0c61e9ae27e293b9fa75ffc","url":"https:\/\/secure.gravatar.com\/avatar\/4f525efbf18dd2bb300ccad28bfb99d95a9465a5ba268407c8c37b37e1f28d2d?s=96&d=mm&r=g","contentUrl":"https:\/\/secure.gravatar.com\/avatar\/4f525efbf18dd2bb300ccad28bfb99d95a9465a5ba268407c8c37b37e1f28d2d?s=96&d=mm&r=g","caption":"Equipe Reda\u00e7\u00e3o"},"description":"Equipe de reda\u00e7\u00e3o \u00e9 um grupo de profissionais que trabalham juntos para criar conte\u00fado escrito para Motorista.com.br","url":"https:\/\/motorista.com.br\/noticias\/author\/equiperedacao\/"}]}},"_links":{"self":[{"href":"https:\/\/motorista.com.br\/noticias\/wp-json\/wp\/v2\/posts\/7726","targetHints":{"allow":["GET"]}}],"collection":[{"href":"https:\/\/motorista.com.br\/noticias\/wp-json\/wp\/v2\/posts"}],"about":[{"href":"https:\/\/motorista.com.br\/noticias\/wp-json\/wp\/v2\/types\/post"}],"author":[{"embeddable":true,"href":"https:\/\/motorista.com.br\/noticias\/wp-json\/wp\/v2\/users\/4"}],"replies":[{"embeddable":true,"href":"https:\/\/motorista.com.br\/noticias\/wp-json\/wp\/v2\/comments?post=7726"}],"version-history":[{"count":0,"href":"https:\/\/motorista.com.br\/noticias\/wp-json\/wp\/v2\/posts\/7726\/revisions"}],"wp:featuredmedia":[{"embeddable":true,"href":"https:\/\/motorista.com.br\/noticias\/wp-json\/wp\/v2\/media\/7727"}],"wp:attachment":[{"href":"https:\/\/motorista.com.br\/noticias\/wp-json\/wp\/v2\/media?parent=7726"}],"wp:term":[{"taxonomy":"category","embeddable":true,"href":"https:\/\/motorista.com.br\/noticias\/wp-json\/wp\/v2\/categories?post=7726"},{"taxonomy":"post_tag","embeddable":true,"href":"https:\/\/motorista.com.br\/noticias\/wp-json\/wp\/v2\/tags?post=7726"},{"taxonomy":"author","embeddable":true,"href":"https:\/\/motorista.com.br\/noticias\/wp-json\/wp\/v2\/coauthors?post=7726"}],"curies":[{"name":"wp","href":"https:\/\/api.w.org\/{rel}","templated":true}]}}