{"id":7725,"date":"2026-03-14T01:09:23","date_gmt":"2026-03-14T04:09:23","guid":{"rendered":"https:\/\/motorista.com.br\/noticias\/2026\/03\/14\/governo-isenta-pis-cofins-do-diesel-para-evitar-alta-de-precos\/"},"modified":"2026-03-14T01:09:23","modified_gmt":"2026-03-14T04:09:23","slug":"governo-isenta-pis-cofins-do-diesel-para-evitar-alta-de-precos","status":"publish","type":"post","link":"https:\/\/motorista.com.br\/noticias\/2026\/03\/14\/governo-isenta-pis-cofins-do-diesel-para-evitar-alta-de-precos\/","title":{"rendered":"Governo isenta PIS\/Cofins do diesel para evitar alta de pre\u00e7os"},"content":{"rendered":"<p><\/p>\n<h3>Governo Zera PIS\/Cofins do Diesel para Conter Eleva\u00e7\u00e3o de Pre\u00e7os<\/h3>\n<p>Na quinta-feira, 12 de mar\u00e7o, o Governo Federal, atrav\u00e9s do Minist\u00e9rio da Fazenda, decidiu zerar o PIS\/Cofins (Programa de Integra\u00e7\u00e3o Social\/Contribui\u00e7\u00e3o para o Financiamento da Seguridade Social) sobre o \u00f3leo diesel, com o objetivo de minimizar o impacto das oscila\u00e7\u00f5es do valor internacional do petr\u00f3leo sobre o pre\u00e7o do combust\u00edvel no Brasil. Al\u00e9m disso, foi autorizada uma subven\u00e7\u00e3o aos produtores nacionais e uma maior tributa\u00e7\u00e3o sobre as exporta\u00e7\u00f5es do diesel.<\/p>\n<p>De acordo com o ministro da Fazenda, Fernando Haddad, essas medidas devem resultar em uma redu\u00e7\u00e3o estimada de R$ 0,64 por litro, com base no pre\u00e7o de sa\u00edda da refinaria. Essa iniciativa n\u00e3o apenas almeja estabilizar o pre\u00e7o do diesel para os consumidores, mas tamb\u00e9m busca proteger os motoristas e pequenas empresas que dependem desse combust\u00edvel para suas opera\u00e7\u00f5es di\u00e1rias.<\/p>\n<p>Simultaneamente, o governo anunciou um refor\u00e7o nas a\u00e7\u00f5es de fiscaliza\u00e7\u00e3o e controle sobre o setor de combust\u00edveis, destinado a combater os aumentos abusivos e especulativos no mercado dom\u00e9stico. Nos \u00faltimos dias, os pre\u00e7os do diesel subiram significativamente, impulsionados pelo aumento da tens\u00e3o no Oriente M\u00e9dio.<\/p>\n<p>O ministro da Casa Civil, Rui Costa, destacou que esse refor\u00e7o na fiscaliza\u00e7\u00e3o ser\u00e1 uma a\u00e7\u00e3o cont\u00ednua, com o objetivo de \u201cempoderar\u201d os \u00f3rg\u00e3os de controle, como a Ag\u00eancia Nacional do Petr\u00f3leo, G\u00e1s Natural e Biocombust\u00edveis (ANP), no combate a pr\u00e1ticas abusivas.<\/p>\n<p>\u00c9 importante ressaltar que essas medidas n\u00e3o visam alterar estruturalmente a economia do pa\u00eds, nem do ponto de vista fiscal ou tarif\u00e1rio. Elas s\u00e3o independentes da pol\u00edtica de pre\u00e7os da Petrobras, que continuar\u00e1 a operar com uma abordagem de previsibilidade e sustentabilidade.<\/p>\n<h3>Impactos e Benef\u00edcios para os Motoristas<\/h3>\n<p>A redu\u00e7\u00e3o do PIS\/Cofins e a subven\u00e7\u00e3o podem trazer al\u00edvio imediato para motoristas e empresas de transporte, proporcionando uma maior margem de manobra em um cen\u00e1rio econ\u00f4mico desafiador. A diminui\u00e7\u00e3o nos custos do diesel pode n\u00e3o apenas ajudar a manter a estabilidade dos pre\u00e7os de frete, mas tamb\u00e9m pode contribuir para a infla\u00e7\u00e3o, uma vez que o transporte de mercadorias \u00e9 um dos principais fatores que afetam o custo geral de bens e servi\u00e7os.<\/p>\n<p>Al\u00e9m disso, a fiscaliza\u00e7\u00e3o refor\u00e7ada ajudar\u00e1 a proteger os motoristas contra aumentos injustificados, garantindo que a cadeia de abastecimento funcione de maneira mais justa e transparente. Isso, por sua vez, pode fomentar um ambiente mais est\u00e1vel para investidores e empreendedores no setor de transporte, impulsionando a mobilidade de modo geral.<\/p>\n<p>Essas decis\u00f5es do governo s\u00e3o um passo importante para manter a economia em movimento e garantir que motoristas e transportadoras possam operar com mais confian\u00e7a, podendo refletir em benef\u00edcios diretos sobre a movimenta\u00e7\u00e3o de pessoas e mercadorias em todo o pa\u00eds.<\/p>\n<p><strong>Fonte: blogdocaminhoneiro<\/strong><\/p>\n","protected":false},"excerpt":{"rendered":"<p>Governo Zera PIS\/Cofins do Diesel para Conter Eleva\u00e7\u00e3o de Pre\u00e7os Na quinta-feira, 12 de mar\u00e7o, o Governo Federal, atrav\u00e9s do Minist\u00e9rio da Fazenda, decidiu zerar o PIS\/Cofins (Programa de Integra\u00e7\u00e3o Social\/Contribui\u00e7\u00e3o para o Financiamento da Seguridade Social) sobre o \u00f3leo diesel, com o objetivo de minimizar o impacto das oscila\u00e7\u00f5es do valor internacional do petr\u00f3leo &hellip;<\/p>\n","protected":false},"author":4,"featured_media":4176,"comment_status":"","ping_status":"open","sticky":false,"template":"","format":"standard","meta":{"footnotes":""},"categories":[78,77],"tags":[],"coauthors":[42],"class_list":["post-7725","post","type-post","status-publish","format-standard","has-post-thumbnail","hentry","category-carreteiro","category-motorista"],"yoast_head":"<!-- This site is optimized with the Yoast SEO Premium plugin v25.5 (Yoast SEO v27.5) - https:\/\/yoast.com\/product\/yoast-seo-premium-wordpress\/ -->\n<title>Governo isenta PIS\/Cofins do diesel para evitar alta de pre\u00e7os - Motorista.com.br<\/title>\n<meta name=\"robots\" content=\"index, follow, max-snippet:-1, max-image-preview:large, max-video-preview:-1\" \/>\n<link rel=\"canonical\" href=\"https:\/\/motorista.com.br\/noticias\/2026\/03\/14\/governo-isenta-pis-cofins-do-diesel-para-evitar-alta-de-precos\/\" \/>\n<meta property=\"og:locale\" content=\"pt_BR\" \/>\n<meta property=\"og:type\" content=\"article\" \/>\n<meta property=\"og:title\" content=\"Governo isenta PIS\/Cofins do diesel para evitar alta de pre\u00e7os\" \/>\n<meta property=\"og:description\" content=\"Governo Zera PIS\/Cofins do Diesel para Conter Eleva\u00e7\u00e3o de Pre\u00e7os Na quinta-feira, 12 de mar\u00e7o, o Governo Federal, atrav\u00e9s do Minist\u00e9rio da Fazenda, decidiu zerar o PIS\/Cofins (Programa de Integra\u00e7\u00e3o Social\/Contribui\u00e7\u00e3o para o Financiamento da Seguridade Social) sobre o \u00f3leo diesel, com o objetivo de minimizar o impacto das oscila\u00e7\u00f5es do valor internacional do petr\u00f3leo &hellip;\" \/>\n<meta property=\"og:url\" content=\"https:\/\/motorista.com.br\/noticias\/2026\/03\/14\/governo-isenta-pis-cofins-do-diesel-para-evitar-alta-de-precos\/\" \/>\n<meta property=\"og:site_name\" content=\"Motorista.com.br\" \/>\n<meta property=\"article:published_time\" content=\"2026-03-14T04:09:23+00:00\" \/>\n<meta name=\"author\" content=\"Equipe Reda\u00e7\u00e3o\" \/>\n<meta name=\"twitter:card\" content=\"summary_large_image\" \/>\n<meta name=\"twitter:label1\" content=\"Escrito por\" \/>\n\t<meta name=\"twitter:data1\" content=\"Equipe Reda\u00e7\u00e3o\" \/>\n\t<meta name=\"twitter:label2\" content=\"Est. tempo de leitura\" \/>\n\t<meta name=\"twitter:data2\" content=\"3 minutos\" \/>\n\t<meta name=\"twitter:label3\" content=\"Written by\" \/>\n\t<meta name=\"twitter:data3\" content=\"Equipe Reda\u00e7\u00e3o\" \/>\n<script type=\"application\/ld+json\" class=\"yoast-schema-graph\">{\"@context\":\"https:\\\/\\\/schema.org\",\"@graph\":[{\"@type\":\"Article\",\"@id\":\"https:\\\/\\\/motorista.com.br\\\/noticias\\\/2026\\\/03\\\/14\\\/governo-isenta-pis-cofins-do-diesel-para-evitar-alta-de-precos\\\/#article\",\"isPartOf\":{\"@id\":\"https:\\\/\\\/motorista.com.br\\\/noticias\\\/2026\\\/03\\\/14\\\/governo-isenta-pis-cofins-do-diesel-para-evitar-alta-de-precos\\\/\"},\"author\":{\"name\":\"Equipe Reda\u00e7\u00e3o\",\"@id\":\"https:\\\/\\\/motorista.com.br\\\/noticias\\\/#\\\/schema\\\/person\\\/dc93afc2981c0e3ce6bc3c053fd847be\"},\"headline\":\"Governo isenta PIS\\\/Cofins do diesel para evitar alta de pre\u00e7os\",\"datePublished\":\"2026-03-14T04:09:23+00:00\",\"mainEntityOfPage\":{\"@id\":\"https:\\\/\\\/motorista.com.br\\\/noticias\\\/2026\\\/03\\\/14\\\/governo-isenta-pis-cofins-do-diesel-para-evitar-alta-de-precos\\\/\"},\"wordCount\":524,\"publisher\":{\"@id\":\"https:\\\/\\\/motorista.com.br\\\/noticias\\\/#organization\"},\"image\":{\"@id\":\"https:\\\/\\\/motorista.com.br\\\/noticias\\\/2026\\\/03\\\/14\\\/governo-isenta-pis-cofins-do-diesel-para-evitar-alta-de-precos\\\/#primaryimage\"},\"thumbnailUrl\":\"https:\\\/\\\/motorista.com.br\\\/noticias\\\/wp-content\\\/uploads\\\/2025\\\/09\\\/abastecendo-um-caminhao-com-diesel.jpg\",\"articleSection\":[\"Carreteiro\",\"Motorista\"],\"inLanguage\":\"pt-BR\"},{\"@type\":\"WebPage\",\"@id\":\"https:\\\/\\\/motorista.com.br\\\/noticias\\\/2026\\\/03\\\/14\\\/governo-isenta-pis-cofins-do-diesel-para-evitar-alta-de-precos\\\/\",\"url\":\"https:\\\/\\\/motorista.com.br\\\/noticias\\\/2026\\\/03\\\/14\\\/governo-isenta-pis-cofins-do-diesel-para-evitar-alta-de-precos\\\/\",\"name\":\"Governo isenta PIS\\\/Cofins do diesel para evitar alta de pre\u00e7os - Motorista.com.br\",\"isPartOf\":{\"@id\":\"https:\\\/\\\/motorista.com.br\\\/noticias\\\/#website\"},\"primaryImageOfPage\":{\"@id\":\"https:\\\/\\\/motorista.com.br\\\/noticias\\\/2026\\\/03\\\/14\\\/governo-isenta-pis-cofins-do-diesel-para-evitar-alta-de-precos\\\/#primaryimage\"},\"image\":{\"@id\":\"https:\\\/\\\/motorista.com.br\\\/noticias\\\/2026\\\/03\\\/14\\\/governo-isenta-pis-cofins-do-diesel-para-evitar-alta-de-precos\\\/#primaryimage\"},\"thumbnailUrl\":\"https:\\\/\\\/motorista.com.br\\\/noticias\\\/wp-content\\\/uploads\\\/2025\\\/09\\\/abastecendo-um-caminhao-com-diesel.jpg\",\"datePublished\":\"2026-03-14T04:09:23+00:00\",\"breadcrumb\":{\"@id\":\"https:\\\/\\\/motorista.com.br\\\/noticias\\\/2026\\\/03\\\/14\\\/governo-isenta-pis-cofins-do-diesel-para-evitar-alta-de-precos\\\/#breadcrumb\"},\"inLanguage\":\"pt-BR\",\"potentialAction\":[{\"@type\":\"ReadAction\",\"target\":[\"https:\\\/\\\/motorista.com.br\\\/noticias\\\/2026\\\/03\\\/14\\\/governo-isenta-pis-cofins-do-diesel-para-evitar-alta-de-precos\\\/\"]}]},{\"@type\":\"ImageObject\",\"inLanguage\":\"pt-BR\",\"@id\":\"https:\\\/\\\/motorista.com.br\\\/noticias\\\/2026\\\/03\\\/14\\\/governo-isenta-pis-cofins-do-diesel-para-evitar-alta-de-precos\\\/#primaryimage\",\"url\":\"https:\\\/\\\/motorista.com.br\\\/noticias\\\/wp-content\\\/uploads\\\/2025\\\/09\\\/abastecendo-um-caminhao-com-diesel.jpg\",\"contentUrl\":\"https:\\\/\\\/motorista.com.br\\\/noticias\\\/wp-content\\\/uploads\\\/2025\\\/09\\\/abastecendo-um-caminhao-com-diesel.jpg\",\"width\":1300,\"height\":867},{\"@type\":\"BreadcrumbList\",\"@id\":\"https:\\\/\\\/motorista.com.br\\\/noticias\\\/2026\\\/03\\\/14\\\/governo-isenta-pis-cofins-do-diesel-para-evitar-alta-de-precos\\\/#breadcrumb\",\"itemListElement\":[{\"@type\":\"ListItem\",\"position\":1,\"name\":\"In\u00edcio\",\"item\":\"https:\\\/\\\/motorista.com.br\\\/noticias\\\/\"},{\"@type\":\"ListItem\",\"position\":2,\"name\":\"Governo isenta PIS\\\/Cofins do diesel para evitar alta de pre\u00e7os\"}]},{\"@type\":\"WebSite\",\"@id\":\"https:\\\/\\\/motorista.com.br\\\/noticias\\\/#website\",\"url\":\"https:\\\/\\\/motorista.com.br\\\/noticias\\\/\",\"name\":\"Motorista.com.br\",\"description\":\"Not\u00edcia do Motorista\",\"publisher\":{\"@id\":\"https:\\\/\\\/motorista.com.br\\\/noticias\\\/#organization\"},\"potentialAction\":[{\"@type\":\"SearchAction\",\"target\":{\"@type\":\"EntryPoint\",\"urlTemplate\":\"https:\\\/\\\/motorista.com.br\\\/noticias\\\/?s={search_term_string}\"},\"query-input\":{\"@type\":\"PropertyValueSpecification\",\"valueRequired\":true,\"valueName\":\"search_term_string\"}}],\"inLanguage\":\"pt-BR\"},{\"@type\":\"Organization\",\"@id\":\"https:\\\/\\\/motorista.com.br\\\/noticias\\\/#organization\",\"name\":\"Motorista.com.br\",\"url\":\"https:\\\/\\\/motorista.com.br\\\/noticias\\\/\",\"logo\":{\"@type\":\"ImageObject\",\"inLanguage\":\"pt-BR\",\"@id\":\"https:\\\/\\\/motorista.com.br\\\/noticias\\\/#\\\/schema\\\/logo\\\/image\\\/\",\"url\":\"https:\\\/\\\/motorista.com.br\\\/noticias\\\/wp-content\\\/uploads\\\/2025\\\/06\\\/Design-sem-nome-9.png\",\"contentUrl\":\"https:\\\/\\\/motorista.com.br\\\/noticias\\\/wp-content\\\/uploads\\\/2025\\\/06\\\/Design-sem-nome-9.png\",\"width\":150,\"height\":85,\"caption\":\"Motorista.com.br\"},\"image\":{\"@id\":\"https:\\\/\\\/motorista.com.br\\\/noticias\\\/#\\\/schema\\\/logo\\\/image\\\/\"}},{\"@type\":\"Person\",\"@id\":\"https:\\\/\\\/motorista.com.br\\\/noticias\\\/#\\\/schema\\\/person\\\/dc93afc2981c0e3ce6bc3c053fd847be\",\"name\":\"Equipe Reda\u00e7\u00e3o\",\"image\":{\"@type\":\"ImageObject\",\"inLanguage\":\"pt-BR\",\"@id\":\"https:\\\/\\\/secure.gravatar.com\\\/avatar\\\/4f525efbf18dd2bb300ccad28bfb99d95a9465a5ba268407c8c37b37e1f28d2d?s=96&d=mm&r=g9e099043a0c61e9ae27e293b9fa75ffc\",\"url\":\"https:\\\/\\\/secure.gravatar.com\\\/avatar\\\/4f525efbf18dd2bb300ccad28bfb99d95a9465a5ba268407c8c37b37e1f28d2d?s=96&d=mm&r=g\",\"contentUrl\":\"https:\\\/\\\/secure.gravatar.com\\\/avatar\\\/4f525efbf18dd2bb300ccad28bfb99d95a9465a5ba268407c8c37b37e1f28d2d?s=96&d=mm&r=g\",\"caption\":\"Equipe Reda\u00e7\u00e3o\"},\"description\":\"Equipe de reda\u00e7\u00e3o \u00e9 um grupo de profissionais que trabalham juntos para criar conte\u00fado escrito para Motorista.com.br\",\"url\":\"https:\\\/\\\/motorista.com.br\\\/noticias\\\/author\\\/equiperedacao\\\/\"}]}<\/script>\n<!-- \/ Yoast SEO Premium plugin. -->","yoast_head_json":{"title":"Governo isenta PIS\/Cofins do diesel para evitar alta de pre\u00e7os - Motorista.com.br","robots":{"index":"index","follow":"follow","max-snippet":"max-snippet:-1","max-image-preview":"max-image-preview:large","max-video-preview":"max-video-preview:-1"},"canonical":"https:\/\/motorista.com.br\/noticias\/2026\/03\/14\/governo-isenta-pis-cofins-do-diesel-para-evitar-alta-de-precos\/","og_locale":"pt_BR","og_type":"article","og_title":"Governo isenta PIS\/Cofins do diesel para evitar alta de pre\u00e7os","og_description":"Governo Zera PIS\/Cofins do Diesel para Conter Eleva\u00e7\u00e3o de Pre\u00e7os Na quinta-feira, 12 de mar\u00e7o, o Governo Federal, atrav\u00e9s do Minist\u00e9rio da Fazenda, decidiu zerar o PIS\/Cofins (Programa de Integra\u00e7\u00e3o Social\/Contribui\u00e7\u00e3o para o Financiamento da Seguridade Social) sobre o \u00f3leo diesel, com o objetivo de minimizar o impacto das oscila\u00e7\u00f5es do valor internacional do petr\u00f3leo &hellip;","og_url":"https:\/\/motorista.com.br\/noticias\/2026\/03\/14\/governo-isenta-pis-cofins-do-diesel-para-evitar-alta-de-precos\/","og_site_name":"Motorista.com.br","article_published_time":"2026-03-14T04:09:23+00:00","author":"Equipe Reda\u00e7\u00e3o","twitter_card":"summary_large_image","twitter_misc":{"Escrito por":"Equipe Reda\u00e7\u00e3o","Est. tempo de leitura":"3 minutos","Written by":"Equipe Reda\u00e7\u00e3o"},"schema":{"@context":"https:\/\/schema.org","@graph":[{"@type":"Article","@id":"https:\/\/motorista.com.br\/noticias\/2026\/03\/14\/governo-isenta-pis-cofins-do-diesel-para-evitar-alta-de-precos\/#article","isPartOf":{"@id":"https:\/\/motorista.com.br\/noticias\/2026\/03\/14\/governo-isenta-pis-cofins-do-diesel-para-evitar-alta-de-precos\/"},"author":{"name":"Equipe Reda\u00e7\u00e3o","@id":"https:\/\/motorista.com.br\/noticias\/#\/schema\/person\/dc93afc2981c0e3ce6bc3c053fd847be"},"headline":"Governo isenta PIS\/Cofins do diesel para evitar alta de pre\u00e7os","datePublished":"2026-03-14T04:09:23+00:00","mainEntityOfPage":{"@id":"https:\/\/motorista.com.br\/noticias\/2026\/03\/14\/governo-isenta-pis-cofins-do-diesel-para-evitar-alta-de-precos\/"},"wordCount":524,"publisher":{"@id":"https:\/\/motorista.com.br\/noticias\/#organization"},"image":{"@id":"https:\/\/motorista.com.br\/noticias\/2026\/03\/14\/governo-isenta-pis-cofins-do-diesel-para-evitar-alta-de-precos\/#primaryimage"},"thumbnailUrl":"https:\/\/motorista.com.br\/noticias\/wp-content\/uploads\/2025\/09\/abastecendo-um-caminhao-com-diesel.jpg","articleSection":["Carreteiro","Motorista"],"inLanguage":"pt-BR"},{"@type":"WebPage","@id":"https:\/\/motorista.com.br\/noticias\/2026\/03\/14\/governo-isenta-pis-cofins-do-diesel-para-evitar-alta-de-precos\/","url":"https:\/\/motorista.com.br\/noticias\/2026\/03\/14\/governo-isenta-pis-cofins-do-diesel-para-evitar-alta-de-precos\/","name":"Governo isenta PIS\/Cofins do diesel para evitar alta de pre\u00e7os - Motorista.com.br","isPartOf":{"@id":"https:\/\/motorista.com.br\/noticias\/#website"},"primaryImageOfPage":{"@id":"https:\/\/motorista.com.br\/noticias\/2026\/03\/14\/governo-isenta-pis-cofins-do-diesel-para-evitar-alta-de-precos\/#primaryimage"},"image":{"@id":"https:\/\/motorista.com.br\/noticias\/2026\/03\/14\/governo-isenta-pis-cofins-do-diesel-para-evitar-alta-de-precos\/#primaryimage"},"thumbnailUrl":"https:\/\/motorista.com.br\/noticias\/wp-content\/uploads\/2025\/09\/abastecendo-um-caminhao-com-diesel.jpg","datePublished":"2026-03-14T04:09:23+00:00","breadcrumb":{"@id":"https:\/\/motorista.com.br\/noticias\/2026\/03\/14\/governo-isenta-pis-cofins-do-diesel-para-evitar-alta-de-precos\/#breadcrumb"},"inLanguage":"pt-BR","potentialAction":[{"@type":"ReadAction","target":["https:\/\/motorista.com.br\/noticias\/2026\/03\/14\/governo-isenta-pis-cofins-do-diesel-para-evitar-alta-de-precos\/"]}]},{"@type":"ImageObject","inLanguage":"pt-BR","@id":"https:\/\/motorista.com.br\/noticias\/2026\/03\/14\/governo-isenta-pis-cofins-do-diesel-para-evitar-alta-de-precos\/#primaryimage","url":"https:\/\/motorista.com.br\/noticias\/wp-content\/uploads\/2025\/09\/abastecendo-um-caminhao-com-diesel.jpg","contentUrl":"https:\/\/motorista.com.br\/noticias\/wp-content\/uploads\/2025\/09\/abastecendo-um-caminhao-com-diesel.jpg","width":1300,"height":867},{"@type":"BreadcrumbList","@id":"https:\/\/motorista.com.br\/noticias\/2026\/03\/14\/governo-isenta-pis-cofins-do-diesel-para-evitar-alta-de-precos\/#breadcrumb","itemListElement":[{"@type":"ListItem","position":1,"name":"In\u00edcio","item":"https:\/\/motorista.com.br\/noticias\/"},{"@type":"ListItem","position":2,"name":"Governo isenta PIS\/Cofins do diesel para evitar alta de pre\u00e7os"}]},{"@type":"WebSite","@id":"https:\/\/motorista.com.br\/noticias\/#website","url":"https:\/\/motorista.com.br\/noticias\/","name":"Motorista.com.br","description":"Not\u00edcia do Motorista","publisher":{"@id":"https:\/\/motorista.com.br\/noticias\/#organization"},"potentialAction":[{"@type":"SearchAction","target":{"@type":"EntryPoint","urlTemplate":"https:\/\/motorista.com.br\/noticias\/?s={search_term_string}"},"query-input":{"@type":"PropertyValueSpecification","valueRequired":true,"valueName":"search_term_string"}}],"inLanguage":"pt-BR"},{"@type":"Organization","@id":"https:\/\/motorista.com.br\/noticias\/#organization","name":"Motorista.com.br","url":"https:\/\/motorista.com.br\/noticias\/","logo":{"@type":"ImageObject","inLanguage":"pt-BR","@id":"https:\/\/motorista.com.br\/noticias\/#\/schema\/logo\/image\/","url":"https:\/\/motorista.com.br\/noticias\/wp-content\/uploads\/2025\/06\/Design-sem-nome-9.png","contentUrl":"https:\/\/motorista.com.br\/noticias\/wp-content\/uploads\/2025\/06\/Design-sem-nome-9.png","width":150,"height":85,"caption":"Motorista.com.br"},"image":{"@id":"https:\/\/motorista.com.br\/noticias\/#\/schema\/logo\/image\/"}},{"@type":"Person","@id":"https:\/\/motorista.com.br\/noticias\/#\/schema\/person\/dc93afc2981c0e3ce6bc3c053fd847be","name":"Equipe Reda\u00e7\u00e3o","image":{"@type":"ImageObject","inLanguage":"pt-BR","@id":"https:\/\/secure.gravatar.com\/avatar\/4f525efbf18dd2bb300ccad28bfb99d95a9465a5ba268407c8c37b37e1f28d2d?s=96&d=mm&r=g9e099043a0c61e9ae27e293b9fa75ffc","url":"https:\/\/secure.gravatar.com\/avatar\/4f525efbf18dd2bb300ccad28bfb99d95a9465a5ba268407c8c37b37e1f28d2d?s=96&d=mm&r=g","contentUrl":"https:\/\/secure.gravatar.com\/avatar\/4f525efbf18dd2bb300ccad28bfb99d95a9465a5ba268407c8c37b37e1f28d2d?s=96&d=mm&r=g","caption":"Equipe Reda\u00e7\u00e3o"},"description":"Equipe de reda\u00e7\u00e3o \u00e9 um grupo de profissionais que trabalham juntos para criar conte\u00fado escrito para Motorista.com.br","url":"https:\/\/motorista.com.br\/noticias\/author\/equiperedacao\/"}]}},"_links":{"self":[{"href":"https:\/\/motorista.com.br\/noticias\/wp-json\/wp\/v2\/posts\/7725","targetHints":{"allow":["GET"]}}],"collection":[{"href":"https:\/\/motorista.com.br\/noticias\/wp-json\/wp\/v2\/posts"}],"about":[{"href":"https:\/\/motorista.com.br\/noticias\/wp-json\/wp\/v2\/types\/post"}],"author":[{"embeddable":true,"href":"https:\/\/motorista.com.br\/noticias\/wp-json\/wp\/v2\/users\/4"}],"replies":[{"embeddable":true,"href":"https:\/\/motorista.com.br\/noticias\/wp-json\/wp\/v2\/comments?post=7725"}],"version-history":[{"count":0,"href":"https:\/\/motorista.com.br\/noticias\/wp-json\/wp\/v2\/posts\/7725\/revisions"}],"wp:featuredmedia":[{"embeddable":true,"href":"https:\/\/motorista.com.br\/noticias\/wp-json\/wp\/v2\/media\/4176"}],"wp:attachment":[{"href":"https:\/\/motorista.com.br\/noticias\/wp-json\/wp\/v2\/media?parent=7725"}],"wp:term":[{"taxonomy":"category","embeddable":true,"href":"https:\/\/motorista.com.br\/noticias\/wp-json\/wp\/v2\/categories?post=7725"},{"taxonomy":"post_tag","embeddable":true,"href":"https:\/\/motorista.com.br\/noticias\/wp-json\/wp\/v2\/tags?post=7725"},{"taxonomy":"author","embeddable":true,"href":"https:\/\/motorista.com.br\/noticias\/wp-json\/wp\/v2\/coauthors?post=7725"}],"curies":[{"name":"wp","href":"https:\/\/api.w.org\/{rel}","templated":true}]}}