{"id":7721,"date":"2026-03-13T17:40:56","date_gmt":"2026-03-13T20:40:56","guid":{"rendered":"https:\/\/motorista.com.br\/noticias\/2026\/03\/13\/volkswagen-e-gigante-chinesa-se-unem-quais-serao-as-novidades\/"},"modified":"2026-03-13T17:40:56","modified_gmt":"2026-03-13T20:40:56","slug":"volkswagen-e-gigante-chinesa-se-unem-quais-serao-as-novidades","status":"publish","type":"post","link":"https:\/\/motorista.com.br\/noticias\/2026\/03\/13\/volkswagen-e-gigante-chinesa-se-unem-quais-serao-as-novidades\/","title":{"rendered":"Volkswagen e gigante chinesa se unem: quais ser\u00e3o as novidades?"},"content":{"rendered":"<p><\/p>\n<h1>A Volkswagen est\u00e1 se unindo a uma gigante chinesa. O que vem por a\u00ed?<\/h1>\n<p>A Volkswagen iniciou a produ\u00e7\u00e3o em massa do ID.UNYX 08, seu primeiro projeto em colabora\u00e7\u00e3o com a fabricante chinesa Xpeng. Este SUV el\u00e9trico, que come\u00e7ou a ser montado em Hefei, representa um esfor\u00e7o decisivo da montadora alem\u00e3 para recuperar sua fatia de mercado na regi\u00e3o. O lan\u00e7amento comercial est\u00e1 agendado para o primeiro semestre de 2026.<\/p>\n<p>Essa a\u00e7\u00e3o faz parte da estrat\u00e9gia &quot;In China, for China&quot;, que visa desenvolver produtos localmente, atendendo aos altos padr\u00f5es tecnol\u00f3gicos dos consumidores chineses. A parceria com a Xpeng permitiu \u00e0 Volkswagen reduzir o tempo de desenvolvimento do ve\u00edculo para apenas 24 meses, um ritmo 30% mais r\u00e1pido do que os padr\u00f5es anteriores.<\/p>\n<h2>Volkswagen e Xpeng: tecnologia e sobreviv\u00eancia no mercado chin\u00eas<\/h2>\n<p>Recentemente, a Volkswagen perdeu sua posi\u00e7\u00e3o de lideran\u00e7a no mercado chin\u00eas para a BYD em 2024, e em 2025, caiu para a terceira posi\u00e7\u00e3o ap\u00f3s ser superada tamb\u00e9m pela Geely Auto. Para recuperar essa posi\u00e7\u00e3o, a montadora precisa de agilidade e inova\u00e7\u00f5es tecnol\u00f3gicas que ainda n\u00e3o atingiu sozinha.<\/p>\n<p>Em um cen\u00e1rio financeiro desafiador, a Volkswagen viu seus lucros despencarem 44% em 2025, obrigando-a a anunciar cortes significativos de empregos. O sucesso do novo SUV \u00e9, portanto, crucial para a sa\u00fade financeira da empresa.<\/p>\n<p>Uma das caracter\u00edsticas marcantes do ID.UNYX 08 \u00e9 sua tecnologia de 800 volts, que permite um carregamento r\u00e1pido das baterias, reduzindo consideravelmente o tempo de espera dos motoristas em postos de recarga. Essa inova\u00e7\u00e3o \u00e9 fundamental para a aceita\u00e7\u00e3o generalizada dos carros el\u00e9tricos, um setor que ainda enfrenta resist\u00eancia devido ao tempo de recarga.<\/p>\n<p>Al\u00e9m disso, o modelo est\u00e1 equipado com um chip de intelig\u00eancia artificial que gerencia um sistema avan\u00e7ado de assist\u00eancia \u00e0 dire\u00e7\u00e3o. Isso proporciona uma experi\u00eancia de condu\u00e7\u00e3o mais segura e semiaut\u00f4noma, o que pode aumentar a confian\u00e7a dos motoristas em ve\u00edculos el\u00e9tricos.<\/p>\n<p>Com capacidade para produzir 350 mil unidades por ano, a unidade de Hefei se tornar\u00e1 um centro vital da Volkswagen na China. O ID.UNYX 08 \u00e9 apenas o come\u00e7o; a montadora planeja lan\u00e7ar mais de 20 modelos el\u00e9tricos e h\u00edbridos na regi\u00e3o at\u00e9 2026, com a meta final de ter 50 op\u00e7\u00f5es que n\u00e3o utilizem combust\u00edveis f\u00f3sseis at\u00e9 o final da d\u00e9cada.<\/p>\n<p>A iniciativa da Volkswagen deve ter impactos significativos n\u00e3o apenas para a empresa, mas para a mobilidade geral. Com ve\u00edculos el\u00e9tricos acess\u00edveis e cargas mais r\u00e1pidas, os motoristas poder\u00e3o desfrutar de uma experi\u00eancia de dire\u00e7\u00e3o mais c\u00f4moda e eficiente, potencialmente reduzindo a depend\u00eancia de combust\u00edveis f\u00f3sseis e contribuindo para um futuro mais sustent\u00e1vel.<\/p>\n<p><strong>Fonte: olhardigital<\/strong><\/p>\n","protected":false},"excerpt":{"rendered":"<p>A Volkswagen est\u00e1 se unindo a uma gigante chinesa. O que vem por a\u00ed? A Volkswagen iniciou a produ\u00e7\u00e3o em massa do ID.UNYX 08, seu primeiro projeto em colabora\u00e7\u00e3o com a fabricante chinesa Xpeng. Este SUV el\u00e9trico, que come\u00e7ou a ser montado em Hefei, representa um esfor\u00e7o decisivo da montadora alem\u00e3 para recuperar sua fatia &hellip;<\/p>\n","protected":false},"author":4,"featured_media":7722,"comment_status":"","ping_status":"open","sticky":false,"template":"","format":"standard","meta":{"footnotes":""},"categories":[56],"tags":[],"coauthors":[42],"class_list":["post-7721","post","type-post","status-publish","format-standard","has-post-thumbnail","hentry","category-tecnologia"],"yoast_head":"<!-- This site is optimized with the Yoast SEO Premium plugin v25.5 (Yoast SEO v27.5) - https:\/\/yoast.com\/product\/yoast-seo-premium-wordpress\/ -->\n<title>Volkswagen e gigante chinesa se unem: quais ser\u00e3o as novidades? - Motorista.com.br<\/title>\n<meta name=\"robots\" content=\"index, follow, max-snippet:-1, max-image-preview:large, max-video-preview:-1\" \/>\n<link rel=\"canonical\" href=\"https:\/\/motorista.com.br\/noticias\/2026\/03\/13\/volkswagen-e-gigante-chinesa-se-unem-quais-serao-as-novidades\/\" \/>\n<meta property=\"og:locale\" content=\"pt_BR\" \/>\n<meta property=\"og:type\" content=\"article\" \/>\n<meta property=\"og:title\" content=\"Volkswagen e gigante chinesa se unem: quais ser\u00e3o as novidades?\" \/>\n<meta property=\"og:description\" content=\"A Volkswagen est\u00e1 se unindo a uma gigante chinesa. O que vem por a\u00ed? A Volkswagen iniciou a produ\u00e7\u00e3o em massa do ID.UNYX 08, seu primeiro projeto em colabora\u00e7\u00e3o com a fabricante chinesa Xpeng. Este SUV el\u00e9trico, que come\u00e7ou a ser montado em Hefei, representa um esfor\u00e7o decisivo da montadora alem\u00e3 para recuperar sua fatia &hellip;\" \/>\n<meta property=\"og:url\" content=\"https:\/\/motorista.com.br\/noticias\/2026\/03\/13\/volkswagen-e-gigante-chinesa-se-unem-quais-serao-as-novidades\/\" \/>\n<meta property=\"og:site_name\" content=\"Motorista.com.br\" \/>\n<meta property=\"article:published_time\" content=\"2026-03-13T20:40:56+00:00\" \/>\n<meta name=\"author\" content=\"Equipe Reda\u00e7\u00e3o\" \/>\n<meta name=\"twitter:card\" content=\"summary_large_image\" \/>\n<meta name=\"twitter:label1\" content=\"Escrito por\" \/>\n\t<meta name=\"twitter:data1\" content=\"Equipe Reda\u00e7\u00e3o\" \/>\n\t<meta name=\"twitter:label2\" content=\"Est. tempo de leitura\" \/>\n\t<meta name=\"twitter:data2\" content=\"2 minutos\" \/>\n\t<meta name=\"twitter:label3\" content=\"Written by\" \/>\n\t<meta name=\"twitter:data3\" content=\"Equipe Reda\u00e7\u00e3o\" \/>\n<script type=\"application\/ld+json\" class=\"yoast-schema-graph\">{\"@context\":\"https:\\\/\\\/schema.org\",\"@graph\":[{\"@type\":\"Article\",\"@id\":\"https:\\\/\\\/motorista.com.br\\\/noticias\\\/2026\\\/03\\\/13\\\/volkswagen-e-gigante-chinesa-se-unem-quais-serao-as-novidades\\\/#article\",\"isPartOf\":{\"@id\":\"https:\\\/\\\/motorista.com.br\\\/noticias\\\/2026\\\/03\\\/13\\\/volkswagen-e-gigante-chinesa-se-unem-quais-serao-as-novidades\\\/\"},\"author\":{\"name\":\"Equipe Reda\u00e7\u00e3o\",\"@id\":\"https:\\\/\\\/motorista.com.br\\\/noticias\\\/#\\\/schema\\\/person\\\/dc93afc2981c0e3ce6bc3c053fd847be\"},\"headline\":\"Volkswagen e gigante chinesa se unem: quais ser\u00e3o as novidades?\",\"datePublished\":\"2026-03-13T20:40:56+00:00\",\"mainEntityOfPage\":{\"@id\":\"https:\\\/\\\/motorista.com.br\\\/noticias\\\/2026\\\/03\\\/13\\\/volkswagen-e-gigante-chinesa-se-unem-quais-serao-as-novidades\\\/\"},\"wordCount\":490,\"publisher\":{\"@id\":\"https:\\\/\\\/motorista.com.br\\\/noticias\\\/#organization\"},\"image\":{\"@id\":\"https:\\\/\\\/motorista.com.br\\\/noticias\\\/2026\\\/03\\\/13\\\/volkswagen-e-gigante-chinesa-se-unem-quais-serao-as-novidades\\\/#primaryimage\"},\"thumbnailUrl\":\"https:\\\/\\\/motorista.com.br\\\/noticias\\\/wp-content\\\/uploads\\\/2026\\\/03\\\/Destaque-Volkswagen-ID.UNYX-08-scaled.jpg\",\"articleSection\":[\"Tecnologia\"],\"inLanguage\":\"pt-BR\"},{\"@type\":\"WebPage\",\"@id\":\"https:\\\/\\\/motorista.com.br\\\/noticias\\\/2026\\\/03\\\/13\\\/volkswagen-e-gigante-chinesa-se-unem-quais-serao-as-novidades\\\/\",\"url\":\"https:\\\/\\\/motorista.com.br\\\/noticias\\\/2026\\\/03\\\/13\\\/volkswagen-e-gigante-chinesa-se-unem-quais-serao-as-novidades\\\/\",\"name\":\"Volkswagen e gigante chinesa se unem: quais ser\u00e3o as novidades? - Motorista.com.br\",\"isPartOf\":{\"@id\":\"https:\\\/\\\/motorista.com.br\\\/noticias\\\/#website\"},\"primaryImageOfPage\":{\"@id\":\"https:\\\/\\\/motorista.com.br\\\/noticias\\\/2026\\\/03\\\/13\\\/volkswagen-e-gigante-chinesa-se-unem-quais-serao-as-novidades\\\/#primaryimage\"},\"image\":{\"@id\":\"https:\\\/\\\/motorista.com.br\\\/noticias\\\/2026\\\/03\\\/13\\\/volkswagen-e-gigante-chinesa-se-unem-quais-serao-as-novidades\\\/#primaryimage\"},\"thumbnailUrl\":\"https:\\\/\\\/motorista.com.br\\\/noticias\\\/wp-content\\\/uploads\\\/2026\\\/03\\\/Destaque-Volkswagen-ID.UNYX-08-scaled.jpg\",\"datePublished\":\"2026-03-13T20:40:56+00:00\",\"breadcrumb\":{\"@id\":\"https:\\\/\\\/motorista.com.br\\\/noticias\\\/2026\\\/03\\\/13\\\/volkswagen-e-gigante-chinesa-se-unem-quais-serao-as-novidades\\\/#breadcrumb\"},\"inLanguage\":\"pt-BR\",\"potentialAction\":[{\"@type\":\"ReadAction\",\"target\":[\"https:\\\/\\\/motorista.com.br\\\/noticias\\\/2026\\\/03\\\/13\\\/volkswagen-e-gigante-chinesa-se-unem-quais-serao-as-novidades\\\/\"]}]},{\"@type\":\"ImageObject\",\"inLanguage\":\"pt-BR\",\"@id\":\"https:\\\/\\\/motorista.com.br\\\/noticias\\\/2026\\\/03\\\/13\\\/volkswagen-e-gigante-chinesa-se-unem-quais-serao-as-novidades\\\/#primaryimage\",\"url\":\"https:\\\/\\\/motorista.com.br\\\/noticias\\\/wp-content\\\/uploads\\\/2026\\\/03\\\/Destaque-Volkswagen-ID.UNYX-08-scaled.jpg\",\"contentUrl\":\"https:\\\/\\\/motorista.com.br\\\/noticias\\\/wp-content\\\/uploads\\\/2026\\\/03\\\/Destaque-Volkswagen-ID.UNYX-08-scaled.jpg\",\"width\":2560,\"height\":1440},{\"@type\":\"BreadcrumbList\",\"@id\":\"https:\\\/\\\/motorista.com.br\\\/noticias\\\/2026\\\/03\\\/13\\\/volkswagen-e-gigante-chinesa-se-unem-quais-serao-as-novidades\\\/#breadcrumb\",\"itemListElement\":[{\"@type\":\"ListItem\",\"position\":1,\"name\":\"In\u00edcio\",\"item\":\"https:\\\/\\\/motorista.com.br\\\/noticias\\\/\"},{\"@type\":\"ListItem\",\"position\":2,\"name\":\"Volkswagen e gigante chinesa se unem: quais ser\u00e3o as novidades?\"}]},{\"@type\":\"WebSite\",\"@id\":\"https:\\\/\\\/motorista.com.br\\\/noticias\\\/#website\",\"url\":\"https:\\\/\\\/motorista.com.br\\\/noticias\\\/\",\"name\":\"Motorista.com.br\",\"description\":\"Not\u00edcia do Motorista\",\"publisher\":{\"@id\":\"https:\\\/\\\/motorista.com.br\\\/noticias\\\/#organization\"},\"potentialAction\":[{\"@type\":\"SearchAction\",\"target\":{\"@type\":\"EntryPoint\",\"urlTemplate\":\"https:\\\/\\\/motorista.com.br\\\/noticias\\\/?s={search_term_string}\"},\"query-input\":{\"@type\":\"PropertyValueSpecification\",\"valueRequired\":true,\"valueName\":\"search_term_string\"}}],\"inLanguage\":\"pt-BR\"},{\"@type\":\"Organization\",\"@id\":\"https:\\\/\\\/motorista.com.br\\\/noticias\\\/#organization\",\"name\":\"Motorista.com.br\",\"url\":\"https:\\\/\\\/motorista.com.br\\\/noticias\\\/\",\"logo\":{\"@type\":\"ImageObject\",\"inLanguage\":\"pt-BR\",\"@id\":\"https:\\\/\\\/motorista.com.br\\\/noticias\\\/#\\\/schema\\\/logo\\\/image\\\/\",\"url\":\"https:\\\/\\\/motorista.com.br\\\/noticias\\\/wp-content\\\/uploads\\\/2025\\\/06\\\/Design-sem-nome-9.png\",\"contentUrl\":\"https:\\\/\\\/motorista.com.br\\\/noticias\\\/wp-content\\\/uploads\\\/2025\\\/06\\\/Design-sem-nome-9.png\",\"width\":150,\"height\":85,\"caption\":\"Motorista.com.br\"},\"image\":{\"@id\":\"https:\\\/\\\/motorista.com.br\\\/noticias\\\/#\\\/schema\\\/logo\\\/image\\\/\"}},{\"@type\":\"Person\",\"@id\":\"https:\\\/\\\/motorista.com.br\\\/noticias\\\/#\\\/schema\\\/person\\\/dc93afc2981c0e3ce6bc3c053fd847be\",\"name\":\"Equipe Reda\u00e7\u00e3o\",\"image\":{\"@type\":\"ImageObject\",\"inLanguage\":\"pt-BR\",\"@id\":\"https:\\\/\\\/secure.gravatar.com\\\/avatar\\\/4f525efbf18dd2bb300ccad28bfb99d95a9465a5ba268407c8c37b37e1f28d2d?s=96&d=mm&r=g9e099043a0c61e9ae27e293b9fa75ffc\",\"url\":\"https:\\\/\\\/secure.gravatar.com\\\/avatar\\\/4f525efbf18dd2bb300ccad28bfb99d95a9465a5ba268407c8c37b37e1f28d2d?s=96&d=mm&r=g\",\"contentUrl\":\"https:\\\/\\\/secure.gravatar.com\\\/avatar\\\/4f525efbf18dd2bb300ccad28bfb99d95a9465a5ba268407c8c37b37e1f28d2d?s=96&d=mm&r=g\",\"caption\":\"Equipe Reda\u00e7\u00e3o\"},\"description\":\"Equipe de reda\u00e7\u00e3o \u00e9 um grupo de profissionais que trabalham juntos para criar conte\u00fado escrito para Motorista.com.br\",\"url\":\"https:\\\/\\\/motorista.com.br\\\/noticias\\\/author\\\/equiperedacao\\\/\"}]}<\/script>\n<!-- \/ Yoast SEO Premium plugin. -->","yoast_head_json":{"title":"Volkswagen e gigante chinesa se unem: quais ser\u00e3o as novidades? - Motorista.com.br","robots":{"index":"index","follow":"follow","max-snippet":"max-snippet:-1","max-image-preview":"max-image-preview:large","max-video-preview":"max-video-preview:-1"},"canonical":"https:\/\/motorista.com.br\/noticias\/2026\/03\/13\/volkswagen-e-gigante-chinesa-se-unem-quais-serao-as-novidades\/","og_locale":"pt_BR","og_type":"article","og_title":"Volkswagen e gigante chinesa se unem: quais ser\u00e3o as novidades?","og_description":"A Volkswagen est\u00e1 se unindo a uma gigante chinesa. O que vem por a\u00ed? A Volkswagen iniciou a produ\u00e7\u00e3o em massa do ID.UNYX 08, seu primeiro projeto em colabora\u00e7\u00e3o com a fabricante chinesa Xpeng. Este SUV el\u00e9trico, que come\u00e7ou a ser montado em Hefei, representa um esfor\u00e7o decisivo da montadora alem\u00e3 para recuperar sua fatia &hellip;","og_url":"https:\/\/motorista.com.br\/noticias\/2026\/03\/13\/volkswagen-e-gigante-chinesa-se-unem-quais-serao-as-novidades\/","og_site_name":"Motorista.com.br","article_published_time":"2026-03-13T20:40:56+00:00","author":"Equipe Reda\u00e7\u00e3o","twitter_card":"summary_large_image","twitter_misc":{"Escrito por":"Equipe Reda\u00e7\u00e3o","Est. tempo de leitura":"2 minutos","Written by":"Equipe Reda\u00e7\u00e3o"},"schema":{"@context":"https:\/\/schema.org","@graph":[{"@type":"Article","@id":"https:\/\/motorista.com.br\/noticias\/2026\/03\/13\/volkswagen-e-gigante-chinesa-se-unem-quais-serao-as-novidades\/#article","isPartOf":{"@id":"https:\/\/motorista.com.br\/noticias\/2026\/03\/13\/volkswagen-e-gigante-chinesa-se-unem-quais-serao-as-novidades\/"},"author":{"name":"Equipe Reda\u00e7\u00e3o","@id":"https:\/\/motorista.com.br\/noticias\/#\/schema\/person\/dc93afc2981c0e3ce6bc3c053fd847be"},"headline":"Volkswagen e gigante chinesa se unem: quais ser\u00e3o as novidades?","datePublished":"2026-03-13T20:40:56+00:00","mainEntityOfPage":{"@id":"https:\/\/motorista.com.br\/noticias\/2026\/03\/13\/volkswagen-e-gigante-chinesa-se-unem-quais-serao-as-novidades\/"},"wordCount":490,"publisher":{"@id":"https:\/\/motorista.com.br\/noticias\/#organization"},"image":{"@id":"https:\/\/motorista.com.br\/noticias\/2026\/03\/13\/volkswagen-e-gigante-chinesa-se-unem-quais-serao-as-novidades\/#primaryimage"},"thumbnailUrl":"https:\/\/motorista.com.br\/noticias\/wp-content\/uploads\/2026\/03\/Destaque-Volkswagen-ID.UNYX-08-scaled.jpg","articleSection":["Tecnologia"],"inLanguage":"pt-BR"},{"@type":"WebPage","@id":"https:\/\/motorista.com.br\/noticias\/2026\/03\/13\/volkswagen-e-gigante-chinesa-se-unem-quais-serao-as-novidades\/","url":"https:\/\/motorista.com.br\/noticias\/2026\/03\/13\/volkswagen-e-gigante-chinesa-se-unem-quais-serao-as-novidades\/","name":"Volkswagen e gigante chinesa se unem: quais ser\u00e3o as novidades? - Motorista.com.br","isPartOf":{"@id":"https:\/\/motorista.com.br\/noticias\/#website"},"primaryImageOfPage":{"@id":"https:\/\/motorista.com.br\/noticias\/2026\/03\/13\/volkswagen-e-gigante-chinesa-se-unem-quais-serao-as-novidades\/#primaryimage"},"image":{"@id":"https:\/\/motorista.com.br\/noticias\/2026\/03\/13\/volkswagen-e-gigante-chinesa-se-unem-quais-serao-as-novidades\/#primaryimage"},"thumbnailUrl":"https:\/\/motorista.com.br\/noticias\/wp-content\/uploads\/2026\/03\/Destaque-Volkswagen-ID.UNYX-08-scaled.jpg","datePublished":"2026-03-13T20:40:56+00:00","breadcrumb":{"@id":"https:\/\/motorista.com.br\/noticias\/2026\/03\/13\/volkswagen-e-gigante-chinesa-se-unem-quais-serao-as-novidades\/#breadcrumb"},"inLanguage":"pt-BR","potentialAction":[{"@type":"ReadAction","target":["https:\/\/motorista.com.br\/noticias\/2026\/03\/13\/volkswagen-e-gigante-chinesa-se-unem-quais-serao-as-novidades\/"]}]},{"@type":"ImageObject","inLanguage":"pt-BR","@id":"https:\/\/motorista.com.br\/noticias\/2026\/03\/13\/volkswagen-e-gigante-chinesa-se-unem-quais-serao-as-novidades\/#primaryimage","url":"https:\/\/motorista.com.br\/noticias\/wp-content\/uploads\/2026\/03\/Destaque-Volkswagen-ID.UNYX-08-scaled.jpg","contentUrl":"https:\/\/motorista.com.br\/noticias\/wp-content\/uploads\/2026\/03\/Destaque-Volkswagen-ID.UNYX-08-scaled.jpg","width":2560,"height":1440},{"@type":"BreadcrumbList","@id":"https:\/\/motorista.com.br\/noticias\/2026\/03\/13\/volkswagen-e-gigante-chinesa-se-unem-quais-serao-as-novidades\/#breadcrumb","itemListElement":[{"@type":"ListItem","position":1,"name":"In\u00edcio","item":"https:\/\/motorista.com.br\/noticias\/"},{"@type":"ListItem","position":2,"name":"Volkswagen e gigante chinesa se unem: quais ser\u00e3o as novidades?"}]},{"@type":"WebSite","@id":"https:\/\/motorista.com.br\/noticias\/#website","url":"https:\/\/motorista.com.br\/noticias\/","name":"Motorista.com.br","description":"Not\u00edcia do Motorista","publisher":{"@id":"https:\/\/motorista.com.br\/noticias\/#organization"},"potentialAction":[{"@type":"SearchAction","target":{"@type":"EntryPoint","urlTemplate":"https:\/\/motorista.com.br\/noticias\/?s={search_term_string}"},"query-input":{"@type":"PropertyValueSpecification","valueRequired":true,"valueName":"search_term_string"}}],"inLanguage":"pt-BR"},{"@type":"Organization","@id":"https:\/\/motorista.com.br\/noticias\/#organization","name":"Motorista.com.br","url":"https:\/\/motorista.com.br\/noticias\/","logo":{"@type":"ImageObject","inLanguage":"pt-BR","@id":"https:\/\/motorista.com.br\/noticias\/#\/schema\/logo\/image\/","url":"https:\/\/motorista.com.br\/noticias\/wp-content\/uploads\/2025\/06\/Design-sem-nome-9.png","contentUrl":"https:\/\/motorista.com.br\/noticias\/wp-content\/uploads\/2025\/06\/Design-sem-nome-9.png","width":150,"height":85,"caption":"Motorista.com.br"},"image":{"@id":"https:\/\/motorista.com.br\/noticias\/#\/schema\/logo\/image\/"}},{"@type":"Person","@id":"https:\/\/motorista.com.br\/noticias\/#\/schema\/person\/dc93afc2981c0e3ce6bc3c053fd847be","name":"Equipe Reda\u00e7\u00e3o","image":{"@type":"ImageObject","inLanguage":"pt-BR","@id":"https:\/\/secure.gravatar.com\/avatar\/4f525efbf18dd2bb300ccad28bfb99d95a9465a5ba268407c8c37b37e1f28d2d?s=96&d=mm&r=g9e099043a0c61e9ae27e293b9fa75ffc","url":"https:\/\/secure.gravatar.com\/avatar\/4f525efbf18dd2bb300ccad28bfb99d95a9465a5ba268407c8c37b37e1f28d2d?s=96&d=mm&r=g","contentUrl":"https:\/\/secure.gravatar.com\/avatar\/4f525efbf18dd2bb300ccad28bfb99d95a9465a5ba268407c8c37b37e1f28d2d?s=96&d=mm&r=g","caption":"Equipe Reda\u00e7\u00e3o"},"description":"Equipe de reda\u00e7\u00e3o \u00e9 um grupo de profissionais que trabalham juntos para criar conte\u00fado escrito para Motorista.com.br","url":"https:\/\/motorista.com.br\/noticias\/author\/equiperedacao\/"}]}},"_links":{"self":[{"href":"https:\/\/motorista.com.br\/noticias\/wp-json\/wp\/v2\/posts\/7721","targetHints":{"allow":["GET"]}}],"collection":[{"href":"https:\/\/motorista.com.br\/noticias\/wp-json\/wp\/v2\/posts"}],"about":[{"href":"https:\/\/motorista.com.br\/noticias\/wp-json\/wp\/v2\/types\/post"}],"author":[{"embeddable":true,"href":"https:\/\/motorista.com.br\/noticias\/wp-json\/wp\/v2\/users\/4"}],"replies":[{"embeddable":true,"href":"https:\/\/motorista.com.br\/noticias\/wp-json\/wp\/v2\/comments?post=7721"}],"version-history":[{"count":0,"href":"https:\/\/motorista.com.br\/noticias\/wp-json\/wp\/v2\/posts\/7721\/revisions"}],"wp:featuredmedia":[{"embeddable":true,"href":"https:\/\/motorista.com.br\/noticias\/wp-json\/wp\/v2\/media\/7722"}],"wp:attachment":[{"href":"https:\/\/motorista.com.br\/noticias\/wp-json\/wp\/v2\/media?parent=7721"}],"wp:term":[{"taxonomy":"category","embeddable":true,"href":"https:\/\/motorista.com.br\/noticias\/wp-json\/wp\/v2\/categories?post=7721"},{"taxonomy":"post_tag","embeddable":true,"href":"https:\/\/motorista.com.br\/noticias\/wp-json\/wp\/v2\/tags?post=7721"},{"taxonomy":"author","embeddable":true,"href":"https:\/\/motorista.com.br\/noticias\/wp-json\/wp\/v2\/coauthors?post=7721"}],"curies":[{"name":"wp","href":"https:\/\/api.w.org\/{rel}","templated":true}]}}