{"id":7719,"date":"2026-03-13T17:33:25","date_gmt":"2026-03-13T20:33:25","guid":{"rendered":"https:\/\/motorista.com.br\/noticias\/2026\/03\/13\/ia-como-protagonista-na-operacao\/"},"modified":"2026-03-13T17:33:25","modified_gmt":"2026-03-13T20:33:25","slug":"ia-como-protagonista-na-operacao","status":"publish","type":"post","link":"https:\/\/motorista.com.br\/noticias\/2026\/03\/13\/ia-como-protagonista-na-operacao\/","title":{"rendered":"IA como protagonista na opera\u00e7\u00e3o"},"content":{"rendered":"<p><\/p>\n<h3>IA no Centro da Opera\u00e7\u00e3o Log\u00edstica<\/h3>\n<p>A Mundial Logistics acaba de anunciar um significativo investimento de R$ 5 milh\u00f5es no desenvolvimento de uma plataforma de intelig\u00eancia artificial voltada para a gest\u00e3o de opera\u00e7\u00f5es log\u00edsticas. Esta inova\u00e7\u00e3o promete n\u00e3o s\u00f3 aumentar a efici\u00eancia operacional, mas tamb\u00e9m proporcionar uma vis\u00e3o mais clara da cadeia de suprimentos, apoiando a tomada de decis\u00f5es em tempo real.<\/p>\n<p>A nova solu\u00e7\u00e3o utiliza um data lake para integrar e automatizar dados, abrangendo todas as etapas da opera\u00e7\u00e3o, desde o recebimento e armazenagem at\u00e9 a distribui\u00e7\u00e3o e execu\u00e7\u00e3o no ponto de venda. Fernand Passos, presidente da companhia, ressalta que a tecnologia \u00e9 eficaz apenas quando os dados s\u00e3o confi\u00e1veis e integrados, destacando a import\u00e2ncia de uma infraestrutura robusta para transformar informa\u00e7\u00f5es operacionais em intelig\u00eancia pr\u00e1tica.<\/p>\n<p>Essa plataforma serve como um centro de monitoramento log\u00edstico, correlacionando dados como n\u00edveis de estoque, hist\u00f3rico de consumo e comportamento da demanda. Com alertas para itens de baixa rotatividade e riscos de desabastecimento, a ferramenta se torna essencial na preven\u00e7\u00e3o de problemas que poderiam impactar a experi\u00eancia do consumidor e, consequentemente, o desempenho das opera\u00e7\u00f5es log\u00edsticas.<\/p>\n<p>Al\u00e9m disso, a centraliza\u00e7\u00e3o das informa\u00e7\u00f5es em um ambiente digital facilita o acesso e a automa\u00e7\u00e3o de processos, resultando em uma redu\u00e7\u00e3o de at\u00e9 40% no tempo gasto em atividades operacionais e um aumento de at\u00e9 30% na produtividade das equipes. Esses resultados n\u00e3o apenas otimizam a opera\u00e7\u00e3o, mas tamb\u00e9m refletem diretamente na mobilidade urbana, uma vez que a agilidade nas entregas diminui congestionamentos e facilita o fluxo de mercadorias.<\/p>\n<p>A rastreabilidade ampliada da plataforma tamb\u00e9m reduz riscos log\u00edsticos, minimizando atrasos, perdas e rupturas. Com a automa\u00e7\u00e3o de processos j\u00e1 implementada, houve uma redu\u00e7\u00e3o de at\u00e9 50% nos chamados manuais, simplificando a comunica\u00e7\u00e3o entre as equipes e garantindo que os motoristas tenham informa\u00e7\u00f5es precisas e atualizadas.<\/p>\n<p>No futuro, a plataforma pretende incorporar an\u00e1lise preditiva, o que permitir\u00e1 antecipar demandas e otimizar a roteiriza\u00e7\u00e3o, tornando as opera\u00e7\u00f5es ainda mais eficientes. As inova\u00e7\u00f5es que a Mundial Logistics est\u00e1 implementando n\u00e3o s\u00f3 transformam a maneira como a log\u00edstica \u00e9 gerida, mas tamb\u00e9m t\u00eam um impacto positivo na mobilidade geral, contribuindo para um sistema de transporte mais fluido e eficiente.<\/p>\n<p>A Mundial Logistics, que opera h\u00e1 27 anos nos segmentos de log\u00edstica promocional, healthcare e execu\u00e7\u00e3o no ponto de venda, continua a demonstrar seu compromisso com inova\u00e7\u00e3o e efici\u00eancia, com uma rede de 88 bases e 70 coligadas espalhadas pelo Brasil.<\/p>\n<p><strong>Fonte: Carta de Log\u00edstica<\/strong><\/p>\n","protected":false},"excerpt":{"rendered":"<p>IA no Centro da Opera\u00e7\u00e3o Log\u00edstica A Mundial Logistics acaba de anunciar um significativo investimento de R$ 5 milh\u00f5es no desenvolvimento de uma plataforma de intelig\u00eancia artificial voltada para a gest\u00e3o de opera\u00e7\u00f5es log\u00edsticas. Esta inova\u00e7\u00e3o promete n\u00e3o s\u00f3 aumentar a efici\u00eancia operacional, mas tamb\u00e9m proporcionar uma vis\u00e3o mais clara da cadeia de suprimentos, apoiando &hellip;<\/p>\n","protected":false},"author":4,"featured_media":7720,"comment_status":"","ping_status":"open","sticky":false,"template":"","format":"standard","meta":{"footnotes":""},"categories":[62],"tags":[],"coauthors":[42],"class_list":["post-7719","post","type-post","status-publish","format-standard","has-post-thumbnail","hentry","category-logistica"],"yoast_head":"<!-- This site is optimized with the Yoast SEO Premium plugin v25.5 (Yoast SEO v27.5) - https:\/\/yoast.com\/product\/yoast-seo-premium-wordpress\/ -->\n<title>IA como protagonista na opera\u00e7\u00e3o - Motorista.com.br<\/title>\n<meta name=\"robots\" content=\"index, follow, max-snippet:-1, max-image-preview:large, max-video-preview:-1\" \/>\n<link rel=\"canonical\" href=\"https:\/\/motorista.com.br\/noticias\/2026\/03\/13\/ia-como-protagonista-na-operacao\/\" \/>\n<meta property=\"og:locale\" content=\"pt_BR\" \/>\n<meta property=\"og:type\" content=\"article\" \/>\n<meta property=\"og:title\" content=\"IA como protagonista na opera\u00e7\u00e3o\" \/>\n<meta property=\"og:description\" content=\"IA no Centro da Opera\u00e7\u00e3o Log\u00edstica A Mundial Logistics acaba de anunciar um significativo investimento de R$ 5 milh\u00f5es no desenvolvimento de uma plataforma de intelig\u00eancia artificial voltada para a gest\u00e3o de opera\u00e7\u00f5es log\u00edsticas. Esta inova\u00e7\u00e3o promete n\u00e3o s\u00f3 aumentar a efici\u00eancia operacional, mas tamb\u00e9m proporcionar uma vis\u00e3o mais clara da cadeia de suprimentos, apoiando &hellip;\" \/>\n<meta property=\"og:url\" content=\"https:\/\/motorista.com.br\/noticias\/2026\/03\/13\/ia-como-protagonista-na-operacao\/\" \/>\n<meta property=\"og:site_name\" content=\"Motorista.com.br\" \/>\n<meta property=\"article:published_time\" content=\"2026-03-13T20:33:25+00:00\" \/>\n<meta name=\"author\" content=\"Equipe Reda\u00e7\u00e3o\" \/>\n<meta name=\"twitter:card\" content=\"summary_large_image\" \/>\n<meta name=\"twitter:label1\" content=\"Escrito por\" \/>\n\t<meta name=\"twitter:data1\" content=\"Equipe Reda\u00e7\u00e3o\" \/>\n\t<meta name=\"twitter:label2\" content=\"Est. tempo de leitura\" \/>\n\t<meta name=\"twitter:data2\" content=\"2 minutos\" \/>\n\t<meta name=\"twitter:label3\" content=\"Written by\" \/>\n\t<meta name=\"twitter:data3\" content=\"Equipe Reda\u00e7\u00e3o\" \/>\n<script type=\"application\/ld+json\" class=\"yoast-schema-graph\">{\"@context\":\"https:\\\/\\\/schema.org\",\"@graph\":[{\"@type\":\"Article\",\"@id\":\"https:\\\/\\\/motorista.com.br\\\/noticias\\\/2026\\\/03\\\/13\\\/ia-como-protagonista-na-operacao\\\/#article\",\"isPartOf\":{\"@id\":\"https:\\\/\\\/motorista.com.br\\\/noticias\\\/2026\\\/03\\\/13\\\/ia-como-protagonista-na-operacao\\\/\"},\"author\":{\"name\":\"Equipe Reda\u00e7\u00e3o\",\"@id\":\"https:\\\/\\\/motorista.com.br\\\/noticias\\\/#\\\/schema\\\/person\\\/dc93afc2981c0e3ce6bc3c053fd847be\"},\"headline\":\"IA como protagonista na opera\u00e7\u00e3o\",\"datePublished\":\"2026-03-13T20:33:25+00:00\",\"mainEntityOfPage\":{\"@id\":\"https:\\\/\\\/motorista.com.br\\\/noticias\\\/2026\\\/03\\\/13\\\/ia-como-protagonista-na-operacao\\\/\"},\"wordCount\":458,\"publisher\":{\"@id\":\"https:\\\/\\\/motorista.com.br\\\/noticias\\\/#organization\"},\"image\":{\"@id\":\"https:\\\/\\\/motorista.com.br\\\/noticias\\\/2026\\\/03\\\/13\\\/ia-como-protagonista-na-operacao\\\/#primaryimage\"},\"thumbnailUrl\":\"https:\\\/\\\/motorista.com.br\\\/noticias\\\/wp-content\\\/uploads\\\/2026\\\/03\\\/ID-CL-1000-px-x-830-px-IA.png\",\"articleSection\":[\"Log\u00edstica\"],\"inLanguage\":\"pt-BR\"},{\"@type\":\"WebPage\",\"@id\":\"https:\\\/\\\/motorista.com.br\\\/noticias\\\/2026\\\/03\\\/13\\\/ia-como-protagonista-na-operacao\\\/\",\"url\":\"https:\\\/\\\/motorista.com.br\\\/noticias\\\/2026\\\/03\\\/13\\\/ia-como-protagonista-na-operacao\\\/\",\"name\":\"IA como protagonista na opera\u00e7\u00e3o - Motorista.com.br\",\"isPartOf\":{\"@id\":\"https:\\\/\\\/motorista.com.br\\\/noticias\\\/#website\"},\"primaryImageOfPage\":{\"@id\":\"https:\\\/\\\/motorista.com.br\\\/noticias\\\/2026\\\/03\\\/13\\\/ia-como-protagonista-na-operacao\\\/#primaryimage\"},\"image\":{\"@id\":\"https:\\\/\\\/motorista.com.br\\\/noticias\\\/2026\\\/03\\\/13\\\/ia-como-protagonista-na-operacao\\\/#primaryimage\"},\"thumbnailUrl\":\"https:\\\/\\\/motorista.com.br\\\/noticias\\\/wp-content\\\/uploads\\\/2026\\\/03\\\/ID-CL-1000-px-x-830-px-IA.png\",\"datePublished\":\"2026-03-13T20:33:25+00:00\",\"breadcrumb\":{\"@id\":\"https:\\\/\\\/motorista.com.br\\\/noticias\\\/2026\\\/03\\\/13\\\/ia-como-protagonista-na-operacao\\\/#breadcrumb\"},\"inLanguage\":\"pt-BR\",\"potentialAction\":[{\"@type\":\"ReadAction\",\"target\":[\"https:\\\/\\\/motorista.com.br\\\/noticias\\\/2026\\\/03\\\/13\\\/ia-como-protagonista-na-operacao\\\/\"]}]},{\"@type\":\"ImageObject\",\"inLanguage\":\"pt-BR\",\"@id\":\"https:\\\/\\\/motorista.com.br\\\/noticias\\\/2026\\\/03\\\/13\\\/ia-como-protagonista-na-operacao\\\/#primaryimage\",\"url\":\"https:\\\/\\\/motorista.com.br\\\/noticias\\\/wp-content\\\/uploads\\\/2026\\\/03\\\/ID-CL-1000-px-x-830-px-IA.png\",\"contentUrl\":\"https:\\\/\\\/motorista.com.br\\\/noticias\\\/wp-content\\\/uploads\\\/2026\\\/03\\\/ID-CL-1000-px-x-830-px-IA.png\",\"width\":1000,\"height\":821},{\"@type\":\"BreadcrumbList\",\"@id\":\"https:\\\/\\\/motorista.com.br\\\/noticias\\\/2026\\\/03\\\/13\\\/ia-como-protagonista-na-operacao\\\/#breadcrumb\",\"itemListElement\":[{\"@type\":\"ListItem\",\"position\":1,\"name\":\"In\u00edcio\",\"item\":\"https:\\\/\\\/motorista.com.br\\\/noticias\\\/\"},{\"@type\":\"ListItem\",\"position\":2,\"name\":\"IA como protagonista na opera\u00e7\u00e3o\"}]},{\"@type\":\"WebSite\",\"@id\":\"https:\\\/\\\/motorista.com.br\\\/noticias\\\/#website\",\"url\":\"https:\\\/\\\/motorista.com.br\\\/noticias\\\/\",\"name\":\"Motorista.com.br\",\"description\":\"Not\u00edcia do Motorista\",\"publisher\":{\"@id\":\"https:\\\/\\\/motorista.com.br\\\/noticias\\\/#organization\"},\"potentialAction\":[{\"@type\":\"SearchAction\",\"target\":{\"@type\":\"EntryPoint\",\"urlTemplate\":\"https:\\\/\\\/motorista.com.br\\\/noticias\\\/?s={search_term_string}\"},\"query-input\":{\"@type\":\"PropertyValueSpecification\",\"valueRequired\":true,\"valueName\":\"search_term_string\"}}],\"inLanguage\":\"pt-BR\"},{\"@type\":\"Organization\",\"@id\":\"https:\\\/\\\/motorista.com.br\\\/noticias\\\/#organization\",\"name\":\"Motorista.com.br\",\"url\":\"https:\\\/\\\/motorista.com.br\\\/noticias\\\/\",\"logo\":{\"@type\":\"ImageObject\",\"inLanguage\":\"pt-BR\",\"@id\":\"https:\\\/\\\/motorista.com.br\\\/noticias\\\/#\\\/schema\\\/logo\\\/image\\\/\",\"url\":\"https:\\\/\\\/motorista.com.br\\\/noticias\\\/wp-content\\\/uploads\\\/2025\\\/06\\\/Design-sem-nome-9.png\",\"contentUrl\":\"https:\\\/\\\/motorista.com.br\\\/noticias\\\/wp-content\\\/uploads\\\/2025\\\/06\\\/Design-sem-nome-9.png\",\"width\":150,\"height\":85,\"caption\":\"Motorista.com.br\"},\"image\":{\"@id\":\"https:\\\/\\\/motorista.com.br\\\/noticias\\\/#\\\/schema\\\/logo\\\/image\\\/\"}},{\"@type\":\"Person\",\"@id\":\"https:\\\/\\\/motorista.com.br\\\/noticias\\\/#\\\/schema\\\/person\\\/dc93afc2981c0e3ce6bc3c053fd847be\",\"name\":\"Equipe Reda\u00e7\u00e3o\",\"image\":{\"@type\":\"ImageObject\",\"inLanguage\":\"pt-BR\",\"@id\":\"https:\\\/\\\/secure.gravatar.com\\\/avatar\\\/4f525efbf18dd2bb300ccad28bfb99d95a9465a5ba268407c8c37b37e1f28d2d?s=96&d=mm&r=g9e099043a0c61e9ae27e293b9fa75ffc\",\"url\":\"https:\\\/\\\/secure.gravatar.com\\\/avatar\\\/4f525efbf18dd2bb300ccad28bfb99d95a9465a5ba268407c8c37b37e1f28d2d?s=96&d=mm&r=g\",\"contentUrl\":\"https:\\\/\\\/secure.gravatar.com\\\/avatar\\\/4f525efbf18dd2bb300ccad28bfb99d95a9465a5ba268407c8c37b37e1f28d2d?s=96&d=mm&r=g\",\"caption\":\"Equipe Reda\u00e7\u00e3o\"},\"description\":\"Equipe de reda\u00e7\u00e3o \u00e9 um grupo de profissionais que trabalham juntos para criar conte\u00fado escrito para Motorista.com.br\",\"url\":\"https:\\\/\\\/motorista.com.br\\\/noticias\\\/author\\\/equiperedacao\\\/\"}]}<\/script>\n<!-- \/ Yoast SEO Premium plugin. -->","yoast_head_json":{"title":"IA como protagonista na opera\u00e7\u00e3o - Motorista.com.br","robots":{"index":"index","follow":"follow","max-snippet":"max-snippet:-1","max-image-preview":"max-image-preview:large","max-video-preview":"max-video-preview:-1"},"canonical":"https:\/\/motorista.com.br\/noticias\/2026\/03\/13\/ia-como-protagonista-na-operacao\/","og_locale":"pt_BR","og_type":"article","og_title":"IA como protagonista na opera\u00e7\u00e3o","og_description":"IA no Centro da Opera\u00e7\u00e3o Log\u00edstica A Mundial Logistics acaba de anunciar um significativo investimento de R$ 5 milh\u00f5es no desenvolvimento de uma plataforma de intelig\u00eancia artificial voltada para a gest\u00e3o de opera\u00e7\u00f5es log\u00edsticas. Esta inova\u00e7\u00e3o promete n\u00e3o s\u00f3 aumentar a efici\u00eancia operacional, mas tamb\u00e9m proporcionar uma vis\u00e3o mais clara da cadeia de suprimentos, apoiando &hellip;","og_url":"https:\/\/motorista.com.br\/noticias\/2026\/03\/13\/ia-como-protagonista-na-operacao\/","og_site_name":"Motorista.com.br","article_published_time":"2026-03-13T20:33:25+00:00","author":"Equipe Reda\u00e7\u00e3o","twitter_card":"summary_large_image","twitter_misc":{"Escrito por":"Equipe Reda\u00e7\u00e3o","Est. tempo de leitura":"2 minutos","Written by":"Equipe Reda\u00e7\u00e3o"},"schema":{"@context":"https:\/\/schema.org","@graph":[{"@type":"Article","@id":"https:\/\/motorista.com.br\/noticias\/2026\/03\/13\/ia-como-protagonista-na-operacao\/#article","isPartOf":{"@id":"https:\/\/motorista.com.br\/noticias\/2026\/03\/13\/ia-como-protagonista-na-operacao\/"},"author":{"name":"Equipe Reda\u00e7\u00e3o","@id":"https:\/\/motorista.com.br\/noticias\/#\/schema\/person\/dc93afc2981c0e3ce6bc3c053fd847be"},"headline":"IA como protagonista na opera\u00e7\u00e3o","datePublished":"2026-03-13T20:33:25+00:00","mainEntityOfPage":{"@id":"https:\/\/motorista.com.br\/noticias\/2026\/03\/13\/ia-como-protagonista-na-operacao\/"},"wordCount":458,"publisher":{"@id":"https:\/\/motorista.com.br\/noticias\/#organization"},"image":{"@id":"https:\/\/motorista.com.br\/noticias\/2026\/03\/13\/ia-como-protagonista-na-operacao\/#primaryimage"},"thumbnailUrl":"https:\/\/motorista.com.br\/noticias\/wp-content\/uploads\/2026\/03\/ID-CL-1000-px-x-830-px-IA.png","articleSection":["Log\u00edstica"],"inLanguage":"pt-BR"},{"@type":"WebPage","@id":"https:\/\/motorista.com.br\/noticias\/2026\/03\/13\/ia-como-protagonista-na-operacao\/","url":"https:\/\/motorista.com.br\/noticias\/2026\/03\/13\/ia-como-protagonista-na-operacao\/","name":"IA como protagonista na opera\u00e7\u00e3o - Motorista.com.br","isPartOf":{"@id":"https:\/\/motorista.com.br\/noticias\/#website"},"primaryImageOfPage":{"@id":"https:\/\/motorista.com.br\/noticias\/2026\/03\/13\/ia-como-protagonista-na-operacao\/#primaryimage"},"image":{"@id":"https:\/\/motorista.com.br\/noticias\/2026\/03\/13\/ia-como-protagonista-na-operacao\/#primaryimage"},"thumbnailUrl":"https:\/\/motorista.com.br\/noticias\/wp-content\/uploads\/2026\/03\/ID-CL-1000-px-x-830-px-IA.png","datePublished":"2026-03-13T20:33:25+00:00","breadcrumb":{"@id":"https:\/\/motorista.com.br\/noticias\/2026\/03\/13\/ia-como-protagonista-na-operacao\/#breadcrumb"},"inLanguage":"pt-BR","potentialAction":[{"@type":"ReadAction","target":["https:\/\/motorista.com.br\/noticias\/2026\/03\/13\/ia-como-protagonista-na-operacao\/"]}]},{"@type":"ImageObject","inLanguage":"pt-BR","@id":"https:\/\/motorista.com.br\/noticias\/2026\/03\/13\/ia-como-protagonista-na-operacao\/#primaryimage","url":"https:\/\/motorista.com.br\/noticias\/wp-content\/uploads\/2026\/03\/ID-CL-1000-px-x-830-px-IA.png","contentUrl":"https:\/\/motorista.com.br\/noticias\/wp-content\/uploads\/2026\/03\/ID-CL-1000-px-x-830-px-IA.png","width":1000,"height":821},{"@type":"BreadcrumbList","@id":"https:\/\/motorista.com.br\/noticias\/2026\/03\/13\/ia-como-protagonista-na-operacao\/#breadcrumb","itemListElement":[{"@type":"ListItem","position":1,"name":"In\u00edcio","item":"https:\/\/motorista.com.br\/noticias\/"},{"@type":"ListItem","position":2,"name":"IA como protagonista na opera\u00e7\u00e3o"}]},{"@type":"WebSite","@id":"https:\/\/motorista.com.br\/noticias\/#website","url":"https:\/\/motorista.com.br\/noticias\/","name":"Motorista.com.br","description":"Not\u00edcia do Motorista","publisher":{"@id":"https:\/\/motorista.com.br\/noticias\/#organization"},"potentialAction":[{"@type":"SearchAction","target":{"@type":"EntryPoint","urlTemplate":"https:\/\/motorista.com.br\/noticias\/?s={search_term_string}"},"query-input":{"@type":"PropertyValueSpecification","valueRequired":true,"valueName":"search_term_string"}}],"inLanguage":"pt-BR"},{"@type":"Organization","@id":"https:\/\/motorista.com.br\/noticias\/#organization","name":"Motorista.com.br","url":"https:\/\/motorista.com.br\/noticias\/","logo":{"@type":"ImageObject","inLanguage":"pt-BR","@id":"https:\/\/motorista.com.br\/noticias\/#\/schema\/logo\/image\/","url":"https:\/\/motorista.com.br\/noticias\/wp-content\/uploads\/2025\/06\/Design-sem-nome-9.png","contentUrl":"https:\/\/motorista.com.br\/noticias\/wp-content\/uploads\/2025\/06\/Design-sem-nome-9.png","width":150,"height":85,"caption":"Motorista.com.br"},"image":{"@id":"https:\/\/motorista.com.br\/noticias\/#\/schema\/logo\/image\/"}},{"@type":"Person","@id":"https:\/\/motorista.com.br\/noticias\/#\/schema\/person\/dc93afc2981c0e3ce6bc3c053fd847be","name":"Equipe Reda\u00e7\u00e3o","image":{"@type":"ImageObject","inLanguage":"pt-BR","@id":"https:\/\/secure.gravatar.com\/avatar\/4f525efbf18dd2bb300ccad28bfb99d95a9465a5ba268407c8c37b37e1f28d2d?s=96&d=mm&r=g9e099043a0c61e9ae27e293b9fa75ffc","url":"https:\/\/secure.gravatar.com\/avatar\/4f525efbf18dd2bb300ccad28bfb99d95a9465a5ba268407c8c37b37e1f28d2d?s=96&d=mm&r=g","contentUrl":"https:\/\/secure.gravatar.com\/avatar\/4f525efbf18dd2bb300ccad28bfb99d95a9465a5ba268407c8c37b37e1f28d2d?s=96&d=mm&r=g","caption":"Equipe Reda\u00e7\u00e3o"},"description":"Equipe de reda\u00e7\u00e3o \u00e9 um grupo de profissionais que trabalham juntos para criar conte\u00fado escrito para Motorista.com.br","url":"https:\/\/motorista.com.br\/noticias\/author\/equiperedacao\/"}]}},"_links":{"self":[{"href":"https:\/\/motorista.com.br\/noticias\/wp-json\/wp\/v2\/posts\/7719","targetHints":{"allow":["GET"]}}],"collection":[{"href":"https:\/\/motorista.com.br\/noticias\/wp-json\/wp\/v2\/posts"}],"about":[{"href":"https:\/\/motorista.com.br\/noticias\/wp-json\/wp\/v2\/types\/post"}],"author":[{"embeddable":true,"href":"https:\/\/motorista.com.br\/noticias\/wp-json\/wp\/v2\/users\/4"}],"replies":[{"embeddable":true,"href":"https:\/\/motorista.com.br\/noticias\/wp-json\/wp\/v2\/comments?post=7719"}],"version-history":[{"count":0,"href":"https:\/\/motorista.com.br\/noticias\/wp-json\/wp\/v2\/posts\/7719\/revisions"}],"wp:featuredmedia":[{"embeddable":true,"href":"https:\/\/motorista.com.br\/noticias\/wp-json\/wp\/v2\/media\/7720"}],"wp:attachment":[{"href":"https:\/\/motorista.com.br\/noticias\/wp-json\/wp\/v2\/media?parent=7719"}],"wp:term":[{"taxonomy":"category","embeddable":true,"href":"https:\/\/motorista.com.br\/noticias\/wp-json\/wp\/v2\/categories?post=7719"},{"taxonomy":"post_tag","embeddable":true,"href":"https:\/\/motorista.com.br\/noticias\/wp-json\/wp\/v2\/tags?post=7719"},{"taxonomy":"author","embeddable":true,"href":"https:\/\/motorista.com.br\/noticias\/wp-json\/wp\/v2\/coauthors?post=7719"}],"curies":[{"name":"wp","href":"https:\/\/api.w.org\/{rel}","templated":true}]}}