{"id":7717,"date":"2026-03-13T17:07:59","date_gmt":"2026-03-13T20:07:59","guid":{"rendered":"https:\/\/motorista.com.br\/noticias\/2026\/03\/13\/petrobras-ajusta-preco-do-diesel-em-r-038-por-litro-neste-sabado\/"},"modified":"2026-03-13T17:07:59","modified_gmt":"2026-03-13T20:07:59","slug":"petrobras-ajusta-preco-do-diesel-em-r-038-por-litro-neste-sabado","status":"publish","type":"post","link":"https:\/\/motorista.com.br\/noticias\/2026\/03\/13\/petrobras-ajusta-preco-do-diesel-em-r-038-por-litro-neste-sabado\/","title":{"rendered":"Petrobras ajusta pre\u00e7o do diesel em R$ 0,38 por litro neste s\u00e1bado."},"content":{"rendered":"<p><\/p>\n<p><strong>Petrobras aumenta o valor do diesel em R$ 0,38 por litro a partir de s\u00e1bado<\/strong><\/p>\n<p>A partir de amanh\u00e3, o pre\u00e7o do diesel sofrer\u00e1 um aumento autorizado pela Petrobras, marcando a primeira alta desde o in\u00edcio do recente conflito entre Estados Unidos e Israel contra o Ir\u00e3. O ajuste, que entra em vigor no s\u00e1bado, 14 de mar\u00e7o, ser\u00e1 de R$ 0,38 por litro para a venda entre refinarias e distribuidoras.<\/p>\n<p>Considerando a mistura padr\u00e3o de 85% de diesel A e 15% de biodiesel, esse aumento representa um reajuste de R$ 0,32 por litro no diesel B que \u00e9 vendido nos postos. Com isso, o pre\u00e7o m\u00e9dio do diesel A passar\u00e1 a ser R$ 3,65 por litro, enquanto a participa\u00e7\u00e3o da Petrobras no diesel B comercializado nas bombas ser\u00e1, em m\u00e9dia, de R$ 3,10. <\/p>\n<p>Em algumas regi\u00f5es do Brasil, o pre\u00e7o j\u00e1 ultrapassa os R$ 7 por litro, mesmo antes da autoriza\u00e7\u00e3o para o aumento. O impacto do conflito internacional sobre os pre\u00e7os do petr\u00f3leo, que j\u00e1 havia subido consideravelmente, \u00e9 um fator a ser considerado. Desde dezembro de 2022, no entanto, os pre\u00e7os do diesel A vendidos \u00e0s distribuidoras registram uma queda acumulada de R$ 0,84 por litro, refletindo uma redu\u00e7\u00e3o de 29,6% em rela\u00e7\u00e3o \u00e0 infla\u00e7\u00e3o do per\u00edodo.<\/p>\n<h3>Impacto mitigado pela desonera\u00e7\u00e3o de tributos federais<\/h3>\n<p>Importante destacar que o aumento do diesel poder\u00e1 ter seus efeitos mitigados, pois o Governo Federal zerou as al\u00edquotas de PIS\/Cofins sobre a comercializa\u00e7\u00e3o do combust\u00edvel. Essa medida pode aliviar o peso do aumento nos custos de transporte, o que pode beneficiar motoristas e empresas que dependem do diesel para suas opera\u00e7\u00f5es di\u00e1rias.<\/p>\n<h3>Ades\u00e3o da Petrobras ao programa de subven\u00e7\u00e3o econ\u00f4mica<\/h3>\n<p>Al\u00e9m disso, a Petrobras anunciou a ades\u00e3o a um programa de subven\u00e7\u00e3o econ\u00f4mica \u00e0 comercializa\u00e7\u00e3o de \u00f3leo diesel, conforme a Medida Provis\u00f3ria n\u00ba 1.340 de 12\/03\/2026. Esse programa prev\u00ea um pagamento de R$ 0,32 por litro \u00e0s empresas beneficiadas, o que pode avan\u00e7ar na redu\u00e7\u00e3o do impacto do aumento nos pre\u00e7os ao consumidor.<\/p>\n<p>Essas medidas se tornam especialmente relevantes para motoristas que dependem do diesel, j\u00e1 que o aumento dos pre\u00e7os pode influenciar diretamente os custos de deslocamento e, consequentemente, a mobilidade geral nas cidades. A potencial subven\u00e7\u00e3o proposta pela Petrobras, quando implementada, pode contribuir para uma estabiliza\u00e7\u00e3o dos pre\u00e7os e uma redu\u00e7\u00e3o nos pre\u00e7os finais aos consumidores.<\/p>\n<p>Com estas altera\u00e7\u00f5es, o efeito combinado do aumento anunciado e da ades\u00e3o ao programa de subven\u00e7\u00e3o poder\u00e1 representar uma mitiga\u00e7\u00e3o significativa dos impactos no bolso do motorista, o que \u00e9 crucial para a mobilidade urbana e para a economia do transporte rodovi\u00e1rio.<\/p>\n<p>Fonte: blogdocaminhoneiro<\/p>\n","protected":false},"excerpt":{"rendered":"<p>Petrobras aumenta o valor do diesel em R$ 0,38 por litro a partir de s\u00e1bado A partir de amanh\u00e3, o pre\u00e7o do diesel sofrer\u00e1 um aumento autorizado pela Petrobras, marcando a primeira alta desde o in\u00edcio do recente conflito entre Estados Unidos e Israel contra o Ir\u00e3. O ajuste, que entra em vigor no s\u00e1bado, &hellip;<\/p>\n","protected":false},"author":4,"featured_media":7718,"comment_status":"","ping_status":"open","sticky":false,"template":"","format":"standard","meta":{"footnotes":""},"categories":[78,77],"tags":[],"coauthors":[42],"class_list":["post-7717","post","type-post","status-publish","format-standard","has-post-thumbnail","hentry","category-carreteiro","category-motorista"],"yoast_head":"<!-- This site is optimized with the Yoast SEO Premium plugin v25.5 (Yoast SEO v27.5) - https:\/\/yoast.com\/product\/yoast-seo-premium-wordpress\/ -->\n<title>Petrobras ajusta pre\u00e7o do diesel em R$ 0,38 por litro neste s\u00e1bado. - Motorista.com.br<\/title>\n<meta name=\"robots\" content=\"index, follow, max-snippet:-1, max-image-preview:large, max-video-preview:-1\" \/>\n<link rel=\"canonical\" href=\"https:\/\/motorista.com.br\/noticias\/2026\/03\/13\/petrobras-ajusta-preco-do-diesel-em-r-038-por-litro-neste-sabado\/\" \/>\n<meta property=\"og:locale\" content=\"pt_BR\" \/>\n<meta property=\"og:type\" content=\"article\" \/>\n<meta property=\"og:title\" content=\"Petrobras ajusta pre\u00e7o do diesel em R$ 0,38 por litro neste s\u00e1bado.\" \/>\n<meta property=\"og:description\" content=\"Petrobras aumenta o valor do diesel em R$ 0,38 por litro a partir de s\u00e1bado A partir de amanh\u00e3, o pre\u00e7o do diesel sofrer\u00e1 um aumento autorizado pela Petrobras, marcando a primeira alta desde o in\u00edcio do recente conflito entre Estados Unidos e Israel contra o Ir\u00e3. O ajuste, que entra em vigor no s\u00e1bado, &hellip;\" \/>\n<meta property=\"og:url\" content=\"https:\/\/motorista.com.br\/noticias\/2026\/03\/13\/petrobras-ajusta-preco-do-diesel-em-r-038-por-litro-neste-sabado\/\" \/>\n<meta property=\"og:site_name\" content=\"Motorista.com.br\" \/>\n<meta property=\"article:published_time\" content=\"2026-03-13T20:07:59+00:00\" \/>\n<meta name=\"author\" content=\"Equipe Reda\u00e7\u00e3o\" \/>\n<meta name=\"twitter:card\" content=\"summary_large_image\" \/>\n<meta name=\"twitter:label1\" content=\"Escrito por\" \/>\n\t<meta name=\"twitter:data1\" content=\"Equipe Reda\u00e7\u00e3o\" \/>\n\t<meta name=\"twitter:label2\" content=\"Est. tempo de leitura\" \/>\n\t<meta name=\"twitter:data2\" content=\"2 minutos\" \/>\n\t<meta name=\"twitter:label3\" content=\"Written by\" \/>\n\t<meta name=\"twitter:data3\" content=\"Equipe Reda\u00e7\u00e3o\" \/>\n<script type=\"application\/ld+json\" class=\"yoast-schema-graph\">{\"@context\":\"https:\\\/\\\/schema.org\",\"@graph\":[{\"@type\":\"Article\",\"@id\":\"https:\\\/\\\/motorista.com.br\\\/noticias\\\/2026\\\/03\\\/13\\\/petrobras-ajusta-preco-do-diesel-em-r-038-por-litro-neste-sabado\\\/#article\",\"isPartOf\":{\"@id\":\"https:\\\/\\\/motorista.com.br\\\/noticias\\\/2026\\\/03\\\/13\\\/petrobras-ajusta-preco-do-diesel-em-r-038-por-litro-neste-sabado\\\/\"},\"author\":{\"name\":\"Equipe Reda\u00e7\u00e3o\",\"@id\":\"https:\\\/\\\/motorista.com.br\\\/noticias\\\/#\\\/schema\\\/person\\\/dc93afc2981c0e3ce6bc3c053fd847be\"},\"headline\":\"Petrobras ajusta pre\u00e7o do diesel em R$ 0,38 por litro neste s\u00e1bado.\",\"datePublished\":\"2026-03-13T20:07:59+00:00\",\"mainEntityOfPage\":{\"@id\":\"https:\\\/\\\/motorista.com.br\\\/noticias\\\/2026\\\/03\\\/13\\\/petrobras-ajusta-preco-do-diesel-em-r-038-por-litro-neste-sabado\\\/\"},\"wordCount\":473,\"publisher\":{\"@id\":\"https:\\\/\\\/motorista.com.br\\\/noticias\\\/#organization\"},\"image\":{\"@id\":\"https:\\\/\\\/motorista.com.br\\\/noticias\\\/2026\\\/03\\\/13\\\/petrobras-ajusta-preco-do-diesel-em-r-038-por-litro-neste-sabado\\\/#primaryimage\"},\"thumbnailUrl\":\"https:\\\/\\\/motorista.com.br\\\/noticias\\\/wp-content\\\/uploads\\\/2026\\\/03\\\/diesel-caminhao-posto-1.jpg\",\"articleSection\":[\"Carreteiro\",\"Motorista\"],\"inLanguage\":\"pt-BR\"},{\"@type\":\"WebPage\",\"@id\":\"https:\\\/\\\/motorista.com.br\\\/noticias\\\/2026\\\/03\\\/13\\\/petrobras-ajusta-preco-do-diesel-em-r-038-por-litro-neste-sabado\\\/\",\"url\":\"https:\\\/\\\/motorista.com.br\\\/noticias\\\/2026\\\/03\\\/13\\\/petrobras-ajusta-preco-do-diesel-em-r-038-por-litro-neste-sabado\\\/\",\"name\":\"Petrobras ajusta pre\u00e7o do diesel em R$ 0,38 por litro neste s\u00e1bado. - Motorista.com.br\",\"isPartOf\":{\"@id\":\"https:\\\/\\\/motorista.com.br\\\/noticias\\\/#website\"},\"primaryImageOfPage\":{\"@id\":\"https:\\\/\\\/motorista.com.br\\\/noticias\\\/2026\\\/03\\\/13\\\/petrobras-ajusta-preco-do-diesel-em-r-038-por-litro-neste-sabado\\\/#primaryimage\"},\"image\":{\"@id\":\"https:\\\/\\\/motorista.com.br\\\/noticias\\\/2026\\\/03\\\/13\\\/petrobras-ajusta-preco-do-diesel-em-r-038-por-litro-neste-sabado\\\/#primaryimage\"},\"thumbnailUrl\":\"https:\\\/\\\/motorista.com.br\\\/noticias\\\/wp-content\\\/uploads\\\/2026\\\/03\\\/diesel-caminhao-posto-1.jpg\",\"datePublished\":\"2026-03-13T20:07:59+00:00\",\"breadcrumb\":{\"@id\":\"https:\\\/\\\/motorista.com.br\\\/noticias\\\/2026\\\/03\\\/13\\\/petrobras-ajusta-preco-do-diesel-em-r-038-por-litro-neste-sabado\\\/#breadcrumb\"},\"inLanguage\":\"pt-BR\",\"potentialAction\":[{\"@type\":\"ReadAction\",\"target\":[\"https:\\\/\\\/motorista.com.br\\\/noticias\\\/2026\\\/03\\\/13\\\/petrobras-ajusta-preco-do-diesel-em-r-038-por-litro-neste-sabado\\\/\"]}]},{\"@type\":\"ImageObject\",\"inLanguage\":\"pt-BR\",\"@id\":\"https:\\\/\\\/motorista.com.br\\\/noticias\\\/2026\\\/03\\\/13\\\/petrobras-ajusta-preco-do-diesel-em-r-038-por-litro-neste-sabado\\\/#primaryimage\",\"url\":\"https:\\\/\\\/motorista.com.br\\\/noticias\\\/wp-content\\\/uploads\\\/2026\\\/03\\\/diesel-caminhao-posto-1.jpg\",\"contentUrl\":\"https:\\\/\\\/motorista.com.br\\\/noticias\\\/wp-content\\\/uploads\\\/2026\\\/03\\\/diesel-caminhao-posto-1.jpg\",\"width\":1300,\"height\":867},{\"@type\":\"BreadcrumbList\",\"@id\":\"https:\\\/\\\/motorista.com.br\\\/noticias\\\/2026\\\/03\\\/13\\\/petrobras-ajusta-preco-do-diesel-em-r-038-por-litro-neste-sabado\\\/#breadcrumb\",\"itemListElement\":[{\"@type\":\"ListItem\",\"position\":1,\"name\":\"In\u00edcio\",\"item\":\"https:\\\/\\\/motorista.com.br\\\/noticias\\\/\"},{\"@type\":\"ListItem\",\"position\":2,\"name\":\"Petrobras ajusta pre\u00e7o do diesel em R$ 0,38 por litro neste s\u00e1bado.\"}]},{\"@type\":\"WebSite\",\"@id\":\"https:\\\/\\\/motorista.com.br\\\/noticias\\\/#website\",\"url\":\"https:\\\/\\\/motorista.com.br\\\/noticias\\\/\",\"name\":\"Motorista.com.br\",\"description\":\"Not\u00edcia do Motorista\",\"publisher\":{\"@id\":\"https:\\\/\\\/motorista.com.br\\\/noticias\\\/#organization\"},\"potentialAction\":[{\"@type\":\"SearchAction\",\"target\":{\"@type\":\"EntryPoint\",\"urlTemplate\":\"https:\\\/\\\/motorista.com.br\\\/noticias\\\/?s={search_term_string}\"},\"query-input\":{\"@type\":\"PropertyValueSpecification\",\"valueRequired\":true,\"valueName\":\"search_term_string\"}}],\"inLanguage\":\"pt-BR\"},{\"@type\":\"Organization\",\"@id\":\"https:\\\/\\\/motorista.com.br\\\/noticias\\\/#organization\",\"name\":\"Motorista.com.br\",\"url\":\"https:\\\/\\\/motorista.com.br\\\/noticias\\\/\",\"logo\":{\"@type\":\"ImageObject\",\"inLanguage\":\"pt-BR\",\"@id\":\"https:\\\/\\\/motorista.com.br\\\/noticias\\\/#\\\/schema\\\/logo\\\/image\\\/\",\"url\":\"https:\\\/\\\/motorista.com.br\\\/noticias\\\/wp-content\\\/uploads\\\/2025\\\/06\\\/Design-sem-nome-9.png\",\"contentUrl\":\"https:\\\/\\\/motorista.com.br\\\/noticias\\\/wp-content\\\/uploads\\\/2025\\\/06\\\/Design-sem-nome-9.png\",\"width\":150,\"height\":85,\"caption\":\"Motorista.com.br\"},\"image\":{\"@id\":\"https:\\\/\\\/motorista.com.br\\\/noticias\\\/#\\\/schema\\\/logo\\\/image\\\/\"}},{\"@type\":\"Person\",\"@id\":\"https:\\\/\\\/motorista.com.br\\\/noticias\\\/#\\\/schema\\\/person\\\/dc93afc2981c0e3ce6bc3c053fd847be\",\"name\":\"Equipe Reda\u00e7\u00e3o\",\"image\":{\"@type\":\"ImageObject\",\"inLanguage\":\"pt-BR\",\"@id\":\"https:\\\/\\\/secure.gravatar.com\\\/avatar\\\/4f525efbf18dd2bb300ccad28bfb99d95a9465a5ba268407c8c37b37e1f28d2d?s=96&d=mm&r=g9e099043a0c61e9ae27e293b9fa75ffc\",\"url\":\"https:\\\/\\\/secure.gravatar.com\\\/avatar\\\/4f525efbf18dd2bb300ccad28bfb99d95a9465a5ba268407c8c37b37e1f28d2d?s=96&d=mm&r=g\",\"contentUrl\":\"https:\\\/\\\/secure.gravatar.com\\\/avatar\\\/4f525efbf18dd2bb300ccad28bfb99d95a9465a5ba268407c8c37b37e1f28d2d?s=96&d=mm&r=g\",\"caption\":\"Equipe Reda\u00e7\u00e3o\"},\"description\":\"Equipe de reda\u00e7\u00e3o \u00e9 um grupo de profissionais que trabalham juntos para criar conte\u00fado escrito para Motorista.com.br\",\"url\":\"https:\\\/\\\/motorista.com.br\\\/noticias\\\/author\\\/equiperedacao\\\/\"}]}<\/script>\n<!-- \/ Yoast SEO Premium plugin. -->","yoast_head_json":{"title":"Petrobras ajusta pre\u00e7o do diesel em R$ 0,38 por litro neste s\u00e1bado. - Motorista.com.br","robots":{"index":"index","follow":"follow","max-snippet":"max-snippet:-1","max-image-preview":"max-image-preview:large","max-video-preview":"max-video-preview:-1"},"canonical":"https:\/\/motorista.com.br\/noticias\/2026\/03\/13\/petrobras-ajusta-preco-do-diesel-em-r-038-por-litro-neste-sabado\/","og_locale":"pt_BR","og_type":"article","og_title":"Petrobras ajusta pre\u00e7o do diesel em R$ 0,38 por litro neste s\u00e1bado.","og_description":"Petrobras aumenta o valor do diesel em R$ 0,38 por litro a partir de s\u00e1bado A partir de amanh\u00e3, o pre\u00e7o do diesel sofrer\u00e1 um aumento autorizado pela Petrobras, marcando a primeira alta desde o in\u00edcio do recente conflito entre Estados Unidos e Israel contra o Ir\u00e3. O ajuste, que entra em vigor no s\u00e1bado, &hellip;","og_url":"https:\/\/motorista.com.br\/noticias\/2026\/03\/13\/petrobras-ajusta-preco-do-diesel-em-r-038-por-litro-neste-sabado\/","og_site_name":"Motorista.com.br","article_published_time":"2026-03-13T20:07:59+00:00","author":"Equipe Reda\u00e7\u00e3o","twitter_card":"summary_large_image","twitter_misc":{"Escrito por":"Equipe Reda\u00e7\u00e3o","Est. tempo de leitura":"2 minutos","Written by":"Equipe Reda\u00e7\u00e3o"},"schema":{"@context":"https:\/\/schema.org","@graph":[{"@type":"Article","@id":"https:\/\/motorista.com.br\/noticias\/2026\/03\/13\/petrobras-ajusta-preco-do-diesel-em-r-038-por-litro-neste-sabado\/#article","isPartOf":{"@id":"https:\/\/motorista.com.br\/noticias\/2026\/03\/13\/petrobras-ajusta-preco-do-diesel-em-r-038-por-litro-neste-sabado\/"},"author":{"name":"Equipe Reda\u00e7\u00e3o","@id":"https:\/\/motorista.com.br\/noticias\/#\/schema\/person\/dc93afc2981c0e3ce6bc3c053fd847be"},"headline":"Petrobras ajusta pre\u00e7o do diesel em R$ 0,38 por litro neste s\u00e1bado.","datePublished":"2026-03-13T20:07:59+00:00","mainEntityOfPage":{"@id":"https:\/\/motorista.com.br\/noticias\/2026\/03\/13\/petrobras-ajusta-preco-do-diesel-em-r-038-por-litro-neste-sabado\/"},"wordCount":473,"publisher":{"@id":"https:\/\/motorista.com.br\/noticias\/#organization"},"image":{"@id":"https:\/\/motorista.com.br\/noticias\/2026\/03\/13\/petrobras-ajusta-preco-do-diesel-em-r-038-por-litro-neste-sabado\/#primaryimage"},"thumbnailUrl":"https:\/\/motorista.com.br\/noticias\/wp-content\/uploads\/2026\/03\/diesel-caminhao-posto-1.jpg","articleSection":["Carreteiro","Motorista"],"inLanguage":"pt-BR"},{"@type":"WebPage","@id":"https:\/\/motorista.com.br\/noticias\/2026\/03\/13\/petrobras-ajusta-preco-do-diesel-em-r-038-por-litro-neste-sabado\/","url":"https:\/\/motorista.com.br\/noticias\/2026\/03\/13\/petrobras-ajusta-preco-do-diesel-em-r-038-por-litro-neste-sabado\/","name":"Petrobras ajusta pre\u00e7o do diesel em R$ 0,38 por litro neste s\u00e1bado. - Motorista.com.br","isPartOf":{"@id":"https:\/\/motorista.com.br\/noticias\/#website"},"primaryImageOfPage":{"@id":"https:\/\/motorista.com.br\/noticias\/2026\/03\/13\/petrobras-ajusta-preco-do-diesel-em-r-038-por-litro-neste-sabado\/#primaryimage"},"image":{"@id":"https:\/\/motorista.com.br\/noticias\/2026\/03\/13\/petrobras-ajusta-preco-do-diesel-em-r-038-por-litro-neste-sabado\/#primaryimage"},"thumbnailUrl":"https:\/\/motorista.com.br\/noticias\/wp-content\/uploads\/2026\/03\/diesel-caminhao-posto-1.jpg","datePublished":"2026-03-13T20:07:59+00:00","breadcrumb":{"@id":"https:\/\/motorista.com.br\/noticias\/2026\/03\/13\/petrobras-ajusta-preco-do-diesel-em-r-038-por-litro-neste-sabado\/#breadcrumb"},"inLanguage":"pt-BR","potentialAction":[{"@type":"ReadAction","target":["https:\/\/motorista.com.br\/noticias\/2026\/03\/13\/petrobras-ajusta-preco-do-diesel-em-r-038-por-litro-neste-sabado\/"]}]},{"@type":"ImageObject","inLanguage":"pt-BR","@id":"https:\/\/motorista.com.br\/noticias\/2026\/03\/13\/petrobras-ajusta-preco-do-diesel-em-r-038-por-litro-neste-sabado\/#primaryimage","url":"https:\/\/motorista.com.br\/noticias\/wp-content\/uploads\/2026\/03\/diesel-caminhao-posto-1.jpg","contentUrl":"https:\/\/motorista.com.br\/noticias\/wp-content\/uploads\/2026\/03\/diesel-caminhao-posto-1.jpg","width":1300,"height":867},{"@type":"BreadcrumbList","@id":"https:\/\/motorista.com.br\/noticias\/2026\/03\/13\/petrobras-ajusta-preco-do-diesel-em-r-038-por-litro-neste-sabado\/#breadcrumb","itemListElement":[{"@type":"ListItem","position":1,"name":"In\u00edcio","item":"https:\/\/motorista.com.br\/noticias\/"},{"@type":"ListItem","position":2,"name":"Petrobras ajusta pre\u00e7o do diesel em R$ 0,38 por litro neste s\u00e1bado."}]},{"@type":"WebSite","@id":"https:\/\/motorista.com.br\/noticias\/#website","url":"https:\/\/motorista.com.br\/noticias\/","name":"Motorista.com.br","description":"Not\u00edcia do Motorista","publisher":{"@id":"https:\/\/motorista.com.br\/noticias\/#organization"},"potentialAction":[{"@type":"SearchAction","target":{"@type":"EntryPoint","urlTemplate":"https:\/\/motorista.com.br\/noticias\/?s={search_term_string}"},"query-input":{"@type":"PropertyValueSpecification","valueRequired":true,"valueName":"search_term_string"}}],"inLanguage":"pt-BR"},{"@type":"Organization","@id":"https:\/\/motorista.com.br\/noticias\/#organization","name":"Motorista.com.br","url":"https:\/\/motorista.com.br\/noticias\/","logo":{"@type":"ImageObject","inLanguage":"pt-BR","@id":"https:\/\/motorista.com.br\/noticias\/#\/schema\/logo\/image\/","url":"https:\/\/motorista.com.br\/noticias\/wp-content\/uploads\/2025\/06\/Design-sem-nome-9.png","contentUrl":"https:\/\/motorista.com.br\/noticias\/wp-content\/uploads\/2025\/06\/Design-sem-nome-9.png","width":150,"height":85,"caption":"Motorista.com.br"},"image":{"@id":"https:\/\/motorista.com.br\/noticias\/#\/schema\/logo\/image\/"}},{"@type":"Person","@id":"https:\/\/motorista.com.br\/noticias\/#\/schema\/person\/dc93afc2981c0e3ce6bc3c053fd847be","name":"Equipe Reda\u00e7\u00e3o","image":{"@type":"ImageObject","inLanguage":"pt-BR","@id":"https:\/\/secure.gravatar.com\/avatar\/4f525efbf18dd2bb300ccad28bfb99d95a9465a5ba268407c8c37b37e1f28d2d?s=96&d=mm&r=g9e099043a0c61e9ae27e293b9fa75ffc","url":"https:\/\/secure.gravatar.com\/avatar\/4f525efbf18dd2bb300ccad28bfb99d95a9465a5ba268407c8c37b37e1f28d2d?s=96&d=mm&r=g","contentUrl":"https:\/\/secure.gravatar.com\/avatar\/4f525efbf18dd2bb300ccad28bfb99d95a9465a5ba268407c8c37b37e1f28d2d?s=96&d=mm&r=g","caption":"Equipe Reda\u00e7\u00e3o"},"description":"Equipe de reda\u00e7\u00e3o \u00e9 um grupo de profissionais que trabalham juntos para criar conte\u00fado escrito para Motorista.com.br","url":"https:\/\/motorista.com.br\/noticias\/author\/equiperedacao\/"}]}},"_links":{"self":[{"href":"https:\/\/motorista.com.br\/noticias\/wp-json\/wp\/v2\/posts\/7717","targetHints":{"allow":["GET"]}}],"collection":[{"href":"https:\/\/motorista.com.br\/noticias\/wp-json\/wp\/v2\/posts"}],"about":[{"href":"https:\/\/motorista.com.br\/noticias\/wp-json\/wp\/v2\/types\/post"}],"author":[{"embeddable":true,"href":"https:\/\/motorista.com.br\/noticias\/wp-json\/wp\/v2\/users\/4"}],"replies":[{"embeddable":true,"href":"https:\/\/motorista.com.br\/noticias\/wp-json\/wp\/v2\/comments?post=7717"}],"version-history":[{"count":0,"href":"https:\/\/motorista.com.br\/noticias\/wp-json\/wp\/v2\/posts\/7717\/revisions"}],"wp:featuredmedia":[{"embeddable":true,"href":"https:\/\/motorista.com.br\/noticias\/wp-json\/wp\/v2\/media\/7718"}],"wp:attachment":[{"href":"https:\/\/motorista.com.br\/noticias\/wp-json\/wp\/v2\/media?parent=7717"}],"wp:term":[{"taxonomy":"category","embeddable":true,"href":"https:\/\/motorista.com.br\/noticias\/wp-json\/wp\/v2\/categories?post=7717"},{"taxonomy":"post_tag","embeddable":true,"href":"https:\/\/motorista.com.br\/noticias\/wp-json\/wp\/v2\/tags?post=7717"},{"taxonomy":"author","embeddable":true,"href":"https:\/\/motorista.com.br\/noticias\/wp-json\/wp\/v2\/coauthors?post=7717"}],"curies":[{"name":"wp","href":"https:\/\/api.w.org\/{rel}","templated":true}]}}