{"id":7714,"date":"2026-03-13T16:24:45","date_gmt":"2026-03-13T19:24:45","guid":{"rendered":"https:\/\/motorista.com.br\/noticias\/2026\/03\/13\/transicao-para-cnpj-alfanumerico-inicia-com-grandes-empresas-meis-ficam-para-depois\/"},"modified":"2026-03-13T16:24:45","modified_gmt":"2026-03-13T19:24:45","slug":"transicao-para-cnpj-alfanumerico-inicia-com-grandes-empresas-meis-ficam-para-depois","status":"publish","type":"post","link":"https:\/\/motorista.com.br\/noticias\/2026\/03\/13\/transicao-para-cnpj-alfanumerico-inicia-com-grandes-empresas-meis-ficam-para-depois\/","title":{"rendered":"Transi\u00e7\u00e3o para CNPJ alfanum\u00e9rico inicia com grandes empresas; MEIs ficam para depois."},"content":{"rendered":"<p><\/p>\n<h1>Transi\u00e7\u00e3o para CNPJ alfanum\u00e9rico deve come\u00e7ar com grandes empresas; MEIs ficam para depois<\/h1>\n<p>A implementa\u00e7\u00e3o do Cadastro Nacional da Pessoa Jur\u00eddica (CNPJ) alfanum\u00e9rico, que incluir\u00e1 letras em sua composi\u00e7\u00e3o, \u00e9 um tema pertinente para a mobilidade do mercado. A transi\u00e7\u00e3o, prevista para iniciar em julho de 2026, ir\u00e1 requerer adapta\u00e7\u00f5es variadas, inicialmente direcionadas \u00e0s grandes empresas. Esta estrutura, ao ser aplicada, poder\u00e1 gerar repercuss\u00f5es significativas n\u00e3o apenas para os empres\u00e1rios, mas tamb\u00e9m para a mobilidade geral, especialmente na forma como os servi\u00e7os s\u00e3o interligados e organizados dentro do com\u00e9rcio.<\/p>\n<h2>Benef\u00edcios e Impactos para Motoristas e Mobilidade Geral<\/h2>\n<p>A altera\u00e7\u00e3o no formato do CNPJ \u00e9 uma resposta \u00e0 satura\u00e7\u00e3o do modelo atual. Com a inclus\u00e3o de letras, o sistema poder\u00e1 comportar um maior n\u00famero de registros, o que \u00e9 crucial para o crescimento econ\u00f4mico. Para os motoristas, essa mudan\u00e7a pode impactar positivamente a agilidade nos processos de identifica\u00e7\u00e3o de empresas, facilitando opera\u00e7\u00f5es log\u00edsticas e comerciais. Um CNPJ bem estruturado e que se adapte \u00e0 realidade digital vai contribuir para um fluxo de trabalho mais eficiente e menos burocr\u00e1tico na entrega de produtos e servi\u00e7os.<\/p>\n<p>Por outro lado, a transi\u00e7\u00e3o paulatina proposta pela Receita Federal, come\u00e7ando pelas grandes empresas, vislumbra um teste de adapta\u00e7\u00e3o que pode influenciar diretamente a efici\u00eancia dos pequenos neg\u00f3cios. Assim, os microempreendedores individuais (MEIs), que ser\u00e3o impactados posteriormente, podem enfrentar desafios ao se integrar a um mercado que j\u00e1 ter\u00e1 evolu\u00eddo. A maneira como essas transi\u00e7\u00f5es s\u00e3o geridas poder\u00e1 determinar a sa\u00fade do ecossistema empresarial no Brasil e, consequentemente, a mobilidade dos servi\u00e7os e produtos.<\/p>\n<h3>Integra\u00e7\u00e3o e Tecnologia<\/h3>\n<p>A mudan\u00e7a requer investimentos consider\u00e1veis em tecnologia, sendo R$ 100 milh\u00f5es apenas para o desenvolvimento e adapta\u00e7\u00e3o dos sistemas da Receita Federal. Esses investimentos s\u00e3o fundamentais para que empresas se adequem adequadamente \u00e0s novas diretrizes. Para motoristas e empresas de transporte, isso significa que haver\u00e1 um tempo de transi\u00e7\u00e3o onde novos sistemas estar\u00e3o sendo implantados, o que pode provocar inicialmente desajustes no mercado.<\/p>\n<p>Se os sistemas de log\u00edstica e transporte se adaptarem rapidamente a essas mudan\u00e7as, a mobilidade geral pode se beneficiar de processos mais fluidos e de uma comunica\u00e7\u00e3o mais eficaz entre empresas. Isso resulta em um tempo de resposta mais r\u00e1pido para entregas e servi\u00e7os, fator crucial em um cen\u00e1rio econ\u00f4mico onde a rapidez \u00e9 uma demanda crescente.<\/p>\n<h3>Considera\u00e7\u00f5es Finais<\/h3>\n<p>A transi\u00e7\u00e3o para o CNPJ alfanum\u00e9rico, embora inicialmente desafiante para as grandes empresas e, posteriormente, para os MEIs, promete uma reestrutura\u00e7\u00e3o necess\u00e1ria dentro do mercado brasileiro. A efici\u00eancia na implementa\u00e7\u00e3o e a capacidade de adapta\u00e7\u00e3o de todos os envolvidos determinar\u00e3o se essa mudan\u00e7a se tornar\u00e1 um catalisador para a moderniza\u00e7\u00e3o da economia, refletindo de forma positiva na mobilidade geral e, por consequ\u00eancia, na vida dos motoristas que representam a espinha dorsal do transporte de mercadorias.<\/p>\n<p>O sucesso desta iniciativa n\u00e3o est\u00e1 apenas na implementa\u00e7\u00e3o t\u00e9cnica, mas no entendimento e na comunica\u00e7\u00e3o de todos os envolvidos sobre a necessidade e os benef\u00edcios dessa mudan\u00e7a. Potencialmente, se bem gerida, a transi\u00e7\u00e3o poder\u00e1 levar a um ecossistema empresarial mais din\u00e2mico e conectado, beneficiando motoristas e consumidores.<\/p>\n<p><strong>Fonte:<\/strong> reformatributaria<\/p>\n","protected":false},"excerpt":{"rendered":"<p>Transi\u00e7\u00e3o para CNPJ alfanum\u00e9rico deve come\u00e7ar com grandes empresas; MEIs ficam para depois A implementa\u00e7\u00e3o do Cadastro Nacional da Pessoa Jur\u00eddica (CNPJ) alfanum\u00e9rico, que incluir\u00e1 letras em sua composi\u00e7\u00e3o, \u00e9 um tema pertinente para a mobilidade do mercado. A transi\u00e7\u00e3o, prevista para iniciar em julho de 2026, ir\u00e1 requerer adapta\u00e7\u00f5es variadas, inicialmente direcionadas \u00e0s grandes &hellip;<\/p>\n","protected":false},"author":4,"featured_media":7715,"comment_status":"","ping_status":"open","sticky":false,"template":"","format":"standard","meta":{"footnotes":""},"categories":[35],"tags":[],"coauthors":[42],"class_list":["post-7714","post","type-post","status-publish","format-standard","has-post-thumbnail","hentry","category-legislacao"],"yoast_head":"<!-- This site is optimized with the Yoast SEO Premium plugin v25.5 (Yoast SEO v27.5) - https:\/\/yoast.com\/product\/yoast-seo-premium-wordpress\/ -->\n<title>Transi\u00e7\u00e3o para CNPJ alfanum\u00e9rico inicia com grandes empresas; MEIs ficam para depois. - Motorista.com.br<\/title>\n<meta name=\"robots\" content=\"index, follow, max-snippet:-1, max-image-preview:large, max-video-preview:-1\" \/>\n<link rel=\"canonical\" href=\"https:\/\/motorista.com.br\/noticias\/2026\/03\/13\/transicao-para-cnpj-alfanumerico-inicia-com-grandes-empresas-meis-ficam-para-depois\/\" \/>\n<meta property=\"og:locale\" content=\"pt_BR\" \/>\n<meta property=\"og:type\" content=\"article\" \/>\n<meta property=\"og:title\" content=\"Transi\u00e7\u00e3o para CNPJ alfanum\u00e9rico inicia com grandes empresas; MEIs ficam para depois.\" \/>\n<meta property=\"og:description\" content=\"Transi\u00e7\u00e3o para CNPJ alfanum\u00e9rico deve come\u00e7ar com grandes empresas; MEIs ficam para depois A implementa\u00e7\u00e3o do Cadastro Nacional da Pessoa Jur\u00eddica (CNPJ) alfanum\u00e9rico, que incluir\u00e1 letras em sua composi\u00e7\u00e3o, \u00e9 um tema pertinente para a mobilidade do mercado. A transi\u00e7\u00e3o, prevista para iniciar em julho de 2026, ir\u00e1 requerer adapta\u00e7\u00f5es variadas, inicialmente direcionadas \u00e0s grandes &hellip;\" \/>\n<meta property=\"og:url\" content=\"https:\/\/motorista.com.br\/noticias\/2026\/03\/13\/transicao-para-cnpj-alfanumerico-inicia-com-grandes-empresas-meis-ficam-para-depois\/\" \/>\n<meta property=\"og:site_name\" content=\"Motorista.com.br\" \/>\n<meta property=\"article:published_time\" content=\"2026-03-13T19:24:45+00:00\" \/>\n<meta name=\"author\" content=\"Equipe Reda\u00e7\u00e3o\" \/>\n<meta name=\"twitter:card\" content=\"summary_large_image\" \/>\n<meta name=\"twitter:label1\" content=\"Escrito por\" \/>\n\t<meta name=\"twitter:data1\" content=\"Equipe Reda\u00e7\u00e3o\" \/>\n\t<meta name=\"twitter:label2\" content=\"Est. tempo de leitura\" \/>\n\t<meta name=\"twitter:data2\" content=\"3 minutos\" \/>\n\t<meta name=\"twitter:label3\" content=\"Written by\" \/>\n\t<meta name=\"twitter:data3\" content=\"Equipe Reda\u00e7\u00e3o\" \/>\n<script type=\"application\/ld+json\" class=\"yoast-schema-graph\">{\"@context\":\"https:\\\/\\\/schema.org\",\"@graph\":[{\"@type\":\"Article\",\"@id\":\"https:\\\/\\\/motorista.com.br\\\/noticias\\\/2026\\\/03\\\/13\\\/transicao-para-cnpj-alfanumerico-inicia-com-grandes-empresas-meis-ficam-para-depois\\\/#article\",\"isPartOf\":{\"@id\":\"https:\\\/\\\/motorista.com.br\\\/noticias\\\/2026\\\/03\\\/13\\\/transicao-para-cnpj-alfanumerico-inicia-com-grandes-empresas-meis-ficam-para-depois\\\/\"},\"author\":{\"name\":\"Equipe Reda\u00e7\u00e3o\",\"@id\":\"https:\\\/\\\/motorista.com.br\\\/noticias\\\/#\\\/schema\\\/person\\\/dc93afc2981c0e3ce6bc3c053fd847be\"},\"headline\":\"Transi\u00e7\u00e3o para CNPJ alfanum\u00e9rico inicia com grandes empresas; MEIs ficam para depois.\",\"datePublished\":\"2026-03-13T19:24:45+00:00\",\"mainEntityOfPage\":{\"@id\":\"https:\\\/\\\/motorista.com.br\\\/noticias\\\/2026\\\/03\\\/13\\\/transicao-para-cnpj-alfanumerico-inicia-com-grandes-empresas-meis-ficam-para-depois\\\/\"},\"wordCount\":587,\"publisher\":{\"@id\":\"https:\\\/\\\/motorista.com.br\\\/noticias\\\/#organization\"},\"image\":{\"@id\":\"https:\\\/\\\/motorista.com.br\\\/noticias\\\/2026\\\/03\\\/13\\\/transicao-para-cnpj-alfanumerico-inicia-com-grandes-empresas-meis-ficam-para-depois\\\/#primaryimage\"},\"thumbnailUrl\":\"https:\\\/\\\/motorista.com.br\\\/noticias\\\/wp-content\\\/uploads\\\/2026\\\/03\\\/rafael-neves-receita.jpeg\",\"articleSection\":[\"Legisla\u00e7\u00e3o\"],\"inLanguage\":\"pt-BR\"},{\"@type\":\"WebPage\",\"@id\":\"https:\\\/\\\/motorista.com.br\\\/noticias\\\/2026\\\/03\\\/13\\\/transicao-para-cnpj-alfanumerico-inicia-com-grandes-empresas-meis-ficam-para-depois\\\/\",\"url\":\"https:\\\/\\\/motorista.com.br\\\/noticias\\\/2026\\\/03\\\/13\\\/transicao-para-cnpj-alfanumerico-inicia-com-grandes-empresas-meis-ficam-para-depois\\\/\",\"name\":\"Transi\u00e7\u00e3o para CNPJ alfanum\u00e9rico inicia com grandes empresas; MEIs ficam para depois. - Motorista.com.br\",\"isPartOf\":{\"@id\":\"https:\\\/\\\/motorista.com.br\\\/noticias\\\/#website\"},\"primaryImageOfPage\":{\"@id\":\"https:\\\/\\\/motorista.com.br\\\/noticias\\\/2026\\\/03\\\/13\\\/transicao-para-cnpj-alfanumerico-inicia-com-grandes-empresas-meis-ficam-para-depois\\\/#primaryimage\"},\"image\":{\"@id\":\"https:\\\/\\\/motorista.com.br\\\/noticias\\\/2026\\\/03\\\/13\\\/transicao-para-cnpj-alfanumerico-inicia-com-grandes-empresas-meis-ficam-para-depois\\\/#primaryimage\"},\"thumbnailUrl\":\"https:\\\/\\\/motorista.com.br\\\/noticias\\\/wp-content\\\/uploads\\\/2026\\\/03\\\/rafael-neves-receita.jpeg\",\"datePublished\":\"2026-03-13T19:24:45+00:00\",\"breadcrumb\":{\"@id\":\"https:\\\/\\\/motorista.com.br\\\/noticias\\\/2026\\\/03\\\/13\\\/transicao-para-cnpj-alfanumerico-inicia-com-grandes-empresas-meis-ficam-para-depois\\\/#breadcrumb\"},\"inLanguage\":\"pt-BR\",\"potentialAction\":[{\"@type\":\"ReadAction\",\"target\":[\"https:\\\/\\\/motorista.com.br\\\/noticias\\\/2026\\\/03\\\/13\\\/transicao-para-cnpj-alfanumerico-inicia-com-grandes-empresas-meis-ficam-para-depois\\\/\"]}]},{\"@type\":\"ImageObject\",\"inLanguage\":\"pt-BR\",\"@id\":\"https:\\\/\\\/motorista.com.br\\\/noticias\\\/2026\\\/03\\\/13\\\/transicao-para-cnpj-alfanumerico-inicia-com-grandes-empresas-meis-ficam-para-depois\\\/#primaryimage\",\"url\":\"https:\\\/\\\/motorista.com.br\\\/noticias\\\/wp-content\\\/uploads\\\/2026\\\/03\\\/rafael-neves-receita.jpeg\",\"contentUrl\":\"https:\\\/\\\/motorista.com.br\\\/noticias\\\/wp-content\\\/uploads\\\/2026\\\/03\\\/rafael-neves-receita.jpeg\",\"width\":1280,\"height\":960},{\"@type\":\"BreadcrumbList\",\"@id\":\"https:\\\/\\\/motorista.com.br\\\/noticias\\\/2026\\\/03\\\/13\\\/transicao-para-cnpj-alfanumerico-inicia-com-grandes-empresas-meis-ficam-para-depois\\\/#breadcrumb\",\"itemListElement\":[{\"@type\":\"ListItem\",\"position\":1,\"name\":\"In\u00edcio\",\"item\":\"https:\\\/\\\/motorista.com.br\\\/noticias\\\/\"},{\"@type\":\"ListItem\",\"position\":2,\"name\":\"Transi\u00e7\u00e3o para CNPJ alfanum\u00e9rico inicia com grandes empresas; MEIs ficam para depois.\"}]},{\"@type\":\"WebSite\",\"@id\":\"https:\\\/\\\/motorista.com.br\\\/noticias\\\/#website\",\"url\":\"https:\\\/\\\/motorista.com.br\\\/noticias\\\/\",\"name\":\"Motorista.com.br\",\"description\":\"Not\u00edcia do Motorista\",\"publisher\":{\"@id\":\"https:\\\/\\\/motorista.com.br\\\/noticias\\\/#organization\"},\"potentialAction\":[{\"@type\":\"SearchAction\",\"target\":{\"@type\":\"EntryPoint\",\"urlTemplate\":\"https:\\\/\\\/motorista.com.br\\\/noticias\\\/?s={search_term_string}\"},\"query-input\":{\"@type\":\"PropertyValueSpecification\",\"valueRequired\":true,\"valueName\":\"search_term_string\"}}],\"inLanguage\":\"pt-BR\"},{\"@type\":\"Organization\",\"@id\":\"https:\\\/\\\/motorista.com.br\\\/noticias\\\/#organization\",\"name\":\"Motorista.com.br\",\"url\":\"https:\\\/\\\/motorista.com.br\\\/noticias\\\/\",\"logo\":{\"@type\":\"ImageObject\",\"inLanguage\":\"pt-BR\",\"@id\":\"https:\\\/\\\/motorista.com.br\\\/noticias\\\/#\\\/schema\\\/logo\\\/image\\\/\",\"url\":\"https:\\\/\\\/motorista.com.br\\\/noticias\\\/wp-content\\\/uploads\\\/2025\\\/06\\\/Design-sem-nome-9.png\",\"contentUrl\":\"https:\\\/\\\/motorista.com.br\\\/noticias\\\/wp-content\\\/uploads\\\/2025\\\/06\\\/Design-sem-nome-9.png\",\"width\":150,\"height\":85,\"caption\":\"Motorista.com.br\"},\"image\":{\"@id\":\"https:\\\/\\\/motorista.com.br\\\/noticias\\\/#\\\/schema\\\/logo\\\/image\\\/\"}},{\"@type\":\"Person\",\"@id\":\"https:\\\/\\\/motorista.com.br\\\/noticias\\\/#\\\/schema\\\/person\\\/dc93afc2981c0e3ce6bc3c053fd847be\",\"name\":\"Equipe Reda\u00e7\u00e3o\",\"image\":{\"@type\":\"ImageObject\",\"inLanguage\":\"pt-BR\",\"@id\":\"https:\\\/\\\/secure.gravatar.com\\\/avatar\\\/4f525efbf18dd2bb300ccad28bfb99d95a9465a5ba268407c8c37b37e1f28d2d?s=96&d=mm&r=g9e099043a0c61e9ae27e293b9fa75ffc\",\"url\":\"https:\\\/\\\/secure.gravatar.com\\\/avatar\\\/4f525efbf18dd2bb300ccad28bfb99d95a9465a5ba268407c8c37b37e1f28d2d?s=96&d=mm&r=g\",\"contentUrl\":\"https:\\\/\\\/secure.gravatar.com\\\/avatar\\\/4f525efbf18dd2bb300ccad28bfb99d95a9465a5ba268407c8c37b37e1f28d2d?s=96&d=mm&r=g\",\"caption\":\"Equipe Reda\u00e7\u00e3o\"},\"description\":\"Equipe de reda\u00e7\u00e3o \u00e9 um grupo de profissionais que trabalham juntos para criar conte\u00fado escrito para Motorista.com.br\",\"url\":\"https:\\\/\\\/motorista.com.br\\\/noticias\\\/author\\\/equiperedacao\\\/\"}]}<\/script>\n<!-- \/ Yoast SEO Premium plugin. -->","yoast_head_json":{"title":"Transi\u00e7\u00e3o para CNPJ alfanum\u00e9rico inicia com grandes empresas; MEIs ficam para depois. - Motorista.com.br","robots":{"index":"index","follow":"follow","max-snippet":"max-snippet:-1","max-image-preview":"max-image-preview:large","max-video-preview":"max-video-preview:-1"},"canonical":"https:\/\/motorista.com.br\/noticias\/2026\/03\/13\/transicao-para-cnpj-alfanumerico-inicia-com-grandes-empresas-meis-ficam-para-depois\/","og_locale":"pt_BR","og_type":"article","og_title":"Transi\u00e7\u00e3o para CNPJ alfanum\u00e9rico inicia com grandes empresas; MEIs ficam para depois.","og_description":"Transi\u00e7\u00e3o para CNPJ alfanum\u00e9rico deve come\u00e7ar com grandes empresas; MEIs ficam para depois A implementa\u00e7\u00e3o do Cadastro Nacional da Pessoa Jur\u00eddica (CNPJ) alfanum\u00e9rico, que incluir\u00e1 letras em sua composi\u00e7\u00e3o, \u00e9 um tema pertinente para a mobilidade do mercado. A transi\u00e7\u00e3o, prevista para iniciar em julho de 2026, ir\u00e1 requerer adapta\u00e7\u00f5es variadas, inicialmente direcionadas \u00e0s grandes &hellip;","og_url":"https:\/\/motorista.com.br\/noticias\/2026\/03\/13\/transicao-para-cnpj-alfanumerico-inicia-com-grandes-empresas-meis-ficam-para-depois\/","og_site_name":"Motorista.com.br","article_published_time":"2026-03-13T19:24:45+00:00","author":"Equipe Reda\u00e7\u00e3o","twitter_card":"summary_large_image","twitter_misc":{"Escrito por":"Equipe Reda\u00e7\u00e3o","Est. tempo de leitura":"3 minutos","Written by":"Equipe Reda\u00e7\u00e3o"},"schema":{"@context":"https:\/\/schema.org","@graph":[{"@type":"Article","@id":"https:\/\/motorista.com.br\/noticias\/2026\/03\/13\/transicao-para-cnpj-alfanumerico-inicia-com-grandes-empresas-meis-ficam-para-depois\/#article","isPartOf":{"@id":"https:\/\/motorista.com.br\/noticias\/2026\/03\/13\/transicao-para-cnpj-alfanumerico-inicia-com-grandes-empresas-meis-ficam-para-depois\/"},"author":{"name":"Equipe Reda\u00e7\u00e3o","@id":"https:\/\/motorista.com.br\/noticias\/#\/schema\/person\/dc93afc2981c0e3ce6bc3c053fd847be"},"headline":"Transi\u00e7\u00e3o para CNPJ alfanum\u00e9rico inicia com grandes empresas; MEIs ficam para depois.","datePublished":"2026-03-13T19:24:45+00:00","mainEntityOfPage":{"@id":"https:\/\/motorista.com.br\/noticias\/2026\/03\/13\/transicao-para-cnpj-alfanumerico-inicia-com-grandes-empresas-meis-ficam-para-depois\/"},"wordCount":587,"publisher":{"@id":"https:\/\/motorista.com.br\/noticias\/#organization"},"image":{"@id":"https:\/\/motorista.com.br\/noticias\/2026\/03\/13\/transicao-para-cnpj-alfanumerico-inicia-com-grandes-empresas-meis-ficam-para-depois\/#primaryimage"},"thumbnailUrl":"https:\/\/motorista.com.br\/noticias\/wp-content\/uploads\/2026\/03\/rafael-neves-receita.jpeg","articleSection":["Legisla\u00e7\u00e3o"],"inLanguage":"pt-BR"},{"@type":"WebPage","@id":"https:\/\/motorista.com.br\/noticias\/2026\/03\/13\/transicao-para-cnpj-alfanumerico-inicia-com-grandes-empresas-meis-ficam-para-depois\/","url":"https:\/\/motorista.com.br\/noticias\/2026\/03\/13\/transicao-para-cnpj-alfanumerico-inicia-com-grandes-empresas-meis-ficam-para-depois\/","name":"Transi\u00e7\u00e3o para CNPJ alfanum\u00e9rico inicia com grandes empresas; MEIs ficam para depois. - Motorista.com.br","isPartOf":{"@id":"https:\/\/motorista.com.br\/noticias\/#website"},"primaryImageOfPage":{"@id":"https:\/\/motorista.com.br\/noticias\/2026\/03\/13\/transicao-para-cnpj-alfanumerico-inicia-com-grandes-empresas-meis-ficam-para-depois\/#primaryimage"},"image":{"@id":"https:\/\/motorista.com.br\/noticias\/2026\/03\/13\/transicao-para-cnpj-alfanumerico-inicia-com-grandes-empresas-meis-ficam-para-depois\/#primaryimage"},"thumbnailUrl":"https:\/\/motorista.com.br\/noticias\/wp-content\/uploads\/2026\/03\/rafael-neves-receita.jpeg","datePublished":"2026-03-13T19:24:45+00:00","breadcrumb":{"@id":"https:\/\/motorista.com.br\/noticias\/2026\/03\/13\/transicao-para-cnpj-alfanumerico-inicia-com-grandes-empresas-meis-ficam-para-depois\/#breadcrumb"},"inLanguage":"pt-BR","potentialAction":[{"@type":"ReadAction","target":["https:\/\/motorista.com.br\/noticias\/2026\/03\/13\/transicao-para-cnpj-alfanumerico-inicia-com-grandes-empresas-meis-ficam-para-depois\/"]}]},{"@type":"ImageObject","inLanguage":"pt-BR","@id":"https:\/\/motorista.com.br\/noticias\/2026\/03\/13\/transicao-para-cnpj-alfanumerico-inicia-com-grandes-empresas-meis-ficam-para-depois\/#primaryimage","url":"https:\/\/motorista.com.br\/noticias\/wp-content\/uploads\/2026\/03\/rafael-neves-receita.jpeg","contentUrl":"https:\/\/motorista.com.br\/noticias\/wp-content\/uploads\/2026\/03\/rafael-neves-receita.jpeg","width":1280,"height":960},{"@type":"BreadcrumbList","@id":"https:\/\/motorista.com.br\/noticias\/2026\/03\/13\/transicao-para-cnpj-alfanumerico-inicia-com-grandes-empresas-meis-ficam-para-depois\/#breadcrumb","itemListElement":[{"@type":"ListItem","position":1,"name":"In\u00edcio","item":"https:\/\/motorista.com.br\/noticias\/"},{"@type":"ListItem","position":2,"name":"Transi\u00e7\u00e3o para CNPJ alfanum\u00e9rico inicia com grandes empresas; MEIs ficam para depois."}]},{"@type":"WebSite","@id":"https:\/\/motorista.com.br\/noticias\/#website","url":"https:\/\/motorista.com.br\/noticias\/","name":"Motorista.com.br","description":"Not\u00edcia do Motorista","publisher":{"@id":"https:\/\/motorista.com.br\/noticias\/#organization"},"potentialAction":[{"@type":"SearchAction","target":{"@type":"EntryPoint","urlTemplate":"https:\/\/motorista.com.br\/noticias\/?s={search_term_string}"},"query-input":{"@type":"PropertyValueSpecification","valueRequired":true,"valueName":"search_term_string"}}],"inLanguage":"pt-BR"},{"@type":"Organization","@id":"https:\/\/motorista.com.br\/noticias\/#organization","name":"Motorista.com.br","url":"https:\/\/motorista.com.br\/noticias\/","logo":{"@type":"ImageObject","inLanguage":"pt-BR","@id":"https:\/\/motorista.com.br\/noticias\/#\/schema\/logo\/image\/","url":"https:\/\/motorista.com.br\/noticias\/wp-content\/uploads\/2025\/06\/Design-sem-nome-9.png","contentUrl":"https:\/\/motorista.com.br\/noticias\/wp-content\/uploads\/2025\/06\/Design-sem-nome-9.png","width":150,"height":85,"caption":"Motorista.com.br"},"image":{"@id":"https:\/\/motorista.com.br\/noticias\/#\/schema\/logo\/image\/"}},{"@type":"Person","@id":"https:\/\/motorista.com.br\/noticias\/#\/schema\/person\/dc93afc2981c0e3ce6bc3c053fd847be","name":"Equipe Reda\u00e7\u00e3o","image":{"@type":"ImageObject","inLanguage":"pt-BR","@id":"https:\/\/secure.gravatar.com\/avatar\/4f525efbf18dd2bb300ccad28bfb99d95a9465a5ba268407c8c37b37e1f28d2d?s=96&d=mm&r=g9e099043a0c61e9ae27e293b9fa75ffc","url":"https:\/\/secure.gravatar.com\/avatar\/4f525efbf18dd2bb300ccad28bfb99d95a9465a5ba268407c8c37b37e1f28d2d?s=96&d=mm&r=g","contentUrl":"https:\/\/secure.gravatar.com\/avatar\/4f525efbf18dd2bb300ccad28bfb99d95a9465a5ba268407c8c37b37e1f28d2d?s=96&d=mm&r=g","caption":"Equipe Reda\u00e7\u00e3o"},"description":"Equipe de reda\u00e7\u00e3o \u00e9 um grupo de profissionais que trabalham juntos para criar conte\u00fado escrito para Motorista.com.br","url":"https:\/\/motorista.com.br\/noticias\/author\/equiperedacao\/"}]}},"_links":{"self":[{"href":"https:\/\/motorista.com.br\/noticias\/wp-json\/wp\/v2\/posts\/7714","targetHints":{"allow":["GET"]}}],"collection":[{"href":"https:\/\/motorista.com.br\/noticias\/wp-json\/wp\/v2\/posts"}],"about":[{"href":"https:\/\/motorista.com.br\/noticias\/wp-json\/wp\/v2\/types\/post"}],"author":[{"embeddable":true,"href":"https:\/\/motorista.com.br\/noticias\/wp-json\/wp\/v2\/users\/4"}],"replies":[{"embeddable":true,"href":"https:\/\/motorista.com.br\/noticias\/wp-json\/wp\/v2\/comments?post=7714"}],"version-history":[{"count":0,"href":"https:\/\/motorista.com.br\/noticias\/wp-json\/wp\/v2\/posts\/7714\/revisions"}],"wp:featuredmedia":[{"embeddable":true,"href":"https:\/\/motorista.com.br\/noticias\/wp-json\/wp\/v2\/media\/7715"}],"wp:attachment":[{"href":"https:\/\/motorista.com.br\/noticias\/wp-json\/wp\/v2\/media?parent=7714"}],"wp:term":[{"taxonomy":"category","embeddable":true,"href":"https:\/\/motorista.com.br\/noticias\/wp-json\/wp\/v2\/categories?post=7714"},{"taxonomy":"post_tag","embeddable":true,"href":"https:\/\/motorista.com.br\/noticias\/wp-json\/wp\/v2\/tags?post=7714"},{"taxonomy":"author","embeddable":true,"href":"https:\/\/motorista.com.br\/noticias\/wp-json\/wp\/v2\/coauthors?post=7714"}],"curies":[{"name":"wp","href":"https:\/\/api.w.org\/{rel}","templated":true}]}}