{"id":7713,"date":"2026-03-13T14:54:00","date_gmt":"2026-03-13T17:54:00","guid":{"rendered":"https:\/\/motorista.com.br\/noticias\/2026\/03\/13\/conflito-no-ira-eleva-expectativa-de-inflacao-pib-permanece-estavel\/"},"modified":"2026-03-13T14:54:00","modified_gmt":"2026-03-13T17:54:00","slug":"conflito-no-ira-eleva-expectativa-de-inflacao-pib-permanece-estavel","status":"publish","type":"post","link":"https:\/\/motorista.com.br\/noticias\/2026\/03\/13\/conflito-no-ira-eleva-expectativa-de-inflacao-pib-permanece-estavel\/","title":{"rendered":"Conflito no Ir\u00e3 eleva expectativa de infla\u00e7\u00e3o; PIB permanece est\u00e1vel."},"content":{"rendered":"<p><\/p>\n<p><strong>Conflito no Ir\u00e3: Expectativa de Infla\u00e7\u00e3o em Alta e Implica\u00e7\u00f5es para Motoristas<\/strong><\/p>\n<p>A situa\u00e7\u00e3o geopol\u00edtica no Oriente M\u00e9dio, especialmente a tens\u00e3o no Ir\u00e3, tem causado repercuss\u00f5es importantes na economia brasileira. A Secretaria de Pol\u00edtica Econ\u00f4mica (SPE) do Minist\u00e9rio da Fazenda revisou suas proje\u00e7\u00f5es para 2026, elevando as expectativas de pre\u00e7o do petr\u00f3leo e, consequentemente, da infla\u00e7\u00e3o. O pre\u00e7o do barril subiu de US$ 65,97 para US$ 73,09, um aumento de 10,8%. Essa mudan\u00e7a afeta diretamente o custo de vida e reflete na mobilidade urbana, especialmente no cotidiano dos motoristas.<\/p>\n<p>Os motoristas s\u00e3o impactados por essas altera\u00e7\u00f5es de pre\u00e7os n\u00e3o apenas atrav\u00e9s dos combust\u00edveis, mas tamb\u00e9m por sua influ\u00eancia no PIB, que se mant\u00e9m em 2,3%. Com o cen\u00e1rio de alta de pre\u00e7os, a expectativa \u00e9 que os custos de transporte aumentem, impactando a economia de diversas maneiras. Esta eleva\u00e7\u00e3o nos pre\u00e7os dos combust\u00edveis pode provocar um efeito domin\u00f3, aumentando o pre\u00e7o das mercadorias transportadas, que muitas vezes s\u00e3o essenciais para o dia a dia da popula\u00e7\u00e3o.<\/p>\n<p>Para mitigar esses impactos, o governo anunciou uma Medida Provis\u00f3ria que zera as al\u00edquotas de PIS\/Cofins sobre o diesel, proporcionando um al\u00edvio de R$ 0,64 por litro. Essa medida \u00e9 vital, especialmente para caminhoneiros e motoristas de entrega, que desempenham um papel crucial na log\u00edstica urbana. Sem essa interven\u00e7\u00e3o, o aumento dos pre\u00e7os poderia ser repassado integralmente aos consumidores, dificultando o acesso a produtos b\u00e1sicos.<\/p>\n<p>Al\u00e9m disso, a SPE simulou cen\u00e1rios divergentes para os impactos no mercado de petr\u00f3leo. Em um cen\u00e1rio de choque persistente, a proje\u00e7\u00e3o pode alcan\u00e7ar US$ 82 por barril, o que indicaria um maior \u00f4nus financeiro para motoristas e transportadoras. Em casos mais cr\u00edticos, como um choque disruptivo, o pre\u00e7o poderia chegar a US$ 100 por barril, exigindo uma resposta robusta para manter a mobilidade e a acessibilidade.<\/p>\n<p>Nesse contexto, a estabilidade dos pre\u00e7os dos combust\u00edveis est\u00e1 diretamente relacionada \u00e0 estabilidade econ\u00f4mica. Para os motoristas, isso significa que uma economia mais previs\u00edvel n\u00e3o apenas beneficia o or\u00e7amento familiar, mas tamb\u00e9m a efici\u00eancia do abastecimento e o custo de transporte. Por isso, \u00e9 essencial que os motoristas permane\u00e7am informados sobre as condi\u00e7\u00f5es econ\u00f4micas, pois elas moldam o cen\u00e1rio em que se deslocam diariamente.<\/p>\n<p>Em suma, as pr\u00f3ximas a\u00e7\u00f5es e decis\u00f5es do governo ser\u00e3o determinantes para garantir que os impactos da infla\u00e7\u00e3o e das flutua\u00e7\u00f5es no pre\u00e7o do petr\u00f3leo n\u00e3o comprometam a mobilidade e o bem-estar dos motoristas no Brasil.<\/p>\n<p><strong>Fonte:<\/strong> Money Times<\/p>\n","protected":false},"excerpt":{"rendered":"<p>Conflito no Ir\u00e3: Expectativa de Infla\u00e7\u00e3o em Alta e Implica\u00e7\u00f5es para Motoristas A situa\u00e7\u00e3o geopol\u00edtica no Oriente M\u00e9dio, especialmente a tens\u00e3o no Ir\u00e3, tem causado repercuss\u00f5es importantes na economia brasileira. A Secretaria de Pol\u00edtica Econ\u00f4mica (SPE) do Minist\u00e9rio da Fazenda revisou suas proje\u00e7\u00f5es para 2026, elevando as expectativas de pre\u00e7o do petr\u00f3leo e, consequentemente, da &hellip;<\/p>\n","protected":false},"author":4,"featured_media":1677,"comment_status":"","ping_status":"open","sticky":false,"template":"","format":"standard","meta":{"footnotes":""},"categories":[61],"tags":[],"coauthors":[42],"class_list":["post-7713","post","type-post","status-publish","format-standard","has-post-thumbnail","hentry","category-mercado-financeiro"],"yoast_head":"<!-- This site is optimized with the Yoast SEO Premium plugin v25.5 (Yoast SEO v27.5) - https:\/\/yoast.com\/product\/yoast-seo-premium-wordpress\/ -->\n<title>Conflito no Ir\u00e3 eleva expectativa de infla\u00e7\u00e3o; PIB permanece est\u00e1vel. - Motorista.com.br<\/title>\n<meta name=\"robots\" content=\"index, follow, max-snippet:-1, max-image-preview:large, max-video-preview:-1\" \/>\n<link rel=\"canonical\" href=\"https:\/\/motorista.com.br\/noticias\/2026\/03\/13\/conflito-no-ira-eleva-expectativa-de-inflacao-pib-permanece-estavel\/\" \/>\n<meta property=\"og:locale\" content=\"pt_BR\" \/>\n<meta property=\"og:type\" content=\"article\" \/>\n<meta property=\"og:title\" content=\"Conflito no Ir\u00e3 eleva expectativa de infla\u00e7\u00e3o; PIB permanece est\u00e1vel.\" \/>\n<meta property=\"og:description\" content=\"Conflito no Ir\u00e3: Expectativa de Infla\u00e7\u00e3o em Alta e Implica\u00e7\u00f5es para Motoristas A situa\u00e7\u00e3o geopol\u00edtica no Oriente M\u00e9dio, especialmente a tens\u00e3o no Ir\u00e3, tem causado repercuss\u00f5es importantes na economia brasileira. A Secretaria de Pol\u00edtica Econ\u00f4mica (SPE) do Minist\u00e9rio da Fazenda revisou suas proje\u00e7\u00f5es para 2026, elevando as expectativas de pre\u00e7o do petr\u00f3leo e, consequentemente, da &hellip;\" \/>\n<meta property=\"og:url\" content=\"https:\/\/motorista.com.br\/noticias\/2026\/03\/13\/conflito-no-ira-eleva-expectativa-de-inflacao-pib-permanece-estavel\/\" \/>\n<meta property=\"og:site_name\" content=\"Motorista.com.br\" \/>\n<meta property=\"article:published_time\" content=\"2026-03-13T17:54:00+00:00\" \/>\n<meta name=\"author\" content=\"Equipe Reda\u00e7\u00e3o\" \/>\n<meta name=\"twitter:card\" content=\"summary_large_image\" \/>\n<meta name=\"twitter:label1\" content=\"Escrito por\" \/>\n\t<meta name=\"twitter:data1\" content=\"Equipe Reda\u00e7\u00e3o\" \/>\n\t<meta name=\"twitter:label2\" content=\"Est. tempo de leitura\" \/>\n\t<meta name=\"twitter:data2\" content=\"2 minutos\" \/>\n\t<meta name=\"twitter:label3\" content=\"Written by\" \/>\n\t<meta name=\"twitter:data3\" content=\"Equipe Reda\u00e7\u00e3o\" \/>\n<script type=\"application\/ld+json\" class=\"yoast-schema-graph\">{\"@context\":\"https:\\\/\\\/schema.org\",\"@graph\":[{\"@type\":\"Article\",\"@id\":\"https:\\\/\\\/motorista.com.br\\\/noticias\\\/2026\\\/03\\\/13\\\/conflito-no-ira-eleva-expectativa-de-inflacao-pib-permanece-estavel\\\/#article\",\"isPartOf\":{\"@id\":\"https:\\\/\\\/motorista.com.br\\\/noticias\\\/2026\\\/03\\\/13\\\/conflito-no-ira-eleva-expectativa-de-inflacao-pib-permanece-estavel\\\/\"},\"author\":{\"name\":\"Equipe Reda\u00e7\u00e3o\",\"@id\":\"https:\\\/\\\/motorista.com.br\\\/noticias\\\/#\\\/schema\\\/person\\\/dc93afc2981c0e3ce6bc3c053fd847be\"},\"headline\":\"Conflito no Ir\u00e3 eleva expectativa de infla\u00e7\u00e3o; PIB permanece est\u00e1vel.\",\"datePublished\":\"2026-03-13T17:54:00+00:00\",\"mainEntityOfPage\":{\"@id\":\"https:\\\/\\\/motorista.com.br\\\/noticias\\\/2026\\\/03\\\/13\\\/conflito-no-ira-eleva-expectativa-de-inflacao-pib-permanece-estavel\\\/\"},\"wordCount\":471,\"publisher\":{\"@id\":\"https:\\\/\\\/motorista.com.br\\\/noticias\\\/#organization\"},\"image\":{\"@id\":\"https:\\\/\\\/motorista.com.br\\\/noticias\\\/2026\\\/03\\\/13\\\/conflito-no-ira-eleva-expectativa-de-inflacao-pib-permanece-estavel\\\/#primaryimage\"},\"thumbnailUrl\":\"https:\\\/\\\/motorista.com.br\\\/noticias\\\/wp-content\\\/uploads\\\/2025\\\/07\\\/inflacao-ipca.jpg\",\"articleSection\":[\"Mercado Financeiro\"],\"inLanguage\":\"pt-BR\"},{\"@type\":\"WebPage\",\"@id\":\"https:\\\/\\\/motorista.com.br\\\/noticias\\\/2026\\\/03\\\/13\\\/conflito-no-ira-eleva-expectativa-de-inflacao-pib-permanece-estavel\\\/\",\"url\":\"https:\\\/\\\/motorista.com.br\\\/noticias\\\/2026\\\/03\\\/13\\\/conflito-no-ira-eleva-expectativa-de-inflacao-pib-permanece-estavel\\\/\",\"name\":\"Conflito no Ir\u00e3 eleva expectativa de infla\u00e7\u00e3o; PIB permanece est\u00e1vel. - Motorista.com.br\",\"isPartOf\":{\"@id\":\"https:\\\/\\\/motorista.com.br\\\/noticias\\\/#website\"},\"primaryImageOfPage\":{\"@id\":\"https:\\\/\\\/motorista.com.br\\\/noticias\\\/2026\\\/03\\\/13\\\/conflito-no-ira-eleva-expectativa-de-inflacao-pib-permanece-estavel\\\/#primaryimage\"},\"image\":{\"@id\":\"https:\\\/\\\/motorista.com.br\\\/noticias\\\/2026\\\/03\\\/13\\\/conflito-no-ira-eleva-expectativa-de-inflacao-pib-permanece-estavel\\\/#primaryimage\"},\"thumbnailUrl\":\"https:\\\/\\\/motorista.com.br\\\/noticias\\\/wp-content\\\/uploads\\\/2025\\\/07\\\/inflacao-ipca.jpg\",\"datePublished\":\"2026-03-13T17:54:00+00:00\",\"breadcrumb\":{\"@id\":\"https:\\\/\\\/motorista.com.br\\\/noticias\\\/2026\\\/03\\\/13\\\/conflito-no-ira-eleva-expectativa-de-inflacao-pib-permanece-estavel\\\/#breadcrumb\"},\"inLanguage\":\"pt-BR\",\"potentialAction\":[{\"@type\":\"ReadAction\",\"target\":[\"https:\\\/\\\/motorista.com.br\\\/noticias\\\/2026\\\/03\\\/13\\\/conflito-no-ira-eleva-expectativa-de-inflacao-pib-permanece-estavel\\\/\"]}]},{\"@type\":\"ImageObject\",\"inLanguage\":\"pt-BR\",\"@id\":\"https:\\\/\\\/motorista.com.br\\\/noticias\\\/2026\\\/03\\\/13\\\/conflito-no-ira-eleva-expectativa-de-inflacao-pib-permanece-estavel\\\/#primaryimage\",\"url\":\"https:\\\/\\\/motorista.com.br\\\/noticias\\\/wp-content\\\/uploads\\\/2025\\\/07\\\/inflacao-ipca.jpg\",\"contentUrl\":\"https:\\\/\\\/motorista.com.br\\\/noticias\\\/wp-content\\\/uploads\\\/2025\\\/07\\\/inflacao-ipca.jpg\",\"width\":1280,\"height\":680},{\"@type\":\"BreadcrumbList\",\"@id\":\"https:\\\/\\\/motorista.com.br\\\/noticias\\\/2026\\\/03\\\/13\\\/conflito-no-ira-eleva-expectativa-de-inflacao-pib-permanece-estavel\\\/#breadcrumb\",\"itemListElement\":[{\"@type\":\"ListItem\",\"position\":1,\"name\":\"In\u00edcio\",\"item\":\"https:\\\/\\\/motorista.com.br\\\/noticias\\\/\"},{\"@type\":\"ListItem\",\"position\":2,\"name\":\"Conflito no Ir\u00e3 eleva expectativa de infla\u00e7\u00e3o; PIB permanece est\u00e1vel.\"}]},{\"@type\":\"WebSite\",\"@id\":\"https:\\\/\\\/motorista.com.br\\\/noticias\\\/#website\",\"url\":\"https:\\\/\\\/motorista.com.br\\\/noticias\\\/\",\"name\":\"Motorista.com.br\",\"description\":\"Not\u00edcia do Motorista\",\"publisher\":{\"@id\":\"https:\\\/\\\/motorista.com.br\\\/noticias\\\/#organization\"},\"potentialAction\":[{\"@type\":\"SearchAction\",\"target\":{\"@type\":\"EntryPoint\",\"urlTemplate\":\"https:\\\/\\\/motorista.com.br\\\/noticias\\\/?s={search_term_string}\"},\"query-input\":{\"@type\":\"PropertyValueSpecification\",\"valueRequired\":true,\"valueName\":\"search_term_string\"}}],\"inLanguage\":\"pt-BR\"},{\"@type\":\"Organization\",\"@id\":\"https:\\\/\\\/motorista.com.br\\\/noticias\\\/#organization\",\"name\":\"Motorista.com.br\",\"url\":\"https:\\\/\\\/motorista.com.br\\\/noticias\\\/\",\"logo\":{\"@type\":\"ImageObject\",\"inLanguage\":\"pt-BR\",\"@id\":\"https:\\\/\\\/motorista.com.br\\\/noticias\\\/#\\\/schema\\\/logo\\\/image\\\/\",\"url\":\"https:\\\/\\\/motorista.com.br\\\/noticias\\\/wp-content\\\/uploads\\\/2025\\\/06\\\/Design-sem-nome-9.png\",\"contentUrl\":\"https:\\\/\\\/motorista.com.br\\\/noticias\\\/wp-content\\\/uploads\\\/2025\\\/06\\\/Design-sem-nome-9.png\",\"width\":150,\"height\":85,\"caption\":\"Motorista.com.br\"},\"image\":{\"@id\":\"https:\\\/\\\/motorista.com.br\\\/noticias\\\/#\\\/schema\\\/logo\\\/image\\\/\"}},{\"@type\":\"Person\",\"@id\":\"https:\\\/\\\/motorista.com.br\\\/noticias\\\/#\\\/schema\\\/person\\\/dc93afc2981c0e3ce6bc3c053fd847be\",\"name\":\"Equipe Reda\u00e7\u00e3o\",\"image\":{\"@type\":\"ImageObject\",\"inLanguage\":\"pt-BR\",\"@id\":\"https:\\\/\\\/secure.gravatar.com\\\/avatar\\\/4f525efbf18dd2bb300ccad28bfb99d95a9465a5ba268407c8c37b37e1f28d2d?s=96&d=mm&r=g9e099043a0c61e9ae27e293b9fa75ffc\",\"url\":\"https:\\\/\\\/secure.gravatar.com\\\/avatar\\\/4f525efbf18dd2bb300ccad28bfb99d95a9465a5ba268407c8c37b37e1f28d2d?s=96&d=mm&r=g\",\"contentUrl\":\"https:\\\/\\\/secure.gravatar.com\\\/avatar\\\/4f525efbf18dd2bb300ccad28bfb99d95a9465a5ba268407c8c37b37e1f28d2d?s=96&d=mm&r=g\",\"caption\":\"Equipe Reda\u00e7\u00e3o\"},\"description\":\"Equipe de reda\u00e7\u00e3o \u00e9 um grupo de profissionais que trabalham juntos para criar conte\u00fado escrito para Motorista.com.br\",\"url\":\"https:\\\/\\\/motorista.com.br\\\/noticias\\\/author\\\/equiperedacao\\\/\"}]}<\/script>\n<!-- \/ Yoast SEO Premium plugin. -->","yoast_head_json":{"title":"Conflito no Ir\u00e3 eleva expectativa de infla\u00e7\u00e3o; PIB permanece est\u00e1vel. - Motorista.com.br","robots":{"index":"index","follow":"follow","max-snippet":"max-snippet:-1","max-image-preview":"max-image-preview:large","max-video-preview":"max-video-preview:-1"},"canonical":"https:\/\/motorista.com.br\/noticias\/2026\/03\/13\/conflito-no-ira-eleva-expectativa-de-inflacao-pib-permanece-estavel\/","og_locale":"pt_BR","og_type":"article","og_title":"Conflito no Ir\u00e3 eleva expectativa de infla\u00e7\u00e3o; PIB permanece est\u00e1vel.","og_description":"Conflito no Ir\u00e3: Expectativa de Infla\u00e7\u00e3o em Alta e Implica\u00e7\u00f5es para Motoristas A situa\u00e7\u00e3o geopol\u00edtica no Oriente M\u00e9dio, especialmente a tens\u00e3o no Ir\u00e3, tem causado repercuss\u00f5es importantes na economia brasileira. A Secretaria de Pol\u00edtica Econ\u00f4mica (SPE) do Minist\u00e9rio da Fazenda revisou suas proje\u00e7\u00f5es para 2026, elevando as expectativas de pre\u00e7o do petr\u00f3leo e, consequentemente, da &hellip;","og_url":"https:\/\/motorista.com.br\/noticias\/2026\/03\/13\/conflito-no-ira-eleva-expectativa-de-inflacao-pib-permanece-estavel\/","og_site_name":"Motorista.com.br","article_published_time":"2026-03-13T17:54:00+00:00","author":"Equipe Reda\u00e7\u00e3o","twitter_card":"summary_large_image","twitter_misc":{"Escrito por":"Equipe Reda\u00e7\u00e3o","Est. tempo de leitura":"2 minutos","Written by":"Equipe Reda\u00e7\u00e3o"},"schema":{"@context":"https:\/\/schema.org","@graph":[{"@type":"Article","@id":"https:\/\/motorista.com.br\/noticias\/2026\/03\/13\/conflito-no-ira-eleva-expectativa-de-inflacao-pib-permanece-estavel\/#article","isPartOf":{"@id":"https:\/\/motorista.com.br\/noticias\/2026\/03\/13\/conflito-no-ira-eleva-expectativa-de-inflacao-pib-permanece-estavel\/"},"author":{"name":"Equipe Reda\u00e7\u00e3o","@id":"https:\/\/motorista.com.br\/noticias\/#\/schema\/person\/dc93afc2981c0e3ce6bc3c053fd847be"},"headline":"Conflito no Ir\u00e3 eleva expectativa de infla\u00e7\u00e3o; PIB permanece est\u00e1vel.","datePublished":"2026-03-13T17:54:00+00:00","mainEntityOfPage":{"@id":"https:\/\/motorista.com.br\/noticias\/2026\/03\/13\/conflito-no-ira-eleva-expectativa-de-inflacao-pib-permanece-estavel\/"},"wordCount":471,"publisher":{"@id":"https:\/\/motorista.com.br\/noticias\/#organization"},"image":{"@id":"https:\/\/motorista.com.br\/noticias\/2026\/03\/13\/conflito-no-ira-eleva-expectativa-de-inflacao-pib-permanece-estavel\/#primaryimage"},"thumbnailUrl":"https:\/\/motorista.com.br\/noticias\/wp-content\/uploads\/2025\/07\/inflacao-ipca.jpg","articleSection":["Mercado Financeiro"],"inLanguage":"pt-BR"},{"@type":"WebPage","@id":"https:\/\/motorista.com.br\/noticias\/2026\/03\/13\/conflito-no-ira-eleva-expectativa-de-inflacao-pib-permanece-estavel\/","url":"https:\/\/motorista.com.br\/noticias\/2026\/03\/13\/conflito-no-ira-eleva-expectativa-de-inflacao-pib-permanece-estavel\/","name":"Conflito no Ir\u00e3 eleva expectativa de infla\u00e7\u00e3o; PIB permanece est\u00e1vel. - Motorista.com.br","isPartOf":{"@id":"https:\/\/motorista.com.br\/noticias\/#website"},"primaryImageOfPage":{"@id":"https:\/\/motorista.com.br\/noticias\/2026\/03\/13\/conflito-no-ira-eleva-expectativa-de-inflacao-pib-permanece-estavel\/#primaryimage"},"image":{"@id":"https:\/\/motorista.com.br\/noticias\/2026\/03\/13\/conflito-no-ira-eleva-expectativa-de-inflacao-pib-permanece-estavel\/#primaryimage"},"thumbnailUrl":"https:\/\/motorista.com.br\/noticias\/wp-content\/uploads\/2025\/07\/inflacao-ipca.jpg","datePublished":"2026-03-13T17:54:00+00:00","breadcrumb":{"@id":"https:\/\/motorista.com.br\/noticias\/2026\/03\/13\/conflito-no-ira-eleva-expectativa-de-inflacao-pib-permanece-estavel\/#breadcrumb"},"inLanguage":"pt-BR","potentialAction":[{"@type":"ReadAction","target":["https:\/\/motorista.com.br\/noticias\/2026\/03\/13\/conflito-no-ira-eleva-expectativa-de-inflacao-pib-permanece-estavel\/"]}]},{"@type":"ImageObject","inLanguage":"pt-BR","@id":"https:\/\/motorista.com.br\/noticias\/2026\/03\/13\/conflito-no-ira-eleva-expectativa-de-inflacao-pib-permanece-estavel\/#primaryimage","url":"https:\/\/motorista.com.br\/noticias\/wp-content\/uploads\/2025\/07\/inflacao-ipca.jpg","contentUrl":"https:\/\/motorista.com.br\/noticias\/wp-content\/uploads\/2025\/07\/inflacao-ipca.jpg","width":1280,"height":680},{"@type":"BreadcrumbList","@id":"https:\/\/motorista.com.br\/noticias\/2026\/03\/13\/conflito-no-ira-eleva-expectativa-de-inflacao-pib-permanece-estavel\/#breadcrumb","itemListElement":[{"@type":"ListItem","position":1,"name":"In\u00edcio","item":"https:\/\/motorista.com.br\/noticias\/"},{"@type":"ListItem","position":2,"name":"Conflito no Ir\u00e3 eleva expectativa de infla\u00e7\u00e3o; PIB permanece est\u00e1vel."}]},{"@type":"WebSite","@id":"https:\/\/motorista.com.br\/noticias\/#website","url":"https:\/\/motorista.com.br\/noticias\/","name":"Motorista.com.br","description":"Not\u00edcia do Motorista","publisher":{"@id":"https:\/\/motorista.com.br\/noticias\/#organization"},"potentialAction":[{"@type":"SearchAction","target":{"@type":"EntryPoint","urlTemplate":"https:\/\/motorista.com.br\/noticias\/?s={search_term_string}"},"query-input":{"@type":"PropertyValueSpecification","valueRequired":true,"valueName":"search_term_string"}}],"inLanguage":"pt-BR"},{"@type":"Organization","@id":"https:\/\/motorista.com.br\/noticias\/#organization","name":"Motorista.com.br","url":"https:\/\/motorista.com.br\/noticias\/","logo":{"@type":"ImageObject","inLanguage":"pt-BR","@id":"https:\/\/motorista.com.br\/noticias\/#\/schema\/logo\/image\/","url":"https:\/\/motorista.com.br\/noticias\/wp-content\/uploads\/2025\/06\/Design-sem-nome-9.png","contentUrl":"https:\/\/motorista.com.br\/noticias\/wp-content\/uploads\/2025\/06\/Design-sem-nome-9.png","width":150,"height":85,"caption":"Motorista.com.br"},"image":{"@id":"https:\/\/motorista.com.br\/noticias\/#\/schema\/logo\/image\/"}},{"@type":"Person","@id":"https:\/\/motorista.com.br\/noticias\/#\/schema\/person\/dc93afc2981c0e3ce6bc3c053fd847be","name":"Equipe Reda\u00e7\u00e3o","image":{"@type":"ImageObject","inLanguage":"pt-BR","@id":"https:\/\/secure.gravatar.com\/avatar\/4f525efbf18dd2bb300ccad28bfb99d95a9465a5ba268407c8c37b37e1f28d2d?s=96&d=mm&r=g9e099043a0c61e9ae27e293b9fa75ffc","url":"https:\/\/secure.gravatar.com\/avatar\/4f525efbf18dd2bb300ccad28bfb99d95a9465a5ba268407c8c37b37e1f28d2d?s=96&d=mm&r=g","contentUrl":"https:\/\/secure.gravatar.com\/avatar\/4f525efbf18dd2bb300ccad28bfb99d95a9465a5ba268407c8c37b37e1f28d2d?s=96&d=mm&r=g","caption":"Equipe Reda\u00e7\u00e3o"},"description":"Equipe de reda\u00e7\u00e3o \u00e9 um grupo de profissionais que trabalham juntos para criar conte\u00fado escrito para Motorista.com.br","url":"https:\/\/motorista.com.br\/noticias\/author\/equiperedacao\/"}]}},"_links":{"self":[{"href":"https:\/\/motorista.com.br\/noticias\/wp-json\/wp\/v2\/posts\/7713","targetHints":{"allow":["GET"]}}],"collection":[{"href":"https:\/\/motorista.com.br\/noticias\/wp-json\/wp\/v2\/posts"}],"about":[{"href":"https:\/\/motorista.com.br\/noticias\/wp-json\/wp\/v2\/types\/post"}],"author":[{"embeddable":true,"href":"https:\/\/motorista.com.br\/noticias\/wp-json\/wp\/v2\/users\/4"}],"replies":[{"embeddable":true,"href":"https:\/\/motorista.com.br\/noticias\/wp-json\/wp\/v2\/comments?post=7713"}],"version-history":[{"count":0,"href":"https:\/\/motorista.com.br\/noticias\/wp-json\/wp\/v2\/posts\/7713\/revisions"}],"wp:featuredmedia":[{"embeddable":true,"href":"https:\/\/motorista.com.br\/noticias\/wp-json\/wp\/v2\/media\/1677"}],"wp:attachment":[{"href":"https:\/\/motorista.com.br\/noticias\/wp-json\/wp\/v2\/media?parent=7713"}],"wp:term":[{"taxonomy":"category","embeddable":true,"href":"https:\/\/motorista.com.br\/noticias\/wp-json\/wp\/v2\/categories?post=7713"},{"taxonomy":"post_tag","embeddable":true,"href":"https:\/\/motorista.com.br\/noticias\/wp-json\/wp\/v2\/tags?post=7713"},{"taxonomy":"author","embeddable":true,"href":"https:\/\/motorista.com.br\/noticias\/wp-json\/wp\/v2\/coauthors?post=7713"}],"curies":[{"name":"wp","href":"https:\/\/api.w.org\/{rel}","templated":true}]}}