{"id":7709,"date":"2026-03-13T09:31:18","date_gmt":"2026-03-13T12:31:18","guid":{"rendered":"https:\/\/motorista.com.br\/noticias\/2026\/03\/13\/gwm-celebra-a-eliminacao-total-das-emissoes-no-transporte-de-veiculos-no-brasil\/"},"modified":"2026-03-13T09:31:18","modified_gmt":"2026-03-13T12:31:18","slug":"gwm-celebra-a-eliminacao-total-das-emissoes-no-transporte-de-veiculos-no-brasil","status":"publish","type":"post","link":"https:\/\/motorista.com.br\/noticias\/2026\/03\/13\/gwm-celebra-a-eliminacao-total-das-emissoes-no-transporte-de-veiculos-no-brasil\/","title":{"rendered":"GWM celebra a elimina\u00e7\u00e3o total das emiss\u00f5es no transporte de ve\u00edculos no Brasil."},"content":{"rendered":"<p><\/p>\n<p><strong>GWM Comemora Neutraliza\u00e7\u00e3o de 100% das Emiss\u00f5es no Transporte de Seus Ve\u00edculos no Brasil<\/strong><\/p>\n<p>A GWM Brasil anunciou a neutraliza\u00e7\u00e3o total das emiss\u00f5es de CO\u2082 relacionadas ao transporte de seus ve\u00edculos no pa\u00eds, um marco significativo que resulta de uma parceria log\u00edstica com a Transportes Gabardo. Esta iniciativa faz parte da estrat\u00e9gia de log\u00edstica sustent\u00e1vel da montadora e implica na compensa\u00e7\u00e3o de todas as emiss\u00f5es de gases de efeito estufa ligadas ao transporte dos ve\u00edculos da marca em territ\u00f3rio nacional.<\/p>\n<p>A certifica\u00e7\u00e3o concedida pela Global Certification System (GCS) valida que a GWM compensou integralmente as emiss\u00f5es geradas durante as opera\u00e7\u00f5es log\u00edsticas. At\u00e9 agora, cerca de 7.817,446 toneladas de CO\u2082 equivalente (tCO\u2082e) foram compensadas atrav\u00e9s de projetos ambientais auditados e baseados em metodologias reconhecidas internacionalmente.<\/p>\n<p>Essa neutraliza\u00e7\u00e3o abrange o transporte dos ve\u00edculos desde a f\u00e1brica de Iracem\u00e1polis (SP) ou do porto de Vit\u00f3ria (ES) at\u00e9 a rede de aproximadamente 130 concession\u00e1rias da GWM espalhadas pelo Brasil. Segundo Thiago Potenza, Diretor de Planejamento de Vendas, Importa\u00e7\u00e3o e Log\u00edstica da GWM Brasil, essa certifica\u00e7\u00e3o demonstra a preocupa\u00e7\u00e3o da marca com a mobilidade sustent\u00e1vel, que vai al\u00e9m da venda de modelos eletrificados, abrangendo tamb\u00e9m a log\u00edstica de transporte.<\/p>\n<p>O processo de neutraliza\u00e7\u00e3o come\u00e7a com a realiza\u00e7\u00e3o de um invent\u00e1rio t\u00e9cnico de emiss\u00f5es, considerando fatores como o consumo de combust\u00edvel da frota utilizada para o transporte e outras emiss\u00f5es indiretas associadas. Em seguida, ocorre a compensa\u00e7\u00e3o das toneladas de CO\u2082 equivalente, por meio da aquisi\u00e7\u00e3o de cr\u00e9ditos ambientais vinculados a projetos que garantem a captura e a preserva\u00e7\u00e3o do carbono em ecossistemas naturais.<\/p>\n<p>A Transportes Gabardo, parceira da GWM e um dos principais grupos de transporte no Brasil e no Mercosul, foi fundamental para a viabiliza\u00e7\u00e3o dessa neutraliza\u00e7\u00e3o. A empresa \u00e9 a primeira transportadora do mundo a ser certificada como \u201cCarbono Negativo\u201d pela Global Certification System, removendo da atmosfera mais gases de efeito estufa do que emite, com cerca de 81 mil toneladas compensadas anualmente.<\/p>\n<p>Os projetos para compensa\u00e7\u00e3o s\u00e3o estruturados em tr\u00eas pilares: carbono florestal, carbono do solo e manejo sustent\u00e1vel da agricultura. Essas iniciativas visam n\u00e3o apenas preservar o carbono existente em ecossistemas naturais, mas tamb\u00e9m aumentar a capacidade de sequestro de CO\u2082 e promover a regenera\u00e7\u00e3o ambiental.<\/p>\n<p>Ao estruturar sua opera\u00e7\u00e3o log\u00edstica com uma transportadora focada na descarboniza\u00e7\u00e3o, a GWM refor\u00e7a sua estrat\u00e9gia voltada \u00e0 mobilidade de baixo carbono. Essa abordagem n\u00e3o apenas promove a sustentabilidade, mas tamb\u00e9m melhora a imagem da ind\u00fastria automobil\u00edstica, ajudando a criar um ambiente mais favor\u00e1vel para os motoristas e a sociedade em geral. A certifica\u00e7\u00e3o obtida em 2026 corresponde \u00e0 neutraliza\u00e7\u00e3o das opera\u00e7\u00f5es de transporte realizadas no Brasil durante o ano de 2024, cobrindo toda a cadeia log\u00edstica associada ao movimento dos ve\u00edculos da marca no pa\u00eds.<\/p>\n<p>Esses esfor\u00e7os demonstram que iniciativas sustent\u00e1veis no setor do transporte n\u00e3o apenas beneficiam o meio ambiente, mas tamb\u00e9m podem impactar positivamente a mobilidade e a qualidade de vida dos cidad\u00e3os, promovendo um futuro mais sustent\u00e1vel para todos.<\/p>\n<p><strong>Fonte: logweb<\/strong><\/p>\n","protected":false},"excerpt":{"rendered":"<p>GWM Comemora Neutraliza\u00e7\u00e3o de 100% das Emiss\u00f5es no Transporte de Seus Ve\u00edculos no Brasil A GWM Brasil anunciou a neutraliza\u00e7\u00e3o total das emiss\u00f5es de CO\u2082 relacionadas ao transporte de seus ve\u00edculos no pa\u00eds, um marco significativo que resulta de uma parceria log\u00edstica com a Transportes Gabardo. Esta iniciativa faz parte da estrat\u00e9gia de log\u00edstica sustent\u00e1vel &hellip;<\/p>\n","protected":false},"author":4,"featured_media":7710,"comment_status":"","ping_status":"open","sticky":false,"template":"","format":"standard","meta":{"footnotes":""},"categories":[62],"tags":[],"coauthors":[42],"class_list":["post-7709","post","type-post","status-publish","format-standard","has-post-thumbnail","hentry","category-logistica"],"yoast_head":"<!-- This site is optimized with the Yoast SEO Premium plugin v25.5 (Yoast SEO v27.5) - https:\/\/yoast.com\/product\/yoast-seo-premium-wordpress\/ -->\n<title>GWM celebra a elimina\u00e7\u00e3o total das emiss\u00f5es no transporte de ve\u00edculos no Brasil. - Motorista.com.br<\/title>\n<meta name=\"robots\" content=\"index, follow, max-snippet:-1, max-image-preview:large, max-video-preview:-1\" \/>\n<link rel=\"canonical\" href=\"https:\/\/motorista.com.br\/noticias\/2026\/03\/13\/gwm-celebra-a-eliminacao-total-das-emissoes-no-transporte-de-veiculos-no-brasil\/\" \/>\n<meta property=\"og:locale\" content=\"pt_BR\" \/>\n<meta property=\"og:type\" content=\"article\" \/>\n<meta property=\"og:title\" content=\"GWM celebra a elimina\u00e7\u00e3o total das emiss\u00f5es no transporte de ve\u00edculos no Brasil.\" \/>\n<meta property=\"og:description\" content=\"GWM Comemora Neutraliza\u00e7\u00e3o de 100% das Emiss\u00f5es no Transporte de Seus Ve\u00edculos no Brasil A GWM Brasil anunciou a neutraliza\u00e7\u00e3o total das emiss\u00f5es de CO\u2082 relacionadas ao transporte de seus ve\u00edculos no pa\u00eds, um marco significativo que resulta de uma parceria log\u00edstica com a Transportes Gabardo. Esta iniciativa faz parte da estrat\u00e9gia de log\u00edstica sustent\u00e1vel &hellip;\" \/>\n<meta property=\"og:url\" content=\"https:\/\/motorista.com.br\/noticias\/2026\/03\/13\/gwm-celebra-a-eliminacao-total-das-emissoes-no-transporte-de-veiculos-no-brasil\/\" \/>\n<meta property=\"og:site_name\" content=\"Motorista.com.br\" \/>\n<meta property=\"article:published_time\" content=\"2026-03-13T12:31:18+00:00\" \/>\n<meta name=\"author\" content=\"Equipe Reda\u00e7\u00e3o\" \/>\n<meta name=\"twitter:card\" content=\"summary_large_image\" \/>\n<meta name=\"twitter:label1\" content=\"Escrito por\" \/>\n\t<meta name=\"twitter:data1\" content=\"Equipe Reda\u00e7\u00e3o\" \/>\n\t<meta name=\"twitter:label2\" content=\"Est. tempo de leitura\" \/>\n\t<meta name=\"twitter:data2\" content=\"3 minutos\" \/>\n\t<meta name=\"twitter:label3\" content=\"Written by\" \/>\n\t<meta name=\"twitter:data3\" content=\"Equipe Reda\u00e7\u00e3o\" \/>\n<script type=\"application\/ld+json\" class=\"yoast-schema-graph\">{\"@context\":\"https:\\\/\\\/schema.org\",\"@graph\":[{\"@type\":\"Article\",\"@id\":\"https:\\\/\\\/motorista.com.br\\\/noticias\\\/2026\\\/03\\\/13\\\/gwm-celebra-a-eliminacao-total-das-emissoes-no-transporte-de-veiculos-no-brasil\\\/#article\",\"isPartOf\":{\"@id\":\"https:\\\/\\\/motorista.com.br\\\/noticias\\\/2026\\\/03\\\/13\\\/gwm-celebra-a-eliminacao-total-das-emissoes-no-transporte-de-veiculos-no-brasil\\\/\"},\"author\":{\"name\":\"Equipe Reda\u00e7\u00e3o\",\"@id\":\"https:\\\/\\\/motorista.com.br\\\/noticias\\\/#\\\/schema\\\/person\\\/dc93afc2981c0e3ce6bc3c053fd847be\"},\"headline\":\"GWM celebra a elimina\u00e7\u00e3o total das emiss\u00f5es no transporte de ve\u00edculos no Brasil.\",\"datePublished\":\"2026-03-13T12:31:18+00:00\",\"mainEntityOfPage\":{\"@id\":\"https:\\\/\\\/motorista.com.br\\\/noticias\\\/2026\\\/03\\\/13\\\/gwm-celebra-a-eliminacao-total-das-emissoes-no-transporte-de-veiculos-no-brasil\\\/\"},\"wordCount\":575,\"publisher\":{\"@id\":\"https:\\\/\\\/motorista.com.br\\\/noticias\\\/#organization\"},\"image\":{\"@id\":\"https:\\\/\\\/motorista.com.br\\\/noticias\\\/2026\\\/03\\\/13\\\/gwm-celebra-a-eliminacao-total-das-emissoes-no-transporte-de-veiculos-no-brasil\\\/#primaryimage\"},\"thumbnailUrl\":\"https:\\\/\\\/motorista.com.br\\\/noticias\\\/wp-content\\\/uploads\\\/2026\\\/03\\\/GWM-Valendo-.jpg\",\"articleSection\":[\"Log\u00edstica\"],\"inLanguage\":\"pt-BR\"},{\"@type\":\"WebPage\",\"@id\":\"https:\\\/\\\/motorista.com.br\\\/noticias\\\/2026\\\/03\\\/13\\\/gwm-celebra-a-eliminacao-total-das-emissoes-no-transporte-de-veiculos-no-brasil\\\/\",\"url\":\"https:\\\/\\\/motorista.com.br\\\/noticias\\\/2026\\\/03\\\/13\\\/gwm-celebra-a-eliminacao-total-das-emissoes-no-transporte-de-veiculos-no-brasil\\\/\",\"name\":\"GWM celebra a elimina\u00e7\u00e3o total das emiss\u00f5es no transporte de ve\u00edculos no Brasil. - Motorista.com.br\",\"isPartOf\":{\"@id\":\"https:\\\/\\\/motorista.com.br\\\/noticias\\\/#website\"},\"primaryImageOfPage\":{\"@id\":\"https:\\\/\\\/motorista.com.br\\\/noticias\\\/2026\\\/03\\\/13\\\/gwm-celebra-a-eliminacao-total-das-emissoes-no-transporte-de-veiculos-no-brasil\\\/#primaryimage\"},\"image\":{\"@id\":\"https:\\\/\\\/motorista.com.br\\\/noticias\\\/2026\\\/03\\\/13\\\/gwm-celebra-a-eliminacao-total-das-emissoes-no-transporte-de-veiculos-no-brasil\\\/#primaryimage\"},\"thumbnailUrl\":\"https:\\\/\\\/motorista.com.br\\\/noticias\\\/wp-content\\\/uploads\\\/2026\\\/03\\\/GWM-Valendo-.jpg\",\"datePublished\":\"2026-03-13T12:31:18+00:00\",\"breadcrumb\":{\"@id\":\"https:\\\/\\\/motorista.com.br\\\/noticias\\\/2026\\\/03\\\/13\\\/gwm-celebra-a-eliminacao-total-das-emissoes-no-transporte-de-veiculos-no-brasil\\\/#breadcrumb\"},\"inLanguage\":\"pt-BR\",\"potentialAction\":[{\"@type\":\"ReadAction\",\"target\":[\"https:\\\/\\\/motorista.com.br\\\/noticias\\\/2026\\\/03\\\/13\\\/gwm-celebra-a-eliminacao-total-das-emissoes-no-transporte-de-veiculos-no-brasil\\\/\"]}]},{\"@type\":\"ImageObject\",\"inLanguage\":\"pt-BR\",\"@id\":\"https:\\\/\\\/motorista.com.br\\\/noticias\\\/2026\\\/03\\\/13\\\/gwm-celebra-a-eliminacao-total-das-emissoes-no-transporte-de-veiculos-no-brasil\\\/#primaryimage\",\"url\":\"https:\\\/\\\/motorista.com.br\\\/noticias\\\/wp-content\\\/uploads\\\/2026\\\/03\\\/GWM-Valendo-.jpg\",\"contentUrl\":\"https:\\\/\\\/motorista.com.br\\\/noticias\\\/wp-content\\\/uploads\\\/2026\\\/03\\\/GWM-Valendo-.jpg\",\"width\":800,\"height\":420},{\"@type\":\"BreadcrumbList\",\"@id\":\"https:\\\/\\\/motorista.com.br\\\/noticias\\\/2026\\\/03\\\/13\\\/gwm-celebra-a-eliminacao-total-das-emissoes-no-transporte-de-veiculos-no-brasil\\\/#breadcrumb\",\"itemListElement\":[{\"@type\":\"ListItem\",\"position\":1,\"name\":\"In\u00edcio\",\"item\":\"https:\\\/\\\/motorista.com.br\\\/noticias\\\/\"},{\"@type\":\"ListItem\",\"position\":2,\"name\":\"GWM celebra a elimina\u00e7\u00e3o total das emiss\u00f5es no transporte de ve\u00edculos no Brasil.\"}]},{\"@type\":\"WebSite\",\"@id\":\"https:\\\/\\\/motorista.com.br\\\/noticias\\\/#website\",\"url\":\"https:\\\/\\\/motorista.com.br\\\/noticias\\\/\",\"name\":\"Motorista.com.br\",\"description\":\"Not\u00edcia do Motorista\",\"publisher\":{\"@id\":\"https:\\\/\\\/motorista.com.br\\\/noticias\\\/#organization\"},\"potentialAction\":[{\"@type\":\"SearchAction\",\"target\":{\"@type\":\"EntryPoint\",\"urlTemplate\":\"https:\\\/\\\/motorista.com.br\\\/noticias\\\/?s={search_term_string}\"},\"query-input\":{\"@type\":\"PropertyValueSpecification\",\"valueRequired\":true,\"valueName\":\"search_term_string\"}}],\"inLanguage\":\"pt-BR\"},{\"@type\":\"Organization\",\"@id\":\"https:\\\/\\\/motorista.com.br\\\/noticias\\\/#organization\",\"name\":\"Motorista.com.br\",\"url\":\"https:\\\/\\\/motorista.com.br\\\/noticias\\\/\",\"logo\":{\"@type\":\"ImageObject\",\"inLanguage\":\"pt-BR\",\"@id\":\"https:\\\/\\\/motorista.com.br\\\/noticias\\\/#\\\/schema\\\/logo\\\/image\\\/\",\"url\":\"https:\\\/\\\/motorista.com.br\\\/noticias\\\/wp-content\\\/uploads\\\/2025\\\/06\\\/Design-sem-nome-9.png\",\"contentUrl\":\"https:\\\/\\\/motorista.com.br\\\/noticias\\\/wp-content\\\/uploads\\\/2025\\\/06\\\/Design-sem-nome-9.png\",\"width\":150,\"height\":85,\"caption\":\"Motorista.com.br\"},\"image\":{\"@id\":\"https:\\\/\\\/motorista.com.br\\\/noticias\\\/#\\\/schema\\\/logo\\\/image\\\/\"}},{\"@type\":\"Person\",\"@id\":\"https:\\\/\\\/motorista.com.br\\\/noticias\\\/#\\\/schema\\\/person\\\/dc93afc2981c0e3ce6bc3c053fd847be\",\"name\":\"Equipe Reda\u00e7\u00e3o\",\"image\":{\"@type\":\"ImageObject\",\"inLanguage\":\"pt-BR\",\"@id\":\"https:\\\/\\\/secure.gravatar.com\\\/avatar\\\/4f525efbf18dd2bb300ccad28bfb99d95a9465a5ba268407c8c37b37e1f28d2d?s=96&d=mm&r=g9e099043a0c61e9ae27e293b9fa75ffc\",\"url\":\"https:\\\/\\\/secure.gravatar.com\\\/avatar\\\/4f525efbf18dd2bb300ccad28bfb99d95a9465a5ba268407c8c37b37e1f28d2d?s=96&d=mm&r=g\",\"contentUrl\":\"https:\\\/\\\/secure.gravatar.com\\\/avatar\\\/4f525efbf18dd2bb300ccad28bfb99d95a9465a5ba268407c8c37b37e1f28d2d?s=96&d=mm&r=g\",\"caption\":\"Equipe Reda\u00e7\u00e3o\"},\"description\":\"Equipe de reda\u00e7\u00e3o \u00e9 um grupo de profissionais que trabalham juntos para criar conte\u00fado escrito para Motorista.com.br\",\"url\":\"https:\\\/\\\/motorista.com.br\\\/noticias\\\/author\\\/equiperedacao\\\/\"}]}<\/script>\n<!-- \/ Yoast SEO Premium plugin. -->","yoast_head_json":{"title":"GWM celebra a elimina\u00e7\u00e3o total das emiss\u00f5es no transporte de ve\u00edculos no Brasil. - Motorista.com.br","robots":{"index":"index","follow":"follow","max-snippet":"max-snippet:-1","max-image-preview":"max-image-preview:large","max-video-preview":"max-video-preview:-1"},"canonical":"https:\/\/motorista.com.br\/noticias\/2026\/03\/13\/gwm-celebra-a-eliminacao-total-das-emissoes-no-transporte-de-veiculos-no-brasil\/","og_locale":"pt_BR","og_type":"article","og_title":"GWM celebra a elimina\u00e7\u00e3o total das emiss\u00f5es no transporte de ve\u00edculos no Brasil.","og_description":"GWM Comemora Neutraliza\u00e7\u00e3o de 100% das Emiss\u00f5es no Transporte de Seus Ve\u00edculos no Brasil A GWM Brasil anunciou a neutraliza\u00e7\u00e3o total das emiss\u00f5es de CO\u2082 relacionadas ao transporte de seus ve\u00edculos no pa\u00eds, um marco significativo que resulta de uma parceria log\u00edstica com a Transportes Gabardo. Esta iniciativa faz parte da estrat\u00e9gia de log\u00edstica sustent\u00e1vel &hellip;","og_url":"https:\/\/motorista.com.br\/noticias\/2026\/03\/13\/gwm-celebra-a-eliminacao-total-das-emissoes-no-transporte-de-veiculos-no-brasil\/","og_site_name":"Motorista.com.br","article_published_time":"2026-03-13T12:31:18+00:00","author":"Equipe Reda\u00e7\u00e3o","twitter_card":"summary_large_image","twitter_misc":{"Escrito por":"Equipe Reda\u00e7\u00e3o","Est. tempo de leitura":"3 minutos","Written by":"Equipe Reda\u00e7\u00e3o"},"schema":{"@context":"https:\/\/schema.org","@graph":[{"@type":"Article","@id":"https:\/\/motorista.com.br\/noticias\/2026\/03\/13\/gwm-celebra-a-eliminacao-total-das-emissoes-no-transporte-de-veiculos-no-brasil\/#article","isPartOf":{"@id":"https:\/\/motorista.com.br\/noticias\/2026\/03\/13\/gwm-celebra-a-eliminacao-total-das-emissoes-no-transporte-de-veiculos-no-brasil\/"},"author":{"name":"Equipe Reda\u00e7\u00e3o","@id":"https:\/\/motorista.com.br\/noticias\/#\/schema\/person\/dc93afc2981c0e3ce6bc3c053fd847be"},"headline":"GWM celebra a elimina\u00e7\u00e3o total das emiss\u00f5es no transporte de ve\u00edculos no Brasil.","datePublished":"2026-03-13T12:31:18+00:00","mainEntityOfPage":{"@id":"https:\/\/motorista.com.br\/noticias\/2026\/03\/13\/gwm-celebra-a-eliminacao-total-das-emissoes-no-transporte-de-veiculos-no-brasil\/"},"wordCount":575,"publisher":{"@id":"https:\/\/motorista.com.br\/noticias\/#organization"},"image":{"@id":"https:\/\/motorista.com.br\/noticias\/2026\/03\/13\/gwm-celebra-a-eliminacao-total-das-emissoes-no-transporte-de-veiculos-no-brasil\/#primaryimage"},"thumbnailUrl":"https:\/\/motorista.com.br\/noticias\/wp-content\/uploads\/2026\/03\/GWM-Valendo-.jpg","articleSection":["Log\u00edstica"],"inLanguage":"pt-BR"},{"@type":"WebPage","@id":"https:\/\/motorista.com.br\/noticias\/2026\/03\/13\/gwm-celebra-a-eliminacao-total-das-emissoes-no-transporte-de-veiculos-no-brasil\/","url":"https:\/\/motorista.com.br\/noticias\/2026\/03\/13\/gwm-celebra-a-eliminacao-total-das-emissoes-no-transporte-de-veiculos-no-brasil\/","name":"GWM celebra a elimina\u00e7\u00e3o total das emiss\u00f5es no transporte de ve\u00edculos no Brasil. - Motorista.com.br","isPartOf":{"@id":"https:\/\/motorista.com.br\/noticias\/#website"},"primaryImageOfPage":{"@id":"https:\/\/motorista.com.br\/noticias\/2026\/03\/13\/gwm-celebra-a-eliminacao-total-das-emissoes-no-transporte-de-veiculos-no-brasil\/#primaryimage"},"image":{"@id":"https:\/\/motorista.com.br\/noticias\/2026\/03\/13\/gwm-celebra-a-eliminacao-total-das-emissoes-no-transporte-de-veiculos-no-brasil\/#primaryimage"},"thumbnailUrl":"https:\/\/motorista.com.br\/noticias\/wp-content\/uploads\/2026\/03\/GWM-Valendo-.jpg","datePublished":"2026-03-13T12:31:18+00:00","breadcrumb":{"@id":"https:\/\/motorista.com.br\/noticias\/2026\/03\/13\/gwm-celebra-a-eliminacao-total-das-emissoes-no-transporte-de-veiculos-no-brasil\/#breadcrumb"},"inLanguage":"pt-BR","potentialAction":[{"@type":"ReadAction","target":["https:\/\/motorista.com.br\/noticias\/2026\/03\/13\/gwm-celebra-a-eliminacao-total-das-emissoes-no-transporte-de-veiculos-no-brasil\/"]}]},{"@type":"ImageObject","inLanguage":"pt-BR","@id":"https:\/\/motorista.com.br\/noticias\/2026\/03\/13\/gwm-celebra-a-eliminacao-total-das-emissoes-no-transporte-de-veiculos-no-brasil\/#primaryimage","url":"https:\/\/motorista.com.br\/noticias\/wp-content\/uploads\/2026\/03\/GWM-Valendo-.jpg","contentUrl":"https:\/\/motorista.com.br\/noticias\/wp-content\/uploads\/2026\/03\/GWM-Valendo-.jpg","width":800,"height":420},{"@type":"BreadcrumbList","@id":"https:\/\/motorista.com.br\/noticias\/2026\/03\/13\/gwm-celebra-a-eliminacao-total-das-emissoes-no-transporte-de-veiculos-no-brasil\/#breadcrumb","itemListElement":[{"@type":"ListItem","position":1,"name":"In\u00edcio","item":"https:\/\/motorista.com.br\/noticias\/"},{"@type":"ListItem","position":2,"name":"GWM celebra a elimina\u00e7\u00e3o total das emiss\u00f5es no transporte de ve\u00edculos no Brasil."}]},{"@type":"WebSite","@id":"https:\/\/motorista.com.br\/noticias\/#website","url":"https:\/\/motorista.com.br\/noticias\/","name":"Motorista.com.br","description":"Not\u00edcia do Motorista","publisher":{"@id":"https:\/\/motorista.com.br\/noticias\/#organization"},"potentialAction":[{"@type":"SearchAction","target":{"@type":"EntryPoint","urlTemplate":"https:\/\/motorista.com.br\/noticias\/?s={search_term_string}"},"query-input":{"@type":"PropertyValueSpecification","valueRequired":true,"valueName":"search_term_string"}}],"inLanguage":"pt-BR"},{"@type":"Organization","@id":"https:\/\/motorista.com.br\/noticias\/#organization","name":"Motorista.com.br","url":"https:\/\/motorista.com.br\/noticias\/","logo":{"@type":"ImageObject","inLanguage":"pt-BR","@id":"https:\/\/motorista.com.br\/noticias\/#\/schema\/logo\/image\/","url":"https:\/\/motorista.com.br\/noticias\/wp-content\/uploads\/2025\/06\/Design-sem-nome-9.png","contentUrl":"https:\/\/motorista.com.br\/noticias\/wp-content\/uploads\/2025\/06\/Design-sem-nome-9.png","width":150,"height":85,"caption":"Motorista.com.br"},"image":{"@id":"https:\/\/motorista.com.br\/noticias\/#\/schema\/logo\/image\/"}},{"@type":"Person","@id":"https:\/\/motorista.com.br\/noticias\/#\/schema\/person\/dc93afc2981c0e3ce6bc3c053fd847be","name":"Equipe Reda\u00e7\u00e3o","image":{"@type":"ImageObject","inLanguage":"pt-BR","@id":"https:\/\/secure.gravatar.com\/avatar\/4f525efbf18dd2bb300ccad28bfb99d95a9465a5ba268407c8c37b37e1f28d2d?s=96&d=mm&r=g9e099043a0c61e9ae27e293b9fa75ffc","url":"https:\/\/secure.gravatar.com\/avatar\/4f525efbf18dd2bb300ccad28bfb99d95a9465a5ba268407c8c37b37e1f28d2d?s=96&d=mm&r=g","contentUrl":"https:\/\/secure.gravatar.com\/avatar\/4f525efbf18dd2bb300ccad28bfb99d95a9465a5ba268407c8c37b37e1f28d2d?s=96&d=mm&r=g","caption":"Equipe Reda\u00e7\u00e3o"},"description":"Equipe de reda\u00e7\u00e3o \u00e9 um grupo de profissionais que trabalham juntos para criar conte\u00fado escrito para Motorista.com.br","url":"https:\/\/motorista.com.br\/noticias\/author\/equiperedacao\/"}]}},"_links":{"self":[{"href":"https:\/\/motorista.com.br\/noticias\/wp-json\/wp\/v2\/posts\/7709","targetHints":{"allow":["GET"]}}],"collection":[{"href":"https:\/\/motorista.com.br\/noticias\/wp-json\/wp\/v2\/posts"}],"about":[{"href":"https:\/\/motorista.com.br\/noticias\/wp-json\/wp\/v2\/types\/post"}],"author":[{"embeddable":true,"href":"https:\/\/motorista.com.br\/noticias\/wp-json\/wp\/v2\/users\/4"}],"replies":[{"embeddable":true,"href":"https:\/\/motorista.com.br\/noticias\/wp-json\/wp\/v2\/comments?post=7709"}],"version-history":[{"count":0,"href":"https:\/\/motorista.com.br\/noticias\/wp-json\/wp\/v2\/posts\/7709\/revisions"}],"wp:featuredmedia":[{"embeddable":true,"href":"https:\/\/motorista.com.br\/noticias\/wp-json\/wp\/v2\/media\/7710"}],"wp:attachment":[{"href":"https:\/\/motorista.com.br\/noticias\/wp-json\/wp\/v2\/media?parent=7709"}],"wp:term":[{"taxonomy":"category","embeddable":true,"href":"https:\/\/motorista.com.br\/noticias\/wp-json\/wp\/v2\/categories?post=7709"},{"taxonomy":"post_tag","embeddable":true,"href":"https:\/\/motorista.com.br\/noticias\/wp-json\/wp\/v2\/tags?post=7709"},{"taxonomy":"author","embeddable":true,"href":"https:\/\/motorista.com.br\/noticias\/wp-json\/wp\/v2\/coauthors?post=7709"}],"curies":[{"name":"wp","href":"https:\/\/api.w.org\/{rel}","templated":true}]}}