{"id":7699,"date":"2026-03-13T01:28:50","date_gmt":"2026-03-13T04:28:50","guid":{"rendered":"https:\/\/motorista.com.br\/noticias\/2026\/03\/13\/reuniao-absolar-centro-oeste-2026-revela-potencial-solar-regional\/"},"modified":"2026-03-13T01:28:50","modified_gmt":"2026-03-13T04:28:50","slug":"reuniao-absolar-centro-oeste-2026-revela-potencial-solar-regional","status":"publish","type":"post","link":"https:\/\/motorista.com.br\/noticias\/2026\/03\/13\/reuniao-absolar-centro-oeste-2026-revela-potencial-solar-regional\/","title":{"rendered":"Reuni\u00e3o ABSOLAR Centro-Oeste 2026 revela potencial solar regional."},"content":{"rendered":"<p><\/p>\n<h3>ABSOLAR Meeting Centro-Oeste 2026: Potencial da Energia Solar na Regi\u00e3o<\/h3>\n<p>A Associa\u00e7\u00e3o Brasileira de Energia Solar Fotovoltaica (ABSOLAR) promoveu no dia 12 de outubro o ABSOLAR Meeting Centro-Oeste 2026, reunindo l\u00edderes do setor para discutir o avan\u00e7o da energia solar no cora\u00e7\u00e3o do Brasil. Este evento \u00e9 parte de uma s\u00e9rie de encontros que visa divulgar o imenso potencial da energia fotovoltaica em diversas regi\u00f5es do pa\u00eds.<\/p>\n<p>Os n\u00fameros apresentados durante o evento s\u00e3o impressionantes: a energia solar no Centro-Oeste tem o potencial de atrair mais de R$ 3,5 bilh\u00f5es em novos investimentos, alcan\u00e7ar uma capacidade instalada superior a 7,3 gigawatts e gerar mais de 226 mil empregos. Esses dados n\u00e3o apenas destacam a viabilidade da energia solar, mas tamb\u00e9m suas implica\u00e7\u00f5es diretas para motoristas e para a mobilidade geral.<\/p>\n<p>Com o aumento da capacidade de gera\u00e7\u00e3o solar, as oportunidades de desenvolvimento de infraestruturas mais sustent\u00e1veis se expandem. Isso pode resultar na implementa\u00e7\u00e3o de sistemas de transporte que dependam menos de combust\u00edveis f\u00f3sseis, contribuindo para uma redu\u00e7\u00e3o na emiss\u00e3o de gases poluentes. Para os motoristas, isso pode significar ve\u00edculos el\u00e9tricos mais acess\u00edveis e infraestrutura de recarga alimentada por energia renov\u00e1vel, resultando em custos operacionais mais baixos e maior autonomia em viagens.<\/p>\n<p>Durante o evento, Edinho Bez, representando o senador Wellington Fagundes, enfatizou a import\u00e2ncia estrat\u00e9gica do debate energ\u00e9tico focado na sa\u00fade do pa\u00eds. A conscientiza\u00e7\u00e3o sobre a energia, comparada \u00e0 \u00e1gua, \u00e9 fundamental para o desenvolvimento sustent\u00e1vel e a mobilidade dos brasileiros.<\/p>\n<p>A energia solar, segundo Bez, j\u00e1 representa cerca de 20% da capacidade instalada nacional, semelhante \u00e0 pot\u00eancia de tr\u00eas usinas de Itaipu. Isso demonstra que o Centro-Oeste possui condi\u00e7\u00f5es privilegiadas para aumentar essa participa\u00e7\u00e3o, transformando o Brasil em uma pot\u00eancia global em energia renov\u00e1vel.<\/p>\n<p>Rodrigo Sauaia, da ABSOLAR, mencionou que a energia solar pode beneficiar setores cruciais, como o agroneg\u00f3cio, proporcionando redu\u00e7\u00e3o de custos e maior competitividade. Esses benef\u00edcios se conectam diretamente ao transporte, pois a mobilidade eficiente \u00e9 essencial para o sucesso do agroneg\u00f3cio no transporte de mercadorias.<\/p>\n<p>A descentraliza\u00e7\u00e3o da renda, como observa Ronaldo Koloszuk, presidente da ABSOLAR, \u00e9 outro fator a ser ponderado. A forma\u00e7\u00e3o de numerosas pequenas e microempresas no setor solar contribui para a economia local, refletindo em um ambiente comercial mais din\u00e2mico.<\/p>\n<p>Fernando Munhoz, do Minist\u00e9rio de Minas e Energia, tamb\u00e9m destacou o compromisso do Brasil com o Acordo de Paris e a necessidade de expandir fontes renov\u00e1veis. As solu\u00e7\u00f5es inovadoras, como armazenamento de energia, s\u00e3o essenciais para assegurar uma matriz el\u00e9trica robusta e eficiente que suporte um sistema de transporte mais sustent\u00e1vel.<\/p>\n<p>O ABSOLAR Meeting Centro-Oeste 2026 destacou n\u00e3o apenas a urg\u00eancia da transi\u00e7\u00e3o energ\u00e9tica, mas tamb\u00e9m seu potencial transformador. A energia solar n\u00e3o \u00e9 apenas uma alternativa vi\u00e1vel; ela representa uma oportunidade estrat\u00e9gica para moldar a mobilidade no Brasil, impactando positivamente motoristas e a sociedade como um todo.<\/p>\n<p><strong>Fonte:<\/strong> IBL &#8211; Instituto Brasil Log\u00edstica<\/p>\n","protected":false},"excerpt":{"rendered":"<p>ABSOLAR Meeting Centro-Oeste 2026: Potencial da Energia Solar na Regi\u00e3o A Associa\u00e7\u00e3o Brasileira de Energia Solar Fotovoltaica (ABSOLAR) promoveu no dia 12 de outubro o ABSOLAR Meeting Centro-Oeste 2026, reunindo l\u00edderes do setor para discutir o avan\u00e7o da energia solar no cora\u00e7\u00e3o do Brasil. Este evento \u00e9 parte de uma s\u00e9rie de encontros que visa &hellip;<\/p>\n","protected":false},"author":4,"featured_media":7700,"comment_status":"","ping_status":"open","sticky":false,"template":"","format":"standard","meta":{"footnotes":""},"categories":[62],"tags":[],"coauthors":[42],"class_list":["post-7699","post","type-post","status-publish","format-standard","has-post-thumbnail","hentry","category-logistica"],"yoast_head":"<!-- This site is optimized with the Yoast SEO Premium plugin v25.5 (Yoast SEO v27.5) - https:\/\/yoast.com\/product\/yoast-seo-premium-wordpress\/ -->\n<title>Reuni\u00e3o ABSOLAR Centro-Oeste 2026 revela potencial solar regional. - Motorista.com.br<\/title>\n<meta name=\"robots\" content=\"index, follow, max-snippet:-1, max-image-preview:large, max-video-preview:-1\" \/>\n<link rel=\"canonical\" href=\"https:\/\/motorista.com.br\/noticias\/2026\/03\/13\/reuniao-absolar-centro-oeste-2026-revela-potencial-solar-regional\/\" \/>\n<meta property=\"og:locale\" content=\"pt_BR\" \/>\n<meta property=\"og:type\" content=\"article\" \/>\n<meta property=\"og:title\" content=\"Reuni\u00e3o ABSOLAR Centro-Oeste 2026 revela potencial solar regional.\" \/>\n<meta property=\"og:description\" content=\"ABSOLAR Meeting Centro-Oeste 2026: Potencial da Energia Solar na Regi\u00e3o A Associa\u00e7\u00e3o Brasileira de Energia Solar Fotovoltaica (ABSOLAR) promoveu no dia 12 de outubro o ABSOLAR Meeting Centro-Oeste 2026, reunindo l\u00edderes do setor para discutir o avan\u00e7o da energia solar no cora\u00e7\u00e3o do Brasil. Este evento \u00e9 parte de uma s\u00e9rie de encontros que visa &hellip;\" \/>\n<meta property=\"og:url\" content=\"https:\/\/motorista.com.br\/noticias\/2026\/03\/13\/reuniao-absolar-centro-oeste-2026-revela-potencial-solar-regional\/\" \/>\n<meta property=\"og:site_name\" content=\"Motorista.com.br\" \/>\n<meta property=\"article:published_time\" content=\"2026-03-13T04:28:50+00:00\" \/>\n<meta name=\"author\" content=\"Equipe Reda\u00e7\u00e3o\" \/>\n<meta name=\"twitter:card\" content=\"summary_large_image\" \/>\n<meta name=\"twitter:label1\" content=\"Escrito por\" \/>\n\t<meta name=\"twitter:data1\" content=\"Equipe Reda\u00e7\u00e3o\" \/>\n\t<meta name=\"twitter:label2\" content=\"Est. tempo de leitura\" \/>\n\t<meta name=\"twitter:data2\" content=\"3 minutos\" \/>\n\t<meta name=\"twitter:label3\" content=\"Written by\" \/>\n\t<meta name=\"twitter:data3\" content=\"Equipe Reda\u00e7\u00e3o\" \/>\n<script type=\"application\/ld+json\" class=\"yoast-schema-graph\">{\"@context\":\"https:\\\/\\\/schema.org\",\"@graph\":[{\"@type\":\"Article\",\"@id\":\"https:\\\/\\\/motorista.com.br\\\/noticias\\\/2026\\\/03\\\/13\\\/reuniao-absolar-centro-oeste-2026-revela-potencial-solar-regional\\\/#article\",\"isPartOf\":{\"@id\":\"https:\\\/\\\/motorista.com.br\\\/noticias\\\/2026\\\/03\\\/13\\\/reuniao-absolar-centro-oeste-2026-revela-potencial-solar-regional\\\/\"},\"author\":{\"name\":\"Equipe Reda\u00e7\u00e3o\",\"@id\":\"https:\\\/\\\/motorista.com.br\\\/noticias\\\/#\\\/schema\\\/person\\\/dc93afc2981c0e3ce6bc3c053fd847be\"},\"headline\":\"Reuni\u00e3o ABSOLAR Centro-Oeste 2026 revela potencial solar regional.\",\"datePublished\":\"2026-03-13T04:28:50+00:00\",\"mainEntityOfPage\":{\"@id\":\"https:\\\/\\\/motorista.com.br\\\/noticias\\\/2026\\\/03\\\/13\\\/reuniao-absolar-centro-oeste-2026-revela-potencial-solar-regional\\\/\"},\"wordCount\":529,\"publisher\":{\"@id\":\"https:\\\/\\\/motorista.com.br\\\/noticias\\\/#organization\"},\"image\":{\"@id\":\"https:\\\/\\\/motorista.com.br\\\/noticias\\\/2026\\\/03\\\/13\\\/reuniao-absolar-centro-oeste-2026-revela-potencial-solar-regional\\\/#primaryimage\"},\"thumbnailUrl\":\"https:\\\/\\\/motorista.com.br\\\/noticias\\\/wp-content\\\/uploads\\\/2026\\\/03\\\/WhatsApp-Image-2026-03-12-at-16.34.11.jpeg\",\"articleSection\":[\"Log\u00edstica\"],\"inLanguage\":\"pt-BR\"},{\"@type\":\"WebPage\",\"@id\":\"https:\\\/\\\/motorista.com.br\\\/noticias\\\/2026\\\/03\\\/13\\\/reuniao-absolar-centro-oeste-2026-revela-potencial-solar-regional\\\/\",\"url\":\"https:\\\/\\\/motorista.com.br\\\/noticias\\\/2026\\\/03\\\/13\\\/reuniao-absolar-centro-oeste-2026-revela-potencial-solar-regional\\\/\",\"name\":\"Reuni\u00e3o ABSOLAR Centro-Oeste 2026 revela potencial solar regional. - Motorista.com.br\",\"isPartOf\":{\"@id\":\"https:\\\/\\\/motorista.com.br\\\/noticias\\\/#website\"},\"primaryImageOfPage\":{\"@id\":\"https:\\\/\\\/motorista.com.br\\\/noticias\\\/2026\\\/03\\\/13\\\/reuniao-absolar-centro-oeste-2026-revela-potencial-solar-regional\\\/#primaryimage\"},\"image\":{\"@id\":\"https:\\\/\\\/motorista.com.br\\\/noticias\\\/2026\\\/03\\\/13\\\/reuniao-absolar-centro-oeste-2026-revela-potencial-solar-regional\\\/#primaryimage\"},\"thumbnailUrl\":\"https:\\\/\\\/motorista.com.br\\\/noticias\\\/wp-content\\\/uploads\\\/2026\\\/03\\\/WhatsApp-Image-2026-03-12-at-16.34.11.jpeg\",\"datePublished\":\"2026-03-13T04:28:50+00:00\",\"breadcrumb\":{\"@id\":\"https:\\\/\\\/motorista.com.br\\\/noticias\\\/2026\\\/03\\\/13\\\/reuniao-absolar-centro-oeste-2026-revela-potencial-solar-regional\\\/#breadcrumb\"},\"inLanguage\":\"pt-BR\",\"potentialAction\":[{\"@type\":\"ReadAction\",\"target\":[\"https:\\\/\\\/motorista.com.br\\\/noticias\\\/2026\\\/03\\\/13\\\/reuniao-absolar-centro-oeste-2026-revela-potencial-solar-regional\\\/\"]}]},{\"@type\":\"ImageObject\",\"inLanguage\":\"pt-BR\",\"@id\":\"https:\\\/\\\/motorista.com.br\\\/noticias\\\/2026\\\/03\\\/13\\\/reuniao-absolar-centro-oeste-2026-revela-potencial-solar-regional\\\/#primaryimage\",\"url\":\"https:\\\/\\\/motorista.com.br\\\/noticias\\\/wp-content\\\/uploads\\\/2026\\\/03\\\/WhatsApp-Image-2026-03-12-at-16.34.11.jpeg\",\"contentUrl\":\"https:\\\/\\\/motorista.com.br\\\/noticias\\\/wp-content\\\/uploads\\\/2026\\\/03\\\/WhatsApp-Image-2026-03-12-at-16.34.11.jpeg\",\"width\":1600,\"height\":900},{\"@type\":\"BreadcrumbList\",\"@id\":\"https:\\\/\\\/motorista.com.br\\\/noticias\\\/2026\\\/03\\\/13\\\/reuniao-absolar-centro-oeste-2026-revela-potencial-solar-regional\\\/#breadcrumb\",\"itemListElement\":[{\"@type\":\"ListItem\",\"position\":1,\"name\":\"In\u00edcio\",\"item\":\"https:\\\/\\\/motorista.com.br\\\/noticias\\\/\"},{\"@type\":\"ListItem\",\"position\":2,\"name\":\"Reuni\u00e3o ABSOLAR Centro-Oeste 2026 revela potencial solar regional.\"}]},{\"@type\":\"WebSite\",\"@id\":\"https:\\\/\\\/motorista.com.br\\\/noticias\\\/#website\",\"url\":\"https:\\\/\\\/motorista.com.br\\\/noticias\\\/\",\"name\":\"Motorista.com.br\",\"description\":\"Not\u00edcia do Motorista\",\"publisher\":{\"@id\":\"https:\\\/\\\/motorista.com.br\\\/noticias\\\/#organization\"},\"potentialAction\":[{\"@type\":\"SearchAction\",\"target\":{\"@type\":\"EntryPoint\",\"urlTemplate\":\"https:\\\/\\\/motorista.com.br\\\/noticias\\\/?s={search_term_string}\"},\"query-input\":{\"@type\":\"PropertyValueSpecification\",\"valueRequired\":true,\"valueName\":\"search_term_string\"}}],\"inLanguage\":\"pt-BR\"},{\"@type\":\"Organization\",\"@id\":\"https:\\\/\\\/motorista.com.br\\\/noticias\\\/#organization\",\"name\":\"Motorista.com.br\",\"url\":\"https:\\\/\\\/motorista.com.br\\\/noticias\\\/\",\"logo\":{\"@type\":\"ImageObject\",\"inLanguage\":\"pt-BR\",\"@id\":\"https:\\\/\\\/motorista.com.br\\\/noticias\\\/#\\\/schema\\\/logo\\\/image\\\/\",\"url\":\"https:\\\/\\\/motorista.com.br\\\/noticias\\\/wp-content\\\/uploads\\\/2025\\\/06\\\/Design-sem-nome-9.png\",\"contentUrl\":\"https:\\\/\\\/motorista.com.br\\\/noticias\\\/wp-content\\\/uploads\\\/2025\\\/06\\\/Design-sem-nome-9.png\",\"width\":150,\"height\":85,\"caption\":\"Motorista.com.br\"},\"image\":{\"@id\":\"https:\\\/\\\/motorista.com.br\\\/noticias\\\/#\\\/schema\\\/logo\\\/image\\\/\"}},{\"@type\":\"Person\",\"@id\":\"https:\\\/\\\/motorista.com.br\\\/noticias\\\/#\\\/schema\\\/person\\\/dc93afc2981c0e3ce6bc3c053fd847be\",\"name\":\"Equipe Reda\u00e7\u00e3o\",\"image\":{\"@type\":\"ImageObject\",\"inLanguage\":\"pt-BR\",\"@id\":\"https:\\\/\\\/secure.gravatar.com\\\/avatar\\\/4f525efbf18dd2bb300ccad28bfb99d95a9465a5ba268407c8c37b37e1f28d2d?s=96&d=mm&r=g9e099043a0c61e9ae27e293b9fa75ffc\",\"url\":\"https:\\\/\\\/secure.gravatar.com\\\/avatar\\\/4f525efbf18dd2bb300ccad28bfb99d95a9465a5ba268407c8c37b37e1f28d2d?s=96&d=mm&r=g\",\"contentUrl\":\"https:\\\/\\\/secure.gravatar.com\\\/avatar\\\/4f525efbf18dd2bb300ccad28bfb99d95a9465a5ba268407c8c37b37e1f28d2d?s=96&d=mm&r=g\",\"caption\":\"Equipe Reda\u00e7\u00e3o\"},\"description\":\"Equipe de reda\u00e7\u00e3o \u00e9 um grupo de profissionais que trabalham juntos para criar conte\u00fado escrito para Motorista.com.br\",\"url\":\"https:\\\/\\\/motorista.com.br\\\/noticias\\\/author\\\/equiperedacao\\\/\"}]}<\/script>\n<!-- \/ Yoast SEO Premium plugin. -->","yoast_head_json":{"title":"Reuni\u00e3o ABSOLAR Centro-Oeste 2026 revela potencial solar regional. - Motorista.com.br","robots":{"index":"index","follow":"follow","max-snippet":"max-snippet:-1","max-image-preview":"max-image-preview:large","max-video-preview":"max-video-preview:-1"},"canonical":"https:\/\/motorista.com.br\/noticias\/2026\/03\/13\/reuniao-absolar-centro-oeste-2026-revela-potencial-solar-regional\/","og_locale":"pt_BR","og_type":"article","og_title":"Reuni\u00e3o ABSOLAR Centro-Oeste 2026 revela potencial solar regional.","og_description":"ABSOLAR Meeting Centro-Oeste 2026: Potencial da Energia Solar na Regi\u00e3o A Associa\u00e7\u00e3o Brasileira de Energia Solar Fotovoltaica (ABSOLAR) promoveu no dia 12 de outubro o ABSOLAR Meeting Centro-Oeste 2026, reunindo l\u00edderes do setor para discutir o avan\u00e7o da energia solar no cora\u00e7\u00e3o do Brasil. Este evento \u00e9 parte de uma s\u00e9rie de encontros que visa &hellip;","og_url":"https:\/\/motorista.com.br\/noticias\/2026\/03\/13\/reuniao-absolar-centro-oeste-2026-revela-potencial-solar-regional\/","og_site_name":"Motorista.com.br","article_published_time":"2026-03-13T04:28:50+00:00","author":"Equipe Reda\u00e7\u00e3o","twitter_card":"summary_large_image","twitter_misc":{"Escrito por":"Equipe Reda\u00e7\u00e3o","Est. tempo de leitura":"3 minutos","Written by":"Equipe Reda\u00e7\u00e3o"},"schema":{"@context":"https:\/\/schema.org","@graph":[{"@type":"Article","@id":"https:\/\/motorista.com.br\/noticias\/2026\/03\/13\/reuniao-absolar-centro-oeste-2026-revela-potencial-solar-regional\/#article","isPartOf":{"@id":"https:\/\/motorista.com.br\/noticias\/2026\/03\/13\/reuniao-absolar-centro-oeste-2026-revela-potencial-solar-regional\/"},"author":{"name":"Equipe Reda\u00e7\u00e3o","@id":"https:\/\/motorista.com.br\/noticias\/#\/schema\/person\/dc93afc2981c0e3ce6bc3c053fd847be"},"headline":"Reuni\u00e3o ABSOLAR Centro-Oeste 2026 revela potencial solar regional.","datePublished":"2026-03-13T04:28:50+00:00","mainEntityOfPage":{"@id":"https:\/\/motorista.com.br\/noticias\/2026\/03\/13\/reuniao-absolar-centro-oeste-2026-revela-potencial-solar-regional\/"},"wordCount":529,"publisher":{"@id":"https:\/\/motorista.com.br\/noticias\/#organization"},"image":{"@id":"https:\/\/motorista.com.br\/noticias\/2026\/03\/13\/reuniao-absolar-centro-oeste-2026-revela-potencial-solar-regional\/#primaryimage"},"thumbnailUrl":"https:\/\/motorista.com.br\/noticias\/wp-content\/uploads\/2026\/03\/WhatsApp-Image-2026-03-12-at-16.34.11.jpeg","articleSection":["Log\u00edstica"],"inLanguage":"pt-BR"},{"@type":"WebPage","@id":"https:\/\/motorista.com.br\/noticias\/2026\/03\/13\/reuniao-absolar-centro-oeste-2026-revela-potencial-solar-regional\/","url":"https:\/\/motorista.com.br\/noticias\/2026\/03\/13\/reuniao-absolar-centro-oeste-2026-revela-potencial-solar-regional\/","name":"Reuni\u00e3o ABSOLAR Centro-Oeste 2026 revela potencial solar regional. - Motorista.com.br","isPartOf":{"@id":"https:\/\/motorista.com.br\/noticias\/#website"},"primaryImageOfPage":{"@id":"https:\/\/motorista.com.br\/noticias\/2026\/03\/13\/reuniao-absolar-centro-oeste-2026-revela-potencial-solar-regional\/#primaryimage"},"image":{"@id":"https:\/\/motorista.com.br\/noticias\/2026\/03\/13\/reuniao-absolar-centro-oeste-2026-revela-potencial-solar-regional\/#primaryimage"},"thumbnailUrl":"https:\/\/motorista.com.br\/noticias\/wp-content\/uploads\/2026\/03\/WhatsApp-Image-2026-03-12-at-16.34.11.jpeg","datePublished":"2026-03-13T04:28:50+00:00","breadcrumb":{"@id":"https:\/\/motorista.com.br\/noticias\/2026\/03\/13\/reuniao-absolar-centro-oeste-2026-revela-potencial-solar-regional\/#breadcrumb"},"inLanguage":"pt-BR","potentialAction":[{"@type":"ReadAction","target":["https:\/\/motorista.com.br\/noticias\/2026\/03\/13\/reuniao-absolar-centro-oeste-2026-revela-potencial-solar-regional\/"]}]},{"@type":"ImageObject","inLanguage":"pt-BR","@id":"https:\/\/motorista.com.br\/noticias\/2026\/03\/13\/reuniao-absolar-centro-oeste-2026-revela-potencial-solar-regional\/#primaryimage","url":"https:\/\/motorista.com.br\/noticias\/wp-content\/uploads\/2026\/03\/WhatsApp-Image-2026-03-12-at-16.34.11.jpeg","contentUrl":"https:\/\/motorista.com.br\/noticias\/wp-content\/uploads\/2026\/03\/WhatsApp-Image-2026-03-12-at-16.34.11.jpeg","width":1600,"height":900},{"@type":"BreadcrumbList","@id":"https:\/\/motorista.com.br\/noticias\/2026\/03\/13\/reuniao-absolar-centro-oeste-2026-revela-potencial-solar-regional\/#breadcrumb","itemListElement":[{"@type":"ListItem","position":1,"name":"In\u00edcio","item":"https:\/\/motorista.com.br\/noticias\/"},{"@type":"ListItem","position":2,"name":"Reuni\u00e3o ABSOLAR Centro-Oeste 2026 revela potencial solar regional."}]},{"@type":"WebSite","@id":"https:\/\/motorista.com.br\/noticias\/#website","url":"https:\/\/motorista.com.br\/noticias\/","name":"Motorista.com.br","description":"Not\u00edcia do Motorista","publisher":{"@id":"https:\/\/motorista.com.br\/noticias\/#organization"},"potentialAction":[{"@type":"SearchAction","target":{"@type":"EntryPoint","urlTemplate":"https:\/\/motorista.com.br\/noticias\/?s={search_term_string}"},"query-input":{"@type":"PropertyValueSpecification","valueRequired":true,"valueName":"search_term_string"}}],"inLanguage":"pt-BR"},{"@type":"Organization","@id":"https:\/\/motorista.com.br\/noticias\/#organization","name":"Motorista.com.br","url":"https:\/\/motorista.com.br\/noticias\/","logo":{"@type":"ImageObject","inLanguage":"pt-BR","@id":"https:\/\/motorista.com.br\/noticias\/#\/schema\/logo\/image\/","url":"https:\/\/motorista.com.br\/noticias\/wp-content\/uploads\/2025\/06\/Design-sem-nome-9.png","contentUrl":"https:\/\/motorista.com.br\/noticias\/wp-content\/uploads\/2025\/06\/Design-sem-nome-9.png","width":150,"height":85,"caption":"Motorista.com.br"},"image":{"@id":"https:\/\/motorista.com.br\/noticias\/#\/schema\/logo\/image\/"}},{"@type":"Person","@id":"https:\/\/motorista.com.br\/noticias\/#\/schema\/person\/dc93afc2981c0e3ce6bc3c053fd847be","name":"Equipe Reda\u00e7\u00e3o","image":{"@type":"ImageObject","inLanguage":"pt-BR","@id":"https:\/\/secure.gravatar.com\/avatar\/4f525efbf18dd2bb300ccad28bfb99d95a9465a5ba268407c8c37b37e1f28d2d?s=96&d=mm&r=g9e099043a0c61e9ae27e293b9fa75ffc","url":"https:\/\/secure.gravatar.com\/avatar\/4f525efbf18dd2bb300ccad28bfb99d95a9465a5ba268407c8c37b37e1f28d2d?s=96&d=mm&r=g","contentUrl":"https:\/\/secure.gravatar.com\/avatar\/4f525efbf18dd2bb300ccad28bfb99d95a9465a5ba268407c8c37b37e1f28d2d?s=96&d=mm&r=g","caption":"Equipe Reda\u00e7\u00e3o"},"description":"Equipe de reda\u00e7\u00e3o \u00e9 um grupo de profissionais que trabalham juntos para criar conte\u00fado escrito para Motorista.com.br","url":"https:\/\/motorista.com.br\/noticias\/author\/equiperedacao\/"}]}},"_links":{"self":[{"href":"https:\/\/motorista.com.br\/noticias\/wp-json\/wp\/v2\/posts\/7699","targetHints":{"allow":["GET"]}}],"collection":[{"href":"https:\/\/motorista.com.br\/noticias\/wp-json\/wp\/v2\/posts"}],"about":[{"href":"https:\/\/motorista.com.br\/noticias\/wp-json\/wp\/v2\/types\/post"}],"author":[{"embeddable":true,"href":"https:\/\/motorista.com.br\/noticias\/wp-json\/wp\/v2\/users\/4"}],"replies":[{"embeddable":true,"href":"https:\/\/motorista.com.br\/noticias\/wp-json\/wp\/v2\/comments?post=7699"}],"version-history":[{"count":0,"href":"https:\/\/motorista.com.br\/noticias\/wp-json\/wp\/v2\/posts\/7699\/revisions"}],"wp:featuredmedia":[{"embeddable":true,"href":"https:\/\/motorista.com.br\/noticias\/wp-json\/wp\/v2\/media\/7700"}],"wp:attachment":[{"href":"https:\/\/motorista.com.br\/noticias\/wp-json\/wp\/v2\/media?parent=7699"}],"wp:term":[{"taxonomy":"category","embeddable":true,"href":"https:\/\/motorista.com.br\/noticias\/wp-json\/wp\/v2\/categories?post=7699"},{"taxonomy":"post_tag","embeddable":true,"href":"https:\/\/motorista.com.br\/noticias\/wp-json\/wp\/v2\/tags?post=7699"},{"taxonomy":"author","embeddable":true,"href":"https:\/\/motorista.com.br\/noticias\/wp-json\/wp\/v2\/coauthors?post=7699"}],"curies":[{"name":"wp","href":"https:\/\/api.w.org\/{rel}","templated":true}]}}