{"id":7697,"date":"2026-03-13T01:05:15","date_gmt":"2026-03-13T04:05:15","guid":{"rendered":"https:\/\/motorista.com.br\/noticias\/2026\/03\/13\/familia-de-caminhoneiro-falecido-ganhara-r-200-mil-em-indenizacao\/"},"modified":"2026-03-13T01:05:15","modified_gmt":"2026-03-13T04:05:15","slug":"familia-de-caminhoneiro-falecido-ganhara-r-200-mil-em-indenizacao","status":"publish","type":"post","link":"https:\/\/motorista.com.br\/noticias\/2026\/03\/13\/familia-de-caminhoneiro-falecido-ganhara-r-200-mil-em-indenizacao\/","title":{"rendered":"Fam\u00edlia de caminhoneiro falecido ganhar\u00e1 R$ 200 mil em indeniza\u00e7\u00e3o"},"content":{"rendered":"<p><\/p>\n<p><strong>Esposa e filho de caminhoneiro que morreu em acidente receber\u00e3o R$ 200 mil por danos morais<\/strong><\/p>\n<p>A quest\u00e3o dos acidentes de trabalho no setor de transporte rodovi\u00e1rio \u00e9 um tema que merece aten\u00e7\u00e3o redobrada. Recentemente, a Primeira Turma do Tribunal Regional do Trabalho da 24\u00aa Regi\u00e3o decidiu, de maneira un\u00e2nime, reconhecer a responsabilidade civil de uma empresa ap\u00f3s a morte de um motorista de caminh\u00e3o em um tr\u00e1gico acidente em setembro de 2023. O motorista, apenas 38 anos, deixou sua esposa e um filho de seis anos.<\/p>\n<p>Essa decis\u00e3o ultrapassa meramente o aspecto jur\u00eddico; ela tamb\u00e9m traz \u00e0 tona a import\u00e2ncia de um ambiente de trabalho seguro para os motoristas, cuja atividade \u00e9 considerada de risco. A determina\u00e7\u00e3o do Tribunal destaca que o empregador deve garantir as condi\u00e7\u00f5es adequadas de trabalho, incluindo manuten\u00e7\u00e3o regular dos ve\u00edculos. No caso em quest\u00e3o, o caminh\u00e3o envolvido no acidente n\u00e3o recebia manuten\u00e7\u00e3o desde 2008, o que \u00e9 inaceit\u00e1vel e mostra uma neglig\u00eancia grave por parte da empresa.<\/p>\n<p>Al\u00e9m disso, o relat\u00f3rio de monitoramento por sat\u00e9lite mostrou que o motorista geralmente respeitava os limites de velocidade, refor\u00e7ando que a culpa n\u00e3o deve ser atribu\u00edda a ele mas, sim, \u00e0 condi\u00e7\u00e3o prec\u00e1ria do ve\u00edculo. Estes fatores s\u00e3o cruciais para entender que a responsabilidade dos empregadores \u00e9 fundamental para a seguran\u00e7a na mobilidade. Quando empresas desconsideram essas obriga\u00e7\u00f5es, o impacto vai al\u00e9m do acidente em si; afeta diretamente as fam\u00edlias das v\u00edtimas e, em um sentido mais amplo, a confian\u00e7a dos motoristas na seguran\u00e7a de suas atividades.<\/p>\n<p>Ao arbitrar R$ 200 mil em danos morais para a esposa e o filho do motorista, o tribunal reconheceu o sofrimento profundo que a perda de um ente querido pode causar. Este tipo de indeniza\u00e7\u00e3o n\u00e3o apenas serve como repara\u00e7\u00e3o, mas tamb\u00e9m como um aviso para empresas que ainda n\u00e3o compreendem a gravidade de suas responsabilidades. Cada acidente \u00e9 uma trag\u00e9dia que ecoa atrav\u00e9s das vidas daqueles que ficam, refor\u00e7ando a necess\u00e1ria discuss\u00e3o sobre como melhorar as pol\u00edticas de seguran\u00e7a no transporte.<\/p>\n<p>Os impactos imediatos e a longo prazo nas vidas da esposa e do filho do motorista s\u00e3o indiscut\u00edveis. O reconhecimento de um valor significativo por danos morais traz um pouco de al\u00edvio, mas a dor da perda n\u00e3o \u00e9 quantific\u00e1vel. Isso reafirma a necessidade de pol\u00edticas que garantam a seguran\u00e7a dos motoristas, minimizando os riscos e criando um ambiente de trabalho mais seguro para todos.<\/p>\n<p>Ao refletir sobre essa decis\u00e3o, \u00e9 vital compreender que a responsabilidade n\u00e3o termina com a indeniza\u00e7\u00e3o. O setor de transporte deve ser uma prioridade nas discuss\u00f5es sobre seguran\u00e7a no trabalho, pois, ao proteger os motoristas, estamos tamb\u00e9m protegendo a sociedade como um todo. A seguran\u00e7a nas estradas \u00e9 um reflexo direto da responsabilidade assumida por empresas e trabalhadores, que juntos podem moldar um futuro em que acidentes como esse sejam evitados.<\/p>\n<p><strong>Fonte: blogdocaminhoneiro<\/strong><\/p>\n","protected":false},"excerpt":{"rendered":"<p>Esposa e filho de caminhoneiro que morreu em acidente receber\u00e3o R$ 200 mil por danos morais A quest\u00e3o dos acidentes de trabalho no setor de transporte rodovi\u00e1rio \u00e9 um tema que merece aten\u00e7\u00e3o redobrada. Recentemente, a Primeira Turma do Tribunal Regional do Trabalho da 24\u00aa Regi\u00e3o decidiu, de maneira un\u00e2nime, reconhecer a responsabilidade civil de &hellip;<\/p>\n","protected":false},"author":4,"featured_media":7698,"comment_status":"","ping_status":"open","sticky":false,"template":"","format":"standard","meta":{"footnotes":""},"categories":[78,77],"tags":[],"coauthors":[42],"class_list":["post-7697","post","type-post","status-publish","format-standard","has-post-thumbnail","hentry","category-carreteiro","category-motorista"],"yoast_head":"<!-- This site is optimized with the Yoast SEO Premium plugin v25.5 (Yoast SEO v27.5) - https:\/\/yoast.com\/product\/yoast-seo-premium-wordpress\/ -->\n<title>Fam\u00edlia de caminhoneiro falecido ganhar\u00e1 R$ 200 mil em indeniza\u00e7\u00e3o - Motorista.com.br<\/title>\n<meta name=\"robots\" content=\"index, follow, max-snippet:-1, max-image-preview:large, max-video-preview:-1\" \/>\n<link rel=\"canonical\" href=\"https:\/\/motorista.com.br\/noticias\/2026\/03\/13\/familia-de-caminhoneiro-falecido-ganhara-r-200-mil-em-indenizacao\/\" \/>\n<meta property=\"og:locale\" content=\"pt_BR\" \/>\n<meta property=\"og:type\" content=\"article\" \/>\n<meta property=\"og:title\" content=\"Fam\u00edlia de caminhoneiro falecido ganhar\u00e1 R$ 200 mil em indeniza\u00e7\u00e3o\" \/>\n<meta property=\"og:description\" content=\"Esposa e filho de caminhoneiro que morreu em acidente receber\u00e3o R$ 200 mil por danos morais A quest\u00e3o dos acidentes de trabalho no setor de transporte rodovi\u00e1rio \u00e9 um tema que merece aten\u00e7\u00e3o redobrada. Recentemente, a Primeira Turma do Tribunal Regional do Trabalho da 24\u00aa Regi\u00e3o decidiu, de maneira un\u00e2nime, reconhecer a responsabilidade civil de &hellip;\" \/>\n<meta property=\"og:url\" content=\"https:\/\/motorista.com.br\/noticias\/2026\/03\/13\/familia-de-caminhoneiro-falecido-ganhara-r-200-mil-em-indenizacao\/\" \/>\n<meta property=\"og:site_name\" content=\"Motorista.com.br\" \/>\n<meta property=\"article:published_time\" content=\"2026-03-13T04:05:15+00:00\" \/>\n<meta name=\"author\" content=\"Equipe Reda\u00e7\u00e3o\" \/>\n<meta name=\"twitter:card\" content=\"summary_large_image\" \/>\n<meta name=\"twitter:label1\" content=\"Escrito por\" \/>\n\t<meta name=\"twitter:data1\" content=\"Equipe Reda\u00e7\u00e3o\" \/>\n\t<meta name=\"twitter:label2\" content=\"Est. tempo de leitura\" \/>\n\t<meta name=\"twitter:data2\" content=\"3 minutos\" \/>\n\t<meta name=\"twitter:label3\" content=\"Written by\" \/>\n\t<meta name=\"twitter:data3\" content=\"Equipe Reda\u00e7\u00e3o\" \/>\n<script type=\"application\/ld+json\" class=\"yoast-schema-graph\">{\"@context\":\"https:\\\/\\\/schema.org\",\"@graph\":[{\"@type\":\"Article\",\"@id\":\"https:\\\/\\\/motorista.com.br\\\/noticias\\\/2026\\\/03\\\/13\\\/familia-de-caminhoneiro-falecido-ganhara-r-200-mil-em-indenizacao\\\/#article\",\"isPartOf\":{\"@id\":\"https:\\\/\\\/motorista.com.br\\\/noticias\\\/2026\\\/03\\\/13\\\/familia-de-caminhoneiro-falecido-ganhara-r-200-mil-em-indenizacao\\\/\"},\"author\":{\"name\":\"Equipe Reda\u00e7\u00e3o\",\"@id\":\"https:\\\/\\\/motorista.com.br\\\/noticias\\\/#\\\/schema\\\/person\\\/dc93afc2981c0e3ce6bc3c053fd847be\"},\"headline\":\"Fam\u00edlia de caminhoneiro falecido ganhar\u00e1 R$ 200 mil em indeniza\u00e7\u00e3o\",\"datePublished\":\"2026-03-13T04:05:15+00:00\",\"mainEntityOfPage\":{\"@id\":\"https:\\\/\\\/motorista.com.br\\\/noticias\\\/2026\\\/03\\\/13\\\/familia-de-caminhoneiro-falecido-ganhara-r-200-mil-em-indenizacao\\\/\"},\"wordCount\":531,\"publisher\":{\"@id\":\"https:\\\/\\\/motorista.com.br\\\/noticias\\\/#organization\"},\"image\":{\"@id\":\"https:\\\/\\\/motorista.com.br\\\/noticias\\\/2026\\\/03\\\/13\\\/familia-de-caminhoneiro-falecido-ganhara-r-200-mil-em-indenizacao\\\/#primaryimage\"},\"thumbnailUrl\":\"https:\\\/\\\/motorista.com.br\\\/noticias\\\/wp-content\\\/uploads\\\/2026\\\/03\\\/acidente-caminhao-tomba.jpg\",\"articleSection\":[\"Carreteiro\",\"Motorista\"],\"inLanguage\":\"pt-BR\"},{\"@type\":\"WebPage\",\"@id\":\"https:\\\/\\\/motorista.com.br\\\/noticias\\\/2026\\\/03\\\/13\\\/familia-de-caminhoneiro-falecido-ganhara-r-200-mil-em-indenizacao\\\/\",\"url\":\"https:\\\/\\\/motorista.com.br\\\/noticias\\\/2026\\\/03\\\/13\\\/familia-de-caminhoneiro-falecido-ganhara-r-200-mil-em-indenizacao\\\/\",\"name\":\"Fam\u00edlia de caminhoneiro falecido ganhar\u00e1 R$ 200 mil em indeniza\u00e7\u00e3o - Motorista.com.br\",\"isPartOf\":{\"@id\":\"https:\\\/\\\/motorista.com.br\\\/noticias\\\/#website\"},\"primaryImageOfPage\":{\"@id\":\"https:\\\/\\\/motorista.com.br\\\/noticias\\\/2026\\\/03\\\/13\\\/familia-de-caminhoneiro-falecido-ganhara-r-200-mil-em-indenizacao\\\/#primaryimage\"},\"image\":{\"@id\":\"https:\\\/\\\/motorista.com.br\\\/noticias\\\/2026\\\/03\\\/13\\\/familia-de-caminhoneiro-falecido-ganhara-r-200-mil-em-indenizacao\\\/#primaryimage\"},\"thumbnailUrl\":\"https:\\\/\\\/motorista.com.br\\\/noticias\\\/wp-content\\\/uploads\\\/2026\\\/03\\\/acidente-caminhao-tomba.jpg\",\"datePublished\":\"2026-03-13T04:05:15+00:00\",\"breadcrumb\":{\"@id\":\"https:\\\/\\\/motorista.com.br\\\/noticias\\\/2026\\\/03\\\/13\\\/familia-de-caminhoneiro-falecido-ganhara-r-200-mil-em-indenizacao\\\/#breadcrumb\"},\"inLanguage\":\"pt-BR\",\"potentialAction\":[{\"@type\":\"ReadAction\",\"target\":[\"https:\\\/\\\/motorista.com.br\\\/noticias\\\/2026\\\/03\\\/13\\\/familia-de-caminhoneiro-falecido-ganhara-r-200-mil-em-indenizacao\\\/\"]}]},{\"@type\":\"ImageObject\",\"inLanguage\":\"pt-BR\",\"@id\":\"https:\\\/\\\/motorista.com.br\\\/noticias\\\/2026\\\/03\\\/13\\\/familia-de-caminhoneiro-falecido-ganhara-r-200-mil-em-indenizacao\\\/#primaryimage\",\"url\":\"https:\\\/\\\/motorista.com.br\\\/noticias\\\/wp-content\\\/uploads\\\/2026\\\/03\\\/acidente-caminhao-tomba.jpg\",\"contentUrl\":\"https:\\\/\\\/motorista.com.br\\\/noticias\\\/wp-content\\\/uploads\\\/2026\\\/03\\\/acidente-caminhao-tomba.jpg\",\"width\":1203,\"height\":800},{\"@type\":\"BreadcrumbList\",\"@id\":\"https:\\\/\\\/motorista.com.br\\\/noticias\\\/2026\\\/03\\\/13\\\/familia-de-caminhoneiro-falecido-ganhara-r-200-mil-em-indenizacao\\\/#breadcrumb\",\"itemListElement\":[{\"@type\":\"ListItem\",\"position\":1,\"name\":\"In\u00edcio\",\"item\":\"https:\\\/\\\/motorista.com.br\\\/noticias\\\/\"},{\"@type\":\"ListItem\",\"position\":2,\"name\":\"Fam\u00edlia de caminhoneiro falecido ganhar\u00e1 R$ 200 mil em indeniza\u00e7\u00e3o\"}]},{\"@type\":\"WebSite\",\"@id\":\"https:\\\/\\\/motorista.com.br\\\/noticias\\\/#website\",\"url\":\"https:\\\/\\\/motorista.com.br\\\/noticias\\\/\",\"name\":\"Motorista.com.br\",\"description\":\"Not\u00edcia do Motorista\",\"publisher\":{\"@id\":\"https:\\\/\\\/motorista.com.br\\\/noticias\\\/#organization\"},\"potentialAction\":[{\"@type\":\"SearchAction\",\"target\":{\"@type\":\"EntryPoint\",\"urlTemplate\":\"https:\\\/\\\/motorista.com.br\\\/noticias\\\/?s={search_term_string}\"},\"query-input\":{\"@type\":\"PropertyValueSpecification\",\"valueRequired\":true,\"valueName\":\"search_term_string\"}}],\"inLanguage\":\"pt-BR\"},{\"@type\":\"Organization\",\"@id\":\"https:\\\/\\\/motorista.com.br\\\/noticias\\\/#organization\",\"name\":\"Motorista.com.br\",\"url\":\"https:\\\/\\\/motorista.com.br\\\/noticias\\\/\",\"logo\":{\"@type\":\"ImageObject\",\"inLanguage\":\"pt-BR\",\"@id\":\"https:\\\/\\\/motorista.com.br\\\/noticias\\\/#\\\/schema\\\/logo\\\/image\\\/\",\"url\":\"https:\\\/\\\/motorista.com.br\\\/noticias\\\/wp-content\\\/uploads\\\/2025\\\/06\\\/Design-sem-nome-9.png\",\"contentUrl\":\"https:\\\/\\\/motorista.com.br\\\/noticias\\\/wp-content\\\/uploads\\\/2025\\\/06\\\/Design-sem-nome-9.png\",\"width\":150,\"height\":85,\"caption\":\"Motorista.com.br\"},\"image\":{\"@id\":\"https:\\\/\\\/motorista.com.br\\\/noticias\\\/#\\\/schema\\\/logo\\\/image\\\/\"}},{\"@type\":\"Person\",\"@id\":\"https:\\\/\\\/motorista.com.br\\\/noticias\\\/#\\\/schema\\\/person\\\/dc93afc2981c0e3ce6bc3c053fd847be\",\"name\":\"Equipe Reda\u00e7\u00e3o\",\"image\":{\"@type\":\"ImageObject\",\"inLanguage\":\"pt-BR\",\"@id\":\"https:\\\/\\\/secure.gravatar.com\\\/avatar\\\/4f525efbf18dd2bb300ccad28bfb99d95a9465a5ba268407c8c37b37e1f28d2d?s=96&d=mm&r=g9e099043a0c61e9ae27e293b9fa75ffc\",\"url\":\"https:\\\/\\\/secure.gravatar.com\\\/avatar\\\/4f525efbf18dd2bb300ccad28bfb99d95a9465a5ba268407c8c37b37e1f28d2d?s=96&d=mm&r=g\",\"contentUrl\":\"https:\\\/\\\/secure.gravatar.com\\\/avatar\\\/4f525efbf18dd2bb300ccad28bfb99d95a9465a5ba268407c8c37b37e1f28d2d?s=96&d=mm&r=g\",\"caption\":\"Equipe Reda\u00e7\u00e3o\"},\"description\":\"Equipe de reda\u00e7\u00e3o \u00e9 um grupo de profissionais que trabalham juntos para criar conte\u00fado escrito para Motorista.com.br\",\"url\":\"https:\\\/\\\/motorista.com.br\\\/noticias\\\/author\\\/equiperedacao\\\/\"}]}<\/script>\n<!-- \/ Yoast SEO Premium plugin. -->","yoast_head_json":{"title":"Fam\u00edlia de caminhoneiro falecido ganhar\u00e1 R$ 200 mil em indeniza\u00e7\u00e3o - Motorista.com.br","robots":{"index":"index","follow":"follow","max-snippet":"max-snippet:-1","max-image-preview":"max-image-preview:large","max-video-preview":"max-video-preview:-1"},"canonical":"https:\/\/motorista.com.br\/noticias\/2026\/03\/13\/familia-de-caminhoneiro-falecido-ganhara-r-200-mil-em-indenizacao\/","og_locale":"pt_BR","og_type":"article","og_title":"Fam\u00edlia de caminhoneiro falecido ganhar\u00e1 R$ 200 mil em indeniza\u00e7\u00e3o","og_description":"Esposa e filho de caminhoneiro que morreu em acidente receber\u00e3o R$ 200 mil por danos morais A quest\u00e3o dos acidentes de trabalho no setor de transporte rodovi\u00e1rio \u00e9 um tema que merece aten\u00e7\u00e3o redobrada. Recentemente, a Primeira Turma do Tribunal Regional do Trabalho da 24\u00aa Regi\u00e3o decidiu, de maneira un\u00e2nime, reconhecer a responsabilidade civil de &hellip;","og_url":"https:\/\/motorista.com.br\/noticias\/2026\/03\/13\/familia-de-caminhoneiro-falecido-ganhara-r-200-mil-em-indenizacao\/","og_site_name":"Motorista.com.br","article_published_time":"2026-03-13T04:05:15+00:00","author":"Equipe Reda\u00e7\u00e3o","twitter_card":"summary_large_image","twitter_misc":{"Escrito por":"Equipe Reda\u00e7\u00e3o","Est. tempo de leitura":"3 minutos","Written by":"Equipe Reda\u00e7\u00e3o"},"schema":{"@context":"https:\/\/schema.org","@graph":[{"@type":"Article","@id":"https:\/\/motorista.com.br\/noticias\/2026\/03\/13\/familia-de-caminhoneiro-falecido-ganhara-r-200-mil-em-indenizacao\/#article","isPartOf":{"@id":"https:\/\/motorista.com.br\/noticias\/2026\/03\/13\/familia-de-caminhoneiro-falecido-ganhara-r-200-mil-em-indenizacao\/"},"author":{"name":"Equipe Reda\u00e7\u00e3o","@id":"https:\/\/motorista.com.br\/noticias\/#\/schema\/person\/dc93afc2981c0e3ce6bc3c053fd847be"},"headline":"Fam\u00edlia de caminhoneiro falecido ganhar\u00e1 R$ 200 mil em indeniza\u00e7\u00e3o","datePublished":"2026-03-13T04:05:15+00:00","mainEntityOfPage":{"@id":"https:\/\/motorista.com.br\/noticias\/2026\/03\/13\/familia-de-caminhoneiro-falecido-ganhara-r-200-mil-em-indenizacao\/"},"wordCount":531,"publisher":{"@id":"https:\/\/motorista.com.br\/noticias\/#organization"},"image":{"@id":"https:\/\/motorista.com.br\/noticias\/2026\/03\/13\/familia-de-caminhoneiro-falecido-ganhara-r-200-mil-em-indenizacao\/#primaryimage"},"thumbnailUrl":"https:\/\/motorista.com.br\/noticias\/wp-content\/uploads\/2026\/03\/acidente-caminhao-tomba.jpg","articleSection":["Carreteiro","Motorista"],"inLanguage":"pt-BR"},{"@type":"WebPage","@id":"https:\/\/motorista.com.br\/noticias\/2026\/03\/13\/familia-de-caminhoneiro-falecido-ganhara-r-200-mil-em-indenizacao\/","url":"https:\/\/motorista.com.br\/noticias\/2026\/03\/13\/familia-de-caminhoneiro-falecido-ganhara-r-200-mil-em-indenizacao\/","name":"Fam\u00edlia de caminhoneiro falecido ganhar\u00e1 R$ 200 mil em indeniza\u00e7\u00e3o - Motorista.com.br","isPartOf":{"@id":"https:\/\/motorista.com.br\/noticias\/#website"},"primaryImageOfPage":{"@id":"https:\/\/motorista.com.br\/noticias\/2026\/03\/13\/familia-de-caminhoneiro-falecido-ganhara-r-200-mil-em-indenizacao\/#primaryimage"},"image":{"@id":"https:\/\/motorista.com.br\/noticias\/2026\/03\/13\/familia-de-caminhoneiro-falecido-ganhara-r-200-mil-em-indenizacao\/#primaryimage"},"thumbnailUrl":"https:\/\/motorista.com.br\/noticias\/wp-content\/uploads\/2026\/03\/acidente-caminhao-tomba.jpg","datePublished":"2026-03-13T04:05:15+00:00","breadcrumb":{"@id":"https:\/\/motorista.com.br\/noticias\/2026\/03\/13\/familia-de-caminhoneiro-falecido-ganhara-r-200-mil-em-indenizacao\/#breadcrumb"},"inLanguage":"pt-BR","potentialAction":[{"@type":"ReadAction","target":["https:\/\/motorista.com.br\/noticias\/2026\/03\/13\/familia-de-caminhoneiro-falecido-ganhara-r-200-mil-em-indenizacao\/"]}]},{"@type":"ImageObject","inLanguage":"pt-BR","@id":"https:\/\/motorista.com.br\/noticias\/2026\/03\/13\/familia-de-caminhoneiro-falecido-ganhara-r-200-mil-em-indenizacao\/#primaryimage","url":"https:\/\/motorista.com.br\/noticias\/wp-content\/uploads\/2026\/03\/acidente-caminhao-tomba.jpg","contentUrl":"https:\/\/motorista.com.br\/noticias\/wp-content\/uploads\/2026\/03\/acidente-caminhao-tomba.jpg","width":1203,"height":800},{"@type":"BreadcrumbList","@id":"https:\/\/motorista.com.br\/noticias\/2026\/03\/13\/familia-de-caminhoneiro-falecido-ganhara-r-200-mil-em-indenizacao\/#breadcrumb","itemListElement":[{"@type":"ListItem","position":1,"name":"In\u00edcio","item":"https:\/\/motorista.com.br\/noticias\/"},{"@type":"ListItem","position":2,"name":"Fam\u00edlia de caminhoneiro falecido ganhar\u00e1 R$ 200 mil em indeniza\u00e7\u00e3o"}]},{"@type":"WebSite","@id":"https:\/\/motorista.com.br\/noticias\/#website","url":"https:\/\/motorista.com.br\/noticias\/","name":"Motorista.com.br","description":"Not\u00edcia do Motorista","publisher":{"@id":"https:\/\/motorista.com.br\/noticias\/#organization"},"potentialAction":[{"@type":"SearchAction","target":{"@type":"EntryPoint","urlTemplate":"https:\/\/motorista.com.br\/noticias\/?s={search_term_string}"},"query-input":{"@type":"PropertyValueSpecification","valueRequired":true,"valueName":"search_term_string"}}],"inLanguage":"pt-BR"},{"@type":"Organization","@id":"https:\/\/motorista.com.br\/noticias\/#organization","name":"Motorista.com.br","url":"https:\/\/motorista.com.br\/noticias\/","logo":{"@type":"ImageObject","inLanguage":"pt-BR","@id":"https:\/\/motorista.com.br\/noticias\/#\/schema\/logo\/image\/","url":"https:\/\/motorista.com.br\/noticias\/wp-content\/uploads\/2025\/06\/Design-sem-nome-9.png","contentUrl":"https:\/\/motorista.com.br\/noticias\/wp-content\/uploads\/2025\/06\/Design-sem-nome-9.png","width":150,"height":85,"caption":"Motorista.com.br"},"image":{"@id":"https:\/\/motorista.com.br\/noticias\/#\/schema\/logo\/image\/"}},{"@type":"Person","@id":"https:\/\/motorista.com.br\/noticias\/#\/schema\/person\/dc93afc2981c0e3ce6bc3c053fd847be","name":"Equipe Reda\u00e7\u00e3o","image":{"@type":"ImageObject","inLanguage":"pt-BR","@id":"https:\/\/secure.gravatar.com\/avatar\/4f525efbf18dd2bb300ccad28bfb99d95a9465a5ba268407c8c37b37e1f28d2d?s=96&d=mm&r=g9e099043a0c61e9ae27e293b9fa75ffc","url":"https:\/\/secure.gravatar.com\/avatar\/4f525efbf18dd2bb300ccad28bfb99d95a9465a5ba268407c8c37b37e1f28d2d?s=96&d=mm&r=g","contentUrl":"https:\/\/secure.gravatar.com\/avatar\/4f525efbf18dd2bb300ccad28bfb99d95a9465a5ba268407c8c37b37e1f28d2d?s=96&d=mm&r=g","caption":"Equipe Reda\u00e7\u00e3o"},"description":"Equipe de reda\u00e7\u00e3o \u00e9 um grupo de profissionais que trabalham juntos para criar conte\u00fado escrito para Motorista.com.br","url":"https:\/\/motorista.com.br\/noticias\/author\/equiperedacao\/"}]}},"_links":{"self":[{"href":"https:\/\/motorista.com.br\/noticias\/wp-json\/wp\/v2\/posts\/7697","targetHints":{"allow":["GET"]}}],"collection":[{"href":"https:\/\/motorista.com.br\/noticias\/wp-json\/wp\/v2\/posts"}],"about":[{"href":"https:\/\/motorista.com.br\/noticias\/wp-json\/wp\/v2\/types\/post"}],"author":[{"embeddable":true,"href":"https:\/\/motorista.com.br\/noticias\/wp-json\/wp\/v2\/users\/4"}],"replies":[{"embeddable":true,"href":"https:\/\/motorista.com.br\/noticias\/wp-json\/wp\/v2\/comments?post=7697"}],"version-history":[{"count":0,"href":"https:\/\/motorista.com.br\/noticias\/wp-json\/wp\/v2\/posts\/7697\/revisions"}],"wp:featuredmedia":[{"embeddable":true,"href":"https:\/\/motorista.com.br\/noticias\/wp-json\/wp\/v2\/media\/7698"}],"wp:attachment":[{"href":"https:\/\/motorista.com.br\/noticias\/wp-json\/wp\/v2\/media?parent=7697"}],"wp:term":[{"taxonomy":"category","embeddable":true,"href":"https:\/\/motorista.com.br\/noticias\/wp-json\/wp\/v2\/categories?post=7697"},{"taxonomy":"post_tag","embeddable":true,"href":"https:\/\/motorista.com.br\/noticias\/wp-json\/wp\/v2\/tags?post=7697"},{"taxonomy":"author","embeddable":true,"href":"https:\/\/motorista.com.br\/noticias\/wp-json\/wp\/v2\/coauthors?post=7697"}],"curies":[{"name":"wp","href":"https:\/\/api.w.org\/{rel}","templated":true}]}}