{"id":7694,"date":"2026-03-12T22:23:59","date_gmt":"2026-03-13T01:23:59","guid":{"rendered":"https:\/\/motorista.com.br\/noticias\/2026\/03\/12\/nova-decisao-garante-isencao-para-empresa-ate-abril\/"},"modified":"2026-03-12T22:23:59","modified_gmt":"2026-03-13T01:23:59","slug":"nova-decisao-garante-isencao-para-empresa-ate-abril","status":"publish","type":"post","link":"https:\/\/motorista.com.br\/noticias\/2026\/03\/12\/nova-decisao-garante-isencao-para-empresa-ate-abril\/","title":{"rendered":"Nova decis\u00e3o garante isen\u00e7\u00e3o para empresa at\u00e9 abril."},"content":{"rendered":"<p><\/p>\n<h2>Nova Liminar Concede Isen\u00e7\u00e3o para Empresa at\u00e9 Abril: Impactos para Motoristas e Mobilidade<\/h2>\n<p>Por Gabriel Benevides, de Bras\u00edlia<\/p>\n<p>A 2\u00aa Vara da Justi\u00e7a Federal de Ponta Grossa (PR) concedeu em 1\u00ba de mar\u00e7o de 2026 uma liminar que prorroga a isen\u00e7\u00e3o de dividendos de uma empresa n\u00e3o divulgada at\u00e9 abril de 2026. Embora seja uma decis\u00e3o provis\u00f3ria, sua aplica\u00e7\u00e3o \u00e9 imediata e promete repercuss\u00f5es no cen\u00e1rio econ\u00f4mico.<\/p>\n<p>Os advogados do caso questionaram a nova tributa\u00e7\u00e3o dos dividendos conforme a lei da reforma da renda, que estabelece um Imposto M\u00ednimo de at\u00e9 10% sobre lucros acima de R$ 50.000 mensais, distribu\u00eddos ap\u00f3s 31 de dezembro de 2025. O atual calend\u00e1rio permite que as empresas aprovem a distribui\u00e7\u00e3o dos lucros at\u00e9 abril do ano seguinte, e essa discrep\u00e2ncia gerou a necessidade de revis\u00e3o judicial.<\/p>\n<p>A magistrada Ant\u00f4nio C\u00e9sar Bochenek acolheu o argumento de que a reforma deve respeitar a realidade fiscal das empresas, destacando a relev\u00e2ncia de uma interpreta\u00e7\u00e3o coerente das normas. Essa decis\u00e3o sugere um alinhamento entre a legisla\u00e7\u00e3o tribut\u00e1ria e a pr\u00e1tica cotidiana das empresas, o que pode resultar em um ambiente mais est\u00e1vel e previs\u00edvel.<\/p>\n<h3>Benef\u00edcios para Motoristas e Mobilidade Geral<\/h3>\n<p>A liminar pode ter implica\u00e7\u00f5es diretas sobre os motoristas e a mobilidade geral. Um ambiente tribut\u00e1rio menos oneroso para as empresas pode favorecer investimentos e, consequentemente, gerar mais empregos. Com mais recursos dispon\u00edveis, as empresas podem aperfei\u00e7oar suas opera\u00e7\u00f5es, incluindo a log\u00edstica de transporte. Isso significa que motoristas podem se beneficiar de melhores condi\u00e7\u00f5es de trabalho e, potencialmente, de aumento na demanda por servi\u00e7os de transporte.<\/p>\n<p>Al\u00e9m disso, um fortalecimento das empresas pode estimular melhorias na infraestrutura de mobilidade urbana. A arrecada\u00e7\u00e3o de impostos mais ajustada pode resultar em melhores investimentos em transporte p\u00fablico e em sistemas vi\u00e1rios mais eficientes, beneficiando n\u00e3o apenas os motoristas, mas toda a popula\u00e7\u00e3o que depende de um tr\u00e2nsito mais fluido e seguro.<\/p>\n<h3>Considera\u00e7\u00f5es Finais<\/h3>\n<p>A decis\u00e3o da Justi\u00e7a Federal, portanto, n\u00e3o \u00e9 apenas uma quest\u00e3o fiscal, mas reflete um movimento que impacta a mobilidade e a vida dos motoristas. Um sistema tribut\u00e1rio que reconhece as realidades de mercado e as necessidades de adequa\u00e7\u00e3o pode ser visto como um passo positivo em dire\u00e7\u00e3o a um ambiente econ\u00f4mico mais equilibrado e preparado para os desafios futuros.<\/p>\n<p><em>Fonte: Portal da Reforma Tribut\u00e1ria<\/em><\/p>\n","protected":false},"excerpt":{"rendered":"<p>Nova Liminar Concede Isen\u00e7\u00e3o para Empresa at\u00e9 Abril: Impactos para Motoristas e Mobilidade Por Gabriel Benevides, de Bras\u00edlia A 2\u00aa Vara da Justi\u00e7a Federal de Ponta Grossa (PR) concedeu em 1\u00ba de mar\u00e7o de 2026 uma liminar que prorroga a isen\u00e7\u00e3o de dividendos de uma empresa n\u00e3o divulgada at\u00e9 abril de 2026. Embora seja uma &hellip;<\/p>\n","protected":false},"author":4,"featured_media":6845,"comment_status":"","ping_status":"open","sticky":false,"template":"","format":"standard","meta":{"footnotes":""},"categories":[35],"tags":[],"coauthors":[42],"class_list":["post-7694","post","type-post","status-publish","format-standard","has-post-thumbnail","hentry","category-legislacao"],"yoast_head":"<!-- This site is optimized with the Yoast SEO Premium plugin v25.5 (Yoast SEO v27.5) - https:\/\/yoast.com\/product\/yoast-seo-premium-wordpress\/ -->\n<title>Nova decis\u00e3o garante isen\u00e7\u00e3o para empresa at\u00e9 abril. - Motorista.com.br<\/title>\n<meta name=\"robots\" content=\"index, follow, max-snippet:-1, max-image-preview:large, max-video-preview:-1\" \/>\n<link rel=\"canonical\" href=\"https:\/\/motorista.com.br\/noticias\/2026\/03\/12\/nova-decisao-garante-isencao-para-empresa-ate-abril\/\" \/>\n<meta property=\"og:locale\" content=\"pt_BR\" \/>\n<meta property=\"og:type\" content=\"article\" \/>\n<meta property=\"og:title\" content=\"Nova decis\u00e3o garante isen\u00e7\u00e3o para empresa at\u00e9 abril.\" \/>\n<meta property=\"og:description\" content=\"Nova Liminar Concede Isen\u00e7\u00e3o para Empresa at\u00e9 Abril: Impactos para Motoristas e Mobilidade Por Gabriel Benevides, de Bras\u00edlia A 2\u00aa Vara da Justi\u00e7a Federal de Ponta Grossa (PR) concedeu em 1\u00ba de mar\u00e7o de 2026 uma liminar que prorroga a isen\u00e7\u00e3o de dividendos de uma empresa n\u00e3o divulgada at\u00e9 abril de 2026. Embora seja uma &hellip;\" \/>\n<meta property=\"og:url\" content=\"https:\/\/motorista.com.br\/noticias\/2026\/03\/12\/nova-decisao-garante-isencao-para-empresa-ate-abril\/\" \/>\n<meta property=\"og:site_name\" content=\"Motorista.com.br\" \/>\n<meta property=\"article:published_time\" content=\"2026-03-13T01:23:59+00:00\" \/>\n<meta name=\"author\" content=\"Equipe Reda\u00e7\u00e3o\" \/>\n<meta name=\"twitter:card\" content=\"summary_large_image\" \/>\n<meta name=\"twitter:label1\" content=\"Escrito por\" \/>\n\t<meta name=\"twitter:data1\" content=\"Equipe Reda\u00e7\u00e3o\" \/>\n\t<meta name=\"twitter:label2\" content=\"Est. tempo de leitura\" \/>\n\t<meta name=\"twitter:data2\" content=\"2 minutos\" \/>\n\t<meta name=\"twitter:label3\" content=\"Written by\" \/>\n\t<meta name=\"twitter:data3\" content=\"Equipe Reda\u00e7\u00e3o\" \/>\n<script type=\"application\/ld+json\" class=\"yoast-schema-graph\">{\"@context\":\"https:\\\/\\\/schema.org\",\"@graph\":[{\"@type\":\"Article\",\"@id\":\"https:\\\/\\\/motorista.com.br\\\/noticias\\\/2026\\\/03\\\/12\\\/nova-decisao-garante-isencao-para-empresa-ate-abril\\\/#article\",\"isPartOf\":{\"@id\":\"https:\\\/\\\/motorista.com.br\\\/noticias\\\/2026\\\/03\\\/12\\\/nova-decisao-garante-isencao-para-empresa-ate-abril\\\/\"},\"author\":{\"name\":\"Equipe Reda\u00e7\u00e3o\",\"@id\":\"https:\\\/\\\/motorista.com.br\\\/noticias\\\/#\\\/schema\\\/person\\\/dc93afc2981c0e3ce6bc3c053fd847be\"},\"headline\":\"Nova decis\u00e3o garante isen\u00e7\u00e3o para empresa at\u00e9 abril.\",\"datePublished\":\"2026-03-13T01:23:59+00:00\",\"mainEntityOfPage\":{\"@id\":\"https:\\\/\\\/motorista.com.br\\\/noticias\\\/2026\\\/03\\\/12\\\/nova-decisao-garante-isencao-para-empresa-ate-abril\\\/\"},\"wordCount\":433,\"publisher\":{\"@id\":\"https:\\\/\\\/motorista.com.br\\\/noticias\\\/#organization\"},\"image\":{\"@id\":\"https:\\\/\\\/motorista.com.br\\\/noticias\\\/2026\\\/03\\\/12\\\/nova-decisao-garante-isencao-para-empresa-ate-abril\\\/#primaryimage\"},\"thumbnailUrl\":\"https:\\\/\\\/motorista.com.br\\\/noticias\\\/wp-content\\\/uploads\\\/2026\\\/02\\\/dividendos-arte-edited.jpg\",\"articleSection\":[\"Legisla\u00e7\u00e3o\"],\"inLanguage\":\"pt-BR\"},{\"@type\":\"WebPage\",\"@id\":\"https:\\\/\\\/motorista.com.br\\\/noticias\\\/2026\\\/03\\\/12\\\/nova-decisao-garante-isencao-para-empresa-ate-abril\\\/\",\"url\":\"https:\\\/\\\/motorista.com.br\\\/noticias\\\/2026\\\/03\\\/12\\\/nova-decisao-garante-isencao-para-empresa-ate-abril\\\/\",\"name\":\"Nova decis\u00e3o garante isen\u00e7\u00e3o para empresa at\u00e9 abril. - Motorista.com.br\",\"isPartOf\":{\"@id\":\"https:\\\/\\\/motorista.com.br\\\/noticias\\\/#website\"},\"primaryImageOfPage\":{\"@id\":\"https:\\\/\\\/motorista.com.br\\\/noticias\\\/2026\\\/03\\\/12\\\/nova-decisao-garante-isencao-para-empresa-ate-abril\\\/#primaryimage\"},\"image\":{\"@id\":\"https:\\\/\\\/motorista.com.br\\\/noticias\\\/2026\\\/03\\\/12\\\/nova-decisao-garante-isencao-para-empresa-ate-abril\\\/#primaryimage\"},\"thumbnailUrl\":\"https:\\\/\\\/motorista.com.br\\\/noticias\\\/wp-content\\\/uploads\\\/2026\\\/02\\\/dividendos-arte-edited.jpg\",\"datePublished\":\"2026-03-13T01:23:59+00:00\",\"breadcrumb\":{\"@id\":\"https:\\\/\\\/motorista.com.br\\\/noticias\\\/2026\\\/03\\\/12\\\/nova-decisao-garante-isencao-para-empresa-ate-abril\\\/#breadcrumb\"},\"inLanguage\":\"pt-BR\",\"potentialAction\":[{\"@type\":\"ReadAction\",\"target\":[\"https:\\\/\\\/motorista.com.br\\\/noticias\\\/2026\\\/03\\\/12\\\/nova-decisao-garante-isencao-para-empresa-ate-abril\\\/\"]}]},{\"@type\":\"ImageObject\",\"inLanguage\":\"pt-BR\",\"@id\":\"https:\\\/\\\/motorista.com.br\\\/noticias\\\/2026\\\/03\\\/12\\\/nova-decisao-garante-isencao-para-empresa-ate-abril\\\/#primaryimage\",\"url\":\"https:\\\/\\\/motorista.com.br\\\/noticias\\\/wp-content\\\/uploads\\\/2026\\\/02\\\/dividendos-arte-edited.jpg\",\"contentUrl\":\"https:\\\/\\\/motorista.com.br\\\/noticias\\\/wp-content\\\/uploads\\\/2026\\\/02\\\/dividendos-arte-edited.jpg\",\"width\":1862,\"height\":1048},{\"@type\":\"BreadcrumbList\",\"@id\":\"https:\\\/\\\/motorista.com.br\\\/noticias\\\/2026\\\/03\\\/12\\\/nova-decisao-garante-isencao-para-empresa-ate-abril\\\/#breadcrumb\",\"itemListElement\":[{\"@type\":\"ListItem\",\"position\":1,\"name\":\"In\u00edcio\",\"item\":\"https:\\\/\\\/motorista.com.br\\\/noticias\\\/\"},{\"@type\":\"ListItem\",\"position\":2,\"name\":\"Nova decis\u00e3o garante isen\u00e7\u00e3o para empresa at\u00e9 abril.\"}]},{\"@type\":\"WebSite\",\"@id\":\"https:\\\/\\\/motorista.com.br\\\/noticias\\\/#website\",\"url\":\"https:\\\/\\\/motorista.com.br\\\/noticias\\\/\",\"name\":\"Motorista.com.br\",\"description\":\"Not\u00edcia do Motorista\",\"publisher\":{\"@id\":\"https:\\\/\\\/motorista.com.br\\\/noticias\\\/#organization\"},\"potentialAction\":[{\"@type\":\"SearchAction\",\"target\":{\"@type\":\"EntryPoint\",\"urlTemplate\":\"https:\\\/\\\/motorista.com.br\\\/noticias\\\/?s={search_term_string}\"},\"query-input\":{\"@type\":\"PropertyValueSpecification\",\"valueRequired\":true,\"valueName\":\"search_term_string\"}}],\"inLanguage\":\"pt-BR\"},{\"@type\":\"Organization\",\"@id\":\"https:\\\/\\\/motorista.com.br\\\/noticias\\\/#organization\",\"name\":\"Motorista.com.br\",\"url\":\"https:\\\/\\\/motorista.com.br\\\/noticias\\\/\",\"logo\":{\"@type\":\"ImageObject\",\"inLanguage\":\"pt-BR\",\"@id\":\"https:\\\/\\\/motorista.com.br\\\/noticias\\\/#\\\/schema\\\/logo\\\/image\\\/\",\"url\":\"https:\\\/\\\/motorista.com.br\\\/noticias\\\/wp-content\\\/uploads\\\/2025\\\/06\\\/Design-sem-nome-9.png\",\"contentUrl\":\"https:\\\/\\\/motorista.com.br\\\/noticias\\\/wp-content\\\/uploads\\\/2025\\\/06\\\/Design-sem-nome-9.png\",\"width\":150,\"height\":85,\"caption\":\"Motorista.com.br\"},\"image\":{\"@id\":\"https:\\\/\\\/motorista.com.br\\\/noticias\\\/#\\\/schema\\\/logo\\\/image\\\/\"}},{\"@type\":\"Person\",\"@id\":\"https:\\\/\\\/motorista.com.br\\\/noticias\\\/#\\\/schema\\\/person\\\/dc93afc2981c0e3ce6bc3c053fd847be\",\"name\":\"Equipe Reda\u00e7\u00e3o\",\"image\":{\"@type\":\"ImageObject\",\"inLanguage\":\"pt-BR\",\"@id\":\"https:\\\/\\\/secure.gravatar.com\\\/avatar\\\/4f525efbf18dd2bb300ccad28bfb99d95a9465a5ba268407c8c37b37e1f28d2d?s=96&d=mm&r=g9e099043a0c61e9ae27e293b9fa75ffc\",\"url\":\"https:\\\/\\\/secure.gravatar.com\\\/avatar\\\/4f525efbf18dd2bb300ccad28bfb99d95a9465a5ba268407c8c37b37e1f28d2d?s=96&d=mm&r=g\",\"contentUrl\":\"https:\\\/\\\/secure.gravatar.com\\\/avatar\\\/4f525efbf18dd2bb300ccad28bfb99d95a9465a5ba268407c8c37b37e1f28d2d?s=96&d=mm&r=g\",\"caption\":\"Equipe Reda\u00e7\u00e3o\"},\"description\":\"Equipe de reda\u00e7\u00e3o \u00e9 um grupo de profissionais que trabalham juntos para criar conte\u00fado escrito para Motorista.com.br\",\"url\":\"https:\\\/\\\/motorista.com.br\\\/noticias\\\/author\\\/equiperedacao\\\/\"}]}<\/script>\n<!-- \/ Yoast SEO Premium plugin. -->","yoast_head_json":{"title":"Nova decis\u00e3o garante isen\u00e7\u00e3o para empresa at\u00e9 abril. - Motorista.com.br","robots":{"index":"index","follow":"follow","max-snippet":"max-snippet:-1","max-image-preview":"max-image-preview:large","max-video-preview":"max-video-preview:-1"},"canonical":"https:\/\/motorista.com.br\/noticias\/2026\/03\/12\/nova-decisao-garante-isencao-para-empresa-ate-abril\/","og_locale":"pt_BR","og_type":"article","og_title":"Nova decis\u00e3o garante isen\u00e7\u00e3o para empresa at\u00e9 abril.","og_description":"Nova Liminar Concede Isen\u00e7\u00e3o para Empresa at\u00e9 Abril: Impactos para Motoristas e Mobilidade Por Gabriel Benevides, de Bras\u00edlia A 2\u00aa Vara da Justi\u00e7a Federal de Ponta Grossa (PR) concedeu em 1\u00ba de mar\u00e7o de 2026 uma liminar que prorroga a isen\u00e7\u00e3o de dividendos de uma empresa n\u00e3o divulgada at\u00e9 abril de 2026. Embora seja uma &hellip;","og_url":"https:\/\/motorista.com.br\/noticias\/2026\/03\/12\/nova-decisao-garante-isencao-para-empresa-ate-abril\/","og_site_name":"Motorista.com.br","article_published_time":"2026-03-13T01:23:59+00:00","author":"Equipe Reda\u00e7\u00e3o","twitter_card":"summary_large_image","twitter_misc":{"Escrito por":"Equipe Reda\u00e7\u00e3o","Est. tempo de leitura":"2 minutos","Written by":"Equipe Reda\u00e7\u00e3o"},"schema":{"@context":"https:\/\/schema.org","@graph":[{"@type":"Article","@id":"https:\/\/motorista.com.br\/noticias\/2026\/03\/12\/nova-decisao-garante-isencao-para-empresa-ate-abril\/#article","isPartOf":{"@id":"https:\/\/motorista.com.br\/noticias\/2026\/03\/12\/nova-decisao-garante-isencao-para-empresa-ate-abril\/"},"author":{"name":"Equipe Reda\u00e7\u00e3o","@id":"https:\/\/motorista.com.br\/noticias\/#\/schema\/person\/dc93afc2981c0e3ce6bc3c053fd847be"},"headline":"Nova decis\u00e3o garante isen\u00e7\u00e3o para empresa at\u00e9 abril.","datePublished":"2026-03-13T01:23:59+00:00","mainEntityOfPage":{"@id":"https:\/\/motorista.com.br\/noticias\/2026\/03\/12\/nova-decisao-garante-isencao-para-empresa-ate-abril\/"},"wordCount":433,"publisher":{"@id":"https:\/\/motorista.com.br\/noticias\/#organization"},"image":{"@id":"https:\/\/motorista.com.br\/noticias\/2026\/03\/12\/nova-decisao-garante-isencao-para-empresa-ate-abril\/#primaryimage"},"thumbnailUrl":"https:\/\/motorista.com.br\/noticias\/wp-content\/uploads\/2026\/02\/dividendos-arte-edited.jpg","articleSection":["Legisla\u00e7\u00e3o"],"inLanguage":"pt-BR"},{"@type":"WebPage","@id":"https:\/\/motorista.com.br\/noticias\/2026\/03\/12\/nova-decisao-garante-isencao-para-empresa-ate-abril\/","url":"https:\/\/motorista.com.br\/noticias\/2026\/03\/12\/nova-decisao-garante-isencao-para-empresa-ate-abril\/","name":"Nova decis\u00e3o garante isen\u00e7\u00e3o para empresa at\u00e9 abril. - Motorista.com.br","isPartOf":{"@id":"https:\/\/motorista.com.br\/noticias\/#website"},"primaryImageOfPage":{"@id":"https:\/\/motorista.com.br\/noticias\/2026\/03\/12\/nova-decisao-garante-isencao-para-empresa-ate-abril\/#primaryimage"},"image":{"@id":"https:\/\/motorista.com.br\/noticias\/2026\/03\/12\/nova-decisao-garante-isencao-para-empresa-ate-abril\/#primaryimage"},"thumbnailUrl":"https:\/\/motorista.com.br\/noticias\/wp-content\/uploads\/2026\/02\/dividendos-arte-edited.jpg","datePublished":"2026-03-13T01:23:59+00:00","breadcrumb":{"@id":"https:\/\/motorista.com.br\/noticias\/2026\/03\/12\/nova-decisao-garante-isencao-para-empresa-ate-abril\/#breadcrumb"},"inLanguage":"pt-BR","potentialAction":[{"@type":"ReadAction","target":["https:\/\/motorista.com.br\/noticias\/2026\/03\/12\/nova-decisao-garante-isencao-para-empresa-ate-abril\/"]}]},{"@type":"ImageObject","inLanguage":"pt-BR","@id":"https:\/\/motorista.com.br\/noticias\/2026\/03\/12\/nova-decisao-garante-isencao-para-empresa-ate-abril\/#primaryimage","url":"https:\/\/motorista.com.br\/noticias\/wp-content\/uploads\/2026\/02\/dividendos-arte-edited.jpg","contentUrl":"https:\/\/motorista.com.br\/noticias\/wp-content\/uploads\/2026\/02\/dividendos-arte-edited.jpg","width":1862,"height":1048},{"@type":"BreadcrumbList","@id":"https:\/\/motorista.com.br\/noticias\/2026\/03\/12\/nova-decisao-garante-isencao-para-empresa-ate-abril\/#breadcrumb","itemListElement":[{"@type":"ListItem","position":1,"name":"In\u00edcio","item":"https:\/\/motorista.com.br\/noticias\/"},{"@type":"ListItem","position":2,"name":"Nova decis\u00e3o garante isen\u00e7\u00e3o para empresa at\u00e9 abril."}]},{"@type":"WebSite","@id":"https:\/\/motorista.com.br\/noticias\/#website","url":"https:\/\/motorista.com.br\/noticias\/","name":"Motorista.com.br","description":"Not\u00edcia do Motorista","publisher":{"@id":"https:\/\/motorista.com.br\/noticias\/#organization"},"potentialAction":[{"@type":"SearchAction","target":{"@type":"EntryPoint","urlTemplate":"https:\/\/motorista.com.br\/noticias\/?s={search_term_string}"},"query-input":{"@type":"PropertyValueSpecification","valueRequired":true,"valueName":"search_term_string"}}],"inLanguage":"pt-BR"},{"@type":"Organization","@id":"https:\/\/motorista.com.br\/noticias\/#organization","name":"Motorista.com.br","url":"https:\/\/motorista.com.br\/noticias\/","logo":{"@type":"ImageObject","inLanguage":"pt-BR","@id":"https:\/\/motorista.com.br\/noticias\/#\/schema\/logo\/image\/","url":"https:\/\/motorista.com.br\/noticias\/wp-content\/uploads\/2025\/06\/Design-sem-nome-9.png","contentUrl":"https:\/\/motorista.com.br\/noticias\/wp-content\/uploads\/2025\/06\/Design-sem-nome-9.png","width":150,"height":85,"caption":"Motorista.com.br"},"image":{"@id":"https:\/\/motorista.com.br\/noticias\/#\/schema\/logo\/image\/"}},{"@type":"Person","@id":"https:\/\/motorista.com.br\/noticias\/#\/schema\/person\/dc93afc2981c0e3ce6bc3c053fd847be","name":"Equipe Reda\u00e7\u00e3o","image":{"@type":"ImageObject","inLanguage":"pt-BR","@id":"https:\/\/secure.gravatar.com\/avatar\/4f525efbf18dd2bb300ccad28bfb99d95a9465a5ba268407c8c37b37e1f28d2d?s=96&d=mm&r=g9e099043a0c61e9ae27e293b9fa75ffc","url":"https:\/\/secure.gravatar.com\/avatar\/4f525efbf18dd2bb300ccad28bfb99d95a9465a5ba268407c8c37b37e1f28d2d?s=96&d=mm&r=g","contentUrl":"https:\/\/secure.gravatar.com\/avatar\/4f525efbf18dd2bb300ccad28bfb99d95a9465a5ba268407c8c37b37e1f28d2d?s=96&d=mm&r=g","caption":"Equipe Reda\u00e7\u00e3o"},"description":"Equipe de reda\u00e7\u00e3o \u00e9 um grupo de profissionais que trabalham juntos para criar conte\u00fado escrito para Motorista.com.br","url":"https:\/\/motorista.com.br\/noticias\/author\/equiperedacao\/"}]}},"_links":{"self":[{"href":"https:\/\/motorista.com.br\/noticias\/wp-json\/wp\/v2\/posts\/7694","targetHints":{"allow":["GET"]}}],"collection":[{"href":"https:\/\/motorista.com.br\/noticias\/wp-json\/wp\/v2\/posts"}],"about":[{"href":"https:\/\/motorista.com.br\/noticias\/wp-json\/wp\/v2\/types\/post"}],"author":[{"embeddable":true,"href":"https:\/\/motorista.com.br\/noticias\/wp-json\/wp\/v2\/users\/4"}],"replies":[{"embeddable":true,"href":"https:\/\/motorista.com.br\/noticias\/wp-json\/wp\/v2\/comments?post=7694"}],"version-history":[{"count":0,"href":"https:\/\/motorista.com.br\/noticias\/wp-json\/wp\/v2\/posts\/7694\/revisions"}],"wp:featuredmedia":[{"embeddable":true,"href":"https:\/\/motorista.com.br\/noticias\/wp-json\/wp\/v2\/media\/6845"}],"wp:attachment":[{"href":"https:\/\/motorista.com.br\/noticias\/wp-json\/wp\/v2\/media?parent=7694"}],"wp:term":[{"taxonomy":"category","embeddable":true,"href":"https:\/\/motorista.com.br\/noticias\/wp-json\/wp\/v2\/categories?post=7694"},{"taxonomy":"post_tag","embeddable":true,"href":"https:\/\/motorista.com.br\/noticias\/wp-json\/wp\/v2\/tags?post=7694"},{"taxonomy":"author","embeddable":true,"href":"https:\/\/motorista.com.br\/noticias\/wp-json\/wp\/v2\/coauthors?post=7694"}],"curies":[{"name":"wp","href":"https:\/\/api.w.org\/{rel}","templated":true}]}}