{"id":7661,"date":"2026-03-11T17:19:29","date_gmt":"2026-03-11T20:19:29","guid":{"rendered":"https:\/\/motorista.com.br\/noticias\/2026\/03\/11\/iata-aponta-digitalizacao-e-seguranca-como-prioridades-da-carga-aerea\/"},"modified":"2026-03-11T17:19:29","modified_gmt":"2026-03-11T20:19:29","slug":"iata-aponta-digitalizacao-e-seguranca-como-prioridades-da-carga-aerea","status":"publish","type":"post","link":"https:\/\/motorista.com.br\/noticias\/2026\/03\/11\/iata-aponta-digitalizacao-e-seguranca-como-prioridades-da-carga-aerea\/","title":{"rendered":"IATA aponta digitaliza\u00e7\u00e3o e seguran\u00e7a como prioridades da carga a\u00e9rea."},"content":{"rendered":"<p><\/p>\n<p><strong>Prioridades para a Carga A\u00e9rea Global: Digitaliza\u00e7\u00e3o, Padr\u00f5es Internacionais e Seguran\u00e7a Operacional<\/strong><\/p>\n<p>A <strong>Associa\u00e7\u00e3o do Transporte A\u00e9reo Internacional (IATA)<\/strong> destacou tr\u00eas prioridades estrat\u00e9gicas fundamentais para o futuro da <strong>carga a\u00e9rea<\/strong> global: acelerar a <strong>digitaliza\u00e7\u00e3o<\/strong>, fortalecer <strong>padr\u00f5es globais<\/strong> e aprimorar a <strong>seguran\u00e7a operacional<\/strong> ao longo das cadeias log\u00edsticas. Essas prioridades foram discutidas durante a abertura do Simp\u00f3sio Mundial de Cargas, realizado em Lima, no Peru.<\/p>\n<p>Brendan Sullivan, diretor Global de Cargas da IATA, enfatizou a import\u00e2ncia do transporte a\u00e9reo de mercadorias na economia mundial, pois conecta empresas a mercados internacionais e sustenta o funcionamento das cadeias de suprimentos. No entanto, o setor enfrenta um ambiente operacional complexo, impactado por eventos externos que podem comprometer a efici\u00eancia log\u00edstica.<\/p>\n<p>&quot;Com tantos eventos externos afetando as cadeias globais de suprimento, \u00e9 crucial construirmos resili\u00eancia nas \u00e1reas que podemos controlar. Fortalecer a digitaliza\u00e7\u00e3o, os padr\u00f5es globais e a seguran\u00e7a das cadeias log\u00edsticas posicionar\u00e1 o transporte a\u00e9reo de carga para apoiar o crescimento econ\u00f4mico de maneira mais eficaz&quot;, afirmou Sullivan.<\/p>\n<h3>Digitaliza\u00e7\u00e3o da Carga A\u00e9rea<\/h3>\n<p>A digitaliza\u00e7\u00e3o da carga a\u00e9rea \u00e9 vista como um desafio significativo. Atualmente, os dados do transporte de cargas est\u00e3o dispersos em sistemas fragmentados ao longo da cadeia log\u00edstica, levando a duplica\u00e7\u00f5es, atrasos operacionais e riscos de conformidade regulat\u00f3ria. Isso se torna ainda mais complexo no com\u00e9rcio eletr\u00f4nico, onde a sincroniza\u00e7\u00e3o dos dados entre diferentes sistemas \u00e9 essencial.<\/p>\n<p>O <strong>ONE Record<\/strong> \u00e9 apresentado como uma solu\u00e7\u00e3o, representando uma mudan\u00e7a estrutural na forma de compartilhar e gerenciar dados. Desde j\u00e1, ele se tornou o padr\u00e3o global preferencial para a troca de informa\u00e7\u00f5es no setor. A IATA acredita que a ado\u00e7\u00e3o mais ampla deste padr\u00e3o pode ser impulsionada pelo envolvimento de mais empresas e governos, promovendo maior efici\u00eancia e seguran\u00e7a.<\/p>\n<h3>Fortalecimento de Padr\u00f5es Globais<\/h3>\n<p>Outro ponto importante \u00e9 o fortalecimento de padr\u00f5es globais, que busca garantir uma log\u00edstica mais eficiente. A IATA foca em duas \u00e1reas cr\u00edticas: o transporte de <strong>mercadorias perigosas<\/strong> e a gest\u00e3o de <strong>slots aeroportu\u00e1rios<\/strong>. A complexidade regulat\u00f3ria no transporte de mercadorias perigosas, com mais de 1.200 varia\u00e7\u00f5es nacionais, revela a necessidade de normas unificadas que garantam seguran\u00e7a.<\/p>\n<p>J\u00e1 a aloca\u00e7\u00e3o de slots aeroportu\u00e1rios \u00e9 crucial para opera\u00e7\u00f5es eficientes. A falta de acesso equitativo \u00e0 infraestrutura pode limitar a flexibilidade operacional e dificultar o planejamento em um cen\u00e1rio global em constante mudan\u00e7a.<\/p>\n<h3>Seguran\u00e7a Operacional<\/h3>\n<p>A seguran\u00e7a operacional continua a ser uma prioridade essencial. \u00c9 preciso garantir que as regulamenta\u00e7\u00f5es e processos de prote\u00e7\u00e3o se adequem \u00e0s r\u00e1pidas mudan\u00e7as nas cadeias log\u00edsticas. A IATA sugere atualiza\u00e7\u00f5es nas regulamenta\u00e7\u00f5es para lidar com riscos emergentes, como o transporte de mercadorias perigosas n\u00e3o declaradas.<\/p>\n<p>A moderniza\u00e7\u00e3o das estrat\u00e9gias de seguran\u00e7a e o fortalecimento da colabora\u00e7\u00e3o entre governos e a ind\u00fastria s\u00e3o cruciais para que o com\u00e9rcio global continue a operar de forma segura e confi\u00e1vel.<\/p>\n<h3>Impactos para Motoristas e Mobilidade Geral<\/h3>\n<p>A implementa\u00e7\u00e3o dessas prioridades tem um impacto direto n\u00e3o apenas sobre a carga a\u00e9rea, mas tamb\u00e9m sobre a mobilidade geral e a opera\u00e7\u00e3o dos motoristas. Com a digitaliza\u00e7\u00e3o e padroniza\u00e7\u00e3o das informa\u00e7\u00f5es, espera-se uma redu\u00e7\u00e3o nos atrasos e um aumento na efici\u00eancia das opera\u00e7\u00f5es log\u00edsticas. Isso se reflete em menos congestionamentos e um fluxo mais suave nas rotas de entrega, beneficiando motoristas que atuam no transporte de cargas.<\/p>\n<p>Al\u00e9m disso, a seguran\u00e7a aprimorada das cadeias log\u00edsticas garante que as mercadorias sejam transportadas de maneira mais segura, reduzindo os riscos de acidentes e interrup\u00e7\u00f5es nas rotas de entrega. A maior transpar\u00eancia e uniformidade nas regulamenta\u00e7\u00f5es podem levar a um ambiente operacional mais previs\u00edvel, permitindo que os motoristas se planejem melhor e fa\u00e7am ajustes em suas rotas com base em informa\u00e7\u00f5es mais confi\u00e1veis.<\/p>\n<p>Em resumo, a iniciativa da IATA de digitalizar, padronizar e garantir a seguran\u00e7a nas opera\u00e7\u00f5es de carga a\u00e9rea oferece n\u00e3o apenas vantagens diretas para o setor, mas tamb\u00e9m contribui para um ecossistema de transporte mais eficaz e seguro, beneficiando a mobilidade geral e, consequentemente, os motoristas.<\/p>\n<p><strong>Fonte: logweb<\/strong><\/p>\n","protected":false},"excerpt":{"rendered":"<p>Prioridades para a Carga A\u00e9rea Global: Digitaliza\u00e7\u00e3o, Padr\u00f5es Internacionais e Seguran\u00e7a Operacional A Associa\u00e7\u00e3o do Transporte A\u00e9reo Internacional (IATA) destacou tr\u00eas prioridades estrat\u00e9gicas fundamentais para o futuro da carga a\u00e9rea global: acelerar a digitaliza\u00e7\u00e3o, fortalecer padr\u00f5es globais e aprimorar a seguran\u00e7a operacional ao longo das cadeias log\u00edsticas. Essas prioridades foram discutidas durante a abertura do &hellip;<\/p>\n","protected":false},"author":4,"featured_media":7662,"comment_status":"","ping_status":"open","sticky":false,"template":"","format":"standard","meta":{"footnotes":""},"categories":[62],"tags":[],"coauthors":[42],"class_list":["post-7661","post","type-post","status-publish","format-standard","has-post-thumbnail","hentry","category-logistica"],"yoast_head":"<!-- This site is optimized with the Yoast SEO Premium plugin v25.5 (Yoast SEO v27.5) - https:\/\/yoast.com\/product\/yoast-seo-premium-wordpress\/ -->\n<title>IATA aponta digitaliza\u00e7\u00e3o e seguran\u00e7a como prioridades da carga a\u00e9rea. - Motorista.com.br<\/title>\n<meta name=\"robots\" content=\"index, follow, max-snippet:-1, max-image-preview:large, max-video-preview:-1\" \/>\n<link rel=\"canonical\" href=\"https:\/\/motorista.com.br\/noticias\/2026\/03\/11\/iata-aponta-digitalizacao-e-seguranca-como-prioridades-da-carga-aerea\/\" \/>\n<meta property=\"og:locale\" content=\"pt_BR\" \/>\n<meta property=\"og:type\" content=\"article\" \/>\n<meta property=\"og:title\" content=\"IATA aponta digitaliza\u00e7\u00e3o e seguran\u00e7a como prioridades da carga a\u00e9rea.\" \/>\n<meta property=\"og:description\" content=\"Prioridades para a Carga A\u00e9rea Global: Digitaliza\u00e7\u00e3o, Padr\u00f5es Internacionais e Seguran\u00e7a Operacional A Associa\u00e7\u00e3o do Transporte A\u00e9reo Internacional (IATA) destacou tr\u00eas prioridades estrat\u00e9gicas fundamentais para o futuro da carga a\u00e9rea global: acelerar a digitaliza\u00e7\u00e3o, fortalecer padr\u00f5es globais e aprimorar a seguran\u00e7a operacional ao longo das cadeias log\u00edsticas. Essas prioridades foram discutidas durante a abertura do &hellip;\" \/>\n<meta property=\"og:url\" content=\"https:\/\/motorista.com.br\/noticias\/2026\/03\/11\/iata-aponta-digitalizacao-e-seguranca-como-prioridades-da-carga-aerea\/\" \/>\n<meta property=\"og:site_name\" content=\"Motorista.com.br\" \/>\n<meta property=\"article:published_time\" content=\"2026-03-11T20:19:29+00:00\" \/>\n<meta name=\"author\" content=\"Equipe Reda\u00e7\u00e3o\" \/>\n<meta name=\"twitter:card\" content=\"summary_large_image\" \/>\n<meta name=\"twitter:label1\" content=\"Escrito por\" \/>\n\t<meta name=\"twitter:data1\" content=\"Equipe Reda\u00e7\u00e3o\" \/>\n\t<meta name=\"twitter:label2\" content=\"Est. tempo de leitura\" \/>\n\t<meta name=\"twitter:data2\" content=\"4 minutos\" \/>\n\t<meta name=\"twitter:label3\" content=\"Written by\" \/>\n\t<meta name=\"twitter:data3\" content=\"Equipe Reda\u00e7\u00e3o\" \/>\n<script type=\"application\/ld+json\" class=\"yoast-schema-graph\">{\"@context\":\"https:\\\/\\\/schema.org\",\"@graph\":[{\"@type\":\"Article\",\"@id\":\"https:\\\/\\\/motorista.com.br\\\/noticias\\\/2026\\\/03\\\/11\\\/iata-aponta-digitalizacao-e-seguranca-como-prioridades-da-carga-aerea\\\/#article\",\"isPartOf\":{\"@id\":\"https:\\\/\\\/motorista.com.br\\\/noticias\\\/2026\\\/03\\\/11\\\/iata-aponta-digitalizacao-e-seguranca-como-prioridades-da-carga-aerea\\\/\"},\"author\":{\"name\":\"Equipe Reda\u00e7\u00e3o\",\"@id\":\"https:\\\/\\\/motorista.com.br\\\/noticias\\\/#\\\/schema\\\/person\\\/dc93afc2981c0e3ce6bc3c053fd847be\"},\"headline\":\"IATA aponta digitaliza\u00e7\u00e3o e seguran\u00e7a como prioridades da carga a\u00e9rea.\",\"datePublished\":\"2026-03-11T20:19:29+00:00\",\"mainEntityOfPage\":{\"@id\":\"https:\\\/\\\/motorista.com.br\\\/noticias\\\/2026\\\/03\\\/11\\\/iata-aponta-digitalizacao-e-seguranca-como-prioridades-da-carga-aerea\\\/\"},\"wordCount\":753,\"publisher\":{\"@id\":\"https:\\\/\\\/motorista.com.br\\\/noticias\\\/#organization\"},\"image\":{\"@id\":\"https:\\\/\\\/motorista.com.br\\\/noticias\\\/2026\\\/03\\\/11\\\/iata-aponta-digitalizacao-e-seguranca-como-prioridades-da-carga-aerea\\\/#primaryimage\"},\"thumbnailUrl\":\"https:\\\/\\\/motorista.com.br\\\/noticias\\\/wp-content\\\/uploads\\\/2026\\\/03\\\/IATA.jpg\",\"articleSection\":[\"Log\u00edstica\"],\"inLanguage\":\"pt-BR\"},{\"@type\":\"WebPage\",\"@id\":\"https:\\\/\\\/motorista.com.br\\\/noticias\\\/2026\\\/03\\\/11\\\/iata-aponta-digitalizacao-e-seguranca-como-prioridades-da-carga-aerea\\\/\",\"url\":\"https:\\\/\\\/motorista.com.br\\\/noticias\\\/2026\\\/03\\\/11\\\/iata-aponta-digitalizacao-e-seguranca-como-prioridades-da-carga-aerea\\\/\",\"name\":\"IATA aponta digitaliza\u00e7\u00e3o e seguran\u00e7a como prioridades da carga a\u00e9rea. - Motorista.com.br\",\"isPartOf\":{\"@id\":\"https:\\\/\\\/motorista.com.br\\\/noticias\\\/#website\"},\"primaryImageOfPage\":{\"@id\":\"https:\\\/\\\/motorista.com.br\\\/noticias\\\/2026\\\/03\\\/11\\\/iata-aponta-digitalizacao-e-seguranca-como-prioridades-da-carga-aerea\\\/#primaryimage\"},\"image\":{\"@id\":\"https:\\\/\\\/motorista.com.br\\\/noticias\\\/2026\\\/03\\\/11\\\/iata-aponta-digitalizacao-e-seguranca-como-prioridades-da-carga-aerea\\\/#primaryimage\"},\"thumbnailUrl\":\"https:\\\/\\\/motorista.com.br\\\/noticias\\\/wp-content\\\/uploads\\\/2026\\\/03\\\/IATA.jpg\",\"datePublished\":\"2026-03-11T20:19:29+00:00\",\"breadcrumb\":{\"@id\":\"https:\\\/\\\/motorista.com.br\\\/noticias\\\/2026\\\/03\\\/11\\\/iata-aponta-digitalizacao-e-seguranca-como-prioridades-da-carga-aerea\\\/#breadcrumb\"},\"inLanguage\":\"pt-BR\",\"potentialAction\":[{\"@type\":\"ReadAction\",\"target\":[\"https:\\\/\\\/motorista.com.br\\\/noticias\\\/2026\\\/03\\\/11\\\/iata-aponta-digitalizacao-e-seguranca-como-prioridades-da-carga-aerea\\\/\"]}]},{\"@type\":\"ImageObject\",\"inLanguage\":\"pt-BR\",\"@id\":\"https:\\\/\\\/motorista.com.br\\\/noticias\\\/2026\\\/03\\\/11\\\/iata-aponta-digitalizacao-e-seguranca-como-prioridades-da-carga-aerea\\\/#primaryimage\",\"url\":\"https:\\\/\\\/motorista.com.br\\\/noticias\\\/wp-content\\\/uploads\\\/2026\\\/03\\\/IATA.jpg\",\"contentUrl\":\"https:\\\/\\\/motorista.com.br\\\/noticias\\\/wp-content\\\/uploads\\\/2026\\\/03\\\/IATA.jpg\",\"width\":800,\"height\":420},{\"@type\":\"BreadcrumbList\",\"@id\":\"https:\\\/\\\/motorista.com.br\\\/noticias\\\/2026\\\/03\\\/11\\\/iata-aponta-digitalizacao-e-seguranca-como-prioridades-da-carga-aerea\\\/#breadcrumb\",\"itemListElement\":[{\"@type\":\"ListItem\",\"position\":1,\"name\":\"In\u00edcio\",\"item\":\"https:\\\/\\\/motorista.com.br\\\/noticias\\\/\"},{\"@type\":\"ListItem\",\"position\":2,\"name\":\"IATA aponta digitaliza\u00e7\u00e3o e seguran\u00e7a como prioridades da carga a\u00e9rea.\"}]},{\"@type\":\"WebSite\",\"@id\":\"https:\\\/\\\/motorista.com.br\\\/noticias\\\/#website\",\"url\":\"https:\\\/\\\/motorista.com.br\\\/noticias\\\/\",\"name\":\"Motorista.com.br\",\"description\":\"Not\u00edcia do Motorista\",\"publisher\":{\"@id\":\"https:\\\/\\\/motorista.com.br\\\/noticias\\\/#organization\"},\"potentialAction\":[{\"@type\":\"SearchAction\",\"target\":{\"@type\":\"EntryPoint\",\"urlTemplate\":\"https:\\\/\\\/motorista.com.br\\\/noticias\\\/?s={search_term_string}\"},\"query-input\":{\"@type\":\"PropertyValueSpecification\",\"valueRequired\":true,\"valueName\":\"search_term_string\"}}],\"inLanguage\":\"pt-BR\"},{\"@type\":\"Organization\",\"@id\":\"https:\\\/\\\/motorista.com.br\\\/noticias\\\/#organization\",\"name\":\"Motorista.com.br\",\"url\":\"https:\\\/\\\/motorista.com.br\\\/noticias\\\/\",\"logo\":{\"@type\":\"ImageObject\",\"inLanguage\":\"pt-BR\",\"@id\":\"https:\\\/\\\/motorista.com.br\\\/noticias\\\/#\\\/schema\\\/logo\\\/image\\\/\",\"url\":\"https:\\\/\\\/motorista.com.br\\\/noticias\\\/wp-content\\\/uploads\\\/2025\\\/06\\\/Design-sem-nome-9.png\",\"contentUrl\":\"https:\\\/\\\/motorista.com.br\\\/noticias\\\/wp-content\\\/uploads\\\/2025\\\/06\\\/Design-sem-nome-9.png\",\"width\":150,\"height\":85,\"caption\":\"Motorista.com.br\"},\"image\":{\"@id\":\"https:\\\/\\\/motorista.com.br\\\/noticias\\\/#\\\/schema\\\/logo\\\/image\\\/\"}},{\"@type\":\"Person\",\"@id\":\"https:\\\/\\\/motorista.com.br\\\/noticias\\\/#\\\/schema\\\/person\\\/dc93afc2981c0e3ce6bc3c053fd847be\",\"name\":\"Equipe Reda\u00e7\u00e3o\",\"image\":{\"@type\":\"ImageObject\",\"inLanguage\":\"pt-BR\",\"@id\":\"https:\\\/\\\/secure.gravatar.com\\\/avatar\\\/4f525efbf18dd2bb300ccad28bfb99d95a9465a5ba268407c8c37b37e1f28d2d?s=96&d=mm&r=g9e099043a0c61e9ae27e293b9fa75ffc\",\"url\":\"https:\\\/\\\/secure.gravatar.com\\\/avatar\\\/4f525efbf18dd2bb300ccad28bfb99d95a9465a5ba268407c8c37b37e1f28d2d?s=96&d=mm&r=g\",\"contentUrl\":\"https:\\\/\\\/secure.gravatar.com\\\/avatar\\\/4f525efbf18dd2bb300ccad28bfb99d95a9465a5ba268407c8c37b37e1f28d2d?s=96&d=mm&r=g\",\"caption\":\"Equipe Reda\u00e7\u00e3o\"},\"description\":\"Equipe de reda\u00e7\u00e3o \u00e9 um grupo de profissionais que trabalham juntos para criar conte\u00fado escrito para Motorista.com.br\",\"url\":\"https:\\\/\\\/motorista.com.br\\\/noticias\\\/author\\\/equiperedacao\\\/\"}]}<\/script>\n<!-- \/ Yoast SEO Premium plugin. -->","yoast_head_json":{"title":"IATA aponta digitaliza\u00e7\u00e3o e seguran\u00e7a como prioridades da carga a\u00e9rea. - Motorista.com.br","robots":{"index":"index","follow":"follow","max-snippet":"max-snippet:-1","max-image-preview":"max-image-preview:large","max-video-preview":"max-video-preview:-1"},"canonical":"https:\/\/motorista.com.br\/noticias\/2026\/03\/11\/iata-aponta-digitalizacao-e-seguranca-como-prioridades-da-carga-aerea\/","og_locale":"pt_BR","og_type":"article","og_title":"IATA aponta digitaliza\u00e7\u00e3o e seguran\u00e7a como prioridades da carga a\u00e9rea.","og_description":"Prioridades para a Carga A\u00e9rea Global: Digitaliza\u00e7\u00e3o, Padr\u00f5es Internacionais e Seguran\u00e7a Operacional A Associa\u00e7\u00e3o do Transporte A\u00e9reo Internacional (IATA) destacou tr\u00eas prioridades estrat\u00e9gicas fundamentais para o futuro da carga a\u00e9rea global: acelerar a digitaliza\u00e7\u00e3o, fortalecer padr\u00f5es globais e aprimorar a seguran\u00e7a operacional ao longo das cadeias log\u00edsticas. Essas prioridades foram discutidas durante a abertura do &hellip;","og_url":"https:\/\/motorista.com.br\/noticias\/2026\/03\/11\/iata-aponta-digitalizacao-e-seguranca-como-prioridades-da-carga-aerea\/","og_site_name":"Motorista.com.br","article_published_time":"2026-03-11T20:19:29+00:00","author":"Equipe Reda\u00e7\u00e3o","twitter_card":"summary_large_image","twitter_misc":{"Escrito por":"Equipe Reda\u00e7\u00e3o","Est. tempo de leitura":"4 minutos","Written by":"Equipe Reda\u00e7\u00e3o"},"schema":{"@context":"https:\/\/schema.org","@graph":[{"@type":"Article","@id":"https:\/\/motorista.com.br\/noticias\/2026\/03\/11\/iata-aponta-digitalizacao-e-seguranca-como-prioridades-da-carga-aerea\/#article","isPartOf":{"@id":"https:\/\/motorista.com.br\/noticias\/2026\/03\/11\/iata-aponta-digitalizacao-e-seguranca-como-prioridades-da-carga-aerea\/"},"author":{"name":"Equipe Reda\u00e7\u00e3o","@id":"https:\/\/motorista.com.br\/noticias\/#\/schema\/person\/dc93afc2981c0e3ce6bc3c053fd847be"},"headline":"IATA aponta digitaliza\u00e7\u00e3o e seguran\u00e7a como prioridades da carga a\u00e9rea.","datePublished":"2026-03-11T20:19:29+00:00","mainEntityOfPage":{"@id":"https:\/\/motorista.com.br\/noticias\/2026\/03\/11\/iata-aponta-digitalizacao-e-seguranca-como-prioridades-da-carga-aerea\/"},"wordCount":753,"publisher":{"@id":"https:\/\/motorista.com.br\/noticias\/#organization"},"image":{"@id":"https:\/\/motorista.com.br\/noticias\/2026\/03\/11\/iata-aponta-digitalizacao-e-seguranca-como-prioridades-da-carga-aerea\/#primaryimage"},"thumbnailUrl":"https:\/\/motorista.com.br\/noticias\/wp-content\/uploads\/2026\/03\/IATA.jpg","articleSection":["Log\u00edstica"],"inLanguage":"pt-BR"},{"@type":"WebPage","@id":"https:\/\/motorista.com.br\/noticias\/2026\/03\/11\/iata-aponta-digitalizacao-e-seguranca-como-prioridades-da-carga-aerea\/","url":"https:\/\/motorista.com.br\/noticias\/2026\/03\/11\/iata-aponta-digitalizacao-e-seguranca-como-prioridades-da-carga-aerea\/","name":"IATA aponta digitaliza\u00e7\u00e3o e seguran\u00e7a como prioridades da carga a\u00e9rea. - Motorista.com.br","isPartOf":{"@id":"https:\/\/motorista.com.br\/noticias\/#website"},"primaryImageOfPage":{"@id":"https:\/\/motorista.com.br\/noticias\/2026\/03\/11\/iata-aponta-digitalizacao-e-seguranca-como-prioridades-da-carga-aerea\/#primaryimage"},"image":{"@id":"https:\/\/motorista.com.br\/noticias\/2026\/03\/11\/iata-aponta-digitalizacao-e-seguranca-como-prioridades-da-carga-aerea\/#primaryimage"},"thumbnailUrl":"https:\/\/motorista.com.br\/noticias\/wp-content\/uploads\/2026\/03\/IATA.jpg","datePublished":"2026-03-11T20:19:29+00:00","breadcrumb":{"@id":"https:\/\/motorista.com.br\/noticias\/2026\/03\/11\/iata-aponta-digitalizacao-e-seguranca-como-prioridades-da-carga-aerea\/#breadcrumb"},"inLanguage":"pt-BR","potentialAction":[{"@type":"ReadAction","target":["https:\/\/motorista.com.br\/noticias\/2026\/03\/11\/iata-aponta-digitalizacao-e-seguranca-como-prioridades-da-carga-aerea\/"]}]},{"@type":"ImageObject","inLanguage":"pt-BR","@id":"https:\/\/motorista.com.br\/noticias\/2026\/03\/11\/iata-aponta-digitalizacao-e-seguranca-como-prioridades-da-carga-aerea\/#primaryimage","url":"https:\/\/motorista.com.br\/noticias\/wp-content\/uploads\/2026\/03\/IATA.jpg","contentUrl":"https:\/\/motorista.com.br\/noticias\/wp-content\/uploads\/2026\/03\/IATA.jpg","width":800,"height":420},{"@type":"BreadcrumbList","@id":"https:\/\/motorista.com.br\/noticias\/2026\/03\/11\/iata-aponta-digitalizacao-e-seguranca-como-prioridades-da-carga-aerea\/#breadcrumb","itemListElement":[{"@type":"ListItem","position":1,"name":"In\u00edcio","item":"https:\/\/motorista.com.br\/noticias\/"},{"@type":"ListItem","position":2,"name":"IATA aponta digitaliza\u00e7\u00e3o e seguran\u00e7a como prioridades da carga a\u00e9rea."}]},{"@type":"WebSite","@id":"https:\/\/motorista.com.br\/noticias\/#website","url":"https:\/\/motorista.com.br\/noticias\/","name":"Motorista.com.br","description":"Not\u00edcia do Motorista","publisher":{"@id":"https:\/\/motorista.com.br\/noticias\/#organization"},"potentialAction":[{"@type":"SearchAction","target":{"@type":"EntryPoint","urlTemplate":"https:\/\/motorista.com.br\/noticias\/?s={search_term_string}"},"query-input":{"@type":"PropertyValueSpecification","valueRequired":true,"valueName":"search_term_string"}}],"inLanguage":"pt-BR"},{"@type":"Organization","@id":"https:\/\/motorista.com.br\/noticias\/#organization","name":"Motorista.com.br","url":"https:\/\/motorista.com.br\/noticias\/","logo":{"@type":"ImageObject","inLanguage":"pt-BR","@id":"https:\/\/motorista.com.br\/noticias\/#\/schema\/logo\/image\/","url":"https:\/\/motorista.com.br\/noticias\/wp-content\/uploads\/2025\/06\/Design-sem-nome-9.png","contentUrl":"https:\/\/motorista.com.br\/noticias\/wp-content\/uploads\/2025\/06\/Design-sem-nome-9.png","width":150,"height":85,"caption":"Motorista.com.br"},"image":{"@id":"https:\/\/motorista.com.br\/noticias\/#\/schema\/logo\/image\/"}},{"@type":"Person","@id":"https:\/\/motorista.com.br\/noticias\/#\/schema\/person\/dc93afc2981c0e3ce6bc3c053fd847be","name":"Equipe Reda\u00e7\u00e3o","image":{"@type":"ImageObject","inLanguage":"pt-BR","@id":"https:\/\/secure.gravatar.com\/avatar\/4f525efbf18dd2bb300ccad28bfb99d95a9465a5ba268407c8c37b37e1f28d2d?s=96&d=mm&r=g9e099043a0c61e9ae27e293b9fa75ffc","url":"https:\/\/secure.gravatar.com\/avatar\/4f525efbf18dd2bb300ccad28bfb99d95a9465a5ba268407c8c37b37e1f28d2d?s=96&d=mm&r=g","contentUrl":"https:\/\/secure.gravatar.com\/avatar\/4f525efbf18dd2bb300ccad28bfb99d95a9465a5ba268407c8c37b37e1f28d2d?s=96&d=mm&r=g","caption":"Equipe Reda\u00e7\u00e3o"},"description":"Equipe de reda\u00e7\u00e3o \u00e9 um grupo de profissionais que trabalham juntos para criar conte\u00fado escrito para Motorista.com.br","url":"https:\/\/motorista.com.br\/noticias\/author\/equiperedacao\/"}]}},"_links":{"self":[{"href":"https:\/\/motorista.com.br\/noticias\/wp-json\/wp\/v2\/posts\/7661","targetHints":{"allow":["GET"]}}],"collection":[{"href":"https:\/\/motorista.com.br\/noticias\/wp-json\/wp\/v2\/posts"}],"about":[{"href":"https:\/\/motorista.com.br\/noticias\/wp-json\/wp\/v2\/types\/post"}],"author":[{"embeddable":true,"href":"https:\/\/motorista.com.br\/noticias\/wp-json\/wp\/v2\/users\/4"}],"replies":[{"embeddable":true,"href":"https:\/\/motorista.com.br\/noticias\/wp-json\/wp\/v2\/comments?post=7661"}],"version-history":[{"count":0,"href":"https:\/\/motorista.com.br\/noticias\/wp-json\/wp\/v2\/posts\/7661\/revisions"}],"wp:featuredmedia":[{"embeddable":true,"href":"https:\/\/motorista.com.br\/noticias\/wp-json\/wp\/v2\/media\/7662"}],"wp:attachment":[{"href":"https:\/\/motorista.com.br\/noticias\/wp-json\/wp\/v2\/media?parent=7661"}],"wp:term":[{"taxonomy":"category","embeddable":true,"href":"https:\/\/motorista.com.br\/noticias\/wp-json\/wp\/v2\/categories?post=7661"},{"taxonomy":"post_tag","embeddable":true,"href":"https:\/\/motorista.com.br\/noticias\/wp-json\/wp\/v2\/tags?post=7661"},{"taxonomy":"author","embeddable":true,"href":"https:\/\/motorista.com.br\/noticias\/wp-json\/wp\/v2\/coauthors?post=7661"}],"curies":[{"name":"wp","href":"https:\/\/api.w.org\/{rel}","templated":true}]}}