{"id":7659,"date":"2026-03-11T16:56:33","date_gmt":"2026-03-11T19:56:33","guid":{"rendered":"https:\/\/motorista.com.br\/noticias\/2026\/03\/11\/producao-de-caminhoes-reduz-27-nos-primeiros-meses-do-ano\/"},"modified":"2026-03-11T16:56:33","modified_gmt":"2026-03-11T19:56:33","slug":"producao-de-caminhoes-reduz-27-nos-primeiros-meses-do-ano","status":"publish","type":"post","link":"https:\/\/motorista.com.br\/noticias\/2026\/03\/11\/producao-de-caminhoes-reduz-27-nos-primeiros-meses-do-ano\/","title":{"rendered":"Produ\u00e7\u00e3o de caminh\u00f5es reduz 27% nos primeiros meses do ano"},"content":{"rendered":"<p><\/p>\n<p>A produ\u00e7\u00e3o de caminh\u00f5es no Brasil enfrenta um desafio significativo, registrando uma queda de 27% nos primeiros dois meses deste ano em compara\u00e7\u00e3o ao mesmo per\u00edodo do ano passado, conforme publicado pela Associa\u00e7\u00e3o Nacional dos Fabricantes de Ve\u00edculos Automotores (Anfavea). No entanto, \u00e9 importante analisar as implica\u00e7\u00f5es dessa redu\u00e7\u00e3o n\u00e3o apenas para a ind\u00fastria, mas tamb\u00e9m para os motoristas e a mobilidade geral no pa\u00eds.<\/p>\n<p>Apesar da queda alarmante, observou-se um aumento mensal na produ\u00e7\u00e3o, com 7.797 unidades fabricadas em fevereiro, um crescimento de 14,5% em rela\u00e7\u00e3o a janeiro. Contudo, a compara\u00e7\u00e3o com fevereiro de 2025 revela uma diminui\u00e7\u00e3o de 34,9%, destacando um cen\u00e1rio desafiador para o mercado.<\/p>\n<p>Essa diminui\u00e7\u00e3o na produ\u00e7\u00e3o pode ser vista sob v\u00e1rias perspectivas. Para os motoristas, principalmente os aut\u00f4nomos ou pequenos transportadores, a redu\u00e7\u00e3o na fabrica\u00e7\u00e3o de caminh\u00f5es pode significar um desafio no acesso a ve\u00edculos novos, afetando a competitividade e, potencialmente, os custos operacionais. Uma frota mais antiga \u00e9, em geral, menos eficiente e pode resultar em maior consumo de combust\u00edvel, o que impacta diretamente a rentabilidade.<\/p>\n<p>Por outro lado, a Anfavea espera uma recupera\u00e7\u00e3o do mercado impulsionada pelo programa Move Brasil, que incentiva a renova\u00e7\u00e3o da frota com taxas de financiamento reduzidas. Essa iniciativa \u00e9 fundamental, pois pode permitir que motoristas adquiram caminh\u00f5es mais modernos e eficientes, melhorando o desempenho e reduzindo os custos a longo prazo. A moderniza\u00e7\u00e3o da frota, al\u00e9m de beneficiar os motoristas individualmente, contribui para uma mobilidade mais sustent\u00e1vel e eficiente, uma vez que caminh\u00f5es novos geralmente emitem menos poluentes e s\u00e3o mais econ\u00f4micos em termos de consumo de combust\u00edvel.<\/p>\n<p>Em resumo, a queda de 27% na produ\u00e7\u00e3o de caminh\u00f5es \u00e9 um sinal de alerta que sinaliza dificuldades, mas tamb\u00e9m a possibilidade de inova\u00e7\u00e3o e renova\u00e7\u00e3o. Com pol\u00edticas adequadas e incentivo ao setor, tanto motoristas quanto a mobilidade geral do Brasil podem se beneficiar de uma frota mais moderna, reduzindo custos e melhorando o impacto ambiental do transporte de cargas.<\/p>\n<p><strong>Fonte<\/strong>: blogdocaminhoneiro<\/p>\n","protected":false},"excerpt":{"rendered":"<p>A produ\u00e7\u00e3o de caminh\u00f5es no Brasil enfrenta um desafio significativo, registrando uma queda de 27% nos primeiros dois meses deste ano em compara\u00e7\u00e3o ao mesmo per\u00edodo do ano passado, conforme publicado pela Associa\u00e7\u00e3o Nacional dos Fabricantes de Ve\u00edculos Automotores (Anfavea). No entanto, \u00e9 importante analisar as implica\u00e7\u00f5es dessa redu\u00e7\u00e3o n\u00e3o apenas para a ind\u00fastria, mas &hellip;<\/p>\n","protected":false},"author":4,"featured_media":7660,"comment_status":"","ping_status":"open","sticky":false,"template":"","format":"standard","meta":{"footnotes":""},"categories":[78,77],"tags":[],"coauthors":[42],"class_list":["post-7659","post","type-post","status-publish","format-standard","has-post-thumbnail","hentry","category-carreteiro","category-motorista"],"yoast_head":"<!-- This site is optimized with the Yoast SEO Premium plugin v25.5 (Yoast SEO v27.5) - https:\/\/yoast.com\/product\/yoast-seo-premium-wordpress\/ -->\n<title>Produ\u00e7\u00e3o de caminh\u00f5es reduz 27% nos primeiros meses do ano - Motorista.com.br<\/title>\n<meta name=\"robots\" content=\"index, follow, max-snippet:-1, max-image-preview:large, max-video-preview:-1\" \/>\n<link rel=\"canonical\" href=\"https:\/\/motorista.com.br\/noticias\/2026\/03\/11\/producao-de-caminhoes-reduz-27-nos-primeiros-meses-do-ano\/\" \/>\n<meta property=\"og:locale\" content=\"pt_BR\" \/>\n<meta property=\"og:type\" content=\"article\" \/>\n<meta property=\"og:title\" content=\"Produ\u00e7\u00e3o de caminh\u00f5es reduz 27% nos primeiros meses do ano\" \/>\n<meta property=\"og:description\" content=\"A produ\u00e7\u00e3o de caminh\u00f5es no Brasil enfrenta um desafio significativo, registrando uma queda de 27% nos primeiros dois meses deste ano em compara\u00e7\u00e3o ao mesmo per\u00edodo do ano passado, conforme publicado pela Associa\u00e7\u00e3o Nacional dos Fabricantes de Ve\u00edculos Automotores (Anfavea). No entanto, \u00e9 importante analisar as implica\u00e7\u00f5es dessa redu\u00e7\u00e3o n\u00e3o apenas para a ind\u00fastria, mas &hellip;\" \/>\n<meta property=\"og:url\" content=\"https:\/\/motorista.com.br\/noticias\/2026\/03\/11\/producao-de-caminhoes-reduz-27-nos-primeiros-meses-do-ano\/\" \/>\n<meta property=\"og:site_name\" content=\"Motorista.com.br\" \/>\n<meta property=\"article:published_time\" content=\"2026-03-11T19:56:33+00:00\" \/>\n<meta name=\"author\" content=\"Equipe Reda\u00e7\u00e3o\" \/>\n<meta name=\"twitter:card\" content=\"summary_large_image\" \/>\n<meta name=\"twitter:label1\" content=\"Escrito por\" \/>\n\t<meta name=\"twitter:data1\" content=\"Equipe Reda\u00e7\u00e3o\" \/>\n\t<meta name=\"twitter:label2\" content=\"Est. tempo de leitura\" \/>\n\t<meta name=\"twitter:data2\" content=\"2 minutos\" \/>\n\t<meta name=\"twitter:label3\" content=\"Written by\" \/>\n\t<meta name=\"twitter:data3\" content=\"Equipe Reda\u00e7\u00e3o\" \/>\n<script type=\"application\/ld+json\" class=\"yoast-schema-graph\">{\"@context\":\"https:\\\/\\\/schema.org\",\"@graph\":[{\"@type\":\"Article\",\"@id\":\"https:\\\/\\\/motorista.com.br\\\/noticias\\\/2026\\\/03\\\/11\\\/producao-de-caminhoes-reduz-27-nos-primeiros-meses-do-ano\\\/#article\",\"isPartOf\":{\"@id\":\"https:\\\/\\\/motorista.com.br\\\/noticias\\\/2026\\\/03\\\/11\\\/producao-de-caminhoes-reduz-27-nos-primeiros-meses-do-ano\\\/\"},\"author\":{\"name\":\"Equipe Reda\u00e7\u00e3o\",\"@id\":\"https:\\\/\\\/motorista.com.br\\\/noticias\\\/#\\\/schema\\\/person\\\/dc93afc2981c0e3ce6bc3c053fd847be\"},\"headline\":\"Produ\u00e7\u00e3o de caminh\u00f5es reduz 27% nos primeiros meses do ano\",\"datePublished\":\"2026-03-11T19:56:33+00:00\",\"mainEntityOfPage\":{\"@id\":\"https:\\\/\\\/motorista.com.br\\\/noticias\\\/2026\\\/03\\\/11\\\/producao-de-caminhoes-reduz-27-nos-primeiros-meses-do-ano\\\/\"},\"wordCount\":366,\"publisher\":{\"@id\":\"https:\\\/\\\/motorista.com.br\\\/noticias\\\/#organization\"},\"image\":{\"@id\":\"https:\\\/\\\/motorista.com.br\\\/noticias\\\/2026\\\/03\\\/11\\\/producao-de-caminhoes-reduz-27-nos-primeiros-meses-do-ano\\\/#primaryimage\"},\"thumbnailUrl\":\"https:\\\/\\\/motorista.com.br\\\/noticias\\\/wp-content\\\/uploads\\\/2026\\\/03\\\/scania-linha-de-montagem.jpg\",\"articleSection\":[\"Carreteiro\",\"Motorista\"],\"inLanguage\":\"pt-BR\"},{\"@type\":\"WebPage\",\"@id\":\"https:\\\/\\\/motorista.com.br\\\/noticias\\\/2026\\\/03\\\/11\\\/producao-de-caminhoes-reduz-27-nos-primeiros-meses-do-ano\\\/\",\"url\":\"https:\\\/\\\/motorista.com.br\\\/noticias\\\/2026\\\/03\\\/11\\\/producao-de-caminhoes-reduz-27-nos-primeiros-meses-do-ano\\\/\",\"name\":\"Produ\u00e7\u00e3o de caminh\u00f5es reduz 27% nos primeiros meses do ano - Motorista.com.br\",\"isPartOf\":{\"@id\":\"https:\\\/\\\/motorista.com.br\\\/noticias\\\/#website\"},\"primaryImageOfPage\":{\"@id\":\"https:\\\/\\\/motorista.com.br\\\/noticias\\\/2026\\\/03\\\/11\\\/producao-de-caminhoes-reduz-27-nos-primeiros-meses-do-ano\\\/#primaryimage\"},\"image\":{\"@id\":\"https:\\\/\\\/motorista.com.br\\\/noticias\\\/2026\\\/03\\\/11\\\/producao-de-caminhoes-reduz-27-nos-primeiros-meses-do-ano\\\/#primaryimage\"},\"thumbnailUrl\":\"https:\\\/\\\/motorista.com.br\\\/noticias\\\/wp-content\\\/uploads\\\/2026\\\/03\\\/scania-linha-de-montagem.jpg\",\"datePublished\":\"2026-03-11T19:56:33+00:00\",\"breadcrumb\":{\"@id\":\"https:\\\/\\\/motorista.com.br\\\/noticias\\\/2026\\\/03\\\/11\\\/producao-de-caminhoes-reduz-27-nos-primeiros-meses-do-ano\\\/#breadcrumb\"},\"inLanguage\":\"pt-BR\",\"potentialAction\":[{\"@type\":\"ReadAction\",\"target\":[\"https:\\\/\\\/motorista.com.br\\\/noticias\\\/2026\\\/03\\\/11\\\/producao-de-caminhoes-reduz-27-nos-primeiros-meses-do-ano\\\/\"]}]},{\"@type\":\"ImageObject\",\"inLanguage\":\"pt-BR\",\"@id\":\"https:\\\/\\\/motorista.com.br\\\/noticias\\\/2026\\\/03\\\/11\\\/producao-de-caminhoes-reduz-27-nos-primeiros-meses-do-ano\\\/#primaryimage\",\"url\":\"https:\\\/\\\/motorista.com.br\\\/noticias\\\/wp-content\\\/uploads\\\/2026\\\/03\\\/scania-linha-de-montagem.jpg\",\"contentUrl\":\"https:\\\/\\\/motorista.com.br\\\/noticias\\\/wp-content\\\/uploads\\\/2026\\\/03\\\/scania-linha-de-montagem.jpg\",\"width\":1200,\"height\":800},{\"@type\":\"BreadcrumbList\",\"@id\":\"https:\\\/\\\/motorista.com.br\\\/noticias\\\/2026\\\/03\\\/11\\\/producao-de-caminhoes-reduz-27-nos-primeiros-meses-do-ano\\\/#breadcrumb\",\"itemListElement\":[{\"@type\":\"ListItem\",\"position\":1,\"name\":\"In\u00edcio\",\"item\":\"https:\\\/\\\/motorista.com.br\\\/noticias\\\/\"},{\"@type\":\"ListItem\",\"position\":2,\"name\":\"Produ\u00e7\u00e3o de caminh\u00f5es reduz 27% nos primeiros meses do ano\"}]},{\"@type\":\"WebSite\",\"@id\":\"https:\\\/\\\/motorista.com.br\\\/noticias\\\/#website\",\"url\":\"https:\\\/\\\/motorista.com.br\\\/noticias\\\/\",\"name\":\"Motorista.com.br\",\"description\":\"Not\u00edcia do Motorista\",\"publisher\":{\"@id\":\"https:\\\/\\\/motorista.com.br\\\/noticias\\\/#organization\"},\"potentialAction\":[{\"@type\":\"SearchAction\",\"target\":{\"@type\":\"EntryPoint\",\"urlTemplate\":\"https:\\\/\\\/motorista.com.br\\\/noticias\\\/?s={search_term_string}\"},\"query-input\":{\"@type\":\"PropertyValueSpecification\",\"valueRequired\":true,\"valueName\":\"search_term_string\"}}],\"inLanguage\":\"pt-BR\"},{\"@type\":\"Organization\",\"@id\":\"https:\\\/\\\/motorista.com.br\\\/noticias\\\/#organization\",\"name\":\"Motorista.com.br\",\"url\":\"https:\\\/\\\/motorista.com.br\\\/noticias\\\/\",\"logo\":{\"@type\":\"ImageObject\",\"inLanguage\":\"pt-BR\",\"@id\":\"https:\\\/\\\/motorista.com.br\\\/noticias\\\/#\\\/schema\\\/logo\\\/image\\\/\",\"url\":\"https:\\\/\\\/motorista.com.br\\\/noticias\\\/wp-content\\\/uploads\\\/2025\\\/06\\\/Design-sem-nome-9.png\",\"contentUrl\":\"https:\\\/\\\/motorista.com.br\\\/noticias\\\/wp-content\\\/uploads\\\/2025\\\/06\\\/Design-sem-nome-9.png\",\"width\":150,\"height\":85,\"caption\":\"Motorista.com.br\"},\"image\":{\"@id\":\"https:\\\/\\\/motorista.com.br\\\/noticias\\\/#\\\/schema\\\/logo\\\/image\\\/\"}},{\"@type\":\"Person\",\"@id\":\"https:\\\/\\\/motorista.com.br\\\/noticias\\\/#\\\/schema\\\/person\\\/dc93afc2981c0e3ce6bc3c053fd847be\",\"name\":\"Equipe Reda\u00e7\u00e3o\",\"image\":{\"@type\":\"ImageObject\",\"inLanguage\":\"pt-BR\",\"@id\":\"https:\\\/\\\/secure.gravatar.com\\\/avatar\\\/4f525efbf18dd2bb300ccad28bfb99d95a9465a5ba268407c8c37b37e1f28d2d?s=96&d=mm&r=g9e099043a0c61e9ae27e293b9fa75ffc\",\"url\":\"https:\\\/\\\/secure.gravatar.com\\\/avatar\\\/4f525efbf18dd2bb300ccad28bfb99d95a9465a5ba268407c8c37b37e1f28d2d?s=96&d=mm&r=g\",\"contentUrl\":\"https:\\\/\\\/secure.gravatar.com\\\/avatar\\\/4f525efbf18dd2bb300ccad28bfb99d95a9465a5ba268407c8c37b37e1f28d2d?s=96&d=mm&r=g\",\"caption\":\"Equipe Reda\u00e7\u00e3o\"},\"description\":\"Equipe de reda\u00e7\u00e3o \u00e9 um grupo de profissionais que trabalham juntos para criar conte\u00fado escrito para Motorista.com.br\",\"url\":\"https:\\\/\\\/motorista.com.br\\\/noticias\\\/author\\\/equiperedacao\\\/\"}]}<\/script>\n<!-- \/ Yoast SEO Premium plugin. -->","yoast_head_json":{"title":"Produ\u00e7\u00e3o de caminh\u00f5es reduz 27% nos primeiros meses do ano - Motorista.com.br","robots":{"index":"index","follow":"follow","max-snippet":"max-snippet:-1","max-image-preview":"max-image-preview:large","max-video-preview":"max-video-preview:-1"},"canonical":"https:\/\/motorista.com.br\/noticias\/2026\/03\/11\/producao-de-caminhoes-reduz-27-nos-primeiros-meses-do-ano\/","og_locale":"pt_BR","og_type":"article","og_title":"Produ\u00e7\u00e3o de caminh\u00f5es reduz 27% nos primeiros meses do ano","og_description":"A produ\u00e7\u00e3o de caminh\u00f5es no Brasil enfrenta um desafio significativo, registrando uma queda de 27% nos primeiros dois meses deste ano em compara\u00e7\u00e3o ao mesmo per\u00edodo do ano passado, conforme publicado pela Associa\u00e7\u00e3o Nacional dos Fabricantes de Ve\u00edculos Automotores (Anfavea). No entanto, \u00e9 importante analisar as implica\u00e7\u00f5es dessa redu\u00e7\u00e3o n\u00e3o apenas para a ind\u00fastria, mas &hellip;","og_url":"https:\/\/motorista.com.br\/noticias\/2026\/03\/11\/producao-de-caminhoes-reduz-27-nos-primeiros-meses-do-ano\/","og_site_name":"Motorista.com.br","article_published_time":"2026-03-11T19:56:33+00:00","author":"Equipe Reda\u00e7\u00e3o","twitter_card":"summary_large_image","twitter_misc":{"Escrito por":"Equipe Reda\u00e7\u00e3o","Est. tempo de leitura":"2 minutos","Written by":"Equipe Reda\u00e7\u00e3o"},"schema":{"@context":"https:\/\/schema.org","@graph":[{"@type":"Article","@id":"https:\/\/motorista.com.br\/noticias\/2026\/03\/11\/producao-de-caminhoes-reduz-27-nos-primeiros-meses-do-ano\/#article","isPartOf":{"@id":"https:\/\/motorista.com.br\/noticias\/2026\/03\/11\/producao-de-caminhoes-reduz-27-nos-primeiros-meses-do-ano\/"},"author":{"name":"Equipe Reda\u00e7\u00e3o","@id":"https:\/\/motorista.com.br\/noticias\/#\/schema\/person\/dc93afc2981c0e3ce6bc3c053fd847be"},"headline":"Produ\u00e7\u00e3o de caminh\u00f5es reduz 27% nos primeiros meses do ano","datePublished":"2026-03-11T19:56:33+00:00","mainEntityOfPage":{"@id":"https:\/\/motorista.com.br\/noticias\/2026\/03\/11\/producao-de-caminhoes-reduz-27-nos-primeiros-meses-do-ano\/"},"wordCount":366,"publisher":{"@id":"https:\/\/motorista.com.br\/noticias\/#organization"},"image":{"@id":"https:\/\/motorista.com.br\/noticias\/2026\/03\/11\/producao-de-caminhoes-reduz-27-nos-primeiros-meses-do-ano\/#primaryimage"},"thumbnailUrl":"https:\/\/motorista.com.br\/noticias\/wp-content\/uploads\/2026\/03\/scania-linha-de-montagem.jpg","articleSection":["Carreteiro","Motorista"],"inLanguage":"pt-BR"},{"@type":"WebPage","@id":"https:\/\/motorista.com.br\/noticias\/2026\/03\/11\/producao-de-caminhoes-reduz-27-nos-primeiros-meses-do-ano\/","url":"https:\/\/motorista.com.br\/noticias\/2026\/03\/11\/producao-de-caminhoes-reduz-27-nos-primeiros-meses-do-ano\/","name":"Produ\u00e7\u00e3o de caminh\u00f5es reduz 27% nos primeiros meses do ano - Motorista.com.br","isPartOf":{"@id":"https:\/\/motorista.com.br\/noticias\/#website"},"primaryImageOfPage":{"@id":"https:\/\/motorista.com.br\/noticias\/2026\/03\/11\/producao-de-caminhoes-reduz-27-nos-primeiros-meses-do-ano\/#primaryimage"},"image":{"@id":"https:\/\/motorista.com.br\/noticias\/2026\/03\/11\/producao-de-caminhoes-reduz-27-nos-primeiros-meses-do-ano\/#primaryimage"},"thumbnailUrl":"https:\/\/motorista.com.br\/noticias\/wp-content\/uploads\/2026\/03\/scania-linha-de-montagem.jpg","datePublished":"2026-03-11T19:56:33+00:00","breadcrumb":{"@id":"https:\/\/motorista.com.br\/noticias\/2026\/03\/11\/producao-de-caminhoes-reduz-27-nos-primeiros-meses-do-ano\/#breadcrumb"},"inLanguage":"pt-BR","potentialAction":[{"@type":"ReadAction","target":["https:\/\/motorista.com.br\/noticias\/2026\/03\/11\/producao-de-caminhoes-reduz-27-nos-primeiros-meses-do-ano\/"]}]},{"@type":"ImageObject","inLanguage":"pt-BR","@id":"https:\/\/motorista.com.br\/noticias\/2026\/03\/11\/producao-de-caminhoes-reduz-27-nos-primeiros-meses-do-ano\/#primaryimage","url":"https:\/\/motorista.com.br\/noticias\/wp-content\/uploads\/2026\/03\/scania-linha-de-montagem.jpg","contentUrl":"https:\/\/motorista.com.br\/noticias\/wp-content\/uploads\/2026\/03\/scania-linha-de-montagem.jpg","width":1200,"height":800},{"@type":"BreadcrumbList","@id":"https:\/\/motorista.com.br\/noticias\/2026\/03\/11\/producao-de-caminhoes-reduz-27-nos-primeiros-meses-do-ano\/#breadcrumb","itemListElement":[{"@type":"ListItem","position":1,"name":"In\u00edcio","item":"https:\/\/motorista.com.br\/noticias\/"},{"@type":"ListItem","position":2,"name":"Produ\u00e7\u00e3o de caminh\u00f5es reduz 27% nos primeiros meses do ano"}]},{"@type":"WebSite","@id":"https:\/\/motorista.com.br\/noticias\/#website","url":"https:\/\/motorista.com.br\/noticias\/","name":"Motorista.com.br","description":"Not\u00edcia do Motorista","publisher":{"@id":"https:\/\/motorista.com.br\/noticias\/#organization"},"potentialAction":[{"@type":"SearchAction","target":{"@type":"EntryPoint","urlTemplate":"https:\/\/motorista.com.br\/noticias\/?s={search_term_string}"},"query-input":{"@type":"PropertyValueSpecification","valueRequired":true,"valueName":"search_term_string"}}],"inLanguage":"pt-BR"},{"@type":"Organization","@id":"https:\/\/motorista.com.br\/noticias\/#organization","name":"Motorista.com.br","url":"https:\/\/motorista.com.br\/noticias\/","logo":{"@type":"ImageObject","inLanguage":"pt-BR","@id":"https:\/\/motorista.com.br\/noticias\/#\/schema\/logo\/image\/","url":"https:\/\/motorista.com.br\/noticias\/wp-content\/uploads\/2025\/06\/Design-sem-nome-9.png","contentUrl":"https:\/\/motorista.com.br\/noticias\/wp-content\/uploads\/2025\/06\/Design-sem-nome-9.png","width":150,"height":85,"caption":"Motorista.com.br"},"image":{"@id":"https:\/\/motorista.com.br\/noticias\/#\/schema\/logo\/image\/"}},{"@type":"Person","@id":"https:\/\/motorista.com.br\/noticias\/#\/schema\/person\/dc93afc2981c0e3ce6bc3c053fd847be","name":"Equipe Reda\u00e7\u00e3o","image":{"@type":"ImageObject","inLanguage":"pt-BR","@id":"https:\/\/secure.gravatar.com\/avatar\/4f525efbf18dd2bb300ccad28bfb99d95a9465a5ba268407c8c37b37e1f28d2d?s=96&d=mm&r=g9e099043a0c61e9ae27e293b9fa75ffc","url":"https:\/\/secure.gravatar.com\/avatar\/4f525efbf18dd2bb300ccad28bfb99d95a9465a5ba268407c8c37b37e1f28d2d?s=96&d=mm&r=g","contentUrl":"https:\/\/secure.gravatar.com\/avatar\/4f525efbf18dd2bb300ccad28bfb99d95a9465a5ba268407c8c37b37e1f28d2d?s=96&d=mm&r=g","caption":"Equipe Reda\u00e7\u00e3o"},"description":"Equipe de reda\u00e7\u00e3o \u00e9 um grupo de profissionais que trabalham juntos para criar conte\u00fado escrito para Motorista.com.br","url":"https:\/\/motorista.com.br\/noticias\/author\/equiperedacao\/"}]}},"_links":{"self":[{"href":"https:\/\/motorista.com.br\/noticias\/wp-json\/wp\/v2\/posts\/7659","targetHints":{"allow":["GET"]}}],"collection":[{"href":"https:\/\/motorista.com.br\/noticias\/wp-json\/wp\/v2\/posts"}],"about":[{"href":"https:\/\/motorista.com.br\/noticias\/wp-json\/wp\/v2\/types\/post"}],"author":[{"embeddable":true,"href":"https:\/\/motorista.com.br\/noticias\/wp-json\/wp\/v2\/users\/4"}],"replies":[{"embeddable":true,"href":"https:\/\/motorista.com.br\/noticias\/wp-json\/wp\/v2\/comments?post=7659"}],"version-history":[{"count":0,"href":"https:\/\/motorista.com.br\/noticias\/wp-json\/wp\/v2\/posts\/7659\/revisions"}],"wp:featuredmedia":[{"embeddable":true,"href":"https:\/\/motorista.com.br\/noticias\/wp-json\/wp\/v2\/media\/7660"}],"wp:attachment":[{"href":"https:\/\/motorista.com.br\/noticias\/wp-json\/wp\/v2\/media?parent=7659"}],"wp:term":[{"taxonomy":"category","embeddable":true,"href":"https:\/\/motorista.com.br\/noticias\/wp-json\/wp\/v2\/categories?post=7659"},{"taxonomy":"post_tag","embeddable":true,"href":"https:\/\/motorista.com.br\/noticias\/wp-json\/wp\/v2\/tags?post=7659"},{"taxonomy":"author","embeddable":true,"href":"https:\/\/motorista.com.br\/noticias\/wp-json\/wp\/v2\/coauthors?post=7659"}],"curies":[{"name":"wp","href":"https:\/\/api.w.org\/{rel}","templated":true}]}}