{"id":7657,"date":"2026-03-11T16:47:13","date_gmt":"2026-03-11T19:47:13","guid":{"rendered":"https:\/\/motorista.com.br\/noticias\/2026\/03\/11\/hugo-motta-camara-votara-projeto-sobre-trabalho-por-aplicativo-ate-abril\/"},"modified":"2026-03-11T16:47:13","modified_gmt":"2026-03-11T19:47:13","slug":"hugo-motta-camara-votara-projeto-sobre-trabalho-por-aplicativo-ate-abril","status":"publish","type":"post","link":"https:\/\/motorista.com.br\/noticias\/2026\/03\/11\/hugo-motta-camara-votara-projeto-sobre-trabalho-por-aplicativo-ate-abril\/","title":{"rendered":"Hugo Motta: \u201cC\u00e2mara votar\u00e1 projeto sobre trabalho por aplicativo at\u00e9 abril\u201d"},"content":{"rendered":"<p><\/p>\n<p><strong>Hugo Motta: C\u00e2mara deve votar projeto que regulamenta trabalho por aplicativo at\u00e9 in\u00edcio de abril<\/strong><\/p>\n<p>Na \u00faltima ter\u00e7a-feira, o presidente da C\u00e2mara dos Deputados, Hugo Motta, anunciou que a vota\u00e7\u00e3o do projeto que regulamenta o trabalho de motoristas e entregadores por aplicativo est\u00e1 prevista para ocorrer at\u00e9 o final de mar\u00e7o ou in\u00edcio de abril. Este projeto visa garantir prote\u00e7\u00e3o e direitos trabalhistas a esses profissionais, que atualmente operam em um ambiente frequentemente prec\u00e1rio.<\/p>\n<p>Durante uma coletiva de imprensa, Motta destacou a import\u00e2ncia do di\u00e1logo entre representantes da classe trabalhadora, do governo e das plataformas digitais. O desafio \u00e9 criar um texto que ofere\u00e7a seguran\u00e7a aos trabalhadores, sem impactar negativamente o custo dos servi\u00e7os para os consumidores. Essa abordagem equilibrada \u00e9 crucial, pois visa assegurar que a regulamenta\u00e7\u00e3o n\u00e3o comprometa a acessibilidade do servi\u00e7o para os usu\u00e1rios.<\/p>\n<p>A situa\u00e7\u00e3o atual, onde milh\u00f5es de trabalhadores atuam sem garantias, foi amplamente discutida. Hugo Motta enfatizou que essa regulamenta\u00e7\u00e3o \u00e9 necess\u00e1ria para proporcionar condi\u00e7\u00f5es de trabalho mais dignas e melhores mecanismos de seguran\u00e7a jur\u00eddica tanto para os motoristas e entregadores quanto para os consumidores e as plataformas. <\/p>\n<p>Essas negocia\u00e7\u00f5es nas pr\u00f3ximas semanas s\u00e3o um passo importante para um setor que movimenta grande parte da economia. Com a aprova\u00e7\u00e3o do projeto de regulamenta\u00e7\u00e3o, espera-se um impacto positivo na mobilidade geral, como a redu\u00e7\u00e3o de conflitos e a melhoria da rela\u00e7\u00e3o entre motoristas, plataformas e usu\u00e1rios. Al\u00e9m disso, a implementa\u00e7\u00e3o de direitos trabalhistas pode trazer maior estabilidade econ\u00f4mica para esses profissionais, ajudando a fortalecer um mercado que depende da flexibilidade e da agilidade desses servi\u00e7os.<\/p>\n<p>Ao avan\u00e7ar nessa regulamenta\u00e7\u00e3o, a C\u00e2mara dos Deputados n\u00e3o apenas demonstrar\u00e1 responsabilidade social, mas tamb\u00e9m ir\u00e1 moldar um futuro em que as plataformas de transporte e entrega funcionar\u00e3o de maneira mais sustent\u00e1vel e justa, beneficiando todos os envolvidos.<\/p>\n","protected":false},"excerpt":{"rendered":"<p>Hugo Motta: C\u00e2mara deve votar projeto que regulamenta trabalho por aplicativo at\u00e9 in\u00edcio de abril Na \u00faltima ter\u00e7a-feira, o presidente da C\u00e2mara dos Deputados, Hugo Motta, anunciou que a vota\u00e7\u00e3o do projeto que regulamenta o trabalho de motoristas e entregadores por aplicativo est\u00e1 prevista para ocorrer at\u00e9 o final de mar\u00e7o ou in\u00edcio de abril. &hellip;<\/p>\n","protected":false},"author":4,"featured_media":7658,"comment_status":"","ping_status":"open","sticky":false,"template":"","format":"standard","meta":{"footnotes":""},"categories":[49,77],"tags":[],"coauthors":[42],"class_list":["post-7657","post","type-post","status-publish","format-standard","has-post-thumbnail","hentry","category-aplicativos","category-motorista"],"yoast_head":"<!-- This site is optimized with the Yoast SEO Premium plugin v25.5 (Yoast SEO v27.5) - https:\/\/yoast.com\/product\/yoast-seo-premium-wordpress\/ -->\n<title>Hugo Motta: \u201cC\u00e2mara votar\u00e1 projeto sobre trabalho por aplicativo at\u00e9 abril\u201d - Motorista.com.br<\/title>\n<meta name=\"robots\" content=\"index, follow, max-snippet:-1, max-image-preview:large, max-video-preview:-1\" \/>\n<link rel=\"canonical\" href=\"https:\/\/motorista.com.br\/noticias\/2026\/03\/11\/hugo-motta-camara-votara-projeto-sobre-trabalho-por-aplicativo-ate-abril\/\" \/>\n<meta property=\"og:locale\" content=\"pt_BR\" \/>\n<meta property=\"og:type\" content=\"article\" \/>\n<meta property=\"og:title\" content=\"Hugo Motta: \u201cC\u00e2mara votar\u00e1 projeto sobre trabalho por aplicativo at\u00e9 abril\u201d\" \/>\n<meta property=\"og:description\" content=\"Hugo Motta: C\u00e2mara deve votar projeto que regulamenta trabalho por aplicativo at\u00e9 in\u00edcio de abril Na \u00faltima ter\u00e7a-feira, o presidente da C\u00e2mara dos Deputados, Hugo Motta, anunciou que a vota\u00e7\u00e3o do projeto que regulamenta o trabalho de motoristas e entregadores por aplicativo est\u00e1 prevista para ocorrer at\u00e9 o final de mar\u00e7o ou in\u00edcio de abril. &hellip;\" \/>\n<meta property=\"og:url\" content=\"https:\/\/motorista.com.br\/noticias\/2026\/03\/11\/hugo-motta-camara-votara-projeto-sobre-trabalho-por-aplicativo-ate-abril\/\" \/>\n<meta property=\"og:site_name\" content=\"Motorista.com.br\" \/>\n<meta property=\"article:published_time\" content=\"2026-03-11T19:47:13+00:00\" \/>\n<meta name=\"author\" content=\"Equipe Reda\u00e7\u00e3o\" \/>\n<meta name=\"twitter:card\" content=\"summary_large_image\" \/>\n<meta name=\"twitter:label1\" content=\"Escrito por\" \/>\n\t<meta name=\"twitter:data1\" content=\"Equipe Reda\u00e7\u00e3o\" \/>\n\t<meta name=\"twitter:label2\" content=\"Est. tempo de leitura\" \/>\n\t<meta name=\"twitter:data2\" content=\"2 minutos\" \/>\n\t<meta name=\"twitter:label3\" content=\"Written by\" \/>\n\t<meta name=\"twitter:data3\" content=\"Equipe Reda\u00e7\u00e3o\" \/>\n<script type=\"application\/ld+json\" class=\"yoast-schema-graph\">{\"@context\":\"https:\\\/\\\/schema.org\",\"@graph\":[{\"@type\":\"Article\",\"@id\":\"https:\\\/\\\/motorista.com.br\\\/noticias\\\/2026\\\/03\\\/11\\\/hugo-motta-camara-votara-projeto-sobre-trabalho-por-aplicativo-ate-abril\\\/#article\",\"isPartOf\":{\"@id\":\"https:\\\/\\\/motorista.com.br\\\/noticias\\\/2026\\\/03\\\/11\\\/hugo-motta-camara-votara-projeto-sobre-trabalho-por-aplicativo-ate-abril\\\/\"},\"author\":{\"name\":\"Equipe Reda\u00e7\u00e3o\",\"@id\":\"https:\\\/\\\/motorista.com.br\\\/noticias\\\/#\\\/schema\\\/person\\\/dc93afc2981c0e3ce6bc3c053fd847be\"},\"headline\":\"Hugo Motta: \u201cC\u00e2mara votar\u00e1 projeto sobre trabalho por aplicativo at\u00e9 abril\u201d\",\"datePublished\":\"2026-03-11T19:47:13+00:00\",\"mainEntityOfPage\":{\"@id\":\"https:\\\/\\\/motorista.com.br\\\/noticias\\\/2026\\\/03\\\/11\\\/hugo-motta-camara-votara-projeto-sobre-trabalho-por-aplicativo-ate-abril\\\/\"},\"wordCount\":351,\"publisher\":{\"@id\":\"https:\\\/\\\/motorista.com.br\\\/noticias\\\/#organization\"},\"image\":{\"@id\":\"https:\\\/\\\/motorista.com.br\\\/noticias\\\/2026\\\/03\\\/11\\\/hugo-motta-camara-votara-projeto-sobre-trabalho-por-aplicativo-ate-abril\\\/#primaryimage\"},\"thumbnailUrl\":\"https:\\\/\\\/motorista.com.br\\\/noticias\\\/wp-content\\\/uploads\\\/2026\\\/03\\\/Foto-ReproducaoCamara-dos-Deputados-6.png\",\"articleSection\":[\"Aplicativos\",\"Motorista\"],\"inLanguage\":\"pt-BR\"},{\"@type\":\"WebPage\",\"@id\":\"https:\\\/\\\/motorista.com.br\\\/noticias\\\/2026\\\/03\\\/11\\\/hugo-motta-camara-votara-projeto-sobre-trabalho-por-aplicativo-ate-abril\\\/\",\"url\":\"https:\\\/\\\/motorista.com.br\\\/noticias\\\/2026\\\/03\\\/11\\\/hugo-motta-camara-votara-projeto-sobre-trabalho-por-aplicativo-ate-abril\\\/\",\"name\":\"Hugo Motta: \u201cC\u00e2mara votar\u00e1 projeto sobre trabalho por aplicativo at\u00e9 abril\u201d - Motorista.com.br\",\"isPartOf\":{\"@id\":\"https:\\\/\\\/motorista.com.br\\\/noticias\\\/#website\"},\"primaryImageOfPage\":{\"@id\":\"https:\\\/\\\/motorista.com.br\\\/noticias\\\/2026\\\/03\\\/11\\\/hugo-motta-camara-votara-projeto-sobre-trabalho-por-aplicativo-ate-abril\\\/#primaryimage\"},\"image\":{\"@id\":\"https:\\\/\\\/motorista.com.br\\\/noticias\\\/2026\\\/03\\\/11\\\/hugo-motta-camara-votara-projeto-sobre-trabalho-por-aplicativo-ate-abril\\\/#primaryimage\"},\"thumbnailUrl\":\"https:\\\/\\\/motorista.com.br\\\/noticias\\\/wp-content\\\/uploads\\\/2026\\\/03\\\/Foto-ReproducaoCamara-dos-Deputados-6.png\",\"datePublished\":\"2026-03-11T19:47:13+00:00\",\"breadcrumb\":{\"@id\":\"https:\\\/\\\/motorista.com.br\\\/noticias\\\/2026\\\/03\\\/11\\\/hugo-motta-camara-votara-projeto-sobre-trabalho-por-aplicativo-ate-abril\\\/#breadcrumb\"},\"inLanguage\":\"pt-BR\",\"potentialAction\":[{\"@type\":\"ReadAction\",\"target\":[\"https:\\\/\\\/motorista.com.br\\\/noticias\\\/2026\\\/03\\\/11\\\/hugo-motta-camara-votara-projeto-sobre-trabalho-por-aplicativo-ate-abril\\\/\"]}]},{\"@type\":\"ImageObject\",\"inLanguage\":\"pt-BR\",\"@id\":\"https:\\\/\\\/motorista.com.br\\\/noticias\\\/2026\\\/03\\\/11\\\/hugo-motta-camara-votara-projeto-sobre-trabalho-por-aplicativo-ate-abril\\\/#primaryimage\",\"url\":\"https:\\\/\\\/motorista.com.br\\\/noticias\\\/wp-content\\\/uploads\\\/2026\\\/03\\\/Foto-ReproducaoCamara-dos-Deputados-6.png\",\"contentUrl\":\"https:\\\/\\\/motorista.com.br\\\/noticias\\\/wp-content\\\/uploads\\\/2026\\\/03\\\/Foto-ReproducaoCamara-dos-Deputados-6.png\",\"width\":600,\"height\":350},{\"@type\":\"BreadcrumbList\",\"@id\":\"https:\\\/\\\/motorista.com.br\\\/noticias\\\/2026\\\/03\\\/11\\\/hugo-motta-camara-votara-projeto-sobre-trabalho-por-aplicativo-ate-abril\\\/#breadcrumb\",\"itemListElement\":[{\"@type\":\"ListItem\",\"position\":1,\"name\":\"In\u00edcio\",\"item\":\"https:\\\/\\\/motorista.com.br\\\/noticias\\\/\"},{\"@type\":\"ListItem\",\"position\":2,\"name\":\"Hugo Motta: \u201cC\u00e2mara votar\u00e1 projeto sobre trabalho por aplicativo at\u00e9 abril\u201d\"}]},{\"@type\":\"WebSite\",\"@id\":\"https:\\\/\\\/motorista.com.br\\\/noticias\\\/#website\",\"url\":\"https:\\\/\\\/motorista.com.br\\\/noticias\\\/\",\"name\":\"Motorista.com.br\",\"description\":\"Not\u00edcia do Motorista\",\"publisher\":{\"@id\":\"https:\\\/\\\/motorista.com.br\\\/noticias\\\/#organization\"},\"potentialAction\":[{\"@type\":\"SearchAction\",\"target\":{\"@type\":\"EntryPoint\",\"urlTemplate\":\"https:\\\/\\\/motorista.com.br\\\/noticias\\\/?s={search_term_string}\"},\"query-input\":{\"@type\":\"PropertyValueSpecification\",\"valueRequired\":true,\"valueName\":\"search_term_string\"}}],\"inLanguage\":\"pt-BR\"},{\"@type\":\"Organization\",\"@id\":\"https:\\\/\\\/motorista.com.br\\\/noticias\\\/#organization\",\"name\":\"Motorista.com.br\",\"url\":\"https:\\\/\\\/motorista.com.br\\\/noticias\\\/\",\"logo\":{\"@type\":\"ImageObject\",\"inLanguage\":\"pt-BR\",\"@id\":\"https:\\\/\\\/motorista.com.br\\\/noticias\\\/#\\\/schema\\\/logo\\\/image\\\/\",\"url\":\"https:\\\/\\\/motorista.com.br\\\/noticias\\\/wp-content\\\/uploads\\\/2025\\\/06\\\/Design-sem-nome-9.png\",\"contentUrl\":\"https:\\\/\\\/motorista.com.br\\\/noticias\\\/wp-content\\\/uploads\\\/2025\\\/06\\\/Design-sem-nome-9.png\",\"width\":150,\"height\":85,\"caption\":\"Motorista.com.br\"},\"image\":{\"@id\":\"https:\\\/\\\/motorista.com.br\\\/noticias\\\/#\\\/schema\\\/logo\\\/image\\\/\"}},{\"@type\":\"Person\",\"@id\":\"https:\\\/\\\/motorista.com.br\\\/noticias\\\/#\\\/schema\\\/person\\\/dc93afc2981c0e3ce6bc3c053fd847be\",\"name\":\"Equipe Reda\u00e7\u00e3o\",\"image\":{\"@type\":\"ImageObject\",\"inLanguage\":\"pt-BR\",\"@id\":\"https:\\\/\\\/secure.gravatar.com\\\/avatar\\\/4f525efbf18dd2bb300ccad28bfb99d95a9465a5ba268407c8c37b37e1f28d2d?s=96&d=mm&r=g9e099043a0c61e9ae27e293b9fa75ffc\",\"url\":\"https:\\\/\\\/secure.gravatar.com\\\/avatar\\\/4f525efbf18dd2bb300ccad28bfb99d95a9465a5ba268407c8c37b37e1f28d2d?s=96&d=mm&r=g\",\"contentUrl\":\"https:\\\/\\\/secure.gravatar.com\\\/avatar\\\/4f525efbf18dd2bb300ccad28bfb99d95a9465a5ba268407c8c37b37e1f28d2d?s=96&d=mm&r=g\",\"caption\":\"Equipe Reda\u00e7\u00e3o\"},\"description\":\"Equipe de reda\u00e7\u00e3o \u00e9 um grupo de profissionais que trabalham juntos para criar conte\u00fado escrito para Motorista.com.br\",\"url\":\"https:\\\/\\\/motorista.com.br\\\/noticias\\\/author\\\/equiperedacao\\\/\"}]}<\/script>\n<!-- \/ Yoast SEO Premium plugin. -->","yoast_head_json":{"title":"Hugo Motta: \u201cC\u00e2mara votar\u00e1 projeto sobre trabalho por aplicativo at\u00e9 abril\u201d - Motorista.com.br","robots":{"index":"index","follow":"follow","max-snippet":"max-snippet:-1","max-image-preview":"max-image-preview:large","max-video-preview":"max-video-preview:-1"},"canonical":"https:\/\/motorista.com.br\/noticias\/2026\/03\/11\/hugo-motta-camara-votara-projeto-sobre-trabalho-por-aplicativo-ate-abril\/","og_locale":"pt_BR","og_type":"article","og_title":"Hugo Motta: \u201cC\u00e2mara votar\u00e1 projeto sobre trabalho por aplicativo at\u00e9 abril\u201d","og_description":"Hugo Motta: C\u00e2mara deve votar projeto que regulamenta trabalho por aplicativo at\u00e9 in\u00edcio de abril Na \u00faltima ter\u00e7a-feira, o presidente da C\u00e2mara dos Deputados, Hugo Motta, anunciou que a vota\u00e7\u00e3o do projeto que regulamenta o trabalho de motoristas e entregadores por aplicativo est\u00e1 prevista para ocorrer at\u00e9 o final de mar\u00e7o ou in\u00edcio de abril. &hellip;","og_url":"https:\/\/motorista.com.br\/noticias\/2026\/03\/11\/hugo-motta-camara-votara-projeto-sobre-trabalho-por-aplicativo-ate-abril\/","og_site_name":"Motorista.com.br","article_published_time":"2026-03-11T19:47:13+00:00","author":"Equipe Reda\u00e7\u00e3o","twitter_card":"summary_large_image","twitter_misc":{"Escrito por":"Equipe Reda\u00e7\u00e3o","Est. tempo de leitura":"2 minutos","Written by":"Equipe Reda\u00e7\u00e3o"},"schema":{"@context":"https:\/\/schema.org","@graph":[{"@type":"Article","@id":"https:\/\/motorista.com.br\/noticias\/2026\/03\/11\/hugo-motta-camara-votara-projeto-sobre-trabalho-por-aplicativo-ate-abril\/#article","isPartOf":{"@id":"https:\/\/motorista.com.br\/noticias\/2026\/03\/11\/hugo-motta-camara-votara-projeto-sobre-trabalho-por-aplicativo-ate-abril\/"},"author":{"name":"Equipe Reda\u00e7\u00e3o","@id":"https:\/\/motorista.com.br\/noticias\/#\/schema\/person\/dc93afc2981c0e3ce6bc3c053fd847be"},"headline":"Hugo Motta: \u201cC\u00e2mara votar\u00e1 projeto sobre trabalho por aplicativo at\u00e9 abril\u201d","datePublished":"2026-03-11T19:47:13+00:00","mainEntityOfPage":{"@id":"https:\/\/motorista.com.br\/noticias\/2026\/03\/11\/hugo-motta-camara-votara-projeto-sobre-trabalho-por-aplicativo-ate-abril\/"},"wordCount":351,"publisher":{"@id":"https:\/\/motorista.com.br\/noticias\/#organization"},"image":{"@id":"https:\/\/motorista.com.br\/noticias\/2026\/03\/11\/hugo-motta-camara-votara-projeto-sobre-trabalho-por-aplicativo-ate-abril\/#primaryimage"},"thumbnailUrl":"https:\/\/motorista.com.br\/noticias\/wp-content\/uploads\/2026\/03\/Foto-ReproducaoCamara-dos-Deputados-6.png","articleSection":["Aplicativos","Motorista"],"inLanguage":"pt-BR"},{"@type":"WebPage","@id":"https:\/\/motorista.com.br\/noticias\/2026\/03\/11\/hugo-motta-camara-votara-projeto-sobre-trabalho-por-aplicativo-ate-abril\/","url":"https:\/\/motorista.com.br\/noticias\/2026\/03\/11\/hugo-motta-camara-votara-projeto-sobre-trabalho-por-aplicativo-ate-abril\/","name":"Hugo Motta: \u201cC\u00e2mara votar\u00e1 projeto sobre trabalho por aplicativo at\u00e9 abril\u201d - Motorista.com.br","isPartOf":{"@id":"https:\/\/motorista.com.br\/noticias\/#website"},"primaryImageOfPage":{"@id":"https:\/\/motorista.com.br\/noticias\/2026\/03\/11\/hugo-motta-camara-votara-projeto-sobre-trabalho-por-aplicativo-ate-abril\/#primaryimage"},"image":{"@id":"https:\/\/motorista.com.br\/noticias\/2026\/03\/11\/hugo-motta-camara-votara-projeto-sobre-trabalho-por-aplicativo-ate-abril\/#primaryimage"},"thumbnailUrl":"https:\/\/motorista.com.br\/noticias\/wp-content\/uploads\/2026\/03\/Foto-ReproducaoCamara-dos-Deputados-6.png","datePublished":"2026-03-11T19:47:13+00:00","breadcrumb":{"@id":"https:\/\/motorista.com.br\/noticias\/2026\/03\/11\/hugo-motta-camara-votara-projeto-sobre-trabalho-por-aplicativo-ate-abril\/#breadcrumb"},"inLanguage":"pt-BR","potentialAction":[{"@type":"ReadAction","target":["https:\/\/motorista.com.br\/noticias\/2026\/03\/11\/hugo-motta-camara-votara-projeto-sobre-trabalho-por-aplicativo-ate-abril\/"]}]},{"@type":"ImageObject","inLanguage":"pt-BR","@id":"https:\/\/motorista.com.br\/noticias\/2026\/03\/11\/hugo-motta-camara-votara-projeto-sobre-trabalho-por-aplicativo-ate-abril\/#primaryimage","url":"https:\/\/motorista.com.br\/noticias\/wp-content\/uploads\/2026\/03\/Foto-ReproducaoCamara-dos-Deputados-6.png","contentUrl":"https:\/\/motorista.com.br\/noticias\/wp-content\/uploads\/2026\/03\/Foto-ReproducaoCamara-dos-Deputados-6.png","width":600,"height":350},{"@type":"BreadcrumbList","@id":"https:\/\/motorista.com.br\/noticias\/2026\/03\/11\/hugo-motta-camara-votara-projeto-sobre-trabalho-por-aplicativo-ate-abril\/#breadcrumb","itemListElement":[{"@type":"ListItem","position":1,"name":"In\u00edcio","item":"https:\/\/motorista.com.br\/noticias\/"},{"@type":"ListItem","position":2,"name":"Hugo Motta: \u201cC\u00e2mara votar\u00e1 projeto sobre trabalho por aplicativo at\u00e9 abril\u201d"}]},{"@type":"WebSite","@id":"https:\/\/motorista.com.br\/noticias\/#website","url":"https:\/\/motorista.com.br\/noticias\/","name":"Motorista.com.br","description":"Not\u00edcia do Motorista","publisher":{"@id":"https:\/\/motorista.com.br\/noticias\/#organization"},"potentialAction":[{"@type":"SearchAction","target":{"@type":"EntryPoint","urlTemplate":"https:\/\/motorista.com.br\/noticias\/?s={search_term_string}"},"query-input":{"@type":"PropertyValueSpecification","valueRequired":true,"valueName":"search_term_string"}}],"inLanguage":"pt-BR"},{"@type":"Organization","@id":"https:\/\/motorista.com.br\/noticias\/#organization","name":"Motorista.com.br","url":"https:\/\/motorista.com.br\/noticias\/","logo":{"@type":"ImageObject","inLanguage":"pt-BR","@id":"https:\/\/motorista.com.br\/noticias\/#\/schema\/logo\/image\/","url":"https:\/\/motorista.com.br\/noticias\/wp-content\/uploads\/2025\/06\/Design-sem-nome-9.png","contentUrl":"https:\/\/motorista.com.br\/noticias\/wp-content\/uploads\/2025\/06\/Design-sem-nome-9.png","width":150,"height":85,"caption":"Motorista.com.br"},"image":{"@id":"https:\/\/motorista.com.br\/noticias\/#\/schema\/logo\/image\/"}},{"@type":"Person","@id":"https:\/\/motorista.com.br\/noticias\/#\/schema\/person\/dc93afc2981c0e3ce6bc3c053fd847be","name":"Equipe Reda\u00e7\u00e3o","image":{"@type":"ImageObject","inLanguage":"pt-BR","@id":"https:\/\/secure.gravatar.com\/avatar\/4f525efbf18dd2bb300ccad28bfb99d95a9465a5ba268407c8c37b37e1f28d2d?s=96&d=mm&r=g9e099043a0c61e9ae27e293b9fa75ffc","url":"https:\/\/secure.gravatar.com\/avatar\/4f525efbf18dd2bb300ccad28bfb99d95a9465a5ba268407c8c37b37e1f28d2d?s=96&d=mm&r=g","contentUrl":"https:\/\/secure.gravatar.com\/avatar\/4f525efbf18dd2bb300ccad28bfb99d95a9465a5ba268407c8c37b37e1f28d2d?s=96&d=mm&r=g","caption":"Equipe Reda\u00e7\u00e3o"},"description":"Equipe de reda\u00e7\u00e3o \u00e9 um grupo de profissionais que trabalham juntos para criar conte\u00fado escrito para Motorista.com.br","url":"https:\/\/motorista.com.br\/noticias\/author\/equiperedacao\/"}]}},"_links":{"self":[{"href":"https:\/\/motorista.com.br\/noticias\/wp-json\/wp\/v2\/posts\/7657","targetHints":{"allow":["GET"]}}],"collection":[{"href":"https:\/\/motorista.com.br\/noticias\/wp-json\/wp\/v2\/posts"}],"about":[{"href":"https:\/\/motorista.com.br\/noticias\/wp-json\/wp\/v2\/types\/post"}],"author":[{"embeddable":true,"href":"https:\/\/motorista.com.br\/noticias\/wp-json\/wp\/v2\/users\/4"}],"replies":[{"embeddable":true,"href":"https:\/\/motorista.com.br\/noticias\/wp-json\/wp\/v2\/comments?post=7657"}],"version-history":[{"count":0,"href":"https:\/\/motorista.com.br\/noticias\/wp-json\/wp\/v2\/posts\/7657\/revisions"}],"wp:featuredmedia":[{"embeddable":true,"href":"https:\/\/motorista.com.br\/noticias\/wp-json\/wp\/v2\/media\/7658"}],"wp:attachment":[{"href":"https:\/\/motorista.com.br\/noticias\/wp-json\/wp\/v2\/media?parent=7657"}],"wp:term":[{"taxonomy":"category","embeddable":true,"href":"https:\/\/motorista.com.br\/noticias\/wp-json\/wp\/v2\/categories?post=7657"},{"taxonomy":"post_tag","embeddable":true,"href":"https:\/\/motorista.com.br\/noticias\/wp-json\/wp\/v2\/tags?post=7657"},{"taxonomy":"author","embeddable":true,"href":"https:\/\/motorista.com.br\/noticias\/wp-json\/wp\/v2\/coauthors?post=7657"}],"curies":[{"name":"wp","href":"https:\/\/api.w.org\/{rel}","templated":true}]}}