{"id":7655,"date":"2026-03-11T14:32:38","date_gmt":"2026-03-11T17:32:38","guid":{"rendered":"https:\/\/motorista.com.br\/noticias\/2026\/03\/11\/cpi-dos-eua-pode-subir-em-fevereiro-antes-da-guerra-com-o-ira\/"},"modified":"2026-03-11T14:32:38","modified_gmt":"2026-03-11T17:32:38","slug":"cpi-dos-eua-pode-subir-em-fevereiro-antes-da-guerra-com-o-ira","status":"publish","type":"post","link":"https:\/\/motorista.com.br\/noticias\/2026\/03\/11\/cpi-dos-eua-pode-subir-em-fevereiro-antes-da-guerra-com-o-ira\/","title":{"rendered":"CPI dos EUA pode subir em fevereiro, antes da guerra com o Ir\u00e3"},"content":{"rendered":"<p><\/p>\n<p><strong>CPI dos EUA: Impactos na Mobilidade e nos Motoristas<\/strong><\/p>\n<p>Os pre\u00e7os ao consumidor nos Estados Unidos devem registrar um aumento significativo em fevereiro, influenciados pelo crescimento no custo da gasolina, especialmente em meio ao agravamento do conflito no Oriente M\u00e9dio. O aumento da infla\u00e7\u00e3o, que se antecipa para os pr\u00f3ximos meses, traz reflexos diretos para a mobilidade e o cotidiano dos motoristas.<\/p>\n<p>O \u00cdndice de Pre\u00e7os ao Consumidor (CPI) \u00e9 uma medida crucial que reflete a varia\u00e7\u00e3o nos pre\u00e7os que as fam\u00edlias enfrentam em suas compras di\u00e1rias. A alta nos pre\u00e7os da gasolina, que j\u00e1 subiu mais de 18% desde o in\u00edcio do conflito entre EUA, Israel e Ir\u00e3, n\u00e3o afeta apenas o bolso dos motoristas, mas tamb\u00e9m o transporte de mercadorias e a din\u00e2mica econ\u00f4mica como um todo. Quando o combust\u00edvel encarece, todos os custos relacionados ao transporte tendem a aumentar, o que pode levar \u00e0 eleva\u00e7\u00e3o dos pre\u00e7os de produtos e servi\u00e7os.<\/p>\n<p>Ainda que o impacto imediato sobre a pol\u00edtica monet\u00e1ria possa ser contido, a percep\u00e7\u00e3o de uma infla\u00e7\u00e3o estagnada gera preocupa\u00e7\u00f5es no comportamento dos consumidores. Motoristas, que dependem da gasolina para se locomover, podem reconsiderar suas rotas di\u00e1rias e o volume de viagens, priorizando trajetos que economizem combust\u00edvel. Essa mudan\u00e7a de h\u00e1bito n\u00e3o s\u00f3 pode afetar a mobilidade pessoal, mas tamb\u00e9m a efici\u00eancia do transporte urbano, visto que mais motoristas buscando economizar podem causar congestionamentos.<\/p>\n<p>Al\u00e9m disso, os dados divulgados pelo Departamento do Trabalho indicam que, embora as press\u00f5es sobre os pre\u00e7os tenham aumentado, com tarifas a\u00e9reas e ve\u00edculos usados mais acess\u00edveis, o combust\u00edvel continua a ser um ponto cr\u00edtico de infla\u00e7\u00e3o. A expectativa de eleva\u00e7\u00e3o de 0,3% no CPI em fevereiro reflete uma press\u00e3o crescente, deixando o cen\u00e1rio econ\u00f4mico sob vigil\u00e2ncia constante.<\/p>\n<p>Para os motoristas, essa situa\u00e7\u00e3o poderia instigar um maior interesse em alternativas de transporte, como o uso de ve\u00edculos el\u00e9tricos ou p\u00fablicos, contribuindo para um ambiente menos dependente de combust\u00edveis f\u00f3sseis e promovendo uma mobilidade mais sustent\u00e1vel. <\/p>\n<p>Portanto, enquanto o aumento da infla\u00e7\u00e3o e os pre\u00e7os da gasolina se consolidam, eles n\u00e3o s\u00e3o apenas n\u00fameros em um relat\u00f3rio; s\u00e3o aspectos que moldam a experi\u00eancia de cada motorista e a estrutura da mobilidade nas cidades.<\/p>\n<p>Fonte: motoristas.com.br<\/p>\n","protected":false},"excerpt":{"rendered":"<p>CPI dos EUA: Impactos na Mobilidade e nos Motoristas Os pre\u00e7os ao consumidor nos Estados Unidos devem registrar um aumento significativo em fevereiro, influenciados pelo crescimento no custo da gasolina, especialmente em meio ao agravamento do conflito no Oriente M\u00e9dio. O aumento da infla\u00e7\u00e3o, que se antecipa para os pr\u00f3ximos meses, traz reflexos diretos para &hellip;<\/p>\n","protected":false},"author":4,"featured_media":7656,"comment_status":"","ping_status":"open","sticky":false,"template":"","format":"standard","meta":{"footnotes":""},"categories":[61],"tags":[],"coauthors":[42],"class_list":["post-7655","post","type-post","status-publish","format-standard","has-post-thumbnail","hentry","category-mercado-financeiro"],"yoast_head":"<!-- This site is optimized with the Yoast SEO Premium plugin v25.5 (Yoast SEO v27.5) - https:\/\/yoast.com\/product\/yoast-seo-premium-wordpress\/ -->\n<title>CPI dos EUA pode subir em fevereiro, antes da guerra com o Ir\u00e3 - Motorista.com.br<\/title>\n<meta name=\"robots\" content=\"index, follow, max-snippet:-1, max-image-preview:large, max-video-preview:-1\" \/>\n<link rel=\"canonical\" href=\"https:\/\/motorista.com.br\/noticias\/2026\/03\/11\/cpi-dos-eua-pode-subir-em-fevereiro-antes-da-guerra-com-o-ira\/\" \/>\n<meta property=\"og:locale\" content=\"pt_BR\" \/>\n<meta property=\"og:type\" content=\"article\" \/>\n<meta property=\"og:title\" content=\"CPI dos EUA pode subir em fevereiro, antes da guerra com o Ir\u00e3\" \/>\n<meta property=\"og:description\" content=\"CPI dos EUA: Impactos na Mobilidade e nos Motoristas Os pre\u00e7os ao consumidor nos Estados Unidos devem registrar um aumento significativo em fevereiro, influenciados pelo crescimento no custo da gasolina, especialmente em meio ao agravamento do conflito no Oriente M\u00e9dio. O aumento da infla\u00e7\u00e3o, que se antecipa para os pr\u00f3ximos meses, traz reflexos diretos para &hellip;\" \/>\n<meta property=\"og:url\" content=\"https:\/\/motorista.com.br\/noticias\/2026\/03\/11\/cpi-dos-eua-pode-subir-em-fevereiro-antes-da-guerra-com-o-ira\/\" \/>\n<meta property=\"og:site_name\" content=\"Motorista.com.br\" \/>\n<meta property=\"article:published_time\" content=\"2026-03-11T17:32:38+00:00\" \/>\n<meta name=\"author\" content=\"Equipe Reda\u00e7\u00e3o\" \/>\n<meta name=\"twitter:card\" content=\"summary_large_image\" \/>\n<meta name=\"twitter:label1\" content=\"Escrito por\" \/>\n\t<meta name=\"twitter:data1\" content=\"Equipe Reda\u00e7\u00e3o\" \/>\n\t<meta name=\"twitter:label2\" content=\"Est. tempo de leitura\" \/>\n\t<meta name=\"twitter:data2\" content=\"2 minutos\" \/>\n\t<meta name=\"twitter:label3\" content=\"Written by\" \/>\n\t<meta name=\"twitter:data3\" content=\"Equipe Reda\u00e7\u00e3o\" \/>\n<script type=\"application\/ld+json\" class=\"yoast-schema-graph\">{\"@context\":\"https:\\\/\\\/schema.org\",\"@graph\":[{\"@type\":\"Article\",\"@id\":\"https:\\\/\\\/motorista.com.br\\\/noticias\\\/2026\\\/03\\\/11\\\/cpi-dos-eua-pode-subir-em-fevereiro-antes-da-guerra-com-o-ira\\\/#article\",\"isPartOf\":{\"@id\":\"https:\\\/\\\/motorista.com.br\\\/noticias\\\/2026\\\/03\\\/11\\\/cpi-dos-eua-pode-subir-em-fevereiro-antes-da-guerra-com-o-ira\\\/\"},\"author\":{\"name\":\"Equipe Reda\u00e7\u00e3o\",\"@id\":\"https:\\\/\\\/motorista.com.br\\\/noticias\\\/#\\\/schema\\\/person\\\/dc93afc2981c0e3ce6bc3c053fd847be\"},\"headline\":\"CPI dos EUA pode subir em fevereiro, antes da guerra com o Ir\u00e3\",\"datePublished\":\"2026-03-11T17:32:38+00:00\",\"mainEntityOfPage\":{\"@id\":\"https:\\\/\\\/motorista.com.br\\\/noticias\\\/2026\\\/03\\\/11\\\/cpi-dos-eua-pode-subir-em-fevereiro-antes-da-guerra-com-o-ira\\\/\"},\"wordCount\":433,\"publisher\":{\"@id\":\"https:\\\/\\\/motorista.com.br\\\/noticias\\\/#organization\"},\"image\":{\"@id\":\"https:\\\/\\\/motorista.com.br\\\/noticias\\\/2026\\\/03\\\/11\\\/cpi-dos-eua-pode-subir-em-fevereiro-antes-da-guerra-com-o-ira\\\/#primaryimage\"},\"thumbnailUrl\":\"https:\\\/\\\/motorista.com.br\\\/noticias\\\/wp-content\\\/uploads\\\/2026\\\/03\\\/cpi-eua-inflacao.jpg\",\"articleSection\":[\"Mercado Financeiro\"],\"inLanguage\":\"pt-BR\"},{\"@type\":\"WebPage\",\"@id\":\"https:\\\/\\\/motorista.com.br\\\/noticias\\\/2026\\\/03\\\/11\\\/cpi-dos-eua-pode-subir-em-fevereiro-antes-da-guerra-com-o-ira\\\/\",\"url\":\"https:\\\/\\\/motorista.com.br\\\/noticias\\\/2026\\\/03\\\/11\\\/cpi-dos-eua-pode-subir-em-fevereiro-antes-da-guerra-com-o-ira\\\/\",\"name\":\"CPI dos EUA pode subir em fevereiro, antes da guerra com o Ir\u00e3 - Motorista.com.br\",\"isPartOf\":{\"@id\":\"https:\\\/\\\/motorista.com.br\\\/noticias\\\/#website\"},\"primaryImageOfPage\":{\"@id\":\"https:\\\/\\\/motorista.com.br\\\/noticias\\\/2026\\\/03\\\/11\\\/cpi-dos-eua-pode-subir-em-fevereiro-antes-da-guerra-com-o-ira\\\/#primaryimage\"},\"image\":{\"@id\":\"https:\\\/\\\/motorista.com.br\\\/noticias\\\/2026\\\/03\\\/11\\\/cpi-dos-eua-pode-subir-em-fevereiro-antes-da-guerra-com-o-ira\\\/#primaryimage\"},\"thumbnailUrl\":\"https:\\\/\\\/motorista.com.br\\\/noticias\\\/wp-content\\\/uploads\\\/2026\\\/03\\\/cpi-eua-inflacao.jpg\",\"datePublished\":\"2026-03-11T17:32:38+00:00\",\"breadcrumb\":{\"@id\":\"https:\\\/\\\/motorista.com.br\\\/noticias\\\/2026\\\/03\\\/11\\\/cpi-dos-eua-pode-subir-em-fevereiro-antes-da-guerra-com-o-ira\\\/#breadcrumb\"},\"inLanguage\":\"pt-BR\",\"potentialAction\":[{\"@type\":\"ReadAction\",\"target\":[\"https:\\\/\\\/motorista.com.br\\\/noticias\\\/2026\\\/03\\\/11\\\/cpi-dos-eua-pode-subir-em-fevereiro-antes-da-guerra-com-o-ira\\\/\"]}]},{\"@type\":\"ImageObject\",\"inLanguage\":\"pt-BR\",\"@id\":\"https:\\\/\\\/motorista.com.br\\\/noticias\\\/2026\\\/03\\\/11\\\/cpi-dos-eua-pode-subir-em-fevereiro-antes-da-guerra-com-o-ira\\\/#primaryimage\",\"url\":\"https:\\\/\\\/motorista.com.br\\\/noticias\\\/wp-content\\\/uploads\\\/2026\\\/03\\\/cpi-eua-inflacao.jpg\",\"contentUrl\":\"https:\\\/\\\/motorista.com.br\\\/noticias\\\/wp-content\\\/uploads\\\/2026\\\/03\\\/cpi-eua-inflacao.jpg\",\"width\":1280,\"height\":680},{\"@type\":\"BreadcrumbList\",\"@id\":\"https:\\\/\\\/motorista.com.br\\\/noticias\\\/2026\\\/03\\\/11\\\/cpi-dos-eua-pode-subir-em-fevereiro-antes-da-guerra-com-o-ira\\\/#breadcrumb\",\"itemListElement\":[{\"@type\":\"ListItem\",\"position\":1,\"name\":\"In\u00edcio\",\"item\":\"https:\\\/\\\/motorista.com.br\\\/noticias\\\/\"},{\"@type\":\"ListItem\",\"position\":2,\"name\":\"CPI dos EUA pode subir em fevereiro, antes da guerra com o Ir\u00e3\"}]},{\"@type\":\"WebSite\",\"@id\":\"https:\\\/\\\/motorista.com.br\\\/noticias\\\/#website\",\"url\":\"https:\\\/\\\/motorista.com.br\\\/noticias\\\/\",\"name\":\"Motorista.com.br\",\"description\":\"Not\u00edcia do Motorista\",\"publisher\":{\"@id\":\"https:\\\/\\\/motorista.com.br\\\/noticias\\\/#organization\"},\"potentialAction\":[{\"@type\":\"SearchAction\",\"target\":{\"@type\":\"EntryPoint\",\"urlTemplate\":\"https:\\\/\\\/motorista.com.br\\\/noticias\\\/?s={search_term_string}\"},\"query-input\":{\"@type\":\"PropertyValueSpecification\",\"valueRequired\":true,\"valueName\":\"search_term_string\"}}],\"inLanguage\":\"pt-BR\"},{\"@type\":\"Organization\",\"@id\":\"https:\\\/\\\/motorista.com.br\\\/noticias\\\/#organization\",\"name\":\"Motorista.com.br\",\"url\":\"https:\\\/\\\/motorista.com.br\\\/noticias\\\/\",\"logo\":{\"@type\":\"ImageObject\",\"inLanguage\":\"pt-BR\",\"@id\":\"https:\\\/\\\/motorista.com.br\\\/noticias\\\/#\\\/schema\\\/logo\\\/image\\\/\",\"url\":\"https:\\\/\\\/motorista.com.br\\\/noticias\\\/wp-content\\\/uploads\\\/2025\\\/06\\\/Design-sem-nome-9.png\",\"contentUrl\":\"https:\\\/\\\/motorista.com.br\\\/noticias\\\/wp-content\\\/uploads\\\/2025\\\/06\\\/Design-sem-nome-9.png\",\"width\":150,\"height\":85,\"caption\":\"Motorista.com.br\"},\"image\":{\"@id\":\"https:\\\/\\\/motorista.com.br\\\/noticias\\\/#\\\/schema\\\/logo\\\/image\\\/\"}},{\"@type\":\"Person\",\"@id\":\"https:\\\/\\\/motorista.com.br\\\/noticias\\\/#\\\/schema\\\/person\\\/dc93afc2981c0e3ce6bc3c053fd847be\",\"name\":\"Equipe Reda\u00e7\u00e3o\",\"image\":{\"@type\":\"ImageObject\",\"inLanguage\":\"pt-BR\",\"@id\":\"https:\\\/\\\/secure.gravatar.com\\\/avatar\\\/4f525efbf18dd2bb300ccad28bfb99d95a9465a5ba268407c8c37b37e1f28d2d?s=96&d=mm&r=g9e099043a0c61e9ae27e293b9fa75ffc\",\"url\":\"https:\\\/\\\/secure.gravatar.com\\\/avatar\\\/4f525efbf18dd2bb300ccad28bfb99d95a9465a5ba268407c8c37b37e1f28d2d?s=96&d=mm&r=g\",\"contentUrl\":\"https:\\\/\\\/secure.gravatar.com\\\/avatar\\\/4f525efbf18dd2bb300ccad28bfb99d95a9465a5ba268407c8c37b37e1f28d2d?s=96&d=mm&r=g\",\"caption\":\"Equipe Reda\u00e7\u00e3o\"},\"description\":\"Equipe de reda\u00e7\u00e3o \u00e9 um grupo de profissionais que trabalham juntos para criar conte\u00fado escrito para Motorista.com.br\",\"url\":\"https:\\\/\\\/motorista.com.br\\\/noticias\\\/author\\\/equiperedacao\\\/\"}]}<\/script>\n<!-- \/ Yoast SEO Premium plugin. -->","yoast_head_json":{"title":"CPI dos EUA pode subir em fevereiro, antes da guerra com o Ir\u00e3 - Motorista.com.br","robots":{"index":"index","follow":"follow","max-snippet":"max-snippet:-1","max-image-preview":"max-image-preview:large","max-video-preview":"max-video-preview:-1"},"canonical":"https:\/\/motorista.com.br\/noticias\/2026\/03\/11\/cpi-dos-eua-pode-subir-em-fevereiro-antes-da-guerra-com-o-ira\/","og_locale":"pt_BR","og_type":"article","og_title":"CPI dos EUA pode subir em fevereiro, antes da guerra com o Ir\u00e3","og_description":"CPI dos EUA: Impactos na Mobilidade e nos Motoristas Os pre\u00e7os ao consumidor nos Estados Unidos devem registrar um aumento significativo em fevereiro, influenciados pelo crescimento no custo da gasolina, especialmente em meio ao agravamento do conflito no Oriente M\u00e9dio. O aumento da infla\u00e7\u00e3o, que se antecipa para os pr\u00f3ximos meses, traz reflexos diretos para &hellip;","og_url":"https:\/\/motorista.com.br\/noticias\/2026\/03\/11\/cpi-dos-eua-pode-subir-em-fevereiro-antes-da-guerra-com-o-ira\/","og_site_name":"Motorista.com.br","article_published_time":"2026-03-11T17:32:38+00:00","author":"Equipe Reda\u00e7\u00e3o","twitter_card":"summary_large_image","twitter_misc":{"Escrito por":"Equipe Reda\u00e7\u00e3o","Est. tempo de leitura":"2 minutos","Written by":"Equipe Reda\u00e7\u00e3o"},"schema":{"@context":"https:\/\/schema.org","@graph":[{"@type":"Article","@id":"https:\/\/motorista.com.br\/noticias\/2026\/03\/11\/cpi-dos-eua-pode-subir-em-fevereiro-antes-da-guerra-com-o-ira\/#article","isPartOf":{"@id":"https:\/\/motorista.com.br\/noticias\/2026\/03\/11\/cpi-dos-eua-pode-subir-em-fevereiro-antes-da-guerra-com-o-ira\/"},"author":{"name":"Equipe Reda\u00e7\u00e3o","@id":"https:\/\/motorista.com.br\/noticias\/#\/schema\/person\/dc93afc2981c0e3ce6bc3c053fd847be"},"headline":"CPI dos EUA pode subir em fevereiro, antes da guerra com o Ir\u00e3","datePublished":"2026-03-11T17:32:38+00:00","mainEntityOfPage":{"@id":"https:\/\/motorista.com.br\/noticias\/2026\/03\/11\/cpi-dos-eua-pode-subir-em-fevereiro-antes-da-guerra-com-o-ira\/"},"wordCount":433,"publisher":{"@id":"https:\/\/motorista.com.br\/noticias\/#organization"},"image":{"@id":"https:\/\/motorista.com.br\/noticias\/2026\/03\/11\/cpi-dos-eua-pode-subir-em-fevereiro-antes-da-guerra-com-o-ira\/#primaryimage"},"thumbnailUrl":"https:\/\/motorista.com.br\/noticias\/wp-content\/uploads\/2026\/03\/cpi-eua-inflacao.jpg","articleSection":["Mercado Financeiro"],"inLanguage":"pt-BR"},{"@type":"WebPage","@id":"https:\/\/motorista.com.br\/noticias\/2026\/03\/11\/cpi-dos-eua-pode-subir-em-fevereiro-antes-da-guerra-com-o-ira\/","url":"https:\/\/motorista.com.br\/noticias\/2026\/03\/11\/cpi-dos-eua-pode-subir-em-fevereiro-antes-da-guerra-com-o-ira\/","name":"CPI dos EUA pode subir em fevereiro, antes da guerra com o Ir\u00e3 - Motorista.com.br","isPartOf":{"@id":"https:\/\/motorista.com.br\/noticias\/#website"},"primaryImageOfPage":{"@id":"https:\/\/motorista.com.br\/noticias\/2026\/03\/11\/cpi-dos-eua-pode-subir-em-fevereiro-antes-da-guerra-com-o-ira\/#primaryimage"},"image":{"@id":"https:\/\/motorista.com.br\/noticias\/2026\/03\/11\/cpi-dos-eua-pode-subir-em-fevereiro-antes-da-guerra-com-o-ira\/#primaryimage"},"thumbnailUrl":"https:\/\/motorista.com.br\/noticias\/wp-content\/uploads\/2026\/03\/cpi-eua-inflacao.jpg","datePublished":"2026-03-11T17:32:38+00:00","breadcrumb":{"@id":"https:\/\/motorista.com.br\/noticias\/2026\/03\/11\/cpi-dos-eua-pode-subir-em-fevereiro-antes-da-guerra-com-o-ira\/#breadcrumb"},"inLanguage":"pt-BR","potentialAction":[{"@type":"ReadAction","target":["https:\/\/motorista.com.br\/noticias\/2026\/03\/11\/cpi-dos-eua-pode-subir-em-fevereiro-antes-da-guerra-com-o-ira\/"]}]},{"@type":"ImageObject","inLanguage":"pt-BR","@id":"https:\/\/motorista.com.br\/noticias\/2026\/03\/11\/cpi-dos-eua-pode-subir-em-fevereiro-antes-da-guerra-com-o-ira\/#primaryimage","url":"https:\/\/motorista.com.br\/noticias\/wp-content\/uploads\/2026\/03\/cpi-eua-inflacao.jpg","contentUrl":"https:\/\/motorista.com.br\/noticias\/wp-content\/uploads\/2026\/03\/cpi-eua-inflacao.jpg","width":1280,"height":680},{"@type":"BreadcrumbList","@id":"https:\/\/motorista.com.br\/noticias\/2026\/03\/11\/cpi-dos-eua-pode-subir-em-fevereiro-antes-da-guerra-com-o-ira\/#breadcrumb","itemListElement":[{"@type":"ListItem","position":1,"name":"In\u00edcio","item":"https:\/\/motorista.com.br\/noticias\/"},{"@type":"ListItem","position":2,"name":"CPI dos EUA pode subir em fevereiro, antes da guerra com o Ir\u00e3"}]},{"@type":"WebSite","@id":"https:\/\/motorista.com.br\/noticias\/#website","url":"https:\/\/motorista.com.br\/noticias\/","name":"Motorista.com.br","description":"Not\u00edcia do Motorista","publisher":{"@id":"https:\/\/motorista.com.br\/noticias\/#organization"},"potentialAction":[{"@type":"SearchAction","target":{"@type":"EntryPoint","urlTemplate":"https:\/\/motorista.com.br\/noticias\/?s={search_term_string}"},"query-input":{"@type":"PropertyValueSpecification","valueRequired":true,"valueName":"search_term_string"}}],"inLanguage":"pt-BR"},{"@type":"Organization","@id":"https:\/\/motorista.com.br\/noticias\/#organization","name":"Motorista.com.br","url":"https:\/\/motorista.com.br\/noticias\/","logo":{"@type":"ImageObject","inLanguage":"pt-BR","@id":"https:\/\/motorista.com.br\/noticias\/#\/schema\/logo\/image\/","url":"https:\/\/motorista.com.br\/noticias\/wp-content\/uploads\/2025\/06\/Design-sem-nome-9.png","contentUrl":"https:\/\/motorista.com.br\/noticias\/wp-content\/uploads\/2025\/06\/Design-sem-nome-9.png","width":150,"height":85,"caption":"Motorista.com.br"},"image":{"@id":"https:\/\/motorista.com.br\/noticias\/#\/schema\/logo\/image\/"}},{"@type":"Person","@id":"https:\/\/motorista.com.br\/noticias\/#\/schema\/person\/dc93afc2981c0e3ce6bc3c053fd847be","name":"Equipe Reda\u00e7\u00e3o","image":{"@type":"ImageObject","inLanguage":"pt-BR","@id":"https:\/\/secure.gravatar.com\/avatar\/4f525efbf18dd2bb300ccad28bfb99d95a9465a5ba268407c8c37b37e1f28d2d?s=96&d=mm&r=g9e099043a0c61e9ae27e293b9fa75ffc","url":"https:\/\/secure.gravatar.com\/avatar\/4f525efbf18dd2bb300ccad28bfb99d95a9465a5ba268407c8c37b37e1f28d2d?s=96&d=mm&r=g","contentUrl":"https:\/\/secure.gravatar.com\/avatar\/4f525efbf18dd2bb300ccad28bfb99d95a9465a5ba268407c8c37b37e1f28d2d?s=96&d=mm&r=g","caption":"Equipe Reda\u00e7\u00e3o"},"description":"Equipe de reda\u00e7\u00e3o \u00e9 um grupo de profissionais que trabalham juntos para criar conte\u00fado escrito para Motorista.com.br","url":"https:\/\/motorista.com.br\/noticias\/author\/equiperedacao\/"}]}},"_links":{"self":[{"href":"https:\/\/motorista.com.br\/noticias\/wp-json\/wp\/v2\/posts\/7655","targetHints":{"allow":["GET"]}}],"collection":[{"href":"https:\/\/motorista.com.br\/noticias\/wp-json\/wp\/v2\/posts"}],"about":[{"href":"https:\/\/motorista.com.br\/noticias\/wp-json\/wp\/v2\/types\/post"}],"author":[{"embeddable":true,"href":"https:\/\/motorista.com.br\/noticias\/wp-json\/wp\/v2\/users\/4"}],"replies":[{"embeddable":true,"href":"https:\/\/motorista.com.br\/noticias\/wp-json\/wp\/v2\/comments?post=7655"}],"version-history":[{"count":0,"href":"https:\/\/motorista.com.br\/noticias\/wp-json\/wp\/v2\/posts\/7655\/revisions"}],"wp:featuredmedia":[{"embeddable":true,"href":"https:\/\/motorista.com.br\/noticias\/wp-json\/wp\/v2\/media\/7656"}],"wp:attachment":[{"href":"https:\/\/motorista.com.br\/noticias\/wp-json\/wp\/v2\/media?parent=7655"}],"wp:term":[{"taxonomy":"category","embeddable":true,"href":"https:\/\/motorista.com.br\/noticias\/wp-json\/wp\/v2\/categories?post=7655"},{"taxonomy":"post_tag","embeddable":true,"href":"https:\/\/motorista.com.br\/noticias\/wp-json\/wp\/v2\/tags?post=7655"},{"taxonomy":"author","embeddable":true,"href":"https:\/\/motorista.com.br\/noticias\/wp-json\/wp\/v2\/coauthors?post=7655"}],"curies":[{"name":"wp","href":"https:\/\/api.w.org\/{rel}","templated":true}]}}