{"id":7653,"date":"2026-03-11T10:17:02","date_gmt":"2026-03-11T13:17:02","guid":{"rendered":"https:\/\/motorista.com.br\/noticias\/2026\/03\/11\/ressarcimento-proporcional-e-os-limites-do-sistema-tributario-digital\/"},"modified":"2026-03-11T10:17:02","modified_gmt":"2026-03-11T13:17:02","slug":"ressarcimento-proporcional-e-os-limites-do-sistema-tributario-digital","status":"publish","type":"post","link":"https:\/\/motorista.com.br\/noticias\/2026\/03\/11\/ressarcimento-proporcional-e-os-limites-do-sistema-tributario-digital\/","title":{"rendered":"Ressarcimento proporcional e os limites do sistema tribut\u00e1rio digital."},"content":{"rendered":"<p><\/p>\n<h2>A Exigibilidade do Ressarcimento Proporcional e Suas Implica\u00e7\u00f5es na Mobilidade e nos Motoristas<\/h2>\n<h3>I. Introdu\u00e7\u00e3o: O Novo Cen\u00e1rio do PIS\/Cofins e a \u201cDesidrata\u00e7\u00e3o\u201d de Benef\u00edcios<\/h3>\n<p>A <strong>Lei Complementar n\u00ba 224\/2025<\/strong> provocou uma transforma\u00e7\u00e3o significativa na pol\u00edtica fiscal brasileira, alterando a din\u00e2mica dos benef\u00edcios fiscais. O novo regime determina que incentivos que anteriormente eram isentos passam a ser parcialmente tributados. <\/p>\n<p>Isso impacta diretamente setores essenciais, como o agroneg\u00f3cio, que historicamente se beneficiam de al\u00edquotas zero. A introdu\u00e7\u00e3o de uma carga tribut\u00e1ria residual de <strong>0,925%<\/strong> ao inv\u00e9s da al\u00edquota cheia de <strong>9,25%<\/strong> pode parecer trivial, mas os efeitos podem ser profundos, especialmente no que diz respeito ao fluxo de caixa e \u00e0 sustentabilidade das opera\u00e7\u00f5es.<\/p>\n<h3>II. O Impacto no Setor de Transporte<\/h3>\n<p>Para motoristas e empresas do setor de transporte, a mudan\u00e7a traz desafios consider\u00e1veis. A imobiliza\u00e7\u00e3o de cr\u00e9ditos que n\u00e3o podem ser ressarcidos afeta diretamente a liquidez das opera\u00e7\u00f5es. Como resultado, h\u00e1 uma press\u00e3o adicional sobre o capital de giro \u2014 um recurso j\u00e1 muitas vezes escasso em um setor que opera com margens de lucro estreitas.<\/p>\n<p>A dificuldade em acessar esses cr\u00e9ditos pode levar motoristas a enfrentar custos indiretos mais elevados, que podem ser repassados aos consumidores. Assim, a mobilidade urbana pode ser afetada, resultando em tarifas mais altas para o transporte, o que desestimula o uso de servi\u00e7os e impacta o deslocamento das pessoas nas cidades.<\/p>\n<h3>III. O Falso Tributo: Natureza Jur\u00eddica do Benef\u00edcio Desidratado<\/h3>\n<p>Advogar que a opera\u00e7\u00e3o com a carga residual de <strong>0,925%<\/strong> seja vista como tributada padr\u00e3o representa um equ\u00edvoco interpretativo. O setor de transporte, que depende fortemente de insumos e servi\u00e7os com al\u00edquotas elevadas, enfrenta um descompasso \u2014 ele paga tributos elevados na entrada, mas tem pouco retorno via ressarcimento.<\/p>\n<p>Este cen\u00e1rio pode afetar a opera\u00e7\u00e3o do transporte p\u00fablico e privado, influenciando a capacidade de investimento em melhorias e na expans\u00e3o dos servi\u00e7os. Para os motoristas, isso se traduz em mais dificuldades financeiras e, possivelmente, em menor qualidade nos servi\u00e7os prestados.<\/p>\n<h3>IV. O Pilar da Manuten\u00e7\u00e3o de Cr\u00e9dito e Seus Reflexos<\/h3>\n<p>A manuten\u00e7\u00e3o do cr\u00e9dito assegurada pelas leis tribut\u00e1rias deve operar como um pilar de suporte para todos os agentes econ\u00f4micos, incluindo motoristas. Caso a Receita Federal n\u00e3o se adapte rapidamente \u00e0s novas exig\u00eancias, a falta de acesso a recursos pode se tornar uma armadilha l\u00edquida, prejudicando a opera\u00e7\u00e3o de transportes e a capacidade de mobilidade urbana.<\/p>\n<p>Portanto, o ressarcimento proporcional deve ser respeitado para que esses profissionais possam continuar a operar de maneira sustent\u00e1vel. Caso contr\u00e1rio, ficamos diante de um ciclo vicioso que exacerba a crise no setor de mobilidade.<\/p>\n<h3>V. Conclus\u00e3o: Entre o Direito e o Sistema<\/h3>\n<p>Em suma, a nova configura\u00e7\u00e3o tribut\u00e1ria imposta pela <strong>Lei Complementar n\u00ba 224\/2025<\/strong> deve ser vista como um caso de urg\u00eancia n\u00e3o apenas para a adapta\u00e7\u00e3o das empresas, mas para preservar a mobilidade urbana, vital para nossa economia. \u00c9 fundamental que a Receita Federal tome medidas que garantam o ressarcimento para que os motoristas n\u00e3o enfrentem mais dificuldades financeiras, levando \u00e0 deteriora\u00e7\u00e3o da qualidade do transporte p\u00fablico e privado.<\/p>\n<p>Um setor de transporte saud\u00e1vel \u00e9 indispens\u00e1vel para a prosperidade da economia e para a mobilidade das pessoas em contextos urbanos, onde cada dia se torna mais crucial otimizar os recursos dispon\u00edveis. Portanto, \u00e9 necess\u00e1rio que o direito ao ressarcimento seja respeitado e que as adapta\u00e7\u00f5es sist\u00eamicas ocorram de maneira eficaz para evitar um potencial colapso no setor.<\/p>\n<hr \/>\n<p><strong>Fonte:<\/strong> motorista<\/p>\n","protected":false},"excerpt":{"rendered":"<p>A Exigibilidade do Ressarcimento Proporcional e Suas Implica\u00e7\u00f5es na Mobilidade e nos Motoristas I. Introdu\u00e7\u00e3o: O Novo Cen\u00e1rio do PIS\/Cofins e a \u201cDesidrata\u00e7\u00e3o\u201d de Benef\u00edcios A Lei Complementar n\u00ba 224\/2025 provocou uma transforma\u00e7\u00e3o significativa na pol\u00edtica fiscal brasileira, alterando a din\u00e2mica dos benef\u00edcios fiscais. O novo regime determina que incentivos que anteriormente eram isentos passam &hellip;<\/p>\n","protected":false},"author":4,"featured_media":7654,"comment_status":"","ping_status":"open","sticky":false,"template":"","format":"standard","meta":{"footnotes":""},"categories":[35],"tags":[],"coauthors":[42],"class_list":["post-7653","post","type-post","status-publish","format-standard","has-post-thumbnail","hentry","category-legislacao"],"yoast_head":"<!-- This site is optimized with the Yoast SEO Premium plugin v25.5 (Yoast SEO v27.5) - https:\/\/yoast.com\/product\/yoast-seo-premium-wordpress\/ -->\n<title>Ressarcimento proporcional e os limites do sistema tribut\u00e1rio digital. - Motorista.com.br<\/title>\n<meta name=\"robots\" content=\"index, follow, max-snippet:-1, max-image-preview:large, max-video-preview:-1\" \/>\n<link rel=\"canonical\" href=\"https:\/\/motorista.com.br\/noticias\/2026\/03\/11\/ressarcimento-proporcional-e-os-limites-do-sistema-tributario-digital\/\" \/>\n<meta property=\"og:locale\" content=\"pt_BR\" \/>\n<meta property=\"og:type\" content=\"article\" \/>\n<meta property=\"og:title\" content=\"Ressarcimento proporcional e os limites do sistema tribut\u00e1rio digital.\" \/>\n<meta property=\"og:description\" content=\"A Exigibilidade do Ressarcimento Proporcional e Suas Implica\u00e7\u00f5es na Mobilidade e nos Motoristas I. Introdu\u00e7\u00e3o: O Novo Cen\u00e1rio do PIS\/Cofins e a \u201cDesidrata\u00e7\u00e3o\u201d de Benef\u00edcios A Lei Complementar n\u00ba 224\/2025 provocou uma transforma\u00e7\u00e3o significativa na pol\u00edtica fiscal brasileira, alterando a din\u00e2mica dos benef\u00edcios fiscais. O novo regime determina que incentivos que anteriormente eram isentos passam &hellip;\" \/>\n<meta property=\"og:url\" content=\"https:\/\/motorista.com.br\/noticias\/2026\/03\/11\/ressarcimento-proporcional-e-os-limites-do-sistema-tributario-digital\/\" \/>\n<meta property=\"og:site_name\" content=\"Motorista.com.br\" \/>\n<meta property=\"article:published_time\" content=\"2026-03-11T13:17:02+00:00\" \/>\n<meta name=\"author\" content=\"Equipe Reda\u00e7\u00e3o\" \/>\n<meta name=\"twitter:card\" content=\"summary_large_image\" \/>\n<meta name=\"twitter:label1\" content=\"Escrito por\" \/>\n\t<meta name=\"twitter:data1\" content=\"Equipe Reda\u00e7\u00e3o\" \/>\n\t<meta name=\"twitter:label2\" content=\"Est. tempo de leitura\" \/>\n\t<meta name=\"twitter:data2\" content=\"3 minutos\" \/>\n\t<meta name=\"twitter:label3\" content=\"Written by\" \/>\n\t<meta name=\"twitter:data3\" content=\"Equipe Reda\u00e7\u00e3o\" \/>\n<script type=\"application\/ld+json\" class=\"yoast-schema-graph\">{\"@context\":\"https:\\\/\\\/schema.org\",\"@graph\":[{\"@type\":\"Article\",\"@id\":\"https:\\\/\\\/motorista.com.br\\\/noticias\\\/2026\\\/03\\\/11\\\/ressarcimento-proporcional-e-os-limites-do-sistema-tributario-digital\\\/#article\",\"isPartOf\":{\"@id\":\"https:\\\/\\\/motorista.com.br\\\/noticias\\\/2026\\\/03\\\/11\\\/ressarcimento-proporcional-e-os-limites-do-sistema-tributario-digital\\\/\"},\"author\":{\"name\":\"Equipe Reda\u00e7\u00e3o\",\"@id\":\"https:\\\/\\\/motorista.com.br\\\/noticias\\\/#\\\/schema\\\/person\\\/dc93afc2981c0e3ce6bc3c053fd847be\"},\"headline\":\"Ressarcimento proporcional e os limites do sistema tribut\u00e1rio digital.\",\"datePublished\":\"2026-03-11T13:17:02+00:00\",\"mainEntityOfPage\":{\"@id\":\"https:\\\/\\\/motorista.com.br\\\/noticias\\\/2026\\\/03\\\/11\\\/ressarcimento-proporcional-e-os-limites-do-sistema-tributario-digital\\\/\"},\"wordCount\":626,\"publisher\":{\"@id\":\"https:\\\/\\\/motorista.com.br\\\/noticias\\\/#organization\"},\"image\":{\"@id\":\"https:\\\/\\\/motorista.com.br\\\/noticias\\\/2026\\\/03\\\/11\\\/ressarcimento-proporcional-e-os-limites-do-sistema-tributario-digital\\\/#primaryimage\"},\"thumbnailUrl\":\"https:\\\/\\\/motorista.com.br\\\/noticias\\\/wp-content\\\/uploads\\\/2026\\\/03\\\/Inercia-do-PERDCOMP-frente-a-LC-2242025.jpg\",\"articleSection\":[\"Legisla\u00e7\u00e3o\"],\"inLanguage\":\"pt-BR\"},{\"@type\":\"WebPage\",\"@id\":\"https:\\\/\\\/motorista.com.br\\\/noticias\\\/2026\\\/03\\\/11\\\/ressarcimento-proporcional-e-os-limites-do-sistema-tributario-digital\\\/\",\"url\":\"https:\\\/\\\/motorista.com.br\\\/noticias\\\/2026\\\/03\\\/11\\\/ressarcimento-proporcional-e-os-limites-do-sistema-tributario-digital\\\/\",\"name\":\"Ressarcimento proporcional e os limites do sistema tribut\u00e1rio digital. - Motorista.com.br\",\"isPartOf\":{\"@id\":\"https:\\\/\\\/motorista.com.br\\\/noticias\\\/#website\"},\"primaryImageOfPage\":{\"@id\":\"https:\\\/\\\/motorista.com.br\\\/noticias\\\/2026\\\/03\\\/11\\\/ressarcimento-proporcional-e-os-limites-do-sistema-tributario-digital\\\/#primaryimage\"},\"image\":{\"@id\":\"https:\\\/\\\/motorista.com.br\\\/noticias\\\/2026\\\/03\\\/11\\\/ressarcimento-proporcional-e-os-limites-do-sistema-tributario-digital\\\/#primaryimage\"},\"thumbnailUrl\":\"https:\\\/\\\/motorista.com.br\\\/noticias\\\/wp-content\\\/uploads\\\/2026\\\/03\\\/Inercia-do-PERDCOMP-frente-a-LC-2242025.jpg\",\"datePublished\":\"2026-03-11T13:17:02+00:00\",\"breadcrumb\":{\"@id\":\"https:\\\/\\\/motorista.com.br\\\/noticias\\\/2026\\\/03\\\/11\\\/ressarcimento-proporcional-e-os-limites-do-sistema-tributario-digital\\\/#breadcrumb\"},\"inLanguage\":\"pt-BR\",\"potentialAction\":[{\"@type\":\"ReadAction\",\"target\":[\"https:\\\/\\\/motorista.com.br\\\/noticias\\\/2026\\\/03\\\/11\\\/ressarcimento-proporcional-e-os-limites-do-sistema-tributario-digital\\\/\"]}]},{\"@type\":\"ImageObject\",\"inLanguage\":\"pt-BR\",\"@id\":\"https:\\\/\\\/motorista.com.br\\\/noticias\\\/2026\\\/03\\\/11\\\/ressarcimento-proporcional-e-os-limites-do-sistema-tributario-digital\\\/#primaryimage\",\"url\":\"https:\\\/\\\/motorista.com.br\\\/noticias\\\/wp-content\\\/uploads\\\/2026\\\/03\\\/Inercia-do-PERDCOMP-frente-a-LC-2242025.jpg\",\"contentUrl\":\"https:\\\/\\\/motorista.com.br\\\/noticias\\\/wp-content\\\/uploads\\\/2026\\\/03\\\/Inercia-do-PERDCOMP-frente-a-LC-2242025.jpg\",\"width\":561,\"height\":303},{\"@type\":\"BreadcrumbList\",\"@id\":\"https:\\\/\\\/motorista.com.br\\\/noticias\\\/2026\\\/03\\\/11\\\/ressarcimento-proporcional-e-os-limites-do-sistema-tributario-digital\\\/#breadcrumb\",\"itemListElement\":[{\"@type\":\"ListItem\",\"position\":1,\"name\":\"In\u00edcio\",\"item\":\"https:\\\/\\\/motorista.com.br\\\/noticias\\\/\"},{\"@type\":\"ListItem\",\"position\":2,\"name\":\"Ressarcimento proporcional e os limites do sistema tribut\u00e1rio digital.\"}]},{\"@type\":\"WebSite\",\"@id\":\"https:\\\/\\\/motorista.com.br\\\/noticias\\\/#website\",\"url\":\"https:\\\/\\\/motorista.com.br\\\/noticias\\\/\",\"name\":\"Motorista.com.br\",\"description\":\"Not\u00edcia do Motorista\",\"publisher\":{\"@id\":\"https:\\\/\\\/motorista.com.br\\\/noticias\\\/#organization\"},\"potentialAction\":[{\"@type\":\"SearchAction\",\"target\":{\"@type\":\"EntryPoint\",\"urlTemplate\":\"https:\\\/\\\/motorista.com.br\\\/noticias\\\/?s={search_term_string}\"},\"query-input\":{\"@type\":\"PropertyValueSpecification\",\"valueRequired\":true,\"valueName\":\"search_term_string\"}}],\"inLanguage\":\"pt-BR\"},{\"@type\":\"Organization\",\"@id\":\"https:\\\/\\\/motorista.com.br\\\/noticias\\\/#organization\",\"name\":\"Motorista.com.br\",\"url\":\"https:\\\/\\\/motorista.com.br\\\/noticias\\\/\",\"logo\":{\"@type\":\"ImageObject\",\"inLanguage\":\"pt-BR\",\"@id\":\"https:\\\/\\\/motorista.com.br\\\/noticias\\\/#\\\/schema\\\/logo\\\/image\\\/\",\"url\":\"https:\\\/\\\/motorista.com.br\\\/noticias\\\/wp-content\\\/uploads\\\/2025\\\/06\\\/Design-sem-nome-9.png\",\"contentUrl\":\"https:\\\/\\\/motorista.com.br\\\/noticias\\\/wp-content\\\/uploads\\\/2025\\\/06\\\/Design-sem-nome-9.png\",\"width\":150,\"height\":85,\"caption\":\"Motorista.com.br\"},\"image\":{\"@id\":\"https:\\\/\\\/motorista.com.br\\\/noticias\\\/#\\\/schema\\\/logo\\\/image\\\/\"}},{\"@type\":\"Person\",\"@id\":\"https:\\\/\\\/motorista.com.br\\\/noticias\\\/#\\\/schema\\\/person\\\/dc93afc2981c0e3ce6bc3c053fd847be\",\"name\":\"Equipe Reda\u00e7\u00e3o\",\"image\":{\"@type\":\"ImageObject\",\"inLanguage\":\"pt-BR\",\"@id\":\"https:\\\/\\\/secure.gravatar.com\\\/avatar\\\/4f525efbf18dd2bb300ccad28bfb99d95a9465a5ba268407c8c37b37e1f28d2d?s=96&d=mm&r=g9e099043a0c61e9ae27e293b9fa75ffc\",\"url\":\"https:\\\/\\\/secure.gravatar.com\\\/avatar\\\/4f525efbf18dd2bb300ccad28bfb99d95a9465a5ba268407c8c37b37e1f28d2d?s=96&d=mm&r=g\",\"contentUrl\":\"https:\\\/\\\/secure.gravatar.com\\\/avatar\\\/4f525efbf18dd2bb300ccad28bfb99d95a9465a5ba268407c8c37b37e1f28d2d?s=96&d=mm&r=g\",\"caption\":\"Equipe Reda\u00e7\u00e3o\"},\"description\":\"Equipe de reda\u00e7\u00e3o \u00e9 um grupo de profissionais que trabalham juntos para criar conte\u00fado escrito para Motorista.com.br\",\"url\":\"https:\\\/\\\/motorista.com.br\\\/noticias\\\/author\\\/equiperedacao\\\/\"}]}<\/script>\n<!-- \/ Yoast SEO Premium plugin. -->","yoast_head_json":{"title":"Ressarcimento proporcional e os limites do sistema tribut\u00e1rio digital. - Motorista.com.br","robots":{"index":"index","follow":"follow","max-snippet":"max-snippet:-1","max-image-preview":"max-image-preview:large","max-video-preview":"max-video-preview:-1"},"canonical":"https:\/\/motorista.com.br\/noticias\/2026\/03\/11\/ressarcimento-proporcional-e-os-limites-do-sistema-tributario-digital\/","og_locale":"pt_BR","og_type":"article","og_title":"Ressarcimento proporcional e os limites do sistema tribut\u00e1rio digital.","og_description":"A Exigibilidade do Ressarcimento Proporcional e Suas Implica\u00e7\u00f5es na Mobilidade e nos Motoristas I. Introdu\u00e7\u00e3o: O Novo Cen\u00e1rio do PIS\/Cofins e a \u201cDesidrata\u00e7\u00e3o\u201d de Benef\u00edcios A Lei Complementar n\u00ba 224\/2025 provocou uma transforma\u00e7\u00e3o significativa na pol\u00edtica fiscal brasileira, alterando a din\u00e2mica dos benef\u00edcios fiscais. O novo regime determina que incentivos que anteriormente eram isentos passam &hellip;","og_url":"https:\/\/motorista.com.br\/noticias\/2026\/03\/11\/ressarcimento-proporcional-e-os-limites-do-sistema-tributario-digital\/","og_site_name":"Motorista.com.br","article_published_time":"2026-03-11T13:17:02+00:00","author":"Equipe Reda\u00e7\u00e3o","twitter_card":"summary_large_image","twitter_misc":{"Escrito por":"Equipe Reda\u00e7\u00e3o","Est. tempo de leitura":"3 minutos","Written by":"Equipe Reda\u00e7\u00e3o"},"schema":{"@context":"https:\/\/schema.org","@graph":[{"@type":"Article","@id":"https:\/\/motorista.com.br\/noticias\/2026\/03\/11\/ressarcimento-proporcional-e-os-limites-do-sistema-tributario-digital\/#article","isPartOf":{"@id":"https:\/\/motorista.com.br\/noticias\/2026\/03\/11\/ressarcimento-proporcional-e-os-limites-do-sistema-tributario-digital\/"},"author":{"name":"Equipe Reda\u00e7\u00e3o","@id":"https:\/\/motorista.com.br\/noticias\/#\/schema\/person\/dc93afc2981c0e3ce6bc3c053fd847be"},"headline":"Ressarcimento proporcional e os limites do sistema tribut\u00e1rio digital.","datePublished":"2026-03-11T13:17:02+00:00","mainEntityOfPage":{"@id":"https:\/\/motorista.com.br\/noticias\/2026\/03\/11\/ressarcimento-proporcional-e-os-limites-do-sistema-tributario-digital\/"},"wordCount":626,"publisher":{"@id":"https:\/\/motorista.com.br\/noticias\/#organization"},"image":{"@id":"https:\/\/motorista.com.br\/noticias\/2026\/03\/11\/ressarcimento-proporcional-e-os-limites-do-sistema-tributario-digital\/#primaryimage"},"thumbnailUrl":"https:\/\/motorista.com.br\/noticias\/wp-content\/uploads\/2026\/03\/Inercia-do-PERDCOMP-frente-a-LC-2242025.jpg","articleSection":["Legisla\u00e7\u00e3o"],"inLanguage":"pt-BR"},{"@type":"WebPage","@id":"https:\/\/motorista.com.br\/noticias\/2026\/03\/11\/ressarcimento-proporcional-e-os-limites-do-sistema-tributario-digital\/","url":"https:\/\/motorista.com.br\/noticias\/2026\/03\/11\/ressarcimento-proporcional-e-os-limites-do-sistema-tributario-digital\/","name":"Ressarcimento proporcional e os limites do sistema tribut\u00e1rio digital. - Motorista.com.br","isPartOf":{"@id":"https:\/\/motorista.com.br\/noticias\/#website"},"primaryImageOfPage":{"@id":"https:\/\/motorista.com.br\/noticias\/2026\/03\/11\/ressarcimento-proporcional-e-os-limites-do-sistema-tributario-digital\/#primaryimage"},"image":{"@id":"https:\/\/motorista.com.br\/noticias\/2026\/03\/11\/ressarcimento-proporcional-e-os-limites-do-sistema-tributario-digital\/#primaryimage"},"thumbnailUrl":"https:\/\/motorista.com.br\/noticias\/wp-content\/uploads\/2026\/03\/Inercia-do-PERDCOMP-frente-a-LC-2242025.jpg","datePublished":"2026-03-11T13:17:02+00:00","breadcrumb":{"@id":"https:\/\/motorista.com.br\/noticias\/2026\/03\/11\/ressarcimento-proporcional-e-os-limites-do-sistema-tributario-digital\/#breadcrumb"},"inLanguage":"pt-BR","potentialAction":[{"@type":"ReadAction","target":["https:\/\/motorista.com.br\/noticias\/2026\/03\/11\/ressarcimento-proporcional-e-os-limites-do-sistema-tributario-digital\/"]}]},{"@type":"ImageObject","inLanguage":"pt-BR","@id":"https:\/\/motorista.com.br\/noticias\/2026\/03\/11\/ressarcimento-proporcional-e-os-limites-do-sistema-tributario-digital\/#primaryimage","url":"https:\/\/motorista.com.br\/noticias\/wp-content\/uploads\/2026\/03\/Inercia-do-PERDCOMP-frente-a-LC-2242025.jpg","contentUrl":"https:\/\/motorista.com.br\/noticias\/wp-content\/uploads\/2026\/03\/Inercia-do-PERDCOMP-frente-a-LC-2242025.jpg","width":561,"height":303},{"@type":"BreadcrumbList","@id":"https:\/\/motorista.com.br\/noticias\/2026\/03\/11\/ressarcimento-proporcional-e-os-limites-do-sistema-tributario-digital\/#breadcrumb","itemListElement":[{"@type":"ListItem","position":1,"name":"In\u00edcio","item":"https:\/\/motorista.com.br\/noticias\/"},{"@type":"ListItem","position":2,"name":"Ressarcimento proporcional e os limites do sistema tribut\u00e1rio digital."}]},{"@type":"WebSite","@id":"https:\/\/motorista.com.br\/noticias\/#website","url":"https:\/\/motorista.com.br\/noticias\/","name":"Motorista.com.br","description":"Not\u00edcia do Motorista","publisher":{"@id":"https:\/\/motorista.com.br\/noticias\/#organization"},"potentialAction":[{"@type":"SearchAction","target":{"@type":"EntryPoint","urlTemplate":"https:\/\/motorista.com.br\/noticias\/?s={search_term_string}"},"query-input":{"@type":"PropertyValueSpecification","valueRequired":true,"valueName":"search_term_string"}}],"inLanguage":"pt-BR"},{"@type":"Organization","@id":"https:\/\/motorista.com.br\/noticias\/#organization","name":"Motorista.com.br","url":"https:\/\/motorista.com.br\/noticias\/","logo":{"@type":"ImageObject","inLanguage":"pt-BR","@id":"https:\/\/motorista.com.br\/noticias\/#\/schema\/logo\/image\/","url":"https:\/\/motorista.com.br\/noticias\/wp-content\/uploads\/2025\/06\/Design-sem-nome-9.png","contentUrl":"https:\/\/motorista.com.br\/noticias\/wp-content\/uploads\/2025\/06\/Design-sem-nome-9.png","width":150,"height":85,"caption":"Motorista.com.br"},"image":{"@id":"https:\/\/motorista.com.br\/noticias\/#\/schema\/logo\/image\/"}},{"@type":"Person","@id":"https:\/\/motorista.com.br\/noticias\/#\/schema\/person\/dc93afc2981c0e3ce6bc3c053fd847be","name":"Equipe Reda\u00e7\u00e3o","image":{"@type":"ImageObject","inLanguage":"pt-BR","@id":"https:\/\/secure.gravatar.com\/avatar\/4f525efbf18dd2bb300ccad28bfb99d95a9465a5ba268407c8c37b37e1f28d2d?s=96&d=mm&r=g9e099043a0c61e9ae27e293b9fa75ffc","url":"https:\/\/secure.gravatar.com\/avatar\/4f525efbf18dd2bb300ccad28bfb99d95a9465a5ba268407c8c37b37e1f28d2d?s=96&d=mm&r=g","contentUrl":"https:\/\/secure.gravatar.com\/avatar\/4f525efbf18dd2bb300ccad28bfb99d95a9465a5ba268407c8c37b37e1f28d2d?s=96&d=mm&r=g","caption":"Equipe Reda\u00e7\u00e3o"},"description":"Equipe de reda\u00e7\u00e3o \u00e9 um grupo de profissionais que trabalham juntos para criar conte\u00fado escrito para Motorista.com.br","url":"https:\/\/motorista.com.br\/noticias\/author\/equiperedacao\/"}]}},"_links":{"self":[{"href":"https:\/\/motorista.com.br\/noticias\/wp-json\/wp\/v2\/posts\/7653","targetHints":{"allow":["GET"]}}],"collection":[{"href":"https:\/\/motorista.com.br\/noticias\/wp-json\/wp\/v2\/posts"}],"about":[{"href":"https:\/\/motorista.com.br\/noticias\/wp-json\/wp\/v2\/types\/post"}],"author":[{"embeddable":true,"href":"https:\/\/motorista.com.br\/noticias\/wp-json\/wp\/v2\/users\/4"}],"replies":[{"embeddable":true,"href":"https:\/\/motorista.com.br\/noticias\/wp-json\/wp\/v2\/comments?post=7653"}],"version-history":[{"count":0,"href":"https:\/\/motorista.com.br\/noticias\/wp-json\/wp\/v2\/posts\/7653\/revisions"}],"wp:featuredmedia":[{"embeddable":true,"href":"https:\/\/motorista.com.br\/noticias\/wp-json\/wp\/v2\/media\/7654"}],"wp:attachment":[{"href":"https:\/\/motorista.com.br\/noticias\/wp-json\/wp\/v2\/media?parent=7653"}],"wp:term":[{"taxonomy":"category","embeddable":true,"href":"https:\/\/motorista.com.br\/noticias\/wp-json\/wp\/v2\/categories?post=7653"},{"taxonomy":"post_tag","embeddable":true,"href":"https:\/\/motorista.com.br\/noticias\/wp-json\/wp\/v2\/tags?post=7653"},{"taxonomy":"author","embeddable":true,"href":"https:\/\/motorista.com.br\/noticias\/wp-json\/wp\/v2\/coauthors?post=7653"}],"curies":[{"name":"wp","href":"https:\/\/api.w.org\/{rel}","templated":true}]}}