{"id":7651,"date":"2026-03-11T09:12:45","date_gmt":"2026-03-11T12:12:45","guid":{"rendered":"https:\/\/motorista.com.br\/noticias\/2026\/03\/11\/ibl-participa-do-i-seminario-pianc-brasil-sobre-portos-e-hidrovias\/"},"modified":"2026-03-11T09:12:45","modified_gmt":"2026-03-11T12:12:45","slug":"ibl-participa-do-i-seminario-pianc-brasil-sobre-portos-e-hidrovias","status":"publish","type":"post","link":"https:\/\/motorista.com.br\/noticias\/2026\/03\/11\/ibl-participa-do-i-seminario-pianc-brasil-sobre-portos-e-hidrovias\/","title":{"rendered":"IBL participa do I Semin\u00e1rio PIANC Brasil sobre portos e hidrovias"},"content":{"rendered":"<p><\/p>\n<div>\n<p><strong><u>IBL MARCA PRESEN\u00c7A NO I SEMIN\u00c1RIO PIANC BRASIL<\/u><\/strong><\/p>\n<p>O Instituto Brasil Log\u00edstica (IBL) recentemente participou do I Semin\u00e1rio PIANC Brasil, que abordou diretrizes globais para portos e hidrovias. Este evento destacou como a moderniza\u00e7\u00e3o e a adapta\u00e7\u00e3o das infraestruturas portu\u00e1rias e hidrovi\u00e1rias podem impactar diretamente a mobilidade e o transporte no pa\u00eds, refletindo em benef\u00edcios n\u00e3o apenas para a log\u00edstica, mas tamb\u00e9m para os motoristas e para a sociedade em geral.<\/p>\n<p><strong>BENEF\u00cdCIOS PARA OS MOTORISTAS<\/strong><\/p>\n<p>A melhoria na infraestrutura portu\u00e1ria e das hidrovias tem um impacto significativo na mobilidade dos motoristas. Com portos mais eficientes, a movimenta\u00e7\u00e3o de cargas se torna mais \u00e1gil, reduzindo o tempo de transporte e contribuindo para a diminui\u00e7\u00e3o do tr\u00e2nsito nas estradas de acesso. Al\u00e9m disso, a otimiza\u00e7\u00e3o das rotas mar\u00edtimas pode diminuir os custos operacionais para os transportadores, refletindo em tarifas mais baixas para os consumidores.<\/p>\n<p><strong>IMPACTOS NA MOBILIDADE GERAL<\/strong><\/p>\n<p>As diretrizes apresentadas no semin\u00e1rio tamb\u00e9m visam promover uma mobilidade sustent\u00e1vel. A integra\u00e7\u00e3o entre diferentes modais de transporte, como rodovi\u00e1rio, ferrovi\u00e1rio e aquavi\u00e1rio, cria um sistema log\u00edstico mais eficiente, resultando em menos emiss\u00f5es de poluentes e melhor qualidade do ar. Para os motoristas, isso significa n\u00e3o apenas um tr\u00e2nsito mais fluido, mas tamb\u00e9m um ambiente mais saud\u00e1vel e seguro.<\/p>\n<p>A troca de experi\u00eancias entre especialistas e autoridades no semin\u00e1rio evidencia a import\u00e2ncia do di\u00e1logo cont\u00ednuo no aprimoramento das diretrizes e na implementa\u00e7\u00e3o de pr\u00e1ticas inovadoras. Investir nas diretrizes discutidas n\u00e3o \u00e9 apenas um imperativo log\u00edstico, mas tamb\u00e9m uma necessidade para o desenvolvimento sustent\u00e1vel do transporte no Brasil.<\/p>\n<p>Dessa forma, o IBL reafirma seu compromisso em fomentar pr\u00e1ticas que melhorem a efici\u00eancia do transporte e integra\u00e7\u00e3o das vias, sempre visando o bem-estar dos motoristas e da sociedade como um todo.<\/p>\n<p><strong>Fonte: IBL<\/strong><\/p>\n<\/div>\n","protected":false},"excerpt":{"rendered":"<p>IBL MARCA PRESEN\u00c7A NO I SEMIN\u00c1RIO PIANC BRASIL O Instituto Brasil Log\u00edstica (IBL) recentemente participou do I Semin\u00e1rio PIANC Brasil, que abordou diretrizes globais para portos e hidrovias. Este evento destacou como a moderniza\u00e7\u00e3o e a adapta\u00e7\u00e3o das infraestruturas portu\u00e1rias e hidrovi\u00e1rias podem impactar diretamente a mobilidade e o transporte no pa\u00eds, refletindo em benef\u00edcios &hellip;<\/p>\n","protected":false},"author":4,"featured_media":7652,"comment_status":"","ping_status":"open","sticky":false,"template":"","format":"standard","meta":{"footnotes":""},"categories":[62],"tags":[],"coauthors":[42],"class_list":["post-7651","post","type-post","status-publish","format-standard","has-post-thumbnail","hentry","category-logistica"],"yoast_head":"<!-- This site is optimized with the Yoast SEO Premium plugin v25.5 (Yoast SEO v27.5) - https:\/\/yoast.com\/product\/yoast-seo-premium-wordpress\/ -->\n<title>IBL participa do I Semin\u00e1rio PIANC Brasil sobre portos e hidrovias - Motorista.com.br<\/title>\n<meta name=\"robots\" content=\"index, follow, max-snippet:-1, max-image-preview:large, max-video-preview:-1\" \/>\n<link rel=\"canonical\" href=\"https:\/\/motorista.com.br\/noticias\/2026\/03\/11\/ibl-participa-do-i-seminario-pianc-brasil-sobre-portos-e-hidrovias\/\" \/>\n<meta property=\"og:locale\" content=\"pt_BR\" \/>\n<meta property=\"og:type\" content=\"article\" \/>\n<meta property=\"og:title\" content=\"IBL participa do I Semin\u00e1rio PIANC Brasil sobre portos e hidrovias\" \/>\n<meta property=\"og:description\" content=\"IBL MARCA PRESEN\u00c7A NO I SEMIN\u00c1RIO PIANC BRASIL O Instituto Brasil Log\u00edstica (IBL) recentemente participou do I Semin\u00e1rio PIANC Brasil, que abordou diretrizes globais para portos e hidrovias. Este evento destacou como a moderniza\u00e7\u00e3o e a adapta\u00e7\u00e3o das infraestruturas portu\u00e1rias e hidrovi\u00e1rias podem impactar diretamente a mobilidade e o transporte no pa\u00eds, refletindo em benef\u00edcios &hellip;\" \/>\n<meta property=\"og:url\" content=\"https:\/\/motorista.com.br\/noticias\/2026\/03\/11\/ibl-participa-do-i-seminario-pianc-brasil-sobre-portos-e-hidrovias\/\" \/>\n<meta property=\"og:site_name\" content=\"Motorista.com.br\" \/>\n<meta property=\"article:published_time\" content=\"2026-03-11T12:12:45+00:00\" \/>\n<meta name=\"author\" content=\"Equipe Reda\u00e7\u00e3o\" \/>\n<meta name=\"twitter:card\" content=\"summary_large_image\" \/>\n<meta name=\"twitter:label1\" content=\"Escrito por\" \/>\n\t<meta name=\"twitter:data1\" content=\"Equipe Reda\u00e7\u00e3o\" \/>\n\t<meta name=\"twitter:label2\" content=\"Est. tempo de leitura\" \/>\n\t<meta name=\"twitter:data2\" content=\"2 minutos\" \/>\n\t<meta name=\"twitter:label3\" content=\"Written by\" \/>\n\t<meta name=\"twitter:data3\" content=\"Equipe Reda\u00e7\u00e3o\" \/>\n<script type=\"application\/ld+json\" class=\"yoast-schema-graph\">{\"@context\":\"https:\\\/\\\/schema.org\",\"@graph\":[{\"@type\":\"Article\",\"@id\":\"https:\\\/\\\/motorista.com.br\\\/noticias\\\/2026\\\/03\\\/11\\\/ibl-participa-do-i-seminario-pianc-brasil-sobre-portos-e-hidrovias\\\/#article\",\"isPartOf\":{\"@id\":\"https:\\\/\\\/motorista.com.br\\\/noticias\\\/2026\\\/03\\\/11\\\/ibl-participa-do-i-seminario-pianc-brasil-sobre-portos-e-hidrovias\\\/\"},\"author\":{\"name\":\"Equipe Reda\u00e7\u00e3o\",\"@id\":\"https:\\\/\\\/motorista.com.br\\\/noticias\\\/#\\\/schema\\\/person\\\/dc93afc2981c0e3ce6bc3c053fd847be\"},\"headline\":\"IBL participa do I Semin\u00e1rio PIANC Brasil sobre portos e hidrovias\",\"datePublished\":\"2026-03-11T12:12:45+00:00\",\"mainEntityOfPage\":{\"@id\":\"https:\\\/\\\/motorista.com.br\\\/noticias\\\/2026\\\/03\\\/11\\\/ibl-participa-do-i-seminario-pianc-brasil-sobre-portos-e-hidrovias\\\/\"},\"wordCount\":346,\"publisher\":{\"@id\":\"https:\\\/\\\/motorista.com.br\\\/noticias\\\/#organization\"},\"image\":{\"@id\":\"https:\\\/\\\/motorista.com.br\\\/noticias\\\/2026\\\/03\\\/11\\\/ibl-participa-do-i-seminario-pianc-brasil-sobre-portos-e-hidrovias\\\/#primaryimage\"},\"thumbnailUrl\":\"https:\\\/\\\/motorista.com.br\\\/noticias\\\/wp-content\\\/uploads\\\/2026\\\/03\\\/WhatsApp-Image-2026-03-10-at-18.27.30.jpeg\",\"articleSection\":[\"Log\u00edstica\"],\"inLanguage\":\"pt-BR\"},{\"@type\":\"WebPage\",\"@id\":\"https:\\\/\\\/motorista.com.br\\\/noticias\\\/2026\\\/03\\\/11\\\/ibl-participa-do-i-seminario-pianc-brasil-sobre-portos-e-hidrovias\\\/\",\"url\":\"https:\\\/\\\/motorista.com.br\\\/noticias\\\/2026\\\/03\\\/11\\\/ibl-participa-do-i-seminario-pianc-brasil-sobre-portos-e-hidrovias\\\/\",\"name\":\"IBL participa do I Semin\u00e1rio PIANC Brasil sobre portos e hidrovias - Motorista.com.br\",\"isPartOf\":{\"@id\":\"https:\\\/\\\/motorista.com.br\\\/noticias\\\/#website\"},\"primaryImageOfPage\":{\"@id\":\"https:\\\/\\\/motorista.com.br\\\/noticias\\\/2026\\\/03\\\/11\\\/ibl-participa-do-i-seminario-pianc-brasil-sobre-portos-e-hidrovias\\\/#primaryimage\"},\"image\":{\"@id\":\"https:\\\/\\\/motorista.com.br\\\/noticias\\\/2026\\\/03\\\/11\\\/ibl-participa-do-i-seminario-pianc-brasil-sobre-portos-e-hidrovias\\\/#primaryimage\"},\"thumbnailUrl\":\"https:\\\/\\\/motorista.com.br\\\/noticias\\\/wp-content\\\/uploads\\\/2026\\\/03\\\/WhatsApp-Image-2026-03-10-at-18.27.30.jpeg\",\"datePublished\":\"2026-03-11T12:12:45+00:00\",\"breadcrumb\":{\"@id\":\"https:\\\/\\\/motorista.com.br\\\/noticias\\\/2026\\\/03\\\/11\\\/ibl-participa-do-i-seminario-pianc-brasil-sobre-portos-e-hidrovias\\\/#breadcrumb\"},\"inLanguage\":\"pt-BR\",\"potentialAction\":[{\"@type\":\"ReadAction\",\"target\":[\"https:\\\/\\\/motorista.com.br\\\/noticias\\\/2026\\\/03\\\/11\\\/ibl-participa-do-i-seminario-pianc-brasil-sobre-portos-e-hidrovias\\\/\"]}]},{\"@type\":\"ImageObject\",\"inLanguage\":\"pt-BR\",\"@id\":\"https:\\\/\\\/motorista.com.br\\\/noticias\\\/2026\\\/03\\\/11\\\/ibl-participa-do-i-seminario-pianc-brasil-sobre-portos-e-hidrovias\\\/#primaryimage\",\"url\":\"https:\\\/\\\/motorista.com.br\\\/noticias\\\/wp-content\\\/uploads\\\/2026\\\/03\\\/WhatsApp-Image-2026-03-10-at-18.27.30.jpeg\",\"contentUrl\":\"https:\\\/\\\/motorista.com.br\\\/noticias\\\/wp-content\\\/uploads\\\/2026\\\/03\\\/WhatsApp-Image-2026-03-10-at-18.27.30.jpeg\",\"width\":1600,\"height\":900},{\"@type\":\"BreadcrumbList\",\"@id\":\"https:\\\/\\\/motorista.com.br\\\/noticias\\\/2026\\\/03\\\/11\\\/ibl-participa-do-i-seminario-pianc-brasil-sobre-portos-e-hidrovias\\\/#breadcrumb\",\"itemListElement\":[{\"@type\":\"ListItem\",\"position\":1,\"name\":\"In\u00edcio\",\"item\":\"https:\\\/\\\/motorista.com.br\\\/noticias\\\/\"},{\"@type\":\"ListItem\",\"position\":2,\"name\":\"IBL participa do I Semin\u00e1rio PIANC Brasil sobre portos e hidrovias\"}]},{\"@type\":\"WebSite\",\"@id\":\"https:\\\/\\\/motorista.com.br\\\/noticias\\\/#website\",\"url\":\"https:\\\/\\\/motorista.com.br\\\/noticias\\\/\",\"name\":\"Motorista.com.br\",\"description\":\"Not\u00edcia do Motorista\",\"publisher\":{\"@id\":\"https:\\\/\\\/motorista.com.br\\\/noticias\\\/#organization\"},\"potentialAction\":[{\"@type\":\"SearchAction\",\"target\":{\"@type\":\"EntryPoint\",\"urlTemplate\":\"https:\\\/\\\/motorista.com.br\\\/noticias\\\/?s={search_term_string}\"},\"query-input\":{\"@type\":\"PropertyValueSpecification\",\"valueRequired\":true,\"valueName\":\"search_term_string\"}}],\"inLanguage\":\"pt-BR\"},{\"@type\":\"Organization\",\"@id\":\"https:\\\/\\\/motorista.com.br\\\/noticias\\\/#organization\",\"name\":\"Motorista.com.br\",\"url\":\"https:\\\/\\\/motorista.com.br\\\/noticias\\\/\",\"logo\":{\"@type\":\"ImageObject\",\"inLanguage\":\"pt-BR\",\"@id\":\"https:\\\/\\\/motorista.com.br\\\/noticias\\\/#\\\/schema\\\/logo\\\/image\\\/\",\"url\":\"https:\\\/\\\/motorista.com.br\\\/noticias\\\/wp-content\\\/uploads\\\/2025\\\/06\\\/Design-sem-nome-9.png\",\"contentUrl\":\"https:\\\/\\\/motorista.com.br\\\/noticias\\\/wp-content\\\/uploads\\\/2025\\\/06\\\/Design-sem-nome-9.png\",\"width\":150,\"height\":85,\"caption\":\"Motorista.com.br\"},\"image\":{\"@id\":\"https:\\\/\\\/motorista.com.br\\\/noticias\\\/#\\\/schema\\\/logo\\\/image\\\/\"}},{\"@type\":\"Person\",\"@id\":\"https:\\\/\\\/motorista.com.br\\\/noticias\\\/#\\\/schema\\\/person\\\/dc93afc2981c0e3ce6bc3c053fd847be\",\"name\":\"Equipe Reda\u00e7\u00e3o\",\"image\":{\"@type\":\"ImageObject\",\"inLanguage\":\"pt-BR\",\"@id\":\"https:\\\/\\\/secure.gravatar.com\\\/avatar\\\/4f525efbf18dd2bb300ccad28bfb99d95a9465a5ba268407c8c37b37e1f28d2d?s=96&d=mm&r=g9e099043a0c61e9ae27e293b9fa75ffc\",\"url\":\"https:\\\/\\\/secure.gravatar.com\\\/avatar\\\/4f525efbf18dd2bb300ccad28bfb99d95a9465a5ba268407c8c37b37e1f28d2d?s=96&d=mm&r=g\",\"contentUrl\":\"https:\\\/\\\/secure.gravatar.com\\\/avatar\\\/4f525efbf18dd2bb300ccad28bfb99d95a9465a5ba268407c8c37b37e1f28d2d?s=96&d=mm&r=g\",\"caption\":\"Equipe Reda\u00e7\u00e3o\"},\"description\":\"Equipe de reda\u00e7\u00e3o \u00e9 um grupo de profissionais que trabalham juntos para criar conte\u00fado escrito para Motorista.com.br\",\"url\":\"https:\\\/\\\/motorista.com.br\\\/noticias\\\/author\\\/equiperedacao\\\/\"}]}<\/script>\n<!-- \/ Yoast SEO Premium plugin. -->","yoast_head_json":{"title":"IBL participa do I Semin\u00e1rio PIANC Brasil sobre portos e hidrovias - Motorista.com.br","robots":{"index":"index","follow":"follow","max-snippet":"max-snippet:-1","max-image-preview":"max-image-preview:large","max-video-preview":"max-video-preview:-1"},"canonical":"https:\/\/motorista.com.br\/noticias\/2026\/03\/11\/ibl-participa-do-i-seminario-pianc-brasil-sobre-portos-e-hidrovias\/","og_locale":"pt_BR","og_type":"article","og_title":"IBL participa do I Semin\u00e1rio PIANC Brasil sobre portos e hidrovias","og_description":"IBL MARCA PRESEN\u00c7A NO I SEMIN\u00c1RIO PIANC BRASIL O Instituto Brasil Log\u00edstica (IBL) recentemente participou do I Semin\u00e1rio PIANC Brasil, que abordou diretrizes globais para portos e hidrovias. Este evento destacou como a moderniza\u00e7\u00e3o e a adapta\u00e7\u00e3o das infraestruturas portu\u00e1rias e hidrovi\u00e1rias podem impactar diretamente a mobilidade e o transporte no pa\u00eds, refletindo em benef\u00edcios &hellip;","og_url":"https:\/\/motorista.com.br\/noticias\/2026\/03\/11\/ibl-participa-do-i-seminario-pianc-brasil-sobre-portos-e-hidrovias\/","og_site_name":"Motorista.com.br","article_published_time":"2026-03-11T12:12:45+00:00","author":"Equipe Reda\u00e7\u00e3o","twitter_card":"summary_large_image","twitter_misc":{"Escrito por":"Equipe Reda\u00e7\u00e3o","Est. tempo de leitura":"2 minutos","Written by":"Equipe Reda\u00e7\u00e3o"},"schema":{"@context":"https:\/\/schema.org","@graph":[{"@type":"Article","@id":"https:\/\/motorista.com.br\/noticias\/2026\/03\/11\/ibl-participa-do-i-seminario-pianc-brasil-sobre-portos-e-hidrovias\/#article","isPartOf":{"@id":"https:\/\/motorista.com.br\/noticias\/2026\/03\/11\/ibl-participa-do-i-seminario-pianc-brasil-sobre-portos-e-hidrovias\/"},"author":{"name":"Equipe Reda\u00e7\u00e3o","@id":"https:\/\/motorista.com.br\/noticias\/#\/schema\/person\/dc93afc2981c0e3ce6bc3c053fd847be"},"headline":"IBL participa do I Semin\u00e1rio PIANC Brasil sobre portos e hidrovias","datePublished":"2026-03-11T12:12:45+00:00","mainEntityOfPage":{"@id":"https:\/\/motorista.com.br\/noticias\/2026\/03\/11\/ibl-participa-do-i-seminario-pianc-brasil-sobre-portos-e-hidrovias\/"},"wordCount":346,"publisher":{"@id":"https:\/\/motorista.com.br\/noticias\/#organization"},"image":{"@id":"https:\/\/motorista.com.br\/noticias\/2026\/03\/11\/ibl-participa-do-i-seminario-pianc-brasil-sobre-portos-e-hidrovias\/#primaryimage"},"thumbnailUrl":"https:\/\/motorista.com.br\/noticias\/wp-content\/uploads\/2026\/03\/WhatsApp-Image-2026-03-10-at-18.27.30.jpeg","articleSection":["Log\u00edstica"],"inLanguage":"pt-BR"},{"@type":"WebPage","@id":"https:\/\/motorista.com.br\/noticias\/2026\/03\/11\/ibl-participa-do-i-seminario-pianc-brasil-sobre-portos-e-hidrovias\/","url":"https:\/\/motorista.com.br\/noticias\/2026\/03\/11\/ibl-participa-do-i-seminario-pianc-brasil-sobre-portos-e-hidrovias\/","name":"IBL participa do I Semin\u00e1rio PIANC Brasil sobre portos e hidrovias - Motorista.com.br","isPartOf":{"@id":"https:\/\/motorista.com.br\/noticias\/#website"},"primaryImageOfPage":{"@id":"https:\/\/motorista.com.br\/noticias\/2026\/03\/11\/ibl-participa-do-i-seminario-pianc-brasil-sobre-portos-e-hidrovias\/#primaryimage"},"image":{"@id":"https:\/\/motorista.com.br\/noticias\/2026\/03\/11\/ibl-participa-do-i-seminario-pianc-brasil-sobre-portos-e-hidrovias\/#primaryimage"},"thumbnailUrl":"https:\/\/motorista.com.br\/noticias\/wp-content\/uploads\/2026\/03\/WhatsApp-Image-2026-03-10-at-18.27.30.jpeg","datePublished":"2026-03-11T12:12:45+00:00","breadcrumb":{"@id":"https:\/\/motorista.com.br\/noticias\/2026\/03\/11\/ibl-participa-do-i-seminario-pianc-brasil-sobre-portos-e-hidrovias\/#breadcrumb"},"inLanguage":"pt-BR","potentialAction":[{"@type":"ReadAction","target":["https:\/\/motorista.com.br\/noticias\/2026\/03\/11\/ibl-participa-do-i-seminario-pianc-brasil-sobre-portos-e-hidrovias\/"]}]},{"@type":"ImageObject","inLanguage":"pt-BR","@id":"https:\/\/motorista.com.br\/noticias\/2026\/03\/11\/ibl-participa-do-i-seminario-pianc-brasil-sobre-portos-e-hidrovias\/#primaryimage","url":"https:\/\/motorista.com.br\/noticias\/wp-content\/uploads\/2026\/03\/WhatsApp-Image-2026-03-10-at-18.27.30.jpeg","contentUrl":"https:\/\/motorista.com.br\/noticias\/wp-content\/uploads\/2026\/03\/WhatsApp-Image-2026-03-10-at-18.27.30.jpeg","width":1600,"height":900},{"@type":"BreadcrumbList","@id":"https:\/\/motorista.com.br\/noticias\/2026\/03\/11\/ibl-participa-do-i-seminario-pianc-brasil-sobre-portos-e-hidrovias\/#breadcrumb","itemListElement":[{"@type":"ListItem","position":1,"name":"In\u00edcio","item":"https:\/\/motorista.com.br\/noticias\/"},{"@type":"ListItem","position":2,"name":"IBL participa do I Semin\u00e1rio PIANC Brasil sobre portos e hidrovias"}]},{"@type":"WebSite","@id":"https:\/\/motorista.com.br\/noticias\/#website","url":"https:\/\/motorista.com.br\/noticias\/","name":"Motorista.com.br","description":"Not\u00edcia do Motorista","publisher":{"@id":"https:\/\/motorista.com.br\/noticias\/#organization"},"potentialAction":[{"@type":"SearchAction","target":{"@type":"EntryPoint","urlTemplate":"https:\/\/motorista.com.br\/noticias\/?s={search_term_string}"},"query-input":{"@type":"PropertyValueSpecification","valueRequired":true,"valueName":"search_term_string"}}],"inLanguage":"pt-BR"},{"@type":"Organization","@id":"https:\/\/motorista.com.br\/noticias\/#organization","name":"Motorista.com.br","url":"https:\/\/motorista.com.br\/noticias\/","logo":{"@type":"ImageObject","inLanguage":"pt-BR","@id":"https:\/\/motorista.com.br\/noticias\/#\/schema\/logo\/image\/","url":"https:\/\/motorista.com.br\/noticias\/wp-content\/uploads\/2025\/06\/Design-sem-nome-9.png","contentUrl":"https:\/\/motorista.com.br\/noticias\/wp-content\/uploads\/2025\/06\/Design-sem-nome-9.png","width":150,"height":85,"caption":"Motorista.com.br"},"image":{"@id":"https:\/\/motorista.com.br\/noticias\/#\/schema\/logo\/image\/"}},{"@type":"Person","@id":"https:\/\/motorista.com.br\/noticias\/#\/schema\/person\/dc93afc2981c0e3ce6bc3c053fd847be","name":"Equipe Reda\u00e7\u00e3o","image":{"@type":"ImageObject","inLanguage":"pt-BR","@id":"https:\/\/secure.gravatar.com\/avatar\/4f525efbf18dd2bb300ccad28bfb99d95a9465a5ba268407c8c37b37e1f28d2d?s=96&d=mm&r=g9e099043a0c61e9ae27e293b9fa75ffc","url":"https:\/\/secure.gravatar.com\/avatar\/4f525efbf18dd2bb300ccad28bfb99d95a9465a5ba268407c8c37b37e1f28d2d?s=96&d=mm&r=g","contentUrl":"https:\/\/secure.gravatar.com\/avatar\/4f525efbf18dd2bb300ccad28bfb99d95a9465a5ba268407c8c37b37e1f28d2d?s=96&d=mm&r=g","caption":"Equipe Reda\u00e7\u00e3o"},"description":"Equipe de reda\u00e7\u00e3o \u00e9 um grupo de profissionais que trabalham juntos para criar conte\u00fado escrito para Motorista.com.br","url":"https:\/\/motorista.com.br\/noticias\/author\/equiperedacao\/"}]}},"_links":{"self":[{"href":"https:\/\/motorista.com.br\/noticias\/wp-json\/wp\/v2\/posts\/7651","targetHints":{"allow":["GET"]}}],"collection":[{"href":"https:\/\/motorista.com.br\/noticias\/wp-json\/wp\/v2\/posts"}],"about":[{"href":"https:\/\/motorista.com.br\/noticias\/wp-json\/wp\/v2\/types\/post"}],"author":[{"embeddable":true,"href":"https:\/\/motorista.com.br\/noticias\/wp-json\/wp\/v2\/users\/4"}],"replies":[{"embeddable":true,"href":"https:\/\/motorista.com.br\/noticias\/wp-json\/wp\/v2\/comments?post=7651"}],"version-history":[{"count":0,"href":"https:\/\/motorista.com.br\/noticias\/wp-json\/wp\/v2\/posts\/7651\/revisions"}],"wp:featuredmedia":[{"embeddable":true,"href":"https:\/\/motorista.com.br\/noticias\/wp-json\/wp\/v2\/media\/7652"}],"wp:attachment":[{"href":"https:\/\/motorista.com.br\/noticias\/wp-json\/wp\/v2\/media?parent=7651"}],"wp:term":[{"taxonomy":"category","embeddable":true,"href":"https:\/\/motorista.com.br\/noticias\/wp-json\/wp\/v2\/categories?post=7651"},{"taxonomy":"post_tag","embeddable":true,"href":"https:\/\/motorista.com.br\/noticias\/wp-json\/wp\/v2\/tags?post=7651"},{"taxonomy":"author","embeddable":true,"href":"https:\/\/motorista.com.br\/noticias\/wp-json\/wp\/v2\/coauthors?post=7651"}],"curies":[{"name":"wp","href":"https:\/\/api.w.org\/{rel}","templated":true}]}}