{"id":7649,"date":"2026-03-11T08:54:08","date_gmt":"2026-03-11T11:54:08","guid":{"rendered":"https:\/\/motorista.com.br\/noticias\/2026\/03\/11\/lancamento-do-novo-mercedes-benz-axor-no-mercado-argentino\/"},"modified":"2026-03-11T08:54:08","modified_gmt":"2026-03-11T11:54:08","slug":"lancamento-do-novo-mercedes-benz-axor-no-mercado-argentino","status":"publish","type":"post","link":"https:\/\/motorista.com.br\/noticias\/2026\/03\/11\/lancamento-do-novo-mercedes-benz-axor-no-mercado-argentino\/","title":{"rendered":"Lan\u00e7amento do novo Mercedes-Benz Axor no mercado argentino."},"content":{"rendered":"<p><\/p>\n<p>A Mercedes-Benz Caminh\u00f5es e \u00d4nibus Argentina lan\u00e7ou a nova linha Axor, marcando a volta de um \u00edcone entre os caminh\u00f5es extrapesados. Os modelos Axor 2038 4&#215;2 e Axor 2545 6&#215;2 foram projetados para o transporte de carga e opera\u00e7\u00f5es log\u00edsticas de m\u00e9dia e longa dist\u00e2ncia. Este relan\u00e7amento, que ocorre em um momento significativo \u2014 o 130\u00ba anivers\u00e1rio do primeiro caminh\u00e3o do mundo, destaca o compromisso da marca com a inova\u00e7\u00e3o e a efici\u00eancia.<\/p>\n<p>Segundo Roberto Faist, gerente de Marketing e Produto Caminh\u00f5es da Mercedes-Benz Argentina, o novo Axor \u00e9 descrito como um caminh\u00e3o moderno, robusto e altamente eficiente, proporcionando maior rentabilidade e baixos custos operacionais para os motoristas e transportadoras. Essa efici\u00eancia n\u00e3o apenas beneficia financeiramente os motoristas, mas tamb\u00e9m tem um impacto positivo na mobilidade geral de cargas. Caminh\u00f5es mais eficientes podem reduzir o tempo de entrega e melhorar a log\u00edstica, contribuindo para um sistema de transporte mais \u00e1gil.<\/p>\n<p>A empresa revelou um crescimento significativo no setor de caminh\u00f5es, com uma participa\u00e7\u00e3o de mercado de 33,4%. Esse sucesso \u00e9 atribu\u00eddo ao portf\u00f3lio renovado que inclui modelos como o novo Accelo e os caminh\u00f5es Atego, que foram bem recebidos por transportar com efici\u00eancia e seguran\u00e7a. Al\u00e9m de oferecer ve\u00edculos melhores, essa estrat\u00e9gia melhora a mobilidade das cidades, j\u00e1 que uma frota mais moderna e confort\u00e1vel traz benef\u00edcios n\u00e3o apenas para os motoristas, mas tamb\u00e9m para o tr\u00e2nsito e a log\u00edstica urbana.<\/p>\n<p>O relan\u00e7amento do Axor n\u00e3o \u00e9 apenas uma oportunidade para a Mercedes-Benz reafirmar sua posi\u00e7\u00e3o no mercado, mas tamb\u00e9m um passo importante para melhorar as condi\u00e7\u00f5es de transporte na Argentina, promovendo um ecossistema mais eficiente e sustent\u00e1vel. A inova\u00e7\u00e3o no setor de caminh\u00f5es tem o potencial de transformar a maneira como as opera\u00e7\u00f5es log\u00edsticas s\u00e3o conduzidas, beneficiando motoristas e empresas de transporte em todo o pa\u00eds.<\/p>\n<p><strong>Fonte: blogger<\/strong><\/p>\n","protected":false},"excerpt":{"rendered":"<p>A Mercedes-Benz Caminh\u00f5es e \u00d4nibus Argentina lan\u00e7ou a nova linha Axor, marcando a volta de um \u00edcone entre os caminh\u00f5es extrapesados. Os modelos Axor 2038 4&#215;2 e Axor 2545 6&#215;2 foram projetados para o transporte de carga e opera\u00e7\u00f5es log\u00edsticas de m\u00e9dia e longa dist\u00e2ncia. Este relan\u00e7amento, que ocorre em um momento significativo \u2014 o &hellip;<\/p>\n","protected":false},"author":4,"featured_media":7650,"comment_status":"","ping_status":"open","sticky":false,"template":"","format":"standard","meta":{"footnotes":""},"categories":[78,77],"tags":[],"coauthors":[42],"class_list":["post-7649","post","type-post","status-publish","format-standard","has-post-thumbnail","hentry","category-carreteiro","category-motorista"],"yoast_head":"<!-- This site is optimized with the Yoast SEO Premium plugin v25.5 (Yoast SEO v27.5) - https:\/\/yoast.com\/product\/yoast-seo-premium-wordpress\/ -->\n<title>Lan\u00e7amento do novo Mercedes-Benz Axor no mercado argentino. - Motorista.com.br<\/title>\n<meta name=\"robots\" content=\"index, follow, max-snippet:-1, max-image-preview:large, max-video-preview:-1\" \/>\n<link rel=\"canonical\" href=\"https:\/\/motorista.com.br\/noticias\/2026\/03\/11\/lancamento-do-novo-mercedes-benz-axor-no-mercado-argentino\/\" \/>\n<meta property=\"og:locale\" content=\"pt_BR\" \/>\n<meta property=\"og:type\" content=\"article\" \/>\n<meta property=\"og:title\" content=\"Lan\u00e7amento do novo Mercedes-Benz Axor no mercado argentino.\" \/>\n<meta property=\"og:description\" content=\"A Mercedes-Benz Caminh\u00f5es e \u00d4nibus Argentina lan\u00e7ou a nova linha Axor, marcando a volta de um \u00edcone entre os caminh\u00f5es extrapesados. Os modelos Axor 2038 4&#215;2 e Axor 2545 6&#215;2 foram projetados para o transporte de carga e opera\u00e7\u00f5es log\u00edsticas de m\u00e9dia e longa dist\u00e2ncia. Este relan\u00e7amento, que ocorre em um momento significativo \u2014 o &hellip;\" \/>\n<meta property=\"og:url\" content=\"https:\/\/motorista.com.br\/noticias\/2026\/03\/11\/lancamento-do-novo-mercedes-benz-axor-no-mercado-argentino\/\" \/>\n<meta property=\"og:site_name\" content=\"Motorista.com.br\" \/>\n<meta property=\"article:published_time\" content=\"2026-03-11T11:54:08+00:00\" \/>\n<meta name=\"author\" content=\"Equipe Reda\u00e7\u00e3o\" \/>\n<meta name=\"twitter:card\" content=\"summary_large_image\" \/>\n<meta name=\"twitter:label1\" content=\"Escrito por\" \/>\n\t<meta name=\"twitter:data1\" content=\"Equipe Reda\u00e7\u00e3o\" \/>\n\t<meta name=\"twitter:label2\" content=\"Est. tempo de leitura\" \/>\n\t<meta name=\"twitter:data2\" content=\"2 minutos\" \/>\n\t<meta name=\"twitter:label3\" content=\"Written by\" \/>\n\t<meta name=\"twitter:data3\" content=\"Equipe Reda\u00e7\u00e3o\" \/>\n<script type=\"application\/ld+json\" class=\"yoast-schema-graph\">{\"@context\":\"https:\\\/\\\/schema.org\",\"@graph\":[{\"@type\":\"Article\",\"@id\":\"https:\\\/\\\/motorista.com.br\\\/noticias\\\/2026\\\/03\\\/11\\\/lancamento-do-novo-mercedes-benz-axor-no-mercado-argentino\\\/#article\",\"isPartOf\":{\"@id\":\"https:\\\/\\\/motorista.com.br\\\/noticias\\\/2026\\\/03\\\/11\\\/lancamento-do-novo-mercedes-benz-axor-no-mercado-argentino\\\/\"},\"author\":{\"name\":\"Equipe Reda\u00e7\u00e3o\",\"@id\":\"https:\\\/\\\/motorista.com.br\\\/noticias\\\/#\\\/schema\\\/person\\\/dc93afc2981c0e3ce6bc3c053fd847be\"},\"headline\":\"Lan\u00e7amento do novo Mercedes-Benz Axor no mercado argentino.\",\"datePublished\":\"2026-03-11T11:54:08+00:00\",\"mainEntityOfPage\":{\"@id\":\"https:\\\/\\\/motorista.com.br\\\/noticias\\\/2026\\\/03\\\/11\\\/lancamento-do-novo-mercedes-benz-axor-no-mercado-argentino\\\/\"},\"wordCount\":347,\"publisher\":{\"@id\":\"https:\\\/\\\/motorista.com.br\\\/noticias\\\/#organization\"},\"image\":{\"@id\":\"https:\\\/\\\/motorista.com.br\\\/noticias\\\/2026\\\/03\\\/11\\\/lancamento-do-novo-mercedes-benz-axor-no-mercado-argentino\\\/#primaryimage\"},\"thumbnailUrl\":\"https:\\\/\\\/motorista.com.br\\\/noticias\\\/wp-content\\\/uploads\\\/2026\\\/03\\\/novo-axor-argentina-1.jpg\",\"articleSection\":[\"Carreteiro\",\"Motorista\"],\"inLanguage\":\"pt-BR\"},{\"@type\":\"WebPage\",\"@id\":\"https:\\\/\\\/motorista.com.br\\\/noticias\\\/2026\\\/03\\\/11\\\/lancamento-do-novo-mercedes-benz-axor-no-mercado-argentino\\\/\",\"url\":\"https:\\\/\\\/motorista.com.br\\\/noticias\\\/2026\\\/03\\\/11\\\/lancamento-do-novo-mercedes-benz-axor-no-mercado-argentino\\\/\",\"name\":\"Lan\u00e7amento do novo Mercedes-Benz Axor no mercado argentino. - Motorista.com.br\",\"isPartOf\":{\"@id\":\"https:\\\/\\\/motorista.com.br\\\/noticias\\\/#website\"},\"primaryImageOfPage\":{\"@id\":\"https:\\\/\\\/motorista.com.br\\\/noticias\\\/2026\\\/03\\\/11\\\/lancamento-do-novo-mercedes-benz-axor-no-mercado-argentino\\\/#primaryimage\"},\"image\":{\"@id\":\"https:\\\/\\\/motorista.com.br\\\/noticias\\\/2026\\\/03\\\/11\\\/lancamento-do-novo-mercedes-benz-axor-no-mercado-argentino\\\/#primaryimage\"},\"thumbnailUrl\":\"https:\\\/\\\/motorista.com.br\\\/noticias\\\/wp-content\\\/uploads\\\/2026\\\/03\\\/novo-axor-argentina-1.jpg\",\"datePublished\":\"2026-03-11T11:54:08+00:00\",\"breadcrumb\":{\"@id\":\"https:\\\/\\\/motorista.com.br\\\/noticias\\\/2026\\\/03\\\/11\\\/lancamento-do-novo-mercedes-benz-axor-no-mercado-argentino\\\/#breadcrumb\"},\"inLanguage\":\"pt-BR\",\"potentialAction\":[{\"@type\":\"ReadAction\",\"target\":[\"https:\\\/\\\/motorista.com.br\\\/noticias\\\/2026\\\/03\\\/11\\\/lancamento-do-novo-mercedes-benz-axor-no-mercado-argentino\\\/\"]}]},{\"@type\":\"ImageObject\",\"inLanguage\":\"pt-BR\",\"@id\":\"https:\\\/\\\/motorista.com.br\\\/noticias\\\/2026\\\/03\\\/11\\\/lancamento-do-novo-mercedes-benz-axor-no-mercado-argentino\\\/#primaryimage\",\"url\":\"https:\\\/\\\/motorista.com.br\\\/noticias\\\/wp-content\\\/uploads\\\/2026\\\/03\\\/novo-axor-argentina-1.jpg\",\"contentUrl\":\"https:\\\/\\\/motorista.com.br\\\/noticias\\\/wp-content\\\/uploads\\\/2026\\\/03\\\/novo-axor-argentina-1.jpg\",\"width\":1300,\"height\":865},{\"@type\":\"BreadcrumbList\",\"@id\":\"https:\\\/\\\/motorista.com.br\\\/noticias\\\/2026\\\/03\\\/11\\\/lancamento-do-novo-mercedes-benz-axor-no-mercado-argentino\\\/#breadcrumb\",\"itemListElement\":[{\"@type\":\"ListItem\",\"position\":1,\"name\":\"In\u00edcio\",\"item\":\"https:\\\/\\\/motorista.com.br\\\/noticias\\\/\"},{\"@type\":\"ListItem\",\"position\":2,\"name\":\"Lan\u00e7amento do novo Mercedes-Benz Axor no mercado argentino.\"}]},{\"@type\":\"WebSite\",\"@id\":\"https:\\\/\\\/motorista.com.br\\\/noticias\\\/#website\",\"url\":\"https:\\\/\\\/motorista.com.br\\\/noticias\\\/\",\"name\":\"Motorista.com.br\",\"description\":\"Not\u00edcia do Motorista\",\"publisher\":{\"@id\":\"https:\\\/\\\/motorista.com.br\\\/noticias\\\/#organization\"},\"potentialAction\":[{\"@type\":\"SearchAction\",\"target\":{\"@type\":\"EntryPoint\",\"urlTemplate\":\"https:\\\/\\\/motorista.com.br\\\/noticias\\\/?s={search_term_string}\"},\"query-input\":{\"@type\":\"PropertyValueSpecification\",\"valueRequired\":true,\"valueName\":\"search_term_string\"}}],\"inLanguage\":\"pt-BR\"},{\"@type\":\"Organization\",\"@id\":\"https:\\\/\\\/motorista.com.br\\\/noticias\\\/#organization\",\"name\":\"Motorista.com.br\",\"url\":\"https:\\\/\\\/motorista.com.br\\\/noticias\\\/\",\"logo\":{\"@type\":\"ImageObject\",\"inLanguage\":\"pt-BR\",\"@id\":\"https:\\\/\\\/motorista.com.br\\\/noticias\\\/#\\\/schema\\\/logo\\\/image\\\/\",\"url\":\"https:\\\/\\\/motorista.com.br\\\/noticias\\\/wp-content\\\/uploads\\\/2025\\\/06\\\/Design-sem-nome-9.png\",\"contentUrl\":\"https:\\\/\\\/motorista.com.br\\\/noticias\\\/wp-content\\\/uploads\\\/2025\\\/06\\\/Design-sem-nome-9.png\",\"width\":150,\"height\":85,\"caption\":\"Motorista.com.br\"},\"image\":{\"@id\":\"https:\\\/\\\/motorista.com.br\\\/noticias\\\/#\\\/schema\\\/logo\\\/image\\\/\"}},{\"@type\":\"Person\",\"@id\":\"https:\\\/\\\/motorista.com.br\\\/noticias\\\/#\\\/schema\\\/person\\\/dc93afc2981c0e3ce6bc3c053fd847be\",\"name\":\"Equipe Reda\u00e7\u00e3o\",\"image\":{\"@type\":\"ImageObject\",\"inLanguage\":\"pt-BR\",\"@id\":\"https:\\\/\\\/secure.gravatar.com\\\/avatar\\\/4f525efbf18dd2bb300ccad28bfb99d95a9465a5ba268407c8c37b37e1f28d2d?s=96&d=mm&r=g9e099043a0c61e9ae27e293b9fa75ffc\",\"url\":\"https:\\\/\\\/secure.gravatar.com\\\/avatar\\\/4f525efbf18dd2bb300ccad28bfb99d95a9465a5ba268407c8c37b37e1f28d2d?s=96&d=mm&r=g\",\"contentUrl\":\"https:\\\/\\\/secure.gravatar.com\\\/avatar\\\/4f525efbf18dd2bb300ccad28bfb99d95a9465a5ba268407c8c37b37e1f28d2d?s=96&d=mm&r=g\",\"caption\":\"Equipe Reda\u00e7\u00e3o\"},\"description\":\"Equipe de reda\u00e7\u00e3o \u00e9 um grupo de profissionais que trabalham juntos para criar conte\u00fado escrito para Motorista.com.br\",\"url\":\"https:\\\/\\\/motorista.com.br\\\/noticias\\\/author\\\/equiperedacao\\\/\"}]}<\/script>\n<!-- \/ Yoast SEO Premium plugin. -->","yoast_head_json":{"title":"Lan\u00e7amento do novo Mercedes-Benz Axor no mercado argentino. - Motorista.com.br","robots":{"index":"index","follow":"follow","max-snippet":"max-snippet:-1","max-image-preview":"max-image-preview:large","max-video-preview":"max-video-preview:-1"},"canonical":"https:\/\/motorista.com.br\/noticias\/2026\/03\/11\/lancamento-do-novo-mercedes-benz-axor-no-mercado-argentino\/","og_locale":"pt_BR","og_type":"article","og_title":"Lan\u00e7amento do novo Mercedes-Benz Axor no mercado argentino.","og_description":"A Mercedes-Benz Caminh\u00f5es e \u00d4nibus Argentina lan\u00e7ou a nova linha Axor, marcando a volta de um \u00edcone entre os caminh\u00f5es extrapesados. Os modelos Axor 2038 4&#215;2 e Axor 2545 6&#215;2 foram projetados para o transporte de carga e opera\u00e7\u00f5es log\u00edsticas de m\u00e9dia e longa dist\u00e2ncia. Este relan\u00e7amento, que ocorre em um momento significativo \u2014 o &hellip;","og_url":"https:\/\/motorista.com.br\/noticias\/2026\/03\/11\/lancamento-do-novo-mercedes-benz-axor-no-mercado-argentino\/","og_site_name":"Motorista.com.br","article_published_time":"2026-03-11T11:54:08+00:00","author":"Equipe Reda\u00e7\u00e3o","twitter_card":"summary_large_image","twitter_misc":{"Escrito por":"Equipe Reda\u00e7\u00e3o","Est. tempo de leitura":"2 minutos","Written by":"Equipe Reda\u00e7\u00e3o"},"schema":{"@context":"https:\/\/schema.org","@graph":[{"@type":"Article","@id":"https:\/\/motorista.com.br\/noticias\/2026\/03\/11\/lancamento-do-novo-mercedes-benz-axor-no-mercado-argentino\/#article","isPartOf":{"@id":"https:\/\/motorista.com.br\/noticias\/2026\/03\/11\/lancamento-do-novo-mercedes-benz-axor-no-mercado-argentino\/"},"author":{"name":"Equipe Reda\u00e7\u00e3o","@id":"https:\/\/motorista.com.br\/noticias\/#\/schema\/person\/dc93afc2981c0e3ce6bc3c053fd847be"},"headline":"Lan\u00e7amento do novo Mercedes-Benz Axor no mercado argentino.","datePublished":"2026-03-11T11:54:08+00:00","mainEntityOfPage":{"@id":"https:\/\/motorista.com.br\/noticias\/2026\/03\/11\/lancamento-do-novo-mercedes-benz-axor-no-mercado-argentino\/"},"wordCount":347,"publisher":{"@id":"https:\/\/motorista.com.br\/noticias\/#organization"},"image":{"@id":"https:\/\/motorista.com.br\/noticias\/2026\/03\/11\/lancamento-do-novo-mercedes-benz-axor-no-mercado-argentino\/#primaryimage"},"thumbnailUrl":"https:\/\/motorista.com.br\/noticias\/wp-content\/uploads\/2026\/03\/novo-axor-argentina-1.jpg","articleSection":["Carreteiro","Motorista"],"inLanguage":"pt-BR"},{"@type":"WebPage","@id":"https:\/\/motorista.com.br\/noticias\/2026\/03\/11\/lancamento-do-novo-mercedes-benz-axor-no-mercado-argentino\/","url":"https:\/\/motorista.com.br\/noticias\/2026\/03\/11\/lancamento-do-novo-mercedes-benz-axor-no-mercado-argentino\/","name":"Lan\u00e7amento do novo Mercedes-Benz Axor no mercado argentino. - Motorista.com.br","isPartOf":{"@id":"https:\/\/motorista.com.br\/noticias\/#website"},"primaryImageOfPage":{"@id":"https:\/\/motorista.com.br\/noticias\/2026\/03\/11\/lancamento-do-novo-mercedes-benz-axor-no-mercado-argentino\/#primaryimage"},"image":{"@id":"https:\/\/motorista.com.br\/noticias\/2026\/03\/11\/lancamento-do-novo-mercedes-benz-axor-no-mercado-argentino\/#primaryimage"},"thumbnailUrl":"https:\/\/motorista.com.br\/noticias\/wp-content\/uploads\/2026\/03\/novo-axor-argentina-1.jpg","datePublished":"2026-03-11T11:54:08+00:00","breadcrumb":{"@id":"https:\/\/motorista.com.br\/noticias\/2026\/03\/11\/lancamento-do-novo-mercedes-benz-axor-no-mercado-argentino\/#breadcrumb"},"inLanguage":"pt-BR","potentialAction":[{"@type":"ReadAction","target":["https:\/\/motorista.com.br\/noticias\/2026\/03\/11\/lancamento-do-novo-mercedes-benz-axor-no-mercado-argentino\/"]}]},{"@type":"ImageObject","inLanguage":"pt-BR","@id":"https:\/\/motorista.com.br\/noticias\/2026\/03\/11\/lancamento-do-novo-mercedes-benz-axor-no-mercado-argentino\/#primaryimage","url":"https:\/\/motorista.com.br\/noticias\/wp-content\/uploads\/2026\/03\/novo-axor-argentina-1.jpg","contentUrl":"https:\/\/motorista.com.br\/noticias\/wp-content\/uploads\/2026\/03\/novo-axor-argentina-1.jpg","width":1300,"height":865},{"@type":"BreadcrumbList","@id":"https:\/\/motorista.com.br\/noticias\/2026\/03\/11\/lancamento-do-novo-mercedes-benz-axor-no-mercado-argentino\/#breadcrumb","itemListElement":[{"@type":"ListItem","position":1,"name":"In\u00edcio","item":"https:\/\/motorista.com.br\/noticias\/"},{"@type":"ListItem","position":2,"name":"Lan\u00e7amento do novo Mercedes-Benz Axor no mercado argentino."}]},{"@type":"WebSite","@id":"https:\/\/motorista.com.br\/noticias\/#website","url":"https:\/\/motorista.com.br\/noticias\/","name":"Motorista.com.br","description":"Not\u00edcia do Motorista","publisher":{"@id":"https:\/\/motorista.com.br\/noticias\/#organization"},"potentialAction":[{"@type":"SearchAction","target":{"@type":"EntryPoint","urlTemplate":"https:\/\/motorista.com.br\/noticias\/?s={search_term_string}"},"query-input":{"@type":"PropertyValueSpecification","valueRequired":true,"valueName":"search_term_string"}}],"inLanguage":"pt-BR"},{"@type":"Organization","@id":"https:\/\/motorista.com.br\/noticias\/#organization","name":"Motorista.com.br","url":"https:\/\/motorista.com.br\/noticias\/","logo":{"@type":"ImageObject","inLanguage":"pt-BR","@id":"https:\/\/motorista.com.br\/noticias\/#\/schema\/logo\/image\/","url":"https:\/\/motorista.com.br\/noticias\/wp-content\/uploads\/2025\/06\/Design-sem-nome-9.png","contentUrl":"https:\/\/motorista.com.br\/noticias\/wp-content\/uploads\/2025\/06\/Design-sem-nome-9.png","width":150,"height":85,"caption":"Motorista.com.br"},"image":{"@id":"https:\/\/motorista.com.br\/noticias\/#\/schema\/logo\/image\/"}},{"@type":"Person","@id":"https:\/\/motorista.com.br\/noticias\/#\/schema\/person\/dc93afc2981c0e3ce6bc3c053fd847be","name":"Equipe Reda\u00e7\u00e3o","image":{"@type":"ImageObject","inLanguage":"pt-BR","@id":"https:\/\/secure.gravatar.com\/avatar\/4f525efbf18dd2bb300ccad28bfb99d95a9465a5ba268407c8c37b37e1f28d2d?s=96&d=mm&r=g9e099043a0c61e9ae27e293b9fa75ffc","url":"https:\/\/secure.gravatar.com\/avatar\/4f525efbf18dd2bb300ccad28bfb99d95a9465a5ba268407c8c37b37e1f28d2d?s=96&d=mm&r=g","contentUrl":"https:\/\/secure.gravatar.com\/avatar\/4f525efbf18dd2bb300ccad28bfb99d95a9465a5ba268407c8c37b37e1f28d2d?s=96&d=mm&r=g","caption":"Equipe Reda\u00e7\u00e3o"},"description":"Equipe de reda\u00e7\u00e3o \u00e9 um grupo de profissionais que trabalham juntos para criar conte\u00fado escrito para Motorista.com.br","url":"https:\/\/motorista.com.br\/noticias\/author\/equiperedacao\/"}]}},"_links":{"self":[{"href":"https:\/\/motorista.com.br\/noticias\/wp-json\/wp\/v2\/posts\/7649","targetHints":{"allow":["GET"]}}],"collection":[{"href":"https:\/\/motorista.com.br\/noticias\/wp-json\/wp\/v2\/posts"}],"about":[{"href":"https:\/\/motorista.com.br\/noticias\/wp-json\/wp\/v2\/types\/post"}],"author":[{"embeddable":true,"href":"https:\/\/motorista.com.br\/noticias\/wp-json\/wp\/v2\/users\/4"}],"replies":[{"embeddable":true,"href":"https:\/\/motorista.com.br\/noticias\/wp-json\/wp\/v2\/comments?post=7649"}],"version-history":[{"count":0,"href":"https:\/\/motorista.com.br\/noticias\/wp-json\/wp\/v2\/posts\/7649\/revisions"}],"wp:featuredmedia":[{"embeddable":true,"href":"https:\/\/motorista.com.br\/noticias\/wp-json\/wp\/v2\/media\/7650"}],"wp:attachment":[{"href":"https:\/\/motorista.com.br\/noticias\/wp-json\/wp\/v2\/media?parent=7649"}],"wp:term":[{"taxonomy":"category","embeddable":true,"href":"https:\/\/motorista.com.br\/noticias\/wp-json\/wp\/v2\/categories?post=7649"},{"taxonomy":"post_tag","embeddable":true,"href":"https:\/\/motorista.com.br\/noticias\/wp-json\/wp\/v2\/tags?post=7649"},{"taxonomy":"author","embeddable":true,"href":"https:\/\/motorista.com.br\/noticias\/wp-json\/wp\/v2\/coauthors?post=7649"}],"curies":[{"name":"wp","href":"https:\/\/api.w.org\/{rel}","templated":true}]}}