{"id":7634,"date":"2026-03-10T16:39:38","date_gmt":"2026-03-10T19:39:38","guid":{"rendered":"https:\/\/motorista.com.br\/noticias\/2026\/03\/10\/aumento-do-diesel-nos-postos-e-afetado-por-conflitos-no-oriente-medio\/"},"modified":"2026-03-10T16:39:38","modified_gmt":"2026-03-10T19:39:38","slug":"aumento-do-diesel-nos-postos-e-afetado-por-conflitos-no-oriente-medio","status":"publish","type":"post","link":"https:\/\/motorista.com.br\/noticias\/2026\/03\/10\/aumento-do-diesel-nos-postos-e-afetado-por-conflitos-no-oriente-medio\/","title":{"rendered":"Aumento do diesel nos postos \u00e9 afetado por conflitos no Oriente M\u00e9dio."},"content":{"rendered":"<p><\/p>\n<p><strong>Valor do Diesel Sobe nos Postos, Mesmo sem Alta da Petrobras, por Conta do Conflito no Oriente M\u00e9dio<\/strong><\/p>\n<p>Os motoristas de caminh\u00e3o em todo o Brasil enfrentam um aumento significativo nos pre\u00e7os do diesel, mesmo sem um reajuste formal anunciado pela Petrobras, que tradicionalmente regula esses valores. Dados recentes da TruckPag, uma startup especializada em meios de pagamentos para frotas pesadas, associada \u00e0 Associa\u00e7\u00e3o Brasileira dos Importadores de Combust\u00edveis (Abicom), indicam que o diesel j\u00e1 est\u00e1, em m\u00e9dia, quase R$ 1,00 mais caro em algumas regi\u00f5es.<\/p>\n<p>Entre 28 de fevereiro e 7 de mar\u00e7o, o pre\u00e7o do diesel S10 teve uma alta m\u00e9dia nacional de R$ 0,48\/L, representando um aumento de 8,43% em apenas oito dias, com alguns estados registrando eleva\u00e7\u00f5es de at\u00e9 R$ 0,87\/L. Os n\u00fameros revelam uma tend\u00eancia de alta acelerada:<\/p>\n<ul>\n<li><strong>28\/fev<\/strong>: R$ 5,73<\/li>\n<li><strong>04\/mar<\/strong>: R$ 5,85 (primeiro repasse significativo)<\/li>\n<li><strong>06\/mar<\/strong>: R$ 6,10<\/li>\n<li><strong>07\/mar<\/strong>: R$ 6,22 (parcial)<\/li>\n<\/ul>\n<p>Estados como Bahia, Tocantins, Alagoas, Pernambuco e Maranh\u00e3o s\u00e3o os mais afetados, com aumentos expressivos nos pre\u00e7os.<\/p>\n<p>A Abicom sinaliza que a defasagem do pre\u00e7o do diesel em rela\u00e7\u00e3o \u00e0 paridade de importa\u00e7\u00e3o \u00e9 alarmante, estimada em 78%. Isso poderia encarecer ainda mais os combust\u00edveis, levando os pre\u00e7os nas bombas a ultrapassarem os R$ 7 por litro.<\/p>\n<h3>Impactos para Motoristas e Mobilidade<\/h3>\n<p>Os efeitos desse aumento s\u00e3o diretos e significativos para os motoristas de caminh\u00e3o e para a mobilidade no Brasil. O custo do combust\u00edvel \u00e9 um dos principais fatores que afetam as despesas operacionais para transportadoras e motoristas aut\u00f4nomos. O aumento no pre\u00e7o do diesel pode levar a um encarecimento dos fretes, impactando o pre\u00e7o final de produtos e servi\u00e7os.<\/p>\n<p>Al\u00e9m disso, essa alta torna o transporte mais caro, podendo gerar uma retra\u00e7\u00e3o na oferta de servi\u00e7os de log\u00edstica. Motoristas podem sentir a necessidade de repassar esses custos para seus clientes, o que pode resultar em uma cadeia de pre\u00e7os aumentados nos bens consumidos pela popula\u00e7\u00e3o.<\/p>\n<p>Em um cen\u00e1rio mais amplo, o aumento nos pre\u00e7os do diesel pode contribuir para um aumento na infla\u00e7\u00e3o, afetando toda a economia. Um ciclo vicioso come\u00e7a a se formar: o aumento dos pre\u00e7os do combust\u00edvel gera mais custos para os transportes, resultando em pre\u00e7os mais altos no mercado. Isso, por sua vez, pode impactar o consumo e a mobilidade urbana, \u00e0 medida que as pessoas passaram a priorizar despesas essenciais.<\/p>\n<p>Neste contexto, \u00e9 vital que motoristas e empresas do setor estejam atentos \u00e0 din\u00e2mica do mercado e \u00e0s possibilidades de otimiza\u00e7\u00e3o de rotas e consumo de combust\u00edvel, al\u00e9m de buscar alternativas de energias renov\u00e1veis que possam mitigar os impactos a longo prazo.<\/p>\n<p><strong>Fonte: blogdocaminhoneiro<\/strong><\/p>\n","protected":false},"excerpt":{"rendered":"<p>Valor do Diesel Sobe nos Postos, Mesmo sem Alta da Petrobras, por Conta do Conflito no Oriente M\u00e9dio Os motoristas de caminh\u00e3o em todo o Brasil enfrentam um aumento significativo nos pre\u00e7os do diesel, mesmo sem um reajuste formal anunciado pela Petrobras, que tradicionalmente regula esses valores. Dados recentes da TruckPag, uma startup especializada em &hellip;<\/p>\n","protected":false},"author":4,"featured_media":3282,"comment_status":"","ping_status":"open","sticky":false,"template":"","format":"standard","meta":{"footnotes":""},"categories":[78,77],"tags":[],"coauthors":[42],"class_list":["post-7634","post","type-post","status-publish","format-standard","has-post-thumbnail","hentry","category-carreteiro","category-motorista"],"yoast_head":"<!-- This site is optimized with the Yoast SEO Premium plugin v25.5 (Yoast SEO v27.4) - https:\/\/yoast.com\/product\/yoast-seo-premium-wordpress\/ -->\n<title>Aumento do diesel nos postos \u00e9 afetado por conflitos no Oriente M\u00e9dio. - Motorista.com.br<\/title>\n<meta name=\"robots\" content=\"index, follow, max-snippet:-1, max-image-preview:large, max-video-preview:-1\" \/>\n<link rel=\"canonical\" href=\"https:\/\/motorista.com.br\/noticias\/2026\/03\/10\/aumento-do-diesel-nos-postos-e-afetado-por-conflitos-no-oriente-medio\/\" \/>\n<meta property=\"og:locale\" content=\"pt_BR\" \/>\n<meta property=\"og:type\" content=\"article\" \/>\n<meta property=\"og:title\" content=\"Aumento do diesel nos postos \u00e9 afetado por conflitos no Oriente M\u00e9dio.\" \/>\n<meta property=\"og:description\" content=\"Valor do Diesel Sobe nos Postos, Mesmo sem Alta da Petrobras, por Conta do Conflito no Oriente M\u00e9dio Os motoristas de caminh\u00e3o em todo o Brasil enfrentam um aumento significativo nos pre\u00e7os do diesel, mesmo sem um reajuste formal anunciado pela Petrobras, que tradicionalmente regula esses valores. Dados recentes da TruckPag, uma startup especializada em &hellip;\" \/>\n<meta property=\"og:url\" content=\"https:\/\/motorista.com.br\/noticias\/2026\/03\/10\/aumento-do-diesel-nos-postos-e-afetado-por-conflitos-no-oriente-medio\/\" \/>\n<meta property=\"og:site_name\" content=\"Motorista.com.br\" \/>\n<meta property=\"article:published_time\" content=\"2026-03-10T19:39:38+00:00\" \/>\n<meta name=\"author\" content=\"Equipe Reda\u00e7\u00e3o\" \/>\n<meta name=\"twitter:card\" content=\"summary_large_image\" \/>\n<meta name=\"twitter:label1\" content=\"Escrito por\" \/>\n\t<meta name=\"twitter:data1\" content=\"Equipe Reda\u00e7\u00e3o\" \/>\n\t<meta name=\"twitter:label2\" content=\"Est. tempo de leitura\" \/>\n\t<meta name=\"twitter:data2\" content=\"2 minutos\" \/>\n\t<meta name=\"twitter:label3\" content=\"Written by\" \/>\n\t<meta name=\"twitter:data3\" content=\"Equipe Reda\u00e7\u00e3o\" \/>\n<script type=\"application\/ld+json\" class=\"yoast-schema-graph\">{\"@context\":\"https:\\\/\\\/schema.org\",\"@graph\":[{\"@type\":\"Article\",\"@id\":\"https:\\\/\\\/motorista.com.br\\\/noticias\\\/2026\\\/03\\\/10\\\/aumento-do-diesel-nos-postos-e-afetado-por-conflitos-no-oriente-medio\\\/#article\",\"isPartOf\":{\"@id\":\"https:\\\/\\\/motorista.com.br\\\/noticias\\\/2026\\\/03\\\/10\\\/aumento-do-diesel-nos-postos-e-afetado-por-conflitos-no-oriente-medio\\\/\"},\"author\":{\"name\":\"Equipe Reda\u00e7\u00e3o\",\"@id\":\"https:\\\/\\\/motorista.com.br\\\/noticias\\\/#\\\/schema\\\/person\\\/dc93afc2981c0e3ce6bc3c053fd847be\"},\"headline\":\"Aumento do diesel nos postos \u00e9 afetado por conflitos no Oriente M\u00e9dio.\",\"datePublished\":\"2026-03-10T19:39:38+00:00\",\"mainEntityOfPage\":{\"@id\":\"https:\\\/\\\/motorista.com.br\\\/noticias\\\/2026\\\/03\\\/10\\\/aumento-do-diesel-nos-postos-e-afetado-por-conflitos-no-oriente-medio\\\/\"},\"wordCount\":471,\"publisher\":{\"@id\":\"https:\\\/\\\/motorista.com.br\\\/noticias\\\/#organization\"},\"image\":{\"@id\":\"https:\\\/\\\/motorista.com.br\\\/noticias\\\/2026\\\/03\\\/10\\\/aumento-do-diesel-nos-postos-e-afetado-por-conflitos-no-oriente-medio\\\/#primaryimage\"},\"thumbnailUrl\":\"https:\\\/\\\/motorista.com.br\\\/noticias\\\/wp-content\\\/uploads\\\/2025\\\/08\\\/abastecendo-caminhao-com-diesel.jpg\",\"articleSection\":[\"Carreteiro\",\"Motorista\"],\"inLanguage\":\"pt-BR\"},{\"@type\":\"WebPage\",\"@id\":\"https:\\\/\\\/motorista.com.br\\\/noticias\\\/2026\\\/03\\\/10\\\/aumento-do-diesel-nos-postos-e-afetado-por-conflitos-no-oriente-medio\\\/\",\"url\":\"https:\\\/\\\/motorista.com.br\\\/noticias\\\/2026\\\/03\\\/10\\\/aumento-do-diesel-nos-postos-e-afetado-por-conflitos-no-oriente-medio\\\/\",\"name\":\"Aumento do diesel nos postos \u00e9 afetado por conflitos no Oriente M\u00e9dio. - Motorista.com.br\",\"isPartOf\":{\"@id\":\"https:\\\/\\\/motorista.com.br\\\/noticias\\\/#website\"},\"primaryImageOfPage\":{\"@id\":\"https:\\\/\\\/motorista.com.br\\\/noticias\\\/2026\\\/03\\\/10\\\/aumento-do-diesel-nos-postos-e-afetado-por-conflitos-no-oriente-medio\\\/#primaryimage\"},\"image\":{\"@id\":\"https:\\\/\\\/motorista.com.br\\\/noticias\\\/2026\\\/03\\\/10\\\/aumento-do-diesel-nos-postos-e-afetado-por-conflitos-no-oriente-medio\\\/#primaryimage\"},\"thumbnailUrl\":\"https:\\\/\\\/motorista.com.br\\\/noticias\\\/wp-content\\\/uploads\\\/2025\\\/08\\\/abastecendo-caminhao-com-diesel.jpg\",\"datePublished\":\"2026-03-10T19:39:38+00:00\",\"breadcrumb\":{\"@id\":\"https:\\\/\\\/motorista.com.br\\\/noticias\\\/2026\\\/03\\\/10\\\/aumento-do-diesel-nos-postos-e-afetado-por-conflitos-no-oriente-medio\\\/#breadcrumb\"},\"inLanguage\":\"pt-BR\",\"potentialAction\":[{\"@type\":\"ReadAction\",\"target\":[\"https:\\\/\\\/motorista.com.br\\\/noticias\\\/2026\\\/03\\\/10\\\/aumento-do-diesel-nos-postos-e-afetado-por-conflitos-no-oriente-medio\\\/\"]}]},{\"@type\":\"ImageObject\",\"inLanguage\":\"pt-BR\",\"@id\":\"https:\\\/\\\/motorista.com.br\\\/noticias\\\/2026\\\/03\\\/10\\\/aumento-do-diesel-nos-postos-e-afetado-por-conflitos-no-oriente-medio\\\/#primaryimage\",\"url\":\"https:\\\/\\\/motorista.com.br\\\/noticias\\\/wp-content\\\/uploads\\\/2025\\\/08\\\/abastecendo-caminhao-com-diesel.jpg\",\"contentUrl\":\"https:\\\/\\\/motorista.com.br\\\/noticias\\\/wp-content\\\/uploads\\\/2025\\\/08\\\/abastecendo-caminhao-com-diesel.jpg\",\"width\":1300,\"height\":890},{\"@type\":\"BreadcrumbList\",\"@id\":\"https:\\\/\\\/motorista.com.br\\\/noticias\\\/2026\\\/03\\\/10\\\/aumento-do-diesel-nos-postos-e-afetado-por-conflitos-no-oriente-medio\\\/#breadcrumb\",\"itemListElement\":[{\"@type\":\"ListItem\",\"position\":1,\"name\":\"In\u00edcio\",\"item\":\"https:\\\/\\\/motorista.com.br\\\/noticias\\\/\"},{\"@type\":\"ListItem\",\"position\":2,\"name\":\"Aumento do diesel nos postos \u00e9 afetado por conflitos no Oriente M\u00e9dio.\"}]},{\"@type\":\"WebSite\",\"@id\":\"https:\\\/\\\/motorista.com.br\\\/noticias\\\/#website\",\"url\":\"https:\\\/\\\/motorista.com.br\\\/noticias\\\/\",\"name\":\"Motorista.com.br\",\"description\":\"Not\u00edcia do Motorista\",\"publisher\":{\"@id\":\"https:\\\/\\\/motorista.com.br\\\/noticias\\\/#organization\"},\"potentialAction\":[{\"@type\":\"SearchAction\",\"target\":{\"@type\":\"EntryPoint\",\"urlTemplate\":\"https:\\\/\\\/motorista.com.br\\\/noticias\\\/?s={search_term_string}\"},\"query-input\":{\"@type\":\"PropertyValueSpecification\",\"valueRequired\":true,\"valueName\":\"search_term_string\"}}],\"inLanguage\":\"pt-BR\"},{\"@type\":\"Organization\",\"@id\":\"https:\\\/\\\/motorista.com.br\\\/noticias\\\/#organization\",\"name\":\"Motorista.com.br\",\"url\":\"https:\\\/\\\/motorista.com.br\\\/noticias\\\/\",\"logo\":{\"@type\":\"ImageObject\",\"inLanguage\":\"pt-BR\",\"@id\":\"https:\\\/\\\/motorista.com.br\\\/noticias\\\/#\\\/schema\\\/logo\\\/image\\\/\",\"url\":\"https:\\\/\\\/motorista.com.br\\\/noticias\\\/wp-content\\\/uploads\\\/2025\\\/06\\\/Design-sem-nome-9.png\",\"contentUrl\":\"https:\\\/\\\/motorista.com.br\\\/noticias\\\/wp-content\\\/uploads\\\/2025\\\/06\\\/Design-sem-nome-9.png\",\"width\":150,\"height\":85,\"caption\":\"Motorista.com.br\"},\"image\":{\"@id\":\"https:\\\/\\\/motorista.com.br\\\/noticias\\\/#\\\/schema\\\/logo\\\/image\\\/\"}},{\"@type\":\"Person\",\"@id\":\"https:\\\/\\\/motorista.com.br\\\/noticias\\\/#\\\/schema\\\/person\\\/dc93afc2981c0e3ce6bc3c053fd847be\",\"name\":\"Equipe Reda\u00e7\u00e3o\",\"image\":{\"@type\":\"ImageObject\",\"inLanguage\":\"pt-BR\",\"@id\":\"https:\\\/\\\/secure.gravatar.com\\\/avatar\\\/4f525efbf18dd2bb300ccad28bfb99d95a9465a5ba268407c8c37b37e1f28d2d?s=96&d=mm&r=g9e099043a0c61e9ae27e293b9fa75ffc\",\"url\":\"https:\\\/\\\/secure.gravatar.com\\\/avatar\\\/4f525efbf18dd2bb300ccad28bfb99d95a9465a5ba268407c8c37b37e1f28d2d?s=96&d=mm&r=g\",\"contentUrl\":\"https:\\\/\\\/secure.gravatar.com\\\/avatar\\\/4f525efbf18dd2bb300ccad28bfb99d95a9465a5ba268407c8c37b37e1f28d2d?s=96&d=mm&r=g\",\"caption\":\"Equipe Reda\u00e7\u00e3o\"},\"description\":\"Equipe de reda\u00e7\u00e3o \u00e9 um grupo de profissionais que trabalham juntos para criar conte\u00fado escrito para Motorista.com.br\",\"url\":\"https:\\\/\\\/motorista.com.br\\\/noticias\\\/author\\\/equiperedacao\\\/\"}]}<\/script>\n<!-- \/ Yoast SEO Premium plugin. -->","yoast_head_json":{"title":"Aumento do diesel nos postos \u00e9 afetado por conflitos no Oriente M\u00e9dio. - Motorista.com.br","robots":{"index":"index","follow":"follow","max-snippet":"max-snippet:-1","max-image-preview":"max-image-preview:large","max-video-preview":"max-video-preview:-1"},"canonical":"https:\/\/motorista.com.br\/noticias\/2026\/03\/10\/aumento-do-diesel-nos-postos-e-afetado-por-conflitos-no-oriente-medio\/","og_locale":"pt_BR","og_type":"article","og_title":"Aumento do diesel nos postos \u00e9 afetado por conflitos no Oriente M\u00e9dio.","og_description":"Valor do Diesel Sobe nos Postos, Mesmo sem Alta da Petrobras, por Conta do Conflito no Oriente M\u00e9dio Os motoristas de caminh\u00e3o em todo o Brasil enfrentam um aumento significativo nos pre\u00e7os do diesel, mesmo sem um reajuste formal anunciado pela Petrobras, que tradicionalmente regula esses valores. Dados recentes da TruckPag, uma startup especializada em &hellip;","og_url":"https:\/\/motorista.com.br\/noticias\/2026\/03\/10\/aumento-do-diesel-nos-postos-e-afetado-por-conflitos-no-oriente-medio\/","og_site_name":"Motorista.com.br","article_published_time":"2026-03-10T19:39:38+00:00","author":"Equipe Reda\u00e7\u00e3o","twitter_card":"summary_large_image","twitter_misc":{"Escrito por":"Equipe Reda\u00e7\u00e3o","Est. tempo de leitura":"2 minutos","Written by":"Equipe Reda\u00e7\u00e3o"},"schema":{"@context":"https:\/\/schema.org","@graph":[{"@type":"Article","@id":"https:\/\/motorista.com.br\/noticias\/2026\/03\/10\/aumento-do-diesel-nos-postos-e-afetado-por-conflitos-no-oriente-medio\/#article","isPartOf":{"@id":"https:\/\/motorista.com.br\/noticias\/2026\/03\/10\/aumento-do-diesel-nos-postos-e-afetado-por-conflitos-no-oriente-medio\/"},"author":{"name":"Equipe Reda\u00e7\u00e3o","@id":"https:\/\/motorista.com.br\/noticias\/#\/schema\/person\/dc93afc2981c0e3ce6bc3c053fd847be"},"headline":"Aumento do diesel nos postos \u00e9 afetado por conflitos no Oriente M\u00e9dio.","datePublished":"2026-03-10T19:39:38+00:00","mainEntityOfPage":{"@id":"https:\/\/motorista.com.br\/noticias\/2026\/03\/10\/aumento-do-diesel-nos-postos-e-afetado-por-conflitos-no-oriente-medio\/"},"wordCount":471,"publisher":{"@id":"https:\/\/motorista.com.br\/noticias\/#organization"},"image":{"@id":"https:\/\/motorista.com.br\/noticias\/2026\/03\/10\/aumento-do-diesel-nos-postos-e-afetado-por-conflitos-no-oriente-medio\/#primaryimage"},"thumbnailUrl":"https:\/\/motorista.com.br\/noticias\/wp-content\/uploads\/2025\/08\/abastecendo-caminhao-com-diesel.jpg","articleSection":["Carreteiro","Motorista"],"inLanguage":"pt-BR"},{"@type":"WebPage","@id":"https:\/\/motorista.com.br\/noticias\/2026\/03\/10\/aumento-do-diesel-nos-postos-e-afetado-por-conflitos-no-oriente-medio\/","url":"https:\/\/motorista.com.br\/noticias\/2026\/03\/10\/aumento-do-diesel-nos-postos-e-afetado-por-conflitos-no-oriente-medio\/","name":"Aumento do diesel nos postos \u00e9 afetado por conflitos no Oriente M\u00e9dio. - Motorista.com.br","isPartOf":{"@id":"https:\/\/motorista.com.br\/noticias\/#website"},"primaryImageOfPage":{"@id":"https:\/\/motorista.com.br\/noticias\/2026\/03\/10\/aumento-do-diesel-nos-postos-e-afetado-por-conflitos-no-oriente-medio\/#primaryimage"},"image":{"@id":"https:\/\/motorista.com.br\/noticias\/2026\/03\/10\/aumento-do-diesel-nos-postos-e-afetado-por-conflitos-no-oriente-medio\/#primaryimage"},"thumbnailUrl":"https:\/\/motorista.com.br\/noticias\/wp-content\/uploads\/2025\/08\/abastecendo-caminhao-com-diesel.jpg","datePublished":"2026-03-10T19:39:38+00:00","breadcrumb":{"@id":"https:\/\/motorista.com.br\/noticias\/2026\/03\/10\/aumento-do-diesel-nos-postos-e-afetado-por-conflitos-no-oriente-medio\/#breadcrumb"},"inLanguage":"pt-BR","potentialAction":[{"@type":"ReadAction","target":["https:\/\/motorista.com.br\/noticias\/2026\/03\/10\/aumento-do-diesel-nos-postos-e-afetado-por-conflitos-no-oriente-medio\/"]}]},{"@type":"ImageObject","inLanguage":"pt-BR","@id":"https:\/\/motorista.com.br\/noticias\/2026\/03\/10\/aumento-do-diesel-nos-postos-e-afetado-por-conflitos-no-oriente-medio\/#primaryimage","url":"https:\/\/motorista.com.br\/noticias\/wp-content\/uploads\/2025\/08\/abastecendo-caminhao-com-diesel.jpg","contentUrl":"https:\/\/motorista.com.br\/noticias\/wp-content\/uploads\/2025\/08\/abastecendo-caminhao-com-diesel.jpg","width":1300,"height":890},{"@type":"BreadcrumbList","@id":"https:\/\/motorista.com.br\/noticias\/2026\/03\/10\/aumento-do-diesel-nos-postos-e-afetado-por-conflitos-no-oriente-medio\/#breadcrumb","itemListElement":[{"@type":"ListItem","position":1,"name":"In\u00edcio","item":"https:\/\/motorista.com.br\/noticias\/"},{"@type":"ListItem","position":2,"name":"Aumento do diesel nos postos \u00e9 afetado por conflitos no Oriente M\u00e9dio."}]},{"@type":"WebSite","@id":"https:\/\/motorista.com.br\/noticias\/#website","url":"https:\/\/motorista.com.br\/noticias\/","name":"Motorista.com.br","description":"Not\u00edcia do Motorista","publisher":{"@id":"https:\/\/motorista.com.br\/noticias\/#organization"},"potentialAction":[{"@type":"SearchAction","target":{"@type":"EntryPoint","urlTemplate":"https:\/\/motorista.com.br\/noticias\/?s={search_term_string}"},"query-input":{"@type":"PropertyValueSpecification","valueRequired":true,"valueName":"search_term_string"}}],"inLanguage":"pt-BR"},{"@type":"Organization","@id":"https:\/\/motorista.com.br\/noticias\/#organization","name":"Motorista.com.br","url":"https:\/\/motorista.com.br\/noticias\/","logo":{"@type":"ImageObject","inLanguage":"pt-BR","@id":"https:\/\/motorista.com.br\/noticias\/#\/schema\/logo\/image\/","url":"https:\/\/motorista.com.br\/noticias\/wp-content\/uploads\/2025\/06\/Design-sem-nome-9.png","contentUrl":"https:\/\/motorista.com.br\/noticias\/wp-content\/uploads\/2025\/06\/Design-sem-nome-9.png","width":150,"height":85,"caption":"Motorista.com.br"},"image":{"@id":"https:\/\/motorista.com.br\/noticias\/#\/schema\/logo\/image\/"}},{"@type":"Person","@id":"https:\/\/motorista.com.br\/noticias\/#\/schema\/person\/dc93afc2981c0e3ce6bc3c053fd847be","name":"Equipe Reda\u00e7\u00e3o","image":{"@type":"ImageObject","inLanguage":"pt-BR","@id":"https:\/\/secure.gravatar.com\/avatar\/4f525efbf18dd2bb300ccad28bfb99d95a9465a5ba268407c8c37b37e1f28d2d?s=96&d=mm&r=g9e099043a0c61e9ae27e293b9fa75ffc","url":"https:\/\/secure.gravatar.com\/avatar\/4f525efbf18dd2bb300ccad28bfb99d95a9465a5ba268407c8c37b37e1f28d2d?s=96&d=mm&r=g","contentUrl":"https:\/\/secure.gravatar.com\/avatar\/4f525efbf18dd2bb300ccad28bfb99d95a9465a5ba268407c8c37b37e1f28d2d?s=96&d=mm&r=g","caption":"Equipe Reda\u00e7\u00e3o"},"description":"Equipe de reda\u00e7\u00e3o \u00e9 um grupo de profissionais que trabalham juntos para criar conte\u00fado escrito para Motorista.com.br","url":"https:\/\/motorista.com.br\/noticias\/author\/equiperedacao\/"}]}},"_links":{"self":[{"href":"https:\/\/motorista.com.br\/noticias\/wp-json\/wp\/v2\/posts\/7634","targetHints":{"allow":["GET"]}}],"collection":[{"href":"https:\/\/motorista.com.br\/noticias\/wp-json\/wp\/v2\/posts"}],"about":[{"href":"https:\/\/motorista.com.br\/noticias\/wp-json\/wp\/v2\/types\/post"}],"author":[{"embeddable":true,"href":"https:\/\/motorista.com.br\/noticias\/wp-json\/wp\/v2\/users\/4"}],"replies":[{"embeddable":true,"href":"https:\/\/motorista.com.br\/noticias\/wp-json\/wp\/v2\/comments?post=7634"}],"version-history":[{"count":0,"href":"https:\/\/motorista.com.br\/noticias\/wp-json\/wp\/v2\/posts\/7634\/revisions"}],"wp:featuredmedia":[{"embeddable":true,"href":"https:\/\/motorista.com.br\/noticias\/wp-json\/wp\/v2\/media\/3282"}],"wp:attachment":[{"href":"https:\/\/motorista.com.br\/noticias\/wp-json\/wp\/v2\/media?parent=7634"}],"wp:term":[{"taxonomy":"category","embeddable":true,"href":"https:\/\/motorista.com.br\/noticias\/wp-json\/wp\/v2\/categories?post=7634"},{"taxonomy":"post_tag","embeddable":true,"href":"https:\/\/motorista.com.br\/noticias\/wp-json\/wp\/v2\/tags?post=7634"},{"taxonomy":"author","embeddable":true,"href":"https:\/\/motorista.com.br\/noticias\/wp-json\/wp\/v2\/coauthors?post=7634"}],"curies":[{"name":"wp","href":"https:\/\/api.w.org\/{rel}","templated":true}]}}