{"id":5780,"date":"2026-01-14T06:28:26","date_gmt":"2026-01-14T09:28:26","guid":{"rendered":"https:\/\/motorista.com.br\/noticias\/2026\/01\/14\/99-limita-viagens-de-passageiras-com-motoristas-homens-a-noite-e-causa-indignacao\/"},"modified":"2026-01-14T06:28:26","modified_gmt":"2026-01-14T09:28:26","slug":"99-limita-viagens-de-passageiras-com-motoristas-homens-a-noite-e-causa-indignacao","status":"publish","type":"post","link":"https:\/\/motorista.com.br\/noticias\/2026\/01\/14\/99-limita-viagens-de-passageiras-com-motoristas-homens-a-noite-e-causa-indignacao\/","title":{"rendered":"99 limita viagens de passageiras com motoristas homens \u00e0 noite e causa indigna\u00e7\u00e3o."},"content":{"rendered":"<p><\/p>\n<p><strong>99 Restringe Viagens de Passageiras para Motoristas Homens \u00e0 Noite e Revolta Categoria<\/strong><\/p>\n<p>Uma pol\u00eamica tem se intensificado entre motoristas em S\u00e3o Paulo e outras cidades do Brasil. O aplicativo 99 decidiu implementar uma restri\u00e7\u00e3o controversa: motoristas homens n\u00e3o poder\u00e3o aceitar viagens solicitadas por passageiras durante a noite. Essa decis\u00e3o tem gerado descontentamento, levando muitos motoristas a optarem por concorrentes como Uber e inDrive.<\/p>\n<p><strong>Impactos Imediatos na Classe dos Motoristas<\/strong><\/p>\n<p>Essa nova pol\u00edtica afeta diretamente a renda dos motoristas que costumam trabalhar em hor\u00e1rios noturnos, quando a maioria das solicita\u00e7\u00f5es vem de mulheres. Ao limitar o acesso a esse p\u00fablico, a 99 n\u00e3o apenas reduz as oportunidades de trabalho, mas tamb\u00e9m aumenta a frustra\u00e7\u00e3o dos motoristas, que se veem obrigados a buscar alternativas em outros aplicativos, enquanto a 99 perde usu\u00e1rios valiosos.<\/p>\n<p><strong>Uma Medida Question\u00e1vel de Seguran\u00e7a?<\/strong><\/p>\n<p>A empresa justifica a restri\u00e7\u00e3o apontando que motoristas com notas baixas ou muitas reclama\u00e7\u00f5es est\u00e3o sendo filtrados. Contudo, essa abordagem pode ser vista como uma decis\u00e3o precipitada, que n\u00e3o garante seguran\u00e7a efetiva e causa um reflexo negativo no sistema como um todo. Ao inv\u00e9s de promover um ambiente de confian\u00e7a, a pol\u00edtica pode afastar ainda mais motoristas e passageiras.<\/p>\n<p><strong>Os Efeitos nas Din\u00e2micas de Mobilidade<\/strong><\/p>\n<p>A escolha da 99 levanta quest\u00f5es sobre a mobilidade urbana. Quando passageiras enfrentam longos tempos de espera, \u00e9 prov\u00e1vel que essas usu\u00e1rias mudem para concorrentes. Isso n\u00e3o s\u00f3 afeta o servi\u00e7o prestado, mas tamb\u00e9m gera inefici\u00eancia no sistema de transporte como um todo, pois diminui a oferta em um momento crucial.<\/p>\n<p><strong>Um Descontentamento Geral<\/strong><\/p>\n<p>Os motoristas, por sua vez, n\u00e3o hesitam em expressar sua frustra\u00e7\u00e3o, manifestando a vontade de deixar a plataforma. O sentimento de injusti\u00e7a \u00e9 palp\u00e1vel e n\u00e3o \u00e9 apenas uma quest\u00e3o de perdas financeiras, mas tamb\u00e9m de dignidade e profissionalismo. A insatisfa\u00e7\u00e3o se reflete na escolha de aplicativos que assegurem um melhor relacionamento executivo e financeiro.<\/p>\n<p><strong>O Futuro da Mobilidade na 99<\/strong><\/p>\n<p>A situa\u00e7\u00e3o atual pode fornecer uma li\u00e7\u00e3o valiosa sobre a import\u00e2ncia de decis\u00f5es contextualizadas e bem equilibradas. N\u00e3o se trata apenas de atender \u00e0s queixas imediatas, mas de criar um sistema que seja realmente inclusivo e que considere as reais necessidades de motoristas e usu\u00e1rios. Se a 99 n\u00e3o reavaliar suas estrat\u00e9gias, corre o risco de continuar perdendo espa\u00e7o no mercado e a confian\u00e7a de sua base de motoristas.<\/p>\n<p>Em resumo, as mudan\u00e7as implementadas pela 99 n\u00e3o parecem oferecer prote\u00e7\u00e3o adicional para ningu\u00e9m; pelo contr\u00e1rio, trazem mais descontentamento, impactos econ\u00f4micos negativos e desorganiza\u00e7\u00e3o na mobilidade urbana. As consequ\u00eancias dessa decis\u00e3o devem ser cuidadosamente observadas, pois podem moldar o futuro da plataforma e a din\u00e2mica de transporte nas cidades. <\/p>\n<p><strong>Fonte: 55content<\/strong><\/p>\n","protected":false},"excerpt":{"rendered":"<p>99 Restringe Viagens de Passageiras para Motoristas Homens \u00e0 Noite e Revolta Categoria Uma pol\u00eamica tem se intensificado entre motoristas em S\u00e3o Paulo e outras cidades do Brasil. O aplicativo 99 decidiu implementar uma restri\u00e7\u00e3o controversa: motoristas homens n\u00e3o poder\u00e3o aceitar viagens solicitadas por passageiras durante a noite. Essa decis\u00e3o tem gerado descontentamento, levando muitos &hellip;<\/p>\n","protected":false},"author":4,"featured_media":5134,"comment_status":"","ping_status":"open","sticky":false,"template":"","format":"standard","meta":{"footnotes":""},"categories":[49,77],"tags":[],"coauthors":[42],"class_list":["post-5780","post","type-post","status-publish","format-standard","has-post-thumbnail","hentry","category-aplicativos","category-motorista"],"yoast_head":"<!-- This site is optimized with the Yoast SEO Premium plugin v25.5 (Yoast SEO v27.4) - https:\/\/yoast.com\/product\/yoast-seo-premium-wordpress\/ -->\n<title>99 limita viagens de passageiras com motoristas homens \u00e0 noite e causa indigna\u00e7\u00e3o. - Motorista.com.br<\/title>\n<meta name=\"robots\" content=\"index, follow, max-snippet:-1, max-image-preview:large, max-video-preview:-1\" \/>\n<link rel=\"canonical\" href=\"https:\/\/motorista.com.br\/noticias\/2026\/01\/14\/99-limita-viagens-de-passageiras-com-motoristas-homens-a-noite-e-causa-indignacao\/\" \/>\n<meta property=\"og:locale\" content=\"pt_BR\" \/>\n<meta property=\"og:type\" content=\"article\" \/>\n<meta property=\"og:title\" content=\"99 limita viagens de passageiras com motoristas homens \u00e0 noite e causa indigna\u00e7\u00e3o.\" \/>\n<meta property=\"og:description\" content=\"99 Restringe Viagens de Passageiras para Motoristas Homens \u00e0 Noite e Revolta Categoria Uma pol\u00eamica tem se intensificado entre motoristas em S\u00e3o Paulo e outras cidades do Brasil. O aplicativo 99 decidiu implementar uma restri\u00e7\u00e3o controversa: motoristas homens n\u00e3o poder\u00e3o aceitar viagens solicitadas por passageiras durante a noite. Essa decis\u00e3o tem gerado descontentamento, levando muitos &hellip;\" \/>\n<meta property=\"og:url\" content=\"https:\/\/motorista.com.br\/noticias\/2026\/01\/14\/99-limita-viagens-de-passageiras-com-motoristas-homens-a-noite-e-causa-indignacao\/\" \/>\n<meta property=\"og:site_name\" content=\"Motorista.com.br\" \/>\n<meta property=\"article:published_time\" content=\"2026-01-14T09:28:26+00:00\" \/>\n<meta name=\"author\" content=\"Equipe Reda\u00e7\u00e3o\" \/>\n<meta name=\"twitter:card\" content=\"summary_large_image\" \/>\n<meta name=\"twitter:label1\" content=\"Escrito por\" \/>\n\t<meta name=\"twitter:data1\" content=\"Equipe Reda\u00e7\u00e3o\" \/>\n\t<meta name=\"twitter:label2\" content=\"Est. tempo de leitura\" \/>\n\t<meta name=\"twitter:data2\" content=\"2 minutos\" \/>\n\t<meta name=\"twitter:label3\" content=\"Written by\" \/>\n\t<meta name=\"twitter:data3\" content=\"Equipe Reda\u00e7\u00e3o\" \/>\n<script type=\"application\/ld+json\" class=\"yoast-schema-graph\">{\"@context\":\"https:\\\/\\\/schema.org\",\"@graph\":[{\"@type\":\"Article\",\"@id\":\"https:\\\/\\\/motorista.com.br\\\/noticias\\\/2026\\\/01\\\/14\\\/99-limita-viagens-de-passageiras-com-motoristas-homens-a-noite-e-causa-indignacao\\\/#article\",\"isPartOf\":{\"@id\":\"https:\\\/\\\/motorista.com.br\\\/noticias\\\/2026\\\/01\\\/14\\\/99-limita-viagens-de-passageiras-com-motoristas-homens-a-noite-e-causa-indignacao\\\/\"},\"author\":{\"name\":\"Equipe Reda\u00e7\u00e3o\",\"@id\":\"https:\\\/\\\/motorista.com.br\\\/noticias\\\/#\\\/schema\\\/person\\\/dc93afc2981c0e3ce6bc3c053fd847be\"},\"headline\":\"99 limita viagens de passageiras com motoristas homens \u00e0 noite e causa indigna\u00e7\u00e3o.\",\"datePublished\":\"2026-01-14T09:28:26+00:00\",\"mainEntityOfPage\":{\"@id\":\"https:\\\/\\\/motorista.com.br\\\/noticias\\\/2026\\\/01\\\/14\\\/99-limita-viagens-de-passageiras-com-motoristas-homens-a-noite-e-causa-indignacao\\\/\"},\"wordCount\":498,\"publisher\":{\"@id\":\"https:\\\/\\\/motorista.com.br\\\/noticias\\\/#organization\"},\"image\":{\"@id\":\"https:\\\/\\\/motorista.com.br\\\/noticias\\\/2026\\\/01\\\/14\\\/99-limita-viagens-de-passageiras-com-motoristas-homens-a-noite-e-causa-indignacao\\\/#primaryimage\"},\"thumbnailUrl\":\"https:\\\/\\\/motorista.com.br\\\/noticias\\\/wp-content\\\/uploads\\\/2025\\\/12\\\/Claudio-Sena-para-o-55content-scaled.jpg\",\"articleSection\":[\"Aplicativos\",\"Motorista\"],\"inLanguage\":\"pt-BR\"},{\"@type\":\"WebPage\",\"@id\":\"https:\\\/\\\/motorista.com.br\\\/noticias\\\/2026\\\/01\\\/14\\\/99-limita-viagens-de-passageiras-com-motoristas-homens-a-noite-e-causa-indignacao\\\/\",\"url\":\"https:\\\/\\\/motorista.com.br\\\/noticias\\\/2026\\\/01\\\/14\\\/99-limita-viagens-de-passageiras-com-motoristas-homens-a-noite-e-causa-indignacao\\\/\",\"name\":\"99 limita viagens de passageiras com motoristas homens \u00e0 noite e causa indigna\u00e7\u00e3o. - Motorista.com.br\",\"isPartOf\":{\"@id\":\"https:\\\/\\\/motorista.com.br\\\/noticias\\\/#website\"},\"primaryImageOfPage\":{\"@id\":\"https:\\\/\\\/motorista.com.br\\\/noticias\\\/2026\\\/01\\\/14\\\/99-limita-viagens-de-passageiras-com-motoristas-homens-a-noite-e-causa-indignacao\\\/#primaryimage\"},\"image\":{\"@id\":\"https:\\\/\\\/motorista.com.br\\\/noticias\\\/2026\\\/01\\\/14\\\/99-limita-viagens-de-passageiras-com-motoristas-homens-a-noite-e-causa-indignacao\\\/#primaryimage\"},\"thumbnailUrl\":\"https:\\\/\\\/motorista.com.br\\\/noticias\\\/wp-content\\\/uploads\\\/2025\\\/12\\\/Claudio-Sena-para-o-55content-scaled.jpg\",\"datePublished\":\"2026-01-14T09:28:26+00:00\",\"breadcrumb\":{\"@id\":\"https:\\\/\\\/motorista.com.br\\\/noticias\\\/2026\\\/01\\\/14\\\/99-limita-viagens-de-passageiras-com-motoristas-homens-a-noite-e-causa-indignacao\\\/#breadcrumb\"},\"inLanguage\":\"pt-BR\",\"potentialAction\":[{\"@type\":\"ReadAction\",\"target\":[\"https:\\\/\\\/motorista.com.br\\\/noticias\\\/2026\\\/01\\\/14\\\/99-limita-viagens-de-passageiras-com-motoristas-homens-a-noite-e-causa-indignacao\\\/\"]}]},{\"@type\":\"ImageObject\",\"inLanguage\":\"pt-BR\",\"@id\":\"https:\\\/\\\/motorista.com.br\\\/noticias\\\/2026\\\/01\\\/14\\\/99-limita-viagens-de-passageiras-com-motoristas-homens-a-noite-e-causa-indignacao\\\/#primaryimage\",\"url\":\"https:\\\/\\\/motorista.com.br\\\/noticias\\\/wp-content\\\/uploads\\\/2025\\\/12\\\/Claudio-Sena-para-o-55content-scaled.jpg\",\"contentUrl\":\"https:\\\/\\\/motorista.com.br\\\/noticias\\\/wp-content\\\/uploads\\\/2025\\\/12\\\/Claudio-Sena-para-o-55content-scaled.jpg\",\"width\":2560,\"height\":1441},{\"@type\":\"BreadcrumbList\",\"@id\":\"https:\\\/\\\/motorista.com.br\\\/noticias\\\/2026\\\/01\\\/14\\\/99-limita-viagens-de-passageiras-com-motoristas-homens-a-noite-e-causa-indignacao\\\/#breadcrumb\",\"itemListElement\":[{\"@type\":\"ListItem\",\"position\":1,\"name\":\"In\u00edcio\",\"item\":\"https:\\\/\\\/motorista.com.br\\\/noticias\\\/\"},{\"@type\":\"ListItem\",\"position\":2,\"name\":\"99 limita viagens de passageiras com motoristas homens \u00e0 noite e causa indigna\u00e7\u00e3o.\"}]},{\"@type\":\"WebSite\",\"@id\":\"https:\\\/\\\/motorista.com.br\\\/noticias\\\/#website\",\"url\":\"https:\\\/\\\/motorista.com.br\\\/noticias\\\/\",\"name\":\"Motorista.com.br\",\"description\":\"Not\u00edcia do Motorista\",\"publisher\":{\"@id\":\"https:\\\/\\\/motorista.com.br\\\/noticias\\\/#organization\"},\"potentialAction\":[{\"@type\":\"SearchAction\",\"target\":{\"@type\":\"EntryPoint\",\"urlTemplate\":\"https:\\\/\\\/motorista.com.br\\\/noticias\\\/?s={search_term_string}\"},\"query-input\":{\"@type\":\"PropertyValueSpecification\",\"valueRequired\":true,\"valueName\":\"search_term_string\"}}],\"inLanguage\":\"pt-BR\"},{\"@type\":\"Organization\",\"@id\":\"https:\\\/\\\/motorista.com.br\\\/noticias\\\/#organization\",\"name\":\"Motorista.com.br\",\"url\":\"https:\\\/\\\/motorista.com.br\\\/noticias\\\/\",\"logo\":{\"@type\":\"ImageObject\",\"inLanguage\":\"pt-BR\",\"@id\":\"https:\\\/\\\/motorista.com.br\\\/noticias\\\/#\\\/schema\\\/logo\\\/image\\\/\",\"url\":\"https:\\\/\\\/motorista.com.br\\\/noticias\\\/wp-content\\\/uploads\\\/2025\\\/06\\\/Design-sem-nome-9.png\",\"contentUrl\":\"https:\\\/\\\/motorista.com.br\\\/noticias\\\/wp-content\\\/uploads\\\/2025\\\/06\\\/Design-sem-nome-9.png\",\"width\":150,\"height\":85,\"caption\":\"Motorista.com.br\"},\"image\":{\"@id\":\"https:\\\/\\\/motorista.com.br\\\/noticias\\\/#\\\/schema\\\/logo\\\/image\\\/\"}},{\"@type\":\"Person\",\"@id\":\"https:\\\/\\\/motorista.com.br\\\/noticias\\\/#\\\/schema\\\/person\\\/dc93afc2981c0e3ce6bc3c053fd847be\",\"name\":\"Equipe Reda\u00e7\u00e3o\",\"image\":{\"@type\":\"ImageObject\",\"inLanguage\":\"pt-BR\",\"@id\":\"https:\\\/\\\/secure.gravatar.com\\\/avatar\\\/4f525efbf18dd2bb300ccad28bfb99d95a9465a5ba268407c8c37b37e1f28d2d?s=96&d=mm&r=g9e099043a0c61e9ae27e293b9fa75ffc\",\"url\":\"https:\\\/\\\/secure.gravatar.com\\\/avatar\\\/4f525efbf18dd2bb300ccad28bfb99d95a9465a5ba268407c8c37b37e1f28d2d?s=96&d=mm&r=g\",\"contentUrl\":\"https:\\\/\\\/secure.gravatar.com\\\/avatar\\\/4f525efbf18dd2bb300ccad28bfb99d95a9465a5ba268407c8c37b37e1f28d2d?s=96&d=mm&r=g\",\"caption\":\"Equipe Reda\u00e7\u00e3o\"},\"description\":\"Equipe de reda\u00e7\u00e3o \u00e9 um grupo de profissionais que trabalham juntos para criar conte\u00fado escrito para Motorista.com.br\",\"url\":\"https:\\\/\\\/motorista.com.br\\\/noticias\\\/author\\\/equiperedacao\\\/\"}]}<\/script>\n<!-- \/ Yoast SEO Premium plugin. -->","yoast_head_json":{"title":"99 limita viagens de passageiras com motoristas homens \u00e0 noite e causa indigna\u00e7\u00e3o. - Motorista.com.br","robots":{"index":"index","follow":"follow","max-snippet":"max-snippet:-1","max-image-preview":"max-image-preview:large","max-video-preview":"max-video-preview:-1"},"canonical":"https:\/\/motorista.com.br\/noticias\/2026\/01\/14\/99-limita-viagens-de-passageiras-com-motoristas-homens-a-noite-e-causa-indignacao\/","og_locale":"pt_BR","og_type":"article","og_title":"99 limita viagens de passageiras com motoristas homens \u00e0 noite e causa indigna\u00e7\u00e3o.","og_description":"99 Restringe Viagens de Passageiras para Motoristas Homens \u00e0 Noite e Revolta Categoria Uma pol\u00eamica tem se intensificado entre motoristas em S\u00e3o Paulo e outras cidades do Brasil. O aplicativo 99 decidiu implementar uma restri\u00e7\u00e3o controversa: motoristas homens n\u00e3o poder\u00e3o aceitar viagens solicitadas por passageiras durante a noite. Essa decis\u00e3o tem gerado descontentamento, levando muitos &hellip;","og_url":"https:\/\/motorista.com.br\/noticias\/2026\/01\/14\/99-limita-viagens-de-passageiras-com-motoristas-homens-a-noite-e-causa-indignacao\/","og_site_name":"Motorista.com.br","article_published_time":"2026-01-14T09:28:26+00:00","author":"Equipe Reda\u00e7\u00e3o","twitter_card":"summary_large_image","twitter_misc":{"Escrito por":"Equipe Reda\u00e7\u00e3o","Est. tempo de leitura":"2 minutos","Written by":"Equipe Reda\u00e7\u00e3o"},"schema":{"@context":"https:\/\/schema.org","@graph":[{"@type":"Article","@id":"https:\/\/motorista.com.br\/noticias\/2026\/01\/14\/99-limita-viagens-de-passageiras-com-motoristas-homens-a-noite-e-causa-indignacao\/#article","isPartOf":{"@id":"https:\/\/motorista.com.br\/noticias\/2026\/01\/14\/99-limita-viagens-de-passageiras-com-motoristas-homens-a-noite-e-causa-indignacao\/"},"author":{"name":"Equipe Reda\u00e7\u00e3o","@id":"https:\/\/motorista.com.br\/noticias\/#\/schema\/person\/dc93afc2981c0e3ce6bc3c053fd847be"},"headline":"99 limita viagens de passageiras com motoristas homens \u00e0 noite e causa indigna\u00e7\u00e3o.","datePublished":"2026-01-14T09:28:26+00:00","mainEntityOfPage":{"@id":"https:\/\/motorista.com.br\/noticias\/2026\/01\/14\/99-limita-viagens-de-passageiras-com-motoristas-homens-a-noite-e-causa-indignacao\/"},"wordCount":498,"publisher":{"@id":"https:\/\/motorista.com.br\/noticias\/#organization"},"image":{"@id":"https:\/\/motorista.com.br\/noticias\/2026\/01\/14\/99-limita-viagens-de-passageiras-com-motoristas-homens-a-noite-e-causa-indignacao\/#primaryimage"},"thumbnailUrl":"https:\/\/motorista.com.br\/noticias\/wp-content\/uploads\/2025\/12\/Claudio-Sena-para-o-55content-scaled.jpg","articleSection":["Aplicativos","Motorista"],"inLanguage":"pt-BR"},{"@type":"WebPage","@id":"https:\/\/motorista.com.br\/noticias\/2026\/01\/14\/99-limita-viagens-de-passageiras-com-motoristas-homens-a-noite-e-causa-indignacao\/","url":"https:\/\/motorista.com.br\/noticias\/2026\/01\/14\/99-limita-viagens-de-passageiras-com-motoristas-homens-a-noite-e-causa-indignacao\/","name":"99 limita viagens de passageiras com motoristas homens \u00e0 noite e causa indigna\u00e7\u00e3o. - Motorista.com.br","isPartOf":{"@id":"https:\/\/motorista.com.br\/noticias\/#website"},"primaryImageOfPage":{"@id":"https:\/\/motorista.com.br\/noticias\/2026\/01\/14\/99-limita-viagens-de-passageiras-com-motoristas-homens-a-noite-e-causa-indignacao\/#primaryimage"},"image":{"@id":"https:\/\/motorista.com.br\/noticias\/2026\/01\/14\/99-limita-viagens-de-passageiras-com-motoristas-homens-a-noite-e-causa-indignacao\/#primaryimage"},"thumbnailUrl":"https:\/\/motorista.com.br\/noticias\/wp-content\/uploads\/2025\/12\/Claudio-Sena-para-o-55content-scaled.jpg","datePublished":"2026-01-14T09:28:26+00:00","breadcrumb":{"@id":"https:\/\/motorista.com.br\/noticias\/2026\/01\/14\/99-limita-viagens-de-passageiras-com-motoristas-homens-a-noite-e-causa-indignacao\/#breadcrumb"},"inLanguage":"pt-BR","potentialAction":[{"@type":"ReadAction","target":["https:\/\/motorista.com.br\/noticias\/2026\/01\/14\/99-limita-viagens-de-passageiras-com-motoristas-homens-a-noite-e-causa-indignacao\/"]}]},{"@type":"ImageObject","inLanguage":"pt-BR","@id":"https:\/\/motorista.com.br\/noticias\/2026\/01\/14\/99-limita-viagens-de-passageiras-com-motoristas-homens-a-noite-e-causa-indignacao\/#primaryimage","url":"https:\/\/motorista.com.br\/noticias\/wp-content\/uploads\/2025\/12\/Claudio-Sena-para-o-55content-scaled.jpg","contentUrl":"https:\/\/motorista.com.br\/noticias\/wp-content\/uploads\/2025\/12\/Claudio-Sena-para-o-55content-scaled.jpg","width":2560,"height":1441},{"@type":"BreadcrumbList","@id":"https:\/\/motorista.com.br\/noticias\/2026\/01\/14\/99-limita-viagens-de-passageiras-com-motoristas-homens-a-noite-e-causa-indignacao\/#breadcrumb","itemListElement":[{"@type":"ListItem","position":1,"name":"In\u00edcio","item":"https:\/\/motorista.com.br\/noticias\/"},{"@type":"ListItem","position":2,"name":"99 limita viagens de passageiras com motoristas homens \u00e0 noite e causa indigna\u00e7\u00e3o."}]},{"@type":"WebSite","@id":"https:\/\/motorista.com.br\/noticias\/#website","url":"https:\/\/motorista.com.br\/noticias\/","name":"Motorista.com.br","description":"Not\u00edcia do Motorista","publisher":{"@id":"https:\/\/motorista.com.br\/noticias\/#organization"},"potentialAction":[{"@type":"SearchAction","target":{"@type":"EntryPoint","urlTemplate":"https:\/\/motorista.com.br\/noticias\/?s={search_term_string}"},"query-input":{"@type":"PropertyValueSpecification","valueRequired":true,"valueName":"search_term_string"}}],"inLanguage":"pt-BR"},{"@type":"Organization","@id":"https:\/\/motorista.com.br\/noticias\/#organization","name":"Motorista.com.br","url":"https:\/\/motorista.com.br\/noticias\/","logo":{"@type":"ImageObject","inLanguage":"pt-BR","@id":"https:\/\/motorista.com.br\/noticias\/#\/schema\/logo\/image\/","url":"https:\/\/motorista.com.br\/noticias\/wp-content\/uploads\/2025\/06\/Design-sem-nome-9.png","contentUrl":"https:\/\/motorista.com.br\/noticias\/wp-content\/uploads\/2025\/06\/Design-sem-nome-9.png","width":150,"height":85,"caption":"Motorista.com.br"},"image":{"@id":"https:\/\/motorista.com.br\/noticias\/#\/schema\/logo\/image\/"}},{"@type":"Person","@id":"https:\/\/motorista.com.br\/noticias\/#\/schema\/person\/dc93afc2981c0e3ce6bc3c053fd847be","name":"Equipe Reda\u00e7\u00e3o","image":{"@type":"ImageObject","inLanguage":"pt-BR","@id":"https:\/\/secure.gravatar.com\/avatar\/4f525efbf18dd2bb300ccad28bfb99d95a9465a5ba268407c8c37b37e1f28d2d?s=96&d=mm&r=g9e099043a0c61e9ae27e293b9fa75ffc","url":"https:\/\/secure.gravatar.com\/avatar\/4f525efbf18dd2bb300ccad28bfb99d95a9465a5ba268407c8c37b37e1f28d2d?s=96&d=mm&r=g","contentUrl":"https:\/\/secure.gravatar.com\/avatar\/4f525efbf18dd2bb300ccad28bfb99d95a9465a5ba268407c8c37b37e1f28d2d?s=96&d=mm&r=g","caption":"Equipe Reda\u00e7\u00e3o"},"description":"Equipe de reda\u00e7\u00e3o \u00e9 um grupo de profissionais que trabalham juntos para criar conte\u00fado escrito para Motorista.com.br","url":"https:\/\/motorista.com.br\/noticias\/author\/equiperedacao\/"}]}},"_links":{"self":[{"href":"https:\/\/motorista.com.br\/noticias\/wp-json\/wp\/v2\/posts\/5780","targetHints":{"allow":["GET"]}}],"collection":[{"href":"https:\/\/motorista.com.br\/noticias\/wp-json\/wp\/v2\/posts"}],"about":[{"href":"https:\/\/motorista.com.br\/noticias\/wp-json\/wp\/v2\/types\/post"}],"author":[{"embeddable":true,"href":"https:\/\/motorista.com.br\/noticias\/wp-json\/wp\/v2\/users\/4"}],"replies":[{"embeddable":true,"href":"https:\/\/motorista.com.br\/noticias\/wp-json\/wp\/v2\/comments?post=5780"}],"version-history":[{"count":0,"href":"https:\/\/motorista.com.br\/noticias\/wp-json\/wp\/v2\/posts\/5780\/revisions"}],"wp:featuredmedia":[{"embeddable":true,"href":"https:\/\/motorista.com.br\/noticias\/wp-json\/wp\/v2\/media\/5134"}],"wp:attachment":[{"href":"https:\/\/motorista.com.br\/noticias\/wp-json\/wp\/v2\/media?parent=5780"}],"wp:term":[{"taxonomy":"category","embeddable":true,"href":"https:\/\/motorista.com.br\/noticias\/wp-json\/wp\/v2\/categories?post=5780"},{"taxonomy":"post_tag","embeddable":true,"href":"https:\/\/motorista.com.br\/noticias\/wp-json\/wp\/v2\/tags?post=5780"},{"taxonomy":"author","embeddable":true,"href":"https:\/\/motorista.com.br\/noticias\/wp-json\/wp\/v2\/coauthors?post=5780"}],"curies":[{"name":"wp","href":"https:\/\/api.w.org\/{rel}","templated":true}]}}